{"id":167774,"date":"2026-04-30T22:17:55","date_gmt":"2026-04-30T22:17:55","guid":{"rendered":"https:\/\/diariodigitalrd.com\/?p=701854"},"modified":"2026-04-30T22:17:55","modified_gmt":"2026-04-30T22:17:55","slug":"zoraima-cuello-cuestiona-proliferacion-de-comisiones-en-el-gobierno","status":"publish","type":"post","link":"https:\/\/sarmiento24h.com\/?p=167774","title":{"rendered":"Zoraima Cuello cuestiona proliferaci\u00f3n de comisiones en el Gobierno\u00a0"},"content":{"rendered":"<div><img decoding=\"async\" src=\"https:\/\/diariodigitalrd.b-cdn.net\/2026\/04\/IMG_3353-1147x630.png\" class=\"ff-og-image-inserted\"><\/div>\n<h2 class=\"wp-block-heading\">Dirigente del PLD critica la duplicidad y falta de resultados<\/h2>\n<p class=\"has-drop-cap has-medium-font-size\">SANTO DOMINGO.\u2013 La vicepresidenta del Partido de la Liberaci\u00f3n Dominicana (PLD), Zoraima Cuello, cuestion\u00f3 este mi\u00e9rcoles la creaci\u00f3n de nuevas comisiones, gabinetes e instituciones p\u00fablicas, al considerar que no han logrado traducirse en mejoras concretas para las comunidades.<\/p>\n<p>Seg\u00fan plante\u00f3, en los \u00faltimos seis a\u00f1os se han establecido m\u00e1s de 50 estructuras adicionales, incluidos dos nuevos ministerios y la incorporaci\u00f3n de m\u00e1s de 100 mil empleados a la n\u00f3mina estatal. Sin embargo, a su juicio, los principales problemas sociales siguen intactos.<\/p>\n<blockquote class=\"wp-block-quote is-layout-flow wp-block-quote-is-layout-flow\">\n<p>\u201cLas comunidades contin\u00faan enfrentando la misma realidad: falta de agua potable, deficiencias en el servicio el\u00e9ctrico y escasas oportunidades de empleo\u201d, sostuvo la dirigente pol\u00edtica, al referirse a lo que calific\u00f3 como una expansi\u00f3n administrativa sin resultados visibles.<\/p>\n<\/blockquote>\n<p>Cuello tambi\u00e9n critic\u00f3 la duplicidad de iniciativas gubernamentales. Como ejemplo, mencion\u00f3 el caso de San Juan de la Maguana, donde \u2014record\u00f3\u2014 en 2022 se hab\u00eda anunciado un plan de desarrollo con el objetivo de impulsar esa provincia. No obstante, asegur\u00f3 que recientemente se emiti\u00f3 un nuevo decreto que crea otra comisi\u00f3n con funciones similares.<\/p>\n<p>\u201cLo que vemos es la creaci\u00f3n de una comisi\u00f3n adicional que viene a duplicar una que ya exist\u00eda\u201d, afirm\u00f3 en un audiovisual difundido a trav\u00e9s de sus redes sociales, donde expuso su posici\u00f3n.<\/p>\n<p>En ese contexto, la dirigente opositora cuestion\u00f3 el alcance real de estas medidas y plante\u00f3 interrogantes sobre otras demarcaciones del pa\u00eds. Cit\u00f3 provincias como El\u00edas Pi\u00f1a, San Crist\u00f3bal, La Romana y San Francisco de Macor\u00eds, al tiempo que se pregunt\u00f3 si cuentan con planes efectivos o resultados tangibles.<\/p>\n<p>\u201c\u00bfD\u00f3nde est\u00e1n sus planes? \u00bfCu\u00e1les son los resultados?\u201d, insisti\u00f3, al tiempo que invit\u00f3 a la ciudadan\u00eda a reflexionar sobre la situaci\u00f3n de sus propias comunidades.<\/p>\n<p>Cuello inst\u00f3 a evaluar si las condiciones de vida han mejorado, empeorado o permanecen estancadas, en medio de lo que considera un crecimiento institucional que no se corresponde con soluciones reales en el territorio nacional.<\/p>\n","protected":false},"excerpt":{"rendered":"<p>Dirigente del PLD critica la duplicidad y&#46;&#46;&#46;<\/p>\n","protected":false},"author":1,"featured_media":167775,"comment_status":"closed","ping_status":"closed","sticky":false,"template":"","format":"standard","meta":{"_jetpack_memberships_contains_paid_content":false,"footnotes":"","jetpack_publicize_message":"","jetpack_publicize_feature_enabled":true,"jetpack_social_post_already_shared":true,"jetpack_social_options":{"image_generator_settings":{"template":"highway","default_image_id":0,"font":"","enabled":false},"version":2}},"categories":[59,61],"tags":[],"class_list":["post-167774","post","type-post","status-publish","format-standard","has-post-thumbnail","hentry","category-actualidad","category-politica"],"yoast_head":"<!-- This site is optimized with the Yoast SEO plugin v27.3 - https:\/\/yoast.com\/product\/yoast-seo-wordpress\/ -->\n<title>Zoraima Cuello cuestiona proliferaci\u00f3n de comisiones en el Gobierno\u00a0 - Sarmiento24h<\/title>\n<meta name=\"robots\" content=\"index, follow, max-snippet:-1, max-image-preview:large, max-video-preview:-1\" \/>\n<link rel=\"canonical\" href=\"https:\/\/sarmiento24h.com\/?p=167774\" \/>\n<meta property=\"og:locale\" content=\"es_ES\" \/>\n<meta property=\"og:type\" content=\"article\" \/>\n<meta property=\"og:title\" content=\"Zoraima Cuello cuestiona proliferaci\u00f3n de comisiones en el Gobierno\u00a0 - Sarmiento24h\" \/>\n<meta property=\"og:description\" content=\"Dirigente del PLD critica la duplicidad y&#046;&#046;&#046;\" \/>\n<meta property=\"og:url\" content=\"https:\/\/sarmiento24h.com\/?p=167774\" \/>\n<meta property=\"og:site_name\" content=\"Sarmiento24h\" \/>\n<meta property=\"article:publisher\" content=\"https:\/\/facebook.com\/s24hnoticias\" \/>\n<meta property=\"article:published_time\" content=\"2026-04-30T22:17:55+00:00\" \/>\n<meta property=\"og:image\" content=\"https:\/\/diariodigitalrd.b-cdn.net\/2026\/04\/IMG_3353-1147x630.png\" \/>\n<meta name=\"author\" content=\"sarmiento24h@gmail.com\" \/>\n<meta name=\"twitter:card\" content=\"summary_large_image\" \/>\n<meta name=\"twitter:creator\" content=\"@sarmiento24h\" \/>\n<meta name=\"twitter:site\" content=\"@sarmiento24h\" \/>\n<meta name=\"twitter:label1\" content=\"Escrito por\" \/>\n\t<meta name=\"twitter:data1\" content=\"sarmiento24h@gmail.com\" \/>\n\t<meta name=\"twitter:label2\" content=\"Tiempo de lectura\" \/>\n\t<meta name=\"twitter:data2\" content=\"2 minutos\" \/>\n<script type=\"application\/ld+json\" class=\"yoast-schema-graph\">{\"@context\":\"https:\\\/\\\/schema.org\",\"@graph\":[{\"@type\":\"Article\",\"@id\":\"https:\\\/\\\/sarmiento24h.com\\\/?p=167774#article\",\"isPartOf\":{\"@id\":\"https:\\\/\\\/sarmiento24h.com\\\/?p=167774\"},\"author\":{\"name\":\"sarmiento24h@gmail.com\",\"@id\":\"https:\\\/\\\/sarmiento24h.com\\\/#\\\/schema\\\/person\\\/d653a59725ad629a7e0429af7b939d4d\"},\"headline\":\"Zoraima Cuello cuestiona proliferaci\u00f3n de comisiones en el Gobierno\u00a0\",\"datePublished\":\"2026-04-30T22:17:55+00:00\",\"mainEntityOfPage\":{\"@id\":\"https:\\\/\\\/sarmiento24h.com\\\/?p=167774\"},\"wordCount\":363,\"publisher\":{\"@id\":\"https:\\\/\\\/sarmiento24h.com\\\/#organization\"},\"image\":{\"@id\":\"https:\\\/\\\/sarmiento24h.com\\\/?p=167774#primaryimage\"},\"thumbnailUrl\":\"https:\\\/\\\/sarmiento24h.com\\\/wp-content\\\/uploads\\\/2026\\\/04\\\/zoraima-cuello-cuestiona-proliferacion-de-comisiones-en-el-gobierno.png\",\"articleSection\":[\"Actualidad\",\"Politica\"],\"inLanguage\":\"es\"},{\"@type\":\"WebPage\",\"@id\":\"https:\\\/\\\/sarmiento24h.com\\\/?p=167774\",\"url\":\"https:\\\/\\\/sarmiento24h.com\\\/?p=167774\",\"name\":\"Zoraima Cuello cuestiona proliferaci\u00f3n de comisiones en el Gobierno\u00a0 - Sarmiento24h\",\"isPartOf\":{\"@id\":\"https:\\\/\\\/sarmiento24h.com\\\/#website\"},\"primaryImageOfPage\":{\"@id\":\"https:\\\/\\\/sarmiento24h.com\\\/?p=167774#primaryimage\"},\"image\":{\"@id\":\"https:\\\/\\\/sarmiento24h.com\\\/?p=167774#primaryimage\"},\"thumbnailUrl\":\"https:\\\/\\\/sarmiento24h.com\\\/wp-content\\\/uploads\\\/2026\\\/04\\\/zoraima-cuello-cuestiona-proliferacion-de-comisiones-en-el-gobierno.png\",\"datePublished\":\"2026-04-30T22:17:55+00:00\",\"breadcrumb\":{\"@id\":\"https:\\\/\\\/sarmiento24h.com\\\/?p=167774#breadcrumb\"},\"inLanguage\":\"es\",\"potentialAction\":[{\"@type\":\"ReadAction\",\"target\":[\"https:\\\/\\\/sarmiento24h.com\\\/?p=167774\"]}]},{\"@type\":\"ImageObject\",\"inLanguage\":\"es\",\"@id\":\"https:\\\/\\\/sarmiento24h.com\\\/?p=167774#primaryimage\",\"url\":\"https:\\\/\\\/sarmiento24h.com\\\/wp-content\\\/uploads\\\/2026\\\/04\\\/zoraima-cuello-cuestiona-proliferacion-de-comisiones-en-el-gobierno.png\",\"contentUrl\":\"https:\\\/\\\/sarmiento24h.com\\\/wp-content\\\/uploads\\\/2026\\\/04\\\/zoraima-cuello-cuestiona-proliferacion-de-comisiones-en-el-gobierno.png\",\"width\":1147,\"height\":630},{\"@type\":\"BreadcrumbList\",\"@id\":\"https:\\\/\\\/sarmiento24h.com\\\/?p=167774#breadcrumb\",\"itemListElement\":[{\"@type\":\"ListItem\",\"position\":1,\"name\":\"Home\",\"item\":\"https:\\\/\\\/sarmiento24h.com\\\/\"},{\"@type\":\"ListItem\",\"position\":2,\"name\":\"Zoraima Cuello cuestiona proliferaci\u00f3n de comisiones en el Gobierno\u00a0\"}]},{\"@type\":\"WebSite\",\"@id\":\"https:\\\/\\\/sarmiento24h.com\\\/#website\",\"url\":\"https:\\\/\\\/sarmiento24h.com\\\/\",\"name\":\"Sarmiento24h\",\"description\":\"\",\"publisher\":{\"@id\":\"https:\\\/\\\/sarmiento24h.com\\\/#organization\"},\"potentialAction\":[{\"@type\":\"SearchAction\",\"target\":{\"@type\":\"EntryPoint\",\"urlTemplate\":\"https:\\\/\\\/sarmiento24h.com\\\/?s={search_term_string}\"},\"query-input\":{\"@type\":\"PropertyValueSpecification\",\"valueRequired\":true,\"valueName\":\"search_term_string\"}}],\"inLanguage\":\"es\"},{\"@type\":\"Organization\",\"@id\":\"https:\\\/\\\/sarmiento24h.com\\\/#organization\",\"name\":\"Sarmiento24h\",\"url\":\"https:\\\/\\\/sarmiento24h.com\\\/\",\"logo\":{\"@type\":\"ImageObject\",\"inLanguage\":\"es\",\"@id\":\"https:\\\/\\\/sarmiento24h.com\\\/#\\\/schema\\\/logo\\\/image\\\/\",\"url\":\"https:\\\/\\\/sarmiento24h.com\\\/wp-content\\\/uploads\\\/2025\\\/12\\\/AddText_12-16-10.30.52.jpg\",\"contentUrl\":\"https:\\\/\\\/sarmiento24h.com\\\/wp-content\\\/uploads\\\/2025\\\/12\\\/AddText_12-16-10.30.52.jpg\",\"width\":1220,\"height\":324,\"caption\":\"Sarmiento24h\"},\"image\":{\"@id\":\"https:\\\/\\\/sarmiento24h.com\\\/#\\\/schema\\\/logo\\\/image\\\/\"},\"sameAs\":[\"https:\\\/\\\/facebook.com\\\/s24hnoticias\",\"https:\\\/\\\/x.com\\\/sarmiento24h\"]},{\"@type\":\"Person\",\"@id\":\"https:\\\/\\\/sarmiento24h.com\\\/#\\\/schema\\\/person\\\/d653a59725ad629a7e0429af7b939d4d\",\"name\":\"sarmiento24h@gmail.com\",\"image\":{\"@type\":\"ImageObject\",\"inLanguage\":\"es\",\"@id\":\"https:\\\/\\\/sarmiento24h.com\\\/wp-content\\\/litespeed\\\/avatar\\\/d02cbc4e23c747e6659cd45907173c8f.jpg?ver=1777157796\",\"url\":\"https:\\\/\\\/sarmiento24h.com\\\/wp-content\\\/litespeed\\\/avatar\\\/d02cbc4e23c747e6659cd45907173c8f.jpg?ver=1777157796\",\"contentUrl\":\"https:\\\/\\\/sarmiento24h.com\\\/wp-content\\\/litespeed\\\/avatar\\\/d02cbc4e23c747e6659cd45907173c8f.jpg?ver=1777157796\",\"caption\":\"sarmiento24h@gmail.com\"},\"sameAs\":[\"https:\\\/\\\/sarmiento24h.com\"],\"url\":\"https:\\\/\\\/sarmiento24h.com\\\/?author=1\"}]}<\/script>\n<!-- \/ Yoast SEO plugin. -->","yoast_head_json":{"title":"Zoraima Cuello cuestiona proliferaci\u00f3n de comisiones en el Gobierno\u00a0 - Sarmiento24h","robots":{"index":"index","follow":"follow","max-snippet":"max-snippet:-1","max-image-preview":"max-image-preview:large","max-video-preview":"max-video-preview:-1"},"canonical":"https:\/\/sarmiento24h.com\/?p=167774","og_locale":"es_ES","og_type":"article","og_title":"Zoraima Cuello cuestiona proliferaci\u00f3n de comisiones en el Gobierno\u00a0 - Sarmiento24h","og_description":"Dirigente del PLD critica la duplicidad y&#46;&#46;&#46;","og_url":"https:\/\/sarmiento24h.com\/?p=167774","og_site_name":"Sarmiento24h","article_publisher":"https:\/\/facebook.com\/s24hnoticias","article_published_time":"2026-04-30T22:17:55+00:00","og_image":[{"url":"https:\/\/diariodigitalrd.b-cdn.net\/2026\/04\/IMG_3353-1147x630.png","type":"","width":"","height":""}],"author":"sarmiento24h@gmail.com","twitter_card":"summary_large_image","twitter_creator":"@sarmiento24h","twitter_site":"@sarmiento24h","twitter_misc":{"Escrito por":"sarmiento24h@gmail.com","Tiempo de lectura":"2 minutos"},"schema":{"@context":"https:\/\/schema.org","@graph":[{"@type":"Article","@id":"https:\/\/sarmiento24h.com\/?p=167774#article","isPartOf":{"@id":"https:\/\/sarmiento24h.com\/?p=167774"},"author":{"name":"sarmiento24h@gmail.com","@id":"https:\/\/sarmiento24h.com\/#\/schema\/person\/d653a59725ad629a7e0429af7b939d4d"},"headline":"Zoraima Cuello cuestiona proliferaci\u00f3n de comisiones en el Gobierno\u00a0","datePublished":"2026-04-30T22:17:55+00:00","mainEntityOfPage":{"@id":"https:\/\/sarmiento24h.com\/?p=167774"},"wordCount":363,"publisher":{"@id":"https:\/\/sarmiento24h.com\/#organization"},"image":{"@id":"https:\/\/sarmiento24h.com\/?p=167774#primaryimage"},"thumbnailUrl":"https:\/\/sarmiento24h.com\/wp-content\/uploads\/2026\/04\/zoraima-cuello-cuestiona-proliferacion-de-comisiones-en-el-gobierno.png","articleSection":["Actualidad","Politica"],"inLanguage":"es"},{"@type":"WebPage","@id":"https:\/\/sarmiento24h.com\/?p=167774","url":"https:\/\/sarmiento24h.com\/?p=167774","name":"Zoraima Cuello cuestiona proliferaci\u00f3n de comisiones en el Gobierno\u00a0 - Sarmiento24h","isPartOf":{"@id":"https:\/\/sarmiento24h.com\/#website"},"primaryImageOfPage":{"@id":"https:\/\/sarmiento24h.com\/?p=167774#primaryimage"},"image":{"@id":"https:\/\/sarmiento24h.com\/?p=167774#primaryimage"},"thumbnailUrl":"https:\/\/sarmiento24h.com\/wp-content\/uploads\/2026\/04\/zoraima-cuello-cuestiona-proliferacion-de-comisiones-en-el-gobierno.png","datePublished":"2026-04-30T22:17:55+00:00","breadcrumb":{"@id":"https:\/\/sarmiento24h.com\/?p=167774#breadcrumb"},"inLanguage":"es","potentialAction":[{"@type":"ReadAction","target":["https:\/\/sarmiento24h.com\/?p=167774"]}]},{"@type":"ImageObject","inLanguage":"es","@id":"https:\/\/sarmiento24h.com\/?p=167774#primaryimage","url":"https:\/\/sarmiento24h.com\/wp-content\/uploads\/2026\/04\/zoraima-cuello-cuestiona-proliferacion-de-comisiones-en-el-gobierno.png","contentUrl":"https:\/\/sarmiento24h.com\/wp-content\/uploads\/2026\/04\/zoraima-cuello-cuestiona-proliferacion-de-comisiones-en-el-gobierno.png","width":1147,"height":630},{"@type":"BreadcrumbList","@id":"https:\/\/sarmiento24h.com\/?p=167774#breadcrumb","itemListElement":[{"@type":"ListItem","position":1,"name":"Home","item":"https:\/\/sarmiento24h.com\/"},{"@type":"ListItem","position":2,"name":"Zoraima Cuello cuestiona proliferaci\u00f3n de comisiones en el Gobierno\u00a0"}]},{"@type":"WebSite","@id":"https:\/\/sarmiento24h.com\/#website","url":"https:\/\/sarmiento24h.com\/","name":"Sarmiento24h","description":"","publisher":{"@id":"https:\/\/sarmiento24h.com\/#organization"},"potentialAction":[{"@type":"SearchAction","target":{"@type":"EntryPoint","urlTemplate":"https:\/\/sarmiento24h.com\/?s={search_term_string}"},"query-input":{"@type":"PropertyValueSpecification","valueRequired":true,"valueName":"search_term_string"}}],"inLanguage":"es"},{"@type":"Organization","@id":"https:\/\/sarmiento24h.com\/#organization","name":"Sarmiento24h","url":"https:\/\/sarmiento24h.com\/","logo":{"@type":"ImageObject","inLanguage":"es","@id":"https:\/\/sarmiento24h.com\/#\/schema\/logo\/image\/","url":"https:\/\/sarmiento24h.com\/wp-content\/uploads\/2025\/12\/AddText_12-16-10.30.52.jpg","contentUrl":"https:\/\/sarmiento24h.com\/wp-content\/uploads\/2025\/12\/AddText_12-16-10.30.52.jpg","width":1220,"height":324,"caption":"Sarmiento24h"},"image":{"@id":"https:\/\/sarmiento24h.com\/#\/schema\/logo\/image\/"},"sameAs":["https:\/\/facebook.com\/s24hnoticias","https:\/\/x.com\/sarmiento24h"]},{"@type":"Person","@id":"https:\/\/sarmiento24h.com\/#\/schema\/person\/d653a59725ad629a7e0429af7b939d4d","name":"sarmiento24h@gmail.com","image":{"@type":"ImageObject","inLanguage":"es","@id":"https:\/\/sarmiento24h.com\/wp-content\/litespeed\/avatar\/d02cbc4e23c747e6659cd45907173c8f.jpg?ver=1777157796","url":"https:\/\/sarmiento24h.com\/wp-content\/litespeed\/avatar\/d02cbc4e23c747e6659cd45907173c8f.jpg?ver=1777157796","contentUrl":"https:\/\/sarmiento24h.com\/wp-content\/litespeed\/avatar\/d02cbc4e23c747e6659cd45907173c8f.jpg?ver=1777157796","caption":"sarmiento24h@gmail.com"},"sameAs":["https:\/\/sarmiento24h.com"],"url":"https:\/\/sarmiento24h.com\/?author=1"}]}},"jetpack_publicize_connections":[],"jetpack_featured_media_url":"https:\/\/sarmiento24h.com\/wp-content\/uploads\/2026\/04\/zoraima-cuello-cuestiona-proliferacion-de-comisiones-en-el-gobierno.png","jetpack_sharing_enabled":true,"_links":{"self":[{"href":"https:\/\/sarmiento24h.com\/index.php?rest_route=\/wp\/v2\/posts\/167774","targetHints":{"allow":["GET"]}}],"collection":[{"href":"https:\/\/sarmiento24h.com\/index.php?rest_route=\/wp\/v2\/posts"}],"about":[{"href":"https:\/\/sarmiento24h.com\/index.php?rest_route=\/wp\/v2\/types\/post"}],"author":[{"embeddable":true,"href":"https:\/\/sarmiento24h.com\/index.php?rest_route=\/wp\/v2\/users\/1"}],"replies":[{"embeddable":true,"href":"https:\/\/sarmiento24h.com\/index.php?rest_route=%2Fwp%2Fv2%2Fcomments&post=167774"}],"version-history":[{"count":0,"href":"https:\/\/sarmiento24h.com\/index.php?rest_route=\/wp\/v2\/posts\/167774\/revisions"}],"wp:featuredmedia":[{"embeddable":true,"href":"https:\/\/sarmiento24h.com\/index.php?rest_route=\/wp\/v2\/media\/167775"}],"wp:attachment":[{"href":"https:\/\/sarmiento24h.com\/index.php?rest_route=%2Fwp%2Fv2%2Fmedia&parent=167774"}],"wp:term":[{"taxonomy":"category","embeddable":true,"href":"https:\/\/sarmiento24h.com\/index.php?rest_route=%2Fwp%2Fv2%2Fcategories&post=167774"},{"taxonomy":"post_tag","embeddable":true,"href":"https:\/\/sarmiento24h.com\/index.php?rest_route=%2Fwp%2Fv2%2Ftags&post=167774"}],"curies":[{"name":"wp","href":"https:\/\/api.w.org\/{rel}","templated":true}]}}