{"id":167854,"date":"2026-04-30T23:27:09","date_gmt":"2026-04-30T23:27:09","guid":{"rendered":"http:\/\/21401cb0-44bd-11f1-a466-e59b3a14b2ce"},"modified":"2026-04-30T23:27:09","modified_gmt":"2026-04-30T23:27:09","slug":"el-primer-vuelo-comercial-entre-ee-uu-y-venezuela-desde-2019-aterriza-en-caracas","status":"publish","type":"post","link":"https:\/\/sarmiento24h.com\/?p=167854","title":{"rendered":"El primer vuelo comercial entre EE. UU. y Venezuela desde 2019 aterriza en Caracas"},"content":{"rendered":"<p>Los trayectos a\u00e9reos sin escalas entre <a href=\"https:\/\/www.france24.com\/es\/tag\/estados-unidos\/\" target=\"_self\" class=\"gtm-add-suggested-tag\">Estados Unidos<\/a> y <a href=\"https:\/\/www.france24.com\/es\/tag\/venezuela\/\" target=\"_self\" class=\"gtm-add-suggested-tag\">Venezuela<\/a> vuelven a ser posibles este jueves, tras siete a\u00f1os inoperativos y casi cuatro&nbsp;meses despu\u00e9s de <a href=\"https:\/\/www.france24.com\/es\/tag\/captura-de-maduro\/\" target=\"_self\">la captura del l\u00edder chavista&nbsp;Nicol\u00e1s Maduro<\/a>&nbsp;por parte de Estados Unidos, en una sorpresiva operaci\u00f3n en <a href=\"https:\/\/www.france24.com\/es\/tag\/caracas\/\" target=\"_self\" class=\"gtm-add-suggested-tag\">Caracas<\/a> en la madrugada del 3 de enero.<\/p>\n<p>El flujo a\u00e9reo se reestablece, adem\u00e1s, un mes despu\u00e9s de que&nbsp;<a href=\"https:\/\/www.france24.com\/es\/am\u00e9rica-latina\/20260330-ee-uu-reabre-formalmente-su-embajada-en-venezuela-tras-nueva-fase-de-relaciones-con-gobierno-de-delcy-rodr\u00edguez\" target=\"_self\">Estados Unidos reabriera formalmente su embajada en Caracas<\/a>&nbsp;tras el restablecimiento de las relaciones diplom\u00e1ticas plenas con Venezuela.<\/p>\n<p>\u00abEstoy muy emocionado de ir a ver a mi familia y tengo muchas ganas de conocer el pa\u00eds\u00bb, expres\u00f3 el pasajero Lennart Ochoa, de <a href=\"https:\/\/www.france24.com\/es\/tag\/miami\/\" target=\"_self\" class=\"gtm-add-suggested-tag\">Miami<\/a>, poco antes de abordar. El hombre se declar\u00f3 \u00ablisto para partir\u00bb antes de comentar que compr\u00f3 su boleto tan pronto como estuvieron disponibles. \u00abPoder ir a ver a mi familia en un vuelo directo de Miami a Caracas no tiene precio\u00bb.<\/p>\n<div id=\"em-WBMZ387893-F24-ES-20260430\" class=\"m-em-flash\" data-xtwitter-script><figcaption class=\"a-figcaption\"> <\/figcaption><div class=\"o-em-consent \" readability=\"7\">\n<div class=\"o-em-consent__content\" readability=\"34\">\n<p class=\"o-em-consent__content__text\">Para mostrar este contenido de X (Twitter), debe autorizar las cookies de medici\u00f3n de audiencia y publicidad.<\/p>\n<p> <button class=\"a-master-button a-master-button--dark\" data-action=\"accept\"> Aceptar <svg class=\"a-svg a-svg--icon-check\"> <use xlink:href=\"\/build\/images\/svg\/sprite.c98bf387c90bc4a87186b0b783f15ba0.svg#icon-check\" href=\"\/build\/images\/svg\/sprite.c98bf387c90bc4a87186b0b783f15ba0.svg#icon-check\" \/> <\/svg> <\/button> <button class=\"a-link\" data-action=\"manage\">Gestionar mis opciones<i class=\"a-svg a-svg--icon-edit\"><\/i><\/button> <\/div>\n<\/div>\n<\/div>\n<p>El director del Consejo Nacional de Dominio Energ\u00e9tico de Estados Unidos, Jarrod Agen, tambi\u00e9n figuraba entre los pasajeros del vuelo inaugural. Agen tiene previsto reunirse con funcionarios y ejecutivos venezolanos de los sectores energ\u00e9tico y minero, seg\u00fan inform\u00f3 el Gobierno venezolano, en el marco de los esfuerzos de la Administraci\u00f3n de Donald Trump para <a href=\"https:\/\/www.france24.com\/es\/am\u00e9rica-latina\/20260305-despu\u00e9s-del-petr\u00f3leo-la-miner\u00eda-ee-uu-busca-invertir-en-un-sector-que-venezuela-planea-reformar\" target=\"_self\">facilitar la entrada de empresas estadounidenses al pa\u00eds sudamericano.<\/a><\/p>\n<p>En el Aeropuerto Internacional de Miami, el personal de <a href=\"https:\/\/www.france24.com\/es\/tag\/american-airlines\/\" target=\"_self\" class=\"gtm-add-suggested-tag\">American Airlines<\/a> entreg\u00f3 a los pasajeros peque\u00f1as banderas venezolanas. Globos con la bandera tricolor adornaban la puerta de embarque.<\/p>\n<p>El vuelo AA3599, operado por Envoy Air, filial de American Airlines, despeg\u00f3 de Miami a las 10:11 (hora local), cinco minutos antes de lo previsto, seg\u00fan la informaci\u00f3n de salidas de vuelos del Aeropuerto Internacional de Miami. La aeronave aterriz\u00f3 aproximadamente tres horas despu\u00e9s en la capital venezolana y regres\u00f3 a <a href=\"https:\/\/www.france24.com\/es\/tag\/florida\/\" target=\"_self\" class=\"gtm-add-suggested-tag\">Florida<\/a> esa misma tarde.<\/p>\n<p>Anteriormente, la aerol\u00ednea anunci\u00f3 que un segundo vuelo diario entre Miami y Caracas comenzar\u00e1 a operar a partir del 21 de mayo.<\/p>\n<p class=\"a-read-more\"><span class=\"a-read-more__label\">Leer tambi\u00e9n<\/span><a href=\"https:\/\/www.france24.com\/es\/am\u00e9rica-latina\/20260409-venezuela-aprueba-una-ley-de-minas-que-abre-otra-puerta-a-los-intereses-de-trump\" target=\"_self\" class=\"a-read-more__link\">Venezuela aprueba una ley de minas que abre otra puerta a los intereses de Trump<\/a><\/p>\n<h2><strong>Una promesa de Donald Trump a Delcy Rodr\u00edguez<\/strong><\/h2>\n<p>A finales del pasado enero, el mandatario estadounidense, <a href=\"https:\/\/www.france24.com\/es\/tag\/donald-trump\/\" target=\"_self\" class=\"gtm-add-suggested-tag\">Donald Trump<\/a>,&nbsp;coment\u00f3 que hab\u00eda informado a la presidenta interina de Venezuela,&nbsp;<a href=\"https:\/\/www.france24.com\/es\/tag\/delcy-rodr\u00edguez\/\" target=\"_self\" class=\"gtm-add-suggested-tag\">Delcy Rodr\u00edguez<\/a>,&nbsp;que abrir\u00eda todo el espacio a\u00e9reo comercial sobre el pa\u00eds.<\/p>\n<p>\u00abLos ciudadanos estadounidenses podr\u00e1n viajar a Venezuela muy pronto y all\u00ed estar\u00e1n seguros\u00bb, manifest\u00f3 el l\u00edder republicano en ese momento.<\/p>\n<p>Las palabras de Trump se materializaron este jueves con el aterrizaje del avi\u00f3n de American Airlines, el primero desde que se rompieron las relaciones diplom\u00e1ticas en 2019. <strong>Durante los \u00faltimos siete a\u00f1os, los pasajeros han dependido de aerol\u00edneas internacionales y rutas indirectas a trav\u00e9s de pa\u00edses latinoamericanos vecinos.<\/strong><\/p>\n<div class=\"m-em-image\">\n<figure class=\"m-item-image m-item-image--original m-item-image--has-caption\"> <picture class=\"a-picture a-picture--original\"><source type=\"image\/webp\" srcset=\"https:\/\/s.france24.com\/media\/display\/b6536a36-44be-11f1-b9b6-005056a97e36\/w:246\/AP26120558226724.webp 246w, https:\/\/s.france24.com\/media\/display\/b6536a36-44be-11f1-b9b6-005056a97e36\/w:388\/AP26120558226724.webp 388w, https:\/\/s.france24.com\/media\/display\/b6536a36-44be-11f1-b9b6-005056a97e36\/w:720\/AP26120558226724.webp 720w, https:\/\/s.france24.com\/media\/display\/b6536a36-44be-11f1-b9b6-005056a97e36\/w:980\/AP26120558226724.webp 980w\" sizes=\"(max-width: 1023px) calc(100vw - 32px), (min-width: 1024px) 850px\"><img fetchpriority=\"low\" decoding=\"async\" src=\"https:\/\/s.france24.com\/media\/display\/b6536a36-44be-11f1-b9b6-005056a97e36\/w:980\/AP26120558226724.jpg\" srcset=\"https:\/\/s.france24.com\/media\/display\/b6536a36-44be-11f1-b9b6-005056a97e36\/w:246\/AP26120558226724.jpg 246w, https:\/\/s.france24.com\/media\/display\/b6536a36-44be-11f1-b9b6-005056a97e36\/w:388\/AP26120558226724.jpg 388w, https:\/\/s.france24.com\/media\/display\/b6536a36-44be-11f1-b9b6-005056a97e36\/w:720\/AP26120558226724.jpg 720w, https:\/\/s.france24.com\/media\/display\/b6536a36-44be-11f1-b9b6-005056a97e36\/w:980\/AP26120558226724.jpg 980w\" sizes=\"(max-width: 1023px) calc(100vw - 32px), (min-width: 1024px) 850px\" alt=\"Un oficial de la Guardia Nacional Bolivariana revisa las identificaciones de los pasajeros antes del embarque para un vuelo comercial con destino a Estados Unidos, en el Aeropuerto Internacional Sim\u00f3n Bol\u00edvar en Maiquet\u00eda, Venezuela, el jueves 30 de abril de 2026.\" loading=\"lazy\" class=\"a-img \">\n<\/picture><figcaption class=\"a-figcaption\"> <span>Un oficial de la Guardia Nacional Bolivariana revisa las identificaciones de los pasajeros antes del embarque para un vuelo comercial con destino a Estados Unidos, en el Aeropuerto Internacional Sim\u00f3n Bol\u00edvar en Maiquet\u00eda, Venezuela, el jueves 30 de abril de 2026.<\/span> <span>AP &#8211; Ariana Cubillos<\/span> <\/figcaption><\/figure>\n<\/p><\/div>\n<p>En enero, cuando la aerol\u00ednea anunci\u00f3 la reanudaci\u00f3n de los vuelos, destac\u00f3 que brindar\u00eda a los clientes la oportunidad de reunirse con sus familias y buscar nuevas oportunidades de negocio.<\/p>\n<p>American Airlines fue la \u00faltima empresa estadounidense en volar a Venezuela. Suspendi\u00f3 los vuelos entre Miami y Caracas en 2019, as\u00ed como los trayectos a&nbsp;la ciudad petrolera de Maracaibo. Delta y United Airlines se retiraron en 2017 en medio de una profunda crisis pol\u00edtica, econ\u00f3mica y social que oblig\u00f3 a millones de personas a huir del pa\u00eds.<\/p>\n<p>\u00abLos padres podr\u00e1n conectar con sus hijos, los abuelos con sus nietos y familias enteras con el hogar que los form\u00f3 y cri\u00f3 (&#8230;) Miami-Dade alberga a la comunidad venezolana m\u00e1s grande de Estados Unidos\u00bb,&nbsp;celebr\u00f3 la alcaldesa del condado de Miami-Dade, Daniella Levine Cava, en una conferencia de prensa antes de que comenzara el embarque.<\/p>\n<p class=\"a-read-more\"><span class=\"a-read-more__label\">Leer tambi\u00e9n<\/span><a href=\"https:\/\/www.france24.com\/es\/am\u00e9rica-latina\/20260428-venezuela-intenta-rescatar-su-industria-petrolera-con-el-70-de-sus-pozos-inactivos\" target=\"_self\" class=\"a-read-more__link\">Venezuela intenta rescatar su industria petrolera con el 70% de sus pozos inactivos<\/a><\/p>\n","protected":false},"excerpt":{"rendered":"<p>Los trayectos a\u00e9reos sin escalas entre Estados&#46;&#46;&#46;<\/p>\n","protected":false},"author":1,"featured_media":167855,"comment_status":"closed","ping_status":"closed","sticky":false,"template":"","format":"standard","meta":{"_jetpack_memberships_contains_paid_content":false,"footnotes":"","jetpack_publicize_message":"","jetpack_publicize_feature_enabled":true,"jetpack_social_post_already_shared":true,"jetpack_social_options":{"image_generator_settings":{"template":"highway","default_image_id":0,"font":"","enabled":false},"version":2}},"categories":[43],"tags":[],"class_list":["post-167854","post","type-post","status-publish","format-standard","has-post-thumbnail","hentry","category-internacionales"],"yoast_head":"<!-- This site is optimized with the Yoast SEO plugin v27.3 - https:\/\/yoast.com\/product\/yoast-seo-wordpress\/ -->\n<title>El primer vuelo comercial entre EE. UU. y Venezuela desde 2019 aterriza en Caracas - Sarmiento24h<\/title>\n<meta name=\"robots\" content=\"index, follow, max-snippet:-1, max-image-preview:large, max-video-preview:-1\" \/>\n<link rel=\"canonical\" href=\"https:\/\/sarmiento24h.com\/?p=167854\" \/>\n<meta property=\"og:locale\" content=\"es_ES\" \/>\n<meta property=\"og:type\" content=\"article\" \/>\n<meta property=\"og:title\" content=\"El primer vuelo comercial entre EE. UU. y Venezuela desde 2019 aterriza en Caracas - Sarmiento24h\" \/>\n<meta property=\"og:description\" content=\"Los trayectos a\u00e9reos sin escalas entre Estados&#046;&#046;&#046;\" \/>\n<meta property=\"og:url\" content=\"https:\/\/sarmiento24h.com\/?p=167854\" \/>\n<meta property=\"og:site_name\" content=\"Sarmiento24h\" \/>\n<meta property=\"article:publisher\" content=\"https:\/\/facebook.com\/s24hnoticias\" \/>\n<meta property=\"article:published_time\" content=\"2026-04-30T23:27:09+00:00\" \/>\n<meta property=\"og:image\" content=\"https:\/\/s.france24.com\/media\/display\/b6536a36-44be-11f1-b9b6-005056a97e36\/w:980\/AP26120558226724.jpg\" \/>\n<meta name=\"author\" content=\"sarmiento24h@gmail.com\" \/>\n<meta name=\"twitter:card\" content=\"summary_large_image\" \/>\n<meta name=\"twitter:creator\" content=\"@sarmiento24h\" \/>\n<meta name=\"twitter:site\" content=\"@sarmiento24h\" \/>\n<meta name=\"twitter:label1\" content=\"Escrito por\" \/>\n\t<meta name=\"twitter:data1\" content=\"sarmiento24h@gmail.com\" \/>\n\t<meta name=\"twitter:label2\" content=\"Tiempo de lectura\" \/>\n\t<meta name=\"twitter:data2\" content=\"4 minutos\" \/>\n<script type=\"application\/ld+json\" class=\"yoast-schema-graph\">{\"@context\":\"https:\\\/\\\/schema.org\",\"@graph\":[{\"@type\":\"Article\",\"@id\":\"https:\\\/\\\/sarmiento24h.com\\\/?p=167854#article\",\"isPartOf\":{\"@id\":\"https:\\\/\\\/sarmiento24h.com\\\/?p=167854\"},\"author\":{\"name\":\"sarmiento24h@gmail.com\",\"@id\":\"https:\\\/\\\/sarmiento24h.com\\\/#\\\/schema\\\/person\\\/d653a59725ad629a7e0429af7b939d4d\"},\"headline\":\"El primer vuelo comercial entre EE. UU. y Venezuela desde 2019 aterriza en Caracas\",\"datePublished\":\"2026-04-30T23:27:09+00:00\",\"mainEntityOfPage\":{\"@id\":\"https:\\\/\\\/sarmiento24h.com\\\/?p=167854\"},\"wordCount\":728,\"publisher\":{\"@id\":\"https:\\\/\\\/sarmiento24h.com\\\/#organization\"},\"image\":{\"@id\":\"https:\\\/\\\/sarmiento24h.com\\\/?p=167854#primaryimage\"},\"thumbnailUrl\":\"https:\\\/\\\/sarmiento24h.com\\\/wp-content\\\/uploads\\\/2026\\\/04\\\/el-primer-vuelo-comercial-entre-ee-uu-y-venezuela-desde-2019-aterriza-en-caracas.jpg\",\"articleSection\":[\"Internacionales\"],\"inLanguage\":\"es\"},{\"@type\":\"WebPage\",\"@id\":\"https:\\\/\\\/sarmiento24h.com\\\/?p=167854\",\"url\":\"https:\\\/\\\/sarmiento24h.com\\\/?p=167854\",\"name\":\"El primer vuelo comercial entre EE. UU. y Venezuela desde 2019 aterriza en Caracas - Sarmiento24h\",\"isPartOf\":{\"@id\":\"https:\\\/\\\/sarmiento24h.com\\\/#website\"},\"primaryImageOfPage\":{\"@id\":\"https:\\\/\\\/sarmiento24h.com\\\/?p=167854#primaryimage\"},\"image\":{\"@id\":\"https:\\\/\\\/sarmiento24h.com\\\/?p=167854#primaryimage\"},\"thumbnailUrl\":\"https:\\\/\\\/sarmiento24h.com\\\/wp-content\\\/uploads\\\/2026\\\/04\\\/el-primer-vuelo-comercial-entre-ee-uu-y-venezuela-desde-2019-aterriza-en-caracas.jpg\",\"datePublished\":\"2026-04-30T23:27:09+00:00\",\"breadcrumb\":{\"@id\":\"https:\\\/\\\/sarmiento24h.com\\\/?p=167854#breadcrumb\"},\"inLanguage\":\"es\",\"potentialAction\":[{\"@type\":\"ReadAction\",\"target\":[\"https:\\\/\\\/sarmiento24h.com\\\/?p=167854\"]}]},{\"@type\":\"ImageObject\",\"inLanguage\":\"es\",\"@id\":\"https:\\\/\\\/sarmiento24h.com\\\/?p=167854#primaryimage\",\"url\":\"https:\\\/\\\/sarmiento24h.com\\\/wp-content\\\/uploads\\\/2026\\\/04\\\/el-primer-vuelo-comercial-entre-ee-uu-y-venezuela-desde-2019-aterriza-en-caracas.jpg\",\"contentUrl\":\"https:\\\/\\\/sarmiento24h.com\\\/wp-content\\\/uploads\\\/2026\\\/04\\\/el-primer-vuelo-comercial-entre-ee-uu-y-venezuela-desde-2019-aterriza-en-caracas.jpg\",\"width\":980,\"height\":653},{\"@type\":\"BreadcrumbList\",\"@id\":\"https:\\\/\\\/sarmiento24h.com\\\/?p=167854#breadcrumb\",\"itemListElement\":[{\"@type\":\"ListItem\",\"position\":1,\"name\":\"Home\",\"item\":\"https:\\\/\\\/sarmiento24h.com\\\/\"},{\"@type\":\"ListItem\",\"position\":2,\"name\":\"El primer vuelo comercial entre EE. UU. y Venezuela desde 2019 aterriza en Caracas\"}]},{\"@type\":\"WebSite\",\"@id\":\"https:\\\/\\\/sarmiento24h.com\\\/#website\",\"url\":\"https:\\\/\\\/sarmiento24h.com\\\/\",\"name\":\"Sarmiento24h\",\"description\":\"\",\"publisher\":{\"@id\":\"https:\\\/\\\/sarmiento24h.com\\\/#organization\"},\"potentialAction\":[{\"@type\":\"SearchAction\",\"target\":{\"@type\":\"EntryPoint\",\"urlTemplate\":\"https:\\\/\\\/sarmiento24h.com\\\/?s={search_term_string}\"},\"query-input\":{\"@type\":\"PropertyValueSpecification\",\"valueRequired\":true,\"valueName\":\"search_term_string\"}}],\"inLanguage\":\"es\"},{\"@type\":\"Organization\",\"@id\":\"https:\\\/\\\/sarmiento24h.com\\\/#organization\",\"name\":\"Sarmiento24h\",\"url\":\"https:\\\/\\\/sarmiento24h.com\\\/\",\"logo\":{\"@type\":\"ImageObject\",\"inLanguage\":\"es\",\"@id\":\"https:\\\/\\\/sarmiento24h.com\\\/#\\\/schema\\\/logo\\\/image\\\/\",\"url\":\"https:\\\/\\\/sarmiento24h.com\\\/wp-content\\\/uploads\\\/2025\\\/12\\\/AddText_12-16-10.30.52.jpg\",\"contentUrl\":\"https:\\\/\\\/sarmiento24h.com\\\/wp-content\\\/uploads\\\/2025\\\/12\\\/AddText_12-16-10.30.52.jpg\",\"width\":1220,\"height\":324,\"caption\":\"Sarmiento24h\"},\"image\":{\"@id\":\"https:\\\/\\\/sarmiento24h.com\\\/#\\\/schema\\\/logo\\\/image\\\/\"},\"sameAs\":[\"https:\\\/\\\/facebook.com\\\/s24hnoticias\",\"https:\\\/\\\/x.com\\\/sarmiento24h\"]},{\"@type\":\"Person\",\"@id\":\"https:\\\/\\\/sarmiento24h.com\\\/#\\\/schema\\\/person\\\/d653a59725ad629a7e0429af7b939d4d\",\"name\":\"sarmiento24h@gmail.com\",\"image\":{\"@type\":\"ImageObject\",\"inLanguage\":\"es\",\"@id\":\"https:\\\/\\\/sarmiento24h.com\\\/wp-content\\\/litespeed\\\/avatar\\\/d02cbc4e23c747e6659cd45907173c8f.jpg?ver=1777157796\",\"url\":\"https:\\\/\\\/sarmiento24h.com\\\/wp-content\\\/litespeed\\\/avatar\\\/d02cbc4e23c747e6659cd45907173c8f.jpg?ver=1777157796\",\"contentUrl\":\"https:\\\/\\\/sarmiento24h.com\\\/wp-content\\\/litespeed\\\/avatar\\\/d02cbc4e23c747e6659cd45907173c8f.jpg?ver=1777157796\",\"caption\":\"sarmiento24h@gmail.com\"},\"sameAs\":[\"https:\\\/\\\/sarmiento24h.com\"],\"url\":\"https:\\\/\\\/sarmiento24h.com\\\/?author=1\"}]}<\/script>\n<!-- \/ Yoast SEO plugin. -->","yoast_head_json":{"title":"El primer vuelo comercial entre EE. UU. y Venezuela desde 2019 aterriza en Caracas - Sarmiento24h","robots":{"index":"index","follow":"follow","max-snippet":"max-snippet:-1","max-image-preview":"max-image-preview:large","max-video-preview":"max-video-preview:-1"},"canonical":"https:\/\/sarmiento24h.com\/?p=167854","og_locale":"es_ES","og_type":"article","og_title":"El primer vuelo comercial entre EE. UU. y Venezuela desde 2019 aterriza en Caracas - Sarmiento24h","og_description":"Los trayectos a\u00e9reos sin escalas entre Estados&#46;&#46;&#46;","og_url":"https:\/\/sarmiento24h.com\/?p=167854","og_site_name":"Sarmiento24h","article_publisher":"https:\/\/facebook.com\/s24hnoticias","article_published_time":"2026-04-30T23:27:09+00:00","og_image":[{"url":"https:\/\/s.france24.com\/media\/display\/b6536a36-44be-11f1-b9b6-005056a97e36\/w:980\/AP26120558226724.jpg","type":"","width":"","height":""}],"author":"sarmiento24h@gmail.com","twitter_card":"summary_large_image","twitter_creator":"@sarmiento24h","twitter_site":"@sarmiento24h","twitter_misc":{"Escrito por":"sarmiento24h@gmail.com","Tiempo de lectura":"4 minutos"},"schema":{"@context":"https:\/\/schema.org","@graph":[{"@type":"Article","@id":"https:\/\/sarmiento24h.com\/?p=167854#article","isPartOf":{"@id":"https:\/\/sarmiento24h.com\/?p=167854"},"author":{"name":"sarmiento24h@gmail.com","@id":"https:\/\/sarmiento24h.com\/#\/schema\/person\/d653a59725ad629a7e0429af7b939d4d"},"headline":"El primer vuelo comercial entre EE. UU. y Venezuela desde 2019 aterriza en Caracas","datePublished":"2026-04-30T23:27:09+00:00","mainEntityOfPage":{"@id":"https:\/\/sarmiento24h.com\/?p=167854"},"wordCount":728,"publisher":{"@id":"https:\/\/sarmiento24h.com\/#organization"},"image":{"@id":"https:\/\/sarmiento24h.com\/?p=167854#primaryimage"},"thumbnailUrl":"https:\/\/sarmiento24h.com\/wp-content\/uploads\/2026\/04\/el-primer-vuelo-comercial-entre-ee-uu-y-venezuela-desde-2019-aterriza-en-caracas.jpg","articleSection":["Internacionales"],"inLanguage":"es"},{"@type":"WebPage","@id":"https:\/\/sarmiento24h.com\/?p=167854","url":"https:\/\/sarmiento24h.com\/?p=167854","name":"El primer vuelo comercial entre EE. UU. y Venezuela desde 2019 aterriza en Caracas - Sarmiento24h","isPartOf":{"@id":"https:\/\/sarmiento24h.com\/#website"},"primaryImageOfPage":{"@id":"https:\/\/sarmiento24h.com\/?p=167854#primaryimage"},"image":{"@id":"https:\/\/sarmiento24h.com\/?p=167854#primaryimage"},"thumbnailUrl":"https:\/\/sarmiento24h.com\/wp-content\/uploads\/2026\/04\/el-primer-vuelo-comercial-entre-ee-uu-y-venezuela-desde-2019-aterriza-en-caracas.jpg","datePublished":"2026-04-30T23:27:09+00:00","breadcrumb":{"@id":"https:\/\/sarmiento24h.com\/?p=167854#breadcrumb"},"inLanguage":"es","potentialAction":[{"@type":"ReadAction","target":["https:\/\/sarmiento24h.com\/?p=167854"]}]},{"@type":"ImageObject","inLanguage":"es","@id":"https:\/\/sarmiento24h.com\/?p=167854#primaryimage","url":"https:\/\/sarmiento24h.com\/wp-content\/uploads\/2026\/04\/el-primer-vuelo-comercial-entre-ee-uu-y-venezuela-desde-2019-aterriza-en-caracas.jpg","contentUrl":"https:\/\/sarmiento24h.com\/wp-content\/uploads\/2026\/04\/el-primer-vuelo-comercial-entre-ee-uu-y-venezuela-desde-2019-aterriza-en-caracas.jpg","width":980,"height":653},{"@type":"BreadcrumbList","@id":"https:\/\/sarmiento24h.com\/?p=167854#breadcrumb","itemListElement":[{"@type":"ListItem","position":1,"name":"Home","item":"https:\/\/sarmiento24h.com\/"},{"@type":"ListItem","position":2,"name":"El primer vuelo comercial entre EE. UU. y Venezuela desde 2019 aterriza en Caracas"}]},{"@type":"WebSite","@id":"https:\/\/sarmiento24h.com\/#website","url":"https:\/\/sarmiento24h.com\/","name":"Sarmiento24h","description":"","publisher":{"@id":"https:\/\/sarmiento24h.com\/#organization"},"potentialAction":[{"@type":"SearchAction","target":{"@type":"EntryPoint","urlTemplate":"https:\/\/sarmiento24h.com\/?s={search_term_string}"},"query-input":{"@type":"PropertyValueSpecification","valueRequired":true,"valueName":"search_term_string"}}],"inLanguage":"es"},{"@type":"Organization","@id":"https:\/\/sarmiento24h.com\/#organization","name":"Sarmiento24h","url":"https:\/\/sarmiento24h.com\/","logo":{"@type":"ImageObject","inLanguage":"es","@id":"https:\/\/sarmiento24h.com\/#\/schema\/logo\/image\/","url":"https:\/\/sarmiento24h.com\/wp-content\/uploads\/2025\/12\/AddText_12-16-10.30.52.jpg","contentUrl":"https:\/\/sarmiento24h.com\/wp-content\/uploads\/2025\/12\/AddText_12-16-10.30.52.jpg","width":1220,"height":324,"caption":"Sarmiento24h"},"image":{"@id":"https:\/\/sarmiento24h.com\/#\/schema\/logo\/image\/"},"sameAs":["https:\/\/facebook.com\/s24hnoticias","https:\/\/x.com\/sarmiento24h"]},{"@type":"Person","@id":"https:\/\/sarmiento24h.com\/#\/schema\/person\/d653a59725ad629a7e0429af7b939d4d","name":"sarmiento24h@gmail.com","image":{"@type":"ImageObject","inLanguage":"es","@id":"https:\/\/sarmiento24h.com\/wp-content\/litespeed\/avatar\/d02cbc4e23c747e6659cd45907173c8f.jpg?ver=1777157796","url":"https:\/\/sarmiento24h.com\/wp-content\/litespeed\/avatar\/d02cbc4e23c747e6659cd45907173c8f.jpg?ver=1777157796","contentUrl":"https:\/\/sarmiento24h.com\/wp-content\/litespeed\/avatar\/d02cbc4e23c747e6659cd45907173c8f.jpg?ver=1777157796","caption":"sarmiento24h@gmail.com"},"sameAs":["https:\/\/sarmiento24h.com"],"url":"https:\/\/sarmiento24h.com\/?author=1"}]}},"jetpack_publicize_connections":[],"jetpack_featured_media_url":"https:\/\/sarmiento24h.com\/wp-content\/uploads\/2026\/04\/el-primer-vuelo-comercial-entre-ee-uu-y-venezuela-desde-2019-aterriza-en-caracas.jpg","jetpack_sharing_enabled":true,"_links":{"self":[{"href":"https:\/\/sarmiento24h.com\/index.php?rest_route=\/wp\/v2\/posts\/167854","targetHints":{"allow":["GET"]}}],"collection":[{"href":"https:\/\/sarmiento24h.com\/index.php?rest_route=\/wp\/v2\/posts"}],"about":[{"href":"https:\/\/sarmiento24h.com\/index.php?rest_route=\/wp\/v2\/types\/post"}],"author":[{"embeddable":true,"href":"https:\/\/sarmiento24h.com\/index.php?rest_route=\/wp\/v2\/users\/1"}],"replies":[{"embeddable":true,"href":"https:\/\/sarmiento24h.com\/index.php?rest_route=%2Fwp%2Fv2%2Fcomments&post=167854"}],"version-history":[{"count":0,"href":"https:\/\/sarmiento24h.com\/index.php?rest_route=\/wp\/v2\/posts\/167854\/revisions"}],"wp:featuredmedia":[{"embeddable":true,"href":"https:\/\/sarmiento24h.com\/index.php?rest_route=\/wp\/v2\/media\/167855"}],"wp:attachment":[{"href":"https:\/\/sarmiento24h.com\/index.php?rest_route=%2Fwp%2Fv2%2Fmedia&parent=167854"}],"wp:term":[{"taxonomy":"category","embeddable":true,"href":"https:\/\/sarmiento24h.com\/index.php?rest_route=%2Fwp%2Fv2%2Fcategories&post=167854"},{"taxonomy":"post_tag","embeddable":true,"href":"https:\/\/sarmiento24h.com\/index.php?rest_route=%2Fwp%2Fv2%2Ftags&post=167854"}],"curies":[{"name":"wp","href":"https:\/\/api.w.org\/{rel}","templated":true}]}}