{"id":167982,"date":"2026-05-01T00:22:41","date_gmt":"2026-05-01T00:22:41","guid":{"rendered":"https:\/\/sarmiento24h.com\/?p=167982"},"modified":"2026-05-01T00:22:41","modified_gmt":"2026-05-01T00:22:41","slug":"desarrollo-de-la-comunidad-promueve-resolucion-de-conflictos-y-mediacion-comunitaria","status":"publish","type":"post","link":"https:\/\/sarmiento24h.com\/?p=167982","title":{"rendered":"Desarrollo de la Comunidad promueve resoluci\u00f3n de conflictos y mediaci\u00f3n comunitaria"},"content":{"rendered":"\n<figure class=\"wp-block-image size-large\"><img decoding=\"async\" src=\"https:\/\/fococero.com\/wp-content\/uploads\/2026\/05\/img-20260430-wa00384462631735972850441-1024x683.jpg\" alt=\"\" class=\"wp-image-47027\"\/><\/figure>\n\n\n\n<p><\/p>\n\n\n\n<p>Duarte, RD._ Con el objetivo de fortalecer las capacidades para la resoluci\u00f3n de conflictos y para la promoci\u00f3n de una cultura de paz, la Direcci\u00f3n General de Desarrollo de la Comunidad (DGDC) realiz\u00f3 con \u00e9xito la charla-taller \u201cLiderazgo, Manejo de Conflictos y Mediaci\u00f3n Comunitaria\u201d, en las instalaciones de la Universidad Cat\u00f3lica Nordestana (UCNE), en el municipio de San Francisco de Macor\u00eds, provincia Duarte.<br \/><br \/>La actividad, que reuni\u00f3 a l\u00edderes comunitarios, estudiantes y actores sociales, fue desarrollada en coordinaci\u00f3n con las juntas de vecinos del municipio, quienes desempe\u00f1an un papel clave en la organizaci\u00f3n social y el desarrollo local, sirviendo como enlace directo entre las instituciones y la ciudadan\u00eda.<br \/><br \/>El titular de la Direcci\u00f3n General de Desarrollo de la Comunidad destac\u00f3 que el progreso social se construye con ciudadanos preparados para convivir en paz.<br \/><br \/>\u00abHoy queremos que ustedes desarrollen esas habilidades, para que puedan convertirse en agentes de paz en sus comunidades; este tipo de iniciativas reduce las diferencias, lo que lleva a la reducci\u00f3n de los conflictos y por consiguiente evita la violencia\u00bb, dijo el director de la DGDC.<\/p>\n\n\n\n<figure class=\"wp-block-image size-large\"><img decoding=\"async\" src=\"https:\/\/fococero.com\/wp-content\/uploads\/2026\/05\/img-20260430-wa00415989694723055805440-1024x683.jpg\" alt=\"\" class=\"wp-image-47029\"\/><\/figure>\n\n\n\n<p>Durante la charla, impartida por el acad\u00e9mico y psic\u00f3logo cl\u00ednico, Eladio Hern\u00e1ndez, los participantes recibieron herramientas pr\u00e1cticas para mejorar sus habilidades de liderazgo, fomentar la comunicaci\u00f3n efectiva y aplicar t\u00e9cnicas de mediaci\u00f3n en situaciones de conflicto comunitario.<br \/><br \/>Se inform\u00f3 que este tipo de iniciativas forman parte del compromiso de la DGDC de impulsar el desarrollo integral de las comunidades, promoviendo la participaci\u00f3n activa, la convivencia pac\u00edfica y la resoluci\u00f3n dialogada de diferencias, tal cual ha sido el inter\u00e9s del presidente de la Rep\u00fablica, Luis Abinader.<br \/><br \/>Asimismo, se abordaron temas relacionados con la inteligencia emocional, la empat\u00eda y la importancia de construir consensos como base para el fortalecimiento del tejido social; acompa\u00f1aron al conferencista los charlistas Gamalier del Rosario, Maicol Diaz y Noel Montero.<\/p>\n\n\n\n<figure class=\"wp-block-image size-large\"><img decoding=\"async\" src=\"https:\/\/fococero.com\/wp-content\/uploads\/2026\/05\/img-20260430-wa00402102388322258140838-1024x683.jpg\" alt=\"\" class=\"wp-image-47028\"\/><\/figure>\n\n\n\n<p>Representantes de las juntas de vecinos valoraron la iniciativa, al resaltar la importancia de estos espacios de capacitaci\u00f3n para mejorar la gesti\u00f3n comunitaria y prevenir conflictos que afectan la armon\u00eda social.<br \/><br \/>Entre los presentes estuvieron la presidenta de la Uni\u00f3n de Juntas de Vecinos de San Francisco de Macor\u00eds, Mar\u00eda Mercedes Odil\u00edn; el comandante de la Polic\u00eda Nacional, general Dionicio Natera; y el representante educativo de la demarcaci\u00f3n y exdirector de la DGDC, Elexido Paula; adem\u00e1s, de la Alcald\u00eda, de la Gobernaci\u00f3n y de la oficina senatorial. Por la DGDC, los encargados de Educaci\u00f3n, Esther P\u00e9rez; de la Regional Nordeste, Mayra Pichardo; de la Regional Zona Norte, Ysabel Minaya; y la provincia Hermana Mirabal, Nathalia Gonz\u00e1lez; el asesor de la instituci\u00f3n, Frank Garc\u00eda, y otros.<\/p>\n","protected":false},"excerpt":{"rendered":"<p>Duarte, RD._ Con el objetivo de fortalecer&#46;&#46;&#46;<\/p>\n","protected":false},"author":1,"featured_media":167981,"comment_status":"open","ping_status":"open","sticky":false,"template":"","format":"standard","meta":{"_jetpack_memberships_contains_paid_content":false,"footnotes":"","jetpack_publicize_message":"","jetpack_publicize_feature_enabled":true,"jetpack_social_post_already_shared":true,"jetpack_social_options":{"image_generator_settings":{"template":"highway","default_image_id":0,"font":"","enabled":false},"version":2}},"categories":[42],"tags":[79,80],"class_list":["post-167982","post","type-post","status-publish","format-standard","has-post-thumbnail","hentry","category-nacionales","tag-dgdc","tag-modestoguzman"],"yoast_head":"<!-- This site is optimized with the Yoast SEO plugin v27.3 - https:\/\/yoast.com\/product\/yoast-seo-wordpress\/ -->\n<title>Desarrollo de la Comunidad promueve resoluci\u00f3n de conflictos y mediaci\u00f3n comunitaria - Sarmiento24h<\/title>\n<meta name=\"robots\" content=\"index, follow, max-snippet:-1, max-image-preview:large, max-video-preview:-1\" \/>\n<link rel=\"canonical\" href=\"https:\/\/sarmiento24h.com\/?p=167982\" \/>\n<meta property=\"og:locale\" content=\"es_ES\" \/>\n<meta property=\"og:type\" content=\"article\" \/>\n<meta property=\"og:title\" content=\"Desarrollo de la Comunidad promueve resoluci\u00f3n de conflictos y mediaci\u00f3n comunitaria - Sarmiento24h\" \/>\n<meta property=\"og:description\" content=\"Duarte, RD._ Con el objetivo de fortalecer&#046;&#046;&#046;\" \/>\n<meta property=\"og:url\" content=\"https:\/\/sarmiento24h.com\/?p=167982\" \/>\n<meta property=\"og:site_name\" content=\"Sarmiento24h\" \/>\n<meta property=\"article:publisher\" content=\"https:\/\/facebook.com\/s24hnoticias\" \/>\n<meta property=\"article:published_time\" content=\"2026-05-01T00:22:41+00:00\" \/>\n<meta name=\"author\" content=\"sarmiento24h@gmail.com\" \/>\n<meta name=\"twitter:card\" content=\"summary_large_image\" \/>\n<meta name=\"twitter:creator\" content=\"@sarmiento24h\" \/>\n<meta name=\"twitter:site\" content=\"@sarmiento24h\" \/>\n<meta name=\"twitter:label1\" content=\"Escrito por\" \/>\n\t<meta name=\"twitter:data1\" content=\"sarmiento24h@gmail.com\" \/>\n\t<meta name=\"twitter:label2\" content=\"Tiempo de lectura\" \/>\n\t<meta name=\"twitter:data2\" content=\"2 minutos\" \/>\n<script type=\"application\/ld+json\" class=\"yoast-schema-graph\">{\"@context\":\"https:\\\/\\\/schema.org\",\"@graph\":[{\"@type\":\"Article\",\"@id\":\"https:\\\/\\\/sarmiento24h.com\\\/?p=167982#article\",\"isPartOf\":{\"@id\":\"https:\\\/\\\/sarmiento24h.com\\\/?p=167982\"},\"author\":{\"name\":\"sarmiento24h@gmail.com\",\"@id\":\"https:\\\/\\\/sarmiento24h.com\\\/#\\\/schema\\\/person\\\/d653a59725ad629a7e0429af7b939d4d\"},\"headline\":\"Desarrollo de la Comunidad promueve resoluci\u00f3n de conflictos y mediaci\u00f3n comunitaria\",\"datePublished\":\"2026-05-01T00:22:41+00:00\",\"mainEntityOfPage\":{\"@id\":\"https:\\\/\\\/sarmiento24h.com\\\/?p=167982\"},\"wordCount\":485,\"commentCount\":0,\"publisher\":{\"@id\":\"https:\\\/\\\/sarmiento24h.com\\\/#organization\"},\"image\":{\"@id\":\"https:\\\/\\\/sarmiento24h.com\\\/?p=167982#primaryimage\"},\"thumbnailUrl\":\"https:\\\/\\\/sarmiento24h.com\\\/wp-content\\\/uploads\\\/2026\\\/05\\\/IMG-20260430-WA0038-scaled.jpg\",\"keywords\":[\"#dgdc\",\"#modestoguzman\"],\"articleSection\":[\"Nacionales\"],\"inLanguage\":\"es\",\"potentialAction\":[{\"@type\":\"CommentAction\",\"name\":\"Comment\",\"target\":[\"https:\\\/\\\/sarmiento24h.com\\\/?p=167982#respond\"]}]},{\"@type\":\"WebPage\",\"@id\":\"https:\\\/\\\/sarmiento24h.com\\\/?p=167982\",\"url\":\"https:\\\/\\\/sarmiento24h.com\\\/?p=167982\",\"name\":\"Desarrollo de la Comunidad promueve resoluci\u00f3n de conflictos y mediaci\u00f3n comunitaria - Sarmiento24h\",\"isPartOf\":{\"@id\":\"https:\\\/\\\/sarmiento24h.com\\\/#website\"},\"primaryImageOfPage\":{\"@id\":\"https:\\\/\\\/sarmiento24h.com\\\/?p=167982#primaryimage\"},\"image\":{\"@id\":\"https:\\\/\\\/sarmiento24h.com\\\/?p=167982#primaryimage\"},\"thumbnailUrl\":\"https:\\\/\\\/sarmiento24h.com\\\/wp-content\\\/uploads\\\/2026\\\/05\\\/IMG-20260430-WA0038-scaled.jpg\",\"datePublished\":\"2026-05-01T00:22:41+00:00\",\"breadcrumb\":{\"@id\":\"https:\\\/\\\/sarmiento24h.com\\\/?p=167982#breadcrumb\"},\"inLanguage\":\"es\",\"potentialAction\":[{\"@type\":\"ReadAction\",\"target\":[\"https:\\\/\\\/sarmiento24h.com\\\/?p=167982\"]}]},{\"@type\":\"ImageObject\",\"inLanguage\":\"es\",\"@id\":\"https:\\\/\\\/sarmiento24h.com\\\/?p=167982#primaryimage\",\"url\":\"https:\\\/\\\/sarmiento24h.com\\\/wp-content\\\/uploads\\\/2026\\\/05\\\/IMG-20260430-WA0038-scaled.jpg\",\"contentUrl\":\"https:\\\/\\\/sarmiento24h.com\\\/wp-content\\\/uploads\\\/2026\\\/05\\\/IMG-20260430-WA0038-scaled.jpg\",\"width\":2560,\"height\":1706},{\"@type\":\"BreadcrumbList\",\"@id\":\"https:\\\/\\\/sarmiento24h.com\\\/?p=167982#breadcrumb\",\"itemListElement\":[{\"@type\":\"ListItem\",\"position\":1,\"name\":\"Home\",\"item\":\"https:\\\/\\\/sarmiento24h.com\\\/\"},{\"@type\":\"ListItem\",\"position\":2,\"name\":\"Desarrollo de la Comunidad promueve resoluci\u00f3n de conflictos y mediaci\u00f3n comunitaria\"}]},{\"@type\":\"WebSite\",\"@id\":\"https:\\\/\\\/sarmiento24h.com\\\/#website\",\"url\":\"https:\\\/\\\/sarmiento24h.com\\\/\",\"name\":\"Sarmiento24h\",\"description\":\"\",\"publisher\":{\"@id\":\"https:\\\/\\\/sarmiento24h.com\\\/#organization\"},\"potentialAction\":[{\"@type\":\"SearchAction\",\"target\":{\"@type\":\"EntryPoint\",\"urlTemplate\":\"https:\\\/\\\/sarmiento24h.com\\\/?s={search_term_string}\"},\"query-input\":{\"@type\":\"PropertyValueSpecification\",\"valueRequired\":true,\"valueName\":\"search_term_string\"}}],\"inLanguage\":\"es\"},{\"@type\":\"Organization\",\"@id\":\"https:\\\/\\\/sarmiento24h.com\\\/#organization\",\"name\":\"Sarmiento24h\",\"url\":\"https:\\\/\\\/sarmiento24h.com\\\/\",\"logo\":{\"@type\":\"ImageObject\",\"inLanguage\":\"es\",\"@id\":\"https:\\\/\\\/sarmiento24h.com\\\/#\\\/schema\\\/logo\\\/image\\\/\",\"url\":\"https:\\\/\\\/sarmiento24h.com\\\/wp-content\\\/uploads\\\/2025\\\/12\\\/AddText_12-16-10.30.52.jpg\",\"contentUrl\":\"https:\\\/\\\/sarmiento24h.com\\\/wp-content\\\/uploads\\\/2025\\\/12\\\/AddText_12-16-10.30.52.jpg\",\"width\":1220,\"height\":324,\"caption\":\"Sarmiento24h\"},\"image\":{\"@id\":\"https:\\\/\\\/sarmiento24h.com\\\/#\\\/schema\\\/logo\\\/image\\\/\"},\"sameAs\":[\"https:\\\/\\\/facebook.com\\\/s24hnoticias\",\"https:\\\/\\\/x.com\\\/sarmiento24h\"]},{\"@type\":\"Person\",\"@id\":\"https:\\\/\\\/sarmiento24h.com\\\/#\\\/schema\\\/person\\\/d653a59725ad629a7e0429af7b939d4d\",\"name\":\"sarmiento24h@gmail.com\",\"image\":{\"@type\":\"ImageObject\",\"inLanguage\":\"es\",\"@id\":\"https:\\\/\\\/sarmiento24h.com\\\/wp-content\\\/litespeed\\\/avatar\\\/d02cbc4e23c747e6659cd45907173c8f.jpg?ver=1777157796\",\"url\":\"https:\\\/\\\/sarmiento24h.com\\\/wp-content\\\/litespeed\\\/avatar\\\/d02cbc4e23c747e6659cd45907173c8f.jpg?ver=1777157796\",\"contentUrl\":\"https:\\\/\\\/sarmiento24h.com\\\/wp-content\\\/litespeed\\\/avatar\\\/d02cbc4e23c747e6659cd45907173c8f.jpg?ver=1777157796\",\"caption\":\"sarmiento24h@gmail.com\"},\"sameAs\":[\"https:\\\/\\\/sarmiento24h.com\"],\"url\":\"https:\\\/\\\/sarmiento24h.com\\\/?author=1\"}]}<\/script>\n<!-- \/ Yoast SEO plugin. -->","yoast_head_json":{"title":"Desarrollo de la Comunidad promueve resoluci\u00f3n de conflictos y mediaci\u00f3n comunitaria - Sarmiento24h","robots":{"index":"index","follow":"follow","max-snippet":"max-snippet:-1","max-image-preview":"max-image-preview:large","max-video-preview":"max-video-preview:-1"},"canonical":"https:\/\/sarmiento24h.com\/?p=167982","og_locale":"es_ES","og_type":"article","og_title":"Desarrollo de la Comunidad promueve resoluci\u00f3n de conflictos y mediaci\u00f3n comunitaria - Sarmiento24h","og_description":"Duarte, RD._ Con el objetivo de fortalecer&#46;&#46;&#46;","og_url":"https:\/\/sarmiento24h.com\/?p=167982","og_site_name":"Sarmiento24h","article_publisher":"https:\/\/facebook.com\/s24hnoticias","article_published_time":"2026-05-01T00:22:41+00:00","author":"sarmiento24h@gmail.com","twitter_card":"summary_large_image","twitter_creator":"@sarmiento24h","twitter_site":"@sarmiento24h","twitter_misc":{"Escrito por":"sarmiento24h@gmail.com","Tiempo de lectura":"2 minutos"},"schema":{"@context":"https:\/\/schema.org","@graph":[{"@type":"Article","@id":"https:\/\/sarmiento24h.com\/?p=167982#article","isPartOf":{"@id":"https:\/\/sarmiento24h.com\/?p=167982"},"author":{"name":"sarmiento24h@gmail.com","@id":"https:\/\/sarmiento24h.com\/#\/schema\/person\/d653a59725ad629a7e0429af7b939d4d"},"headline":"Desarrollo de la Comunidad promueve resoluci\u00f3n de conflictos y mediaci\u00f3n comunitaria","datePublished":"2026-05-01T00:22:41+00:00","mainEntityOfPage":{"@id":"https:\/\/sarmiento24h.com\/?p=167982"},"wordCount":485,"commentCount":0,"publisher":{"@id":"https:\/\/sarmiento24h.com\/#organization"},"image":{"@id":"https:\/\/sarmiento24h.com\/?p=167982#primaryimage"},"thumbnailUrl":"https:\/\/sarmiento24h.com\/wp-content\/uploads\/2026\/05\/IMG-20260430-WA0038-scaled.jpg","keywords":["#dgdc","#modestoguzman"],"articleSection":["Nacionales"],"inLanguage":"es","potentialAction":[{"@type":"CommentAction","name":"Comment","target":["https:\/\/sarmiento24h.com\/?p=167982#respond"]}]},{"@type":"WebPage","@id":"https:\/\/sarmiento24h.com\/?p=167982","url":"https:\/\/sarmiento24h.com\/?p=167982","name":"Desarrollo de la Comunidad promueve resoluci\u00f3n de conflictos y mediaci\u00f3n comunitaria - Sarmiento24h","isPartOf":{"@id":"https:\/\/sarmiento24h.com\/#website"},"primaryImageOfPage":{"@id":"https:\/\/sarmiento24h.com\/?p=167982#primaryimage"},"image":{"@id":"https:\/\/sarmiento24h.com\/?p=167982#primaryimage"},"thumbnailUrl":"https:\/\/sarmiento24h.com\/wp-content\/uploads\/2026\/05\/IMG-20260430-WA0038-scaled.jpg","datePublished":"2026-05-01T00:22:41+00:00","breadcrumb":{"@id":"https:\/\/sarmiento24h.com\/?p=167982#breadcrumb"},"inLanguage":"es","potentialAction":[{"@type":"ReadAction","target":["https:\/\/sarmiento24h.com\/?p=167982"]}]},{"@type":"ImageObject","inLanguage":"es","@id":"https:\/\/sarmiento24h.com\/?p=167982#primaryimage","url":"https:\/\/sarmiento24h.com\/wp-content\/uploads\/2026\/05\/IMG-20260430-WA0038-scaled.jpg","contentUrl":"https:\/\/sarmiento24h.com\/wp-content\/uploads\/2026\/05\/IMG-20260430-WA0038-scaled.jpg","width":2560,"height":1706},{"@type":"BreadcrumbList","@id":"https:\/\/sarmiento24h.com\/?p=167982#breadcrumb","itemListElement":[{"@type":"ListItem","position":1,"name":"Home","item":"https:\/\/sarmiento24h.com\/"},{"@type":"ListItem","position":2,"name":"Desarrollo de la Comunidad promueve resoluci\u00f3n de conflictos y mediaci\u00f3n comunitaria"}]},{"@type":"WebSite","@id":"https:\/\/sarmiento24h.com\/#website","url":"https:\/\/sarmiento24h.com\/","name":"Sarmiento24h","description":"","publisher":{"@id":"https:\/\/sarmiento24h.com\/#organization"},"potentialAction":[{"@type":"SearchAction","target":{"@type":"EntryPoint","urlTemplate":"https:\/\/sarmiento24h.com\/?s={search_term_string}"},"query-input":{"@type":"PropertyValueSpecification","valueRequired":true,"valueName":"search_term_string"}}],"inLanguage":"es"},{"@type":"Organization","@id":"https:\/\/sarmiento24h.com\/#organization","name":"Sarmiento24h","url":"https:\/\/sarmiento24h.com\/","logo":{"@type":"ImageObject","inLanguage":"es","@id":"https:\/\/sarmiento24h.com\/#\/schema\/logo\/image\/","url":"https:\/\/sarmiento24h.com\/wp-content\/uploads\/2025\/12\/AddText_12-16-10.30.52.jpg","contentUrl":"https:\/\/sarmiento24h.com\/wp-content\/uploads\/2025\/12\/AddText_12-16-10.30.52.jpg","width":1220,"height":324,"caption":"Sarmiento24h"},"image":{"@id":"https:\/\/sarmiento24h.com\/#\/schema\/logo\/image\/"},"sameAs":["https:\/\/facebook.com\/s24hnoticias","https:\/\/x.com\/sarmiento24h"]},{"@type":"Person","@id":"https:\/\/sarmiento24h.com\/#\/schema\/person\/d653a59725ad629a7e0429af7b939d4d","name":"sarmiento24h@gmail.com","image":{"@type":"ImageObject","inLanguage":"es","@id":"https:\/\/sarmiento24h.com\/wp-content\/litespeed\/avatar\/d02cbc4e23c747e6659cd45907173c8f.jpg?ver=1777157796","url":"https:\/\/sarmiento24h.com\/wp-content\/litespeed\/avatar\/d02cbc4e23c747e6659cd45907173c8f.jpg?ver=1777157796","contentUrl":"https:\/\/sarmiento24h.com\/wp-content\/litespeed\/avatar\/d02cbc4e23c747e6659cd45907173c8f.jpg?ver=1777157796","caption":"sarmiento24h@gmail.com"},"sameAs":["https:\/\/sarmiento24h.com"],"url":"https:\/\/sarmiento24h.com\/?author=1"}]}},"jetpack_publicize_connections":[],"jetpack_featured_media_url":"https:\/\/sarmiento24h.com\/wp-content\/uploads\/2026\/05\/IMG-20260430-WA0038-scaled.jpg","jetpack_sharing_enabled":true,"_links":{"self":[{"href":"https:\/\/sarmiento24h.com\/index.php?rest_route=\/wp\/v2\/posts\/167982","targetHints":{"allow":["GET"]}}],"collection":[{"href":"https:\/\/sarmiento24h.com\/index.php?rest_route=\/wp\/v2\/posts"}],"about":[{"href":"https:\/\/sarmiento24h.com\/index.php?rest_route=\/wp\/v2\/types\/post"}],"author":[{"embeddable":true,"href":"https:\/\/sarmiento24h.com\/index.php?rest_route=\/wp\/v2\/users\/1"}],"replies":[{"embeddable":true,"href":"https:\/\/sarmiento24h.com\/index.php?rest_route=%2Fwp%2Fv2%2Fcomments&post=167982"}],"version-history":[{"count":0,"href":"https:\/\/sarmiento24h.com\/index.php?rest_route=\/wp\/v2\/posts\/167982\/revisions"}],"wp:featuredmedia":[{"embeddable":true,"href":"https:\/\/sarmiento24h.com\/index.php?rest_route=\/wp\/v2\/media\/167981"}],"wp:attachment":[{"href":"https:\/\/sarmiento24h.com\/index.php?rest_route=%2Fwp%2Fv2%2Fmedia&parent=167982"}],"wp:term":[{"taxonomy":"category","embeddable":true,"href":"https:\/\/sarmiento24h.com\/index.php?rest_route=%2Fwp%2Fv2%2Fcategories&post=167982"},{"taxonomy":"post_tag","embeddable":true,"href":"https:\/\/sarmiento24h.com\/index.php?rest_route=%2Fwp%2Fv2%2Ftags&post=167982"}],"curies":[{"name":"wp","href":"https:\/\/api.w.org\/{rel}","templated":true}]}}