{"id":168024,"date":"2026-05-01T00:37:22","date_gmt":"2026-05-01T00:37:22","guid":{"rendered":"https:\/\/noticiassin.com\/?p=1989640"},"modified":"2026-05-01T00:37:22","modified_gmt":"2026-05-01T00:37:22","slug":"sns-continua-ampliando-atencion-en-salud-mental-en-la-red-publica","status":"publish","type":"post","link":"https:\/\/sarmiento24h.com\/?p=168024","title":{"rendered":"SNS contin\u00faa ampliando atenci\u00f3n en salud mental en la Red P\u00fablica"},"content":{"rendered":"<div><img decoding=\"async\" src=\"https:\/\/multimedia.noticiassin.com\/wp-content\/uploads\/2026\/04\/sns-continua-ampliando-atencion-en-salud-mental-en-la-red-publica-20260430-233142-Cl9U-scaled-1200x675.jpeg\" class=\"ff-og-image-inserted\"><\/div>\n<p><strong><strong>Santo Domingo<\/strong>. \u2013<\/strong> Ante el incremento de las patolog\u00edas mentales que afectan a la poblaci\u00f3n dominicana, el fortalecimiento de la atenci\u00f3n en salud mental se ha consolidado como uno de los ejes prioritarios de la gesti\u00f3n del <strong>Servicio Nacional de Salud<\/strong> (<strong>SNS<\/strong>), encabezado por su director ejecutivo, <strong>Julio C\u00e9sar Landr\u00f3n<\/strong>.<\/p>\n<p>Es por ello que, desde el inicio de su administraci\u00f3n, el titular del <strong>SNS<\/strong> ha impulsado la ampliaci\u00f3n de la capacidad de respuesta, logrando actualmente la disponibilidad de m\u00e1s de 200 camas en distintos centros de la <strong>Red P\u00fablica<\/strong>, distribuidas en las distintas unidades de intervenci\u00f3n en crisis que han sido inauguradas.<\/p>\n<h2 class=\"wp-block-heading\">Expansi\u00f3n de la red<\/h2>\n<p>Como parte de estas acciones y con el apoyo de la <strong>Oficina de la Primera Dama<\/strong>, se construyen el <strong>Centro de Rehabilitaci\u00f3n Psicosocial Carlos M. Rojas Bad\u00eda<\/strong>, en <strong>Moca<\/strong>, provincia <strong>Espaillat<\/strong>, y el <strong>Centro Psicosocial Ema\u00fas<\/strong>, en <strong>Hig\u00fcey<\/strong>, provincia <strong>La Altagracia<\/strong>.<\/p>\n<p>Por otro lado, el <strong>Hospital Jos\u00e9 Manuel Rodr\u00edguez Jimenes<\/strong> (antiguo <strong>Santo Socorro<\/strong>) cuenta con una unidad de salud mental para ni\u00f1os y adolescentes, \u00fanica en su tipo para la intervenci\u00f3n en crisis, con 12 camas de hospitalizaci\u00f3n. Esta unidad ofrece servicios de consulta en psicolog\u00eda y psiquiatr\u00eda, evaluaciones psicom\u00e9tricas, intervenci\u00f3n en crisis, terapias electroconvulsivas y psicoterapias.<\/p>\n<p>Actualmente, el centro se encuentra en un proceso de remozamiento integral que incluye la habilitaci\u00f3n de un \u00e1rea independiente con una emergencia exclusiva de salud mental. Como parte de estos trabajos, se contemplan espacios como \u00e1rea de registro, consultorio de triaje, \u00e1rea de observaci\u00f3n con dos camas, unidad de terapia electroconvulsiva, seis habitaciones de internamiento, \u00e1rea de descanso m\u00e9dico y estaci\u00f3n de enfermer\u00eda, adem\u00e1s de una sala de espera y farmacia.<\/p>\n<h2 class=\"wp-block-heading\">Nueva sala infantil<\/h2>\n<p>En ese contexto, este jueves fue inaugurada una nueva sala de atenci\u00f3n en crisis en el <strong>Hospital Pedi\u00e1trico Dr. Robert Reid Cabral<\/strong>, destinada a brindar asistencia especializada en salud mental a ni\u00f1os, ni\u00f1as y adolescentes.<\/p>\n<p>La apertura de esta unidad cont\u00f3 con la participaci\u00f3n de la primera dama de la Rep\u00fablica, <strong>Raquel Arbaje<\/strong>; el director ejecutivo del <strong>SNS<\/strong>, <strong>Julio C\u00e9sar Landr\u00f3n<\/strong>; y la directora del centro hospitalario, <strong>Mabel Jones<\/strong>.<\/p>\n<p>La inversi\u00f3n total destinada a esta sala asciende a 2.2 millones de pesos e incluye tres habitaciones de internamiento completamente climatizadas, con capacidad para seis camas; \u00e1rea de terapia electroconvulsiva, estaci\u00f3n de enfermer\u00eda, dos ba\u00f1os y sala de espera, adem\u00e1s de un equipo especializado en psiquiatr\u00eda y psicolog\u00eda.<\/p>\n<p>En continuidad con el amadrinamiento que mantiene con el centro de salud, la Oficina de la primera dama tuvo a su cargo la climatizaci\u00f3n total del espacio, contribuyendo a garantizar condiciones dignas para la atenci\u00f3n de los pacientes.<\/p>\n<h3 class=\"wp-block-heading\">Respaldo institucional<\/h3>\n<p>Durante el acto, la primera dama, <strong>Raquel Arbaje<\/strong>, destac\u00f3 que esta iniciativa reafirma el compromiso de continuar fortaleciendo la atenci\u00f3n en salud mental, especialmente en la poblaci\u00f3n infantil.<\/p>\n<p>Este es un paso que reafirma que la salud mental es tan importante como cualquier otra. Nuestros ni\u00f1os y ni\u00f1as merecen espacios dignos, con atenci\u00f3n cient\u00edfica y humana, especialmente en sus momentos m\u00e1s dif\u00edciles\u201d, expres\u00f3.<\/p>\n<p>De su lado, el doctor <strong>Julio C\u00e9sar Landr\u00f3n<\/strong> reiter\u00f3 el compromiso del <strong>Gobierno<\/strong> de ampliar la cobertura de los servicios de salud mental, as\u00ed como la disponibilidad de camas y recursos necesarios para la estabilizaci\u00f3n de los pacientes.<\/p>\n<p>La directora del <strong>Hospital Pedi\u00e1trico Dr. Robert Reid Cabral<\/strong>, <strong>Mabel Jones<\/strong>, valor\u00f3 la puesta en funcionamiento de esta unidad como un avance significativo en la atenci\u00f3n oportuna y especializada en salud mental infantil.<\/p>\n<p>Con estas iniciativas, el <strong>SNS<\/strong> reafirma su compromiso de seguir construyendo un sistema de salud m\u00e1s humano, integral y enfocado en el bienestar de la poblaci\u00f3n dominicana, especialmente de la ni\u00f1ez.<\/p>\n","protected":false},"excerpt":{"rendered":"<p>Santo Domingo. \u2013 Ante el incremento de&#46;&#46;&#46;<\/p>\n","protected":false},"author":1,"featured_media":168025,"comment_status":"closed","ping_status":"closed","sticky":false,"template":"","format":"standard","meta":{"_jetpack_memberships_contains_paid_content":false,"footnotes":"","jetpack_publicize_message":"","jetpack_publicize_feature_enabled":true,"jetpack_social_post_already_shared":true,"jetpack_social_options":{"image_generator_settings":{"template":"highway","default_image_id":0,"font":"","enabled":false},"version":2}},"categories":[42],"tags":[],"class_list":["post-168024","post","type-post","status-publish","format-standard","has-post-thumbnail","hentry","category-nacionales"],"yoast_head":"<!-- This site is optimized with the Yoast SEO plugin v27.3 - https:\/\/yoast.com\/product\/yoast-seo-wordpress\/ -->\n<title>SNS contin\u00faa ampliando atenci\u00f3n en salud mental en la Red P\u00fablica - Sarmiento24h<\/title>\n<meta name=\"robots\" content=\"index, follow, max-snippet:-1, max-image-preview:large, max-video-preview:-1\" \/>\n<link rel=\"canonical\" href=\"https:\/\/sarmiento24h.com\/?p=168024\" \/>\n<meta property=\"og:locale\" content=\"es_ES\" \/>\n<meta property=\"og:type\" content=\"article\" \/>\n<meta property=\"og:title\" content=\"SNS contin\u00faa ampliando atenci\u00f3n en salud mental en la Red P\u00fablica - Sarmiento24h\" \/>\n<meta property=\"og:description\" content=\"Santo Domingo. \u2013 Ante el incremento de&#046;&#046;&#046;\" \/>\n<meta property=\"og:url\" content=\"https:\/\/sarmiento24h.com\/?p=168024\" \/>\n<meta property=\"og:site_name\" content=\"Sarmiento24h\" \/>\n<meta property=\"article:publisher\" content=\"https:\/\/facebook.com\/s24hnoticias\" \/>\n<meta property=\"article:published_time\" content=\"2026-05-01T00:37:22+00:00\" \/>\n<meta property=\"og:image\" content=\"https:\/\/multimedia.noticiassin.com\/wp-content\/uploads\/2026\/04\/sns-continua-ampliando-atencion-en-salud-mental-en-la-red-publica-20260430-233142-Cl9U-scaled-1200x675.jpeg\" \/>\n<meta name=\"author\" content=\"sarmiento24h@gmail.com\" \/>\n<meta name=\"twitter:card\" content=\"summary_large_image\" \/>\n<meta name=\"twitter:creator\" content=\"@sarmiento24h\" \/>\n<meta name=\"twitter:site\" content=\"@sarmiento24h\" \/>\n<meta name=\"twitter:label1\" content=\"Escrito por\" \/>\n\t<meta name=\"twitter:data1\" content=\"sarmiento24h@gmail.com\" \/>\n\t<meta name=\"twitter:label2\" content=\"Tiempo de lectura\" \/>\n\t<meta name=\"twitter:data2\" content=\"3 minutos\" \/>\n<script type=\"application\/ld+json\" class=\"yoast-schema-graph\">{\"@context\":\"https:\\\/\\\/schema.org\",\"@graph\":[{\"@type\":\"Article\",\"@id\":\"https:\\\/\\\/sarmiento24h.com\\\/?p=168024#article\",\"isPartOf\":{\"@id\":\"https:\\\/\\\/sarmiento24h.com\\\/?p=168024\"},\"author\":{\"name\":\"sarmiento24h@gmail.com\",\"@id\":\"https:\\\/\\\/sarmiento24h.com\\\/#\\\/schema\\\/person\\\/d653a59725ad629a7e0429af7b939d4d\"},\"headline\":\"SNS contin\u00faa ampliando atenci\u00f3n en salud mental en la Red P\u00fablica\",\"datePublished\":\"2026-05-01T00:37:22+00:00\",\"mainEntityOfPage\":{\"@id\":\"https:\\\/\\\/sarmiento24h.com\\\/?p=168024\"},\"wordCount\":672,\"publisher\":{\"@id\":\"https:\\\/\\\/sarmiento24h.com\\\/#organization\"},\"image\":{\"@id\":\"https:\\\/\\\/sarmiento24h.com\\\/?p=168024#primaryimage\"},\"thumbnailUrl\":\"https:\\\/\\\/sarmiento24h.com\\\/wp-content\\\/uploads\\\/2026\\\/05\\\/sns-continua-ampliando-atencion-en-salud-mental-en-la-red-publica.jpg\",\"articleSection\":[\"Nacionales\"],\"inLanguage\":\"es\"},{\"@type\":\"WebPage\",\"@id\":\"https:\\\/\\\/sarmiento24h.com\\\/?p=168024\",\"url\":\"https:\\\/\\\/sarmiento24h.com\\\/?p=168024\",\"name\":\"SNS contin\u00faa ampliando atenci\u00f3n en salud mental en la Red P\u00fablica - Sarmiento24h\",\"isPartOf\":{\"@id\":\"https:\\\/\\\/sarmiento24h.com\\\/#website\"},\"primaryImageOfPage\":{\"@id\":\"https:\\\/\\\/sarmiento24h.com\\\/?p=168024#primaryimage\"},\"image\":{\"@id\":\"https:\\\/\\\/sarmiento24h.com\\\/?p=168024#primaryimage\"},\"thumbnailUrl\":\"https:\\\/\\\/sarmiento24h.com\\\/wp-content\\\/uploads\\\/2026\\\/05\\\/sns-continua-ampliando-atencion-en-salud-mental-en-la-red-publica.jpg\",\"datePublished\":\"2026-05-01T00:37:22+00:00\",\"breadcrumb\":{\"@id\":\"https:\\\/\\\/sarmiento24h.com\\\/?p=168024#breadcrumb\"},\"inLanguage\":\"es\",\"potentialAction\":[{\"@type\":\"ReadAction\",\"target\":[\"https:\\\/\\\/sarmiento24h.com\\\/?p=168024\"]}]},{\"@type\":\"ImageObject\",\"inLanguage\":\"es\",\"@id\":\"https:\\\/\\\/sarmiento24h.com\\\/?p=168024#primaryimage\",\"url\":\"https:\\\/\\\/sarmiento24h.com\\\/wp-content\\\/uploads\\\/2026\\\/05\\\/sns-continua-ampliando-atencion-en-salud-mental-en-la-red-publica.jpg\",\"contentUrl\":\"https:\\\/\\\/sarmiento24h.com\\\/wp-content\\\/uploads\\\/2026\\\/05\\\/sns-continua-ampliando-atencion-en-salud-mental-en-la-red-publica.jpg\",\"width\":1200,\"height\":675},{\"@type\":\"BreadcrumbList\",\"@id\":\"https:\\\/\\\/sarmiento24h.com\\\/?p=168024#breadcrumb\",\"itemListElement\":[{\"@type\":\"ListItem\",\"position\":1,\"name\":\"Home\",\"item\":\"https:\\\/\\\/sarmiento24h.com\\\/\"},{\"@type\":\"ListItem\",\"position\":2,\"name\":\"SNS contin\u00faa ampliando atenci\u00f3n en salud mental en la Red P\u00fablica\"}]},{\"@type\":\"WebSite\",\"@id\":\"https:\\\/\\\/sarmiento24h.com\\\/#website\",\"url\":\"https:\\\/\\\/sarmiento24h.com\\\/\",\"name\":\"Sarmiento24h\",\"description\":\"\",\"publisher\":{\"@id\":\"https:\\\/\\\/sarmiento24h.com\\\/#organization\"},\"potentialAction\":[{\"@type\":\"SearchAction\",\"target\":{\"@type\":\"EntryPoint\",\"urlTemplate\":\"https:\\\/\\\/sarmiento24h.com\\\/?s={search_term_string}\"},\"query-input\":{\"@type\":\"PropertyValueSpecification\",\"valueRequired\":true,\"valueName\":\"search_term_string\"}}],\"inLanguage\":\"es\"},{\"@type\":\"Organization\",\"@id\":\"https:\\\/\\\/sarmiento24h.com\\\/#organization\",\"name\":\"Sarmiento24h\",\"url\":\"https:\\\/\\\/sarmiento24h.com\\\/\",\"logo\":{\"@type\":\"ImageObject\",\"inLanguage\":\"es\",\"@id\":\"https:\\\/\\\/sarmiento24h.com\\\/#\\\/schema\\\/logo\\\/image\\\/\",\"url\":\"https:\\\/\\\/sarmiento24h.com\\\/wp-content\\\/uploads\\\/2025\\\/12\\\/AddText_12-16-10.30.52.jpg\",\"contentUrl\":\"https:\\\/\\\/sarmiento24h.com\\\/wp-content\\\/uploads\\\/2025\\\/12\\\/AddText_12-16-10.30.52.jpg\",\"width\":1220,\"height\":324,\"caption\":\"Sarmiento24h\"},\"image\":{\"@id\":\"https:\\\/\\\/sarmiento24h.com\\\/#\\\/schema\\\/logo\\\/image\\\/\"},\"sameAs\":[\"https:\\\/\\\/facebook.com\\\/s24hnoticias\",\"https:\\\/\\\/x.com\\\/sarmiento24h\"]},{\"@type\":\"Person\",\"@id\":\"https:\\\/\\\/sarmiento24h.com\\\/#\\\/schema\\\/person\\\/d653a59725ad629a7e0429af7b939d4d\",\"name\":\"sarmiento24h@gmail.com\",\"image\":{\"@type\":\"ImageObject\",\"inLanguage\":\"es\",\"@id\":\"https:\\\/\\\/sarmiento24h.com\\\/wp-content\\\/litespeed\\\/avatar\\\/d02cbc4e23c747e6659cd45907173c8f.jpg?ver=1777157796\",\"url\":\"https:\\\/\\\/sarmiento24h.com\\\/wp-content\\\/litespeed\\\/avatar\\\/d02cbc4e23c747e6659cd45907173c8f.jpg?ver=1777157796\",\"contentUrl\":\"https:\\\/\\\/sarmiento24h.com\\\/wp-content\\\/litespeed\\\/avatar\\\/d02cbc4e23c747e6659cd45907173c8f.jpg?ver=1777157796\",\"caption\":\"sarmiento24h@gmail.com\"},\"sameAs\":[\"https:\\\/\\\/sarmiento24h.com\"],\"url\":\"https:\\\/\\\/sarmiento24h.com\\\/?author=1\"}]}<\/script>\n<!-- \/ Yoast SEO plugin. -->","yoast_head_json":{"title":"SNS contin\u00faa ampliando atenci\u00f3n en salud mental en la Red P\u00fablica - Sarmiento24h","robots":{"index":"index","follow":"follow","max-snippet":"max-snippet:-1","max-image-preview":"max-image-preview:large","max-video-preview":"max-video-preview:-1"},"canonical":"https:\/\/sarmiento24h.com\/?p=168024","og_locale":"es_ES","og_type":"article","og_title":"SNS contin\u00faa ampliando atenci\u00f3n en salud mental en la Red P\u00fablica - Sarmiento24h","og_description":"Santo Domingo. \u2013 Ante el incremento de&#46;&#46;&#46;","og_url":"https:\/\/sarmiento24h.com\/?p=168024","og_site_name":"Sarmiento24h","article_publisher":"https:\/\/facebook.com\/s24hnoticias","article_published_time":"2026-05-01T00:37:22+00:00","og_image":[{"url":"https:\/\/multimedia.noticiassin.com\/wp-content\/uploads\/2026\/04\/sns-continua-ampliando-atencion-en-salud-mental-en-la-red-publica-20260430-233142-Cl9U-scaled-1200x675.jpeg","type":"","width":"","height":""}],"author":"sarmiento24h@gmail.com","twitter_card":"summary_large_image","twitter_creator":"@sarmiento24h","twitter_site":"@sarmiento24h","twitter_misc":{"Escrito por":"sarmiento24h@gmail.com","Tiempo de lectura":"3 minutos"},"schema":{"@context":"https:\/\/schema.org","@graph":[{"@type":"Article","@id":"https:\/\/sarmiento24h.com\/?p=168024#article","isPartOf":{"@id":"https:\/\/sarmiento24h.com\/?p=168024"},"author":{"name":"sarmiento24h@gmail.com","@id":"https:\/\/sarmiento24h.com\/#\/schema\/person\/d653a59725ad629a7e0429af7b939d4d"},"headline":"SNS contin\u00faa ampliando atenci\u00f3n en salud mental en la Red P\u00fablica","datePublished":"2026-05-01T00:37:22+00:00","mainEntityOfPage":{"@id":"https:\/\/sarmiento24h.com\/?p=168024"},"wordCount":672,"publisher":{"@id":"https:\/\/sarmiento24h.com\/#organization"},"image":{"@id":"https:\/\/sarmiento24h.com\/?p=168024#primaryimage"},"thumbnailUrl":"https:\/\/sarmiento24h.com\/wp-content\/uploads\/2026\/05\/sns-continua-ampliando-atencion-en-salud-mental-en-la-red-publica.jpg","articleSection":["Nacionales"],"inLanguage":"es"},{"@type":"WebPage","@id":"https:\/\/sarmiento24h.com\/?p=168024","url":"https:\/\/sarmiento24h.com\/?p=168024","name":"SNS contin\u00faa ampliando atenci\u00f3n en salud mental en la Red P\u00fablica - Sarmiento24h","isPartOf":{"@id":"https:\/\/sarmiento24h.com\/#website"},"primaryImageOfPage":{"@id":"https:\/\/sarmiento24h.com\/?p=168024#primaryimage"},"image":{"@id":"https:\/\/sarmiento24h.com\/?p=168024#primaryimage"},"thumbnailUrl":"https:\/\/sarmiento24h.com\/wp-content\/uploads\/2026\/05\/sns-continua-ampliando-atencion-en-salud-mental-en-la-red-publica.jpg","datePublished":"2026-05-01T00:37:22+00:00","breadcrumb":{"@id":"https:\/\/sarmiento24h.com\/?p=168024#breadcrumb"},"inLanguage":"es","potentialAction":[{"@type":"ReadAction","target":["https:\/\/sarmiento24h.com\/?p=168024"]}]},{"@type":"ImageObject","inLanguage":"es","@id":"https:\/\/sarmiento24h.com\/?p=168024#primaryimage","url":"https:\/\/sarmiento24h.com\/wp-content\/uploads\/2026\/05\/sns-continua-ampliando-atencion-en-salud-mental-en-la-red-publica.jpg","contentUrl":"https:\/\/sarmiento24h.com\/wp-content\/uploads\/2026\/05\/sns-continua-ampliando-atencion-en-salud-mental-en-la-red-publica.jpg","width":1200,"height":675},{"@type":"BreadcrumbList","@id":"https:\/\/sarmiento24h.com\/?p=168024#breadcrumb","itemListElement":[{"@type":"ListItem","position":1,"name":"Home","item":"https:\/\/sarmiento24h.com\/"},{"@type":"ListItem","position":2,"name":"SNS contin\u00faa ampliando atenci\u00f3n en salud mental en la Red P\u00fablica"}]},{"@type":"WebSite","@id":"https:\/\/sarmiento24h.com\/#website","url":"https:\/\/sarmiento24h.com\/","name":"Sarmiento24h","description":"","publisher":{"@id":"https:\/\/sarmiento24h.com\/#organization"},"potentialAction":[{"@type":"SearchAction","target":{"@type":"EntryPoint","urlTemplate":"https:\/\/sarmiento24h.com\/?s={search_term_string}"},"query-input":{"@type":"PropertyValueSpecification","valueRequired":true,"valueName":"search_term_string"}}],"inLanguage":"es"},{"@type":"Organization","@id":"https:\/\/sarmiento24h.com\/#organization","name":"Sarmiento24h","url":"https:\/\/sarmiento24h.com\/","logo":{"@type":"ImageObject","inLanguage":"es","@id":"https:\/\/sarmiento24h.com\/#\/schema\/logo\/image\/","url":"https:\/\/sarmiento24h.com\/wp-content\/uploads\/2025\/12\/AddText_12-16-10.30.52.jpg","contentUrl":"https:\/\/sarmiento24h.com\/wp-content\/uploads\/2025\/12\/AddText_12-16-10.30.52.jpg","width":1220,"height":324,"caption":"Sarmiento24h"},"image":{"@id":"https:\/\/sarmiento24h.com\/#\/schema\/logo\/image\/"},"sameAs":["https:\/\/facebook.com\/s24hnoticias","https:\/\/x.com\/sarmiento24h"]},{"@type":"Person","@id":"https:\/\/sarmiento24h.com\/#\/schema\/person\/d653a59725ad629a7e0429af7b939d4d","name":"sarmiento24h@gmail.com","image":{"@type":"ImageObject","inLanguage":"es","@id":"https:\/\/sarmiento24h.com\/wp-content\/litespeed\/avatar\/d02cbc4e23c747e6659cd45907173c8f.jpg?ver=1777157796","url":"https:\/\/sarmiento24h.com\/wp-content\/litespeed\/avatar\/d02cbc4e23c747e6659cd45907173c8f.jpg?ver=1777157796","contentUrl":"https:\/\/sarmiento24h.com\/wp-content\/litespeed\/avatar\/d02cbc4e23c747e6659cd45907173c8f.jpg?ver=1777157796","caption":"sarmiento24h@gmail.com"},"sameAs":["https:\/\/sarmiento24h.com"],"url":"https:\/\/sarmiento24h.com\/?author=1"}]}},"jetpack_publicize_connections":[],"jetpack_featured_media_url":"https:\/\/sarmiento24h.com\/wp-content\/uploads\/2026\/05\/sns-continua-ampliando-atencion-en-salud-mental-en-la-red-publica.jpg","jetpack_sharing_enabled":true,"_links":{"self":[{"href":"https:\/\/sarmiento24h.com\/index.php?rest_route=\/wp\/v2\/posts\/168024","targetHints":{"allow":["GET"]}}],"collection":[{"href":"https:\/\/sarmiento24h.com\/index.php?rest_route=\/wp\/v2\/posts"}],"about":[{"href":"https:\/\/sarmiento24h.com\/index.php?rest_route=\/wp\/v2\/types\/post"}],"author":[{"embeddable":true,"href":"https:\/\/sarmiento24h.com\/index.php?rest_route=\/wp\/v2\/users\/1"}],"replies":[{"embeddable":true,"href":"https:\/\/sarmiento24h.com\/index.php?rest_route=%2Fwp%2Fv2%2Fcomments&post=168024"}],"version-history":[{"count":0,"href":"https:\/\/sarmiento24h.com\/index.php?rest_route=\/wp\/v2\/posts\/168024\/revisions"}],"wp:featuredmedia":[{"embeddable":true,"href":"https:\/\/sarmiento24h.com\/index.php?rest_route=\/wp\/v2\/media\/168025"}],"wp:attachment":[{"href":"https:\/\/sarmiento24h.com\/index.php?rest_route=%2Fwp%2Fv2%2Fmedia&parent=168024"}],"wp:term":[{"taxonomy":"category","embeddable":true,"href":"https:\/\/sarmiento24h.com\/index.php?rest_route=%2Fwp%2Fv2%2Fcategories&post=168024"},{"taxonomy":"post_tag","embeddable":true,"href":"https:\/\/sarmiento24h.com\/index.php?rest_route=%2Fwp%2Fv2%2Ftags&post=168024"}],"curies":[{"name":"wp","href":"https:\/\/api.w.org\/{rel}","templated":true}]}}