{"id":168149,"date":"2026-05-01T01:38:05","date_gmt":"2026-05-01T01:38:05","guid":{"rendered":"https:\/\/noticiassin.com\/?p=1989674"},"modified":"2026-05-01T01:38:05","modified_gmt":"2026-05-01T01:38:05","slug":"continua-suspension-de-docencia-en-provincias-en-alerta-roja-informa-minerd","status":"publish","type":"post","link":"https:\/\/sarmiento24h.com\/?p=168149","title":{"rendered":"Contin\u00faa suspensi\u00f3n de docencia en provincias en alerta roja, informa minerd"},"content":{"rendered":"<div><img decoding=\"async\" src=\"https:\/\/multimedia.noticiassin.com\/wp-content\/uploads\/2023\/05\/Se-cumple-suspension-de-docencia-a-nivel-nacional-por-asambleas-de-la-ADP.jpg\" class=\"ff-og-image-inserted\"><\/div>\n<p>El <em>Ministerio de Educaci\u00f3n de la Rep\u00fablica Dominicana (Minerd)<\/em> inform\u00f3 la noche de este jueves que continuar\u00e1 la&nbsp;suspensi\u00f3n&nbsp;de docencia para este viernes en las provincias de&nbsp;<strong>Montecristi<\/strong>, <strong>Puerto Plata<\/strong>, <strong>Santiago Rodr\u00edguez<\/strong> y <strong>Valverde<\/strong>, que se mantienen en&nbsp;alerta roja, debido a una&nbsp;vaguada&nbsp;asociada a un sistema frontal que incide en el territorio nacional.<\/p>\n<ul class=\"wp-block-list\">\n<li>La medida fue tomada conforme el bolet\u00edn del&nbsp;<em>Centro de Operaciones de Emergencias&nbsp;(COE)<\/em>, debido a las condiciones meteorol\u00f3gicas actuales.<\/li>\n<\/ul>\n<blockquote class=\"wp-block-quote is-layout-flow wp-block-quote-is-layout-flow\">\n<p>A trav\u00e9s de una nota de prensa, el Minerd inst\u00f3 a los directores regionales, distritales y de centros educativos a mantener&nbsp;<strong>medidas preventivas<\/strong>&nbsp;en las provincias en alerta amarilla que cuentan con zonas vulnerables, en funci\u00f3n de la evoluci\u00f3n de las condiciones clim\u00e1ticas.<\/p>\n<\/blockquote>\n<p>Las disposiciones incluyen la&nbsp;<strong>evaluaci\u00f3n continua<\/strong>&nbsp;de riesgos, as\u00ed como la potestad para suspender la docencia en \u00e1reas donde las condiciones climatol\u00f3gicas lo ameriten, refiere el documento.<\/p>\n<p>El ministerio hizo un llamado a la comunidad educativa a mantenerse atenta a los&nbsp;<strong>boletines oficiales<\/strong>&nbsp;y a seguir las orientaciones de los organismos de&nbsp;protecci\u00f3n civil.<\/p>\n<h2 class=\"wp-block-heading\">Provincias en alerta<\/h2>\n<p>El <em>COE <\/em>mantiene en alerta roja las provincias de&nbsp;<strong>Santiago<\/strong> <strong>Rodr\u00edguez<\/strong>,&nbsp;<strong>Valverde<\/strong>,&nbsp;<strong>Montecristi<\/strong>&nbsp;y&nbsp;<strong>Puerto Plata<\/strong>.<\/p>\n<p>El organismo elev\u00f3 a<strong> alerta amarilla<\/strong> a la provincia de&nbsp;El Seibo, y mantuvo en el mismo nivel de alerta a:&nbsp;Mar\u00eda Trinidad S\u00e1nchez,&nbsp;Santiago,&nbsp;Duarte,&nbsp;San Crist\u00f3bal,&nbsp;Hermanas Mirabal,&nbsp;Hato Mayor, el&nbsp;Gran Santo Domingo,&nbsp;Monte Plata,&nbsp;Monse\u00f1or Nouel,&nbsp;La Vega,&nbsp;S\u00e1nchez Ram\u00edrez,&nbsp;Espaillat,&nbsp;Saman\u00e1&nbsp;y&nbsp;San Jos\u00e9 de Ocoa.<\/p>\n<p>Mientras que, en <strong>verde <\/strong>contin\u00faan la&nbsp;La Romana,&nbsp;Peravia,&nbsp;San Pedro de Macor\u00eds,&nbsp;San Juan,&nbsp;La Altagracia&nbsp;y&nbsp;Dajab\u00f3n.<\/p>\n","protected":false},"excerpt":{"rendered":"<p>El Ministerio de Educaci\u00f3n de la Rep\u00fablica&#46;&#46;&#46;<\/p>\n","protected":false},"author":1,"featured_media":168150,"comment_status":"closed","ping_status":"closed","sticky":false,"template":"","format":"standard","meta":{"_jetpack_memberships_contains_paid_content":false,"footnotes":"","jetpack_publicize_message":"","jetpack_publicize_feature_enabled":true,"jetpack_social_post_already_shared":true,"jetpack_social_options":{"image_generator_settings":{"template":"highway","default_image_id":0,"font":"","enabled":false},"version":2}},"categories":[42],"tags":[],"class_list":["post-168149","post","type-post","status-publish","format-standard","has-post-thumbnail","hentry","category-nacionales"],"yoast_head":"<!-- This site is optimized with the Yoast SEO plugin v27.3 - https:\/\/yoast.com\/product\/yoast-seo-wordpress\/ -->\n<title>Contin\u00faa suspensi\u00f3n de docencia en provincias en alerta roja, informa minerd - Sarmiento24h<\/title>\n<meta name=\"robots\" content=\"index, follow, max-snippet:-1, max-image-preview:large, max-video-preview:-1\" \/>\n<link rel=\"canonical\" href=\"https:\/\/sarmiento24h.com\/?p=168149\" \/>\n<meta property=\"og:locale\" content=\"es_ES\" \/>\n<meta property=\"og:type\" content=\"article\" \/>\n<meta property=\"og:title\" content=\"Contin\u00faa suspensi\u00f3n de docencia en provincias en alerta roja, informa minerd - Sarmiento24h\" \/>\n<meta property=\"og:description\" content=\"El Ministerio de Educaci\u00f3n de la Rep\u00fablica&#046;&#046;&#046;\" \/>\n<meta property=\"og:url\" content=\"https:\/\/sarmiento24h.com\/?p=168149\" \/>\n<meta property=\"og:site_name\" content=\"Sarmiento24h\" \/>\n<meta property=\"article:publisher\" content=\"https:\/\/facebook.com\/s24hnoticias\" \/>\n<meta property=\"article:published_time\" content=\"2026-05-01T01:38:05+00:00\" \/>\n<meta property=\"og:image\" content=\"https:\/\/multimedia.noticiassin.com\/wp-content\/uploads\/2023\/05\/Se-cumple-suspension-de-docencia-a-nivel-nacional-por-asambleas-de-la-ADP.jpg\" \/>\n<meta name=\"author\" content=\"sarmiento24h@gmail.com\" \/>\n<meta name=\"twitter:card\" content=\"summary_large_image\" \/>\n<meta name=\"twitter:creator\" content=\"@sarmiento24h\" \/>\n<meta name=\"twitter:site\" content=\"@sarmiento24h\" \/>\n<meta name=\"twitter:label1\" content=\"Escrito por\" \/>\n\t<meta name=\"twitter:data1\" content=\"sarmiento24h@gmail.com\" \/>\n\t<meta name=\"twitter:label2\" content=\"Tiempo de lectura\" \/>\n\t<meta name=\"twitter:data2\" content=\"2 minutos\" \/>\n<script type=\"application\/ld+json\" class=\"yoast-schema-graph\">{\"@context\":\"https:\\\/\\\/schema.org\",\"@graph\":[{\"@type\":\"Article\",\"@id\":\"https:\\\/\\\/sarmiento24h.com\\\/?p=168149#article\",\"isPartOf\":{\"@id\":\"https:\\\/\\\/sarmiento24h.com\\\/?p=168149\"},\"author\":{\"name\":\"sarmiento24h@gmail.com\",\"@id\":\"https:\\\/\\\/sarmiento24h.com\\\/#\\\/schema\\\/person\\\/d653a59725ad629a7e0429af7b939d4d\"},\"headline\":\"Contin\u00faa suspensi\u00f3n de docencia en provincias en alerta roja, informa minerd\",\"datePublished\":\"2026-05-01T01:38:05+00:00\",\"mainEntityOfPage\":{\"@id\":\"https:\\\/\\\/sarmiento24h.com\\\/?p=168149\"},\"wordCount\":341,\"publisher\":{\"@id\":\"https:\\\/\\\/sarmiento24h.com\\\/#organization\"},\"image\":{\"@id\":\"https:\\\/\\\/sarmiento24h.com\\\/?p=168149#primaryimage\"},\"thumbnailUrl\":\"https:\\\/\\\/sarmiento24h.com\\\/wp-content\\\/uploads\\\/2026\\\/05\\\/continua-suspension-de-docencia-en-provincias-en-alerta-roja-informa-minerd.jpg\",\"articleSection\":[\"Nacionales\"],\"inLanguage\":\"es\"},{\"@type\":\"WebPage\",\"@id\":\"https:\\\/\\\/sarmiento24h.com\\\/?p=168149\",\"url\":\"https:\\\/\\\/sarmiento24h.com\\\/?p=168149\",\"name\":\"Contin\u00faa suspensi\u00f3n de docencia en provincias en alerta roja, informa minerd - Sarmiento24h\",\"isPartOf\":{\"@id\":\"https:\\\/\\\/sarmiento24h.com\\\/#website\"},\"primaryImageOfPage\":{\"@id\":\"https:\\\/\\\/sarmiento24h.com\\\/?p=168149#primaryimage\"},\"image\":{\"@id\":\"https:\\\/\\\/sarmiento24h.com\\\/?p=168149#primaryimage\"},\"thumbnailUrl\":\"https:\\\/\\\/sarmiento24h.com\\\/wp-content\\\/uploads\\\/2026\\\/05\\\/continua-suspension-de-docencia-en-provincias-en-alerta-roja-informa-minerd.jpg\",\"datePublished\":\"2026-05-01T01:38:05+00:00\",\"breadcrumb\":{\"@id\":\"https:\\\/\\\/sarmiento24h.com\\\/?p=168149#breadcrumb\"},\"inLanguage\":\"es\",\"potentialAction\":[{\"@type\":\"ReadAction\",\"target\":[\"https:\\\/\\\/sarmiento24h.com\\\/?p=168149\"]}]},{\"@type\":\"ImageObject\",\"inLanguage\":\"es\",\"@id\":\"https:\\\/\\\/sarmiento24h.com\\\/?p=168149#primaryimage\",\"url\":\"https:\\\/\\\/sarmiento24h.com\\\/wp-content\\\/uploads\\\/2026\\\/05\\\/continua-suspension-de-docencia-en-provincias-en-alerta-roja-informa-minerd.jpg\",\"contentUrl\":\"https:\\\/\\\/sarmiento24h.com\\\/wp-content\\\/uploads\\\/2026\\\/05\\\/continua-suspension-de-docencia-en-provincias-en-alerta-roja-informa-minerd.jpg\",\"width\":1280,\"height\":720},{\"@type\":\"BreadcrumbList\",\"@id\":\"https:\\\/\\\/sarmiento24h.com\\\/?p=168149#breadcrumb\",\"itemListElement\":[{\"@type\":\"ListItem\",\"position\":1,\"name\":\"Home\",\"item\":\"https:\\\/\\\/sarmiento24h.com\\\/\"},{\"@type\":\"ListItem\",\"position\":2,\"name\":\"Contin\u00faa suspensi\u00f3n de docencia en provincias en alerta roja, informa minerd\"}]},{\"@type\":\"WebSite\",\"@id\":\"https:\\\/\\\/sarmiento24h.com\\\/#website\",\"url\":\"https:\\\/\\\/sarmiento24h.com\\\/\",\"name\":\"Sarmiento24h\",\"description\":\"\",\"publisher\":{\"@id\":\"https:\\\/\\\/sarmiento24h.com\\\/#organization\"},\"potentialAction\":[{\"@type\":\"SearchAction\",\"target\":{\"@type\":\"EntryPoint\",\"urlTemplate\":\"https:\\\/\\\/sarmiento24h.com\\\/?s={search_term_string}\"},\"query-input\":{\"@type\":\"PropertyValueSpecification\",\"valueRequired\":true,\"valueName\":\"search_term_string\"}}],\"inLanguage\":\"es\"},{\"@type\":\"Organization\",\"@id\":\"https:\\\/\\\/sarmiento24h.com\\\/#organization\",\"name\":\"Sarmiento24h\",\"url\":\"https:\\\/\\\/sarmiento24h.com\\\/\",\"logo\":{\"@type\":\"ImageObject\",\"inLanguage\":\"es\",\"@id\":\"https:\\\/\\\/sarmiento24h.com\\\/#\\\/schema\\\/logo\\\/image\\\/\",\"url\":\"https:\\\/\\\/sarmiento24h.com\\\/wp-content\\\/uploads\\\/2025\\\/12\\\/AddText_12-16-10.30.52.jpg\",\"contentUrl\":\"https:\\\/\\\/sarmiento24h.com\\\/wp-content\\\/uploads\\\/2025\\\/12\\\/AddText_12-16-10.30.52.jpg\",\"width\":1220,\"height\":324,\"caption\":\"Sarmiento24h\"},\"image\":{\"@id\":\"https:\\\/\\\/sarmiento24h.com\\\/#\\\/schema\\\/logo\\\/image\\\/\"},\"sameAs\":[\"https:\\\/\\\/facebook.com\\\/s24hnoticias\",\"https:\\\/\\\/x.com\\\/sarmiento24h\"]},{\"@type\":\"Person\",\"@id\":\"https:\\\/\\\/sarmiento24h.com\\\/#\\\/schema\\\/person\\\/d653a59725ad629a7e0429af7b939d4d\",\"name\":\"sarmiento24h@gmail.com\",\"image\":{\"@type\":\"ImageObject\",\"inLanguage\":\"es\",\"@id\":\"https:\\\/\\\/sarmiento24h.com\\\/wp-content\\\/litespeed\\\/avatar\\\/d02cbc4e23c747e6659cd45907173c8f.jpg?ver=1777157796\",\"url\":\"https:\\\/\\\/sarmiento24h.com\\\/wp-content\\\/litespeed\\\/avatar\\\/d02cbc4e23c747e6659cd45907173c8f.jpg?ver=1777157796\",\"contentUrl\":\"https:\\\/\\\/sarmiento24h.com\\\/wp-content\\\/litespeed\\\/avatar\\\/d02cbc4e23c747e6659cd45907173c8f.jpg?ver=1777157796\",\"caption\":\"sarmiento24h@gmail.com\"},\"sameAs\":[\"https:\\\/\\\/sarmiento24h.com\"],\"url\":\"https:\\\/\\\/sarmiento24h.com\\\/?author=1\"}]}<\/script>\n<!-- \/ Yoast SEO plugin. -->","yoast_head_json":{"title":"Contin\u00faa suspensi\u00f3n de docencia en provincias en alerta roja, informa minerd - Sarmiento24h","robots":{"index":"index","follow":"follow","max-snippet":"max-snippet:-1","max-image-preview":"max-image-preview:large","max-video-preview":"max-video-preview:-1"},"canonical":"https:\/\/sarmiento24h.com\/?p=168149","og_locale":"es_ES","og_type":"article","og_title":"Contin\u00faa suspensi\u00f3n de docencia en provincias en alerta roja, informa minerd - Sarmiento24h","og_description":"El Ministerio de Educaci\u00f3n de la Rep\u00fablica&#46;&#46;&#46;","og_url":"https:\/\/sarmiento24h.com\/?p=168149","og_site_name":"Sarmiento24h","article_publisher":"https:\/\/facebook.com\/s24hnoticias","article_published_time":"2026-05-01T01:38:05+00:00","og_image":[{"url":"https:\/\/multimedia.noticiassin.com\/wp-content\/uploads\/2023\/05\/Se-cumple-suspension-de-docencia-a-nivel-nacional-por-asambleas-de-la-ADP.jpg","type":"","width":"","height":""}],"author":"sarmiento24h@gmail.com","twitter_card":"summary_large_image","twitter_creator":"@sarmiento24h","twitter_site":"@sarmiento24h","twitter_misc":{"Escrito por":"sarmiento24h@gmail.com","Tiempo de lectura":"2 minutos"},"schema":{"@context":"https:\/\/schema.org","@graph":[{"@type":"Article","@id":"https:\/\/sarmiento24h.com\/?p=168149#article","isPartOf":{"@id":"https:\/\/sarmiento24h.com\/?p=168149"},"author":{"name":"sarmiento24h@gmail.com","@id":"https:\/\/sarmiento24h.com\/#\/schema\/person\/d653a59725ad629a7e0429af7b939d4d"},"headline":"Contin\u00faa suspensi\u00f3n de docencia en provincias en alerta roja, informa minerd","datePublished":"2026-05-01T01:38:05+00:00","mainEntityOfPage":{"@id":"https:\/\/sarmiento24h.com\/?p=168149"},"wordCount":341,"publisher":{"@id":"https:\/\/sarmiento24h.com\/#organization"},"image":{"@id":"https:\/\/sarmiento24h.com\/?p=168149#primaryimage"},"thumbnailUrl":"https:\/\/sarmiento24h.com\/wp-content\/uploads\/2026\/05\/continua-suspension-de-docencia-en-provincias-en-alerta-roja-informa-minerd.jpg","articleSection":["Nacionales"],"inLanguage":"es"},{"@type":"WebPage","@id":"https:\/\/sarmiento24h.com\/?p=168149","url":"https:\/\/sarmiento24h.com\/?p=168149","name":"Contin\u00faa suspensi\u00f3n de docencia en provincias en alerta roja, informa minerd - Sarmiento24h","isPartOf":{"@id":"https:\/\/sarmiento24h.com\/#website"},"primaryImageOfPage":{"@id":"https:\/\/sarmiento24h.com\/?p=168149#primaryimage"},"image":{"@id":"https:\/\/sarmiento24h.com\/?p=168149#primaryimage"},"thumbnailUrl":"https:\/\/sarmiento24h.com\/wp-content\/uploads\/2026\/05\/continua-suspension-de-docencia-en-provincias-en-alerta-roja-informa-minerd.jpg","datePublished":"2026-05-01T01:38:05+00:00","breadcrumb":{"@id":"https:\/\/sarmiento24h.com\/?p=168149#breadcrumb"},"inLanguage":"es","potentialAction":[{"@type":"ReadAction","target":["https:\/\/sarmiento24h.com\/?p=168149"]}]},{"@type":"ImageObject","inLanguage":"es","@id":"https:\/\/sarmiento24h.com\/?p=168149#primaryimage","url":"https:\/\/sarmiento24h.com\/wp-content\/uploads\/2026\/05\/continua-suspension-de-docencia-en-provincias-en-alerta-roja-informa-minerd.jpg","contentUrl":"https:\/\/sarmiento24h.com\/wp-content\/uploads\/2026\/05\/continua-suspension-de-docencia-en-provincias-en-alerta-roja-informa-minerd.jpg","width":1280,"height":720},{"@type":"BreadcrumbList","@id":"https:\/\/sarmiento24h.com\/?p=168149#breadcrumb","itemListElement":[{"@type":"ListItem","position":1,"name":"Home","item":"https:\/\/sarmiento24h.com\/"},{"@type":"ListItem","position":2,"name":"Contin\u00faa suspensi\u00f3n de docencia en provincias en alerta roja, informa minerd"}]},{"@type":"WebSite","@id":"https:\/\/sarmiento24h.com\/#website","url":"https:\/\/sarmiento24h.com\/","name":"Sarmiento24h","description":"","publisher":{"@id":"https:\/\/sarmiento24h.com\/#organization"},"potentialAction":[{"@type":"SearchAction","target":{"@type":"EntryPoint","urlTemplate":"https:\/\/sarmiento24h.com\/?s={search_term_string}"},"query-input":{"@type":"PropertyValueSpecification","valueRequired":true,"valueName":"search_term_string"}}],"inLanguage":"es"},{"@type":"Organization","@id":"https:\/\/sarmiento24h.com\/#organization","name":"Sarmiento24h","url":"https:\/\/sarmiento24h.com\/","logo":{"@type":"ImageObject","inLanguage":"es","@id":"https:\/\/sarmiento24h.com\/#\/schema\/logo\/image\/","url":"https:\/\/sarmiento24h.com\/wp-content\/uploads\/2025\/12\/AddText_12-16-10.30.52.jpg","contentUrl":"https:\/\/sarmiento24h.com\/wp-content\/uploads\/2025\/12\/AddText_12-16-10.30.52.jpg","width":1220,"height":324,"caption":"Sarmiento24h"},"image":{"@id":"https:\/\/sarmiento24h.com\/#\/schema\/logo\/image\/"},"sameAs":["https:\/\/facebook.com\/s24hnoticias","https:\/\/x.com\/sarmiento24h"]},{"@type":"Person","@id":"https:\/\/sarmiento24h.com\/#\/schema\/person\/d653a59725ad629a7e0429af7b939d4d","name":"sarmiento24h@gmail.com","image":{"@type":"ImageObject","inLanguage":"es","@id":"https:\/\/sarmiento24h.com\/wp-content\/litespeed\/avatar\/d02cbc4e23c747e6659cd45907173c8f.jpg?ver=1777157796","url":"https:\/\/sarmiento24h.com\/wp-content\/litespeed\/avatar\/d02cbc4e23c747e6659cd45907173c8f.jpg?ver=1777157796","contentUrl":"https:\/\/sarmiento24h.com\/wp-content\/litespeed\/avatar\/d02cbc4e23c747e6659cd45907173c8f.jpg?ver=1777157796","caption":"sarmiento24h@gmail.com"},"sameAs":["https:\/\/sarmiento24h.com"],"url":"https:\/\/sarmiento24h.com\/?author=1"}]}},"jetpack_publicize_connections":[],"jetpack_featured_media_url":"https:\/\/sarmiento24h.com\/wp-content\/uploads\/2026\/05\/continua-suspension-de-docencia-en-provincias-en-alerta-roja-informa-minerd.jpg","jetpack_sharing_enabled":true,"_links":{"self":[{"href":"https:\/\/sarmiento24h.com\/index.php?rest_route=\/wp\/v2\/posts\/168149","targetHints":{"allow":["GET"]}}],"collection":[{"href":"https:\/\/sarmiento24h.com\/index.php?rest_route=\/wp\/v2\/posts"}],"about":[{"href":"https:\/\/sarmiento24h.com\/index.php?rest_route=\/wp\/v2\/types\/post"}],"author":[{"embeddable":true,"href":"https:\/\/sarmiento24h.com\/index.php?rest_route=\/wp\/v2\/users\/1"}],"replies":[{"embeddable":true,"href":"https:\/\/sarmiento24h.com\/index.php?rest_route=%2Fwp%2Fv2%2Fcomments&post=168149"}],"version-history":[{"count":0,"href":"https:\/\/sarmiento24h.com\/index.php?rest_route=\/wp\/v2\/posts\/168149\/revisions"}],"wp:featuredmedia":[{"embeddable":true,"href":"https:\/\/sarmiento24h.com\/index.php?rest_route=\/wp\/v2\/media\/168150"}],"wp:attachment":[{"href":"https:\/\/sarmiento24h.com\/index.php?rest_route=%2Fwp%2Fv2%2Fmedia&parent=168149"}],"wp:term":[{"taxonomy":"category","embeddable":true,"href":"https:\/\/sarmiento24h.com\/index.php?rest_route=%2Fwp%2Fv2%2Fcategories&post=168149"},{"taxonomy":"post_tag","embeddable":true,"href":"https:\/\/sarmiento24h.com\/index.php?rest_route=%2Fwp%2Fv2%2Ftags&post=168149"}],"curies":[{"name":"wp","href":"https:\/\/api.w.org\/{rel}","templated":true}]}}