{"id":168151,"date":"2026-05-01T01:38:06","date_gmt":"2026-05-01T01:38:06","guid":{"rendered":"https:\/\/noticiassin.com\/?p=1989666"},"modified":"2026-05-01T01:38:06","modified_gmt":"2026-05-01T01:38:06","slug":"roberto-alvarez-y-embajador-de-ee-uu-en-la-onu-abordan-resolucion-sobre-haiti-en-nueva-york","status":"publish","type":"post","link":"https:\/\/sarmiento24h.com\/?p=168151","title":{"rendered":"Roberto \u00c1lvarez y embajador de EE.UU. en la ONU abordan resoluci\u00f3n sobre Hait\u00ed en Nueva York"},"content":{"rendered":"<div><img decoding=\"async\" src=\"https:\/\/multimedia.noticiassin.com\/wp-content\/uploads\/2026\/04\/canciller-roberto-alvarez-inicia-agenda-en-nueva-york-con-reunion-con-el-represe-20260501-002453-H3EJ-1200x675.jpeg\" class=\"ff-og-image-inserted\"><\/div>\n<p>El ministro de <em>Relaciones Exteriores<\/em>, <strong>Roberto \u00c1lvarez<\/strong>, sostuvo una reuni\u00f3n con el embajador y representante permanente de Estados Unidos ante las <em>Naciones Unidas<\/em>, <strong>Mike Waltz<\/strong>, en el marco del inicio de su agenda oficial en esta ciudad.<\/p>\n<ul class=\"wp-block-list\">\n<li><strong>\u00c1lvarez<\/strong> agradeci\u00f3 el liderazgo de EE. UU. en la resoluci\u00f3n que estableci\u00f3 la Fuerza de Supresi\u00f3n de Bandas en Hait\u00ed, destacando la colaboraci\u00f3n internacional para la estabilidad regional.<\/li>\n<\/ul>\n<p>El embajador <strong>Waltz <\/strong>agradeci\u00f3 la comunicaci\u00f3n y destac\u00f3 que el presidente Trump lee personalmente las cartas remitidas por otros jefes de Estado y de Gobierno.<\/p>\n<blockquote class=\"wp-block-quote is-layout-flow wp-block-quote-is-layout-flow\">\n<p>Ambos diplom\u00e1ticos intercambiaron reflexiones sobre la situaci\u00f3n en Hait\u00ed, con especial atenci\u00f3n al despliegue de la <strong>GSF <\/strong>y a la importancia de preservar la continuidad y coherencia del apoyo internacional en sus dimensiones operativa, log\u00edstica, financiera y pol\u00edtica, en favor de la estabilizaci\u00f3n del pa\u00eds y de la seguridad regional.<\/p>\n<\/blockquote>\n<p><strong>\u00c1lvarez <\/strong>reiter\u00f3 la disposici\u00f3n de Rep\u00fablica Dominicana de asistir en la evacuaci\u00f3n y provisi\u00f3n de servicios m\u00e9dicos (MEDEVAC) en su territorio para los miembros de la Fuerza que lo requieran, as\u00ed como el compromiso de contribuir, en los pr\u00f3ximos dos a\u00f1os, con US$20 millones al Fondo Fiduciario de las Naciones Unidas para la GSF, gesto que fue agradecido por el embajador <strong>Waltz<\/strong>. Asimismo, ambas partes resaltaron el papel estrat\u00e9gico de la oficina de apoyo log\u00edstico de la UNSOH en territorio dominicano.<\/p>\n<p>El canciller <strong>Roberto \u00c1lvarez <\/strong>aprovech\u00f3 la ocasi\u00f3n para valorar positivamente el proyecto Trade <em>Over Aid<\/em> impulsado por Estados Unidos, as\u00ed como el evento sobre este tema patrocinado por el embajador <strong>Waltz <\/strong>y su misi\u00f3n, al cual Rep\u00fablica Dominicana se adhiri\u00f3.<\/p>\n<blockquote class=\"wp-block-quote is-layout-flow wp-block-quote-is-layout-flow\">\n<p>En ese contexto, el ministro <strong>\u00c1lvarez<\/strong> acogi\u00f3 la propuesta de realizar un pr\u00f3ximo encuentro en Am\u00e9rica Latina y el Caribe y plante\u00f3 a Rep\u00fablica Dominicana como posible sede, en atenci\u00f3n a su potencial para atraer inversi\u00f3n, dinamizar el comercio y generar nuevas oportunidades econ\u00f3micas, iniciativa<br \/>que fue bien recibida por el embajador Waltz.<\/p>\n<\/blockquote>\n<p>La reuni\u00f3n se desarroll\u00f3 en la sede de la misi\u00f3n diplom\u00e1tica de Estados Unidos ante las <strong>Naciones Unidas.<\/strong><\/p>\n","protected":false},"excerpt":{"rendered":"<p>El ministro de Relaciones Exteriores, Roberto \u00c1lvarez,&#46;&#46;&#46;<\/p>\n","protected":false},"author":1,"featured_media":168152,"comment_status":"closed","ping_status":"closed","sticky":false,"template":"","format":"standard","meta":{"_jetpack_memberships_contains_paid_content":false,"footnotes":"","jetpack_publicize_message":"","jetpack_publicize_feature_enabled":true,"jetpack_social_post_already_shared":true,"jetpack_social_options":{"image_generator_settings":{"template":"highway","default_image_id":0,"font":"","enabled":false},"version":2}},"categories":[42],"tags":[],"class_list":["post-168151","post","type-post","status-publish","format-standard","has-post-thumbnail","hentry","category-nacionales"],"yoast_head":"<!-- This site is optimized with the Yoast SEO plugin v27.3 - https:\/\/yoast.com\/product\/yoast-seo-wordpress\/ -->\n<title>Roberto \u00c1lvarez y embajador de EE.UU. en la ONU abordan resoluci\u00f3n sobre Hait\u00ed en Nueva York - Sarmiento24h<\/title>\n<meta name=\"robots\" content=\"index, follow, max-snippet:-1, max-image-preview:large, max-video-preview:-1\" \/>\n<link rel=\"canonical\" href=\"https:\/\/sarmiento24h.com\/?p=168151\" \/>\n<meta property=\"og:locale\" content=\"es_ES\" \/>\n<meta property=\"og:type\" content=\"article\" \/>\n<meta property=\"og:title\" content=\"Roberto \u00c1lvarez y embajador de EE.UU. en la ONU abordan resoluci\u00f3n sobre Hait\u00ed en Nueva York - Sarmiento24h\" \/>\n<meta property=\"og:description\" content=\"El ministro de Relaciones Exteriores, Roberto \u00c1lvarez,&#046;&#046;&#046;\" \/>\n<meta property=\"og:url\" content=\"https:\/\/sarmiento24h.com\/?p=168151\" \/>\n<meta property=\"og:site_name\" content=\"Sarmiento24h\" \/>\n<meta property=\"article:publisher\" content=\"https:\/\/facebook.com\/s24hnoticias\" \/>\n<meta property=\"article:published_time\" content=\"2026-05-01T01:38:06+00:00\" \/>\n<meta property=\"og:image\" content=\"https:\/\/multimedia.noticiassin.com\/wp-content\/uploads\/2026\/04\/canciller-roberto-alvarez-inicia-agenda-en-nueva-york-con-reunion-con-el-represe-20260501-002453-H3EJ-1200x675.jpeg\" \/>\n<meta name=\"author\" content=\"sarmiento24h@gmail.com\" \/>\n<meta name=\"twitter:card\" content=\"summary_large_image\" \/>\n<meta name=\"twitter:creator\" content=\"@sarmiento24h\" \/>\n<meta name=\"twitter:site\" content=\"@sarmiento24h\" \/>\n<meta name=\"twitter:label1\" content=\"Escrito por\" \/>\n\t<meta name=\"twitter:data1\" content=\"sarmiento24h@gmail.com\" \/>\n\t<meta name=\"twitter:label2\" content=\"Tiempo de lectura\" \/>\n\t<meta name=\"twitter:data2\" content=\"2 minutos\" \/>\n<script type=\"application\/ld+json\" class=\"yoast-schema-graph\">{\"@context\":\"https:\\\/\\\/schema.org\",\"@graph\":[{\"@type\":\"Article\",\"@id\":\"https:\\\/\\\/sarmiento24h.com\\\/?p=168151#article\",\"isPartOf\":{\"@id\":\"https:\\\/\\\/sarmiento24h.com\\\/?p=168151\"},\"author\":{\"name\":\"sarmiento24h@gmail.com\",\"@id\":\"https:\\\/\\\/sarmiento24h.com\\\/#\\\/schema\\\/person\\\/d653a59725ad629a7e0429af7b939d4d\"},\"headline\":\"Roberto \u00c1lvarez y embajador de EE.UU. en la ONU abordan resoluci\u00f3n sobre Hait\u00ed en Nueva York\",\"datePublished\":\"2026-05-01T01:38:06+00:00\",\"mainEntityOfPage\":{\"@id\":\"https:\\\/\\\/sarmiento24h.com\\\/?p=168151\"},\"wordCount\":382,\"publisher\":{\"@id\":\"https:\\\/\\\/sarmiento24h.com\\\/#organization\"},\"image\":{\"@id\":\"https:\\\/\\\/sarmiento24h.com\\\/?p=168151#primaryimage\"},\"thumbnailUrl\":\"https:\\\/\\\/sarmiento24h.com\\\/wp-content\\\/uploads\\\/2026\\\/05\\\/roberto-alvarez-y-embajador-de-ee-uu-en-la-onu-abordan-resolucion-sobre-haiti-en-nueva-york.jpg\",\"articleSection\":[\"Nacionales\"],\"inLanguage\":\"es\"},{\"@type\":\"WebPage\",\"@id\":\"https:\\\/\\\/sarmiento24h.com\\\/?p=168151\",\"url\":\"https:\\\/\\\/sarmiento24h.com\\\/?p=168151\",\"name\":\"Roberto \u00c1lvarez y embajador de EE.UU. en la ONU abordan resoluci\u00f3n sobre Hait\u00ed en Nueva York - Sarmiento24h\",\"isPartOf\":{\"@id\":\"https:\\\/\\\/sarmiento24h.com\\\/#website\"},\"primaryImageOfPage\":{\"@id\":\"https:\\\/\\\/sarmiento24h.com\\\/?p=168151#primaryimage\"},\"image\":{\"@id\":\"https:\\\/\\\/sarmiento24h.com\\\/?p=168151#primaryimage\"},\"thumbnailUrl\":\"https:\\\/\\\/sarmiento24h.com\\\/wp-content\\\/uploads\\\/2026\\\/05\\\/roberto-alvarez-y-embajador-de-ee-uu-en-la-onu-abordan-resolucion-sobre-haiti-en-nueva-york.jpg\",\"datePublished\":\"2026-05-01T01:38:06+00:00\",\"breadcrumb\":{\"@id\":\"https:\\\/\\\/sarmiento24h.com\\\/?p=168151#breadcrumb\"},\"inLanguage\":\"es\",\"potentialAction\":[{\"@type\":\"ReadAction\",\"target\":[\"https:\\\/\\\/sarmiento24h.com\\\/?p=168151\"]}]},{\"@type\":\"ImageObject\",\"inLanguage\":\"es\",\"@id\":\"https:\\\/\\\/sarmiento24h.com\\\/?p=168151#primaryimage\",\"url\":\"https:\\\/\\\/sarmiento24h.com\\\/wp-content\\\/uploads\\\/2026\\\/05\\\/roberto-alvarez-y-embajador-de-ee-uu-en-la-onu-abordan-resolucion-sobre-haiti-en-nueva-york.jpg\",\"contentUrl\":\"https:\\\/\\\/sarmiento24h.com\\\/wp-content\\\/uploads\\\/2026\\\/05\\\/roberto-alvarez-y-embajador-de-ee-uu-en-la-onu-abordan-resolucion-sobre-haiti-en-nueva-york.jpg\",\"width\":1200,\"height\":675},{\"@type\":\"BreadcrumbList\",\"@id\":\"https:\\\/\\\/sarmiento24h.com\\\/?p=168151#breadcrumb\",\"itemListElement\":[{\"@type\":\"ListItem\",\"position\":1,\"name\":\"Home\",\"item\":\"https:\\\/\\\/sarmiento24h.com\\\/\"},{\"@type\":\"ListItem\",\"position\":2,\"name\":\"Roberto \u00c1lvarez y embajador de EE.UU. en la ONU abordan resoluci\u00f3n sobre Hait\u00ed en Nueva York\"}]},{\"@type\":\"WebSite\",\"@id\":\"https:\\\/\\\/sarmiento24h.com\\\/#website\",\"url\":\"https:\\\/\\\/sarmiento24h.com\\\/\",\"name\":\"Sarmiento24h\",\"description\":\"\",\"publisher\":{\"@id\":\"https:\\\/\\\/sarmiento24h.com\\\/#organization\"},\"potentialAction\":[{\"@type\":\"SearchAction\",\"target\":{\"@type\":\"EntryPoint\",\"urlTemplate\":\"https:\\\/\\\/sarmiento24h.com\\\/?s={search_term_string}\"},\"query-input\":{\"@type\":\"PropertyValueSpecification\",\"valueRequired\":true,\"valueName\":\"search_term_string\"}}],\"inLanguage\":\"es\"},{\"@type\":\"Organization\",\"@id\":\"https:\\\/\\\/sarmiento24h.com\\\/#organization\",\"name\":\"Sarmiento24h\",\"url\":\"https:\\\/\\\/sarmiento24h.com\\\/\",\"logo\":{\"@type\":\"ImageObject\",\"inLanguage\":\"es\",\"@id\":\"https:\\\/\\\/sarmiento24h.com\\\/#\\\/schema\\\/logo\\\/image\\\/\",\"url\":\"https:\\\/\\\/sarmiento24h.com\\\/wp-content\\\/uploads\\\/2025\\\/12\\\/AddText_12-16-10.30.52.jpg\",\"contentUrl\":\"https:\\\/\\\/sarmiento24h.com\\\/wp-content\\\/uploads\\\/2025\\\/12\\\/AddText_12-16-10.30.52.jpg\",\"width\":1220,\"height\":324,\"caption\":\"Sarmiento24h\"},\"image\":{\"@id\":\"https:\\\/\\\/sarmiento24h.com\\\/#\\\/schema\\\/logo\\\/image\\\/\"},\"sameAs\":[\"https:\\\/\\\/facebook.com\\\/s24hnoticias\",\"https:\\\/\\\/x.com\\\/sarmiento24h\"]},{\"@type\":\"Person\",\"@id\":\"https:\\\/\\\/sarmiento24h.com\\\/#\\\/schema\\\/person\\\/d653a59725ad629a7e0429af7b939d4d\",\"name\":\"sarmiento24h@gmail.com\",\"image\":{\"@type\":\"ImageObject\",\"inLanguage\":\"es\",\"@id\":\"https:\\\/\\\/sarmiento24h.com\\\/wp-content\\\/litespeed\\\/avatar\\\/d02cbc4e23c747e6659cd45907173c8f.jpg?ver=1777157796\",\"url\":\"https:\\\/\\\/sarmiento24h.com\\\/wp-content\\\/litespeed\\\/avatar\\\/d02cbc4e23c747e6659cd45907173c8f.jpg?ver=1777157796\",\"contentUrl\":\"https:\\\/\\\/sarmiento24h.com\\\/wp-content\\\/litespeed\\\/avatar\\\/d02cbc4e23c747e6659cd45907173c8f.jpg?ver=1777157796\",\"caption\":\"sarmiento24h@gmail.com\"},\"sameAs\":[\"https:\\\/\\\/sarmiento24h.com\"],\"url\":\"https:\\\/\\\/sarmiento24h.com\\\/?author=1\"}]}<\/script>\n<!-- \/ Yoast SEO plugin. -->","yoast_head_json":{"title":"Roberto \u00c1lvarez y embajador de EE.UU. en la ONU abordan resoluci\u00f3n sobre Hait\u00ed en Nueva York - Sarmiento24h","robots":{"index":"index","follow":"follow","max-snippet":"max-snippet:-1","max-image-preview":"max-image-preview:large","max-video-preview":"max-video-preview:-1"},"canonical":"https:\/\/sarmiento24h.com\/?p=168151","og_locale":"es_ES","og_type":"article","og_title":"Roberto \u00c1lvarez y embajador de EE.UU. en la ONU abordan resoluci\u00f3n sobre Hait\u00ed en Nueva York - Sarmiento24h","og_description":"El ministro de Relaciones Exteriores, Roberto \u00c1lvarez,&#46;&#46;&#46;","og_url":"https:\/\/sarmiento24h.com\/?p=168151","og_site_name":"Sarmiento24h","article_publisher":"https:\/\/facebook.com\/s24hnoticias","article_published_time":"2026-05-01T01:38:06+00:00","og_image":[{"url":"https:\/\/multimedia.noticiassin.com\/wp-content\/uploads\/2026\/04\/canciller-roberto-alvarez-inicia-agenda-en-nueva-york-con-reunion-con-el-represe-20260501-002453-H3EJ-1200x675.jpeg","type":"","width":"","height":""}],"author":"sarmiento24h@gmail.com","twitter_card":"summary_large_image","twitter_creator":"@sarmiento24h","twitter_site":"@sarmiento24h","twitter_misc":{"Escrito por":"sarmiento24h@gmail.com","Tiempo de lectura":"2 minutos"},"schema":{"@context":"https:\/\/schema.org","@graph":[{"@type":"Article","@id":"https:\/\/sarmiento24h.com\/?p=168151#article","isPartOf":{"@id":"https:\/\/sarmiento24h.com\/?p=168151"},"author":{"name":"sarmiento24h@gmail.com","@id":"https:\/\/sarmiento24h.com\/#\/schema\/person\/d653a59725ad629a7e0429af7b939d4d"},"headline":"Roberto \u00c1lvarez y embajador de EE.UU. en la ONU abordan resoluci\u00f3n sobre Hait\u00ed en Nueva York","datePublished":"2026-05-01T01:38:06+00:00","mainEntityOfPage":{"@id":"https:\/\/sarmiento24h.com\/?p=168151"},"wordCount":382,"publisher":{"@id":"https:\/\/sarmiento24h.com\/#organization"},"image":{"@id":"https:\/\/sarmiento24h.com\/?p=168151#primaryimage"},"thumbnailUrl":"https:\/\/sarmiento24h.com\/wp-content\/uploads\/2026\/05\/roberto-alvarez-y-embajador-de-ee-uu-en-la-onu-abordan-resolucion-sobre-haiti-en-nueva-york.jpg","articleSection":["Nacionales"],"inLanguage":"es"},{"@type":"WebPage","@id":"https:\/\/sarmiento24h.com\/?p=168151","url":"https:\/\/sarmiento24h.com\/?p=168151","name":"Roberto \u00c1lvarez y embajador de EE.UU. en la ONU abordan resoluci\u00f3n sobre Hait\u00ed en Nueva York - Sarmiento24h","isPartOf":{"@id":"https:\/\/sarmiento24h.com\/#website"},"primaryImageOfPage":{"@id":"https:\/\/sarmiento24h.com\/?p=168151#primaryimage"},"image":{"@id":"https:\/\/sarmiento24h.com\/?p=168151#primaryimage"},"thumbnailUrl":"https:\/\/sarmiento24h.com\/wp-content\/uploads\/2026\/05\/roberto-alvarez-y-embajador-de-ee-uu-en-la-onu-abordan-resolucion-sobre-haiti-en-nueva-york.jpg","datePublished":"2026-05-01T01:38:06+00:00","breadcrumb":{"@id":"https:\/\/sarmiento24h.com\/?p=168151#breadcrumb"},"inLanguage":"es","potentialAction":[{"@type":"ReadAction","target":["https:\/\/sarmiento24h.com\/?p=168151"]}]},{"@type":"ImageObject","inLanguage":"es","@id":"https:\/\/sarmiento24h.com\/?p=168151#primaryimage","url":"https:\/\/sarmiento24h.com\/wp-content\/uploads\/2026\/05\/roberto-alvarez-y-embajador-de-ee-uu-en-la-onu-abordan-resolucion-sobre-haiti-en-nueva-york.jpg","contentUrl":"https:\/\/sarmiento24h.com\/wp-content\/uploads\/2026\/05\/roberto-alvarez-y-embajador-de-ee-uu-en-la-onu-abordan-resolucion-sobre-haiti-en-nueva-york.jpg","width":1200,"height":675},{"@type":"BreadcrumbList","@id":"https:\/\/sarmiento24h.com\/?p=168151#breadcrumb","itemListElement":[{"@type":"ListItem","position":1,"name":"Home","item":"https:\/\/sarmiento24h.com\/"},{"@type":"ListItem","position":2,"name":"Roberto \u00c1lvarez y embajador de EE.UU. en la ONU abordan resoluci\u00f3n sobre Hait\u00ed en Nueva York"}]},{"@type":"WebSite","@id":"https:\/\/sarmiento24h.com\/#website","url":"https:\/\/sarmiento24h.com\/","name":"Sarmiento24h","description":"","publisher":{"@id":"https:\/\/sarmiento24h.com\/#organization"},"potentialAction":[{"@type":"SearchAction","target":{"@type":"EntryPoint","urlTemplate":"https:\/\/sarmiento24h.com\/?s={search_term_string}"},"query-input":{"@type":"PropertyValueSpecification","valueRequired":true,"valueName":"search_term_string"}}],"inLanguage":"es"},{"@type":"Organization","@id":"https:\/\/sarmiento24h.com\/#organization","name":"Sarmiento24h","url":"https:\/\/sarmiento24h.com\/","logo":{"@type":"ImageObject","inLanguage":"es","@id":"https:\/\/sarmiento24h.com\/#\/schema\/logo\/image\/","url":"https:\/\/sarmiento24h.com\/wp-content\/uploads\/2025\/12\/AddText_12-16-10.30.52.jpg","contentUrl":"https:\/\/sarmiento24h.com\/wp-content\/uploads\/2025\/12\/AddText_12-16-10.30.52.jpg","width":1220,"height":324,"caption":"Sarmiento24h"},"image":{"@id":"https:\/\/sarmiento24h.com\/#\/schema\/logo\/image\/"},"sameAs":["https:\/\/facebook.com\/s24hnoticias","https:\/\/x.com\/sarmiento24h"]},{"@type":"Person","@id":"https:\/\/sarmiento24h.com\/#\/schema\/person\/d653a59725ad629a7e0429af7b939d4d","name":"sarmiento24h@gmail.com","image":{"@type":"ImageObject","inLanguage":"es","@id":"https:\/\/sarmiento24h.com\/wp-content\/litespeed\/avatar\/d02cbc4e23c747e6659cd45907173c8f.jpg?ver=1777157796","url":"https:\/\/sarmiento24h.com\/wp-content\/litespeed\/avatar\/d02cbc4e23c747e6659cd45907173c8f.jpg?ver=1777157796","contentUrl":"https:\/\/sarmiento24h.com\/wp-content\/litespeed\/avatar\/d02cbc4e23c747e6659cd45907173c8f.jpg?ver=1777157796","caption":"sarmiento24h@gmail.com"},"sameAs":["https:\/\/sarmiento24h.com"],"url":"https:\/\/sarmiento24h.com\/?author=1"}]}},"jetpack_publicize_connections":[],"jetpack_featured_media_url":"https:\/\/sarmiento24h.com\/wp-content\/uploads\/2026\/05\/roberto-alvarez-y-embajador-de-ee-uu-en-la-onu-abordan-resolucion-sobre-haiti-en-nueva-york.jpg","jetpack_sharing_enabled":true,"_links":{"self":[{"href":"https:\/\/sarmiento24h.com\/index.php?rest_route=\/wp\/v2\/posts\/168151","targetHints":{"allow":["GET"]}}],"collection":[{"href":"https:\/\/sarmiento24h.com\/index.php?rest_route=\/wp\/v2\/posts"}],"about":[{"href":"https:\/\/sarmiento24h.com\/index.php?rest_route=\/wp\/v2\/types\/post"}],"author":[{"embeddable":true,"href":"https:\/\/sarmiento24h.com\/index.php?rest_route=\/wp\/v2\/users\/1"}],"replies":[{"embeddable":true,"href":"https:\/\/sarmiento24h.com\/index.php?rest_route=%2Fwp%2Fv2%2Fcomments&post=168151"}],"version-history":[{"count":0,"href":"https:\/\/sarmiento24h.com\/index.php?rest_route=\/wp\/v2\/posts\/168151\/revisions"}],"wp:featuredmedia":[{"embeddable":true,"href":"https:\/\/sarmiento24h.com\/index.php?rest_route=\/wp\/v2\/media\/168152"}],"wp:attachment":[{"href":"https:\/\/sarmiento24h.com\/index.php?rest_route=%2Fwp%2Fv2%2Fmedia&parent=168151"}],"wp:term":[{"taxonomy":"category","embeddable":true,"href":"https:\/\/sarmiento24h.com\/index.php?rest_route=%2Fwp%2Fv2%2Fcategories&post=168151"},{"taxonomy":"post_tag","embeddable":true,"href":"https:\/\/sarmiento24h.com\/index.php?rest_route=%2Fwp%2Fv2%2Ftags&post=168151"}],"curies":[{"name":"wp","href":"https:\/\/api.w.org\/{rel}","templated":true}]}}