{"id":168606,"date":"2026-05-01T06:06:49","date_gmt":"2026-05-01T06:06:49","guid":{"rendered":"http:\/\/c905358e-44ef-11f1-b470-b33c5b6a162e"},"modified":"2026-05-01T06:06:49","modified_gmt":"2026-05-01T06:06:49","slug":"sheinbaum-exige-pruebas-claras-a-ee-uu-tras-acusacion-de-narcotrafico-al-gobernador-de-sinaloa","status":"publish","type":"post","link":"https:\/\/sarmiento24h.com\/?p=168606","title":{"rendered":"Sheinbaum exige \u00abpruebas claras\u00bb a EE. UU. tras acusaci\u00f3n de narcotr\u00e1fico al gobernador de Sinaloa"},"content":{"rendered":"<p>Si las relaciones entre <a href=\"https:\/\/www.france24.com\/es\/tag\/estados-unidos\/\" target=\"_self\" class=\"gtm-add-suggested-tag\">Estados Unidos<\/a> y <a href=\"https:\/\/www.france24.com\/es\/tag\/m\u00e9xico\/\" target=\"_self\" class=\"gtm-add-suggested-tag\">M\u00e9xico<\/a> ya estaban en un punto de alta tensi\u00f3n, la brecha no ha hecho m\u00e1s que profundizarse con <a href=\"https:\/\/www.france24.com\/es\/am\u00e9rica-latina\/20260429-ee-uu-acusa-al-gobernador-de-sinaloa-de-nexos-con-el-narcotr\u00e1fico-m\u00e9xico-anuncia-reclamo-diplom\u00e1tico\" target=\"_self\">la reciente acusaci\u00f3n del Departamento de Justicia por presuntos v\u00ednculos con el narcotr\u00e1fico contra diez funcionarios mexicanos<\/a>, antiguos o actuales, entre los que se incluye al gobernador de <a href=\"https:\/\/www.france24.com\/es\/tag\/sinaloa\/\" target=\"_self\" class=\"gtm-add-suggested-tag\">Sinaloa<\/a>, Rub\u00e9n Rocha Moya, aliado pol\u00edtico de <a href=\"https:\/\/www.france24.com\/es\/tag\/claudia-sheinbaum\/\" target=\"_self\" class=\"gtm-add-suggested-tag\">Claudia Sheinbaum<\/a>.<\/p>\n<p>Por eso, la presidenta mexicana plant\u00f3 una postura firme este jueves 30 de abril y, durante su conferencia de prensa matutina, dej\u00f3 claro que hacen falta \u00abpruebas claras\u00bb de la justicia estadounidense para que M\u00e9xico acepte el pedido de extradici\u00f3n de los acusados, algo que, para la mandataria, todav\u00eda no ha ocurrido.<\/p>\n<p>\u00abNosotros no vamos a cubrir a nadie que haya cometido un delito. Sin embargo, si no existen pruebas claras, es evidente que el objetivo de estas imputaciones por parte del <a href=\"https:\/\/www.france24.com\/es\/tag\/departamento-de-justicia\/\" target=\"_self\" class=\"gtm-add-suggested-tag\">Departamento de Justicia<\/a> es pol\u00edtico\u00bb, se\u00f1al\u00f3 Sheinbaum.<\/p>\n<p>Para la l\u00edder izquierdista, corresponde que la Fiscal\u00eda General de la Rep\u00fablica (FGR) haga su \u00abpropia investigaci\u00f3n\u00bb y determine si existen \u00abpruebas contundentes e irrefutables\u00bb que justifiquen las \u00f3rdenes de arresto emitidas por las autoridades estadounidenses.<\/p>\n<div id=\"em-WBMZ387951-F24-ES-20260501\" class=\"m-em-flash\" data-xtwitter-script><figcaption class=\"a-figcaption\"> <\/figcaption><div class=\"o-em-consent \" readability=\"7\">\n<div class=\"o-em-consent__content\" readability=\"34\">\n<p class=\"o-em-consent__content__text\">Para mostrar este contenido de X (Twitter), debe autorizar las cookies de medici\u00f3n de audiencia y publicidad.<\/p>\n<p> <button class=\"a-master-button a-master-button--dark\" data-action=\"accept\"> Aceptar <svg class=\"a-svg a-svg--icon-check\"> <use xlink:href=\"\/build\/images\/svg\/sprite.c98bf387c90bc4a87186b0b783f15ba0.svg#icon-check\" href=\"\/build\/images\/svg\/sprite.c98bf387c90bc4a87186b0b783f15ba0.svg#icon-check\" \/> <\/svg> <\/button> <button class=\"a-link\" data-action=\"manage\">Gestionar mis opciones<i class=\"a-svg a-svg--icon-edit\"><\/i><\/button> <\/div>\n<\/div>\n<\/div>\n<p>Caso contrario,&nbsp;\u00absi resulta evidente que las acusaciones del Departamento de Justicia tienen motivaciones pol\u00edticas\u00bb, advirti\u00f3 Sheinbaum, \u00abque no quede absolutamente ninguna duda: bajo ninguna circunstancia permitiremos que un gobierno extranjero interfiera en decisiones que son prerrogativa exclusiva del pueblo mexicano\u00bb.<\/p>\n<p>\u00abM\u00e9xico establece una relaci\u00f3n de iguales con todas las naciones. Nunca de subordinaci\u00f3n y menos de entreguismo\u00bb, insisti\u00f3.<\/p>\n<p>En relaci\u00f3n al proceder de la justicia estadounidense, la presidenta mexicana cuestion\u00f3 la difusi\u00f3n del documento de la acusaci\u00f3n porque, asegur\u00f3, \u00abestos procesos son confidenciales\u00bb seg\u00fan los tratados de relaciones exteriores; y critic\u00f3 que,&nbsp;de acuerdo con la informaci\u00f3n enviada por Estados Unidos, las pruebas del caso se basan en el \u00abdicho de una persona\u00bb.&nbsp;<\/p>\n<h2><strong>Una denuncia que sacude al partido de gobierno<\/strong><\/h2>\n<p>El mensaje de Sheinbaum responde a la acusaci\u00f3n, presentada el mi\u00e9rcoles, de la Fiscal\u00eda del Distrito Sur de <a href=\"https:\/\/www.france24.com\/es\/tag\/nueva-york\/\" target=\"_self\" class=\"gtm-add-suggested-tag\">Nueva York<\/a> por presuntos delitos de tr\u00e1fico de drogas y posesi\u00f3n ilegal de armas contra diez funcionarios mexicanos, a quienes vincula con el Cartel de Sinaloa, en particular con la facci\u00f3n de &#8216;Los Chapitos&#8217;, liderada por los hijos del creador del grupo criminal, <a href=\"https:\/\/www.france24.com\/es\/tag\/joaqu\u00edn-el-chapo-guzm\u00e1n\/\" target=\"_self\" class=\"gtm-add-suggested-tag\">Joaqu\u00edn &#8216;El Chapo&#8217; Guzm\u00e1n<\/a>.<\/p>\n<p>La denuncia golpea a Morena, el partido progresista al que pertenece Sheinbaum, ya que su acusado de mayor perfil es Rocha Moya, miembro de esa formaci\u00f3n pol\u00edtica y hombre cercano al expresidente <a href=\"https:\/\/www.france24.com\/es\/tag\/andr\u00e9s-manuel-l\u00f3pez-obrador\/\" target=\"_self\" class=\"gtm-add-suggested-tag\">Andr\u00e9s Manuel L\u00f3pez Obrador<\/a>.<\/p>\n<div class=\"m-em-image\">\n<figure class=\"m-item-image m-item-image--original m-item-image--has-caption\"> <picture class=\"a-picture a-picture--original\"><source type=\"image\/webp\" srcset=\"https:\/\/s.france24.com\/media\/display\/39b4420a-44e3-11f1-9e2f-005056a97e36\/w:246\/FOTO-MEXICO-GOBERNADOR-SINALOA.webp 246w, https:\/\/s.france24.com\/media\/display\/39b4420a-44e3-11f1-9e2f-005056a97e36\/w:388\/FOTO-MEXICO-GOBERNADOR-SINALOA.webp 388w, https:\/\/s.france24.com\/media\/display\/39b4420a-44e3-11f1-9e2f-005056a97e36\/w:720\/FOTO-MEXICO-GOBERNADOR-SINALOA.webp 720w, https:\/\/s.france24.com\/media\/display\/39b4420a-44e3-11f1-9e2f-005056a97e36\/w:980\/FOTO-MEXICO-GOBERNADOR-SINALOA.webp 980w\" sizes=\"(max-width: 1023px) calc(100vw - 32px), (min-width: 1024px) 850px\"><img fetchpriority=\"low\" decoding=\"async\" src=\"https:\/\/s.france24.com\/media\/display\/39b4420a-44e3-11f1-9e2f-005056a97e36\/w:980\/FOTO-MEXICO-GOBERNADOR-SINALOA.jpg\" srcset=\"https:\/\/s.france24.com\/media\/display\/39b4420a-44e3-11f1-9e2f-005056a97e36\/w:246\/FOTO-MEXICO-GOBERNADOR-SINALOA.jpg 246w, https:\/\/s.france24.com\/media\/display\/39b4420a-44e3-11f1-9e2f-005056a97e36\/w:388\/FOTO-MEXICO-GOBERNADOR-SINALOA.jpg 388w, https:\/\/s.france24.com\/media\/display\/39b4420a-44e3-11f1-9e2f-005056a97e36\/w:720\/FOTO-MEXICO-GOBERNADOR-SINALOA.jpg 720w, https:\/\/s.france24.com\/media\/display\/39b4420a-44e3-11f1-9e2f-005056a97e36\/w:980\/FOTO-MEXICO-GOBERNADOR-SINALOA.jpg 980w\" sizes=\"(max-width: 1023px) calc(100vw - 32px), (min-width: 1024px) 850px\" alt=\"En esta foto de archivo, el gobernador de Sinaloa, Rub\u00e9n Rocha Moya, asiste a la inauguraci\u00f3n del puente de Santa Fe en Culiac\u00e1n, M\u00e9xico, el 17 de julio de 2025.\" loading=\"lazy\" class=\"a-img \">\n<\/picture><figcaption class=\"a-figcaption\"> <span>En esta foto de archivo, el gobernador de Sinaloa, Rub\u00e9n Rocha Moya, asiste a la inauguraci\u00f3n del puente de Santa Fe en Culiac\u00e1n, M\u00e9xico, el 17 de julio de 2025.<\/span> <span>\u00a9 David Gaspar \/ Foto de archivo, Reuters<\/span> <\/figcaption><\/figure>\n<\/p><\/div>\n<p>Entre los imputados tambi\u00e9n figuran otros dos militantes de Morena: el alcalde de Culiac\u00e1n (capital de Sinaloa), Juan de Dios G\u00e1mez Mend\u00edvil, y el senador Enrique Inzunza C\u00e1zarez.<\/p>\n<p>El otro acusado que est\u00e1 en funciones actualmente es el fiscal general adjunto de Sinaloa, D\u00e1maso Castro Zaavedra, mientras que los otros seis son exfuncionarios o exintegrantes de la Polic\u00eda local.<\/p>\n<p>De acuerdo a la fiscal\u00eda estadounidense, los imputados supuestamente&nbsp;protegieron a los l\u00edderes del <a href=\"https:\/\/www.france24.com\/es\/tag\/cartel-de-sinaloa\/\" target=\"_self\" class=\"gtm-add-suggested-tag\">Cartel de Sinaloa<\/a> de ser investigados, arrestados y procesados, proporcionaron al cartel informaci\u00f3n confidencial de las fuerzas del orden y del ej\u00e9rcito, ordenaron a miembros de agencias policiales estatales y locales que protegieran los cargamentos de droga y permitieron que el cartel cometiera actos de violencia brutal relacionados con el narcotr\u00e1fico sin consecuencias.<\/p>\n<div class=\"em-video-wrapper m-em-video\" data-media-video-wbmz387973-f24-es-20260501 data-wrapper-video-player data-show-hidden-video-player=\"WBMZ387973-F24-ES-20260501\" data-youtube-script>\n<div class=\"m-em-video__video\">\n<div class=\"o-em-consent \" readability=\"7\">\n<div class=\"o-em-consent__content\" readability=\"34\">\n<p class=\"o-em-consent__content__text\">Para mostrar este contenido de YouTube, debe autorizar las cookies de medici\u00f3n de audiencia y publicidad.<\/p>\n<p> <button class=\"a-master-button a-master-button--dark\" data-action=\"accept\"> Aceptar <svg class=\"a-svg a-svg--icon-check\"> <use xlink:href=\"\/build\/images\/svg\/sprite.c98bf387c90bc4a87186b0b783f15ba0.svg#icon-check\" href=\"\/build\/images\/svg\/sprite.c98bf387c90bc4a87186b0b783f15ba0.svg#icon-check\" \/> <\/svg> <\/button> <button class=\"a-link\" data-action=\"manage\">Gestionar mis opciones<i class=\"a-svg a-svg--icon-edit\"><\/i><\/button> <\/div>\n<\/div>\n<div class=\"o-em-adblock\" data-adblock-content readability=\"7\">\n<div class=\"o-em-adblock__content\" readability=\"34\">\n<p class=\"o-em-adblock__content__text\">Una extensi\u00f3n de tu navegador parece estar bloqueando la carga del reproductor de video. Para poder ver este contenido, debes desactivarla en este sitio.<\/p>\n<p> <button class=\"a-master-button a-master-button--dark\" data-action=\"reload\">Reintentar<\/button> <\/div>\n<\/div>\n<figure class=\"m-item-image m-item-image--16x9 m-item-image--has-caption\"> <picture class=\"a-picture a-picture--16x9\"><source type=\"image\/webp\" srcset=\"https:\/\/s.france24.com\/media\/display\/0bfce038-44e8-11f1-8e9d-005056bf30b7\/w:388\/p:16x9\/ES-20260430-131407-131520-CS.webp 388w, https:\/\/s.france24.com\/media\/display\/0bfce038-44e8-11f1-8e9d-005056bf30b7\/w:720\/p:16x9\/ES-20260430-131407-131520-CS.webp 720w, https:\/\/s.france24.com\/media\/display\/0bfce038-44e8-11f1-8e9d-005056bf30b7\/w:1024\/p:16x9\/ES-20260430-131407-131520-CS.webp 1024w\" sizes=\"(max-width: 639px) calc(100vw - 32px), (max-width: 1076px) calc(100vw - 44px), 850px\"><img fetchpriority=\"low\" decoding=\"async\" src=\"https:\/\/s.france24.com\/media\/display\/0bfce038-44e8-11f1-8e9d-005056bf30b7\/w:1024\/p:16x9\/ES-20260430-131407-131520-CS.jpg\" srcset=\"https:\/\/s.france24.com\/media\/display\/0bfce038-44e8-11f1-8e9d-005056bf30b7\/w:388\/p:16x9\/ES-20260430-131407-131520-CS.jpg 388w, https:\/\/s.france24.com\/media\/display\/0bfce038-44e8-11f1-8e9d-005056bf30b7\/w:720\/p:16x9\/ES-20260430-131407-131520-CS.jpg 720w, https:\/\/s.france24.com\/media\/display\/0bfce038-44e8-11f1-8e9d-005056bf30b7\/w:1024\/p:16x9\/ES-20260430-131407-131520-CS.jpg 1024w\" sizes=\"auto, (max-width: 639px) calc(100vw - 32px), (max-width: 1076px) calc(100vw - 44px), 850px\" width=\"1024\" height=\"576\" alt loading=\"lazy\" class=\"a-img \">\n<\/picture><figcaption class=\"a-figcaption\"> <span>\u00a9 France 24<\/span> <\/figcaption><\/figure>\n<\/p><\/div>\n<\/p><\/div>\n<p>A cambio, seg\u00fan la acusaci\u00f3n, los sospechosos habr\u00edan recibido millones de d\u00f3lares provenientes del narcotr\u00e1fico.<\/p>\n<p>\u00abEstos pol\u00edticos y funcionarios encargados de hacer cumplir la ley han abusado de su autoridad en apoyo del cartel, han expuesto a las v\u00edctimas y las han sometido a amenazas y violencia, y han vendido sus cargos a cambio de sobornos cuantiosos\u00bb, reza el documento.<\/p>\n<h2><strong>\u00abSi no hay nada, no hay nada que temer\u00bb<\/strong><\/h2>\n<p>Para diversos analistas, los cargos tambi\u00e9n representan una escalada en la forma de perseguir a los carteles y en la creciente presi\u00f3n de la Administraci\u00f3n Trump en M\u00e9xico, ya que es in\u00e9dito que se presenten imputaciones contra altos funcionarios en ejercicio.<\/p>\n<p>Carlos P\u00e9rez Ricart, profesor del Centro Mexicano de Investigaci\u00f3n y Educaci\u00f3n Econ\u00f3mica (CIE-E), asegur\u00f3 que la acusaci\u00f3n representa \u00abun gobierno extranjero provocando un terremoto pol\u00edtico en M\u00e9xico\u00bb para respaldar su propia ret\u00f3rica pol\u00edtica sobre el narcotr\u00e1fico y la intervenci\u00f3n en <a href=\"https:\/\/www.france24.com\/es\/tag\/am\u00e9rica-latina\/\" target=\"_self\" class=\"gtm-add-suggested-tag\">Am\u00e9rica Latina<\/a>.<\/p>\n<p>\u00abLa justicia estadounidense est\u00e1 sirviendo a una pol\u00edtica exterior intervencionista con objetivos espec\u00edficos en M\u00e9xico\u00bb, asever\u00f3.<\/p>\n<p class=\"a-read-more\"><span class=\"a-read-more__label\">Leer tambi\u00e9n<\/span><a href=\"https:\/\/www.france24.com\/es\/am\u00e9rica-latina\/20260423-qu\u00e9-se-sabe-de-la-muerte-de-dos-agentes-de-la-cia-en-m\u00e9xico-y-por-qu\u00e9-pone-en-aprietos-a-sheinbaum\" target=\"_self\" class=\"a-read-more__link\">\u00bfQu\u00e9 se sabe de la muerte de dos agentes de la CIA en M\u00e9xico y por qu\u00e9 pone en aprietos a Sheinbaum?<\/a><\/p>\n<p>En medio del revuelo, Sheinbaum confirm\u00f3 que habl\u00f3 por tel\u00e9fono con Rocha Moya el mi\u00e9rcoles y le dijo que \u00absi no hay nada, no hay nada que temer\u00bb.<\/p>\n<p>\u00abTiene que haber pruebas. P\u00f3nganse ustedes un ciudadano o ciudadana que no tenga un cargo de elecci\u00f3n popular. Una detenci\u00f3n sin pruebas. Pues no, \u00bfverdad? Es lo mismo para un gobernador, que en todo caso, primero tendr\u00eda que haber un desafuero si es que se llegara a encontrar que hay alguna prueba en contra de \u00e9l\u00bb, insisti\u00f3.<\/p>\n<p>Tras conocerse sobre el caso en su contra, Rocha Moya se\u00f1al\u00f3 que las imputaciones \u00abcarecen de veracidad y fundamento alguno\u00bb y se mostr\u00f3 confiado en que \u00abas\u00ed se demostrar\u00e1, con toda contundencia, en el momento oportuno\u00bb.<\/p>\n<div id=\"em-WBMZ387955-F24-ES-20260501\" class=\"m-em-flash\" data-xtwitter-script><figcaption class=\"a-figcaption\"> <\/figcaption><div class=\"o-em-consent \" readability=\"7\">\n<div class=\"o-em-consent__content\" readability=\"34\">\n<p class=\"o-em-consent__content__text\">Para mostrar este contenido de X (Twitter), debe autorizar las cookies de medici\u00f3n de audiencia y publicidad.<\/p>\n<p> <button class=\"a-master-button a-master-button--dark\" data-action=\"accept\"> Aceptar <svg class=\"a-svg a-svg--icon-check\"> <use xlink:href=\"\/build\/images\/svg\/sprite.c98bf387c90bc4a87186b0b783f15ba0.svg#icon-check\" href=\"\/build\/images\/svg\/sprite.c98bf387c90bc4a87186b0b783f15ba0.svg#icon-check\" \/> <\/svg> <\/button> <button class=\"a-link\" data-action=\"manage\">Gestionar mis opciones<i class=\"a-svg a-svg--icon-edit\"><\/i><\/button> <\/div>\n<\/div>\n<\/div>\n<p>El gobernador de Sinaloa sostuvo, asimismo, que \u00abeste ataque no es \u00fanicamente a mi persona, sino al movimiento de la Cuarta Transformaci\u00f3n\u00bb \u2013como denominan sus seguidores al proyecto pol\u00edtico iniciado en 2018 por L\u00f3pez Obrador y que ahora contin\u00faa Sheinbaum\u2013 y, de forma m\u00e1s amplia, a \u00abla soberan\u00eda nacional\u00bb.<\/p>\n<p>En el caso de Rocha Moya, los fiscales estadounidenses afirman que fue elegido gobernador de Sinaloa en 2021 con la ayuda de &#8216;Los Chapitos&#8217;, facci\u00f3n que presuntamente secuestr\u00f3 e intimid\u00f3 a sus rivales pol\u00edticos a cambio de impunidad para operar y distribuir drogas en Estados Unidos.<\/p>\n<p>Rocha Moya, nacido en el mismo municipio que &#8216;El Chapo&#8217; Guzm\u00e1n (Badiraguato), estuvo envuelto en un esc\u00e1ndalo en 2024, cuando su nombre apareci\u00f3 en una carta escrita por el jefe narco <a href=\"https:\/\/www.france24.com\/es\/tag\/ismael-el-mayo-zambada\/\" target=\"_self\">Ismael &#8216;El Mayo&#8217; Zambada<\/a>, del Cartel de Sinaloa, quien fue secuestrado por uno de los hijos de &#8216;El Chapo&#8217; y entregado a las autoridades estadounidenses.<\/p>\n<p>En ese escrito, el capo preso en Estados Unidos afirm\u00f3 que la abducci\u00f3n ocurri\u00f3 cuando \u00e9l cre\u00eda estar en camino a una reuni\u00f3n de la que supuestamente iba a participar el gobernador de Sinaloa.<\/p>\n<p>Con Reuters, AP y EFE<\/p>\n","protected":false},"excerpt":{"rendered":"<p>Si las relaciones entre Estados Unidos y&#46;&#46;&#46;<\/p>\n","protected":false},"author":1,"featured_media":168607,"comment_status":"closed","ping_status":"closed","sticky":false,"template":"","format":"standard","meta":{"_jetpack_memberships_contains_paid_content":false,"footnotes":"","jetpack_publicize_message":"","jetpack_publicize_feature_enabled":true,"jetpack_social_post_already_shared":true,"jetpack_social_options":{"image_generator_settings":{"template":"highway","default_image_id":0,"font":"","enabled":false},"version":2}},"categories":[43],"tags":[],"class_list":["post-168606","post","type-post","status-publish","format-standard","has-post-thumbnail","hentry","category-internacionales"],"yoast_head":"<!-- This site is optimized with the Yoast SEO plugin v27.3 - https:\/\/yoast.com\/product\/yoast-seo-wordpress\/ -->\n<title>Sheinbaum exige &quot;pruebas claras&quot; a EE. UU. tras acusaci\u00f3n de narcotr\u00e1fico al gobernador de Sinaloa - Sarmiento24h<\/title>\n<meta name=\"robots\" content=\"index, follow, max-snippet:-1, max-image-preview:large, max-video-preview:-1\" \/>\n<link rel=\"canonical\" href=\"https:\/\/sarmiento24h.com\/?p=168606\" \/>\n<meta property=\"og:locale\" content=\"es_ES\" \/>\n<meta property=\"og:type\" content=\"article\" \/>\n<meta property=\"og:title\" content=\"Sheinbaum exige &quot;pruebas claras&quot; a EE. UU. tras acusaci\u00f3n de narcotr\u00e1fico al gobernador de Sinaloa - Sarmiento24h\" \/>\n<meta property=\"og:description\" content=\"Si las relaciones entre Estados Unidos y&#046;&#046;&#046;\" \/>\n<meta property=\"og:url\" content=\"https:\/\/sarmiento24h.com\/?p=168606\" \/>\n<meta property=\"og:site_name\" content=\"Sarmiento24h\" \/>\n<meta property=\"article:publisher\" content=\"https:\/\/facebook.com\/s24hnoticias\" \/>\n<meta property=\"article:published_time\" content=\"2026-05-01T06:06:49+00:00\" \/>\n<meta property=\"og:image\" content=\"https:\/\/s.france24.com\/media\/display\/39b4420a-44e3-11f1-9e2f-005056a97e36\/w:980\/FOTO-MEXICO-GOBERNADOR-SINALOA.jpg\" \/>\n<meta name=\"author\" content=\"sarmiento24h@gmail.com\" \/>\n<meta name=\"twitter:card\" content=\"summary_large_image\" \/>\n<meta name=\"twitter:creator\" content=\"@sarmiento24h\" \/>\n<meta name=\"twitter:site\" content=\"@sarmiento24h\" \/>\n<meta name=\"twitter:label1\" content=\"Escrito por\" \/>\n\t<meta name=\"twitter:data1\" content=\"sarmiento24h@gmail.com\" \/>\n\t<meta name=\"twitter:label2\" content=\"Tiempo de lectura\" \/>\n\t<meta name=\"twitter:data2\" content=\"6 minutos\" \/>\n<script type=\"application\/ld+json\" class=\"yoast-schema-graph\">{\"@context\":\"https:\\\/\\\/schema.org\",\"@graph\":[{\"@type\":\"Article\",\"@id\":\"https:\\\/\\\/sarmiento24h.com\\\/?p=168606#article\",\"isPartOf\":{\"@id\":\"https:\\\/\\\/sarmiento24h.com\\\/?p=168606\"},\"author\":{\"name\":\"sarmiento24h@gmail.com\",\"@id\":\"https:\\\/\\\/sarmiento24h.com\\\/#\\\/schema\\\/person\\\/d653a59725ad629a7e0429af7b939d4d\"},\"headline\":\"Sheinbaum exige \u00abpruebas claras\u00bb a EE. UU. tras acusaci\u00f3n de narcotr\u00e1fico al gobernador de Sinaloa\",\"datePublished\":\"2026-05-01T06:06:49+00:00\",\"mainEntityOfPage\":{\"@id\":\"https:\\\/\\\/sarmiento24h.com\\\/?p=168606\"},\"wordCount\":1285,\"publisher\":{\"@id\":\"https:\\\/\\\/sarmiento24h.com\\\/#organization\"},\"image\":{\"@id\":\"https:\\\/\\\/sarmiento24h.com\\\/?p=168606#primaryimage\"},\"thumbnailUrl\":\"https:\\\/\\\/sarmiento24h.com\\\/wp-content\\\/uploads\\\/2026\\\/05\\\/sheinbaum-exige-pruebas-claras-a-ee-uu-tras-acusacion-de-narcotrafico-al-gobernador-de-sinaloa.jpg\",\"articleSection\":[\"Internacionales\"],\"inLanguage\":\"es\"},{\"@type\":\"WebPage\",\"@id\":\"https:\\\/\\\/sarmiento24h.com\\\/?p=168606\",\"url\":\"https:\\\/\\\/sarmiento24h.com\\\/?p=168606\",\"name\":\"Sheinbaum exige \\\"pruebas claras\\\" a EE. UU. tras acusaci\u00f3n de narcotr\u00e1fico al gobernador de Sinaloa - Sarmiento24h\",\"isPartOf\":{\"@id\":\"https:\\\/\\\/sarmiento24h.com\\\/#website\"},\"primaryImageOfPage\":{\"@id\":\"https:\\\/\\\/sarmiento24h.com\\\/?p=168606#primaryimage\"},\"image\":{\"@id\":\"https:\\\/\\\/sarmiento24h.com\\\/?p=168606#primaryimage\"},\"thumbnailUrl\":\"https:\\\/\\\/sarmiento24h.com\\\/wp-content\\\/uploads\\\/2026\\\/05\\\/sheinbaum-exige-pruebas-claras-a-ee-uu-tras-acusacion-de-narcotrafico-al-gobernador-de-sinaloa.jpg\",\"datePublished\":\"2026-05-01T06:06:49+00:00\",\"breadcrumb\":{\"@id\":\"https:\\\/\\\/sarmiento24h.com\\\/?p=168606#breadcrumb\"},\"inLanguage\":\"es\",\"potentialAction\":[{\"@type\":\"ReadAction\",\"target\":[\"https:\\\/\\\/sarmiento24h.com\\\/?p=168606\"]}]},{\"@type\":\"ImageObject\",\"inLanguage\":\"es\",\"@id\":\"https:\\\/\\\/sarmiento24h.com\\\/?p=168606#primaryimage\",\"url\":\"https:\\\/\\\/sarmiento24h.com\\\/wp-content\\\/uploads\\\/2026\\\/05\\\/sheinbaum-exige-pruebas-claras-a-ee-uu-tras-acusacion-de-narcotrafico-al-gobernador-de-sinaloa.jpg\",\"contentUrl\":\"https:\\\/\\\/sarmiento24h.com\\\/wp-content\\\/uploads\\\/2026\\\/05\\\/sheinbaum-exige-pruebas-claras-a-ee-uu-tras-acusacion-de-narcotrafico-al-gobernador-de-sinaloa.jpg\",\"width\":980,\"height\":552},{\"@type\":\"BreadcrumbList\",\"@id\":\"https:\\\/\\\/sarmiento24h.com\\\/?p=168606#breadcrumb\",\"itemListElement\":[{\"@type\":\"ListItem\",\"position\":1,\"name\":\"Home\",\"item\":\"https:\\\/\\\/sarmiento24h.com\\\/\"},{\"@type\":\"ListItem\",\"position\":2,\"name\":\"Sheinbaum exige \u00abpruebas claras\u00bb a EE. UU. tras acusaci\u00f3n de narcotr\u00e1fico al gobernador de Sinaloa\"}]},{\"@type\":\"WebSite\",\"@id\":\"https:\\\/\\\/sarmiento24h.com\\\/#website\",\"url\":\"https:\\\/\\\/sarmiento24h.com\\\/\",\"name\":\"Sarmiento24h\",\"description\":\"\",\"publisher\":{\"@id\":\"https:\\\/\\\/sarmiento24h.com\\\/#organization\"},\"potentialAction\":[{\"@type\":\"SearchAction\",\"target\":{\"@type\":\"EntryPoint\",\"urlTemplate\":\"https:\\\/\\\/sarmiento24h.com\\\/?s={search_term_string}\"},\"query-input\":{\"@type\":\"PropertyValueSpecification\",\"valueRequired\":true,\"valueName\":\"search_term_string\"}}],\"inLanguage\":\"es\"},{\"@type\":\"Organization\",\"@id\":\"https:\\\/\\\/sarmiento24h.com\\\/#organization\",\"name\":\"Sarmiento24h\",\"url\":\"https:\\\/\\\/sarmiento24h.com\\\/\",\"logo\":{\"@type\":\"ImageObject\",\"inLanguage\":\"es\",\"@id\":\"https:\\\/\\\/sarmiento24h.com\\\/#\\\/schema\\\/logo\\\/image\\\/\",\"url\":\"https:\\\/\\\/sarmiento24h.com\\\/wp-content\\\/uploads\\\/2025\\\/12\\\/AddText_12-16-10.30.52.jpg\",\"contentUrl\":\"https:\\\/\\\/sarmiento24h.com\\\/wp-content\\\/uploads\\\/2025\\\/12\\\/AddText_12-16-10.30.52.jpg\",\"width\":1220,\"height\":324,\"caption\":\"Sarmiento24h\"},\"image\":{\"@id\":\"https:\\\/\\\/sarmiento24h.com\\\/#\\\/schema\\\/logo\\\/image\\\/\"},\"sameAs\":[\"https:\\\/\\\/facebook.com\\\/s24hnoticias\",\"https:\\\/\\\/x.com\\\/sarmiento24h\"]},{\"@type\":\"Person\",\"@id\":\"https:\\\/\\\/sarmiento24h.com\\\/#\\\/schema\\\/person\\\/d653a59725ad629a7e0429af7b939d4d\",\"name\":\"sarmiento24h@gmail.com\",\"image\":{\"@type\":\"ImageObject\",\"inLanguage\":\"es\",\"@id\":\"https:\\\/\\\/sarmiento24h.com\\\/wp-content\\\/litespeed\\\/avatar\\\/d02cbc4e23c747e6659cd45907173c8f.jpg?ver=1777157796\",\"url\":\"https:\\\/\\\/sarmiento24h.com\\\/wp-content\\\/litespeed\\\/avatar\\\/d02cbc4e23c747e6659cd45907173c8f.jpg?ver=1777157796\",\"contentUrl\":\"https:\\\/\\\/sarmiento24h.com\\\/wp-content\\\/litespeed\\\/avatar\\\/d02cbc4e23c747e6659cd45907173c8f.jpg?ver=1777157796\",\"caption\":\"sarmiento24h@gmail.com\"},\"sameAs\":[\"https:\\\/\\\/sarmiento24h.com\"],\"url\":\"https:\\\/\\\/sarmiento24h.com\\\/?author=1\"}]}<\/script>\n<!-- \/ Yoast SEO plugin. -->","yoast_head_json":{"title":"Sheinbaum exige \"pruebas claras\" a EE. UU. tras acusaci\u00f3n de narcotr\u00e1fico al gobernador de Sinaloa - Sarmiento24h","robots":{"index":"index","follow":"follow","max-snippet":"max-snippet:-1","max-image-preview":"max-image-preview:large","max-video-preview":"max-video-preview:-1"},"canonical":"https:\/\/sarmiento24h.com\/?p=168606","og_locale":"es_ES","og_type":"article","og_title":"Sheinbaum exige \"pruebas claras\" a EE. UU. tras acusaci\u00f3n de narcotr\u00e1fico al gobernador de Sinaloa - Sarmiento24h","og_description":"Si las relaciones entre Estados Unidos y&#46;&#46;&#46;","og_url":"https:\/\/sarmiento24h.com\/?p=168606","og_site_name":"Sarmiento24h","article_publisher":"https:\/\/facebook.com\/s24hnoticias","article_published_time":"2026-05-01T06:06:49+00:00","og_image":[{"url":"https:\/\/s.france24.com\/media\/display\/39b4420a-44e3-11f1-9e2f-005056a97e36\/w:980\/FOTO-MEXICO-GOBERNADOR-SINALOA.jpg","type":"","width":"","height":""}],"author":"sarmiento24h@gmail.com","twitter_card":"summary_large_image","twitter_creator":"@sarmiento24h","twitter_site":"@sarmiento24h","twitter_misc":{"Escrito por":"sarmiento24h@gmail.com","Tiempo de lectura":"6 minutos"},"schema":{"@context":"https:\/\/schema.org","@graph":[{"@type":"Article","@id":"https:\/\/sarmiento24h.com\/?p=168606#article","isPartOf":{"@id":"https:\/\/sarmiento24h.com\/?p=168606"},"author":{"name":"sarmiento24h@gmail.com","@id":"https:\/\/sarmiento24h.com\/#\/schema\/person\/d653a59725ad629a7e0429af7b939d4d"},"headline":"Sheinbaum exige \u00abpruebas claras\u00bb a EE. UU. tras acusaci\u00f3n de narcotr\u00e1fico al gobernador de Sinaloa","datePublished":"2026-05-01T06:06:49+00:00","mainEntityOfPage":{"@id":"https:\/\/sarmiento24h.com\/?p=168606"},"wordCount":1285,"publisher":{"@id":"https:\/\/sarmiento24h.com\/#organization"},"image":{"@id":"https:\/\/sarmiento24h.com\/?p=168606#primaryimage"},"thumbnailUrl":"https:\/\/sarmiento24h.com\/wp-content\/uploads\/2026\/05\/sheinbaum-exige-pruebas-claras-a-ee-uu-tras-acusacion-de-narcotrafico-al-gobernador-de-sinaloa.jpg","articleSection":["Internacionales"],"inLanguage":"es"},{"@type":"WebPage","@id":"https:\/\/sarmiento24h.com\/?p=168606","url":"https:\/\/sarmiento24h.com\/?p=168606","name":"Sheinbaum exige \"pruebas claras\" a EE. UU. tras acusaci\u00f3n de narcotr\u00e1fico al gobernador de Sinaloa - Sarmiento24h","isPartOf":{"@id":"https:\/\/sarmiento24h.com\/#website"},"primaryImageOfPage":{"@id":"https:\/\/sarmiento24h.com\/?p=168606#primaryimage"},"image":{"@id":"https:\/\/sarmiento24h.com\/?p=168606#primaryimage"},"thumbnailUrl":"https:\/\/sarmiento24h.com\/wp-content\/uploads\/2026\/05\/sheinbaum-exige-pruebas-claras-a-ee-uu-tras-acusacion-de-narcotrafico-al-gobernador-de-sinaloa.jpg","datePublished":"2026-05-01T06:06:49+00:00","breadcrumb":{"@id":"https:\/\/sarmiento24h.com\/?p=168606#breadcrumb"},"inLanguage":"es","potentialAction":[{"@type":"ReadAction","target":["https:\/\/sarmiento24h.com\/?p=168606"]}]},{"@type":"ImageObject","inLanguage":"es","@id":"https:\/\/sarmiento24h.com\/?p=168606#primaryimage","url":"https:\/\/sarmiento24h.com\/wp-content\/uploads\/2026\/05\/sheinbaum-exige-pruebas-claras-a-ee-uu-tras-acusacion-de-narcotrafico-al-gobernador-de-sinaloa.jpg","contentUrl":"https:\/\/sarmiento24h.com\/wp-content\/uploads\/2026\/05\/sheinbaum-exige-pruebas-claras-a-ee-uu-tras-acusacion-de-narcotrafico-al-gobernador-de-sinaloa.jpg","width":980,"height":552},{"@type":"BreadcrumbList","@id":"https:\/\/sarmiento24h.com\/?p=168606#breadcrumb","itemListElement":[{"@type":"ListItem","position":1,"name":"Home","item":"https:\/\/sarmiento24h.com\/"},{"@type":"ListItem","position":2,"name":"Sheinbaum exige \u00abpruebas claras\u00bb a EE. UU. tras acusaci\u00f3n de narcotr\u00e1fico al gobernador de Sinaloa"}]},{"@type":"WebSite","@id":"https:\/\/sarmiento24h.com\/#website","url":"https:\/\/sarmiento24h.com\/","name":"Sarmiento24h","description":"","publisher":{"@id":"https:\/\/sarmiento24h.com\/#organization"},"potentialAction":[{"@type":"SearchAction","target":{"@type":"EntryPoint","urlTemplate":"https:\/\/sarmiento24h.com\/?s={search_term_string}"},"query-input":{"@type":"PropertyValueSpecification","valueRequired":true,"valueName":"search_term_string"}}],"inLanguage":"es"},{"@type":"Organization","@id":"https:\/\/sarmiento24h.com\/#organization","name":"Sarmiento24h","url":"https:\/\/sarmiento24h.com\/","logo":{"@type":"ImageObject","inLanguage":"es","@id":"https:\/\/sarmiento24h.com\/#\/schema\/logo\/image\/","url":"https:\/\/sarmiento24h.com\/wp-content\/uploads\/2025\/12\/AddText_12-16-10.30.52.jpg","contentUrl":"https:\/\/sarmiento24h.com\/wp-content\/uploads\/2025\/12\/AddText_12-16-10.30.52.jpg","width":1220,"height":324,"caption":"Sarmiento24h"},"image":{"@id":"https:\/\/sarmiento24h.com\/#\/schema\/logo\/image\/"},"sameAs":["https:\/\/facebook.com\/s24hnoticias","https:\/\/x.com\/sarmiento24h"]},{"@type":"Person","@id":"https:\/\/sarmiento24h.com\/#\/schema\/person\/d653a59725ad629a7e0429af7b939d4d","name":"sarmiento24h@gmail.com","image":{"@type":"ImageObject","inLanguage":"es","@id":"https:\/\/sarmiento24h.com\/wp-content\/litespeed\/avatar\/d02cbc4e23c747e6659cd45907173c8f.jpg?ver=1777157796","url":"https:\/\/sarmiento24h.com\/wp-content\/litespeed\/avatar\/d02cbc4e23c747e6659cd45907173c8f.jpg?ver=1777157796","contentUrl":"https:\/\/sarmiento24h.com\/wp-content\/litespeed\/avatar\/d02cbc4e23c747e6659cd45907173c8f.jpg?ver=1777157796","caption":"sarmiento24h@gmail.com"},"sameAs":["https:\/\/sarmiento24h.com"],"url":"https:\/\/sarmiento24h.com\/?author=1"}]}},"jetpack_publicize_connections":[],"jetpack_featured_media_url":"https:\/\/sarmiento24h.com\/wp-content\/uploads\/2026\/05\/sheinbaum-exige-pruebas-claras-a-ee-uu-tras-acusacion-de-narcotrafico-al-gobernador-de-sinaloa.jpg","jetpack_sharing_enabled":true,"_links":{"self":[{"href":"https:\/\/sarmiento24h.com\/index.php?rest_route=\/wp\/v2\/posts\/168606","targetHints":{"allow":["GET"]}}],"collection":[{"href":"https:\/\/sarmiento24h.com\/index.php?rest_route=\/wp\/v2\/posts"}],"about":[{"href":"https:\/\/sarmiento24h.com\/index.php?rest_route=\/wp\/v2\/types\/post"}],"author":[{"embeddable":true,"href":"https:\/\/sarmiento24h.com\/index.php?rest_route=\/wp\/v2\/users\/1"}],"replies":[{"embeddable":true,"href":"https:\/\/sarmiento24h.com\/index.php?rest_route=%2Fwp%2Fv2%2Fcomments&post=168606"}],"version-history":[{"count":0,"href":"https:\/\/sarmiento24h.com\/index.php?rest_route=\/wp\/v2\/posts\/168606\/revisions"}],"wp:featuredmedia":[{"embeddable":true,"href":"https:\/\/sarmiento24h.com\/index.php?rest_route=\/wp\/v2\/media\/168607"}],"wp:attachment":[{"href":"https:\/\/sarmiento24h.com\/index.php?rest_route=%2Fwp%2Fv2%2Fmedia&parent=168606"}],"wp:term":[{"taxonomy":"category","embeddable":true,"href":"https:\/\/sarmiento24h.com\/index.php?rest_route=%2Fwp%2Fv2%2Fcategories&post=168606"},{"taxonomy":"post_tag","embeddable":true,"href":"https:\/\/sarmiento24h.com\/index.php?rest_route=%2Fwp%2Fv2%2Ftags&post=168606"}],"curies":[{"name":"wp","href":"https:\/\/api.w.org\/{rel}","templated":true}]}}