{"id":168641,"date":"2026-05-01T06:16:54","date_gmt":"2026-05-01T06:16:54","guid":{"rendered":"http:\/\/almomento.net\/?p=1116434"},"modified":"2026-05-01T06:16:54","modified_gmt":"2026-05-01T06:16:54","slug":"diputado-opositor-convoca-marcha-domingo-contra-minera","status":"publish","type":"post","link":"https:\/\/sarmiento24h.com\/?p=168641","title":{"rendered":"Diputado opositor convoca marcha domingo contra minera"},"content":{"rendered":"<p><!-- .entry-header --> <\/p>\n<div class=\"img_center\" readability=\"8\"> <a href=\"https:\/\/almomento.net\/wp-content\/uploads\/2026\/04\/Diputado-de-FP.jpg\" alt=\"Diputado opositor convoca marcha domingo contra minera\" title=\"Diputado opositor convoca marcha domingo contra minera\" data-toggle=\"lightbox\" class=\"thickbox\"><img decoding=\"async\" src=\"https:\/\/almomento.net\/wp-content\/uploads\/2026\/04\/Diputado-de-FP.jpg\" class=\"attachment-post-thumbnail size-post-thumbnail wp-post-image\" alt=\"imagen\" title=\"Diputado opositor convoca marcha domingo contra minera\" data-toggle data-title=\"Diputado opositor convoca marcha domingo contra minera\"><\/a><\/p>\n<p>Diputado de FP, M\u00e9lido Mercedes.<\/p>\n<\/p><\/div>\n<div class=\"post_author\">\n<ul>\n<li><b>Por <\/b> <a href=\"https:\/\/almomento.net\/author\/efe\/\"> <b> EFE<\/b><\/a><\/li>\n<li>Fecha: 01\/05\/2026 <\/li>\n<li> <\/li>\n<\/ul>\n<\/div>\n<div id=\"entry-content\" readability=\"45\">\n<p>Santo Domingo,01 mayo.- El Movimiento Acci\u00f3n de la Zona Norte convoc\u00f3 una marcha para el pr\u00f3ximo domingo tres de mayo en contra de la explotaci\u00f3n minera \u00abque pretende hacer la empresa canadiense Gold Quest\u00bb en San Juan, inform\u00f3 este jueves el diputado de la Fuerza del Pueblo por esa provincia, M\u00e9lido Mercedes.<\/p>\n<div id readability=\"31.5\">\n<p>\n\u201cHacemos un llamado a todos los sanjuaneros y a todos los dominicanos que le duele lo que est\u00e1 pasando en San Juan, a que nos apoyen en esta actividad en defensa del agua, la vida, la flora, la fauna, el medioambiente y la agricultura, que es la base fundamental del desarrollo de nuestra provincia\u201d, dijo el legislador en una nota.<\/p>\n<div readability=\"34\"><strong>PAGARIA CON SU VIDA LA DEFENSA DE SAN JUAN<\/strong><\/p>\n<p>El congresista, quien afirm\u00f3 que el agua es un tesoro que vale m\u00e1s que el oro, y que est\u00e1 dispuesto a pagar con su vida la \u00abdefensa\u00bb de San Juan, expres\u00f3 que la marcha partir\u00e1 del arco del triunfo del distrito municipal San Juan-Hato Nuevo, recorrer\u00e1 la zona norte completa y concluir\u00e1 en el muro de la presa de Sabaneta.<\/p>\n<p>\u201cLa poblaci\u00f3n de San Juan, todos los sectores en sentido general, nos oponemos a esa explotaci\u00f3n porque la misma, no importa el m\u00e9todo que se utilice, ya sea a cielo abierto o subterr\u00e1nea, va a contaminar las aguas del r\u00edo San Juan, que es el que nutre a la presa de Sabaneta, base fundamental para el desarrollo agr\u00edcola en el Valle de San Juan\u201d, se\u00f1al\u00f3.<\/p>\n<p>Mercedes llam\u00f3 al presidente Luis Abinader a poner el o\u00eddo en el coraz\u00f3n del pueblo, que es el soberano, y negarle el permiso de explotaci\u00f3n a la empresa minera canadiense, que en la actualidad realiza estudios de exploraci\u00f3n en la zona.<br \/>an\/am<\/p>\n<\/div>\n<\/div>\n<div class=\"heateor_sss_sharing_container heateor_sss_horizontal_sharing\" data-heateor-sss-href=\"https:\/\/almomento.net\/diputado-opositor-convoca-marcha-domingo-contra-minera\/\" readability=\"7\">\n<p>Comp\u00e1rtelo en tus redes:<\/p>\n<\/div>\n<p> <!-- 468x60 --><br \/>\n<ins class=\"adsbygoogle\" data-ad-client=\"ca-pub-3511341636159665\" data-ad-slot=\"3538255450\"><\/ins> <!-- .entry-content --> <\/div>\n","protected":false},"excerpt":{"rendered":"<p>Diputado de FP, M\u00e9lido Mercedes. Por EFE&#46;&#46;&#46;<\/p>\n","protected":false},"author":1,"featured_media":168642,"comment_status":"closed","ping_status":"closed","sticky":false,"template":"","format":"standard","meta":{"_jetpack_memberships_contains_paid_content":false,"footnotes":"","jetpack_publicize_message":"","jetpack_publicize_feature_enabled":true,"jetpack_social_post_already_shared":true,"jetpack_social_options":{"image_generator_settings":{"template":"highway","default_image_id":0,"font":"","enabled":false},"version":2}},"categories":[61],"tags":[],"class_list":["post-168641","post","type-post","status-publish","format-standard","has-post-thumbnail","hentry","category-politica"],"yoast_head":"<!-- This site is optimized with the Yoast SEO plugin v27.3 - https:\/\/yoast.com\/product\/yoast-seo-wordpress\/ -->\n<title>Diputado opositor convoca marcha domingo contra minera - Sarmiento24h<\/title>\n<meta name=\"robots\" content=\"index, follow, max-snippet:-1, max-image-preview:large, max-video-preview:-1\" \/>\n<link rel=\"canonical\" href=\"https:\/\/sarmiento24h.com\/?p=168641\" \/>\n<meta property=\"og:locale\" content=\"es_ES\" \/>\n<meta property=\"og:type\" content=\"article\" \/>\n<meta property=\"og:title\" content=\"Diputado opositor convoca marcha domingo contra minera - Sarmiento24h\" \/>\n<meta property=\"og:description\" content=\"Diputado de FP, M\u00e9lido Mercedes. Por EFE&#046;&#046;&#046;\" \/>\n<meta property=\"og:url\" content=\"https:\/\/sarmiento24h.com\/?p=168641\" \/>\n<meta property=\"og:site_name\" content=\"Sarmiento24h\" \/>\n<meta property=\"article:publisher\" content=\"https:\/\/facebook.com\/s24hnoticias\" \/>\n<meta property=\"article:published_time\" content=\"2026-05-01T06:16:54+00:00\" \/>\n<meta property=\"og:image\" content=\"https:\/\/almomento.net\/wp-content\/uploads\/2026\/04\/Diputado-de-FP.jpg\" \/>\n<meta name=\"author\" content=\"sarmiento24h@gmail.com\" \/>\n<meta name=\"twitter:card\" content=\"summary_large_image\" \/>\n<meta name=\"twitter:creator\" content=\"@sarmiento24h\" \/>\n<meta name=\"twitter:site\" content=\"@sarmiento24h\" \/>\n<meta name=\"twitter:label1\" content=\"Escrito por\" \/>\n\t<meta name=\"twitter:data1\" content=\"sarmiento24h@gmail.com\" \/>\n\t<meta name=\"twitter:label2\" content=\"Tiempo de lectura\" \/>\n\t<meta name=\"twitter:data2\" content=\"2 minutos\" \/>\n<script type=\"application\/ld+json\" class=\"yoast-schema-graph\">{\"@context\":\"https:\\\/\\\/schema.org\",\"@graph\":[{\"@type\":\"Article\",\"@id\":\"https:\\\/\\\/sarmiento24h.com\\\/?p=168641#article\",\"isPartOf\":{\"@id\":\"https:\\\/\\\/sarmiento24h.com\\\/?p=168641\"},\"author\":{\"name\":\"sarmiento24h@gmail.com\",\"@id\":\"https:\\\/\\\/sarmiento24h.com\\\/#\\\/schema\\\/person\\\/d653a59725ad629a7e0429af7b939d4d\"},\"headline\":\"Diputado opositor convoca marcha domingo contra minera\",\"datePublished\":\"2026-05-01T06:16:54+00:00\",\"mainEntityOfPage\":{\"@id\":\"https:\\\/\\\/sarmiento24h.com\\\/?p=168641\"},\"wordCount\":327,\"publisher\":{\"@id\":\"https:\\\/\\\/sarmiento24h.com\\\/#organization\"},\"image\":{\"@id\":\"https:\\\/\\\/sarmiento24h.com\\\/?p=168641#primaryimage\"},\"thumbnailUrl\":\"https:\\\/\\\/sarmiento24h.com\\\/wp-content\\\/uploads\\\/2026\\\/05\\\/diputado-opositor-convoca-marcha-domingo-contra-minera.jpg\",\"articleSection\":[\"Politica\"],\"inLanguage\":\"es\"},{\"@type\":\"WebPage\",\"@id\":\"https:\\\/\\\/sarmiento24h.com\\\/?p=168641\",\"url\":\"https:\\\/\\\/sarmiento24h.com\\\/?p=168641\",\"name\":\"Diputado opositor convoca marcha domingo contra minera - Sarmiento24h\",\"isPartOf\":{\"@id\":\"https:\\\/\\\/sarmiento24h.com\\\/#website\"},\"primaryImageOfPage\":{\"@id\":\"https:\\\/\\\/sarmiento24h.com\\\/?p=168641#primaryimage\"},\"image\":{\"@id\":\"https:\\\/\\\/sarmiento24h.com\\\/?p=168641#primaryimage\"},\"thumbnailUrl\":\"https:\\\/\\\/sarmiento24h.com\\\/wp-content\\\/uploads\\\/2026\\\/05\\\/diputado-opositor-convoca-marcha-domingo-contra-minera.jpg\",\"datePublished\":\"2026-05-01T06:16:54+00:00\",\"breadcrumb\":{\"@id\":\"https:\\\/\\\/sarmiento24h.com\\\/?p=168641#breadcrumb\"},\"inLanguage\":\"es\",\"potentialAction\":[{\"@type\":\"ReadAction\",\"target\":[\"https:\\\/\\\/sarmiento24h.com\\\/?p=168641\"]}]},{\"@type\":\"ImageObject\",\"inLanguage\":\"es\",\"@id\":\"https:\\\/\\\/sarmiento24h.com\\\/?p=168641#primaryimage\",\"url\":\"https:\\\/\\\/sarmiento24h.com\\\/wp-content\\\/uploads\\\/2026\\\/05\\\/diputado-opositor-convoca-marcha-domingo-contra-minera.jpg\",\"contentUrl\":\"https:\\\/\\\/sarmiento24h.com\\\/wp-content\\\/uploads\\\/2026\\\/05\\\/diputado-opositor-convoca-marcha-domingo-contra-minera.jpg\",\"width\":410,\"height\":278},{\"@type\":\"BreadcrumbList\",\"@id\":\"https:\\\/\\\/sarmiento24h.com\\\/?p=168641#breadcrumb\",\"itemListElement\":[{\"@type\":\"ListItem\",\"position\":1,\"name\":\"Home\",\"item\":\"https:\\\/\\\/sarmiento24h.com\\\/\"},{\"@type\":\"ListItem\",\"position\":2,\"name\":\"Diputado opositor convoca marcha domingo contra minera\"}]},{\"@type\":\"WebSite\",\"@id\":\"https:\\\/\\\/sarmiento24h.com\\\/#website\",\"url\":\"https:\\\/\\\/sarmiento24h.com\\\/\",\"name\":\"Sarmiento24h\",\"description\":\"\",\"publisher\":{\"@id\":\"https:\\\/\\\/sarmiento24h.com\\\/#organization\"},\"potentialAction\":[{\"@type\":\"SearchAction\",\"target\":{\"@type\":\"EntryPoint\",\"urlTemplate\":\"https:\\\/\\\/sarmiento24h.com\\\/?s={search_term_string}\"},\"query-input\":{\"@type\":\"PropertyValueSpecification\",\"valueRequired\":true,\"valueName\":\"search_term_string\"}}],\"inLanguage\":\"es\"},{\"@type\":\"Organization\",\"@id\":\"https:\\\/\\\/sarmiento24h.com\\\/#organization\",\"name\":\"Sarmiento24h\",\"url\":\"https:\\\/\\\/sarmiento24h.com\\\/\",\"logo\":{\"@type\":\"ImageObject\",\"inLanguage\":\"es\",\"@id\":\"https:\\\/\\\/sarmiento24h.com\\\/#\\\/schema\\\/logo\\\/image\\\/\",\"url\":\"https:\\\/\\\/sarmiento24h.com\\\/wp-content\\\/uploads\\\/2025\\\/12\\\/AddText_12-16-10.30.52.jpg\",\"contentUrl\":\"https:\\\/\\\/sarmiento24h.com\\\/wp-content\\\/uploads\\\/2025\\\/12\\\/AddText_12-16-10.30.52.jpg\",\"width\":1220,\"height\":324,\"caption\":\"Sarmiento24h\"},\"image\":{\"@id\":\"https:\\\/\\\/sarmiento24h.com\\\/#\\\/schema\\\/logo\\\/image\\\/\"},\"sameAs\":[\"https:\\\/\\\/facebook.com\\\/s24hnoticias\",\"https:\\\/\\\/x.com\\\/sarmiento24h\"]},{\"@type\":\"Person\",\"@id\":\"https:\\\/\\\/sarmiento24h.com\\\/#\\\/schema\\\/person\\\/d653a59725ad629a7e0429af7b939d4d\",\"name\":\"sarmiento24h@gmail.com\",\"image\":{\"@type\":\"ImageObject\",\"inLanguage\":\"es\",\"@id\":\"https:\\\/\\\/sarmiento24h.com\\\/wp-content\\\/litespeed\\\/avatar\\\/d02cbc4e23c747e6659cd45907173c8f.jpg?ver=1777157796\",\"url\":\"https:\\\/\\\/sarmiento24h.com\\\/wp-content\\\/litespeed\\\/avatar\\\/d02cbc4e23c747e6659cd45907173c8f.jpg?ver=1777157796\",\"contentUrl\":\"https:\\\/\\\/sarmiento24h.com\\\/wp-content\\\/litespeed\\\/avatar\\\/d02cbc4e23c747e6659cd45907173c8f.jpg?ver=1777157796\",\"caption\":\"sarmiento24h@gmail.com\"},\"sameAs\":[\"https:\\\/\\\/sarmiento24h.com\"],\"url\":\"https:\\\/\\\/sarmiento24h.com\\\/?author=1\"}]}<\/script>\n<!-- \/ Yoast SEO plugin. -->","yoast_head_json":{"title":"Diputado opositor convoca marcha domingo contra minera - Sarmiento24h","robots":{"index":"index","follow":"follow","max-snippet":"max-snippet:-1","max-image-preview":"max-image-preview:large","max-video-preview":"max-video-preview:-1"},"canonical":"https:\/\/sarmiento24h.com\/?p=168641","og_locale":"es_ES","og_type":"article","og_title":"Diputado opositor convoca marcha domingo contra minera - Sarmiento24h","og_description":"Diputado de FP, M\u00e9lido Mercedes. Por EFE&#46;&#46;&#46;","og_url":"https:\/\/sarmiento24h.com\/?p=168641","og_site_name":"Sarmiento24h","article_publisher":"https:\/\/facebook.com\/s24hnoticias","article_published_time":"2026-05-01T06:16:54+00:00","og_image":[{"url":"https:\/\/almomento.net\/wp-content\/uploads\/2026\/04\/Diputado-de-FP.jpg","type":"","width":"","height":""}],"author":"sarmiento24h@gmail.com","twitter_card":"summary_large_image","twitter_creator":"@sarmiento24h","twitter_site":"@sarmiento24h","twitter_misc":{"Escrito por":"sarmiento24h@gmail.com","Tiempo de lectura":"2 minutos"},"schema":{"@context":"https:\/\/schema.org","@graph":[{"@type":"Article","@id":"https:\/\/sarmiento24h.com\/?p=168641#article","isPartOf":{"@id":"https:\/\/sarmiento24h.com\/?p=168641"},"author":{"name":"sarmiento24h@gmail.com","@id":"https:\/\/sarmiento24h.com\/#\/schema\/person\/d653a59725ad629a7e0429af7b939d4d"},"headline":"Diputado opositor convoca marcha domingo contra minera","datePublished":"2026-05-01T06:16:54+00:00","mainEntityOfPage":{"@id":"https:\/\/sarmiento24h.com\/?p=168641"},"wordCount":327,"publisher":{"@id":"https:\/\/sarmiento24h.com\/#organization"},"image":{"@id":"https:\/\/sarmiento24h.com\/?p=168641#primaryimage"},"thumbnailUrl":"https:\/\/sarmiento24h.com\/wp-content\/uploads\/2026\/05\/diputado-opositor-convoca-marcha-domingo-contra-minera.jpg","articleSection":["Politica"],"inLanguage":"es"},{"@type":"WebPage","@id":"https:\/\/sarmiento24h.com\/?p=168641","url":"https:\/\/sarmiento24h.com\/?p=168641","name":"Diputado opositor convoca marcha domingo contra minera - Sarmiento24h","isPartOf":{"@id":"https:\/\/sarmiento24h.com\/#website"},"primaryImageOfPage":{"@id":"https:\/\/sarmiento24h.com\/?p=168641#primaryimage"},"image":{"@id":"https:\/\/sarmiento24h.com\/?p=168641#primaryimage"},"thumbnailUrl":"https:\/\/sarmiento24h.com\/wp-content\/uploads\/2026\/05\/diputado-opositor-convoca-marcha-domingo-contra-minera.jpg","datePublished":"2026-05-01T06:16:54+00:00","breadcrumb":{"@id":"https:\/\/sarmiento24h.com\/?p=168641#breadcrumb"},"inLanguage":"es","potentialAction":[{"@type":"ReadAction","target":["https:\/\/sarmiento24h.com\/?p=168641"]}]},{"@type":"ImageObject","inLanguage":"es","@id":"https:\/\/sarmiento24h.com\/?p=168641#primaryimage","url":"https:\/\/sarmiento24h.com\/wp-content\/uploads\/2026\/05\/diputado-opositor-convoca-marcha-domingo-contra-minera.jpg","contentUrl":"https:\/\/sarmiento24h.com\/wp-content\/uploads\/2026\/05\/diputado-opositor-convoca-marcha-domingo-contra-minera.jpg","width":410,"height":278},{"@type":"BreadcrumbList","@id":"https:\/\/sarmiento24h.com\/?p=168641#breadcrumb","itemListElement":[{"@type":"ListItem","position":1,"name":"Home","item":"https:\/\/sarmiento24h.com\/"},{"@type":"ListItem","position":2,"name":"Diputado opositor convoca marcha domingo contra minera"}]},{"@type":"WebSite","@id":"https:\/\/sarmiento24h.com\/#website","url":"https:\/\/sarmiento24h.com\/","name":"Sarmiento24h","description":"","publisher":{"@id":"https:\/\/sarmiento24h.com\/#organization"},"potentialAction":[{"@type":"SearchAction","target":{"@type":"EntryPoint","urlTemplate":"https:\/\/sarmiento24h.com\/?s={search_term_string}"},"query-input":{"@type":"PropertyValueSpecification","valueRequired":true,"valueName":"search_term_string"}}],"inLanguage":"es"},{"@type":"Organization","@id":"https:\/\/sarmiento24h.com\/#organization","name":"Sarmiento24h","url":"https:\/\/sarmiento24h.com\/","logo":{"@type":"ImageObject","inLanguage":"es","@id":"https:\/\/sarmiento24h.com\/#\/schema\/logo\/image\/","url":"https:\/\/sarmiento24h.com\/wp-content\/uploads\/2025\/12\/AddText_12-16-10.30.52.jpg","contentUrl":"https:\/\/sarmiento24h.com\/wp-content\/uploads\/2025\/12\/AddText_12-16-10.30.52.jpg","width":1220,"height":324,"caption":"Sarmiento24h"},"image":{"@id":"https:\/\/sarmiento24h.com\/#\/schema\/logo\/image\/"},"sameAs":["https:\/\/facebook.com\/s24hnoticias","https:\/\/x.com\/sarmiento24h"]},{"@type":"Person","@id":"https:\/\/sarmiento24h.com\/#\/schema\/person\/d653a59725ad629a7e0429af7b939d4d","name":"sarmiento24h@gmail.com","image":{"@type":"ImageObject","inLanguage":"es","@id":"https:\/\/sarmiento24h.com\/wp-content\/litespeed\/avatar\/d02cbc4e23c747e6659cd45907173c8f.jpg?ver=1777157796","url":"https:\/\/sarmiento24h.com\/wp-content\/litespeed\/avatar\/d02cbc4e23c747e6659cd45907173c8f.jpg?ver=1777157796","contentUrl":"https:\/\/sarmiento24h.com\/wp-content\/litespeed\/avatar\/d02cbc4e23c747e6659cd45907173c8f.jpg?ver=1777157796","caption":"sarmiento24h@gmail.com"},"sameAs":["https:\/\/sarmiento24h.com"],"url":"https:\/\/sarmiento24h.com\/?author=1"}]}},"jetpack_publicize_connections":[],"jetpack_featured_media_url":"https:\/\/sarmiento24h.com\/wp-content\/uploads\/2026\/05\/diputado-opositor-convoca-marcha-domingo-contra-minera.jpg","jetpack_sharing_enabled":true,"_links":{"self":[{"href":"https:\/\/sarmiento24h.com\/index.php?rest_route=\/wp\/v2\/posts\/168641","targetHints":{"allow":["GET"]}}],"collection":[{"href":"https:\/\/sarmiento24h.com\/index.php?rest_route=\/wp\/v2\/posts"}],"about":[{"href":"https:\/\/sarmiento24h.com\/index.php?rest_route=\/wp\/v2\/types\/post"}],"author":[{"embeddable":true,"href":"https:\/\/sarmiento24h.com\/index.php?rest_route=\/wp\/v2\/users\/1"}],"replies":[{"embeddable":true,"href":"https:\/\/sarmiento24h.com\/index.php?rest_route=%2Fwp%2Fv2%2Fcomments&post=168641"}],"version-history":[{"count":0,"href":"https:\/\/sarmiento24h.com\/index.php?rest_route=\/wp\/v2\/posts\/168641\/revisions"}],"wp:featuredmedia":[{"embeddable":true,"href":"https:\/\/sarmiento24h.com\/index.php?rest_route=\/wp\/v2\/media\/168642"}],"wp:attachment":[{"href":"https:\/\/sarmiento24h.com\/index.php?rest_route=%2Fwp%2Fv2%2Fmedia&parent=168641"}],"wp:term":[{"taxonomy":"category","embeddable":true,"href":"https:\/\/sarmiento24h.com\/index.php?rest_route=%2Fwp%2Fv2%2Fcategories&post=168641"},{"taxonomy":"post_tag","embeddable":true,"href":"https:\/\/sarmiento24h.com\/index.php?rest_route=%2Fwp%2Fv2%2Ftags&post=168641"}],"curies":[{"name":"wp","href":"https:\/\/api.w.org\/{rel}","templated":true}]}}