{"id":168728,"date":"2026-05-01T07:06:54","date_gmt":"2026-05-01T07:06:54","guid":{"rendered":"http:\/\/9d62a91e-44dd-11f1-8589-411b3e55a89f"},"modified":"2026-05-01T07:06:54","modified_gmt":"2026-05-01T07:06:54","slug":"dejales-jugar-trump-se-apega-a-confirmacion-de-infantino-de-que-iran-participara-en-el-mundial","status":"publish","type":"post","link":"https:\/\/sarmiento24h.com\/?p=168728","title":{"rendered":"\u00abD\u00e9jales jugar\u00bb: Trump se apega a confirmaci\u00f3n de Infantino de que Ir\u00e1n participar\u00e1 en el Mundial"},"content":{"rendered":"<p>La <a href=\"https:\/\/www.france24.com\/es\/tag\/fifa\/\" target=\"_self\" class=\"gtm-add-suggested-tag\">FIFA<\/a> confirma la participaci\u00f3n de la selecci\u00f3n de <a href=\"https:\/\/www.france24.com\/es\/tag\/ir\u00e1n\/\" target=\"_self\" class=\"gtm-add-suggested-tag\">Ir\u00e1n<\/a> en el Mundial masculino de mayores.&nbsp;<\/p>\n<p>Este jueves 30 de abril, en medio del <a href=\"https:\/\/www.france24.com\/es\/tag\/congreso\/\" target=\"_self\" class=\"gtm-add-suggested-tag\">Congreso<\/a> anual de la entidad celebrado en la ciudad canadiense de Vancouver, el m\u00e1ximo dirigente de la organizaci\u00f3n, <a href=\"https:\/\/www.france24.com\/es\/tag\/gianni-infantino\/\" target=\"_self\" class=\"gtm-add-suggested-tag\">Gianni Infantino<\/a>, declar\u00f3 que la representaci\u00f3n de la Rep\u00fablica Isl\u00e1mica estar\u00e1 presente en el torneo, sin importar que tenga partidos programados en Estados Unidos.<\/p>\n<p><strong>\u201cPor supuesto, Ir\u00e1n va a jugar en los Estados Unidos de Am\u00e9rica. El motivo es muy sencillo. Tenemos que unirnos y acercarnos a la gente. La FIFA une al mundo. Tenemos que recordar siempre que hay que ser positivos\u00bb<\/strong>, afirm\u00f3 el dirigente suizo.&nbsp;<\/p>\n<p>Posteriormente, el presidente estadounidense, <a href=\"https:\/\/www.france24.com\/es\/tag\/donald-trump\/\" target=\"_self\" class=\"gtm-add-suggested-tag\">Donald Trump<\/a>, se\u00f1al\u00f3 a la prensa en el sal\u00f3n Oval de la <a href=\"https:\/\/www.france24.com\/es\/tag\/casa-blanca\/\" target=\"_self\" class=\"gtm-add-suggested-tag\">Casa Blanca<\/a> que <strong>\u00abSi Gianni lo dijo, estoy bien\u00bb<\/strong>.<\/p>\n<blockquote class=\"quote\" readability=\"6\">\n<p>\u00ab\u00bfSabes qu\u00e9? D\u00e9jales jugar\u201d, a\u00f1adi\u00f3 el mandatario.<\/p>\n<\/blockquote>\n<p>A las afueras del centro de convenciones donde se realiz\u00f3 el Congreso de FIFA en Vancouver, decenas de manifestantes se agolparon sosteniendo im\u00e1genes del hijo del sha, Reza Pahlavi, y carteles contra los ayatol\u00e1s, para pedir que no se permita participar al llamado &#8216;Team Melli&#8217;.&nbsp;<\/p>\n<p>\u201cEsto no es Ir\u00e1n, es la selecci\u00f3n de la Rep\u00fablica Isl\u00e1mica. Es la selecci\u00f3n del Cuerpo de la Guardia Revolucionaria Isl\u00e1mica. As\u00ed que no est\u00e1n aqu\u00ed para representar a Ir\u00e1n. <strong>Est\u00e1n aqu\u00ed para normalizar lo que est\u00e1 ocurriendo en Ir\u00e1n, la masacre en Ir\u00e1n. Por eso, no, no deber\u00edan estar en el Mundial\u00bb<\/strong>, asever\u00f3 a la agencia Reuters Pouria Mahmoudi.<\/p>\n<div class=\"m-em-image\">\n<figure class=\"m-item-image m-item-image--original m-item-image--has-caption\"> <picture class=\"a-picture a-picture--original\"><source type=\"image\/webp\" srcset=\"https:\/\/s.france24.com\/media\/display\/80b9ecc6-44da-11f1-8be2-005056a97e36\/w:246\/2026-04-30T210626Z-269118229-UP1EM4U1MMODQ-RTRMADP-3-SOCCER-FIFA.webp 246w, https:\/\/s.france24.com\/media\/display\/80b9ecc6-44da-11f1-8be2-005056a97e36\/w:388\/2026-04-30T210626Z-269118229-UP1EM4U1MMODQ-RTRMADP-3-SOCCER-FIFA.webp 388w, https:\/\/s.france24.com\/media\/display\/80b9ecc6-44da-11f1-8be2-005056a97e36\/w:720\/2026-04-30T210626Z-269118229-UP1EM4U1MMODQ-RTRMADP-3-SOCCER-FIFA.webp 720w, https:\/\/s.france24.com\/media\/display\/80b9ecc6-44da-11f1-8be2-005056a97e36\/w:980\/2026-04-30T210626Z-269118229-UP1EM4U1MMODQ-RTRMADP-3-SOCCER-FIFA.webp 980w\" sizes=\"(max-width: 1023px) calc(100vw - 32px), (min-width: 1024px) 850px\"><img fetchpriority=\"low\" decoding=\"async\" src=\"https:\/\/s.france24.com\/media\/display\/80b9ecc6-44da-11f1-8be2-005056a97e36\/w:980\/2026-04-30T210626Z-269118229-UP1EM4U1MMODQ-RTRMADP-3-SOCCER-FIFA.jpg\" srcset=\"https:\/\/s.france24.com\/media\/display\/80b9ecc6-44da-11f1-8be2-005056a97e36\/w:246\/2026-04-30T210626Z-269118229-UP1EM4U1MMODQ-RTRMADP-3-SOCCER-FIFA.jpg 246w, https:\/\/s.france24.com\/media\/display\/80b9ecc6-44da-11f1-8be2-005056a97e36\/w:388\/2026-04-30T210626Z-269118229-UP1EM4U1MMODQ-RTRMADP-3-SOCCER-FIFA.jpg 388w, https:\/\/s.france24.com\/media\/display\/80b9ecc6-44da-11f1-8be2-005056a97e36\/w:720\/2026-04-30T210626Z-269118229-UP1EM4U1MMODQ-RTRMADP-3-SOCCER-FIFA.jpg 720w, https:\/\/s.france24.com\/media\/display\/80b9ecc6-44da-11f1-8be2-005056a97e36\/w:980\/2026-04-30T210626Z-269118229-UP1EM4U1MMODQ-RTRMADP-3-SOCCER-FIFA.jpg 980w\" sizes=\"(max-width: 1023px) calc(100vw - 32px), (min-width: 1024px) 850px\" alt=\"Manifestantes reaccionan mientras sostienen pancartas de protesta frente al Centro de Convenciones de Vancouver durante el 76.\u00ba Congreso de la FIFA.\" loading=\"lazy\" class=\"a-img \">\n<\/picture><figcaption class=\"a-figcaption\"> <span>Manifestantes reaccionan mientras sostienen pancartas de protesta frente al Centro de Convenciones de Vancouver durante el 76.\u00ba Congreso de la FIFA.<\/span> <span>\u00a9 REUTERS &#8211; Jennifer Gauthier<\/span> <\/figcaption><\/figure>\n<\/p><\/div>\n<p>Desde el estallido de la guerra de <a href=\"https:\/\/www.france24.com\/es\/tag\/israel\/\" target=\"_self\" class=\"gtm-add-suggested-tag\">Israel<\/a> y Estados Unidos contra la Rep\u00fablica Isl\u00e1mica el 28 de febrero de este a\u00f1o, la participaci\u00f3n del combinado iran\u00ed en la m\u00e1xima justa futbol\u00edstica ha estado en duda.&nbsp;&nbsp;&nbsp;<\/p>\n<p>En su momento, el ministro de Deportes y Juventud del Gobierno de <a href=\"https:\/\/www.france24.com\/es\/tag\/teher\u00e1n\/\" target=\"_self\" class=\"gtm-add-suggested-tag\">Teher\u00e1n<\/a>, Ahmad Donayamali, dijo que<strong> \u201cen los \u00faltimos ocho o nueve meses, se nos han impuesto dos guerras y varios miles de nuestros compatriotas han muerto o han sido martirizados. Por lo tanto, definitivamente no tenemos posibilidad de participar\u00bb<\/strong>.<\/p>\n<div class=\"m-em-image\">\n<figure class=\"m-item-image m-item-image--original m-item-image--has-caption\"> <picture class=\"a-picture a-picture--original\"><source type=\"image\/webp\" srcset=\"https:\/\/s.france24.com\/media\/display\/fda0f39c-44da-11f1-b2de-005056bfb2b6\/w:246\/AP22333768768745.webp 246w, https:\/\/s.france24.com\/media\/display\/fda0f39c-44da-11f1-b2de-005056bfb2b6\/w:388\/AP22333768768745.webp 388w, https:\/\/s.france24.com\/media\/display\/fda0f39c-44da-11f1-b2de-005056bfb2b6\/w:720\/AP22333768768745.webp 720w, https:\/\/s.france24.com\/media\/display\/fda0f39c-44da-11f1-b2de-005056bfb2b6\/w:980\/AP22333768768745.webp 980w\" sizes=\"(max-width: 1023px) calc(100vw - 32px), (min-width: 1024px) 850px\"><img fetchpriority=\"low\" decoding=\"async\" src=\"https:\/\/s.france24.com\/media\/display\/fda0f39c-44da-11f1-b2de-005056bfb2b6\/w:980\/AP22333768768745.jpg\" srcset=\"https:\/\/s.france24.com\/media\/display\/fda0f39c-44da-11f1-b2de-005056bfb2b6\/w:246\/AP22333768768745.jpg 246w, https:\/\/s.france24.com\/media\/display\/fda0f39c-44da-11f1-b2de-005056bfb2b6\/w:388\/AP22333768768745.jpg 388w, https:\/\/s.france24.com\/media\/display\/fda0f39c-44da-11f1-b2de-005056bfb2b6\/w:720\/AP22333768768745.jpg 720w, https:\/\/s.france24.com\/media\/display\/fda0f39c-44da-11f1-b2de-005056bfb2b6\/w:980\/AP22333768768745.jpg 980w\" sizes=\"(max-width: 1023px) calc(100vw - 32px), (min-width: 1024px) 850px\" alt=\"Las banderas de Ir\u00e1n, a la izquierda, y de Estados Unidos son llevadas al campo antes del inicio del partido de f\u00fatbol de la fase de grupos B del Mundial entre Ir\u00e1n y Estados Unidos, celebrado en el estadio Al-Thumama de Doha, Qatar, el martes 29 de noviembre de 2022.\" loading=\"lazy\" class=\"a-img \">\n<\/picture><figcaption class=\"a-figcaption\"> <span>Las banderas de Ir\u00e1n, a la izquierda, y de Estados Unidos son llevadas al campo antes del inicio del partido de f\u00fatbol de la fase de grupos B del Mundial entre Ir\u00e1n y Estados Unidos, celebrado en el estadio Al-Thumama de Doha, Qatar, el martes 29 de noviembre de 2022.<\/span> <span>\u00a9 AP &#8211; Hassan Ammar<\/span> <\/figcaption><\/figure>\n<\/p><\/div>\n<p>La selecci\u00f3n de mayores de Ir\u00e1n clasific\u00f3 a la cita mundialista tras quedar primera en el grupo A en las eliminatorias de la Confederaci\u00f3n Asi\u00e1tica de <a href=\"https:\/\/www.france24.com\/es\/tag\/f\u00fatbol\/\" target=\"_self\" class=\"gtm-add-suggested-tag\">F\u00fatbol<\/a> (AFC), y fue, aparte de los organizadores (EE. UU., Canad\u00e1 y M\u00e9xico) en el tercer equipo que apartaba su cupo, despu\u00e9s de Jap\u00f3n y Nueva Zelanda.&nbsp;<\/p>\n<p>El Mundial de Norteam\u00e9rica 2026 ser\u00e1 el s\u00e9ptimo con presencia de la oncena iran\u00ed, que nunca ha superado la primera ronda.<\/p>\n<p>En la fase de la edici\u00f3n de 2026, Ir\u00e1n hace parte del grupo G y tiene programado jugar con su similar de Nueva Zelanda el 15 de junio en el SoFi Stadium de <a href=\"https:\/\/www.france24.com\/es\/tag\/los-\u00e1ngeles\/\" target=\"_self\" class=\"gtm-add-suggested-tag\">Los \u00c1ngeles<\/a>. Luego se enfrentar\u00e1 a B\u00e9lgica en el mismo escenario el 21 de junio y finalmente medir fuerzas el 26 de junio con Egipto en el Lumen Field de Seattle.&nbsp;<\/p>\n<h2><strong>Federaci\u00f3n iran\u00ed ausente<\/strong><\/h2>\n<p>Los representantes de la Federaci\u00f3n de Ir\u00e1n fueron los grandes ausentes en el Congreso anual de FIFA en el que se ratific\u00f3 la participaci\u00f3n mundialista.&nbsp;De hecho, el secretario general de la organizaci\u00f3n, Mattias Grafstr\u00f6m, pas\u00f3 lista a las 211 federaciones y s\u00f3lo falt\u00f3 una, la iran\u00ed.&nbsp;&nbsp;<\/p>\n<p>Los dirigentes de la Rep\u00fablica Isl\u00e1mica alegaron que fueron rechazados en el aeropuerto principal de Toronto, a pesar de tener visados en regla, debido a que sus dirigentes est\u00e1n presuntamente vinculados con la Guardia Revolucionaria.&nbsp;<\/p>\n<p>La agencia estatal Tasnim denunci\u00f3 que el presidente de la federaci\u00f3n, Mehdi Taj, el secretario general, Hedayat Mombeni, y su adjunto, Hamed Momeni, sufrieron <strong>\u00abcomportamientos inaceptables por parte de los funcionarios de inmigraci\u00f3n\u00bb.&nbsp;<\/strong><\/p>\n<div id=\"em-WBMZ387938-F24-ES-20260430\" class=\"m-em-flash\" data-xtwitter-script><figcaption class=\"a-figcaption\"> <\/figcaption><div class=\"o-em-consent \" readability=\"7\">\n<div class=\"o-em-consent__content\" readability=\"34\">\n<p class=\"o-em-consent__content__text\">Para mostrar este contenido de X (Twitter), debe autorizar las cookies de medici\u00f3n de audiencia y publicidad.<\/p>\n<p> <button class=\"a-master-button a-master-button--dark\" data-action=\"accept\"> Aceptar <svg class=\"a-svg a-svg--icon-check\"> <use xlink:href=\"\/build\/images\/svg\/sprite.c98bf387c90bc4a87186b0b783f15ba0.svg#icon-check\" href=\"\/build\/images\/svg\/sprite.c98bf387c90bc4a87186b0b783f15ba0.svg#icon-check\" \/> <\/svg> <\/button> <button class=\"a-link\" data-action=\"manage\">Gestionar mis opciones<i class=\"a-svg a-svg--icon-edit\"><\/i><\/button> <\/div>\n<\/div>\n<\/div>\n<p><a href=\"https:\/\/www.france24.com\/es\/tag\/canad\u00e1\/\" target=\"_self\" class=\"gtm-add-suggested-tag\">Canad\u00e1<\/a>, al igual que Estados Unidos y la Uni\u00f3n Europea, ha declarado a la Guardia Revolucionaria iran\u00ed como una organizaci\u00f3n terrorista.<\/p>\n<p>\u00abSi bien no podemos comentar sobre casos individuales debido a las leyes de privacidad, el gobierno ha sido claro y consistente: los funcionarios de la Guardia Revolucionaria Isl\u00e1mica de Ir\u00e1n son inadmisibles en Canad\u00e1 y no tienen lugar en nuestro pa\u00eds\u00bb, dijo el gobierno de <a href=\"https:\/\/www.france24.com\/es\/tag\/mark-carney\/\" target=\"_self\" class=\"gtm-add-suggested-tag\">Mark Carney<\/a> por medio de un comunicado.&nbsp;<\/p>\n<p>La semana pasada el secretario de Estado de Estados Unidos, <a href=\"https:\/\/www.france24.com\/es\/tag\/marco-rubio\/\" target=\"_self\" class=\"gtm-add-suggested-tag\">Marco Rubio<\/a>, dijo que el Gobierno Trump no ten\u00eda objeciones sobre la participaci\u00f3n de los jugadores iran\u00edes en la Copa del <a href=\"https:\/\/www.france24.com\/es\/tag\/mundo\/\" target=\"_self\" class=\"gtm-add-suggested-tag\">Mundo<\/a>, pero advirti\u00f3 que no se permitir\u00eda que la delegaci\u00f3n incluyera a personas con relacionadas con la Guardia Revolucionaria Isl\u00e1mica.<\/p>\n<h2><strong>Infantino apuesta a la tranquilidad<\/strong><\/h2>\n<p>A lo largo de su intervenci\u00f3n ante los afiliados, <strong>el presidente Infantino declar\u00f3 que la organizaci\u00f3n atraviesa por \u201csu mejor momento\u201d<\/strong>.&nbsp;<\/p>\n<p>El dirigente suizo hizo \u00e9nfasis en el aumento de los ingresos de <a href=\"https:\/\/www.france24.com\/es\/tag\/fifa\/\" target=\"_self\" class=\"gtm-add-suggested-tag\">FIFA<\/a> durante su gesti\u00f3n, que han pasado de 6.500 millones de <a href=\"https:\/\/www.france24.com\/es\/tag\/d\u00f3lares\/\" target=\"_self\" class=\"gtm-add-suggested-tag\">d\u00f3lares<\/a> anuales a 14.000 en la m\u00e1s reciente medici\u00f3n.&nbsp;&nbsp;<\/p>\n<p>Bajo la gesti\u00f3n de Infantino, se ha ampliado el cupo de participantes tanto para el Mundial de mayores masculino, que para la edici\u00f3n de 2026 tendr\u00e1 por primera vez 48 selecciones, como para la competencia femenina de mayores, que para Australia y Nueva Zelanda 2023 estren\u00f3 el formato de 32 equipos.<\/p>\n<p>Adem\u00e1s, Infantino destac\u00f3 la creaci\u00f3n de&nbsp;nuevas competiciones en b\u00fasqueda de maximizar los ingresos de FIFA, como el nuevo <a href=\"https:\/\/www.france24.com\/es\/tag\/mundial-de-clubes\/\" target=\"_self\" class=\"gtm-add-suggested-tag\">Mundial de Clubes<\/a>&nbsp;y el sistema de partidos amistosos <a href=\"https:\/\/www.france24.com\/es\/tag\/fifa\/\" target=\"_self\" class=\"gtm-add-suggested-tag\">FIFA<\/a> Series.&nbsp;<\/p>\n<div class=\"m-em-image\">\n<figure class=\"m-item-image m-item-image--original m-item-image--has-caption\"> <picture class=\"a-picture a-picture--original\"><source type=\"image\/webp\" srcset=\"https:\/\/s.france24.com\/media\/display\/3902664a-44dc-11f1-94b2-005056bf30b7\/w:246\/2026-04-30T203113Z-110695814-UP1EM4U1L00BQ-RTRMADP-3-SOCCER-FIFA.webp 246w, https:\/\/s.france24.com\/media\/display\/3902664a-44dc-11f1-94b2-005056bf30b7\/w:388\/2026-04-30T203113Z-110695814-UP1EM4U1L00BQ-RTRMADP-3-SOCCER-FIFA.webp 388w, https:\/\/s.france24.com\/media\/display\/3902664a-44dc-11f1-94b2-005056bf30b7\/w:720\/2026-04-30T203113Z-110695814-UP1EM4U1L00BQ-RTRMADP-3-SOCCER-FIFA.webp 720w, https:\/\/s.france24.com\/media\/display\/3902664a-44dc-11f1-94b2-005056bf30b7\/w:980\/2026-04-30T203113Z-110695814-UP1EM4U1L00BQ-RTRMADP-3-SOCCER-FIFA.webp 980w\" sizes=\"(max-width: 1023px) calc(100vw - 32px), (min-width: 1024px) 850px\"><img fetchpriority=\"low\" decoding=\"async\" src=\"https:\/\/s.france24.com\/media\/display\/3902664a-44dc-11f1-94b2-005056bf30b7\/w:980\/2026-04-30T203113Z-110695814-UP1EM4U1L00BQ-RTRMADP-3-SOCCER-FIFA.jpg\" srcset=\"https:\/\/s.france24.com\/media\/display\/3902664a-44dc-11f1-94b2-005056bf30b7\/w:246\/2026-04-30T203113Z-110695814-UP1EM4U1L00BQ-RTRMADP-3-SOCCER-FIFA.jpg 246w, https:\/\/s.france24.com\/media\/display\/3902664a-44dc-11f1-94b2-005056bf30b7\/w:388\/2026-04-30T203113Z-110695814-UP1EM4U1L00BQ-RTRMADP-3-SOCCER-FIFA.jpg 388w, https:\/\/s.france24.com\/media\/display\/3902664a-44dc-11f1-94b2-005056bf30b7\/w:720\/2026-04-30T203113Z-110695814-UP1EM4U1L00BQ-RTRMADP-3-SOCCER-FIFA.jpg 720w, https:\/\/s.france24.com\/media\/display\/3902664a-44dc-11f1-94b2-005056bf30b7\/w:980\/2026-04-30T203113Z-110695814-UP1EM4U1L00BQ-RTRMADP-3-SOCCER-FIFA.jpg 980w\" sizes=\"(max-width: 1023px) calc(100vw - 32px), (min-width: 1024px) 850px\" alt=\"El exfutbolista y director deportivo del CFR Cluj, Mikael Silvestre, y el presidente de la FIFA, Gianni Infantino, conversan durante el Congreso de la FIFA en Vancouver, Canad\u00e1, el 30 de abril de 2026.\" loading=\"lazy\" class=\"a-img \">\n<\/picture><figcaption class=\"a-figcaption\"> <span>El exfutbolista y director deportivo del CFR Cluj, Mikael Silvestre, y el presidente de la FIFA, Gianni Infantino, conversan durante el Congreso de la FIFA en Vancouver, Canad\u00e1, el 30 de abril de 2026.<\/span> <span>\u00a9 REUTERS &#8211; Jennifer Gauthier<\/span> <\/figcaption><\/figure>\n<\/p><\/div>\n<p>En respuesta a la oleada de cr\u00edticas por el precio de las entradas y el sistema de distribuci\u00f3n de los boletos del Mundial, el dirigente asegur\u00f3 que <strong>\u00abhay entradas caras pero tambi\u00e9n asequibles\u00bb<\/strong>.<\/p>\n<p>A\u00f1adi\u00f3 que hasta el momento la <a href=\"https:\/\/www.france24.com\/es\/tag\/fifa\/\" target=\"_self\" class=\"gtm-add-suggested-tag\">FIFA<\/a> ha recibido 500 millones de solicitudes para conseguir entradas y que se ha agotado la totalidad de los tiquetes puestos a la venta, lo que seg\u00fan \u00e9l equivale a alrededor del 90 % del aforo total del evento.&nbsp;<\/p>\n<p>Por primera vez, el \u00f3rgano rector del f\u00fatbol est\u00e1 utilizando el sistema de precios din\u00e1micos para comercializar las entradas, argumentando la demanda \u201cextraordinaria\u201d que hay para asistir a este torneo que se realiza cada cuatro a\u00f1os.&nbsp;<\/p>\n<p>Sin embargo, investigaciones period\u00edsticas del diario &#8216;<a href=\"https:\/\/www.nytimes.com\/athletic\/7182937\/2026\/04\/09\/fifa-world-cup-tickets-new-category-prices\/\" target=\"_blank\">The Athletic<\/a>&#8216; han denunciado que en la m\u00e1s reciente fase de distribuci\u00f3n de entradas, hay boletos cuyo precio puede exceder los 10.000 <a href=\"https:\/\/www.france24.com\/es\/tag\/d\u00f3lares\/\" target=\"_self\" class=\"gtm-add-suggested-tag\">d\u00f3lares<\/a> estadounidenses y la organizaci\u00f3n ha creado nuevas categor\u00edas de tiquetes que no exist\u00edan en la oferta inicial.&nbsp;<\/p>\n<p>Con EFE, Reuters y medios locales<\/p>\n","protected":false},"excerpt":{"rendered":"<p>La FIFA confirma la participaci\u00f3n de la&#46;&#46;&#46;<\/p>\n","protected":false},"author":1,"featured_media":168729,"comment_status":"closed","ping_status":"closed","sticky":false,"template":"","format":"standard","meta":{"_jetpack_memberships_contains_paid_content":false,"footnotes":"","jetpack_publicize_message":"","jetpack_publicize_feature_enabled":true,"jetpack_social_post_already_shared":true,"jetpack_social_options":{"image_generator_settings":{"template":"highway","default_image_id":0,"font":"","enabled":false},"version":2}},"categories":[48,43],"tags":[],"class_list":["post-168728","post","type-post","status-publish","format-standard","has-post-thumbnail","hentry","category-deportes","category-internacionales"],"yoast_head":"<!-- This site is optimized with the Yoast SEO plugin v27.3 - https:\/\/yoast.com\/product\/yoast-seo-wordpress\/ -->\n<title>&quot;D\u00e9jales jugar&quot;: Trump se apega a confirmaci\u00f3n de Infantino de que Ir\u00e1n participar\u00e1 en el Mundial - Sarmiento24h<\/title>\n<meta name=\"robots\" content=\"index, follow, max-snippet:-1, max-image-preview:large, max-video-preview:-1\" \/>\n<link rel=\"canonical\" href=\"https:\/\/sarmiento24h.com\/?p=168728\" \/>\n<meta property=\"og:locale\" content=\"es_ES\" \/>\n<meta property=\"og:type\" content=\"article\" \/>\n<meta property=\"og:title\" content=\"&quot;D\u00e9jales jugar&quot;: Trump se apega a confirmaci\u00f3n de Infantino de que Ir\u00e1n participar\u00e1 en el Mundial - Sarmiento24h\" \/>\n<meta property=\"og:description\" content=\"La FIFA confirma la participaci\u00f3n de la&#046;&#046;&#046;\" \/>\n<meta property=\"og:url\" content=\"https:\/\/sarmiento24h.com\/?p=168728\" \/>\n<meta property=\"og:site_name\" content=\"Sarmiento24h\" \/>\n<meta property=\"article:publisher\" content=\"https:\/\/facebook.com\/s24hnoticias\" \/>\n<meta property=\"article:published_time\" content=\"2026-05-01T07:06:54+00:00\" \/>\n<meta property=\"og:image\" content=\"https:\/\/s.france24.com\/media\/display\/80b9ecc6-44da-11f1-8be2-005056a97e36\/w:980\/2026-04-30T210626Z-269118229-UP1EM4U1MMODQ-RTRMADP-3-SOCCER-FIFA.jpg\" \/>\n<meta name=\"author\" content=\"sarmiento24h@gmail.com\" \/>\n<meta name=\"twitter:card\" content=\"summary_large_image\" \/>\n<meta name=\"twitter:creator\" content=\"@sarmiento24h\" \/>\n<meta name=\"twitter:site\" content=\"@sarmiento24h\" \/>\n<meta name=\"twitter:label1\" content=\"Escrito por\" \/>\n\t<meta name=\"twitter:data1\" content=\"sarmiento24h@gmail.com\" \/>\n\t<meta name=\"twitter:label2\" content=\"Tiempo de lectura\" \/>\n\t<meta name=\"twitter:data2\" content=\"6 minutos\" \/>\n<script type=\"application\/ld+json\" class=\"yoast-schema-graph\">{\"@context\":\"https:\\\/\\\/schema.org\",\"@graph\":[{\"@type\":\"Article\",\"@id\":\"https:\\\/\\\/sarmiento24h.com\\\/?p=168728#article\",\"isPartOf\":{\"@id\":\"https:\\\/\\\/sarmiento24h.com\\\/?p=168728\"},\"author\":{\"name\":\"sarmiento24h@gmail.com\",\"@id\":\"https:\\\/\\\/sarmiento24h.com\\\/#\\\/schema\\\/person\\\/d653a59725ad629a7e0429af7b939d4d\"},\"headline\":\"\u00abD\u00e9jales jugar\u00bb: Trump se apega a confirmaci\u00f3n de Infantino de que Ir\u00e1n participar\u00e1 en el Mundial\",\"datePublished\":\"2026-05-01T07:06:54+00:00\",\"mainEntityOfPage\":{\"@id\":\"https:\\\/\\\/sarmiento24h.com\\\/?p=168728\"},\"wordCount\":1276,\"publisher\":{\"@id\":\"https:\\\/\\\/sarmiento24h.com\\\/#organization\"},\"image\":{\"@id\":\"https:\\\/\\\/sarmiento24h.com\\\/?p=168728#primaryimage\"},\"thumbnailUrl\":\"https:\\\/\\\/sarmiento24h.com\\\/wp-content\\\/uploads\\\/2026\\\/05\\\/dejales-jugar-trump-se-apega-a-confirmacion-de-infantino-de-que-iran-participara-en-el-mundial.jpg\",\"articleSection\":[\"Deportes\",\"Internacionales\"],\"inLanguage\":\"es\"},{\"@type\":\"WebPage\",\"@id\":\"https:\\\/\\\/sarmiento24h.com\\\/?p=168728\",\"url\":\"https:\\\/\\\/sarmiento24h.com\\\/?p=168728\",\"name\":\"\\\"D\u00e9jales jugar\\\": Trump se apega a confirmaci\u00f3n de Infantino de que Ir\u00e1n participar\u00e1 en el Mundial - Sarmiento24h\",\"isPartOf\":{\"@id\":\"https:\\\/\\\/sarmiento24h.com\\\/#website\"},\"primaryImageOfPage\":{\"@id\":\"https:\\\/\\\/sarmiento24h.com\\\/?p=168728#primaryimage\"},\"image\":{\"@id\":\"https:\\\/\\\/sarmiento24h.com\\\/?p=168728#primaryimage\"},\"thumbnailUrl\":\"https:\\\/\\\/sarmiento24h.com\\\/wp-content\\\/uploads\\\/2026\\\/05\\\/dejales-jugar-trump-se-apega-a-confirmacion-de-infantino-de-que-iran-participara-en-el-mundial.jpg\",\"datePublished\":\"2026-05-01T07:06:54+00:00\",\"breadcrumb\":{\"@id\":\"https:\\\/\\\/sarmiento24h.com\\\/?p=168728#breadcrumb\"},\"inLanguage\":\"es\",\"potentialAction\":[{\"@type\":\"ReadAction\",\"target\":[\"https:\\\/\\\/sarmiento24h.com\\\/?p=168728\"]}]},{\"@type\":\"ImageObject\",\"inLanguage\":\"es\",\"@id\":\"https:\\\/\\\/sarmiento24h.com\\\/?p=168728#primaryimage\",\"url\":\"https:\\\/\\\/sarmiento24h.com\\\/wp-content\\\/uploads\\\/2026\\\/05\\\/dejales-jugar-trump-se-apega-a-confirmacion-de-infantino-de-que-iran-participara-en-el-mundial.jpg\",\"contentUrl\":\"https:\\\/\\\/sarmiento24h.com\\\/wp-content\\\/uploads\\\/2026\\\/05\\\/dejales-jugar-trump-se-apega-a-confirmacion-de-infantino-de-que-iran-participara-en-el-mundial.jpg\",\"width\":980,\"height\":653},{\"@type\":\"BreadcrumbList\",\"@id\":\"https:\\\/\\\/sarmiento24h.com\\\/?p=168728#breadcrumb\",\"itemListElement\":[{\"@type\":\"ListItem\",\"position\":1,\"name\":\"Home\",\"item\":\"https:\\\/\\\/sarmiento24h.com\\\/\"},{\"@type\":\"ListItem\",\"position\":2,\"name\":\"\u00abD\u00e9jales jugar\u00bb: Trump se apega a confirmaci\u00f3n de Infantino de que Ir\u00e1n participar\u00e1 en el Mundial\"}]},{\"@type\":\"WebSite\",\"@id\":\"https:\\\/\\\/sarmiento24h.com\\\/#website\",\"url\":\"https:\\\/\\\/sarmiento24h.com\\\/\",\"name\":\"Sarmiento24h\",\"description\":\"\",\"publisher\":{\"@id\":\"https:\\\/\\\/sarmiento24h.com\\\/#organization\"},\"potentialAction\":[{\"@type\":\"SearchAction\",\"target\":{\"@type\":\"EntryPoint\",\"urlTemplate\":\"https:\\\/\\\/sarmiento24h.com\\\/?s={search_term_string}\"},\"query-input\":{\"@type\":\"PropertyValueSpecification\",\"valueRequired\":true,\"valueName\":\"search_term_string\"}}],\"inLanguage\":\"es\"},{\"@type\":\"Organization\",\"@id\":\"https:\\\/\\\/sarmiento24h.com\\\/#organization\",\"name\":\"Sarmiento24h\",\"url\":\"https:\\\/\\\/sarmiento24h.com\\\/\",\"logo\":{\"@type\":\"ImageObject\",\"inLanguage\":\"es\",\"@id\":\"https:\\\/\\\/sarmiento24h.com\\\/#\\\/schema\\\/logo\\\/image\\\/\",\"url\":\"https:\\\/\\\/sarmiento24h.com\\\/wp-content\\\/uploads\\\/2025\\\/12\\\/AddText_12-16-10.30.52.jpg\",\"contentUrl\":\"https:\\\/\\\/sarmiento24h.com\\\/wp-content\\\/uploads\\\/2025\\\/12\\\/AddText_12-16-10.30.52.jpg\",\"width\":1220,\"height\":324,\"caption\":\"Sarmiento24h\"},\"image\":{\"@id\":\"https:\\\/\\\/sarmiento24h.com\\\/#\\\/schema\\\/logo\\\/image\\\/\"},\"sameAs\":[\"https:\\\/\\\/facebook.com\\\/s24hnoticias\",\"https:\\\/\\\/x.com\\\/sarmiento24h\"]},{\"@type\":\"Person\",\"@id\":\"https:\\\/\\\/sarmiento24h.com\\\/#\\\/schema\\\/person\\\/d653a59725ad629a7e0429af7b939d4d\",\"name\":\"sarmiento24h@gmail.com\",\"image\":{\"@type\":\"ImageObject\",\"inLanguage\":\"es\",\"@id\":\"https:\\\/\\\/sarmiento24h.com\\\/wp-content\\\/litespeed\\\/avatar\\\/d02cbc4e23c747e6659cd45907173c8f.jpg?ver=1777157796\",\"url\":\"https:\\\/\\\/sarmiento24h.com\\\/wp-content\\\/litespeed\\\/avatar\\\/d02cbc4e23c747e6659cd45907173c8f.jpg?ver=1777157796\",\"contentUrl\":\"https:\\\/\\\/sarmiento24h.com\\\/wp-content\\\/litespeed\\\/avatar\\\/d02cbc4e23c747e6659cd45907173c8f.jpg?ver=1777157796\",\"caption\":\"sarmiento24h@gmail.com\"},\"sameAs\":[\"https:\\\/\\\/sarmiento24h.com\"],\"url\":\"https:\\\/\\\/sarmiento24h.com\\\/?author=1\"}]}<\/script>\n<!-- \/ Yoast SEO plugin. -->","yoast_head_json":{"title":"\"D\u00e9jales jugar\": Trump se apega a confirmaci\u00f3n de Infantino de que Ir\u00e1n participar\u00e1 en el Mundial - Sarmiento24h","robots":{"index":"index","follow":"follow","max-snippet":"max-snippet:-1","max-image-preview":"max-image-preview:large","max-video-preview":"max-video-preview:-1"},"canonical":"https:\/\/sarmiento24h.com\/?p=168728","og_locale":"es_ES","og_type":"article","og_title":"\"D\u00e9jales jugar\": Trump se apega a confirmaci\u00f3n de Infantino de que Ir\u00e1n participar\u00e1 en el Mundial - Sarmiento24h","og_description":"La FIFA confirma la participaci\u00f3n de la&#46;&#46;&#46;","og_url":"https:\/\/sarmiento24h.com\/?p=168728","og_site_name":"Sarmiento24h","article_publisher":"https:\/\/facebook.com\/s24hnoticias","article_published_time":"2026-05-01T07:06:54+00:00","og_image":[{"url":"https:\/\/s.france24.com\/media\/display\/80b9ecc6-44da-11f1-8be2-005056a97e36\/w:980\/2026-04-30T210626Z-269118229-UP1EM4U1MMODQ-RTRMADP-3-SOCCER-FIFA.jpg","type":"","width":"","height":""}],"author":"sarmiento24h@gmail.com","twitter_card":"summary_large_image","twitter_creator":"@sarmiento24h","twitter_site":"@sarmiento24h","twitter_misc":{"Escrito por":"sarmiento24h@gmail.com","Tiempo de lectura":"6 minutos"},"schema":{"@context":"https:\/\/schema.org","@graph":[{"@type":"Article","@id":"https:\/\/sarmiento24h.com\/?p=168728#article","isPartOf":{"@id":"https:\/\/sarmiento24h.com\/?p=168728"},"author":{"name":"sarmiento24h@gmail.com","@id":"https:\/\/sarmiento24h.com\/#\/schema\/person\/d653a59725ad629a7e0429af7b939d4d"},"headline":"\u00abD\u00e9jales jugar\u00bb: Trump se apega a confirmaci\u00f3n de Infantino de que Ir\u00e1n participar\u00e1 en el Mundial","datePublished":"2026-05-01T07:06:54+00:00","mainEntityOfPage":{"@id":"https:\/\/sarmiento24h.com\/?p=168728"},"wordCount":1276,"publisher":{"@id":"https:\/\/sarmiento24h.com\/#organization"},"image":{"@id":"https:\/\/sarmiento24h.com\/?p=168728#primaryimage"},"thumbnailUrl":"https:\/\/sarmiento24h.com\/wp-content\/uploads\/2026\/05\/dejales-jugar-trump-se-apega-a-confirmacion-de-infantino-de-que-iran-participara-en-el-mundial.jpg","articleSection":["Deportes","Internacionales"],"inLanguage":"es"},{"@type":"WebPage","@id":"https:\/\/sarmiento24h.com\/?p=168728","url":"https:\/\/sarmiento24h.com\/?p=168728","name":"\"D\u00e9jales jugar\": Trump se apega a confirmaci\u00f3n de Infantino de que Ir\u00e1n participar\u00e1 en el Mundial - Sarmiento24h","isPartOf":{"@id":"https:\/\/sarmiento24h.com\/#website"},"primaryImageOfPage":{"@id":"https:\/\/sarmiento24h.com\/?p=168728#primaryimage"},"image":{"@id":"https:\/\/sarmiento24h.com\/?p=168728#primaryimage"},"thumbnailUrl":"https:\/\/sarmiento24h.com\/wp-content\/uploads\/2026\/05\/dejales-jugar-trump-se-apega-a-confirmacion-de-infantino-de-que-iran-participara-en-el-mundial.jpg","datePublished":"2026-05-01T07:06:54+00:00","breadcrumb":{"@id":"https:\/\/sarmiento24h.com\/?p=168728#breadcrumb"},"inLanguage":"es","potentialAction":[{"@type":"ReadAction","target":["https:\/\/sarmiento24h.com\/?p=168728"]}]},{"@type":"ImageObject","inLanguage":"es","@id":"https:\/\/sarmiento24h.com\/?p=168728#primaryimage","url":"https:\/\/sarmiento24h.com\/wp-content\/uploads\/2026\/05\/dejales-jugar-trump-se-apega-a-confirmacion-de-infantino-de-que-iran-participara-en-el-mundial.jpg","contentUrl":"https:\/\/sarmiento24h.com\/wp-content\/uploads\/2026\/05\/dejales-jugar-trump-se-apega-a-confirmacion-de-infantino-de-que-iran-participara-en-el-mundial.jpg","width":980,"height":653},{"@type":"BreadcrumbList","@id":"https:\/\/sarmiento24h.com\/?p=168728#breadcrumb","itemListElement":[{"@type":"ListItem","position":1,"name":"Home","item":"https:\/\/sarmiento24h.com\/"},{"@type":"ListItem","position":2,"name":"\u00abD\u00e9jales jugar\u00bb: Trump se apega a confirmaci\u00f3n de Infantino de que Ir\u00e1n participar\u00e1 en el Mundial"}]},{"@type":"WebSite","@id":"https:\/\/sarmiento24h.com\/#website","url":"https:\/\/sarmiento24h.com\/","name":"Sarmiento24h","description":"","publisher":{"@id":"https:\/\/sarmiento24h.com\/#organization"},"potentialAction":[{"@type":"SearchAction","target":{"@type":"EntryPoint","urlTemplate":"https:\/\/sarmiento24h.com\/?s={search_term_string}"},"query-input":{"@type":"PropertyValueSpecification","valueRequired":true,"valueName":"search_term_string"}}],"inLanguage":"es"},{"@type":"Organization","@id":"https:\/\/sarmiento24h.com\/#organization","name":"Sarmiento24h","url":"https:\/\/sarmiento24h.com\/","logo":{"@type":"ImageObject","inLanguage":"es","@id":"https:\/\/sarmiento24h.com\/#\/schema\/logo\/image\/","url":"https:\/\/sarmiento24h.com\/wp-content\/uploads\/2025\/12\/AddText_12-16-10.30.52.jpg","contentUrl":"https:\/\/sarmiento24h.com\/wp-content\/uploads\/2025\/12\/AddText_12-16-10.30.52.jpg","width":1220,"height":324,"caption":"Sarmiento24h"},"image":{"@id":"https:\/\/sarmiento24h.com\/#\/schema\/logo\/image\/"},"sameAs":["https:\/\/facebook.com\/s24hnoticias","https:\/\/x.com\/sarmiento24h"]},{"@type":"Person","@id":"https:\/\/sarmiento24h.com\/#\/schema\/person\/d653a59725ad629a7e0429af7b939d4d","name":"sarmiento24h@gmail.com","image":{"@type":"ImageObject","inLanguage":"es","@id":"https:\/\/sarmiento24h.com\/wp-content\/litespeed\/avatar\/d02cbc4e23c747e6659cd45907173c8f.jpg?ver=1777157796","url":"https:\/\/sarmiento24h.com\/wp-content\/litespeed\/avatar\/d02cbc4e23c747e6659cd45907173c8f.jpg?ver=1777157796","contentUrl":"https:\/\/sarmiento24h.com\/wp-content\/litespeed\/avatar\/d02cbc4e23c747e6659cd45907173c8f.jpg?ver=1777157796","caption":"sarmiento24h@gmail.com"},"sameAs":["https:\/\/sarmiento24h.com"],"url":"https:\/\/sarmiento24h.com\/?author=1"}]}},"jetpack_publicize_connections":[],"jetpack_featured_media_url":"https:\/\/sarmiento24h.com\/wp-content\/uploads\/2026\/05\/dejales-jugar-trump-se-apega-a-confirmacion-de-infantino-de-que-iran-participara-en-el-mundial.jpg","jetpack_sharing_enabled":true,"_links":{"self":[{"href":"https:\/\/sarmiento24h.com\/index.php?rest_route=\/wp\/v2\/posts\/168728","targetHints":{"allow":["GET"]}}],"collection":[{"href":"https:\/\/sarmiento24h.com\/index.php?rest_route=\/wp\/v2\/posts"}],"about":[{"href":"https:\/\/sarmiento24h.com\/index.php?rest_route=\/wp\/v2\/types\/post"}],"author":[{"embeddable":true,"href":"https:\/\/sarmiento24h.com\/index.php?rest_route=\/wp\/v2\/users\/1"}],"replies":[{"embeddable":true,"href":"https:\/\/sarmiento24h.com\/index.php?rest_route=%2Fwp%2Fv2%2Fcomments&post=168728"}],"version-history":[{"count":0,"href":"https:\/\/sarmiento24h.com\/index.php?rest_route=\/wp\/v2\/posts\/168728\/revisions"}],"wp:featuredmedia":[{"embeddable":true,"href":"https:\/\/sarmiento24h.com\/index.php?rest_route=\/wp\/v2\/media\/168729"}],"wp:attachment":[{"href":"https:\/\/sarmiento24h.com\/index.php?rest_route=%2Fwp%2Fv2%2Fmedia&parent=168728"}],"wp:term":[{"taxonomy":"category","embeddable":true,"href":"https:\/\/sarmiento24h.com\/index.php?rest_route=%2Fwp%2Fv2%2Fcategories&post=168728"},{"taxonomy":"post_tag","embeddable":true,"href":"https:\/\/sarmiento24h.com\/index.php?rest_route=%2Fwp%2Fv2%2Ftags&post=168728"}],"curies":[{"name":"wp","href":"https:\/\/api.w.org\/{rel}","templated":true}]}}