{"id":169409,"date":"2026-05-01T12:57:03","date_gmt":"2026-05-01T12:57:03","guid":{"rendered":"http:\/\/dc931ff2-4559-11f1-81de-114a003579f9"},"modified":"2026-05-01T12:57:03","modified_gmt":"2026-05-01T12:57:03","slug":"trump-desafia-plazo-de-60-dias-para-ataques-en-iran-la-batalla-legal-que-redefine-los-poderes-de-guerra","status":"publish","type":"post","link":"https:\/\/sarmiento24h.com\/?p=169409","title":{"rendered":"Trump desaf\u00eda plazo de 60 d\u00edas para ataques en Ir\u00e1n: la batalla legal que redefine los poderes de guerra"},"content":{"rendered":"\n<p>La Administraci\u00f3n de Donald Trump ha abierto un nuevo frente \u2014esta vez jur\u00eddico e institucional\u2014 al sostener que la guerra con Ir\u00e1n ha concluido y que, por tanto, no est\u00e1 obligada a someterse al l\u00edmite de 60 d\u00edas establecido por la Resoluci\u00f3n de Poderes de Guerra de 1973. La interpretaci\u00f3n, defendida por la Casa Blanca y el Pent\u00e1gono, llega en un momento cr\u00edtico: el vencimiento del plazo legal coincide con una tregua fr\u00e1gil en un conflicto que sigue condicionando la estabilidad de Medio Oriente y los mercados energ\u00e9ticos globales.<\/p>\n<p>La tesis del Ejecutivo es clara, pero controvertida: si no hay combates activos, no hay \u201chostilidades\u201d en el sentido jur\u00eddico estricto, y por tanto el contador legal se detiene. A partir de ah\u00ed, la Administraci\u00f3n concluye que no necesita autorizaci\u00f3n del Congreso para mantener operaciones militares relacionadas con el conflicto.<\/p>\n<h2><strong>La reinterpretaci\u00f3n de los poderes de guerra<\/strong><\/h2>\n<p>El eje central del argumento de la Casa Blanca reside en una redefinici\u00f3n funcional del t\u00e9rmino \u201chostilidades\u201d. Seg\u00fan altos funcionarios citados por agencias internacionales, el hecho de que no se hayan producido intercambios de fuego desde el alto el fuego del 7 de abril implica que la guerra ha entrado en una fase de finalizaci\u00f3n efectiva.<\/p>\n<p>En esa l\u00ednea, el secretario de Defensa, Pete Hegseth, defendi\u00f3 ante el Senado que el alto el fuego no es simplemente una pausa diplom\u00e1tica, sino un elemento que altera la naturaleza jur\u00eddica del conflicto. Bajo esta interpretaci\u00f3n, el plazo de 60 d\u00edas previsto en la ley quedar\u00eda \u201csuspendido\u201d mientras no existan enfrentamientos activos.<\/p>\n<p>La Administraci\u00f3n sostiene que esta lectura es coherente con el objetivo original de la norma: limitar guerras activas no autorizadas, no regular situaciones de baja intensidad o cese temporal de hostilidades.<\/p>\n<div id=\"em-WBMZ388071-F24-ES-20260501\" class=\"m-em-flash\" data-xtwitter-script><figcaption class=\"a-figcaption\"> <\/figcaption><div class=\"o-em-consent \" readability=\"7\">\n<div class=\"o-em-consent__content\" readability=\"34\">\n<p class=\"o-em-consent__content__text\">Para mostrar este contenido de X (Twitter), debe autorizar las cookies de medici\u00f3n de audiencia y publicidad.<\/p>\n<p> <button class=\"a-master-button a-master-button--dark\" data-action=\"accept\"> Aceptar <svg class=\"a-svg a-svg--icon-check\"> <use xlink:href=\"\/build\/images\/svg\/sprite.c98bf387c90bc4a87186b0b783f15ba0.svg#icon-check\" href=\"\/build\/images\/svg\/sprite.c98bf387c90bc4a87186b0b783f15ba0.svg#icon-check\" \/> <\/svg> <\/button> <button class=\"a-link\" data-action=\"manage\">Gestionar mis opciones<i class=\"a-svg a-svg--icon-edit\"><\/i><\/button> <\/div>\n<\/div>\n<\/div>\n<p>La Resoluci\u00f3n de Poderes de Guerra de 1973 fue aprobada en un contexto de desconfianza hacia el Ejecutivo tras la guerra de Vietnam. Su objetivo era claro: evitar que el presidente pudiera comprometer a Estados Unidos en conflictos prolongados sin supervisi\u00f3n del Congreso.<\/p>\n<p>La norma establece que el presidente puede iniciar una acci\u00f3n militar en situaciones de emergencia, pero debe notificar al Congreso y obtener autorizaci\u00f3n si las operaciones se extienden m\u00e1s all\u00e1 de 60 d\u00edas. Adem\u00e1s, prev\u00e9 un per\u00edodo adicional de 30 d\u00edas para la retirada ordenada de las tropas.<\/p>\n<p>Sin embargo, la ley no define con precisi\u00f3n qu\u00e9 constituye exactamente \u201chostilidades continuadas\u201d, lo que ha permitido hist\u00f3ricamente interpretaciones flexibles por parte de distintas administraciones. El caso actual lleva esa ambig\u00fcedad a su l\u00edmite m\u00e1s extremo.<\/p>\n<p class=\"a-read-more\"><span class=\"a-read-more__label\">Leer tambi\u00e9n<\/span><a href=\"https:\/\/www.france24.com\/es\/medio-oriente\/20260430-donald-trump-contempla-reducir-las-fuerzas-estadounidenses-en-alemania\" target=\"_self\" class=\"a-read-more__link\">\u00abEl mayor adversario que enfrentamos son las palabras derrotistas de los dem\u00f3cratas\u00bb: Hegseth ante el Senado<\/a><\/p>\n<h2><strong>El argumento de la \u201cpausa legal\u201d y sus implicaciones<\/strong><\/h2>\n<p>El Gobierno sostiene que el alto el fuego vigente desde el 7 de abril transforma el escenario operativo. Al no existir combate activo, el conflicto dejar\u00eda de encajar en el supuesto regulado por la ley, lo que implicar\u00eda que el reloj de los 60 d\u00edas se detiene.<\/p>\n<p>Esta interpretaci\u00f3n introduce un elemento novedoso en la pr\u00e1ctica constitucional estadounidense: la posibilidad de segmentar un conflicto armado en fases jur\u00eddicas diferenciadas, donde las treguas no solo tienen efectos pol\u00edticos o militares, sino tambi\u00e9n legales.<\/p>\n<p>Desde el punto de vista del Ejecutivo, este enfoque otorga flexibilidad estrat\u00e9gica en un contexto en el que persisten operaciones indirectas, como el bloqueo naval en el estrecho de Ormuz, que sigue teniendo impacto en el comercio energ\u00e9tico global.<\/p>\n<div class=\"m-em-image\">\n<figure class=\"m-item-image m-item-image--original m-item-image--has-caption\"> <picture class=\"a-picture a-picture--original\"><source type=\"image\/webp\" srcset=\"https:\/\/s.france24.com\/media\/display\/c9ab7dc4-2c6a-11f1-9774-005056a90284\/w:246\/2026-03-27T141943Z-946728778-RC2T8KAKUMTD-RTRMADP-3-IRAN-CRISIS.webp 246w, https:\/\/s.france24.com\/media\/display\/c9ab7dc4-2c6a-11f1-9774-005056a90284\/w:388\/2026-03-27T141943Z-946728778-RC2T8KAKUMTD-RTRMADP-3-IRAN-CRISIS.webp 388w, https:\/\/s.france24.com\/media\/display\/c9ab7dc4-2c6a-11f1-9774-005056a90284\/w:720\/2026-03-27T141943Z-946728778-RC2T8KAKUMTD-RTRMADP-3-IRAN-CRISIS.webp 720w, https:\/\/s.france24.com\/media\/display\/c9ab7dc4-2c6a-11f1-9774-005056a90284\/w:980\/2026-03-27T141943Z-946728778-RC2T8KAKUMTD-RTRMADP-3-IRAN-CRISIS.webp 980w\" sizes=\"(max-width: 1023px) calc(100vw - 32px), (min-width: 1024px) 850px\"><img fetchpriority=\"low\" decoding=\"async\" src=\"https:\/\/s.france24.com\/media\/display\/c9ab7dc4-2c6a-11f1-9774-005056a90284\/w:980\/2026-03-27T141943Z-946728778-RC2T8KAKUMTD-RTRMADP-3-IRAN-CRISIS.jpg\" srcset=\"https:\/\/s.france24.com\/media\/display\/c9ab7dc4-2c6a-11f1-9774-005056a90284\/w:246\/2026-03-27T141943Z-946728778-RC2T8KAKUMTD-RTRMADP-3-IRAN-CRISIS.jpg 246w, https:\/\/s.france24.com\/media\/display\/c9ab7dc4-2c6a-11f1-9774-005056a90284\/w:388\/2026-03-27T141943Z-946728778-RC2T8KAKUMTD-RTRMADP-3-IRAN-CRISIS.jpg 388w, https:\/\/s.france24.com\/media\/display\/c9ab7dc4-2c6a-11f1-9774-005056a90284\/w:720\/2026-03-27T141943Z-946728778-RC2T8KAKUMTD-RTRMADP-3-IRAN-CRISIS.jpg 720w, https:\/\/s.france24.com\/media\/display\/c9ab7dc4-2c6a-11f1-9774-005056a90284\/w:980\/2026-03-27T141943Z-946728778-RC2T8KAKUMTD-RTRMADP-3-IRAN-CRISIS.jpg 980w\" sizes=\"(max-width: 1023px) calc(100vw - 32px), (min-width: 1024px) 850px\" alt=\"Archivo: el destructor de misiles guiados de la clase Arleigh Burke, USS Thomas Hudner, dispara un misil de ataque terrestre Tomahawk en apoyo de la Operaci\u00f3n Furia \u00c9pica durante la guerra de Ir\u00e1n en una ubicaci\u00f3n no revelada, el 21 de marzo de 2026.\" loading=\"lazy\" class=\"a-img \">\n<\/picture><figcaption class=\"a-figcaption\"> <span>Archivo: el destructor de misiles guiados de la clase Arleigh Burke, USS Thomas Hudner, dispara un misil de ataque terrestre Tomahawk en apoyo de la Operaci\u00f3n Furia \u00c9pica durante la guerra de Ir\u00e1n en una ubicaci\u00f3n no revelada, el 21 de marzo de 2026.<\/span> <span>\u00a9 Armada de EE. UU.\/V\u00eda Reuters<\/span> <\/figcaption><\/figure>\n<\/p><\/div>\n<p>La respuesta del Congreso ha sido mayoritariamente cr\u00edtica. Para legisladores dem\u00f3cratas y parte de los republicanos, la interpretaci\u00f3n de la Casa Blanca vac\u00eda de contenido la Resoluci\u00f3n de 1973.<\/p>\n<p>La senadora Susan Collins fue una de las voces m\u00e1s contundentes al se\u00f1alar que el l\u00edmite de 60 d\u00edas no es una recomendaci\u00f3n pol\u00edtica, sino una obligaci\u00f3n legal vinculante. Seg\u00fan este sector del Legislativo, aceptar la tesis del Ejecutivo supondr\u00eda convertir la ley en un mecanismo f\u00e1cilmente eludible mediante cambios de intensidad en el conflicto.<\/p>\n<p>El debate no es menor: en juego est\u00e1 la capacidad del Congreso para controlar el uso de la fuerza militar en el exterior, uno de los pilares del equilibrio constitucional estadounidense.<\/p>\n<p class=\"a-read-more\"><span class=\"a-read-more__label\">Leer tambi\u00e9n<\/span><a href=\"https:\/\/www.france24.com\/es\/programas\/revista-de-prensa\/20260430-podr\u00eda-la-guerra-en-ir\u00e1n-convertirse-en-un-conflicto-prolongado-y-congelado-aj\" target=\"_self\" class=\"a-read-more__link\">\u00bfPodr\u00eda la guerra en Ir\u00e1n convertirse en un conflicto prolongado y congelado?: &#8216;AJ&#8217;<\/a><\/p>\n<h2><strong>Un precedente de alcance constitucional<\/strong><\/h2>\n<p>Aunque la Administraci\u00f3n afirma que las hostilidades han terminado, la realidad sobre el terreno sugiere una situaci\u00f3n m\u00e1s ambigua. El alto el fuego ha reducido la confrontaci\u00f3n directa entre Estados Unidos e Ir\u00e1n, pero no ha eliminado las tensiones regionales.<\/p>\n<p>El bloqueo del estrecho de Ormuz, las operaciones navales estadounidenses y la persistencia de conflictos paralelos \u2014especialmente en L\u00edbano\u2014 mantienen un escenario de inestabilidad estructural. Adem\u00e1s, episodios recientes de actividad defensiva en Teher\u00e1n muestran que la situaci\u00f3n dista de una normalizaci\u00f3n plena.<\/p>\n<p>En este contexto, la decisi\u00f3n de declarar el fin de las hostilidades parece responder tanto a una lectura jur\u00eddica como a una necesidad pol\u00edtica y estrat\u00e9gica: evitar un bloqueo institucional interno en un momento de alta sensibilidad internacional.<\/p>\n<div class=\"m-em-image\">\n<figure class=\"m-item-image m-item-image--original m-item-image--has-caption\"> <picture class=\"a-picture a-picture--original\"><source type=\"image\/webp\" srcset=\"https:\/\/s.france24.com\/media\/display\/fab924a4-d985-11ef-b4d9-005056bf30b7\/w:246\/000_36RZ8KE.webp 246w, https:\/\/s.france24.com\/media\/display\/fab924a4-d985-11ef-b4d9-005056bf30b7\/w:388\/000_36RZ8KE.webp 388w, https:\/\/s.france24.com\/media\/display\/fab924a4-d985-11ef-b4d9-005056bf30b7\/w:720\/000_36RZ8KE.webp 720w, https:\/\/s.france24.com\/media\/display\/fab924a4-d985-11ef-b4d9-005056bf30b7\/w:980\/000_36RZ8KE.webp 980w\" sizes=\"(max-width: 1023px) calc(100vw - 32px), (min-width: 1024px) 850px\"><img fetchpriority=\"low\" decoding=\"async\" src=\"https:\/\/s.france24.com\/media\/display\/fab924a4-d985-11ef-b4d9-005056bf30b7\/w:980\/000_36RZ8KE.jpg\" srcset=\"https:\/\/s.france24.com\/media\/display\/fab924a4-d985-11ef-b4d9-005056bf30b7\/w:246\/000_36RZ8KE.jpg 246w, https:\/\/s.france24.com\/media\/display\/fab924a4-d985-11ef-b4d9-005056bf30b7\/w:388\/000_36RZ8KE.jpg 388w, https:\/\/s.france24.com\/media\/display\/fab924a4-d985-11ef-b4d9-005056bf30b7\/w:720\/000_36RZ8KE.jpg 720w, https:\/\/s.france24.com\/media\/display\/fab924a4-d985-11ef-b4d9-005056bf30b7\/w:980\/000_36RZ8KE.jpg 980w\" sizes=\"(max-width: 1023px) calc(100vw - 32px), (min-width: 1024px) 850px\" alt=\"Los representantes estadounidenses del 119.\u00ba Congreso toman juramento durante el primer d\u00eda de sesiones en la C\u00e1mara de Representantes del Capitolio de Estados Unidos el 3 de enero de 2025 en Washington, DC.\" loading=\"lazy\" class=\"a-img \">\n<\/picture><figcaption class=\"a-figcaption\"> <span>Los representantes estadounidenses del 119.\u00ba Congreso toman juramento durante el primer d\u00eda de sesiones en la C\u00e1mara de Representantes del Capitolio de Estados Unidos el 3 de enero de 2025 en Washington, DC.<\/span> <span>\u00a9 AFP\/Mandel Ngan<\/span> <\/figcaption><\/figure>\n<\/p><\/div>\n<p>Expertos en derecho constitucional advierten de que la interpretaci\u00f3n defendida por la Casa Blanca podr\u00eda marcar un precedente significativo. La abogada Katherine Yon Ebright ha se\u00f1alado que ni el texto ni la l\u00f3gica de la Resoluci\u00f3n de 1973 contemplan la posibilidad de suspender el c\u00f3mputo del plazo por un alto el fuego.<\/p>\n<p>En la pr\u00e1ctica, aceptar este criterio abrir\u00eda la puerta a que futuros presidentes gestionen conflictos prolongados sin autorizaci\u00f3n legislativa, siempre que mantengan fases intermitentes de baja intensidad o treguas t\u00e1cticas.<\/p>\n<p>Incluso dentro del entorno pol\u00edtico conservador han surgido propuestas alternativas, como la idea de redefinir formalmente la misi\u00f3n militar bajo nuevas denominaciones operativas, lo que permitir\u00eda continuar acciones enmarcadas como autodefensa sin activar los l\u00edmites legales tradicionales.<\/p>\n<p class=\"a-read-more\"><span class=\"a-read-more__label\">Leer tambi\u00e9n<\/span><a href=\"https:\/\/www.france24.com\/es\/medio-oriente\/20260422-ataques-e-incautaciones-ormuz-se-ratifica-como-el-nuevo-campo-de-batalla-tras-extensi\u00f3n-de-la-tregua\" target=\"_self\" class=\"a-read-more__link\">Ataques e incautaciones: Ormuz se consolida como el nuevo campo de batalla tras extensi\u00f3n de la tregua<\/a><\/p>\n<h2><strong>Entre la legalidad y la geopol\u00edtica<\/strong><\/h2>\n<p>M\u00e1s all\u00e1 del debate jur\u00eddico, la cuesti\u00f3n tiene implicaciones directas en la pol\u00edtica exterior estadounidense. El conflicto con Ir\u00e1n ha tenido efectos inmediatos sobre los mercados energ\u00e9ticos, con fuertes fluctuaciones del precio del petr\u00f3leo, y ha reconfigurado equilibrios regionales ya fr\u00e1giles.<\/p>\n<p>La estrategia de la Casa Blanca parece buscar un punto de equilibrio: mantener capacidad de presi\u00f3n militar sin escalar hacia una guerra formal que obligue al Congreso a intervenir. Sin embargo, esta posici\u00f3n incrementa la tensi\u00f3n institucional interna y deja abierta la pregunta sobre hasta d\u00f3nde puede estirarse la interpretaci\u00f3n del marco legal sin erosionar su sentido original.<\/p>\n<p>Es un conflicto abierto en dos frentes. La guerra con Ir\u00e1n, aunque reducida en intensidad, se ha desplazado a un terreno dual: el militar, a\u00fan activo en forma de operaciones indirectas, y el constitucional, donde se disputa qui\u00e9n define cu\u00e1ndo una guerra empieza, contin\u00faa o termina.<\/p>\n<div class=\"m-em-image\">\n<figure class=\"m-item-image m-item-image--original m-item-image--has-caption\"> <picture class=\"a-picture a-picture--original\"><source type=\"image\/webp\" srcset=\"https:\/\/s.france24.com\/media\/display\/653cc424-31ce-11f1-91a8-005056bf30b7\/w:246\/2026-03-27T142428Z-1996664333-RC2T8KANDUF3-RTRMADP-3-IRAN-CRISIS.webp 246w, https:\/\/s.france24.com\/media\/display\/653cc424-31ce-11f1-91a8-005056bf30b7\/w:388\/2026-03-27T142428Z-1996664333-RC2T8KANDUF3-RTRMADP-3-IRAN-CRISIS.webp 388w, https:\/\/s.france24.com\/media\/display\/653cc424-31ce-11f1-91a8-005056bf30b7\/w:720\/2026-03-27T142428Z-1996664333-RC2T8KANDUF3-RTRMADP-3-IRAN-CRISIS.webp 720w, https:\/\/s.france24.com\/media\/display\/653cc424-31ce-11f1-91a8-005056bf30b7\/w:980\/2026-03-27T142428Z-1996664333-RC2T8KANDUF3-RTRMADP-3-IRAN-CRISIS.webp 980w\" sizes=\"(max-width: 1023px) calc(100vw - 32px), (min-width: 1024px) 850px\"><img fetchpriority=\"low\" decoding=\"async\" src=\"https:\/\/s.france24.com\/media\/display\/653cc424-31ce-11f1-91a8-005056bf30b7\/w:980\/2026-03-27T142428Z-1996664333-RC2T8KANDUF3-RTRMADP-3-IRAN-CRISIS.jpg\" srcset=\"https:\/\/s.france24.com\/media\/display\/653cc424-31ce-11f1-91a8-005056bf30b7\/w:246\/2026-03-27T142428Z-1996664333-RC2T8KANDUF3-RTRMADP-3-IRAN-CRISIS.jpg 246w, https:\/\/s.france24.com\/media\/display\/653cc424-31ce-11f1-91a8-005056bf30b7\/w:388\/2026-03-27T142428Z-1996664333-RC2T8KANDUF3-RTRMADP-3-IRAN-CRISIS.jpg 388w, https:\/\/s.france24.com\/media\/display\/653cc424-31ce-11f1-91a8-005056bf30b7\/w:720\/2026-03-27T142428Z-1996664333-RC2T8KANDUF3-RTRMADP-3-IRAN-CRISIS.jpg 720w, https:\/\/s.france24.com\/media\/display\/653cc424-31ce-11f1-91a8-005056bf30b7\/w:980\/2026-03-27T142428Z-1996664333-RC2T8KANDUF3-RTRMADP-3-IRAN-CRISIS.jpg 980w\" sizes=\"(max-width: 1023px) calc(100vw - 32px), (min-width: 1024px) 850px\" alt=\"Archivo: el destructor de misiles guiados de la clase Arleigh Burke, USS Thomas Hudner, dispara un misil de ataque terrestre Tomahawk en apoyo de la Operaci\u00f3n Furia \u00c9pica durante la guerra de Ir\u00e1n en una ubicaci\u00f3n no revelada, el 21 de marzo de 2026.\" loading=\"lazy\" class=\"a-img \">\n<\/picture><figcaption class=\"a-figcaption\"> <span>Archivo: el destructor de misiles guiados de la clase Arleigh Burke, USS Thomas Hudner, dispara un misil de ataque terrestre Tomahawk en apoyo de la Operaci\u00f3n Furia \u00c9pica durante la guerra de Ir\u00e1n en una ubicaci\u00f3n no revelada, el 21 de marzo de 2026.<\/span> <span>\u00a9 Armada de EE. UU.\/V\u00eda Reuters<\/span> <\/figcaption><\/figure>\n<\/p><\/div>\n<p>En ese cruce de caminos, la Administraci\u00f3n de Donald Trump ha optado por una lectura expansiva del poder ejecutivo. El Congreso, por su parte, intenta reafirmar su papel como contrapeso.<\/p>\n<p>El resultado es un conflicto que ya no se mide solo en t\u00e9rminos de enfrentamientos armados, sino tambi\u00e9n en la interpretaci\u00f3n de la ley que regula su existencia.<\/p>\n<p class=\"a-read-more\"><span class=\"a-read-more__label\">Leer tambi\u00e9n<\/span><a href=\"https:\/\/www.france24.com\/es\/ee-uu-y-canad\u00e1\/20260430-trump-sopesa-reducir-tropas-de-ee-uu-en-alemania-qu\u00e9-probabilidad-hay-de-que-cumpla-la-amenaza\" target=\"_self\" class=\"a-read-more__link\">Trump sopesa reducir tropas de EE. UU. en Alemania: \u00bfqu\u00e9 probabilidad hay de que cumpla la amenaza?<\/a><\/p>\n<p>Con Reuters, AP y medios locales<\/p>\n","protected":false},"excerpt":{"rendered":"<p>La Administraci\u00f3n de Donald Trump ha abierto&#46;&#46;&#46;<\/p>\n","protected":false},"author":1,"featured_media":169410,"comment_status":"closed","ping_status":"closed","sticky":false,"template":"","format":"standard","meta":{"_jetpack_memberships_contains_paid_content":false,"footnotes":"","jetpack_publicize_message":"","jetpack_publicize_feature_enabled":true,"jetpack_social_post_already_shared":true,"jetpack_social_options":{"image_generator_settings":{"template":"highway","default_image_id":0,"font":"","enabled":false},"version":2}},"categories":[43],"tags":[],"class_list":["post-169409","post","type-post","status-publish","format-standard","has-post-thumbnail","hentry","category-internacionales"],"yoast_head":"<!-- This site is optimized with the Yoast SEO plugin v27.3 - https:\/\/yoast.com\/product\/yoast-seo-wordpress\/ -->\n<title>Trump desaf\u00eda plazo de 60 d\u00edas para ataques en Ir\u00e1n: la batalla legal que redefine los poderes de guerra - Sarmiento24h<\/title>\n<meta name=\"robots\" content=\"index, follow, max-snippet:-1, max-image-preview:large, max-video-preview:-1\" \/>\n<link rel=\"canonical\" href=\"https:\/\/sarmiento24h.com\/?p=169409\" \/>\n<meta property=\"og:locale\" content=\"es_ES\" \/>\n<meta property=\"og:type\" content=\"article\" \/>\n<meta property=\"og:title\" content=\"Trump desaf\u00eda plazo de 60 d\u00edas para ataques en Ir\u00e1n: la batalla legal que redefine los poderes de guerra - Sarmiento24h\" \/>\n<meta property=\"og:description\" content=\"La Administraci\u00f3n de Donald Trump ha abierto&#046;&#046;&#046;\" \/>\n<meta property=\"og:url\" content=\"https:\/\/sarmiento24h.com\/?p=169409\" \/>\n<meta property=\"og:site_name\" content=\"Sarmiento24h\" \/>\n<meta property=\"article:publisher\" content=\"https:\/\/facebook.com\/s24hnoticias\" \/>\n<meta property=\"article:published_time\" content=\"2026-05-01T12:57:03+00:00\" \/>\n<meta property=\"og:image\" content=\"https:\/\/s.france24.com\/media\/display\/c9ab7dc4-2c6a-11f1-9774-005056a90284\/w:980\/2026-03-27T141943Z-946728778-RC2T8KAKUMTD-RTRMADP-3-IRAN-CRISIS.jpg\" \/>\n<meta name=\"author\" content=\"sarmiento24h@gmail.com\" \/>\n<meta name=\"twitter:card\" content=\"summary_large_image\" \/>\n<meta name=\"twitter:creator\" content=\"@sarmiento24h\" \/>\n<meta name=\"twitter:site\" content=\"@sarmiento24h\" \/>\n<meta name=\"twitter:label1\" content=\"Escrito por\" \/>\n\t<meta name=\"twitter:data1\" content=\"sarmiento24h@gmail.com\" \/>\n\t<meta name=\"twitter:label2\" content=\"Tiempo de lectura\" \/>\n\t<meta name=\"twitter:data2\" content=\"7 minutos\" \/>\n<script type=\"application\/ld+json\" class=\"yoast-schema-graph\">{\"@context\":\"https:\\\/\\\/schema.org\",\"@graph\":[{\"@type\":\"Article\",\"@id\":\"https:\\\/\\\/sarmiento24h.com\\\/?p=169409#article\",\"isPartOf\":{\"@id\":\"https:\\\/\\\/sarmiento24h.com\\\/?p=169409\"},\"author\":{\"name\":\"sarmiento24h@gmail.com\",\"@id\":\"https:\\\/\\\/sarmiento24h.com\\\/#\\\/schema\\\/person\\\/d653a59725ad629a7e0429af7b939d4d\"},\"headline\":\"Trump desaf\u00eda plazo de 60 d\u00edas para ataques en Ir\u00e1n: la batalla legal que redefine los poderes de guerra\",\"datePublished\":\"2026-05-01T12:57:03+00:00\",\"mainEntityOfPage\":{\"@id\":\"https:\\\/\\\/sarmiento24h.com\\\/?p=169409\"},\"wordCount\":1482,\"publisher\":{\"@id\":\"https:\\\/\\\/sarmiento24h.com\\\/#organization\"},\"image\":{\"@id\":\"https:\\\/\\\/sarmiento24h.com\\\/?p=169409#primaryimage\"},\"thumbnailUrl\":\"https:\\\/\\\/sarmiento24h.com\\\/wp-content\\\/uploads\\\/2026\\\/05\\\/trump-desafia-plazo-de-60-dias-para-ataques-en-iran-la-batalla-legal-que-redefine-los-poderes-de-guerra.jpg\",\"articleSection\":[\"Internacionales\"],\"inLanguage\":\"es\"},{\"@type\":\"WebPage\",\"@id\":\"https:\\\/\\\/sarmiento24h.com\\\/?p=169409\",\"url\":\"https:\\\/\\\/sarmiento24h.com\\\/?p=169409\",\"name\":\"Trump desaf\u00eda plazo de 60 d\u00edas para ataques en Ir\u00e1n: la batalla legal que redefine los poderes de guerra - Sarmiento24h\",\"isPartOf\":{\"@id\":\"https:\\\/\\\/sarmiento24h.com\\\/#website\"},\"primaryImageOfPage\":{\"@id\":\"https:\\\/\\\/sarmiento24h.com\\\/?p=169409#primaryimage\"},\"image\":{\"@id\":\"https:\\\/\\\/sarmiento24h.com\\\/?p=169409#primaryimage\"},\"thumbnailUrl\":\"https:\\\/\\\/sarmiento24h.com\\\/wp-content\\\/uploads\\\/2026\\\/05\\\/trump-desafia-plazo-de-60-dias-para-ataques-en-iran-la-batalla-legal-que-redefine-los-poderes-de-guerra.jpg\",\"datePublished\":\"2026-05-01T12:57:03+00:00\",\"breadcrumb\":{\"@id\":\"https:\\\/\\\/sarmiento24h.com\\\/?p=169409#breadcrumb\"},\"inLanguage\":\"es\",\"potentialAction\":[{\"@type\":\"ReadAction\",\"target\":[\"https:\\\/\\\/sarmiento24h.com\\\/?p=169409\"]}]},{\"@type\":\"ImageObject\",\"inLanguage\":\"es\",\"@id\":\"https:\\\/\\\/sarmiento24h.com\\\/?p=169409#primaryimage\",\"url\":\"https:\\\/\\\/sarmiento24h.com\\\/wp-content\\\/uploads\\\/2026\\\/05\\\/trump-desafia-plazo-de-60-dias-para-ataques-en-iran-la-batalla-legal-que-redefine-los-poderes-de-guerra.jpg\",\"contentUrl\":\"https:\\\/\\\/sarmiento24h.com\\\/wp-content\\\/uploads\\\/2026\\\/05\\\/trump-desafia-plazo-de-60-dias-para-ataques-en-iran-la-batalla-legal-que-redefine-los-poderes-de-guerra.jpg\",\"width\":980,\"height\":653},{\"@type\":\"BreadcrumbList\",\"@id\":\"https:\\\/\\\/sarmiento24h.com\\\/?p=169409#breadcrumb\",\"itemListElement\":[{\"@type\":\"ListItem\",\"position\":1,\"name\":\"Home\",\"item\":\"https:\\\/\\\/sarmiento24h.com\\\/\"},{\"@type\":\"ListItem\",\"position\":2,\"name\":\"Trump desaf\u00eda plazo de 60 d\u00edas para ataques en Ir\u00e1n: la batalla legal que redefine los poderes de guerra\"}]},{\"@type\":\"WebSite\",\"@id\":\"https:\\\/\\\/sarmiento24h.com\\\/#website\",\"url\":\"https:\\\/\\\/sarmiento24h.com\\\/\",\"name\":\"Sarmiento24h\",\"description\":\"\",\"publisher\":{\"@id\":\"https:\\\/\\\/sarmiento24h.com\\\/#organization\"},\"potentialAction\":[{\"@type\":\"SearchAction\",\"target\":{\"@type\":\"EntryPoint\",\"urlTemplate\":\"https:\\\/\\\/sarmiento24h.com\\\/?s={search_term_string}\"},\"query-input\":{\"@type\":\"PropertyValueSpecification\",\"valueRequired\":true,\"valueName\":\"search_term_string\"}}],\"inLanguage\":\"es\"},{\"@type\":\"Organization\",\"@id\":\"https:\\\/\\\/sarmiento24h.com\\\/#organization\",\"name\":\"Sarmiento24h\",\"url\":\"https:\\\/\\\/sarmiento24h.com\\\/\",\"logo\":{\"@type\":\"ImageObject\",\"inLanguage\":\"es\",\"@id\":\"https:\\\/\\\/sarmiento24h.com\\\/#\\\/schema\\\/logo\\\/image\\\/\",\"url\":\"https:\\\/\\\/sarmiento24h.com\\\/wp-content\\\/uploads\\\/2025\\\/12\\\/AddText_12-16-10.30.52.jpg\",\"contentUrl\":\"https:\\\/\\\/sarmiento24h.com\\\/wp-content\\\/uploads\\\/2025\\\/12\\\/AddText_12-16-10.30.52.jpg\",\"width\":1220,\"height\":324,\"caption\":\"Sarmiento24h\"},\"image\":{\"@id\":\"https:\\\/\\\/sarmiento24h.com\\\/#\\\/schema\\\/logo\\\/image\\\/\"},\"sameAs\":[\"https:\\\/\\\/facebook.com\\\/s24hnoticias\",\"https:\\\/\\\/x.com\\\/sarmiento24h\"]},{\"@type\":\"Person\",\"@id\":\"https:\\\/\\\/sarmiento24h.com\\\/#\\\/schema\\\/person\\\/d653a59725ad629a7e0429af7b939d4d\",\"name\":\"sarmiento24h@gmail.com\",\"image\":{\"@type\":\"ImageObject\",\"inLanguage\":\"es\",\"@id\":\"https:\\\/\\\/sarmiento24h.com\\\/wp-content\\\/litespeed\\\/avatar\\\/d02cbc4e23c747e6659cd45907173c8f.jpg?ver=1777157796\",\"url\":\"https:\\\/\\\/sarmiento24h.com\\\/wp-content\\\/litespeed\\\/avatar\\\/d02cbc4e23c747e6659cd45907173c8f.jpg?ver=1777157796\",\"contentUrl\":\"https:\\\/\\\/sarmiento24h.com\\\/wp-content\\\/litespeed\\\/avatar\\\/d02cbc4e23c747e6659cd45907173c8f.jpg?ver=1777157796\",\"caption\":\"sarmiento24h@gmail.com\"},\"sameAs\":[\"https:\\\/\\\/sarmiento24h.com\"],\"url\":\"https:\\\/\\\/sarmiento24h.com\\\/?author=1\"}]}<\/script>\n<!-- \/ Yoast SEO plugin. -->","yoast_head_json":{"title":"Trump desaf\u00eda plazo de 60 d\u00edas para ataques en Ir\u00e1n: la batalla legal que redefine los poderes de guerra - Sarmiento24h","robots":{"index":"index","follow":"follow","max-snippet":"max-snippet:-1","max-image-preview":"max-image-preview:large","max-video-preview":"max-video-preview:-1"},"canonical":"https:\/\/sarmiento24h.com\/?p=169409","og_locale":"es_ES","og_type":"article","og_title":"Trump desaf\u00eda plazo de 60 d\u00edas para ataques en Ir\u00e1n: la batalla legal que redefine los poderes de guerra - Sarmiento24h","og_description":"La Administraci\u00f3n de Donald Trump ha abierto&#46;&#46;&#46;","og_url":"https:\/\/sarmiento24h.com\/?p=169409","og_site_name":"Sarmiento24h","article_publisher":"https:\/\/facebook.com\/s24hnoticias","article_published_time":"2026-05-01T12:57:03+00:00","og_image":[{"url":"https:\/\/s.france24.com\/media\/display\/c9ab7dc4-2c6a-11f1-9774-005056a90284\/w:980\/2026-03-27T141943Z-946728778-RC2T8KAKUMTD-RTRMADP-3-IRAN-CRISIS.jpg","type":"","width":"","height":""}],"author":"sarmiento24h@gmail.com","twitter_card":"summary_large_image","twitter_creator":"@sarmiento24h","twitter_site":"@sarmiento24h","twitter_misc":{"Escrito por":"sarmiento24h@gmail.com","Tiempo de lectura":"7 minutos"},"schema":{"@context":"https:\/\/schema.org","@graph":[{"@type":"Article","@id":"https:\/\/sarmiento24h.com\/?p=169409#article","isPartOf":{"@id":"https:\/\/sarmiento24h.com\/?p=169409"},"author":{"name":"sarmiento24h@gmail.com","@id":"https:\/\/sarmiento24h.com\/#\/schema\/person\/d653a59725ad629a7e0429af7b939d4d"},"headline":"Trump desaf\u00eda plazo de 60 d\u00edas para ataques en Ir\u00e1n: la batalla legal que redefine los poderes de guerra","datePublished":"2026-05-01T12:57:03+00:00","mainEntityOfPage":{"@id":"https:\/\/sarmiento24h.com\/?p=169409"},"wordCount":1482,"publisher":{"@id":"https:\/\/sarmiento24h.com\/#organization"},"image":{"@id":"https:\/\/sarmiento24h.com\/?p=169409#primaryimage"},"thumbnailUrl":"https:\/\/sarmiento24h.com\/wp-content\/uploads\/2026\/05\/trump-desafia-plazo-de-60-dias-para-ataques-en-iran-la-batalla-legal-que-redefine-los-poderes-de-guerra.jpg","articleSection":["Internacionales"],"inLanguage":"es"},{"@type":"WebPage","@id":"https:\/\/sarmiento24h.com\/?p=169409","url":"https:\/\/sarmiento24h.com\/?p=169409","name":"Trump desaf\u00eda plazo de 60 d\u00edas para ataques en Ir\u00e1n: la batalla legal que redefine los poderes de guerra - Sarmiento24h","isPartOf":{"@id":"https:\/\/sarmiento24h.com\/#website"},"primaryImageOfPage":{"@id":"https:\/\/sarmiento24h.com\/?p=169409#primaryimage"},"image":{"@id":"https:\/\/sarmiento24h.com\/?p=169409#primaryimage"},"thumbnailUrl":"https:\/\/sarmiento24h.com\/wp-content\/uploads\/2026\/05\/trump-desafia-plazo-de-60-dias-para-ataques-en-iran-la-batalla-legal-que-redefine-los-poderes-de-guerra.jpg","datePublished":"2026-05-01T12:57:03+00:00","breadcrumb":{"@id":"https:\/\/sarmiento24h.com\/?p=169409#breadcrumb"},"inLanguage":"es","potentialAction":[{"@type":"ReadAction","target":["https:\/\/sarmiento24h.com\/?p=169409"]}]},{"@type":"ImageObject","inLanguage":"es","@id":"https:\/\/sarmiento24h.com\/?p=169409#primaryimage","url":"https:\/\/sarmiento24h.com\/wp-content\/uploads\/2026\/05\/trump-desafia-plazo-de-60-dias-para-ataques-en-iran-la-batalla-legal-que-redefine-los-poderes-de-guerra.jpg","contentUrl":"https:\/\/sarmiento24h.com\/wp-content\/uploads\/2026\/05\/trump-desafia-plazo-de-60-dias-para-ataques-en-iran-la-batalla-legal-que-redefine-los-poderes-de-guerra.jpg","width":980,"height":653},{"@type":"BreadcrumbList","@id":"https:\/\/sarmiento24h.com\/?p=169409#breadcrumb","itemListElement":[{"@type":"ListItem","position":1,"name":"Home","item":"https:\/\/sarmiento24h.com\/"},{"@type":"ListItem","position":2,"name":"Trump desaf\u00eda plazo de 60 d\u00edas para ataques en Ir\u00e1n: la batalla legal que redefine los poderes de guerra"}]},{"@type":"WebSite","@id":"https:\/\/sarmiento24h.com\/#website","url":"https:\/\/sarmiento24h.com\/","name":"Sarmiento24h","description":"","publisher":{"@id":"https:\/\/sarmiento24h.com\/#organization"},"potentialAction":[{"@type":"SearchAction","target":{"@type":"EntryPoint","urlTemplate":"https:\/\/sarmiento24h.com\/?s={search_term_string}"},"query-input":{"@type":"PropertyValueSpecification","valueRequired":true,"valueName":"search_term_string"}}],"inLanguage":"es"},{"@type":"Organization","@id":"https:\/\/sarmiento24h.com\/#organization","name":"Sarmiento24h","url":"https:\/\/sarmiento24h.com\/","logo":{"@type":"ImageObject","inLanguage":"es","@id":"https:\/\/sarmiento24h.com\/#\/schema\/logo\/image\/","url":"https:\/\/sarmiento24h.com\/wp-content\/uploads\/2025\/12\/AddText_12-16-10.30.52.jpg","contentUrl":"https:\/\/sarmiento24h.com\/wp-content\/uploads\/2025\/12\/AddText_12-16-10.30.52.jpg","width":1220,"height":324,"caption":"Sarmiento24h"},"image":{"@id":"https:\/\/sarmiento24h.com\/#\/schema\/logo\/image\/"},"sameAs":["https:\/\/facebook.com\/s24hnoticias","https:\/\/x.com\/sarmiento24h"]},{"@type":"Person","@id":"https:\/\/sarmiento24h.com\/#\/schema\/person\/d653a59725ad629a7e0429af7b939d4d","name":"sarmiento24h@gmail.com","image":{"@type":"ImageObject","inLanguage":"es","@id":"https:\/\/sarmiento24h.com\/wp-content\/litespeed\/avatar\/d02cbc4e23c747e6659cd45907173c8f.jpg?ver=1777157796","url":"https:\/\/sarmiento24h.com\/wp-content\/litespeed\/avatar\/d02cbc4e23c747e6659cd45907173c8f.jpg?ver=1777157796","contentUrl":"https:\/\/sarmiento24h.com\/wp-content\/litespeed\/avatar\/d02cbc4e23c747e6659cd45907173c8f.jpg?ver=1777157796","caption":"sarmiento24h@gmail.com"},"sameAs":["https:\/\/sarmiento24h.com"],"url":"https:\/\/sarmiento24h.com\/?author=1"}]}},"jetpack_publicize_connections":[],"jetpack_featured_media_url":"https:\/\/sarmiento24h.com\/wp-content\/uploads\/2026\/05\/trump-desafia-plazo-de-60-dias-para-ataques-en-iran-la-batalla-legal-que-redefine-los-poderes-de-guerra.jpg","jetpack_sharing_enabled":true,"_links":{"self":[{"href":"https:\/\/sarmiento24h.com\/index.php?rest_route=\/wp\/v2\/posts\/169409","targetHints":{"allow":["GET"]}}],"collection":[{"href":"https:\/\/sarmiento24h.com\/index.php?rest_route=\/wp\/v2\/posts"}],"about":[{"href":"https:\/\/sarmiento24h.com\/index.php?rest_route=\/wp\/v2\/types\/post"}],"author":[{"embeddable":true,"href":"https:\/\/sarmiento24h.com\/index.php?rest_route=\/wp\/v2\/users\/1"}],"replies":[{"embeddable":true,"href":"https:\/\/sarmiento24h.com\/index.php?rest_route=%2Fwp%2Fv2%2Fcomments&post=169409"}],"version-history":[{"count":0,"href":"https:\/\/sarmiento24h.com\/index.php?rest_route=\/wp\/v2\/posts\/169409\/revisions"}],"wp:featuredmedia":[{"embeddable":true,"href":"https:\/\/sarmiento24h.com\/index.php?rest_route=\/wp\/v2\/media\/169410"}],"wp:attachment":[{"href":"https:\/\/sarmiento24h.com\/index.php?rest_route=%2Fwp%2Fv2%2Fmedia&parent=169409"}],"wp:term":[{"taxonomy":"category","embeddable":true,"href":"https:\/\/sarmiento24h.com\/index.php?rest_route=%2Fwp%2Fv2%2Fcategories&post=169409"},{"taxonomy":"post_tag","embeddable":true,"href":"https:\/\/sarmiento24h.com\/index.php?rest_route=%2Fwp%2Fv2%2Ftags&post=169409"}],"curies":[{"name":"wp","href":"https:\/\/api.w.org\/{rel}","templated":true}]}}