{"id":169691,"date":"2026-05-01T15:17:42","date_gmt":"2026-05-01T15:17:42","guid":{"rendered":"https:\/\/noticiassin.com\/?p=1989817"},"modified":"2026-05-01T15:17:42","modified_gmt":"2026-05-01T15:17:42","slug":"apordom-y-guatemala-sellan-alianza-estrategica-portuaria","status":"publish","type":"post","link":"https:\/\/sarmiento24h.com\/?p=169691","title":{"rendered":"Apordom y Guatemala sellan alianza estrat\u00e9gica Portuaria"},"content":{"rendered":"<div><img decoding=\"async\" src=\"https:\/\/multimedia.noticiassin.com\/wp-content\/uploads\/2026\/05\/apordom-y-guatemala-sellan-alianza-estrategica-portuaria-20260501-145311-WwIB-1200x675.jpeg\" class=\"ff-og-image-inserted\"><\/div>\n<p><strong>Santo Domingo<\/strong>.&nbsp;\u2013 La <strong>Autoridad Portuaria Dominicana<\/strong> (<strong>APORDOM<\/strong>) y la <strong>Comisi\u00f3n Portuaria Nacional<\/strong> de la <strong>Rep\u00fablica de Guatemala<\/strong> suscribieron un Memorando de Entendimiento con el objetivo de fortalecer la cooperaci\u00f3n bilateral, impulsando el desarrollo sostenible, la modernizaci\u00f3n y la eficiencia de sus sistemas portuarios.<\/p>\n<p>El acto protocolar se llev\u00f3 a cabo en el Sal\u00f3n Verde del <strong>Ministerio de Relaciones Exteriores<\/strong>, encabezado por el director ejecutivo de la <strong>Autoridad Portuaria Dominicana<\/strong>, <strong>Jean Luis Rodr\u00edguez<\/strong>, y el director general de la <strong>Comisi\u00f3n Portuaria Nacional de la Rep\u00fablica de Guatemala<\/strong>, <strong>Leonel Alberto Molina Cabrera<\/strong>, quienes reafirmaron el compromiso de ambas instituciones con la innovaci\u00f3n, la sostenibilidad y el fortalecimiento de la integraci\u00f3n portuaria regional.<\/p>\n<p>Al ofrecer las palabras centrales del acto, <strong>Jean Luis Rodr\u00edguez<\/strong> expres\u00f3: \u201cNadie moderniza puertos sin aprender de la experiencia ajena ni fortalece su sistema portuario si lo hace en aislamiento. Esa cooperaci\u00f3n es la que consolida la seguridad, la competitividad y el desarrollo para nuestras sociedades\u201d. &nbsp;<\/p>\n<p>En tanto, <strong>Leonel Molina Cabrera<\/strong> expres\u00f3: \u201cTodo lo que ustedes han compartido con nosotros lo hemos trasladado a la realidad. Hemos adoptado esa experiencia como parte de nuestro modelo, entendiendo la log\u00edstica que han desarrollado, la forma en que han articulado la multimodalidad y c\u00f3mo han impulsado procesos de transformaci\u00f3n digital que hoy los posicionan como un referente en el <strong>Caribe<\/strong>\u201d.<\/p>\n<h2 class=\"wp-block-heading\">Misi\u00f3n t\u00e9cnica en el pa\u00eds<\/h2>\n<p>La firma de este importante acuerdo se realiz\u00f3 en el marco de la misi\u00f3n t\u00e9cnica que visita el pa\u00eds desde el pasado&nbsp;27 de abril y hasta el 1 de mayo, como parte de una agenda de trabajo que incluy\u00f3&nbsp;visitas t\u00e9cnicas al <strong>Puerto R\u00edo Haina<\/strong>, la sede de la <strong>Autoridad Portuaria Dominicana<\/strong> (<strong>APORDOM<\/strong>) y al <strong>Puerto Caucedo<\/strong>.&nbsp;<\/p>\n<p>Los puertos conectan mercanc\u00edas, pero, sobre todo, conectan oportunidades. Si trabajamos juntos, con profesionalismo, \u00e9tica y visi\u00f3n de largo plazo, convertiremos esas oportunidades en empleos, en exportaciones justas y en mayor bienestar para nuestras comunidades\u201d, agreg\u00f3 <strong>Jean Luis Rodr\u00edguez<\/strong>.<\/p>\n<p>El acuerdo establece un marco de colaboraci\u00f3n basado en principios de equidad, <strong>reciprocidad<\/strong> y beneficio mutuo, en respuesta a los nuevos retos que enfrenta el sector portuario a nivel global.<\/p>\n<p>Estamos en medio de un proceso de transformaci\u00f3n, y ese camino lleva el aporte de la <strong>Rep\u00fablica Dominicana<\/strong>. Han sido una gu\u00eda para <strong>Guatemala<\/strong>, ayud\u00e1ndonos a abrir puertas, compartir conocimientos y fortalecer nuestras capacidades, con la visi\u00f3n de construir una operaci\u00f3n m\u00e1s integrada y un desarrollo conjunto en la regi\u00f3n\u201d, asegur\u00f3&nbsp;<strong>Leonel Molina Cabrera<\/strong>.<\/p>\n<h2 class=\"wp-block-heading\">\u00c1reas de cooperaci\u00f3n<\/h2>\n<p>Entre las principales \u00e1reas de cooperaci\u00f3n contempladas en el <strong>Memorando<\/strong> se destacan la gobernanza portuaria, la transici\u00f3n energ\u00e9tica y sostenibilidad ambiental, la conectividad, la digitalizaci\u00f3n, la seguridad portuaria y la integraci\u00f3n puerto-ciudad.<\/p>\n<p>Asimismo, el acuerdo prev\u00e9&nbsp;diversas modalidades de colaboraci\u00f3n,<strong> incluyendo<\/strong> el intercambio de informaci\u00f3n y expertos, la realizaci\u00f3n de programas de capacitaci\u00f3n, la organizaci\u00f3n de eventos t\u00e9cnicos y el impulso a la investigaci\u00f3n y desarrollo tecnol\u00f3gico. Tambi\u00e9n se contempla la promoci\u00f3n de una red de colaboraci\u00f3n portuaria en el \u00e1mbito iberoamericano.<\/p>\n<p>Durante la misi\u00f3n t\u00e9cnica, la delegaci\u00f3n guatemalteca sostuvo encuentros con autoridades y operadores portuarios dominicanos para conocer de cerca los modelos de gesti\u00f3n <strong>implementados en terminales<\/strong> estrat\u00e9gicas del pa\u00eds, con el objetivo de identificar mejores pr\u00e1cticas que puedan ser replicadas en su sistema portuario nacional, fortaleciendo as\u00ed los procesos de modernizaci\u00f3n y competitividad institucional.<\/p>\n<h3 class=\"wp-block-heading\">Vigencia del memorando<\/h3>\n<p>El Memorando tendr\u00e1 una vigencia inicial de cuatro a\u00f1os, renovable <strong>autom\u00e1ticamente<\/strong>, y no genera obligaciones jur\u00eddicas entre las partes, lo que permite una cooperaci\u00f3n flexible y adaptada a las necesidades de cada instituci\u00f3n.<\/p>\n<p>Con esta iniciativa, ambas entidades reafirman su compromiso con el <strong>fortalecimiento d<\/strong>el sector portuario, la innovaci\u00f3n y la cooperaci\u00f3n internacional como pilares para el desarrollo sostenible.<\/p>\n","protected":false},"excerpt":{"rendered":"<p>Santo Domingo.&nbsp;\u2013 La Autoridad Portuaria Dominicana (APORDOM)&#46;&#46;&#46;<\/p>\n","protected":false},"author":1,"featured_media":169692,"comment_status":"closed","ping_status":"closed","sticky":false,"template":"","format":"standard","meta":{"_jetpack_memberships_contains_paid_content":false,"footnotes":"","jetpack_publicize_message":"","jetpack_publicize_feature_enabled":true,"jetpack_social_post_already_shared":true,"jetpack_social_options":{"image_generator_settings":{"template":"highway","default_image_id":0,"font":"","enabled":false},"version":2}},"categories":[42],"tags":[],"class_list":["post-169691","post","type-post","status-publish","format-standard","has-post-thumbnail","hentry","category-nacionales"],"yoast_head":"<!-- This site is optimized with the Yoast SEO plugin v27.3 - https:\/\/yoast.com\/product\/yoast-seo-wordpress\/ -->\n<title>Apordom y Guatemala sellan alianza estrat\u00e9gica Portuaria - Sarmiento24h<\/title>\n<meta name=\"robots\" content=\"index, follow, max-snippet:-1, max-image-preview:large, max-video-preview:-1\" \/>\n<link rel=\"canonical\" href=\"https:\/\/sarmiento24h.com\/?p=169691\" \/>\n<meta property=\"og:locale\" content=\"es_ES\" \/>\n<meta property=\"og:type\" content=\"article\" \/>\n<meta property=\"og:title\" content=\"Apordom y Guatemala sellan alianza estrat\u00e9gica Portuaria - Sarmiento24h\" \/>\n<meta property=\"og:description\" content=\"Santo Domingo.&nbsp;\u2013 La Autoridad Portuaria Dominicana (APORDOM)&#046;&#046;&#046;\" \/>\n<meta property=\"og:url\" content=\"https:\/\/sarmiento24h.com\/?p=169691\" \/>\n<meta property=\"og:site_name\" content=\"Sarmiento24h\" \/>\n<meta property=\"article:publisher\" content=\"https:\/\/facebook.com\/s24hnoticias\" \/>\n<meta property=\"article:published_time\" content=\"2026-05-01T15:17:42+00:00\" \/>\n<meta property=\"og:image\" content=\"https:\/\/multimedia.noticiassin.com\/wp-content\/uploads\/2026\/05\/apordom-y-guatemala-sellan-alianza-estrategica-portuaria-20260501-145311-WwIB-1200x675.jpeg\" \/>\n<meta name=\"author\" content=\"sarmiento24h@gmail.com\" \/>\n<meta name=\"twitter:card\" content=\"summary_large_image\" \/>\n<meta name=\"twitter:creator\" content=\"@sarmiento24h\" \/>\n<meta name=\"twitter:site\" content=\"@sarmiento24h\" \/>\n<meta name=\"twitter:label1\" content=\"Escrito por\" \/>\n\t<meta name=\"twitter:data1\" content=\"sarmiento24h@gmail.com\" \/>\n\t<meta name=\"twitter:label2\" content=\"Tiempo de lectura\" \/>\n\t<meta name=\"twitter:data2\" content=\"3 minutos\" \/>\n<script type=\"application\/ld+json\" class=\"yoast-schema-graph\">{\"@context\":\"https:\\\/\\\/schema.org\",\"@graph\":[{\"@type\":\"Article\",\"@id\":\"https:\\\/\\\/sarmiento24h.com\\\/?p=169691#article\",\"isPartOf\":{\"@id\":\"https:\\\/\\\/sarmiento24h.com\\\/?p=169691\"},\"author\":{\"name\":\"sarmiento24h@gmail.com\",\"@id\":\"https:\\\/\\\/sarmiento24h.com\\\/#\\\/schema\\\/person\\\/d653a59725ad629a7e0429af7b939d4d\"},\"headline\":\"Apordom y Guatemala sellan alianza estrat\u00e9gica Portuaria\",\"datePublished\":\"2026-05-01T15:17:42+00:00\",\"mainEntityOfPage\":{\"@id\":\"https:\\\/\\\/sarmiento24h.com\\\/?p=169691\"},\"wordCount\":684,\"publisher\":{\"@id\":\"https:\\\/\\\/sarmiento24h.com\\\/#organization\"},\"image\":{\"@id\":\"https:\\\/\\\/sarmiento24h.com\\\/?p=169691#primaryimage\"},\"thumbnailUrl\":\"https:\\\/\\\/sarmiento24h.com\\\/wp-content\\\/uploads\\\/2026\\\/05\\\/apordom-y-guatemala-sellan-alianza-estrategica-portuaria.jpg\",\"articleSection\":[\"Nacionales\"],\"inLanguage\":\"es\"},{\"@type\":\"WebPage\",\"@id\":\"https:\\\/\\\/sarmiento24h.com\\\/?p=169691\",\"url\":\"https:\\\/\\\/sarmiento24h.com\\\/?p=169691\",\"name\":\"Apordom y Guatemala sellan alianza estrat\u00e9gica Portuaria - Sarmiento24h\",\"isPartOf\":{\"@id\":\"https:\\\/\\\/sarmiento24h.com\\\/#website\"},\"primaryImageOfPage\":{\"@id\":\"https:\\\/\\\/sarmiento24h.com\\\/?p=169691#primaryimage\"},\"image\":{\"@id\":\"https:\\\/\\\/sarmiento24h.com\\\/?p=169691#primaryimage\"},\"thumbnailUrl\":\"https:\\\/\\\/sarmiento24h.com\\\/wp-content\\\/uploads\\\/2026\\\/05\\\/apordom-y-guatemala-sellan-alianza-estrategica-portuaria.jpg\",\"datePublished\":\"2026-05-01T15:17:42+00:00\",\"breadcrumb\":{\"@id\":\"https:\\\/\\\/sarmiento24h.com\\\/?p=169691#breadcrumb\"},\"inLanguage\":\"es\",\"potentialAction\":[{\"@type\":\"ReadAction\",\"target\":[\"https:\\\/\\\/sarmiento24h.com\\\/?p=169691\"]}]},{\"@type\":\"ImageObject\",\"inLanguage\":\"es\",\"@id\":\"https:\\\/\\\/sarmiento24h.com\\\/?p=169691#primaryimage\",\"url\":\"https:\\\/\\\/sarmiento24h.com\\\/wp-content\\\/uploads\\\/2026\\\/05\\\/apordom-y-guatemala-sellan-alianza-estrategica-portuaria.jpg\",\"contentUrl\":\"https:\\\/\\\/sarmiento24h.com\\\/wp-content\\\/uploads\\\/2026\\\/05\\\/apordom-y-guatemala-sellan-alianza-estrategica-portuaria.jpg\",\"width\":1200,\"height\":675},{\"@type\":\"BreadcrumbList\",\"@id\":\"https:\\\/\\\/sarmiento24h.com\\\/?p=169691#breadcrumb\",\"itemListElement\":[{\"@type\":\"ListItem\",\"position\":1,\"name\":\"Home\",\"item\":\"https:\\\/\\\/sarmiento24h.com\\\/\"},{\"@type\":\"ListItem\",\"position\":2,\"name\":\"Apordom y Guatemala sellan alianza estrat\u00e9gica Portuaria\"}]},{\"@type\":\"WebSite\",\"@id\":\"https:\\\/\\\/sarmiento24h.com\\\/#website\",\"url\":\"https:\\\/\\\/sarmiento24h.com\\\/\",\"name\":\"Sarmiento24h\",\"description\":\"\",\"publisher\":{\"@id\":\"https:\\\/\\\/sarmiento24h.com\\\/#organization\"},\"potentialAction\":[{\"@type\":\"SearchAction\",\"target\":{\"@type\":\"EntryPoint\",\"urlTemplate\":\"https:\\\/\\\/sarmiento24h.com\\\/?s={search_term_string}\"},\"query-input\":{\"@type\":\"PropertyValueSpecification\",\"valueRequired\":true,\"valueName\":\"search_term_string\"}}],\"inLanguage\":\"es\"},{\"@type\":\"Organization\",\"@id\":\"https:\\\/\\\/sarmiento24h.com\\\/#organization\",\"name\":\"Sarmiento24h\",\"url\":\"https:\\\/\\\/sarmiento24h.com\\\/\",\"logo\":{\"@type\":\"ImageObject\",\"inLanguage\":\"es\",\"@id\":\"https:\\\/\\\/sarmiento24h.com\\\/#\\\/schema\\\/logo\\\/image\\\/\",\"url\":\"https:\\\/\\\/sarmiento24h.com\\\/wp-content\\\/uploads\\\/2025\\\/12\\\/AddText_12-16-10.30.52.jpg\",\"contentUrl\":\"https:\\\/\\\/sarmiento24h.com\\\/wp-content\\\/uploads\\\/2025\\\/12\\\/AddText_12-16-10.30.52.jpg\",\"width\":1220,\"height\":324,\"caption\":\"Sarmiento24h\"},\"image\":{\"@id\":\"https:\\\/\\\/sarmiento24h.com\\\/#\\\/schema\\\/logo\\\/image\\\/\"},\"sameAs\":[\"https:\\\/\\\/facebook.com\\\/s24hnoticias\",\"https:\\\/\\\/x.com\\\/sarmiento24h\"]},{\"@type\":\"Person\",\"@id\":\"https:\\\/\\\/sarmiento24h.com\\\/#\\\/schema\\\/person\\\/d653a59725ad629a7e0429af7b939d4d\",\"name\":\"sarmiento24h@gmail.com\",\"image\":{\"@type\":\"ImageObject\",\"inLanguage\":\"es\",\"@id\":\"https:\\\/\\\/sarmiento24h.com\\\/wp-content\\\/litespeed\\\/avatar\\\/d02cbc4e23c747e6659cd45907173c8f.jpg?ver=1777157796\",\"url\":\"https:\\\/\\\/sarmiento24h.com\\\/wp-content\\\/litespeed\\\/avatar\\\/d02cbc4e23c747e6659cd45907173c8f.jpg?ver=1777157796\",\"contentUrl\":\"https:\\\/\\\/sarmiento24h.com\\\/wp-content\\\/litespeed\\\/avatar\\\/d02cbc4e23c747e6659cd45907173c8f.jpg?ver=1777157796\",\"caption\":\"sarmiento24h@gmail.com\"},\"sameAs\":[\"https:\\\/\\\/sarmiento24h.com\"],\"url\":\"https:\\\/\\\/sarmiento24h.com\\\/?author=1\"}]}<\/script>\n<!-- \/ Yoast SEO plugin. -->","yoast_head_json":{"title":"Apordom y Guatemala sellan alianza estrat\u00e9gica Portuaria - Sarmiento24h","robots":{"index":"index","follow":"follow","max-snippet":"max-snippet:-1","max-image-preview":"max-image-preview:large","max-video-preview":"max-video-preview:-1"},"canonical":"https:\/\/sarmiento24h.com\/?p=169691","og_locale":"es_ES","og_type":"article","og_title":"Apordom y Guatemala sellan alianza estrat\u00e9gica Portuaria - Sarmiento24h","og_description":"Santo Domingo.&nbsp;\u2013 La Autoridad Portuaria Dominicana (APORDOM)&#46;&#46;&#46;","og_url":"https:\/\/sarmiento24h.com\/?p=169691","og_site_name":"Sarmiento24h","article_publisher":"https:\/\/facebook.com\/s24hnoticias","article_published_time":"2026-05-01T15:17:42+00:00","og_image":[{"url":"https:\/\/multimedia.noticiassin.com\/wp-content\/uploads\/2026\/05\/apordom-y-guatemala-sellan-alianza-estrategica-portuaria-20260501-145311-WwIB-1200x675.jpeg","type":"","width":"","height":""}],"author":"sarmiento24h@gmail.com","twitter_card":"summary_large_image","twitter_creator":"@sarmiento24h","twitter_site":"@sarmiento24h","twitter_misc":{"Escrito por":"sarmiento24h@gmail.com","Tiempo de lectura":"3 minutos"},"schema":{"@context":"https:\/\/schema.org","@graph":[{"@type":"Article","@id":"https:\/\/sarmiento24h.com\/?p=169691#article","isPartOf":{"@id":"https:\/\/sarmiento24h.com\/?p=169691"},"author":{"name":"sarmiento24h@gmail.com","@id":"https:\/\/sarmiento24h.com\/#\/schema\/person\/d653a59725ad629a7e0429af7b939d4d"},"headline":"Apordom y Guatemala sellan alianza estrat\u00e9gica Portuaria","datePublished":"2026-05-01T15:17:42+00:00","mainEntityOfPage":{"@id":"https:\/\/sarmiento24h.com\/?p=169691"},"wordCount":684,"publisher":{"@id":"https:\/\/sarmiento24h.com\/#organization"},"image":{"@id":"https:\/\/sarmiento24h.com\/?p=169691#primaryimage"},"thumbnailUrl":"https:\/\/sarmiento24h.com\/wp-content\/uploads\/2026\/05\/apordom-y-guatemala-sellan-alianza-estrategica-portuaria.jpg","articleSection":["Nacionales"],"inLanguage":"es"},{"@type":"WebPage","@id":"https:\/\/sarmiento24h.com\/?p=169691","url":"https:\/\/sarmiento24h.com\/?p=169691","name":"Apordom y Guatemala sellan alianza estrat\u00e9gica Portuaria - Sarmiento24h","isPartOf":{"@id":"https:\/\/sarmiento24h.com\/#website"},"primaryImageOfPage":{"@id":"https:\/\/sarmiento24h.com\/?p=169691#primaryimage"},"image":{"@id":"https:\/\/sarmiento24h.com\/?p=169691#primaryimage"},"thumbnailUrl":"https:\/\/sarmiento24h.com\/wp-content\/uploads\/2026\/05\/apordom-y-guatemala-sellan-alianza-estrategica-portuaria.jpg","datePublished":"2026-05-01T15:17:42+00:00","breadcrumb":{"@id":"https:\/\/sarmiento24h.com\/?p=169691#breadcrumb"},"inLanguage":"es","potentialAction":[{"@type":"ReadAction","target":["https:\/\/sarmiento24h.com\/?p=169691"]}]},{"@type":"ImageObject","inLanguage":"es","@id":"https:\/\/sarmiento24h.com\/?p=169691#primaryimage","url":"https:\/\/sarmiento24h.com\/wp-content\/uploads\/2026\/05\/apordom-y-guatemala-sellan-alianza-estrategica-portuaria.jpg","contentUrl":"https:\/\/sarmiento24h.com\/wp-content\/uploads\/2026\/05\/apordom-y-guatemala-sellan-alianza-estrategica-portuaria.jpg","width":1200,"height":675},{"@type":"BreadcrumbList","@id":"https:\/\/sarmiento24h.com\/?p=169691#breadcrumb","itemListElement":[{"@type":"ListItem","position":1,"name":"Home","item":"https:\/\/sarmiento24h.com\/"},{"@type":"ListItem","position":2,"name":"Apordom y Guatemala sellan alianza estrat\u00e9gica Portuaria"}]},{"@type":"WebSite","@id":"https:\/\/sarmiento24h.com\/#website","url":"https:\/\/sarmiento24h.com\/","name":"Sarmiento24h","description":"","publisher":{"@id":"https:\/\/sarmiento24h.com\/#organization"},"potentialAction":[{"@type":"SearchAction","target":{"@type":"EntryPoint","urlTemplate":"https:\/\/sarmiento24h.com\/?s={search_term_string}"},"query-input":{"@type":"PropertyValueSpecification","valueRequired":true,"valueName":"search_term_string"}}],"inLanguage":"es"},{"@type":"Organization","@id":"https:\/\/sarmiento24h.com\/#organization","name":"Sarmiento24h","url":"https:\/\/sarmiento24h.com\/","logo":{"@type":"ImageObject","inLanguage":"es","@id":"https:\/\/sarmiento24h.com\/#\/schema\/logo\/image\/","url":"https:\/\/sarmiento24h.com\/wp-content\/uploads\/2025\/12\/AddText_12-16-10.30.52.jpg","contentUrl":"https:\/\/sarmiento24h.com\/wp-content\/uploads\/2025\/12\/AddText_12-16-10.30.52.jpg","width":1220,"height":324,"caption":"Sarmiento24h"},"image":{"@id":"https:\/\/sarmiento24h.com\/#\/schema\/logo\/image\/"},"sameAs":["https:\/\/facebook.com\/s24hnoticias","https:\/\/x.com\/sarmiento24h"]},{"@type":"Person","@id":"https:\/\/sarmiento24h.com\/#\/schema\/person\/d653a59725ad629a7e0429af7b939d4d","name":"sarmiento24h@gmail.com","image":{"@type":"ImageObject","inLanguage":"es","@id":"https:\/\/sarmiento24h.com\/wp-content\/litespeed\/avatar\/d02cbc4e23c747e6659cd45907173c8f.jpg?ver=1777157796","url":"https:\/\/sarmiento24h.com\/wp-content\/litespeed\/avatar\/d02cbc4e23c747e6659cd45907173c8f.jpg?ver=1777157796","contentUrl":"https:\/\/sarmiento24h.com\/wp-content\/litespeed\/avatar\/d02cbc4e23c747e6659cd45907173c8f.jpg?ver=1777157796","caption":"sarmiento24h@gmail.com"},"sameAs":["https:\/\/sarmiento24h.com"],"url":"https:\/\/sarmiento24h.com\/?author=1"}]}},"jetpack_publicize_connections":[],"jetpack_featured_media_url":"https:\/\/sarmiento24h.com\/wp-content\/uploads\/2026\/05\/apordom-y-guatemala-sellan-alianza-estrategica-portuaria.jpg","jetpack_sharing_enabled":true,"_links":{"self":[{"href":"https:\/\/sarmiento24h.com\/index.php?rest_route=\/wp\/v2\/posts\/169691","targetHints":{"allow":["GET"]}}],"collection":[{"href":"https:\/\/sarmiento24h.com\/index.php?rest_route=\/wp\/v2\/posts"}],"about":[{"href":"https:\/\/sarmiento24h.com\/index.php?rest_route=\/wp\/v2\/types\/post"}],"author":[{"embeddable":true,"href":"https:\/\/sarmiento24h.com\/index.php?rest_route=\/wp\/v2\/users\/1"}],"replies":[{"embeddable":true,"href":"https:\/\/sarmiento24h.com\/index.php?rest_route=%2Fwp%2Fv2%2Fcomments&post=169691"}],"version-history":[{"count":0,"href":"https:\/\/sarmiento24h.com\/index.php?rest_route=\/wp\/v2\/posts\/169691\/revisions"}],"wp:featuredmedia":[{"embeddable":true,"href":"https:\/\/sarmiento24h.com\/index.php?rest_route=\/wp\/v2\/media\/169692"}],"wp:attachment":[{"href":"https:\/\/sarmiento24h.com\/index.php?rest_route=%2Fwp%2Fv2%2Fmedia&parent=169691"}],"wp:term":[{"taxonomy":"category","embeddable":true,"href":"https:\/\/sarmiento24h.com\/index.php?rest_route=%2Fwp%2Fv2%2Fcategories&post=169691"},{"taxonomy":"post_tag","embeddable":true,"href":"https:\/\/sarmiento24h.com\/index.php?rest_route=%2Fwp%2Fv2%2Ftags&post=169691"}],"curies":[{"name":"wp","href":"https:\/\/api.w.org\/{rel}","templated":true}]}}