{"id":169694,"date":"2026-05-01T15:17:45","date_gmt":"2026-05-01T15:17:45","guid":{"rendered":"http:\/\/almomento.net\/?p=1116564"},"modified":"2026-05-01T15:17:45","modified_gmt":"2026-05-01T15:17:45","slug":"concluye-ciclo-de-conferencias-elecciones-en-tiempo-de-democracia","status":"publish","type":"post","link":"https:\/\/sarmiento24h.com\/?p=169694","title":{"rendered":"Concluye ciclo de conferencias Elecciones en tiempo de democracia\u201d"},"content":{"rendered":"<p>SANTIAGO DE LOS CABALLEROS.- El director de Medios de la Presidencia, Federico Reynoso, concluy\u00f3 el ciclo de conferencias \u201cElecciones en tiempo de democracia\u201d, desarrollado en varios municipios del Cibao para fortalecer la conciencia c\u00edvica de cara a los pr\u00f3ximos procesos electorales.<\/p>\n<p>El acto de cierre se realiz\u00f3 en el Sal\u00f3n Juan Pablo Duarte del Ayuntamiento de Santiago. All\u00ed, Reynoso present\u00f3 un an\u00e1lisis de 59 a\u00f1os de historia electoral (1962-2024), per\u00edodo con 17 procesos organizados por la JCE y ocho presidentes electos.<\/p>\n<p>Destac\u00f3 hitos como la elecci\u00f3n de Juan Bosch en 1962 y la consolidaci\u00f3n de la alternancia democr\u00e1tica en 1978 con el triunfo de Antonio Guzm\u00e1n. Tambi\u00e9n repas\u00f3 la evoluci\u00f3n electoral hasta los comicios recientes, que \u2014seg\u00fan dijo\u2014 han fortalecido la gobernabilidad bajo la gesti\u00f3n de Luis Abinader.<a href=\"https:\/\/almomento.net\/wp-content\/uploads\/2026\/05\/c198a023-ae9a-48f5-b3f8-6837d33bac4c.jpg\"><img loading=\"lazy\" decoding=\"async\" class=\"alignleft wp-image-1116577 size-medium\" src=\"https:\/\/almomento.net\/wp-content\/uploads\/2026\/05\/c198a023-ae9a-48f5-b3f8-6837d33bac4c-300x200.jpg\" alt width=\"300\" height=\"200\" srcset=\"https:\/\/almomento.net\/wp-content\/uploads\/2026\/05\/c198a023-ae9a-48f5-b3f8-6837d33bac4c-300x200.jpg 300w, https:\/\/almomento.net\/wp-content\/uploads\/2026\/05\/c198a023-ae9a-48f5-b3f8-6837d33bac4c-1024x682.jpg 1024w, https:\/\/almomento.net\/wp-content\/uploads\/2026\/05\/c198a023-ae9a-48f5-b3f8-6837d33bac4c-768x512.jpg 768w, https:\/\/almomento.net\/wp-content\/uploads\/2026\/05\/c198a023-ae9a-48f5-b3f8-6837d33bac4c-1536x1023.jpg 1536w, https:\/\/almomento.net\/wp-content\/uploads\/2026\/05\/c198a023-ae9a-48f5-b3f8-6837d33bac4c-143x95.jpg 143w, https:\/\/almomento.net\/wp-content\/uploads\/2026\/05\/c198a023-ae9a-48f5-b3f8-6837d33bac4c-375x250.jpg 375w, https:\/\/almomento.net\/wp-content\/uploads\/2026\/05\/c198a023-ae9a-48f5-b3f8-6837d33bac4c.jpg 1600w\" sizes=\"auto, (max-width: 300px) 100vw, 300px\"><\/a><\/p>\n<p><strong>Polarizaci\u00f3n y abstenci\u00f3n<\/strong><\/p>\n<p>Reynoso advirti\u00f3 sobre los desaf\u00edos que han marcado varios procesos electorales, con altos niveles de polarizaci\u00f3n pol\u00edtica. Insisti\u00f3 en preservar el respeto al orden constitucional y la institucionalidad democr\u00e1tica.<\/p>\n<p>Sobre la abstenci\u00f3n, se\u00f1al\u00f3 que se necesita mayor participaci\u00f3n ciudadana. \u201cLa democracia se fortalece en las urnas y se debilita cuando la mayor\u00eda decide quedarse en casa\u201d, afirm\u00f3.<\/p>\n<p>Por eso, llam\u00f3 a la clase pol\u00edtica y a la sociedad civil a impulsar un pacto nacional para enfrentar el desinter\u00e9s ciudadano.<\/p>\n<p>El ciclo visit\u00f3 Mao, Navarrete, Villa Gonz\u00e1lez, San Jos\u00e9 de las Matas, Tamboril y Pu\u00f1al, buscando motivar a j\u00f3venes y universitarios a involucrarse en la pol\u00edtica desde la \u00e9tica.<\/p>\n<p>Al acto asistieron la vicealcaldesa Mariana Moreno; el diputado Nelson Marmolejos; directores regionales de Salud, INABIE e Interior y Polic\u00eda; regidores del PRM como Dar\u00edo Sir\u00ed, Amarilis Baret y Ram\u00f3n Mari\u00f1e; el director de CURSA-UASD, Juan Arias; el expresidente del PRM El\u00edas Serulle, y representantes del Colegio de Abogados, entre otros.<\/p>\n<div class=\"heateor_sss_sharing_container heateor_sss_horizontal_sharing\" data-heateor-sss-href=\"https:\/\/almomento.net\/concluye-ciclo-de-conferencias-elecciones-en-tiempo-de-democracia\/\" readability=\"7\">\n<p>Comp\u00e1rtelo en tus redes:<\/p>\n<\/div>\n<p> <!-- 468x60 --><br \/>\n<ins class=\"adsbygoogle\" data-ad-client=\"ca-pub-3511341636159665\" data-ad-slot=\"3538255450\"><\/ins> <!-- .entry-content --> <\/p>\n","protected":false},"excerpt":{"rendered":"<p>SANTIAGO DE LOS CABALLEROS.- El director de&#46;&#46;&#46;<\/p>\n","protected":false},"author":1,"featured_media":169695,"comment_status":"closed","ping_status":"closed","sticky":false,"template":"","format":"standard","meta":{"_jetpack_memberships_contains_paid_content":false,"footnotes":"","jetpack_publicize_message":"","jetpack_publicize_feature_enabled":true,"jetpack_social_post_already_shared":true,"jetpack_social_options":{"image_generator_settings":{"template":"highway","default_image_id":0,"font":"","enabled":false},"version":2}},"categories":[61],"tags":[],"class_list":["post-169694","post","type-post","status-publish","format-standard","has-post-thumbnail","hentry","category-politica"],"yoast_head":"<!-- This site is optimized with the Yoast SEO plugin v27.3 - https:\/\/yoast.com\/product\/yoast-seo-wordpress\/ -->\n<title>Concluye ciclo de conferencias Elecciones en tiempo de democracia\u201d - Sarmiento24h<\/title>\n<meta name=\"robots\" content=\"index, follow, max-snippet:-1, max-image-preview:large, max-video-preview:-1\" \/>\n<link rel=\"canonical\" href=\"https:\/\/sarmiento24h.com\/?p=169694\" \/>\n<meta property=\"og:locale\" content=\"es_ES\" \/>\n<meta property=\"og:type\" content=\"article\" \/>\n<meta property=\"og:title\" content=\"Concluye ciclo de conferencias Elecciones en tiempo de democracia\u201d - Sarmiento24h\" \/>\n<meta property=\"og:description\" content=\"SANTIAGO DE LOS CABALLEROS.- El director de&#046;&#046;&#046;\" \/>\n<meta property=\"og:url\" content=\"https:\/\/sarmiento24h.com\/?p=169694\" \/>\n<meta property=\"og:site_name\" content=\"Sarmiento24h\" \/>\n<meta property=\"article:publisher\" content=\"https:\/\/facebook.com\/s24hnoticias\" \/>\n<meta property=\"article:published_time\" content=\"2026-05-01T15:17:45+00:00\" \/>\n<meta name=\"author\" content=\"sarmiento24h@gmail.com\" \/>\n<meta name=\"twitter:card\" content=\"summary_large_image\" \/>\n<meta name=\"twitter:creator\" content=\"@sarmiento24h\" \/>\n<meta name=\"twitter:site\" content=\"@sarmiento24h\" \/>\n<meta name=\"twitter:label1\" content=\"Escrito por\" \/>\n\t<meta name=\"twitter:data1\" content=\"sarmiento24h@gmail.com\" \/>\n\t<meta name=\"twitter:label2\" content=\"Tiempo de lectura\" \/>\n\t<meta name=\"twitter:data2\" content=\"2 minutos\" \/>\n<script type=\"application\/ld+json\" class=\"yoast-schema-graph\">{\"@context\":\"https:\\\/\\\/schema.org\",\"@graph\":[{\"@type\":\"Article\",\"@id\":\"https:\\\/\\\/sarmiento24h.com\\\/?p=169694#article\",\"isPartOf\":{\"@id\":\"https:\\\/\\\/sarmiento24h.com\\\/?p=169694\"},\"author\":{\"name\":\"sarmiento24h@gmail.com\",\"@id\":\"https:\\\/\\\/sarmiento24h.com\\\/#\\\/schema\\\/person\\\/d653a59725ad629a7e0429af7b939d4d\"},\"headline\":\"Concluye ciclo de conferencias Elecciones en tiempo de democracia\u201d\",\"datePublished\":\"2026-05-01T15:17:45+00:00\",\"mainEntityOfPage\":{\"@id\":\"https:\\\/\\\/sarmiento24h.com\\\/?p=169694\"},\"wordCount\":336,\"publisher\":{\"@id\":\"https:\\\/\\\/sarmiento24h.com\\\/#organization\"},\"image\":{\"@id\":\"https:\\\/\\\/sarmiento24h.com\\\/?p=169694#primaryimage\"},\"thumbnailUrl\":\"https:\\\/\\\/sarmiento24h.com\\\/wp-content\\\/uploads\\\/2026\\\/05\\\/concluye-ciclo-de-conferencias-elecciones-en-tiempo-de-democracia.jpg\",\"articleSection\":[\"Politica\"],\"inLanguage\":\"es\"},{\"@type\":\"WebPage\",\"@id\":\"https:\\\/\\\/sarmiento24h.com\\\/?p=169694\",\"url\":\"https:\\\/\\\/sarmiento24h.com\\\/?p=169694\",\"name\":\"Concluye ciclo de conferencias Elecciones en tiempo de democracia\u201d - Sarmiento24h\",\"isPartOf\":{\"@id\":\"https:\\\/\\\/sarmiento24h.com\\\/#website\"},\"primaryImageOfPage\":{\"@id\":\"https:\\\/\\\/sarmiento24h.com\\\/?p=169694#primaryimage\"},\"image\":{\"@id\":\"https:\\\/\\\/sarmiento24h.com\\\/?p=169694#primaryimage\"},\"thumbnailUrl\":\"https:\\\/\\\/sarmiento24h.com\\\/wp-content\\\/uploads\\\/2026\\\/05\\\/concluye-ciclo-de-conferencias-elecciones-en-tiempo-de-democracia.jpg\",\"datePublished\":\"2026-05-01T15:17:45+00:00\",\"breadcrumb\":{\"@id\":\"https:\\\/\\\/sarmiento24h.com\\\/?p=169694#breadcrumb\"},\"inLanguage\":\"es\",\"potentialAction\":[{\"@type\":\"ReadAction\",\"target\":[\"https:\\\/\\\/sarmiento24h.com\\\/?p=169694\"]}]},{\"@type\":\"ImageObject\",\"inLanguage\":\"es\",\"@id\":\"https:\\\/\\\/sarmiento24h.com\\\/?p=169694#primaryimage\",\"url\":\"https:\\\/\\\/sarmiento24h.com\\\/wp-content\\\/uploads\\\/2026\\\/05\\\/concluye-ciclo-de-conferencias-elecciones-en-tiempo-de-democracia.jpg\",\"contentUrl\":\"https:\\\/\\\/sarmiento24h.com\\\/wp-content\\\/uploads\\\/2026\\\/05\\\/concluye-ciclo-de-conferencias-elecciones-en-tiempo-de-democracia.jpg\",\"width\":300,\"height\":200},{\"@type\":\"BreadcrumbList\",\"@id\":\"https:\\\/\\\/sarmiento24h.com\\\/?p=169694#breadcrumb\",\"itemListElement\":[{\"@type\":\"ListItem\",\"position\":1,\"name\":\"Home\",\"item\":\"https:\\\/\\\/sarmiento24h.com\\\/\"},{\"@type\":\"ListItem\",\"position\":2,\"name\":\"Concluye ciclo de conferencias Elecciones en tiempo de democracia\u201d\"}]},{\"@type\":\"WebSite\",\"@id\":\"https:\\\/\\\/sarmiento24h.com\\\/#website\",\"url\":\"https:\\\/\\\/sarmiento24h.com\\\/\",\"name\":\"Sarmiento24h\",\"description\":\"\",\"publisher\":{\"@id\":\"https:\\\/\\\/sarmiento24h.com\\\/#organization\"},\"potentialAction\":[{\"@type\":\"SearchAction\",\"target\":{\"@type\":\"EntryPoint\",\"urlTemplate\":\"https:\\\/\\\/sarmiento24h.com\\\/?s={search_term_string}\"},\"query-input\":{\"@type\":\"PropertyValueSpecification\",\"valueRequired\":true,\"valueName\":\"search_term_string\"}}],\"inLanguage\":\"es\"},{\"@type\":\"Organization\",\"@id\":\"https:\\\/\\\/sarmiento24h.com\\\/#organization\",\"name\":\"Sarmiento24h\",\"url\":\"https:\\\/\\\/sarmiento24h.com\\\/\",\"logo\":{\"@type\":\"ImageObject\",\"inLanguage\":\"es\",\"@id\":\"https:\\\/\\\/sarmiento24h.com\\\/#\\\/schema\\\/logo\\\/image\\\/\",\"url\":\"https:\\\/\\\/sarmiento24h.com\\\/wp-content\\\/uploads\\\/2025\\\/12\\\/AddText_12-16-10.30.52.jpg\",\"contentUrl\":\"https:\\\/\\\/sarmiento24h.com\\\/wp-content\\\/uploads\\\/2025\\\/12\\\/AddText_12-16-10.30.52.jpg\",\"width\":1220,\"height\":324,\"caption\":\"Sarmiento24h\"},\"image\":{\"@id\":\"https:\\\/\\\/sarmiento24h.com\\\/#\\\/schema\\\/logo\\\/image\\\/\"},\"sameAs\":[\"https:\\\/\\\/facebook.com\\\/s24hnoticias\",\"https:\\\/\\\/x.com\\\/sarmiento24h\"]},{\"@type\":\"Person\",\"@id\":\"https:\\\/\\\/sarmiento24h.com\\\/#\\\/schema\\\/person\\\/d653a59725ad629a7e0429af7b939d4d\",\"name\":\"sarmiento24h@gmail.com\",\"image\":{\"@type\":\"ImageObject\",\"inLanguage\":\"es\",\"@id\":\"https:\\\/\\\/sarmiento24h.com\\\/wp-content\\\/litespeed\\\/avatar\\\/d02cbc4e23c747e6659cd45907173c8f.jpg?ver=1777157796\",\"url\":\"https:\\\/\\\/sarmiento24h.com\\\/wp-content\\\/litespeed\\\/avatar\\\/d02cbc4e23c747e6659cd45907173c8f.jpg?ver=1777157796\",\"contentUrl\":\"https:\\\/\\\/sarmiento24h.com\\\/wp-content\\\/litespeed\\\/avatar\\\/d02cbc4e23c747e6659cd45907173c8f.jpg?ver=1777157796\",\"caption\":\"sarmiento24h@gmail.com\"},\"sameAs\":[\"https:\\\/\\\/sarmiento24h.com\"],\"url\":\"https:\\\/\\\/sarmiento24h.com\\\/?author=1\"}]}<\/script>\n<!-- \/ Yoast SEO plugin. -->","yoast_head_json":{"title":"Concluye ciclo de conferencias Elecciones en tiempo de democracia\u201d - Sarmiento24h","robots":{"index":"index","follow":"follow","max-snippet":"max-snippet:-1","max-image-preview":"max-image-preview:large","max-video-preview":"max-video-preview:-1"},"canonical":"https:\/\/sarmiento24h.com\/?p=169694","og_locale":"es_ES","og_type":"article","og_title":"Concluye ciclo de conferencias Elecciones en tiempo de democracia\u201d - Sarmiento24h","og_description":"SANTIAGO DE LOS CABALLEROS.- El director de&#46;&#46;&#46;","og_url":"https:\/\/sarmiento24h.com\/?p=169694","og_site_name":"Sarmiento24h","article_publisher":"https:\/\/facebook.com\/s24hnoticias","article_published_time":"2026-05-01T15:17:45+00:00","author":"sarmiento24h@gmail.com","twitter_card":"summary_large_image","twitter_creator":"@sarmiento24h","twitter_site":"@sarmiento24h","twitter_misc":{"Escrito por":"sarmiento24h@gmail.com","Tiempo de lectura":"2 minutos"},"schema":{"@context":"https:\/\/schema.org","@graph":[{"@type":"Article","@id":"https:\/\/sarmiento24h.com\/?p=169694#article","isPartOf":{"@id":"https:\/\/sarmiento24h.com\/?p=169694"},"author":{"name":"sarmiento24h@gmail.com","@id":"https:\/\/sarmiento24h.com\/#\/schema\/person\/d653a59725ad629a7e0429af7b939d4d"},"headline":"Concluye ciclo de conferencias Elecciones en tiempo de democracia\u201d","datePublished":"2026-05-01T15:17:45+00:00","mainEntityOfPage":{"@id":"https:\/\/sarmiento24h.com\/?p=169694"},"wordCount":336,"publisher":{"@id":"https:\/\/sarmiento24h.com\/#organization"},"image":{"@id":"https:\/\/sarmiento24h.com\/?p=169694#primaryimage"},"thumbnailUrl":"https:\/\/sarmiento24h.com\/wp-content\/uploads\/2026\/05\/concluye-ciclo-de-conferencias-elecciones-en-tiempo-de-democracia.jpg","articleSection":["Politica"],"inLanguage":"es"},{"@type":"WebPage","@id":"https:\/\/sarmiento24h.com\/?p=169694","url":"https:\/\/sarmiento24h.com\/?p=169694","name":"Concluye ciclo de conferencias Elecciones en tiempo de democracia\u201d - Sarmiento24h","isPartOf":{"@id":"https:\/\/sarmiento24h.com\/#website"},"primaryImageOfPage":{"@id":"https:\/\/sarmiento24h.com\/?p=169694#primaryimage"},"image":{"@id":"https:\/\/sarmiento24h.com\/?p=169694#primaryimage"},"thumbnailUrl":"https:\/\/sarmiento24h.com\/wp-content\/uploads\/2026\/05\/concluye-ciclo-de-conferencias-elecciones-en-tiempo-de-democracia.jpg","datePublished":"2026-05-01T15:17:45+00:00","breadcrumb":{"@id":"https:\/\/sarmiento24h.com\/?p=169694#breadcrumb"},"inLanguage":"es","potentialAction":[{"@type":"ReadAction","target":["https:\/\/sarmiento24h.com\/?p=169694"]}]},{"@type":"ImageObject","inLanguage":"es","@id":"https:\/\/sarmiento24h.com\/?p=169694#primaryimage","url":"https:\/\/sarmiento24h.com\/wp-content\/uploads\/2026\/05\/concluye-ciclo-de-conferencias-elecciones-en-tiempo-de-democracia.jpg","contentUrl":"https:\/\/sarmiento24h.com\/wp-content\/uploads\/2026\/05\/concluye-ciclo-de-conferencias-elecciones-en-tiempo-de-democracia.jpg","width":300,"height":200},{"@type":"BreadcrumbList","@id":"https:\/\/sarmiento24h.com\/?p=169694#breadcrumb","itemListElement":[{"@type":"ListItem","position":1,"name":"Home","item":"https:\/\/sarmiento24h.com\/"},{"@type":"ListItem","position":2,"name":"Concluye ciclo de conferencias Elecciones en tiempo de democracia\u201d"}]},{"@type":"WebSite","@id":"https:\/\/sarmiento24h.com\/#website","url":"https:\/\/sarmiento24h.com\/","name":"Sarmiento24h","description":"","publisher":{"@id":"https:\/\/sarmiento24h.com\/#organization"},"potentialAction":[{"@type":"SearchAction","target":{"@type":"EntryPoint","urlTemplate":"https:\/\/sarmiento24h.com\/?s={search_term_string}"},"query-input":{"@type":"PropertyValueSpecification","valueRequired":true,"valueName":"search_term_string"}}],"inLanguage":"es"},{"@type":"Organization","@id":"https:\/\/sarmiento24h.com\/#organization","name":"Sarmiento24h","url":"https:\/\/sarmiento24h.com\/","logo":{"@type":"ImageObject","inLanguage":"es","@id":"https:\/\/sarmiento24h.com\/#\/schema\/logo\/image\/","url":"https:\/\/sarmiento24h.com\/wp-content\/uploads\/2025\/12\/AddText_12-16-10.30.52.jpg","contentUrl":"https:\/\/sarmiento24h.com\/wp-content\/uploads\/2025\/12\/AddText_12-16-10.30.52.jpg","width":1220,"height":324,"caption":"Sarmiento24h"},"image":{"@id":"https:\/\/sarmiento24h.com\/#\/schema\/logo\/image\/"},"sameAs":["https:\/\/facebook.com\/s24hnoticias","https:\/\/x.com\/sarmiento24h"]},{"@type":"Person","@id":"https:\/\/sarmiento24h.com\/#\/schema\/person\/d653a59725ad629a7e0429af7b939d4d","name":"sarmiento24h@gmail.com","image":{"@type":"ImageObject","inLanguage":"es","@id":"https:\/\/sarmiento24h.com\/wp-content\/litespeed\/avatar\/d02cbc4e23c747e6659cd45907173c8f.jpg?ver=1777157796","url":"https:\/\/sarmiento24h.com\/wp-content\/litespeed\/avatar\/d02cbc4e23c747e6659cd45907173c8f.jpg?ver=1777157796","contentUrl":"https:\/\/sarmiento24h.com\/wp-content\/litespeed\/avatar\/d02cbc4e23c747e6659cd45907173c8f.jpg?ver=1777157796","caption":"sarmiento24h@gmail.com"},"sameAs":["https:\/\/sarmiento24h.com"],"url":"https:\/\/sarmiento24h.com\/?author=1"}]}},"jetpack_publicize_connections":[],"jetpack_featured_media_url":"https:\/\/sarmiento24h.com\/wp-content\/uploads\/2026\/05\/concluye-ciclo-de-conferencias-elecciones-en-tiempo-de-democracia.jpg","jetpack_sharing_enabled":true,"_links":{"self":[{"href":"https:\/\/sarmiento24h.com\/index.php?rest_route=\/wp\/v2\/posts\/169694","targetHints":{"allow":["GET"]}}],"collection":[{"href":"https:\/\/sarmiento24h.com\/index.php?rest_route=\/wp\/v2\/posts"}],"about":[{"href":"https:\/\/sarmiento24h.com\/index.php?rest_route=\/wp\/v2\/types\/post"}],"author":[{"embeddable":true,"href":"https:\/\/sarmiento24h.com\/index.php?rest_route=\/wp\/v2\/users\/1"}],"replies":[{"embeddable":true,"href":"https:\/\/sarmiento24h.com\/index.php?rest_route=%2Fwp%2Fv2%2Fcomments&post=169694"}],"version-history":[{"count":0,"href":"https:\/\/sarmiento24h.com\/index.php?rest_route=\/wp\/v2\/posts\/169694\/revisions"}],"wp:featuredmedia":[{"embeddable":true,"href":"https:\/\/sarmiento24h.com\/index.php?rest_route=\/wp\/v2\/media\/169695"}],"wp:attachment":[{"href":"https:\/\/sarmiento24h.com\/index.php?rest_route=%2Fwp%2Fv2%2Fmedia&parent=169694"}],"wp:term":[{"taxonomy":"category","embeddable":true,"href":"https:\/\/sarmiento24h.com\/index.php?rest_route=%2Fwp%2Fv2%2Fcategories&post=169694"},{"taxonomy":"post_tag","embeddable":true,"href":"https:\/\/sarmiento24h.com\/index.php?rest_route=%2Fwp%2Fv2%2Ftags&post=169694"}],"curies":[{"name":"wp","href":"https:\/\/api.w.org\/{rel}","templated":true}]}}