{"id":169905,"date":"2026-05-01T17:18:17","date_gmt":"2026-05-01T17:18:17","guid":{"rendered":"http:\/\/f5f573e2-4576-11f1-bc12-f9535538c7c2"},"modified":"2026-05-01T17:18:17","modified_gmt":"2026-05-01T17:18:17","slug":"justicia-peruana-restringe-la-salida-del-pais-al-exjefe-de-la-onpe-en-medio-de-la-crisis-postelectoral","status":"publish","type":"post","link":"https:\/\/sarmiento24h.com\/?p=169905","title":{"rendered":"Justicia peruana restringe la salida del pa\u00eds al exjefe de la ONPE en medio de la crisis postelectoral"},"content":{"rendered":"\n<p>La decisi\u00f3n fue adoptada por el juez Juan Manuel Chuyo, quien consider\u00f3 necesario garantizar la presencia de los investigados durante el desarrollo de las diligencias fiscales.&nbsp;<\/p>\n<p>La Fiscal\u00eda sostiene que existen indicios de riesgo de fuga, especialmente tras el hallazgo de un pasaporte adicional en el domicilio del exjefe de la Oficina Nacional de Procesos Electorales (ONPE), Piero Corvetto, durante un allanamiento reciente, pese a que este ya hab\u00eda entregado otros documentos de viaje a las autoridades.<\/p>\n<h2><strong>Investigaci\u00f3n por presunta colusi\u00f3n y fallos en el proceso electoral<\/strong><\/h2>\n<p>El caso gira en torno a posibles delitos de colusi\u00f3n agravada y omisi\u00f3n de actos funcionales relacionados con la contrataci\u00f3n de la empresa de transportes G\u00e1laga, encargada de distribuir el material electoral. Seg\u00fan el Ministerio P\u00fablico, habr\u00eda indicios de un posible direccionamiento en ese contrato, lo que deriv\u00f3 en retrasos significativos en la apertura de centros de votaci\u00f3n, especialmente en Lima.<\/p>\n<p>Las fallas log\u00edsticas tuvieron consecuencias directas sobre el ejercicio del voto: miles de ciudadanos no pudieron sufragar en la fecha prevista, lo que oblig\u00f3 a extender de manera in\u00e9dita la jornada electoral hasta el d\u00eda siguiente. Este escenario no solo gener\u00f3 malestar ciudadano, sino que tambi\u00e9n abri\u00f3 interrogantes sobre la integridad del proceso.<\/p>\n<div class=\"em-video-wrapper m-em-video\" data-media-video-wbmz388135-f24-es-20260501 data-wrapper-video-player data-show-hidden-video-player=\"WBMZ388135-F24-ES-20260501\" data-youtube-script>\n<div class=\"m-em-video__video\">\n<div class=\"o-em-consent \" readability=\"7\">\n<div class=\"o-em-consent__content\" readability=\"34\">\n<p class=\"o-em-consent__content__text\">Para mostrar este contenido de YouTube, debe autorizar las cookies de medici\u00f3n de audiencia y publicidad.<\/p>\n<p> <button class=\"a-master-button a-master-button--dark\" data-action=\"accept\"> Aceptar <svg class=\"a-svg a-svg--icon-check\"> <use xlink:href=\"\/build\/images\/svg\/sprite.c98bf387c90bc4a87186b0b783f15ba0.svg#icon-check\" href=\"\/build\/images\/svg\/sprite.c98bf387c90bc4a87186b0b783f15ba0.svg#icon-check\" \/> <\/svg> <\/button> <button class=\"a-link\" data-action=\"manage\">Gestionar mis opciones<i class=\"a-svg a-svg--icon-edit\"><\/i><\/button> <\/div>\n<\/div>\n<div class=\"o-em-adblock\" data-adblock-content readability=\"7\">\n<div class=\"o-em-adblock__content\" readability=\"34\">\n<p class=\"o-em-adblock__content__text\">Una extensi\u00f3n de tu navegador parece estar bloqueando la carga del reproductor de video. Para poder ver este contenido, debes desactivarla en este sitio.<\/p>\n<p> <button class=\"a-master-button a-master-button--dark\" data-action=\"reload\">Reintentar<\/button> <\/div>\n<\/div>\n<figure class=\"m-item-image m-item-image--16x9 m-item-image--has-caption\"> <picture class=\"a-picture a-picture--16x9\"><source type=\"image\/webp\" srcset=\"https:\/\/s.france24.com\/media\/display\/d1d8637c-44f7-11f1-8fa7-005056bfb2b6\/w:388\/p:16x9\/ES-20260430-191101-191223-CS.webp 388w, https:\/\/s.france24.com\/media\/display\/d1d8637c-44f7-11f1-8fa7-005056bfb2b6\/w:720\/p:16x9\/ES-20260430-191101-191223-CS.webp 720w, https:\/\/s.france24.com\/media\/display\/d1d8637c-44f7-11f1-8fa7-005056bfb2b6\/w:1024\/p:16x9\/ES-20260430-191101-191223-CS.webp 1024w\" sizes=\"(max-width: 639px) calc(100vw - 32px), (max-width: 1076px) calc(100vw - 44px), 850px\"><img fetchpriority=\"low\" decoding=\"async\" src=\"https:\/\/s.france24.com\/media\/display\/d1d8637c-44f7-11f1-8fa7-005056bfb2b6\/w:1024\/p:16x9\/ES-20260430-191101-191223-CS.jpg\" srcset=\"https:\/\/s.france24.com\/media\/display\/d1d8637c-44f7-11f1-8fa7-005056bfb2b6\/w:388\/p:16x9\/ES-20260430-191101-191223-CS.jpg 388w, https:\/\/s.france24.com\/media\/display\/d1d8637c-44f7-11f1-8fa7-005056bfb2b6\/w:720\/p:16x9\/ES-20260430-191101-191223-CS.jpg 720w, https:\/\/s.france24.com\/media\/display\/d1d8637c-44f7-11f1-8fa7-005056bfb2b6\/w:1024\/p:16x9\/ES-20260430-191101-191223-CS.jpg 1024w\" sizes=\"auto, (max-width: 639px) calc(100vw - 32px), (max-width: 1076px) calc(100vw - 44px), 850px\" width=\"1024\" height=\"576\" alt loading=\"lazy\" class=\"a-img \">\n<\/picture><figcaption class=\"a-figcaption\"> <span>\u00a9 France 24<\/span> <\/figcaption><\/figure>\n<\/p><\/div>\n<\/p><\/div>\n<p>Adem\u00e1s de Corvetto, la medida judicial afecta a otros funcionarios de la ONPE, entre ellos responsables de \u00e1reas clave como gesti\u00f3n y producci\u00f3n electoral, as\u00ed como al representante de la empresa contratada. Para la Fiscal\u00eda, la presencia de todos ellos es fundamental para esclarecer unos hechos que han tenido impacto nacional.<\/p>\n<p class=\"a-read-more\"><span class=\"a-read-more__label\">Leer tambi\u00e9n<\/span><a href=\"https:\/\/www.france24.com\/es\/am\u00e9rica-latina\/20260414-elecciones-per\u00fa-las-claves-de-la-denuncia-penal-contra-el-jefe-de-la-onpe-piero-corvetto\" target=\"_self\" class=\"a-read-more__link\">Elecciones Per\u00fa: las claves de la denuncia penal contra el jefe de la ONPE, Piero Corvetto<\/a><\/p>\n<h2><strong>Medidas judiciales en un contexto de alta tensi\u00f3n pol\u00edtica<\/strong><\/h2>\n<p>Aunque el juez rechaz\u00f3 la solicitud de detenci\u00f3n preliminar contra Corvetto, s\u00ed aval\u00f3 la ejecuci\u00f3n de allanamientos en varios inmuebles vinculados a los investigados. Estas acciones forman parte de una estrategia fiscal orientada a recabar pruebas en una investigaci\u00f3n que se desarrolla en paralelo al avance del proceso electoral.<\/p>\n<p>La dimisi\u00f3n de Corvetto, presentada d\u00edas despu\u00e9s de los comicios, se produjo en medio de una creciente presi\u00f3n pol\u00edtica y medi\u00e1tica. Su salida fue interpretada como un intento de contener la crisis institucional generada por los errores en la organizaci\u00f3n electoral.<\/p>\n<p>Las irregularidades detectadas han sido utilizadas por algunos actores pol\u00edticos para cuestionar la legitimidad de los resultados. El candidato Rafael L\u00f3pez Aliaga ha denunciado un supuesto fraude en su contra, aunque sin aportar pruebas concluyentes. Sus acusaciones se producen en un contexto de estrecha competencia por el pase a la segunda vuelta.<\/p>\n<div class=\"m-em-image\">\n<figure class=\"m-item-image m-item-image--original m-item-image--has-caption\"> <picture class=\"a-picture a-picture--original\"><source type=\"image\/webp\" srcset=\"https:\/\/s.france24.com\/media\/display\/1b4421e0-457a-11f1-832a-005056bf30b7\/w:246\/2026-04-13T023758Z-74340203-RC22OKALBDQ6-RTRMADP-3-PERU-ELECTION.webp 246w, https:\/\/s.france24.com\/media\/display\/1b4421e0-457a-11f1-832a-005056bf30b7\/w:388\/2026-04-13T023758Z-74340203-RC22OKALBDQ6-RTRMADP-3-PERU-ELECTION.webp 388w, https:\/\/s.france24.com\/media\/display\/1b4421e0-457a-11f1-832a-005056bf30b7\/w:720\/2026-04-13T023758Z-74340203-RC22OKALBDQ6-RTRMADP-3-PERU-ELECTION.webp 720w, https:\/\/s.france24.com\/media\/display\/1b4421e0-457a-11f1-832a-005056bf30b7\/w:980\/2026-04-13T023758Z-74340203-RC22OKALBDQ6-RTRMADP-3-PERU-ELECTION.webp 980w\" sizes=\"(max-width: 1023px) calc(100vw - 32px), (min-width: 1024px) 850px\"><img fetchpriority=\"low\" decoding=\"async\" src=\"https:\/\/s.france24.com\/media\/display\/1b4421e0-457a-11f1-832a-005056bf30b7\/w:980\/2026-04-13T023758Z-74340203-RC22OKALBDQ6-RTRMADP-3-PERU-ELECTION.jpg\" srcset=\"https:\/\/s.france24.com\/media\/display\/1b4421e0-457a-11f1-832a-005056bf30b7\/w:246\/2026-04-13T023758Z-74340203-RC22OKALBDQ6-RTRMADP-3-PERU-ELECTION.jpg 246w, https:\/\/s.france24.com\/media\/display\/1b4421e0-457a-11f1-832a-005056bf30b7\/w:388\/2026-04-13T023758Z-74340203-RC22OKALBDQ6-RTRMADP-3-PERU-ELECTION.jpg 388w, https:\/\/s.france24.com\/media\/display\/1b4421e0-457a-11f1-832a-005056bf30b7\/w:720\/2026-04-13T023758Z-74340203-RC22OKALBDQ6-RTRMADP-3-PERU-ELECTION.jpg 720w, https:\/\/s.france24.com\/media\/display\/1b4421e0-457a-11f1-832a-005056bf30b7\/w:980\/2026-04-13T023758Z-74340203-RC22OKALBDQ6-RTRMADP-3-PERU-ELECTION.jpg 980w\" sizes=\"(max-width: 1023px) calc(100vw - 32px), (min-width: 1024px) 850px\" alt=\"Archivo: una persona sostiene un cartel que dice &quot;Fraude, detengan a Corvetto&quot; durante una protesta frente al Jurado Nacional Electoral, expresando su preocupaci\u00f3n por lo que consideran fraude en las elecciones generales de Per\u00fa, en Lima, Per\u00fa, el 12 de abril de 2026.\" loading=\"lazy\" class=\"a-img \">\n<\/picture><figcaption class=\"a-figcaption\"> <span>Archivo: una persona sostiene un cartel que dice \u00abFraude, detengan a Corvetto\u00bb durante una protesta frente al Jurado Nacional Electoral, expresando su preocupaci\u00f3n por lo que consideran fraude en las elecciones generales de Per\u00fa, en Lima, Per\u00fa, el 12 de abril de 2026.<\/span> <span>\u00a9 Reuters\/Manuel Orbegozo<\/span> <\/figcaption><\/figure>\n<\/p><\/div>\n<p>En paralelo, el recuento oficial contin\u00faa avanzando y perfila una contienda decisiva entre la l\u00edder conservadora Keiko Fujimori y el candidato de izquierda Roberto S\u00e1nchez. La estrecha diferencia de votos entre los aspirantes ha contribuido a intensificar el clima de incertidumbre.<\/p>\n<p>La decisi\u00f3n judicial de impedir la salida del pa\u00eds a los investigados refleja la gravedad con la que las autoridades est\u00e1n abordando el caso. M\u00e1s all\u00e1 de las responsabilidades individuales, el proceso pone a prueba la credibilidad del sistema electoral peruano en un momento clave.<\/p>\n<p>La combinaci\u00f3n de fallos log\u00edsticos, denuncias pol\u00edticas y acciones judiciales ha configurado un escenario de alta volatilidad institucional. A medida que se acerca la segunda vuelta, el esclarecimiento de estos hechos ser\u00e1 determinante para restaurar la confianza p\u00fablica en el proceso democr\u00e1tico.<\/p>\n<p class=\"a-read-more\"><span class=\"a-read-more__label\">Leer tambi\u00e9n<\/span><a href=\"https:\/\/www.france24.com\/es\/am\u00e9rica-latina\/20260424-allanamientos-lentitud-del-escrutinio-y-no-a-nuevos-comicios-la-novela-electoral-en-per\u00fa-suma-cap\u00edtulos\" target=\"_self\" class=\"a-read-more__link\">Allanamientos, lentitud del escrutinio y no a nuevos comicios: la novela electoral en Per\u00fa suma cap\u00edtulos<\/a><\/p>\n<p>Con EFE y medios locales<\/p>\n","protected":false},"excerpt":{"rendered":"<p>La decisi\u00f3n fue adoptada por el juez&#46;&#46;&#46;<\/p>\n","protected":false},"author":1,"featured_media":169906,"comment_status":"closed","ping_status":"closed","sticky":false,"template":"","format":"standard","meta":{"_jetpack_memberships_contains_paid_content":false,"footnotes":"","jetpack_publicize_message":"","jetpack_publicize_feature_enabled":true,"jetpack_social_post_already_shared":true,"jetpack_social_options":{"image_generator_settings":{"template":"highway","default_image_id":0,"font":"","enabled":false},"version":2}},"categories":[43],"tags":[],"class_list":["post-169905","post","type-post","status-publish","format-standard","has-post-thumbnail","hentry","category-internacionales"],"yoast_head":"<!-- This site is optimized with the Yoast SEO plugin v27.3 - https:\/\/yoast.com\/product\/yoast-seo-wordpress\/ -->\n<title>Justicia peruana restringe la salida del pa\u00eds al exjefe de la ONPE en medio de la crisis postelectoral - Sarmiento24h<\/title>\n<meta name=\"robots\" content=\"index, follow, max-snippet:-1, max-image-preview:large, max-video-preview:-1\" \/>\n<link rel=\"canonical\" href=\"https:\/\/sarmiento24h.com\/?p=169905\" \/>\n<meta property=\"og:locale\" content=\"es_ES\" \/>\n<meta property=\"og:type\" content=\"article\" \/>\n<meta property=\"og:title\" content=\"Justicia peruana restringe la salida del pa\u00eds al exjefe de la ONPE en medio de la crisis postelectoral - Sarmiento24h\" \/>\n<meta property=\"og:description\" content=\"La decisi\u00f3n fue adoptada por el juez&#046;&#046;&#046;\" \/>\n<meta property=\"og:url\" content=\"https:\/\/sarmiento24h.com\/?p=169905\" \/>\n<meta property=\"og:site_name\" content=\"Sarmiento24h\" \/>\n<meta property=\"article:publisher\" content=\"https:\/\/facebook.com\/s24hnoticias\" \/>\n<meta property=\"article:published_time\" content=\"2026-05-01T17:18:17+00:00\" \/>\n<meta property=\"og:image\" content=\"https:\/\/s.france24.com\/media\/display\/d1d8637c-44f7-11f1-8fa7-005056bfb2b6\/w:1024\/p:16x9\/ES-20260430-191101-191223-CS.jpg\" \/>\n<meta name=\"author\" content=\"sarmiento24h@gmail.com\" \/>\n<meta name=\"twitter:card\" content=\"summary_large_image\" \/>\n<meta name=\"twitter:creator\" content=\"@sarmiento24h\" \/>\n<meta name=\"twitter:site\" content=\"@sarmiento24h\" \/>\n<meta name=\"twitter:label1\" content=\"Escrito por\" \/>\n\t<meta name=\"twitter:data1\" content=\"sarmiento24h@gmail.com\" \/>\n\t<meta name=\"twitter:label2\" content=\"Tiempo de lectura\" \/>\n\t<meta name=\"twitter:data2\" content=\"4 minutos\" \/>\n<script type=\"application\/ld+json\" class=\"yoast-schema-graph\">{\"@context\":\"https:\\\/\\\/schema.org\",\"@graph\":[{\"@type\":\"Article\",\"@id\":\"https:\\\/\\\/sarmiento24h.com\\\/?p=169905#article\",\"isPartOf\":{\"@id\":\"https:\\\/\\\/sarmiento24h.com\\\/?p=169905\"},\"author\":{\"name\":\"sarmiento24h@gmail.com\",\"@id\":\"https:\\\/\\\/sarmiento24h.com\\\/#\\\/schema\\\/person\\\/d653a59725ad629a7e0429af7b939d4d\"},\"headline\":\"Justicia peruana restringe la salida del pa\u00eds al exjefe de la ONPE en medio de la crisis postelectoral\",\"datePublished\":\"2026-05-01T17:18:17+00:00\",\"mainEntityOfPage\":{\"@id\":\"https:\\\/\\\/sarmiento24h.com\\\/?p=169905\"},\"wordCount\":735,\"publisher\":{\"@id\":\"https:\\\/\\\/sarmiento24h.com\\\/#organization\"},\"image\":{\"@id\":\"https:\\\/\\\/sarmiento24h.com\\\/?p=169905#primaryimage\"},\"thumbnailUrl\":\"https:\\\/\\\/sarmiento24h.com\\\/wp-content\\\/uploads\\\/2026\\\/05\\\/justicia-peruana-restringe-la-salida-del-pais-al-exjefe-de-la-onpe-en-medio-de-la-crisis-postelectoral.jpg\",\"articleSection\":[\"Internacionales\"],\"inLanguage\":\"es\"},{\"@type\":\"WebPage\",\"@id\":\"https:\\\/\\\/sarmiento24h.com\\\/?p=169905\",\"url\":\"https:\\\/\\\/sarmiento24h.com\\\/?p=169905\",\"name\":\"Justicia peruana restringe la salida del pa\u00eds al exjefe de la ONPE en medio de la crisis postelectoral - Sarmiento24h\",\"isPartOf\":{\"@id\":\"https:\\\/\\\/sarmiento24h.com\\\/#website\"},\"primaryImageOfPage\":{\"@id\":\"https:\\\/\\\/sarmiento24h.com\\\/?p=169905#primaryimage\"},\"image\":{\"@id\":\"https:\\\/\\\/sarmiento24h.com\\\/?p=169905#primaryimage\"},\"thumbnailUrl\":\"https:\\\/\\\/sarmiento24h.com\\\/wp-content\\\/uploads\\\/2026\\\/05\\\/justicia-peruana-restringe-la-salida-del-pais-al-exjefe-de-la-onpe-en-medio-de-la-crisis-postelectoral.jpg\",\"datePublished\":\"2026-05-01T17:18:17+00:00\",\"breadcrumb\":{\"@id\":\"https:\\\/\\\/sarmiento24h.com\\\/?p=169905#breadcrumb\"},\"inLanguage\":\"es\",\"potentialAction\":[{\"@type\":\"ReadAction\",\"target\":[\"https:\\\/\\\/sarmiento24h.com\\\/?p=169905\"]}]},{\"@type\":\"ImageObject\",\"inLanguage\":\"es\",\"@id\":\"https:\\\/\\\/sarmiento24h.com\\\/?p=169905#primaryimage\",\"url\":\"https:\\\/\\\/sarmiento24h.com\\\/wp-content\\\/uploads\\\/2026\\\/05\\\/justicia-peruana-restringe-la-salida-del-pais-al-exjefe-de-la-onpe-en-medio-de-la-crisis-postelectoral.jpg\",\"contentUrl\":\"https:\\\/\\\/sarmiento24h.com\\\/wp-content\\\/uploads\\\/2026\\\/05\\\/justicia-peruana-restringe-la-salida-del-pais-al-exjefe-de-la-onpe-en-medio-de-la-crisis-postelectoral.jpg\",\"width\":1024,\"height\":576},{\"@type\":\"BreadcrumbList\",\"@id\":\"https:\\\/\\\/sarmiento24h.com\\\/?p=169905#breadcrumb\",\"itemListElement\":[{\"@type\":\"ListItem\",\"position\":1,\"name\":\"Home\",\"item\":\"https:\\\/\\\/sarmiento24h.com\\\/\"},{\"@type\":\"ListItem\",\"position\":2,\"name\":\"Justicia peruana restringe la salida del pa\u00eds al exjefe de la ONPE en medio de la crisis postelectoral\"}]},{\"@type\":\"WebSite\",\"@id\":\"https:\\\/\\\/sarmiento24h.com\\\/#website\",\"url\":\"https:\\\/\\\/sarmiento24h.com\\\/\",\"name\":\"Sarmiento24h\",\"description\":\"\",\"publisher\":{\"@id\":\"https:\\\/\\\/sarmiento24h.com\\\/#organization\"},\"potentialAction\":[{\"@type\":\"SearchAction\",\"target\":{\"@type\":\"EntryPoint\",\"urlTemplate\":\"https:\\\/\\\/sarmiento24h.com\\\/?s={search_term_string}\"},\"query-input\":{\"@type\":\"PropertyValueSpecification\",\"valueRequired\":true,\"valueName\":\"search_term_string\"}}],\"inLanguage\":\"es\"},{\"@type\":\"Organization\",\"@id\":\"https:\\\/\\\/sarmiento24h.com\\\/#organization\",\"name\":\"Sarmiento24h\",\"url\":\"https:\\\/\\\/sarmiento24h.com\\\/\",\"logo\":{\"@type\":\"ImageObject\",\"inLanguage\":\"es\",\"@id\":\"https:\\\/\\\/sarmiento24h.com\\\/#\\\/schema\\\/logo\\\/image\\\/\",\"url\":\"https:\\\/\\\/sarmiento24h.com\\\/wp-content\\\/uploads\\\/2025\\\/12\\\/AddText_12-16-10.30.52.jpg\",\"contentUrl\":\"https:\\\/\\\/sarmiento24h.com\\\/wp-content\\\/uploads\\\/2025\\\/12\\\/AddText_12-16-10.30.52.jpg\",\"width\":1220,\"height\":324,\"caption\":\"Sarmiento24h\"},\"image\":{\"@id\":\"https:\\\/\\\/sarmiento24h.com\\\/#\\\/schema\\\/logo\\\/image\\\/\"},\"sameAs\":[\"https:\\\/\\\/facebook.com\\\/s24hnoticias\",\"https:\\\/\\\/x.com\\\/sarmiento24h\"]},{\"@type\":\"Person\",\"@id\":\"https:\\\/\\\/sarmiento24h.com\\\/#\\\/schema\\\/person\\\/d653a59725ad629a7e0429af7b939d4d\",\"name\":\"sarmiento24h@gmail.com\",\"image\":{\"@type\":\"ImageObject\",\"inLanguage\":\"es\",\"@id\":\"https:\\\/\\\/sarmiento24h.com\\\/wp-content\\\/litespeed\\\/avatar\\\/d02cbc4e23c747e6659cd45907173c8f.jpg?ver=1777157796\",\"url\":\"https:\\\/\\\/sarmiento24h.com\\\/wp-content\\\/litespeed\\\/avatar\\\/d02cbc4e23c747e6659cd45907173c8f.jpg?ver=1777157796\",\"contentUrl\":\"https:\\\/\\\/sarmiento24h.com\\\/wp-content\\\/litespeed\\\/avatar\\\/d02cbc4e23c747e6659cd45907173c8f.jpg?ver=1777157796\",\"caption\":\"sarmiento24h@gmail.com\"},\"sameAs\":[\"https:\\\/\\\/sarmiento24h.com\"],\"url\":\"https:\\\/\\\/sarmiento24h.com\\\/?author=1\"}]}<\/script>\n<!-- \/ Yoast SEO plugin. -->","yoast_head_json":{"title":"Justicia peruana restringe la salida del pa\u00eds al exjefe de la ONPE en medio de la crisis postelectoral - Sarmiento24h","robots":{"index":"index","follow":"follow","max-snippet":"max-snippet:-1","max-image-preview":"max-image-preview:large","max-video-preview":"max-video-preview:-1"},"canonical":"https:\/\/sarmiento24h.com\/?p=169905","og_locale":"es_ES","og_type":"article","og_title":"Justicia peruana restringe la salida del pa\u00eds al exjefe de la ONPE en medio de la crisis postelectoral - Sarmiento24h","og_description":"La decisi\u00f3n fue adoptada por el juez&#46;&#46;&#46;","og_url":"https:\/\/sarmiento24h.com\/?p=169905","og_site_name":"Sarmiento24h","article_publisher":"https:\/\/facebook.com\/s24hnoticias","article_published_time":"2026-05-01T17:18:17+00:00","og_image":[{"url":"https:\/\/s.france24.com\/media\/display\/d1d8637c-44f7-11f1-8fa7-005056bfb2b6\/w:1024\/p:16x9\/ES-20260430-191101-191223-CS.jpg","type":"","width":"","height":""}],"author":"sarmiento24h@gmail.com","twitter_card":"summary_large_image","twitter_creator":"@sarmiento24h","twitter_site":"@sarmiento24h","twitter_misc":{"Escrito por":"sarmiento24h@gmail.com","Tiempo de lectura":"4 minutos"},"schema":{"@context":"https:\/\/schema.org","@graph":[{"@type":"Article","@id":"https:\/\/sarmiento24h.com\/?p=169905#article","isPartOf":{"@id":"https:\/\/sarmiento24h.com\/?p=169905"},"author":{"name":"sarmiento24h@gmail.com","@id":"https:\/\/sarmiento24h.com\/#\/schema\/person\/d653a59725ad629a7e0429af7b939d4d"},"headline":"Justicia peruana restringe la salida del pa\u00eds al exjefe de la ONPE en medio de la crisis postelectoral","datePublished":"2026-05-01T17:18:17+00:00","mainEntityOfPage":{"@id":"https:\/\/sarmiento24h.com\/?p=169905"},"wordCount":735,"publisher":{"@id":"https:\/\/sarmiento24h.com\/#organization"},"image":{"@id":"https:\/\/sarmiento24h.com\/?p=169905#primaryimage"},"thumbnailUrl":"https:\/\/sarmiento24h.com\/wp-content\/uploads\/2026\/05\/justicia-peruana-restringe-la-salida-del-pais-al-exjefe-de-la-onpe-en-medio-de-la-crisis-postelectoral.jpg","articleSection":["Internacionales"],"inLanguage":"es"},{"@type":"WebPage","@id":"https:\/\/sarmiento24h.com\/?p=169905","url":"https:\/\/sarmiento24h.com\/?p=169905","name":"Justicia peruana restringe la salida del pa\u00eds al exjefe de la ONPE en medio de la crisis postelectoral - Sarmiento24h","isPartOf":{"@id":"https:\/\/sarmiento24h.com\/#website"},"primaryImageOfPage":{"@id":"https:\/\/sarmiento24h.com\/?p=169905#primaryimage"},"image":{"@id":"https:\/\/sarmiento24h.com\/?p=169905#primaryimage"},"thumbnailUrl":"https:\/\/sarmiento24h.com\/wp-content\/uploads\/2026\/05\/justicia-peruana-restringe-la-salida-del-pais-al-exjefe-de-la-onpe-en-medio-de-la-crisis-postelectoral.jpg","datePublished":"2026-05-01T17:18:17+00:00","breadcrumb":{"@id":"https:\/\/sarmiento24h.com\/?p=169905#breadcrumb"},"inLanguage":"es","potentialAction":[{"@type":"ReadAction","target":["https:\/\/sarmiento24h.com\/?p=169905"]}]},{"@type":"ImageObject","inLanguage":"es","@id":"https:\/\/sarmiento24h.com\/?p=169905#primaryimage","url":"https:\/\/sarmiento24h.com\/wp-content\/uploads\/2026\/05\/justicia-peruana-restringe-la-salida-del-pais-al-exjefe-de-la-onpe-en-medio-de-la-crisis-postelectoral.jpg","contentUrl":"https:\/\/sarmiento24h.com\/wp-content\/uploads\/2026\/05\/justicia-peruana-restringe-la-salida-del-pais-al-exjefe-de-la-onpe-en-medio-de-la-crisis-postelectoral.jpg","width":1024,"height":576},{"@type":"BreadcrumbList","@id":"https:\/\/sarmiento24h.com\/?p=169905#breadcrumb","itemListElement":[{"@type":"ListItem","position":1,"name":"Home","item":"https:\/\/sarmiento24h.com\/"},{"@type":"ListItem","position":2,"name":"Justicia peruana restringe la salida del pa\u00eds al exjefe de la ONPE en medio de la crisis postelectoral"}]},{"@type":"WebSite","@id":"https:\/\/sarmiento24h.com\/#website","url":"https:\/\/sarmiento24h.com\/","name":"Sarmiento24h","description":"","publisher":{"@id":"https:\/\/sarmiento24h.com\/#organization"},"potentialAction":[{"@type":"SearchAction","target":{"@type":"EntryPoint","urlTemplate":"https:\/\/sarmiento24h.com\/?s={search_term_string}"},"query-input":{"@type":"PropertyValueSpecification","valueRequired":true,"valueName":"search_term_string"}}],"inLanguage":"es"},{"@type":"Organization","@id":"https:\/\/sarmiento24h.com\/#organization","name":"Sarmiento24h","url":"https:\/\/sarmiento24h.com\/","logo":{"@type":"ImageObject","inLanguage":"es","@id":"https:\/\/sarmiento24h.com\/#\/schema\/logo\/image\/","url":"https:\/\/sarmiento24h.com\/wp-content\/uploads\/2025\/12\/AddText_12-16-10.30.52.jpg","contentUrl":"https:\/\/sarmiento24h.com\/wp-content\/uploads\/2025\/12\/AddText_12-16-10.30.52.jpg","width":1220,"height":324,"caption":"Sarmiento24h"},"image":{"@id":"https:\/\/sarmiento24h.com\/#\/schema\/logo\/image\/"},"sameAs":["https:\/\/facebook.com\/s24hnoticias","https:\/\/x.com\/sarmiento24h"]},{"@type":"Person","@id":"https:\/\/sarmiento24h.com\/#\/schema\/person\/d653a59725ad629a7e0429af7b939d4d","name":"sarmiento24h@gmail.com","image":{"@type":"ImageObject","inLanguage":"es","@id":"https:\/\/sarmiento24h.com\/wp-content\/litespeed\/avatar\/d02cbc4e23c747e6659cd45907173c8f.jpg?ver=1777157796","url":"https:\/\/sarmiento24h.com\/wp-content\/litespeed\/avatar\/d02cbc4e23c747e6659cd45907173c8f.jpg?ver=1777157796","contentUrl":"https:\/\/sarmiento24h.com\/wp-content\/litespeed\/avatar\/d02cbc4e23c747e6659cd45907173c8f.jpg?ver=1777157796","caption":"sarmiento24h@gmail.com"},"sameAs":["https:\/\/sarmiento24h.com"],"url":"https:\/\/sarmiento24h.com\/?author=1"}]}},"jetpack_publicize_connections":[],"jetpack_featured_media_url":"https:\/\/sarmiento24h.com\/wp-content\/uploads\/2026\/05\/justicia-peruana-restringe-la-salida-del-pais-al-exjefe-de-la-onpe-en-medio-de-la-crisis-postelectoral.jpg","jetpack_sharing_enabled":true,"_links":{"self":[{"href":"https:\/\/sarmiento24h.com\/index.php?rest_route=\/wp\/v2\/posts\/169905","targetHints":{"allow":["GET"]}}],"collection":[{"href":"https:\/\/sarmiento24h.com\/index.php?rest_route=\/wp\/v2\/posts"}],"about":[{"href":"https:\/\/sarmiento24h.com\/index.php?rest_route=\/wp\/v2\/types\/post"}],"author":[{"embeddable":true,"href":"https:\/\/sarmiento24h.com\/index.php?rest_route=\/wp\/v2\/users\/1"}],"replies":[{"embeddable":true,"href":"https:\/\/sarmiento24h.com\/index.php?rest_route=%2Fwp%2Fv2%2Fcomments&post=169905"}],"version-history":[{"count":0,"href":"https:\/\/sarmiento24h.com\/index.php?rest_route=\/wp\/v2\/posts\/169905\/revisions"}],"wp:featuredmedia":[{"embeddable":true,"href":"https:\/\/sarmiento24h.com\/index.php?rest_route=\/wp\/v2\/media\/169906"}],"wp:attachment":[{"href":"https:\/\/sarmiento24h.com\/index.php?rest_route=%2Fwp%2Fv2%2Fmedia&parent=169905"}],"wp:term":[{"taxonomy":"category","embeddable":true,"href":"https:\/\/sarmiento24h.com\/index.php?rest_route=%2Fwp%2Fv2%2Fcategories&post=169905"},{"taxonomy":"post_tag","embeddable":true,"href":"https:\/\/sarmiento24h.com\/index.php?rest_route=%2Fwp%2Fv2%2Ftags&post=169905"}],"curies":[{"name":"wp","href":"https:\/\/api.w.org\/{rel}","templated":true}]}}