{"id":170693,"date":"2026-05-01T23:48:11","date_gmt":"2026-05-01T23:48:11","guid":{"rendered":"https:\/\/noticiassin.com\/?p=1990079"},"modified":"2026-05-01T23:48:11","modified_gmt":"2026-05-01T23:48:11","slug":"defensa-de-antonio-y-maribel-espaillat-no-se-oponen-a-que-sean-enviados-a-juicio-de-fondo","status":"publish","type":"post","link":"https:\/\/sarmiento24h.com\/?p=170693","title":{"rendered":"Defensa de Antonio y Maribel Espaillat no se oponen a que sean enviados a juicio de fondo"},"content":{"rendered":"<div><img decoding=\"async\" src=\"https:\/\/multimedia.noticiassin.com\/wp-content\/uploads\/2026\/04\/retiran-varias-querellas-contra-antonio-y-maribel-espaillat-por-tragedia-en-jet-20260420-184435-7Qxy-1200x675.jpg\" class=\"ff-og-image-inserted\"><\/div>\n<p id=\"m31865-31864-31866\">La defensa de <strong>Maribel <\/strong>y <strong>Antonio Espaillat<\/strong> no se opone a un juicio de fondo si el tribunal lo considera adecuado, seg\u00fan plantearon al juez del Distrito Nacional.<\/p>\n<p id=\"m31865-31864-31866\">Los abogados <strong>Miguel Valerio<\/strong> y <strong>Ram\u00f3n Emilio N\u00fa\u00f1ez<\/strong> ven el juicio oral como el mejor escenario para debatir la acusaci\u00f3n del Ministerio P\u00fablico y las demandas civiles.<\/p>\n<p id=\"m31875-31874-31876\"><em><strong>\u201cEn caso de dictarse auto de apertura a juicio, se admitan en su totalidad las pruebas presentadas por la defensa en su escrito depositado el pasado 20 de febrero de 2026\u201d<\/strong><\/em>, precisan los ligantes.<\/p>\n<p id=\"m31880-31879-31881\">La defensa solicita que, si se abre el juicio, se acepten todas las <strong>pruebas <\/strong>presentadas en su escrito del 20 de febrero de 2026.<\/p>\n<blockquote class=\"wp-block-quote is-layout-flow wp-block-quote-is-layout-flow\">\n<p id=\"m31885-31884-31886\">Mencionaron espec\u00edficamente medios de prueba que a\u00fan se encuentran pendientes de ejecuci\u00f3n, haciendo alusi\u00f3n a situaciones previas relacionadas con <strong>peritajes <\/strong>t\u00e9cnicos y la extracci\u00f3n de informaci\u00f3n de dispositivos m\u00f3viles.<\/p>\n<\/blockquote>\n<p id=\"m31890-31889-31891\"><em>\u00abBuscamos que sea all\u00ed, bajo la plenitud de las garant\u00edas procesales, donde la verdad t\u00e9cnica y jur\u00eddica pueda finalmente emerger\u00bb<\/em>, precis\u00f3 la <strong>defensa<\/strong>.<\/p>\n<p id=\"m31895-31894-31896\">Aclararon que no oponerse al juicio no significa renunciar a derechos legales, buscando <strong>celeridad <\/strong>en un debate p\u00fablico y contradictorio.<\/p>\n<p id=\"m31900-31899-31901\">Se trata, seg\u00fan explicaron, de una <strong>b\u00fasqueda <\/strong>de celeridad para demostrar su posici\u00f3n en una etapa de debate p\u00fablico y contradictorio.<\/p>\n<p id=\"m31905-31904-31906\">Pidieron al tribunal que reconozca expresamente el derecho de los imputados a ejercer todas las acciones legales pertinentes en las etapas <strong>subsiguientes<\/strong>.<\/p>\n","protected":false},"excerpt":{"rendered":"<p>La defensa de Maribel y Antonio Espaillat&#46;&#46;&#46;<\/p>\n","protected":false},"author":1,"featured_media":170694,"comment_status":"closed","ping_status":"closed","sticky":false,"template":"","format":"standard","meta":{"_jetpack_memberships_contains_paid_content":false,"footnotes":"","jetpack_publicize_message":"","jetpack_publicize_feature_enabled":true,"jetpack_social_post_already_shared":true,"jetpack_social_options":{"image_generator_settings":{"template":"highway","default_image_id":0,"font":"","enabled":false},"version":2}},"categories":[42],"tags":[],"class_list":["post-170693","post","type-post","status-publish","format-standard","has-post-thumbnail","hentry","category-nacionales"],"yoast_head":"<!-- This site is optimized with the Yoast SEO plugin v27.3 - https:\/\/yoast.com\/product\/yoast-seo-wordpress\/ -->\n<title>Defensa de Antonio y Maribel Espaillat no se oponen a que sean enviados a juicio de fondo - Sarmiento24h<\/title>\n<meta name=\"robots\" content=\"index, follow, max-snippet:-1, max-image-preview:large, max-video-preview:-1\" \/>\n<link rel=\"canonical\" href=\"https:\/\/sarmiento24h.com\/?p=170693\" \/>\n<meta property=\"og:locale\" content=\"es_ES\" \/>\n<meta property=\"og:type\" content=\"article\" \/>\n<meta property=\"og:title\" content=\"Defensa de Antonio y Maribel Espaillat no se oponen a que sean enviados a juicio de fondo - Sarmiento24h\" \/>\n<meta property=\"og:description\" content=\"La defensa de Maribel y Antonio Espaillat&#046;&#046;&#046;\" \/>\n<meta property=\"og:url\" content=\"https:\/\/sarmiento24h.com\/?p=170693\" \/>\n<meta property=\"og:site_name\" content=\"Sarmiento24h\" \/>\n<meta property=\"article:publisher\" content=\"https:\/\/facebook.com\/s24hnoticias\" \/>\n<meta property=\"article:published_time\" content=\"2026-05-01T23:48:11+00:00\" \/>\n<meta property=\"og:image\" content=\"https:\/\/multimedia.noticiassin.com\/wp-content\/uploads\/2026\/04\/retiran-varias-querellas-contra-antonio-y-maribel-espaillat-por-tragedia-en-jet-20260420-184435-7Qxy-1200x675.jpg\" \/>\n<meta name=\"author\" content=\"sarmiento24h@gmail.com\" \/>\n<meta name=\"twitter:card\" content=\"summary_large_image\" \/>\n<meta name=\"twitter:creator\" content=\"@sarmiento24h\" \/>\n<meta name=\"twitter:site\" content=\"@sarmiento24h\" \/>\n<meta name=\"twitter:label1\" content=\"Escrito por\" \/>\n\t<meta name=\"twitter:data1\" content=\"sarmiento24h@gmail.com\" \/>\n\t<meta name=\"twitter:label2\" content=\"Tiempo de lectura\" \/>\n\t<meta name=\"twitter:data2\" content=\"1 minuto\" \/>\n<script type=\"application\/ld+json\" class=\"yoast-schema-graph\">{\"@context\":\"https:\\\/\\\/schema.org\",\"@graph\":[{\"@type\":\"Article\",\"@id\":\"https:\\\/\\\/sarmiento24h.com\\\/?p=170693#article\",\"isPartOf\":{\"@id\":\"https:\\\/\\\/sarmiento24h.com\\\/?p=170693\"},\"author\":{\"name\":\"sarmiento24h@gmail.com\",\"@id\":\"https:\\\/\\\/sarmiento24h.com\\\/#\\\/schema\\\/person\\\/d653a59725ad629a7e0429af7b939d4d\"},\"headline\":\"Defensa de Antonio y Maribel Espaillat no se oponen a que sean enviados a juicio de fondo\",\"datePublished\":\"2026-05-01T23:48:11+00:00\",\"mainEntityOfPage\":{\"@id\":\"https:\\\/\\\/sarmiento24h.com\\\/?p=170693\"},\"wordCount\":262,\"publisher\":{\"@id\":\"https:\\\/\\\/sarmiento24h.com\\\/#organization\"},\"image\":{\"@id\":\"https:\\\/\\\/sarmiento24h.com\\\/?p=170693#primaryimage\"},\"thumbnailUrl\":\"https:\\\/\\\/sarmiento24h.com\\\/wp-content\\\/uploads\\\/2026\\\/05\\\/defensa-de-antonio-y-maribel-espaillat-no-se-oponen-a-que-sean-enviados-a-juicio-de-fondo.jpg\",\"articleSection\":[\"Nacionales\"],\"inLanguage\":\"es\"},{\"@type\":\"WebPage\",\"@id\":\"https:\\\/\\\/sarmiento24h.com\\\/?p=170693\",\"url\":\"https:\\\/\\\/sarmiento24h.com\\\/?p=170693\",\"name\":\"Defensa de Antonio y Maribel Espaillat no se oponen a que sean enviados a juicio de fondo - Sarmiento24h\",\"isPartOf\":{\"@id\":\"https:\\\/\\\/sarmiento24h.com\\\/#website\"},\"primaryImageOfPage\":{\"@id\":\"https:\\\/\\\/sarmiento24h.com\\\/?p=170693#primaryimage\"},\"image\":{\"@id\":\"https:\\\/\\\/sarmiento24h.com\\\/?p=170693#primaryimage\"},\"thumbnailUrl\":\"https:\\\/\\\/sarmiento24h.com\\\/wp-content\\\/uploads\\\/2026\\\/05\\\/defensa-de-antonio-y-maribel-espaillat-no-se-oponen-a-que-sean-enviados-a-juicio-de-fondo.jpg\",\"datePublished\":\"2026-05-01T23:48:11+00:00\",\"breadcrumb\":{\"@id\":\"https:\\\/\\\/sarmiento24h.com\\\/?p=170693#breadcrumb\"},\"inLanguage\":\"es\",\"potentialAction\":[{\"@type\":\"ReadAction\",\"target\":[\"https:\\\/\\\/sarmiento24h.com\\\/?p=170693\"]}]},{\"@type\":\"ImageObject\",\"inLanguage\":\"es\",\"@id\":\"https:\\\/\\\/sarmiento24h.com\\\/?p=170693#primaryimage\",\"url\":\"https:\\\/\\\/sarmiento24h.com\\\/wp-content\\\/uploads\\\/2026\\\/05\\\/defensa-de-antonio-y-maribel-espaillat-no-se-oponen-a-que-sean-enviados-a-juicio-de-fondo.jpg\",\"contentUrl\":\"https:\\\/\\\/sarmiento24h.com\\\/wp-content\\\/uploads\\\/2026\\\/05\\\/defensa-de-antonio-y-maribel-espaillat-no-se-oponen-a-que-sean-enviados-a-juicio-de-fondo.jpg\",\"width\":1200,\"height\":675},{\"@type\":\"BreadcrumbList\",\"@id\":\"https:\\\/\\\/sarmiento24h.com\\\/?p=170693#breadcrumb\",\"itemListElement\":[{\"@type\":\"ListItem\",\"position\":1,\"name\":\"Home\",\"item\":\"https:\\\/\\\/sarmiento24h.com\\\/\"},{\"@type\":\"ListItem\",\"position\":2,\"name\":\"Defensa de Antonio y Maribel Espaillat no se oponen a que sean enviados a juicio de fondo\"}]},{\"@type\":\"WebSite\",\"@id\":\"https:\\\/\\\/sarmiento24h.com\\\/#website\",\"url\":\"https:\\\/\\\/sarmiento24h.com\\\/\",\"name\":\"Sarmiento24h\",\"description\":\"\",\"publisher\":{\"@id\":\"https:\\\/\\\/sarmiento24h.com\\\/#organization\"},\"potentialAction\":[{\"@type\":\"SearchAction\",\"target\":{\"@type\":\"EntryPoint\",\"urlTemplate\":\"https:\\\/\\\/sarmiento24h.com\\\/?s={search_term_string}\"},\"query-input\":{\"@type\":\"PropertyValueSpecification\",\"valueRequired\":true,\"valueName\":\"search_term_string\"}}],\"inLanguage\":\"es\"},{\"@type\":\"Organization\",\"@id\":\"https:\\\/\\\/sarmiento24h.com\\\/#organization\",\"name\":\"Sarmiento24h\",\"url\":\"https:\\\/\\\/sarmiento24h.com\\\/\",\"logo\":{\"@type\":\"ImageObject\",\"inLanguage\":\"es\",\"@id\":\"https:\\\/\\\/sarmiento24h.com\\\/#\\\/schema\\\/logo\\\/image\\\/\",\"url\":\"https:\\\/\\\/sarmiento24h.com\\\/wp-content\\\/uploads\\\/2025\\\/12\\\/AddText_12-16-10.30.52.jpg\",\"contentUrl\":\"https:\\\/\\\/sarmiento24h.com\\\/wp-content\\\/uploads\\\/2025\\\/12\\\/AddText_12-16-10.30.52.jpg\",\"width\":1220,\"height\":324,\"caption\":\"Sarmiento24h\"},\"image\":{\"@id\":\"https:\\\/\\\/sarmiento24h.com\\\/#\\\/schema\\\/logo\\\/image\\\/\"},\"sameAs\":[\"https:\\\/\\\/facebook.com\\\/s24hnoticias\",\"https:\\\/\\\/x.com\\\/sarmiento24h\"]},{\"@type\":\"Person\",\"@id\":\"https:\\\/\\\/sarmiento24h.com\\\/#\\\/schema\\\/person\\\/d653a59725ad629a7e0429af7b939d4d\",\"name\":\"sarmiento24h@gmail.com\",\"image\":{\"@type\":\"ImageObject\",\"inLanguage\":\"es\",\"@id\":\"https:\\\/\\\/sarmiento24h.com\\\/wp-content\\\/litespeed\\\/avatar\\\/d02cbc4e23c747e6659cd45907173c8f.jpg?ver=1777157796\",\"url\":\"https:\\\/\\\/sarmiento24h.com\\\/wp-content\\\/litespeed\\\/avatar\\\/d02cbc4e23c747e6659cd45907173c8f.jpg?ver=1777157796\",\"contentUrl\":\"https:\\\/\\\/sarmiento24h.com\\\/wp-content\\\/litespeed\\\/avatar\\\/d02cbc4e23c747e6659cd45907173c8f.jpg?ver=1777157796\",\"caption\":\"sarmiento24h@gmail.com\"},\"sameAs\":[\"https:\\\/\\\/sarmiento24h.com\"],\"url\":\"https:\\\/\\\/sarmiento24h.com\\\/?author=1\"}]}<\/script>\n<!-- \/ Yoast SEO plugin. -->","yoast_head_json":{"title":"Defensa de Antonio y Maribel Espaillat no se oponen a que sean enviados a juicio de fondo - Sarmiento24h","robots":{"index":"index","follow":"follow","max-snippet":"max-snippet:-1","max-image-preview":"max-image-preview:large","max-video-preview":"max-video-preview:-1"},"canonical":"https:\/\/sarmiento24h.com\/?p=170693","og_locale":"es_ES","og_type":"article","og_title":"Defensa de Antonio y Maribel Espaillat no se oponen a que sean enviados a juicio de fondo - Sarmiento24h","og_description":"La defensa de Maribel y Antonio Espaillat&#46;&#46;&#46;","og_url":"https:\/\/sarmiento24h.com\/?p=170693","og_site_name":"Sarmiento24h","article_publisher":"https:\/\/facebook.com\/s24hnoticias","article_published_time":"2026-05-01T23:48:11+00:00","og_image":[{"url":"https:\/\/multimedia.noticiassin.com\/wp-content\/uploads\/2026\/04\/retiran-varias-querellas-contra-antonio-y-maribel-espaillat-por-tragedia-en-jet-20260420-184435-7Qxy-1200x675.jpg","type":"","width":"","height":""}],"author":"sarmiento24h@gmail.com","twitter_card":"summary_large_image","twitter_creator":"@sarmiento24h","twitter_site":"@sarmiento24h","twitter_misc":{"Escrito por":"sarmiento24h@gmail.com","Tiempo de lectura":"1 minuto"},"schema":{"@context":"https:\/\/schema.org","@graph":[{"@type":"Article","@id":"https:\/\/sarmiento24h.com\/?p=170693#article","isPartOf":{"@id":"https:\/\/sarmiento24h.com\/?p=170693"},"author":{"name":"sarmiento24h@gmail.com","@id":"https:\/\/sarmiento24h.com\/#\/schema\/person\/d653a59725ad629a7e0429af7b939d4d"},"headline":"Defensa de Antonio y Maribel Espaillat no se oponen a que sean enviados a juicio de fondo","datePublished":"2026-05-01T23:48:11+00:00","mainEntityOfPage":{"@id":"https:\/\/sarmiento24h.com\/?p=170693"},"wordCount":262,"publisher":{"@id":"https:\/\/sarmiento24h.com\/#organization"},"image":{"@id":"https:\/\/sarmiento24h.com\/?p=170693#primaryimage"},"thumbnailUrl":"https:\/\/sarmiento24h.com\/wp-content\/uploads\/2026\/05\/defensa-de-antonio-y-maribel-espaillat-no-se-oponen-a-que-sean-enviados-a-juicio-de-fondo.jpg","articleSection":["Nacionales"],"inLanguage":"es"},{"@type":"WebPage","@id":"https:\/\/sarmiento24h.com\/?p=170693","url":"https:\/\/sarmiento24h.com\/?p=170693","name":"Defensa de Antonio y Maribel Espaillat no se oponen a que sean enviados a juicio de fondo - Sarmiento24h","isPartOf":{"@id":"https:\/\/sarmiento24h.com\/#website"},"primaryImageOfPage":{"@id":"https:\/\/sarmiento24h.com\/?p=170693#primaryimage"},"image":{"@id":"https:\/\/sarmiento24h.com\/?p=170693#primaryimage"},"thumbnailUrl":"https:\/\/sarmiento24h.com\/wp-content\/uploads\/2026\/05\/defensa-de-antonio-y-maribel-espaillat-no-se-oponen-a-que-sean-enviados-a-juicio-de-fondo.jpg","datePublished":"2026-05-01T23:48:11+00:00","breadcrumb":{"@id":"https:\/\/sarmiento24h.com\/?p=170693#breadcrumb"},"inLanguage":"es","potentialAction":[{"@type":"ReadAction","target":["https:\/\/sarmiento24h.com\/?p=170693"]}]},{"@type":"ImageObject","inLanguage":"es","@id":"https:\/\/sarmiento24h.com\/?p=170693#primaryimage","url":"https:\/\/sarmiento24h.com\/wp-content\/uploads\/2026\/05\/defensa-de-antonio-y-maribel-espaillat-no-se-oponen-a-que-sean-enviados-a-juicio-de-fondo.jpg","contentUrl":"https:\/\/sarmiento24h.com\/wp-content\/uploads\/2026\/05\/defensa-de-antonio-y-maribel-espaillat-no-se-oponen-a-que-sean-enviados-a-juicio-de-fondo.jpg","width":1200,"height":675},{"@type":"BreadcrumbList","@id":"https:\/\/sarmiento24h.com\/?p=170693#breadcrumb","itemListElement":[{"@type":"ListItem","position":1,"name":"Home","item":"https:\/\/sarmiento24h.com\/"},{"@type":"ListItem","position":2,"name":"Defensa de Antonio y Maribel Espaillat no se oponen a que sean enviados a juicio de fondo"}]},{"@type":"WebSite","@id":"https:\/\/sarmiento24h.com\/#website","url":"https:\/\/sarmiento24h.com\/","name":"Sarmiento24h","description":"","publisher":{"@id":"https:\/\/sarmiento24h.com\/#organization"},"potentialAction":[{"@type":"SearchAction","target":{"@type":"EntryPoint","urlTemplate":"https:\/\/sarmiento24h.com\/?s={search_term_string}"},"query-input":{"@type":"PropertyValueSpecification","valueRequired":true,"valueName":"search_term_string"}}],"inLanguage":"es"},{"@type":"Organization","@id":"https:\/\/sarmiento24h.com\/#organization","name":"Sarmiento24h","url":"https:\/\/sarmiento24h.com\/","logo":{"@type":"ImageObject","inLanguage":"es","@id":"https:\/\/sarmiento24h.com\/#\/schema\/logo\/image\/","url":"https:\/\/sarmiento24h.com\/wp-content\/uploads\/2025\/12\/AddText_12-16-10.30.52.jpg","contentUrl":"https:\/\/sarmiento24h.com\/wp-content\/uploads\/2025\/12\/AddText_12-16-10.30.52.jpg","width":1220,"height":324,"caption":"Sarmiento24h"},"image":{"@id":"https:\/\/sarmiento24h.com\/#\/schema\/logo\/image\/"},"sameAs":["https:\/\/facebook.com\/s24hnoticias","https:\/\/x.com\/sarmiento24h"]},{"@type":"Person","@id":"https:\/\/sarmiento24h.com\/#\/schema\/person\/d653a59725ad629a7e0429af7b939d4d","name":"sarmiento24h@gmail.com","image":{"@type":"ImageObject","inLanguage":"es","@id":"https:\/\/sarmiento24h.com\/wp-content\/litespeed\/avatar\/d02cbc4e23c747e6659cd45907173c8f.jpg?ver=1777157796","url":"https:\/\/sarmiento24h.com\/wp-content\/litespeed\/avatar\/d02cbc4e23c747e6659cd45907173c8f.jpg?ver=1777157796","contentUrl":"https:\/\/sarmiento24h.com\/wp-content\/litespeed\/avatar\/d02cbc4e23c747e6659cd45907173c8f.jpg?ver=1777157796","caption":"sarmiento24h@gmail.com"},"sameAs":["https:\/\/sarmiento24h.com"],"url":"https:\/\/sarmiento24h.com\/?author=1"}]}},"jetpack_publicize_connections":[],"jetpack_featured_media_url":"https:\/\/sarmiento24h.com\/wp-content\/uploads\/2026\/05\/defensa-de-antonio-y-maribel-espaillat-no-se-oponen-a-que-sean-enviados-a-juicio-de-fondo.jpg","jetpack_sharing_enabled":true,"_links":{"self":[{"href":"https:\/\/sarmiento24h.com\/index.php?rest_route=\/wp\/v2\/posts\/170693","targetHints":{"allow":["GET"]}}],"collection":[{"href":"https:\/\/sarmiento24h.com\/index.php?rest_route=\/wp\/v2\/posts"}],"about":[{"href":"https:\/\/sarmiento24h.com\/index.php?rest_route=\/wp\/v2\/types\/post"}],"author":[{"embeddable":true,"href":"https:\/\/sarmiento24h.com\/index.php?rest_route=\/wp\/v2\/users\/1"}],"replies":[{"embeddable":true,"href":"https:\/\/sarmiento24h.com\/index.php?rest_route=%2Fwp%2Fv2%2Fcomments&post=170693"}],"version-history":[{"count":0,"href":"https:\/\/sarmiento24h.com\/index.php?rest_route=\/wp\/v2\/posts\/170693\/revisions"}],"wp:featuredmedia":[{"embeddable":true,"href":"https:\/\/sarmiento24h.com\/index.php?rest_route=\/wp\/v2\/media\/170694"}],"wp:attachment":[{"href":"https:\/\/sarmiento24h.com\/index.php?rest_route=%2Fwp%2Fv2%2Fmedia&parent=170693"}],"wp:term":[{"taxonomy":"category","embeddable":true,"href":"https:\/\/sarmiento24h.com\/index.php?rest_route=%2Fwp%2Fv2%2Fcategories&post=170693"},{"taxonomy":"post_tag","embeddable":true,"href":"https:\/\/sarmiento24h.com\/index.php?rest_route=%2Fwp%2Fv2%2Ftags&post=170693"}],"curies":[{"name":"wp","href":"https:\/\/api.w.org\/{rel}","templated":true}]}}