{"id":170778,"date":"2026-05-02T00:58:04","date_gmt":"2026-05-02T00:58:04","guid":{"rendered":"http:\/\/c8c77770-45ae-11f1-9bd5-9fb7bd49858f"},"modified":"2026-05-02T00:58:04","modified_gmt":"2026-05-02T00:58:04","slug":"europa-responde-al-arancel-de-trump-a-los-vehiculos-todas-las-opciones-estan-abiertas","status":"publish","type":"post","link":"https:\/\/sarmiento24h.com\/?p=170778","title":{"rendered":"Europa responde al arancel de Trump a los veh\u00edculos: todas las opciones est\u00e1n abiertas"},"content":{"rendered":"<p>Cuando la atenci\u00f3n est\u00e1 puesta en si Estados Unidos reanuda o no sus ataques a gran escala en Ir\u00e1n, Donald Trump decidi\u00f3 reavivar otro tipo de conflicto: su guerra comercial con la Uni\u00f3n Europea.<\/p>\n<p>Este viernes 1 de mayo, el presidente estadounidense anunci\u00f3 que incrementar\u00e1 hasta un 25% los aranceles a los autom\u00f3viles y camiones europeos, una acci\u00f3n que justifica por el supuesto incumplimiento del pacto comercial, que fijaba las tarifas en un 15%.<\/p>\n<p>Aunque no detall\u00f3 de qu\u00e9 manera considera que la UE no respet\u00f3 lo firmado, el mandatario insinu\u00f3 que las tasas m\u00e1s altas empujar\u00edan a los fabricantes europeos a acelerar el traslado de sus producciones a Estados Unidos porque, si lo hacen, no estar\u00e1n sujetos a las penalidades.<\/p>\n<p>\u00abTenemos un acuerdo comercial con la Uni\u00f3n Europea. No lo estaban cumpliendo. As\u00ed que sub\u00ed los aranceles a los autom\u00f3viles y camiones al 25%, lo que representa miles de millones de d\u00f3lares que ingresan a Estados Unidos, y los obliga a acelerar considerablemente la mudanza de la producci\u00f3n de sus f\u00e1bricas\u00bb, asegur\u00f3 a reporteros en la Casa Blanca.<\/p>\n<div id=\"em-WBMZ388255-F24-ES-20260502\" class=\"m-em-flash\" data-xtwitter-script><figcaption class=\"a-figcaption\"> <\/figcaption><div class=\"o-em-consent \" readability=\"7\">\n<div class=\"o-em-consent__content\" readability=\"34\">\n<p class=\"o-em-consent__content__text\">Para mostrar este contenido de X (Twitter), debe autorizar las cookies de medici\u00f3n de audiencia y publicidad.<\/p>\n<p> <button class=\"a-master-button a-master-button--dark\" data-action=\"accept\"> Aceptar <svg class=\"a-svg a-svg--icon-check\"> <use xlink:href=\"\/build\/images\/svg\/sprite.c98bf387c90bc4a87186b0b783f15ba0.svg#icon-check\" href=\"\/build\/images\/svg\/sprite.c98bf387c90bc4a87186b0b783f15ba0.svg#icon-check\" \/> <\/svg> <\/button> <button class=\"a-link\" data-action=\"manage\">Gestionar mis opciones<i class=\"a-svg a-svg--icon-edit\"><\/i><\/button> <\/div>\n<\/div>\n<\/div>\n<p>Las acusaciones de Trump fueron rechazadas de plano por el Grupo de los Veintisiete. En un comunicado, la Comisi\u00f3n Europea asegur\u00f3 que el bloque \u00abest\u00e1 implementando sus compromisos\u00bb en l\u00ednea \u00abcon la pr\u00e1ctica legislativa est\u00e1ndar\u00bb y \u00abmanteniendo a la administraci\u00f3n estadounidense plenamente informada en todo momento\u00bb.<\/p>\n<p>\u00abSeguimos plenamente comprometidos con una relaci\u00f3n transatl\u00e1ntica previsible y mutuamente beneficiosa. En caso de que Estados Unidos adopte medidas incompatibles con la Declaraci\u00f3n Conjunta, mantendremos abiertas todas nuestras opciones para proteger los intereses de la UE\u00bb, advirti\u00f3 la Comisi\u00f3n, que tambi\u00e9n reclam\u00f3 \u00abclaridad sobre los compromisos\u00bb de Washington.<\/p>\n<p>En el pacto \u2013anunciado en una Declaraci\u00f3n Conjunta el 21 de agosto de 2025 y conocido como Acuerdo de Turnberry, por el nombre del campo de golf de Trump en Escocia\u2013, la Uni\u00f3n Europea aceptaba un arancel del 15% para la mayor\u00eda de productos europeos, a cambio de que Estados Unidos exporte la mayor\u00eda de los suyos al 0%.<\/p>\n<p class=\"a-read-more\"><span class=\"a-read-more__label\">Leer tambi\u00e9n<\/span><a href=\"https:\/\/www.france24.com\/es\/europa\/20250728-por-qu\u00e9-diversos-l\u00edderes-europeos-reprochan-el-acuerdo-sobre-aranceles-del-15-con-ee-uu\" target=\"_self\" class=\"a-read-more__link\">\u00bfPor qu\u00e9 diversos l\u00edderes europeos reprochan el acuerdo sobre aranceles del 15% con EE. UU.?<\/a><\/p>\n<p>Sin embargo, en febrero pasado, la Corte Suprema de Estados Unidos invalid\u00f3 gran parte de los aranceles impuestos por Trump, considerando que no ten\u00eda la autoridad legal para hacerlo. Frente a esto, el republicano apel\u00f3 a v\u00edas legales alternativas para imponer un nuevo arancel global del 10%, que en teor\u00eda debe ser ratificado por el Congreso en julio.<\/p>\n<h2><strong>La lenta implementaci\u00f3n del acuerdo irrita a Trump<\/strong><\/h2>\n<p>Sin explayarse en sus motivos, Trump acus\u00f3 a la Uni\u00f3n Europea de no respetar el acuerdo comercial \u00abcomo es habitual\u00bb.<\/p>\n<p>Kelly Ann Shaw, una de las principales asesoras comerciales del republicano en su primer mandato y ahora socia del bufete&nbsp;Akin Gump Strauss Hauer &amp; Feld, afirm\u00f3 a Reuters que el lento avance en la implementaci\u00f3n del pacto por parte de la Uni\u00f3n Europea llev\u00f3 a una ruptura inevitable.<\/p>\n<p>Y es que los Estados miembros a\u00fan deben ratificar el texto, despu\u00e9s de que el Parlamento Europeo haya pedido una serie de salvaguardas que permitan suspender el acuerdo si Trump avanza con nuevos aranceles al bloque comunitario o si amenaza su integridad territorial, como ocurri\u00f3 en enero cuando manifest\u00f3 su deseo de tomar el control de la isla de Groenlandia.<\/p>\n<p>Pese a estas trabas, el Ejecutivo y el Legislativo europeos tienen previsto completar la implementaci\u00f3n del acuerdo en junio pr\u00f3ximo.<\/p>\n<p>De todos modos, Shaw subray\u00f3 que \u00abEstados Unidos implement\u00f3 efectivamente el Acuerdo de Turnberry en agosto, y casi un a\u00f1o despu\u00e9s, todav\u00eda no hemos visto que la UE reduzca ni un solo arancel\u00bb.<\/p>\n<div id=\"em-WBMZ388256-F24-ES-20260502\" class=\"m-em-flash\" data-xtwitter-script><figcaption class=\"a-figcaption\"> <\/figcaption><div class=\"o-em-consent \" readability=\"7\">\n<div class=\"o-em-consent__content\" readability=\"34\">\n<p class=\"o-em-consent__content__text\">Para mostrar este contenido de X (Twitter), debe autorizar las cookies de medici\u00f3n de audiencia y publicidad.<\/p>\n<p> <button class=\"a-master-button a-master-button--dark\" data-action=\"accept\"> Aceptar <svg class=\"a-svg a-svg--icon-check\"> <use xlink:href=\"\/build\/images\/svg\/sprite.c98bf387c90bc4a87186b0b783f15ba0.svg#icon-check\" href=\"\/build\/images\/svg\/sprite.c98bf387c90bc4a87186b0b783f15ba0.svg#icon-check\" \/> <\/svg> <\/button> <button class=\"a-link\" data-action=\"manage\">Gestionar mis opciones<i class=\"a-svg a-svg--icon-edit\"><\/i><\/button> <\/div>\n<\/div>\n<\/div>\n<p>Pero en di\u00e1logo con Reuters, Bernd Lange, jefe del comit\u00e9 de Comercio Internacional del Parlamento Europeo, tach\u00f3 el comportamiento de Trump de \u00abinaceptable\u00bb.<\/p>\n<p>\u00abEsta \u00faltima medida demuestra la poca fiabilidad de Estados Unidos. Ya hemos presenciado estos ataques arbitrarios por parte de EE. UU. en el caso de Groenlandia; esta no es la manera de tratar a socios cercanos. Ahora solo podemos responder con la m\u00e1xima claridad y firmeza, haciendo uso de la solidez de nuestra posici\u00f3n\u00bb, remarc\u00f3.<\/p>\n<h2><strong>Un golpe m\u00e1s a una econom\u00eda castigada<\/strong><\/h2>\n<p>El anuncio de Trump tom\u00f3 desprevenidos a los representantes de la industria automotriz, que llaman a evitar una escalada mayor en el enfrentamiento comercial.<\/p>\n<p>La presidenta de la&nbsp;Asociaci\u00f3n Alemana de la Industria Automotriz (VDA), Hildegard M\u00fcller, urgi\u00f3 a Washington y Bruselas a entablar conversaciones r\u00e1pidas y&nbsp;a honrar los acuerdos existentes, a la vez que advirti\u00f3 que las tarifas adicionales causar\u00e1n costos enormes que posiblemente impactar\u00e1n tambi\u00e9n en los consumidores estadounidenses.<\/p>\n<p>Por su parte, Jennifer Safavian, directora ejecutiva de Autos Drive America \u2013que representa las operaciones estadounidenses de los fabricantes extranjeros de autom\u00f3viles\u2013, se\u00f1al\u00f3 que los nuevos grav\u00e1menes \u00abamenazar\u00edan el progreso que ya se ha logrado para abrir los mercados de la UE y hacer crecer la industria automovil\u00edstica estadounidense\u00bb.<\/p>\n<p>Tras conocerse el anuncio, las acciones de Ford Motor cayeron hasta un 2,4% en la Bolsa de Nueva York, mientras que Stellantis registr\u00f3 un descenso de hasta un 3,3% y General Motors se hundi\u00f3 un 1,5%.<\/p>\n<div class=\"m-em-image\">\n<figure class=\"m-item-image m-item-image--original m-item-image--has-caption\"> <picture class=\"a-picture a-picture--original\"><source type=\"image\/webp\" srcset=\"https:\/\/s.france24.com\/media\/display\/a78c8dac-7099-11ea-95af-005056bf87d6\/w:246\/GENERAL_MOTORS_LEY_AYUDA_TRUMP.webp 246w, https:\/\/s.france24.com\/media\/display\/a78c8dac-7099-11ea-95af-005056bf87d6\/w:388\/GENERAL_MOTORS_LEY_AYUDA_TRUMP.webp 388w, https:\/\/s.france24.com\/media\/display\/a78c8dac-7099-11ea-95af-005056bf87d6\/w:720\/GENERAL_MOTORS_LEY_AYUDA_TRUMP.webp 720w, https:\/\/s.france24.com\/media\/display\/a78c8dac-7099-11ea-95af-005056bf87d6\/w:980\/GENERAL_MOTORS_LEY_AYUDA_TRUMP.webp 980w\" sizes=\"(max-width: 1023px) calc(100vw - 32px), (min-width: 1024px) 850px\"><img fetchpriority=\"low\" decoding=\"async\" src=\"https:\/\/s.france24.com\/media\/display\/a78c8dac-7099-11ea-95af-005056bf87d6\/w:980\/GENERAL_MOTORS_LEY_AYUDA_TRUMP.jpg\" srcset=\"https:\/\/s.france24.com\/media\/display\/a78c8dac-7099-11ea-95af-005056bf87d6\/w:246\/GENERAL_MOTORS_LEY_AYUDA_TRUMP.jpg 246w, https:\/\/s.france24.com\/media\/display\/a78c8dac-7099-11ea-95af-005056bf87d6\/w:388\/GENERAL_MOTORS_LEY_AYUDA_TRUMP.jpg 388w, https:\/\/s.france24.com\/media\/display\/a78c8dac-7099-11ea-95af-005056bf87d6\/w:720\/GENERAL_MOTORS_LEY_AYUDA_TRUMP.jpg 720w, https:\/\/s.france24.com\/media\/display\/a78c8dac-7099-11ea-95af-005056bf87d6\/w:980\/GENERAL_MOTORS_LEY_AYUDA_TRUMP.jpg 980w\" sizes=\"(max-width: 1023px) calc(100vw - 32px), (min-width: 1024px) 850px\" alt=\"Foto de archivo de la planta de General Motors en Michigan, Estados Unidos. 5 de febrero de 2019.\" loading=\"lazy\" class=\"a-img \">\n<\/picture><figcaption class=\"a-figcaption\"> <span>Foto de archivo de la planta de General Motors en Michigan, Estados Unidos. 5 de febrero de 2019.<\/span> <span>\u00a9 Rebecca Cook \/ Reuters<\/span> <\/figcaption><\/figure>\n<\/p><\/div>\n<p>En un tono m\u00e1s confrontativo, Marcel Fratzscher, presidente del instituto econ\u00f3mico DIW, reclam\u00f3 que Berl\u00edn y Bruselas muestren \u00abde una vez por todas firmeza y planten cara a Trump\u00bb. Para el economista alem\u00e1n citado por Reuters, la UE debe imponer aranceles de represalia a las empresas tecnol\u00f3gicas estadounidenses porque \u00absolo as\u00ed se podr\u00e1 evitar una escalada continua\u00bb.<\/p>\n<p>Asimismo, el anuncio de aranceles amenaza con asestar un golpe m\u00e1s a una econom\u00eda mundial duramente golpeada por la guerra iniciada por Estados Unidos e Israel contra Ir\u00e1n, que ha desembocado en el aumento de los precios del petr\u00f3leo y el gas natural por el cierre del estrecho de Ormuz.<\/p>\n<p>As\u00ed, la apuesta de Trump es arriesgada cuando los estadounidenses ya cuestionan su manejo del alto costo de vida. Controlar la inflaci\u00f3n fue una de las cartas principales de la campa\u00f1a del republicano, pero en marzo el \u00edndice de precios anual lleg\u00f3 al 3,3%, por encima de la cifra que hab\u00eda heredado.<\/p>\n<p>Frente a este panorama, la \u00faltima encuesta del Centro de Investigaci\u00f3n de Asuntos P\u00fablicos NORC y la agencia The Associated Press reflej\u00f3 que solo el 30% de los estadounidenses consultados aprobaba la gesti\u00f3n econ\u00f3mica de Trump. No cambiar esta tendencia puede hacer peligrar los resultados del Partido Republicano en las elecciones legislativas de medio t\u00e9rmino, previstas para noviembre.<\/p>\n<h2><strong>La relaci\u00f3n entre Washington y Bruselas, en su punto m\u00e1s bajo<\/strong><\/h2>\n<p>La amenaza de nuevos aranceles no hace m\u00e1s que a\u00f1adir presi\u00f3n a las desgastadas relaciones entre Estados Unidos y la Uni\u00f3n Europea.<\/p>\n<p>Al tire y afloje comercial, a inicios de a\u00f1o se ha sumado la intenci\u00f3n manifiesta de Trump de tomar el control de Groenlandia y, posteriormente, los reproches del presidente estadounidense a sus aliados de la OTAN, sobre todo los europeos, por no brindar suficiente apoyo en su guerra contra Ir\u00e1n o en la creaci\u00f3n de una coalici\u00f3n para reabrir el estrecho de Ormuz.<\/p>\n<p>Ryan Majerus, exfuncionario del Departamento de Comercio de Estados Unidos, le se\u00f1al\u00f3 a Reuters que este movimiento del jefe de la Casa Blanca \u00abno va a sentar bien en la UE\u00bb.<\/p>\n<blockquote class=\"quote\" readability=\"8\">\n<p>\u00abNo estoy seguro de que a la administraci\u00f3n le importe, porque son incre\u00edblemente hostiles hacia la UE\u00bb, a\u00f1adi\u00f3 Majerus.<\/p>\n<\/blockquote>\n<p>En tanto, Scott Lincicome, analista del libertario Centro de Estudios de Pol\u00edticas Comerciales del Instituto Cato, critic\u00f3 que las advertencias de Trump son \u00absolo otro ejemplo de por qu\u00e9 estos acuerdos comerciales son humo\u00bb.<\/p>\n<p>\u00abTodos se basan en apretones de manos, gui\u00f1os y la esperanza de que Trump no se enfade por algo\u00bb, sentenci\u00f3.<\/p>\n<p>Con Reuters, AP y EFE<\/p>\n","protected":false},"excerpt":{"rendered":"<p>Cuando la atenci\u00f3n est\u00e1 puesta en si&#46;&#46;&#46;<\/p>\n","protected":false},"author":1,"featured_media":170779,"comment_status":"closed","ping_status":"closed","sticky":false,"template":"","format":"standard","meta":{"_jetpack_memberships_contains_paid_content":false,"footnotes":"","jetpack_publicize_message":"","jetpack_publicize_feature_enabled":true,"jetpack_social_post_already_shared":true,"jetpack_social_options":{"image_generator_settings":{"template":"highway","default_image_id":0,"font":"","enabled":false},"version":2}},"categories":[43],"tags":[],"class_list":["post-170778","post","type-post","status-publish","format-standard","has-post-thumbnail","hentry","category-internacionales"],"yoast_head":"<!-- This site is optimized with the Yoast SEO plugin v27.3 - https:\/\/yoast.com\/product\/yoast-seo-wordpress\/ -->\n<title>Europa responde al arancel de Trump a los veh\u00edculos: todas las opciones est\u00e1n abiertas - Sarmiento24h<\/title>\n<meta name=\"robots\" content=\"index, follow, max-snippet:-1, max-image-preview:large, max-video-preview:-1\" \/>\n<link rel=\"canonical\" href=\"https:\/\/sarmiento24h.com\/?p=170778\" \/>\n<meta property=\"og:locale\" content=\"es_ES\" \/>\n<meta property=\"og:type\" content=\"article\" \/>\n<meta property=\"og:title\" content=\"Europa responde al arancel de Trump a los veh\u00edculos: todas las opciones est\u00e1n abiertas - Sarmiento24h\" \/>\n<meta property=\"og:description\" content=\"Cuando la atenci\u00f3n est\u00e1 puesta en si&#046;&#046;&#046;\" \/>\n<meta property=\"og:url\" content=\"https:\/\/sarmiento24h.com\/?p=170778\" \/>\n<meta property=\"og:site_name\" content=\"Sarmiento24h\" \/>\n<meta property=\"article:publisher\" content=\"https:\/\/facebook.com\/s24hnoticias\" \/>\n<meta property=\"article:published_time\" content=\"2026-05-02T00:58:04+00:00\" \/>\n<meta property=\"og:image\" content=\"https:\/\/s.france24.com\/media\/display\/a78c8dac-7099-11ea-95af-005056bf87d6\/w:980\/GENERAL_MOTORS_LEY_AYUDA_TRUMP.jpg\" \/>\n<meta name=\"author\" content=\"sarmiento24h@gmail.com\" \/>\n<meta name=\"twitter:card\" content=\"summary_large_image\" \/>\n<meta name=\"twitter:creator\" content=\"@sarmiento24h\" \/>\n<meta name=\"twitter:site\" content=\"@sarmiento24h\" \/>\n<meta name=\"twitter:label1\" content=\"Escrito por\" \/>\n\t<meta name=\"twitter:data1\" content=\"sarmiento24h@gmail.com\" \/>\n\t<meta name=\"twitter:label2\" content=\"Tiempo de lectura\" \/>\n\t<meta name=\"twitter:data2\" content=\"7 minutos\" \/>\n<script type=\"application\/ld+json\" class=\"yoast-schema-graph\">{\"@context\":\"https:\\\/\\\/schema.org\",\"@graph\":[{\"@type\":\"Article\",\"@id\":\"https:\\\/\\\/sarmiento24h.com\\\/?p=170778#article\",\"isPartOf\":{\"@id\":\"https:\\\/\\\/sarmiento24h.com\\\/?p=170778\"},\"author\":{\"name\":\"sarmiento24h@gmail.com\",\"@id\":\"https:\\\/\\\/sarmiento24h.com\\\/#\\\/schema\\\/person\\\/d653a59725ad629a7e0429af7b939d4d\"},\"headline\":\"Europa responde al arancel de Trump a los veh\u00edculos: todas las opciones est\u00e1n abiertas\",\"datePublished\":\"2026-05-02T00:58:04+00:00\",\"mainEntityOfPage\":{\"@id\":\"https:\\\/\\\/sarmiento24h.com\\\/?p=170778\"},\"wordCount\":1421,\"publisher\":{\"@id\":\"https:\\\/\\\/sarmiento24h.com\\\/#organization\"},\"image\":{\"@id\":\"https:\\\/\\\/sarmiento24h.com\\\/?p=170778#primaryimage\"},\"thumbnailUrl\":\"https:\\\/\\\/sarmiento24h.com\\\/wp-content\\\/uploads\\\/2026\\\/05\\\/europa-responde-al-arancel-de-trump-a-los-vehiculos-todas-las-opciones-estan-abiertas.jpg\",\"articleSection\":[\"Internacionales\"],\"inLanguage\":\"es\"},{\"@type\":\"WebPage\",\"@id\":\"https:\\\/\\\/sarmiento24h.com\\\/?p=170778\",\"url\":\"https:\\\/\\\/sarmiento24h.com\\\/?p=170778\",\"name\":\"Europa responde al arancel de Trump a los veh\u00edculos: todas las opciones est\u00e1n abiertas - Sarmiento24h\",\"isPartOf\":{\"@id\":\"https:\\\/\\\/sarmiento24h.com\\\/#website\"},\"primaryImageOfPage\":{\"@id\":\"https:\\\/\\\/sarmiento24h.com\\\/?p=170778#primaryimage\"},\"image\":{\"@id\":\"https:\\\/\\\/sarmiento24h.com\\\/?p=170778#primaryimage\"},\"thumbnailUrl\":\"https:\\\/\\\/sarmiento24h.com\\\/wp-content\\\/uploads\\\/2026\\\/05\\\/europa-responde-al-arancel-de-trump-a-los-vehiculos-todas-las-opciones-estan-abiertas.jpg\",\"datePublished\":\"2026-05-02T00:58:04+00:00\",\"breadcrumb\":{\"@id\":\"https:\\\/\\\/sarmiento24h.com\\\/?p=170778#breadcrumb\"},\"inLanguage\":\"es\",\"potentialAction\":[{\"@type\":\"ReadAction\",\"target\":[\"https:\\\/\\\/sarmiento24h.com\\\/?p=170778\"]}]},{\"@type\":\"ImageObject\",\"inLanguage\":\"es\",\"@id\":\"https:\\\/\\\/sarmiento24h.com\\\/?p=170778#primaryimage\",\"url\":\"https:\\\/\\\/sarmiento24h.com\\\/wp-content\\\/uploads\\\/2026\\\/05\\\/europa-responde-al-arancel-de-trump-a-los-vehiculos-todas-las-opciones-estan-abiertas.jpg\",\"contentUrl\":\"https:\\\/\\\/sarmiento24h.com\\\/wp-content\\\/uploads\\\/2026\\\/05\\\/europa-responde-al-arancel-de-trump-a-los-vehiculos-todas-las-opciones-estan-abiertas.jpg\",\"width\":980,\"height\":551},{\"@type\":\"BreadcrumbList\",\"@id\":\"https:\\\/\\\/sarmiento24h.com\\\/?p=170778#breadcrumb\",\"itemListElement\":[{\"@type\":\"ListItem\",\"position\":1,\"name\":\"Home\",\"item\":\"https:\\\/\\\/sarmiento24h.com\\\/\"},{\"@type\":\"ListItem\",\"position\":2,\"name\":\"Europa responde al arancel de Trump a los veh\u00edculos: todas las opciones est\u00e1n abiertas\"}]},{\"@type\":\"WebSite\",\"@id\":\"https:\\\/\\\/sarmiento24h.com\\\/#website\",\"url\":\"https:\\\/\\\/sarmiento24h.com\\\/\",\"name\":\"Sarmiento24h\",\"description\":\"\",\"publisher\":{\"@id\":\"https:\\\/\\\/sarmiento24h.com\\\/#organization\"},\"potentialAction\":[{\"@type\":\"SearchAction\",\"target\":{\"@type\":\"EntryPoint\",\"urlTemplate\":\"https:\\\/\\\/sarmiento24h.com\\\/?s={search_term_string}\"},\"query-input\":{\"@type\":\"PropertyValueSpecification\",\"valueRequired\":true,\"valueName\":\"search_term_string\"}}],\"inLanguage\":\"es\"},{\"@type\":\"Organization\",\"@id\":\"https:\\\/\\\/sarmiento24h.com\\\/#organization\",\"name\":\"Sarmiento24h\",\"url\":\"https:\\\/\\\/sarmiento24h.com\\\/\",\"logo\":{\"@type\":\"ImageObject\",\"inLanguage\":\"es\",\"@id\":\"https:\\\/\\\/sarmiento24h.com\\\/#\\\/schema\\\/logo\\\/image\\\/\",\"url\":\"https:\\\/\\\/sarmiento24h.com\\\/wp-content\\\/uploads\\\/2025\\\/12\\\/AddText_12-16-10.30.52.jpg\",\"contentUrl\":\"https:\\\/\\\/sarmiento24h.com\\\/wp-content\\\/uploads\\\/2025\\\/12\\\/AddText_12-16-10.30.52.jpg\",\"width\":1220,\"height\":324,\"caption\":\"Sarmiento24h\"},\"image\":{\"@id\":\"https:\\\/\\\/sarmiento24h.com\\\/#\\\/schema\\\/logo\\\/image\\\/\"},\"sameAs\":[\"https:\\\/\\\/facebook.com\\\/s24hnoticias\",\"https:\\\/\\\/x.com\\\/sarmiento24h\"]},{\"@type\":\"Person\",\"@id\":\"https:\\\/\\\/sarmiento24h.com\\\/#\\\/schema\\\/person\\\/d653a59725ad629a7e0429af7b939d4d\",\"name\":\"sarmiento24h@gmail.com\",\"image\":{\"@type\":\"ImageObject\",\"inLanguage\":\"es\",\"@id\":\"https:\\\/\\\/sarmiento24h.com\\\/wp-content\\\/litespeed\\\/avatar\\\/d02cbc4e23c747e6659cd45907173c8f.jpg?ver=1777157796\",\"url\":\"https:\\\/\\\/sarmiento24h.com\\\/wp-content\\\/litespeed\\\/avatar\\\/d02cbc4e23c747e6659cd45907173c8f.jpg?ver=1777157796\",\"contentUrl\":\"https:\\\/\\\/sarmiento24h.com\\\/wp-content\\\/litespeed\\\/avatar\\\/d02cbc4e23c747e6659cd45907173c8f.jpg?ver=1777157796\",\"caption\":\"sarmiento24h@gmail.com\"},\"sameAs\":[\"https:\\\/\\\/sarmiento24h.com\"],\"url\":\"https:\\\/\\\/sarmiento24h.com\\\/?author=1\"}]}<\/script>\n<!-- \/ Yoast SEO plugin. -->","yoast_head_json":{"title":"Europa responde al arancel de Trump a los veh\u00edculos: todas las opciones est\u00e1n abiertas - Sarmiento24h","robots":{"index":"index","follow":"follow","max-snippet":"max-snippet:-1","max-image-preview":"max-image-preview:large","max-video-preview":"max-video-preview:-1"},"canonical":"https:\/\/sarmiento24h.com\/?p=170778","og_locale":"es_ES","og_type":"article","og_title":"Europa responde al arancel de Trump a los veh\u00edculos: todas las opciones est\u00e1n abiertas - Sarmiento24h","og_description":"Cuando la atenci\u00f3n est\u00e1 puesta en si&#46;&#46;&#46;","og_url":"https:\/\/sarmiento24h.com\/?p=170778","og_site_name":"Sarmiento24h","article_publisher":"https:\/\/facebook.com\/s24hnoticias","article_published_time":"2026-05-02T00:58:04+00:00","og_image":[{"url":"https:\/\/s.france24.com\/media\/display\/a78c8dac-7099-11ea-95af-005056bf87d6\/w:980\/GENERAL_MOTORS_LEY_AYUDA_TRUMP.jpg","type":"","width":"","height":""}],"author":"sarmiento24h@gmail.com","twitter_card":"summary_large_image","twitter_creator":"@sarmiento24h","twitter_site":"@sarmiento24h","twitter_misc":{"Escrito por":"sarmiento24h@gmail.com","Tiempo de lectura":"7 minutos"},"schema":{"@context":"https:\/\/schema.org","@graph":[{"@type":"Article","@id":"https:\/\/sarmiento24h.com\/?p=170778#article","isPartOf":{"@id":"https:\/\/sarmiento24h.com\/?p=170778"},"author":{"name":"sarmiento24h@gmail.com","@id":"https:\/\/sarmiento24h.com\/#\/schema\/person\/d653a59725ad629a7e0429af7b939d4d"},"headline":"Europa responde al arancel de Trump a los veh\u00edculos: todas las opciones est\u00e1n abiertas","datePublished":"2026-05-02T00:58:04+00:00","mainEntityOfPage":{"@id":"https:\/\/sarmiento24h.com\/?p=170778"},"wordCount":1421,"publisher":{"@id":"https:\/\/sarmiento24h.com\/#organization"},"image":{"@id":"https:\/\/sarmiento24h.com\/?p=170778#primaryimage"},"thumbnailUrl":"https:\/\/sarmiento24h.com\/wp-content\/uploads\/2026\/05\/europa-responde-al-arancel-de-trump-a-los-vehiculos-todas-las-opciones-estan-abiertas.jpg","articleSection":["Internacionales"],"inLanguage":"es"},{"@type":"WebPage","@id":"https:\/\/sarmiento24h.com\/?p=170778","url":"https:\/\/sarmiento24h.com\/?p=170778","name":"Europa responde al arancel de Trump a los veh\u00edculos: todas las opciones est\u00e1n abiertas - Sarmiento24h","isPartOf":{"@id":"https:\/\/sarmiento24h.com\/#website"},"primaryImageOfPage":{"@id":"https:\/\/sarmiento24h.com\/?p=170778#primaryimage"},"image":{"@id":"https:\/\/sarmiento24h.com\/?p=170778#primaryimage"},"thumbnailUrl":"https:\/\/sarmiento24h.com\/wp-content\/uploads\/2026\/05\/europa-responde-al-arancel-de-trump-a-los-vehiculos-todas-las-opciones-estan-abiertas.jpg","datePublished":"2026-05-02T00:58:04+00:00","breadcrumb":{"@id":"https:\/\/sarmiento24h.com\/?p=170778#breadcrumb"},"inLanguage":"es","potentialAction":[{"@type":"ReadAction","target":["https:\/\/sarmiento24h.com\/?p=170778"]}]},{"@type":"ImageObject","inLanguage":"es","@id":"https:\/\/sarmiento24h.com\/?p=170778#primaryimage","url":"https:\/\/sarmiento24h.com\/wp-content\/uploads\/2026\/05\/europa-responde-al-arancel-de-trump-a-los-vehiculos-todas-las-opciones-estan-abiertas.jpg","contentUrl":"https:\/\/sarmiento24h.com\/wp-content\/uploads\/2026\/05\/europa-responde-al-arancel-de-trump-a-los-vehiculos-todas-las-opciones-estan-abiertas.jpg","width":980,"height":551},{"@type":"BreadcrumbList","@id":"https:\/\/sarmiento24h.com\/?p=170778#breadcrumb","itemListElement":[{"@type":"ListItem","position":1,"name":"Home","item":"https:\/\/sarmiento24h.com\/"},{"@type":"ListItem","position":2,"name":"Europa responde al arancel de Trump a los veh\u00edculos: todas las opciones est\u00e1n abiertas"}]},{"@type":"WebSite","@id":"https:\/\/sarmiento24h.com\/#website","url":"https:\/\/sarmiento24h.com\/","name":"Sarmiento24h","description":"","publisher":{"@id":"https:\/\/sarmiento24h.com\/#organization"},"potentialAction":[{"@type":"SearchAction","target":{"@type":"EntryPoint","urlTemplate":"https:\/\/sarmiento24h.com\/?s={search_term_string}"},"query-input":{"@type":"PropertyValueSpecification","valueRequired":true,"valueName":"search_term_string"}}],"inLanguage":"es"},{"@type":"Organization","@id":"https:\/\/sarmiento24h.com\/#organization","name":"Sarmiento24h","url":"https:\/\/sarmiento24h.com\/","logo":{"@type":"ImageObject","inLanguage":"es","@id":"https:\/\/sarmiento24h.com\/#\/schema\/logo\/image\/","url":"https:\/\/sarmiento24h.com\/wp-content\/uploads\/2025\/12\/AddText_12-16-10.30.52.jpg","contentUrl":"https:\/\/sarmiento24h.com\/wp-content\/uploads\/2025\/12\/AddText_12-16-10.30.52.jpg","width":1220,"height":324,"caption":"Sarmiento24h"},"image":{"@id":"https:\/\/sarmiento24h.com\/#\/schema\/logo\/image\/"},"sameAs":["https:\/\/facebook.com\/s24hnoticias","https:\/\/x.com\/sarmiento24h"]},{"@type":"Person","@id":"https:\/\/sarmiento24h.com\/#\/schema\/person\/d653a59725ad629a7e0429af7b939d4d","name":"sarmiento24h@gmail.com","image":{"@type":"ImageObject","inLanguage":"es","@id":"https:\/\/sarmiento24h.com\/wp-content\/litespeed\/avatar\/d02cbc4e23c747e6659cd45907173c8f.jpg?ver=1777157796","url":"https:\/\/sarmiento24h.com\/wp-content\/litespeed\/avatar\/d02cbc4e23c747e6659cd45907173c8f.jpg?ver=1777157796","contentUrl":"https:\/\/sarmiento24h.com\/wp-content\/litespeed\/avatar\/d02cbc4e23c747e6659cd45907173c8f.jpg?ver=1777157796","caption":"sarmiento24h@gmail.com"},"sameAs":["https:\/\/sarmiento24h.com"],"url":"https:\/\/sarmiento24h.com\/?author=1"}]}},"jetpack_publicize_connections":[],"jetpack_featured_media_url":"https:\/\/sarmiento24h.com\/wp-content\/uploads\/2026\/05\/europa-responde-al-arancel-de-trump-a-los-vehiculos-todas-las-opciones-estan-abiertas.jpg","jetpack_sharing_enabled":true,"_links":{"self":[{"href":"https:\/\/sarmiento24h.com\/index.php?rest_route=\/wp\/v2\/posts\/170778","targetHints":{"allow":["GET"]}}],"collection":[{"href":"https:\/\/sarmiento24h.com\/index.php?rest_route=\/wp\/v2\/posts"}],"about":[{"href":"https:\/\/sarmiento24h.com\/index.php?rest_route=\/wp\/v2\/types\/post"}],"author":[{"embeddable":true,"href":"https:\/\/sarmiento24h.com\/index.php?rest_route=\/wp\/v2\/users\/1"}],"replies":[{"embeddable":true,"href":"https:\/\/sarmiento24h.com\/index.php?rest_route=%2Fwp%2Fv2%2Fcomments&post=170778"}],"version-history":[{"count":0,"href":"https:\/\/sarmiento24h.com\/index.php?rest_route=\/wp\/v2\/posts\/170778\/revisions"}],"wp:featuredmedia":[{"embeddable":true,"href":"https:\/\/sarmiento24h.com\/index.php?rest_route=\/wp\/v2\/media\/170779"}],"wp:attachment":[{"href":"https:\/\/sarmiento24h.com\/index.php?rest_route=%2Fwp%2Fv2%2Fmedia&parent=170778"}],"wp:term":[{"taxonomy":"category","embeddable":true,"href":"https:\/\/sarmiento24h.com\/index.php?rest_route=%2Fwp%2Fv2%2Fcategories&post=170778"},{"taxonomy":"post_tag","embeddable":true,"href":"https:\/\/sarmiento24h.com\/index.php?rest_route=%2Fwp%2Fv2%2Ftags&post=170778"}],"curies":[{"name":"wp","href":"https:\/\/api.w.org\/{rel}","templated":true}]}}