{"id":171018,"date":"2026-05-02T03:17:14","date_gmt":"2026-05-02T03:17:14","guid":{"rendered":"http:\/\/c3fa2ca0-45cd-11f1-a2d5-cb979cd6e3e9"},"modified":"2026-05-02T03:17:14","modified_gmt":"2026-05-02T03:17:14","slug":"ee-uu-anuncia-el-retiro-de-5-000-tropas-de-sus-bases-en-alemania-en-medio-de-roces-entre-merz-y-trump","status":"publish","type":"post","link":"https:\/\/sarmiento24h.com\/?p=171018","title":{"rendered":"EE. UU. anuncia el retiro de 5.000 tropas de sus bases en Alemania, en medio de roces entre Merz y Trump"},"content":{"rendered":"<p><a href=\"https:\/\/www.france24.com\/es\/tag\/estados-unidos\/\" target=\"_self\" class=\"gtm-add-suggested-tag\">Estados Unidos<\/a> decide reducir su personal militar en <a href=\"https:\/\/www.france24.com\/es\/tag\/alemania\/\" target=\"_self\" class=\"gtm-add-suggested-tag\">Alemania<\/a>. Este viernes 1 de mayo, el Departamento de Defensa anunci\u00f3 por medio de un comunicado que la decisi\u00f3n se ejecutar\u00e1 luego de una orden directa del jefe de la cartera, <a href=\"https:\/\/www.france24.com\/es\/tag\/pete-hegseth\/\" target=\"_self\" class=\"gtm-add-suggested-tag\">Pete Hegseth<\/a>.<\/p>\n<p><strong>\u201cEsta decisi\u00f3n es consecuencia de una revisi\u00f3n exhaustiva de la postura de las fuerzas del Departamento en Europa y responde a las necesidades del teatro de operaciones y a las condiciones sobre el terreno\u201d<\/strong>, reza el texto, firmado por el portavoz del Departamento de Guerra, Sean Parnell.<\/p>\n<p>El <a href=\"https:\/\/www.france24.com\/es\/tag\/pent\u00e1gono\/\" target=\"_self\" class=\"gtm-add-suggested-tag\">Pent\u00e1gono<\/a> inform\u00f3 que el retiro total de los hombres ubicados en el pa\u00eds europeo tardar\u00e1 de \u201cseis a doce meses\u201d.<\/p>\n<p>Un alto funcionario del Pent\u00e1gono habl\u00f3 con la agencia Reuters bajo condici\u00f3n de anonimato y asegur\u00f3 que la ret\u00f3rica del Gobierno de <a href=\"https:\/\/www.france24.com\/es\/tag\/alemania\/\" target=\"_self\" class=\"gtm-add-suggested-tag\">Alemania<\/a> en los \u00faltimos d\u00edas hab\u00eda sido \u00abinapropiada e in\u00fatil\u00bb.<\/p>\n<p><strong>\u00abEl presidente est\u00e1 reaccionando con raz\u00f3n a estos comentarios contraproducentes\u00bb<\/strong>, a\u00f1adi\u00f3.<\/p>\n<div class=\"m-em-image\">\n<figure class=\"m-item-image m-item-image--original m-item-image--has-caption\"> <picture class=\"a-picture a-picture--original\"><source type=\"image\/webp\" srcset=\"https:\/\/s.france24.com\/media\/display\/2709bb58-45c4-11f1-b5d7-005056bfb2b6\/w:246\/AP23268860442853.webp 246w, https:\/\/s.france24.com\/media\/display\/2709bb58-45c4-11f1-b5d7-005056bfb2b6\/w:388\/AP23268860442853.webp 388w, https:\/\/s.france24.com\/media\/display\/2709bb58-45c4-11f1-b5d7-005056bfb2b6\/w:720\/AP23268860442853.webp 720w, https:\/\/s.france24.com\/media\/display\/2709bb58-45c4-11f1-b5d7-005056bfb2b6\/w:980\/AP23268860442853.webp 980w\" sizes=\"(max-width: 1023px) calc(100vw - 32px), (min-width: 1024px) 850px\"><img fetchpriority=\"low\" decoding=\"async\" src=\"https:\/\/s.france24.com\/media\/display\/2709bb58-45c4-11f1-b5d7-005056bfb2b6\/w:980\/AP23268860442853.jpg\" srcset=\"https:\/\/s.france24.com\/media\/display\/2709bb58-45c4-11f1-b5d7-005056bfb2b6\/w:246\/AP23268860442853.jpg 246w, https:\/\/s.france24.com\/media\/display\/2709bb58-45c4-11f1-b5d7-005056bfb2b6\/w:388\/AP23268860442853.jpg 388w, https:\/\/s.france24.com\/media\/display\/2709bb58-45c4-11f1-b5d7-005056bfb2b6\/w:720\/AP23268860442853.jpg 720w, https:\/\/s.france24.com\/media\/display\/2709bb58-45c4-11f1-b5d7-005056bfb2b6\/w:980\/AP23268860442853.jpg 980w\" sizes=\"(max-width: 1023px) calc(100vw - 32px), (min-width: 1024px) 850px\" alt=\"En esta imagen facilitada por el Ej\u00e9rcito de los Estados Unidos, el general Mark Milley, presidente del Estado Mayor Conjunto de los Estados Unidos, se re\u00fane con los mandos del Ej\u00e9rcito de los Estados Unidos responsables del entrenamiento conjunto de las fuerzas ucranianas en el campo de entrenamiento de Grafenwoehr, en Grafenwoehr, Alemania, el lunes 16 de enero de 2023.\" loading=\"lazy\" class=\"a-img \">\n<\/picture><figcaption class=\"a-figcaption\"> <span>En esta imagen facilitada por el Ej\u00e9rcito de los Estados Unidos, el general Mark Milley, presidente del Estado Mayor Conjunto de los Estados Unidos, se re\u00fane con los mandos del Ej\u00e9rcito de los Estados Unidos responsables del entrenamiento conjunto de las fuerzas ucranianas en el campo de entrenamiento de Grafenwoehr, en Grafenwoehr, Alemania, el lunes 16 de enero de 2023.<\/span> <span>\u00a9 AP &#8211; Staff Sgt. Jordan Sivayavirojna<\/span> <\/figcaption><\/figure>\n<\/p><\/div>\n<p>Se estima que con esta reducci\u00f3n el n\u00famero de tropas de las <a href=\"https:\/\/www.france24.com\/es\/tag\/fuerzas-armadas\/\" target=\"_self\" class=\"gtm-add-suggested-tag\">Fuerzas Armadas<\/a> de Washington ubicadas en el continente europeo se reduzca a los niveles de 2022, previos a la invasi\u00f3n de Rusia a Ucrania.&nbsp;<\/p>\n<p>Durante su primer periodo en la Casa Blanca, Trump ya hab\u00eda impulsado una reducci\u00f3n del personal en el pa\u00eds germano, pero finalmente dicha orden nunca se hizo realidad.<\/p>\n<p>En concreto, un equipo de combate de brigada que ahora est\u00e1 en Alemania ser\u00e1 retirado y un batall\u00f3n de fuego de largo alcance que la Administraci\u00f3n Biden hab\u00eda planeado comenzar a desplegar en Alemania a finales de este a\u00f1o ya no lo har\u00e1, aseguraron fuentes del Departamento de Defensa a la agencia Associated Press.<\/p>\n<h2><strong>Cadena de desencuentros entre Berl\u00edn y Washington<\/strong><\/h2>\n<p>En los \u00faltimos d\u00edas la discordia entre el presidente Trump y el canciller alem\u00e1n Friedrich Merz ha ido en aumento.<\/p>\n<p>El jueves, el mandatario norteamericano escribi\u00f3 en su cuenta de Truth Social, que Merz no debe <strong>\u00abentrometerse en los asuntos de quienes est\u00e1n acabando con la amenaza nuclear iran\u00ed, lo que har\u00eda del mundo, incluida Alemania, un lugar m\u00e1s seguro\u201d<\/strong>.&nbsp;&nbsp;<\/p>\n<div id=\"em-WBMZ388303-F24-ES-20260502\" class=\"m-em-flash\" data-truthsocial-script><figcaption class=\"a-figcaption\"> <\/figcaption><div class=\"o-em-consent \" readability=\"7\">\n<div class=\"o-em-consent__content\" readability=\"34\">\n<p class=\"o-em-consent__content__text\">Para mostrar este contenido de Truth Social, debe autorizar las cookies de medici\u00f3n de audiencia y publicidad.<\/p>\n<p> <button class=\"a-master-button a-master-button--dark\" data-action=\"accept\"> Aceptar <svg class=\"a-svg a-svg--icon-check\"> <use xlink:href=\"\/build\/images\/svg\/sprite.c98bf387c90bc4a87186b0b783f15ba0.svg#icon-check\" href=\"\/build\/images\/svg\/sprite.c98bf387c90bc4a87186b0b783f15ba0.svg#icon-check\" \/> <\/svg> <\/button> <button class=\"a-link\" data-action=\"manage\">Gestionar mis opciones<i class=\"a-svg a-svg--icon-edit\"><\/i><\/button> <\/div>\n<\/div>\n<\/div>\n<p>Las declaraciones llegaron luego de que el jefe de Gobierno de <a href=\"https:\/\/www.france24.com\/es\/tag\/berl\u00edn\/\" target=\"_self\" class=\"gtm-add-suggested-tag\">Berl\u00edn<\/a> cuestionara la actuaci\u00f3n de la Administraci\u00f3n republicana en las negociaciones para poner fin al conflicto b\u00e9lico con <a href=\"https:\/\/www.france24.com\/es\/tag\/ir\u00e1n\/\" target=\"_self\" class=\"gtm-add-suggested-tag\">Ir\u00e1n<\/a>, cuyas consecuencias econ\u00f3micas han impactado al pa\u00eds europeo.<\/p>\n<blockquote class=\"quote\" readability=\"10\">\n<p>\u00abEn lo que respecta a Ir\u00e1n, me siento desilusionado, y sencillamente porque Estados Unidos e Israel part\u00edan de la base de que el problema se resolver\u00eda en pocos d\u00edas y hoy tenemos que constatar que no es as\u00ed\u201d, dijo Merz esta semana.<\/p>\n<\/blockquote>\n<p>Adem\u00e1s, el l\u00edder pol\u00edtico del Partido Uni\u00f3n Dem\u00f3crata Cristiana hizo \u00e9nfasis en que por momentos Washington parece no tener una estrategia de negociaci\u00f3n clara con el r\u00e9gimen de los ayatol\u00e1s, y que \u00abun pa\u00eds entero\u00bb estar\u00eda siendo \u201chumillado\u201d por el liderazgo iran\u00ed.<\/p>\n<p>En respuesta, <a href=\"https:\/\/www.france24.com\/es\/tag\/donald-trump\/\" target=\"_self\" class=\"gtm-add-suggested-tag\">Donald Trump<\/a>&nbsp;sostuvo que Merz \u201cno sabe de lo que est\u00e1 hablando\u201d y reiter\u00f3 que el ataque contra la Rep\u00fablica Isl\u00e1mica ten\u00eda asidero, gracias a que los iran\u00edes \u201cbuscaban obtener un arma nuclear\u00bb.&nbsp;&nbsp;<\/p>\n<div class=\"m-em-image\">\n<figure class=\"m-item-image m-item-image--original m-item-image--has-caption\"> <picture class=\"a-picture a-picture--original\"><source type=\"image\/webp\" srcset=\"https:\/\/s.france24.com\/media\/display\/00726ade-45c5-11f1-b15a-005056bfb2b6\/w:246\/2026-05-01T203004Z-74987678-RC24XJA1HHB0-RTRMADP-3-USA-TRUMP-EUROPE.webp 246w, https:\/\/s.france24.com\/media\/display\/00726ade-45c5-11f1-b15a-005056bfb2b6\/w:388\/2026-05-01T203004Z-74987678-RC24XJA1HHB0-RTRMADP-3-USA-TRUMP-EUROPE.webp 388w, https:\/\/s.france24.com\/media\/display\/00726ade-45c5-11f1-b15a-005056bfb2b6\/w:720\/2026-05-01T203004Z-74987678-RC24XJA1HHB0-RTRMADP-3-USA-TRUMP-EUROPE.webp 720w, https:\/\/s.france24.com\/media\/display\/00726ade-45c5-11f1-b15a-005056bfb2b6\/w:980\/2026-05-01T203004Z-74987678-RC24XJA1HHB0-RTRMADP-3-USA-TRUMP-EUROPE.webp 980w\" sizes=\"(max-width: 1023px) calc(100vw - 32px), (min-width: 1024px) 850px\"><img fetchpriority=\"low\" decoding=\"async\" src=\"https:\/\/s.france24.com\/media\/display\/00726ade-45c5-11f1-b15a-005056bfb2b6\/w:980\/2026-05-01T203004Z-74987678-RC24XJA1HHB0-RTRMADP-3-USA-TRUMP-EUROPE.jpg\" srcset=\"https:\/\/s.france24.com\/media\/display\/00726ade-45c5-11f1-b15a-005056bfb2b6\/w:246\/2026-05-01T203004Z-74987678-RC24XJA1HHB0-RTRMADP-3-USA-TRUMP-EUROPE.jpg 246w, https:\/\/s.france24.com\/media\/display\/00726ade-45c5-11f1-b15a-005056bfb2b6\/w:388\/2026-05-01T203004Z-74987678-RC24XJA1HHB0-RTRMADP-3-USA-TRUMP-EUROPE.jpg 388w, https:\/\/s.france24.com\/media\/display\/00726ade-45c5-11f1-b15a-005056bfb2b6\/w:720\/2026-05-01T203004Z-74987678-RC24XJA1HHB0-RTRMADP-3-USA-TRUMP-EUROPE.jpg 720w, https:\/\/s.france24.com\/media\/display\/00726ade-45c5-11f1-b15a-005056bfb2b6\/w:980\/2026-05-01T203004Z-74987678-RC24XJA1HHB0-RTRMADP-3-USA-TRUMP-EUROPE.jpg 980w\" sizes=\"(max-width: 1023px) calc(100vw - 32px), (min-width: 1024px) 850px\" alt=\"El presidente de Estados Unidos, Donald Trump, y el canciller alem\u00e1n, Friedrich Merz, se dan la mano durante su encuentro en el Despacho Oval de la Casa Blanca, en Washington D. C., EE. UU., el 3 de marzo de 2026.\" loading=\"lazy\" class=\"a-img \">\n<\/picture><figcaption class=\"a-figcaption\"> <span>El presidente de Estados Unidos, Donald Trump, y el canciller alem\u00e1n, Friedrich Merz, se dan la mano durante su encuentro en el Despacho Oval de la Casa Blanca, en Washington D. C., EE. UU., el 3 de marzo de 2026.<\/span> <span>\u00a9 REUTERS &#8211; Jonathan Ernst<\/span> <\/figcaption><\/figure>\n<\/p><\/div>\n<p>La inconformidad de la Casa Blanca tambi\u00e9n se deriva de la negativa de los miembros de la OTAN a ser part\u00edcipes de las operaciones para desbloquear el estrecho de Ormuz.&nbsp;<\/p>\n<p>La agencia Reuters inform\u00f3 la semana pasada que tiene evidencias con respecto a que Pent\u00e1gono estar\u00eda considerando represalias contra sus aliados de la OTAN,<strong> como la suspensi\u00f3n de Espa\u00f1a de la alianza militar y la revisi\u00f3n de la posici\u00f3n estadounidense sobre la reclamaci\u00f3n brit\u00e1nica de las Islas <a href=\"https:\/\/www.france24.com\/es\/tag\/malvinas\/\" target=\"_self\" class=\"gtm-add-suggested-tag\">Malvinas<\/a> con Argentina.<\/strong><\/p>\n<p>Es un choque de visiones entre los l\u00edderes de dos pa\u00edses que han sido aliados cercanos desde hace d\u00e9cadas, tanto en el plano comercial como en el militar. No en vano Alemania es el pa\u00eds de Europa con m\u00e1s tropas estadounidenses en su territorio.<\/p>\n<h2><strong>\u00bfCu\u00e1l es la importancia militar de Alemania para Estados Unidos?<\/strong><\/h2>\n<p>Seg\u00fan estimaciones, <a href=\"https:\/\/www.france24.com\/es\/tag\/estados-unidos\/\" target=\"_self\" class=\"gtm-add-suggested-tag\">Estados Unidos<\/a> tiene dispuestos alrededor de 36.000 miembros de sus Fuerzas Armadas en Alemania. <strong>De hacerse realidad el anuncio del presidente Trump, habr\u00eda una reducci\u00f3n de personal del 14%.<\/strong><\/p>\n<p>La potencia europea alberga varias instalaciones militares estadounidenses de importancia, incluyendo los cuarteles generales de sus mandos europeos y africanos, adem\u00e1s de la Base A\u00e9rea de <a href=\"https:\/\/www.france24.com\/es\/tag\/ramstein\/\" target=\"_self\" class=\"gtm-add-suggested-tag\">Ramstein<\/a> y un centro m\u00e9dico en Landstuhl, donde en su momento se trat\u00f3 a los heridos de las guerras en Afganist\u00e1n e Irak.&nbsp;<\/p>\n<div class=\"m-em-image\">\n<figure class=\"m-item-image m-item-image--original m-item-image--has-caption\"> <picture class=\"a-picture a-picture--original\"><source type=\"image\/webp\" srcset=\"https:\/\/s.france24.com\/media\/display\/5b958e28-45c5-11f1-a635-005056a90284\/w:246\/AP22251363490393.webp 246w, https:\/\/s.france24.com\/media\/display\/5b958e28-45c5-11f1-a635-005056a90284\/w:388\/AP22251363490393.webp 388w, https:\/\/s.france24.com\/media\/display\/5b958e28-45c5-11f1-a635-005056a90284\/w:720\/AP22251363490393.webp 720w, https:\/\/s.france24.com\/media\/display\/5b958e28-45c5-11f1-a635-005056a90284\/w:980\/AP22251363490393.webp 980w\" sizes=\"(max-width: 1023px) calc(100vw - 32px), (min-width: 1024px) 850px\"><img fetchpriority=\"low\" decoding=\"async\" src=\"https:\/\/s.france24.com\/media\/display\/5b958e28-45c5-11f1-a635-005056a90284\/w:980\/AP22251363490393.jpg\" srcset=\"https:\/\/s.france24.com\/media\/display\/5b958e28-45c5-11f1-a635-005056a90284\/w:246\/AP22251363490393.jpg 246w, https:\/\/s.france24.com\/media\/display\/5b958e28-45c5-11f1-a635-005056a90284\/w:388\/AP22251363490393.jpg 388w, https:\/\/s.france24.com\/media\/display\/5b958e28-45c5-11f1-a635-005056a90284\/w:720\/AP22251363490393.jpg 720w, https:\/\/s.france24.com\/media\/display\/5b958e28-45c5-11f1-a635-005056a90284\/w:980\/AP22251363490393.jpg 980w\" sizes=\"(max-width: 1023px) calc(100vw - 32px), (min-width: 1024px) 850px\" alt=\"Un avi\u00f3n de la Luftwaffe alemana, en el centro, aterriza en la base a\u00e9rea de Ramstein, en Ramstein (Alemania), el jueves 8 de septiembre de 2022, durante una reuni\u00f3n del Grupo Consultivo sobre Ucrania.\" loading=\"lazy\" class=\"a-img \">\n<\/picture><figcaption class=\"a-figcaption\"> <span>Un avi\u00f3n de la Luftwaffe alemana, en el centro, aterriza en la base a\u00e9rea de Ramstein, en Ramstein (Alemania), el jueves 8 de septiembre de 2022, durante una reuni\u00f3n del Grupo Consultivo sobre Ucrania.<\/span> <span>\u00a9 AP &#8211; Michael Probst<\/span> <\/figcaption><\/figure>\n<\/p><\/div>\n<p>Tambi\u00e9n, seg\u00fan informaciones oficiales hay misiles nucleares estadounidenses estacionados en la naci\u00f3n europea.<\/p>\n<p>Expertos argumentan que Estados Unidos puede tener razones que van m\u00e1s all\u00e1 de su descontento con los Gobiernos europeos para tomar decisiones como la de este viernes.<\/p>\n<p>Nico Lange, del Center of European Policy Analysis, afirm\u00f3 a la agencia Associated Press que los movimientos que est\u00e1 realizando el Pent\u00e1gono hacen parte de una <strong>\u00abproyecci\u00f3n del poder estadounidense a nivel global\u00bb<\/strong>.&nbsp;<\/p>\n<p>Dependiendo de las necesidades y los ejercicios en curso, Estados Unidos suele tener entre 80.000 y 100.000 soldados en territorio europeo. De hecho, informes p\u00fablicos indican que los aliados de la <a href=\"https:\/\/www.france24.com\/es\/tag\/otan\/\" target=\"_self\" class=\"gtm-add-suggested-tag\">OTAN<\/a> han esperado durante m\u00e1s de un a\u00f1o que las tropas de Washington desplegadas al inicio de la guerra en <a href=\"https:\/\/www.france24.com\/es\/tag\/ucrania\/\" target=\"_self\" class=\"gtm-add-suggested-tag\">Ucrania<\/a>, fueran las primeras en ser reubicadas.<\/p>\n<p>Con AP y Reuters<\/p>\n","protected":false},"excerpt":{"rendered":"<p>Estados Unidos decide reducir su personal militar&#46;&#46;&#46;<\/p>\n","protected":false},"author":1,"featured_media":171019,"comment_status":"closed","ping_status":"closed","sticky":false,"template":"","format":"standard","meta":{"_jetpack_memberships_contains_paid_content":false,"footnotes":"","jetpack_publicize_message":"","jetpack_publicize_feature_enabled":true,"jetpack_social_post_already_shared":true,"jetpack_social_options":{"image_generator_settings":{"template":"highway","default_image_id":0,"font":"","enabled":false},"version":2}},"categories":[43],"tags":[],"class_list":["post-171018","post","type-post","status-publish","format-standard","has-post-thumbnail","hentry","category-internacionales"],"yoast_head":"<!-- This site is optimized with the Yoast SEO plugin v27.3 - https:\/\/yoast.com\/product\/yoast-seo-wordpress\/ -->\n<title>EE. UU. anuncia el retiro de 5.000 tropas de sus bases en Alemania, en medio de roces entre Merz y Trump - Sarmiento24h<\/title>\n<meta name=\"robots\" content=\"index, follow, max-snippet:-1, max-image-preview:large, max-video-preview:-1\" \/>\n<link rel=\"canonical\" href=\"https:\/\/sarmiento24h.com\/?p=171018\" \/>\n<meta property=\"og:locale\" content=\"es_ES\" \/>\n<meta property=\"og:type\" content=\"article\" \/>\n<meta property=\"og:title\" content=\"EE. UU. anuncia el retiro de 5.000 tropas de sus bases en Alemania, en medio de roces entre Merz y Trump - Sarmiento24h\" \/>\n<meta property=\"og:description\" content=\"Estados Unidos decide reducir su personal militar&#046;&#046;&#046;\" \/>\n<meta property=\"og:url\" content=\"https:\/\/sarmiento24h.com\/?p=171018\" \/>\n<meta property=\"og:site_name\" content=\"Sarmiento24h\" \/>\n<meta property=\"article:publisher\" content=\"https:\/\/facebook.com\/s24hnoticias\" \/>\n<meta property=\"article:published_time\" content=\"2026-05-02T03:17:14+00:00\" \/>\n<meta property=\"og:image\" content=\"https:\/\/s.france24.com\/media\/display\/2709bb58-45c4-11f1-b5d7-005056bfb2b6\/w:980\/AP23268860442853.jpg\" \/>\n<meta name=\"author\" content=\"sarmiento24h@gmail.com\" \/>\n<meta name=\"twitter:card\" content=\"summary_large_image\" \/>\n<meta name=\"twitter:creator\" content=\"@sarmiento24h\" \/>\n<meta name=\"twitter:site\" content=\"@sarmiento24h\" \/>\n<meta name=\"twitter:label1\" content=\"Escrito por\" \/>\n\t<meta name=\"twitter:data1\" content=\"sarmiento24h@gmail.com\" \/>\n\t<meta name=\"twitter:label2\" content=\"Tiempo de lectura\" \/>\n\t<meta name=\"twitter:data2\" content=\"6 minutos\" \/>\n<script type=\"application\/ld+json\" class=\"yoast-schema-graph\">{\"@context\":\"https:\\\/\\\/schema.org\",\"@graph\":[{\"@type\":\"Article\",\"@id\":\"https:\\\/\\\/sarmiento24h.com\\\/?p=171018#article\",\"isPartOf\":{\"@id\":\"https:\\\/\\\/sarmiento24h.com\\\/?p=171018\"},\"author\":{\"name\":\"sarmiento24h@gmail.com\",\"@id\":\"https:\\\/\\\/sarmiento24h.com\\\/#\\\/schema\\\/person\\\/d653a59725ad629a7e0429af7b939d4d\"},\"headline\":\"EE. UU. anuncia el retiro de 5.000 tropas de sus bases en Alemania, en medio de roces entre Merz y Trump\",\"datePublished\":\"2026-05-02T03:17:14+00:00\",\"mainEntityOfPage\":{\"@id\":\"https:\\\/\\\/sarmiento24h.com\\\/?p=171018\"},\"wordCount\":1123,\"publisher\":{\"@id\":\"https:\\\/\\\/sarmiento24h.com\\\/#organization\"},\"image\":{\"@id\":\"https:\\\/\\\/sarmiento24h.com\\\/?p=171018#primaryimage\"},\"thumbnailUrl\":\"https:\\\/\\\/sarmiento24h.com\\\/wp-content\\\/uploads\\\/2026\\\/05\\\/ee-uu-anuncia-el-retiro-de-5-000-tropas-de-sus-bases-en-alemania-en-medio-de-roces-entre-merz-y-trump.jpg\",\"articleSection\":[\"Internacionales\"],\"inLanguage\":\"es\"},{\"@type\":\"WebPage\",\"@id\":\"https:\\\/\\\/sarmiento24h.com\\\/?p=171018\",\"url\":\"https:\\\/\\\/sarmiento24h.com\\\/?p=171018\",\"name\":\"EE. UU. anuncia el retiro de 5.000 tropas de sus bases en Alemania, en medio de roces entre Merz y Trump - Sarmiento24h\",\"isPartOf\":{\"@id\":\"https:\\\/\\\/sarmiento24h.com\\\/#website\"},\"primaryImageOfPage\":{\"@id\":\"https:\\\/\\\/sarmiento24h.com\\\/?p=171018#primaryimage\"},\"image\":{\"@id\":\"https:\\\/\\\/sarmiento24h.com\\\/?p=171018#primaryimage\"},\"thumbnailUrl\":\"https:\\\/\\\/sarmiento24h.com\\\/wp-content\\\/uploads\\\/2026\\\/05\\\/ee-uu-anuncia-el-retiro-de-5-000-tropas-de-sus-bases-en-alemania-en-medio-de-roces-entre-merz-y-trump.jpg\",\"datePublished\":\"2026-05-02T03:17:14+00:00\",\"breadcrumb\":{\"@id\":\"https:\\\/\\\/sarmiento24h.com\\\/?p=171018#breadcrumb\"},\"inLanguage\":\"es\",\"potentialAction\":[{\"@type\":\"ReadAction\",\"target\":[\"https:\\\/\\\/sarmiento24h.com\\\/?p=171018\"]}]},{\"@type\":\"ImageObject\",\"inLanguage\":\"es\",\"@id\":\"https:\\\/\\\/sarmiento24h.com\\\/?p=171018#primaryimage\",\"url\":\"https:\\\/\\\/sarmiento24h.com\\\/wp-content\\\/uploads\\\/2026\\\/05\\\/ee-uu-anuncia-el-retiro-de-5-000-tropas-de-sus-bases-en-alemania-en-medio-de-roces-entre-merz-y-trump.jpg\",\"contentUrl\":\"https:\\\/\\\/sarmiento24h.com\\\/wp-content\\\/uploads\\\/2026\\\/05\\\/ee-uu-anuncia-el-retiro-de-5-000-tropas-de-sus-bases-en-alemania-en-medio-de-roces-entre-merz-y-trump.jpg\",\"width\":980,\"height\":654},{\"@type\":\"BreadcrumbList\",\"@id\":\"https:\\\/\\\/sarmiento24h.com\\\/?p=171018#breadcrumb\",\"itemListElement\":[{\"@type\":\"ListItem\",\"position\":1,\"name\":\"Home\",\"item\":\"https:\\\/\\\/sarmiento24h.com\\\/\"},{\"@type\":\"ListItem\",\"position\":2,\"name\":\"EE. UU. anuncia el retiro de 5.000 tropas de sus bases en Alemania, en medio de roces entre Merz y Trump\"}]},{\"@type\":\"WebSite\",\"@id\":\"https:\\\/\\\/sarmiento24h.com\\\/#website\",\"url\":\"https:\\\/\\\/sarmiento24h.com\\\/\",\"name\":\"Sarmiento24h\",\"description\":\"\",\"publisher\":{\"@id\":\"https:\\\/\\\/sarmiento24h.com\\\/#organization\"},\"potentialAction\":[{\"@type\":\"SearchAction\",\"target\":{\"@type\":\"EntryPoint\",\"urlTemplate\":\"https:\\\/\\\/sarmiento24h.com\\\/?s={search_term_string}\"},\"query-input\":{\"@type\":\"PropertyValueSpecification\",\"valueRequired\":true,\"valueName\":\"search_term_string\"}}],\"inLanguage\":\"es\"},{\"@type\":\"Organization\",\"@id\":\"https:\\\/\\\/sarmiento24h.com\\\/#organization\",\"name\":\"Sarmiento24h\",\"url\":\"https:\\\/\\\/sarmiento24h.com\\\/\",\"logo\":{\"@type\":\"ImageObject\",\"inLanguage\":\"es\",\"@id\":\"https:\\\/\\\/sarmiento24h.com\\\/#\\\/schema\\\/logo\\\/image\\\/\",\"url\":\"https:\\\/\\\/sarmiento24h.com\\\/wp-content\\\/uploads\\\/2025\\\/12\\\/AddText_12-16-10.30.52.jpg\",\"contentUrl\":\"https:\\\/\\\/sarmiento24h.com\\\/wp-content\\\/uploads\\\/2025\\\/12\\\/AddText_12-16-10.30.52.jpg\",\"width\":1220,\"height\":324,\"caption\":\"Sarmiento24h\"},\"image\":{\"@id\":\"https:\\\/\\\/sarmiento24h.com\\\/#\\\/schema\\\/logo\\\/image\\\/\"},\"sameAs\":[\"https:\\\/\\\/facebook.com\\\/s24hnoticias\",\"https:\\\/\\\/x.com\\\/sarmiento24h\"]},{\"@type\":\"Person\",\"@id\":\"https:\\\/\\\/sarmiento24h.com\\\/#\\\/schema\\\/person\\\/d653a59725ad629a7e0429af7b939d4d\",\"name\":\"sarmiento24h@gmail.com\",\"image\":{\"@type\":\"ImageObject\",\"inLanguage\":\"es\",\"@id\":\"https:\\\/\\\/sarmiento24h.com\\\/wp-content\\\/litespeed\\\/avatar\\\/d02cbc4e23c747e6659cd45907173c8f.jpg?ver=1777157796\",\"url\":\"https:\\\/\\\/sarmiento24h.com\\\/wp-content\\\/litespeed\\\/avatar\\\/d02cbc4e23c747e6659cd45907173c8f.jpg?ver=1777157796\",\"contentUrl\":\"https:\\\/\\\/sarmiento24h.com\\\/wp-content\\\/litespeed\\\/avatar\\\/d02cbc4e23c747e6659cd45907173c8f.jpg?ver=1777157796\",\"caption\":\"sarmiento24h@gmail.com\"},\"sameAs\":[\"https:\\\/\\\/sarmiento24h.com\"],\"url\":\"https:\\\/\\\/sarmiento24h.com\\\/?author=1\"}]}<\/script>\n<!-- \/ Yoast SEO plugin. -->","yoast_head_json":{"title":"EE. UU. anuncia el retiro de 5.000 tropas de sus bases en Alemania, en medio de roces entre Merz y Trump - Sarmiento24h","robots":{"index":"index","follow":"follow","max-snippet":"max-snippet:-1","max-image-preview":"max-image-preview:large","max-video-preview":"max-video-preview:-1"},"canonical":"https:\/\/sarmiento24h.com\/?p=171018","og_locale":"es_ES","og_type":"article","og_title":"EE. UU. anuncia el retiro de 5.000 tropas de sus bases en Alemania, en medio de roces entre Merz y Trump - Sarmiento24h","og_description":"Estados Unidos decide reducir su personal militar&#46;&#46;&#46;","og_url":"https:\/\/sarmiento24h.com\/?p=171018","og_site_name":"Sarmiento24h","article_publisher":"https:\/\/facebook.com\/s24hnoticias","article_published_time":"2026-05-02T03:17:14+00:00","og_image":[{"url":"https:\/\/s.france24.com\/media\/display\/2709bb58-45c4-11f1-b5d7-005056bfb2b6\/w:980\/AP23268860442853.jpg","type":"","width":"","height":""}],"author":"sarmiento24h@gmail.com","twitter_card":"summary_large_image","twitter_creator":"@sarmiento24h","twitter_site":"@sarmiento24h","twitter_misc":{"Escrito por":"sarmiento24h@gmail.com","Tiempo de lectura":"6 minutos"},"schema":{"@context":"https:\/\/schema.org","@graph":[{"@type":"Article","@id":"https:\/\/sarmiento24h.com\/?p=171018#article","isPartOf":{"@id":"https:\/\/sarmiento24h.com\/?p=171018"},"author":{"name":"sarmiento24h@gmail.com","@id":"https:\/\/sarmiento24h.com\/#\/schema\/person\/d653a59725ad629a7e0429af7b939d4d"},"headline":"EE. UU. anuncia el retiro de 5.000 tropas de sus bases en Alemania, en medio de roces entre Merz y Trump","datePublished":"2026-05-02T03:17:14+00:00","mainEntityOfPage":{"@id":"https:\/\/sarmiento24h.com\/?p=171018"},"wordCount":1123,"publisher":{"@id":"https:\/\/sarmiento24h.com\/#organization"},"image":{"@id":"https:\/\/sarmiento24h.com\/?p=171018#primaryimage"},"thumbnailUrl":"https:\/\/sarmiento24h.com\/wp-content\/uploads\/2026\/05\/ee-uu-anuncia-el-retiro-de-5-000-tropas-de-sus-bases-en-alemania-en-medio-de-roces-entre-merz-y-trump.jpg","articleSection":["Internacionales"],"inLanguage":"es"},{"@type":"WebPage","@id":"https:\/\/sarmiento24h.com\/?p=171018","url":"https:\/\/sarmiento24h.com\/?p=171018","name":"EE. UU. anuncia el retiro de 5.000 tropas de sus bases en Alemania, en medio de roces entre Merz y Trump - Sarmiento24h","isPartOf":{"@id":"https:\/\/sarmiento24h.com\/#website"},"primaryImageOfPage":{"@id":"https:\/\/sarmiento24h.com\/?p=171018#primaryimage"},"image":{"@id":"https:\/\/sarmiento24h.com\/?p=171018#primaryimage"},"thumbnailUrl":"https:\/\/sarmiento24h.com\/wp-content\/uploads\/2026\/05\/ee-uu-anuncia-el-retiro-de-5-000-tropas-de-sus-bases-en-alemania-en-medio-de-roces-entre-merz-y-trump.jpg","datePublished":"2026-05-02T03:17:14+00:00","breadcrumb":{"@id":"https:\/\/sarmiento24h.com\/?p=171018#breadcrumb"},"inLanguage":"es","potentialAction":[{"@type":"ReadAction","target":["https:\/\/sarmiento24h.com\/?p=171018"]}]},{"@type":"ImageObject","inLanguage":"es","@id":"https:\/\/sarmiento24h.com\/?p=171018#primaryimage","url":"https:\/\/sarmiento24h.com\/wp-content\/uploads\/2026\/05\/ee-uu-anuncia-el-retiro-de-5-000-tropas-de-sus-bases-en-alemania-en-medio-de-roces-entre-merz-y-trump.jpg","contentUrl":"https:\/\/sarmiento24h.com\/wp-content\/uploads\/2026\/05\/ee-uu-anuncia-el-retiro-de-5-000-tropas-de-sus-bases-en-alemania-en-medio-de-roces-entre-merz-y-trump.jpg","width":980,"height":654},{"@type":"BreadcrumbList","@id":"https:\/\/sarmiento24h.com\/?p=171018#breadcrumb","itemListElement":[{"@type":"ListItem","position":1,"name":"Home","item":"https:\/\/sarmiento24h.com\/"},{"@type":"ListItem","position":2,"name":"EE. UU. anuncia el retiro de 5.000 tropas de sus bases en Alemania, en medio de roces entre Merz y Trump"}]},{"@type":"WebSite","@id":"https:\/\/sarmiento24h.com\/#website","url":"https:\/\/sarmiento24h.com\/","name":"Sarmiento24h","description":"","publisher":{"@id":"https:\/\/sarmiento24h.com\/#organization"},"potentialAction":[{"@type":"SearchAction","target":{"@type":"EntryPoint","urlTemplate":"https:\/\/sarmiento24h.com\/?s={search_term_string}"},"query-input":{"@type":"PropertyValueSpecification","valueRequired":true,"valueName":"search_term_string"}}],"inLanguage":"es"},{"@type":"Organization","@id":"https:\/\/sarmiento24h.com\/#organization","name":"Sarmiento24h","url":"https:\/\/sarmiento24h.com\/","logo":{"@type":"ImageObject","inLanguage":"es","@id":"https:\/\/sarmiento24h.com\/#\/schema\/logo\/image\/","url":"https:\/\/sarmiento24h.com\/wp-content\/uploads\/2025\/12\/AddText_12-16-10.30.52.jpg","contentUrl":"https:\/\/sarmiento24h.com\/wp-content\/uploads\/2025\/12\/AddText_12-16-10.30.52.jpg","width":1220,"height":324,"caption":"Sarmiento24h"},"image":{"@id":"https:\/\/sarmiento24h.com\/#\/schema\/logo\/image\/"},"sameAs":["https:\/\/facebook.com\/s24hnoticias","https:\/\/x.com\/sarmiento24h"]},{"@type":"Person","@id":"https:\/\/sarmiento24h.com\/#\/schema\/person\/d653a59725ad629a7e0429af7b939d4d","name":"sarmiento24h@gmail.com","image":{"@type":"ImageObject","inLanguage":"es","@id":"https:\/\/sarmiento24h.com\/wp-content\/litespeed\/avatar\/d02cbc4e23c747e6659cd45907173c8f.jpg?ver=1777157796","url":"https:\/\/sarmiento24h.com\/wp-content\/litespeed\/avatar\/d02cbc4e23c747e6659cd45907173c8f.jpg?ver=1777157796","contentUrl":"https:\/\/sarmiento24h.com\/wp-content\/litespeed\/avatar\/d02cbc4e23c747e6659cd45907173c8f.jpg?ver=1777157796","caption":"sarmiento24h@gmail.com"},"sameAs":["https:\/\/sarmiento24h.com"],"url":"https:\/\/sarmiento24h.com\/?author=1"}]}},"jetpack_publicize_connections":[],"jetpack_featured_media_url":"https:\/\/sarmiento24h.com\/wp-content\/uploads\/2026\/05\/ee-uu-anuncia-el-retiro-de-5-000-tropas-de-sus-bases-en-alemania-en-medio-de-roces-entre-merz-y-trump.jpg","jetpack_sharing_enabled":true,"_links":{"self":[{"href":"https:\/\/sarmiento24h.com\/index.php?rest_route=\/wp\/v2\/posts\/171018","targetHints":{"allow":["GET"]}}],"collection":[{"href":"https:\/\/sarmiento24h.com\/index.php?rest_route=\/wp\/v2\/posts"}],"about":[{"href":"https:\/\/sarmiento24h.com\/index.php?rest_route=\/wp\/v2\/types\/post"}],"author":[{"embeddable":true,"href":"https:\/\/sarmiento24h.com\/index.php?rest_route=\/wp\/v2\/users\/1"}],"replies":[{"embeddable":true,"href":"https:\/\/sarmiento24h.com\/index.php?rest_route=%2Fwp%2Fv2%2Fcomments&post=171018"}],"version-history":[{"count":0,"href":"https:\/\/sarmiento24h.com\/index.php?rest_route=\/wp\/v2\/posts\/171018\/revisions"}],"wp:featuredmedia":[{"embeddable":true,"href":"https:\/\/sarmiento24h.com\/index.php?rest_route=\/wp\/v2\/media\/171019"}],"wp:attachment":[{"href":"https:\/\/sarmiento24h.com\/index.php?rest_route=%2Fwp%2Fv2%2Fmedia&parent=171018"}],"wp:term":[{"taxonomy":"category","embeddable":true,"href":"https:\/\/sarmiento24h.com\/index.php?rest_route=%2Fwp%2Fv2%2Fcategories&post=171018"},{"taxonomy":"post_tag","embeddable":true,"href":"https:\/\/sarmiento24h.com\/index.php?rest_route=%2Fwp%2Fv2%2Ftags&post=171018"}],"curies":[{"name":"wp","href":"https:\/\/api.w.org\/{rel}","templated":true}]}}