{"id":173735,"date":"2026-05-03T05:37:42","date_gmt":"2026-05-03T05:37:42","guid":{"rendered":"http:\/\/almomento.net\/?p=1116957"},"modified":"2026-05-03T05:37:42","modified_gmt":"2026-05-03T05:37:42","slug":"cosas-de-la-politica-local-opinion","status":"publish","type":"post","link":"https:\/\/sarmiento24h.com\/?p=173735","title":{"rendered":"Cosas de la pol\u00edtica local (OPINION)"},"content":{"rendered":"<p>Con Danilo Medina diciendo que el Partido de la Liberaci\u00f3n Dominicana no apoyar\u00e1 a nadie fuera de su organizaci\u00f3n.<\/p>\n<p>Leonel Fern\u00e1ndez pr\u00e1cticamente proclamado candidato presidencial de la Fuerza del Pueblo.<\/p>\n<p>El Partido Revolucionario Moderno sigue sin definir candidato pero el pleito parece que ir\u00e1 entre David Collado y Carolina Mej\u00eda.<\/p>\n<p>Los dem\u00e1s, la recua se sumar\u00e1 al que entiendan que va a ganar y que les deje ganancias y puestos.<\/p>\n<p>En ese sentido el PRM tiene que afinar bien que no haya divisi\u00f3n porque esa es su historia y su costumbre de que era PRD.<\/p>\n<p>De David Collado se dice que si no es candidato presidencial se podr\u00eda ir con cualquier otro partido de alquiler o de venta.<\/p>\n<p>Carolina Mej\u00eda cuenta con el apoyo de su padre el ex presidente Hip\u00f3lito Mej\u00eda, adem\u00e1s de ser bien popular fuera del partido en el gobierno.<\/p>\n<p>David suena popular fuera de su organizaci\u00f3n, pero bien sabemos que maneja mucho dinero presupuestal y se repita incluso \u00e9l que la poderosa familia Vicini lo protege y apoya.<\/p>\n<p><img loading=\"lazy\" decoding=\"async\" class=\"size-full wp-image-1116958 alignleft\" src=\"https:\/\/almomento.net\/wp-content\/uploads\/2026\/05\/cosas.png\" alt width=\"225\" height=\"225\" srcset=\"https:\/\/almomento.net\/wp-content\/uploads\/2026\/05\/cosas.png 225w, https:\/\/almomento.net\/wp-content\/uploads\/2026\/05\/cosas-150x150.png 150w, https:\/\/almomento.net\/wp-content\/uploads\/2026\/05\/cosas-95x95.png 95w, https:\/\/almomento.net\/wp-content\/uploads\/2026\/05\/cosas-220x220.png 220w\" sizes=\"auto, (max-width: 225px) 100vw, 225px\"><\/p>\n<p>Mirando las cosas desde fuera y sin inter\u00e9s particular, el PRM podr\u00eda tener las de ganar ya que est\u00e1 en el poder y eso da ventaja.<\/p>\n<p>Es cuesti\u00f3n de que se mantengan unidos por lo que cualquier candidato debe contar con el apoyo del actual presidente Luis Abinader.<\/p>\n<p>Leonel Fern\u00e1ndez es una figura p\u00fablica, tres veces ex presidente y reconocido en el \u00e1mbito nacional, aunque la Fuerza del Pueblo no cuenta con una estructura s\u00f3lida a nivel nacional.<\/p>\n<p>Cada uno tiene sus ventajas y sus desventajas pero el pleito est\u00e1 casado entre PRM y fuerza del Pueblo.<\/p>\n<p><b>PLD<\/b><\/p>\n<p>En lo que al PLD refiere todav\u00eda no cuenta con candidato las cosas no huelen bien por ah\u00ed ya que muchos dicen que se quiere imponer a Gonzalo Castillo que ser\u00eda el candidato m\u00e1s s\u00f3lido ya que lo fue anteriormente y tiene gran parte del terreno ganado.<\/p>\n<p>Los dem\u00e1s entre los que est\u00e1n fuertes figuras internas har\u00edan como que se van y ciertamente se ir\u00edan.<\/p>\n<p>Ah\u00ed tenemos al ex candidato Abel Mart\u00ednez quien tiene un pie dentro del PLD y otro dentro de la Fuerza del Pueblo.<\/p>\n<p>Francisco Javier ya se&nbsp; siente presidenciable y aunque no se ir\u00edan del PLD no creo que quede conforme con una posible escogencia de Gonzalo Castillo.<\/p>\n<p>As\u00ed las cosas el panorama electoral luce llano o confuso depende de quien vaya candidato por los principales partidos.<\/p>\n<p>Si es como dice Danilo Medina de que su PLD no&nbsp; apoyar\u00e1 a nadie extra partido a la Fuerza del Pueblo se le har\u00e1 dif\u00edcil ganar en una primera vuelta&nbsp; a un partido en el poder como el PRM.<\/p>\n<p>Depende, depende, todo depende pero&nbsp; como dije anteriormente aunque son grupos pol\u00edticos diferentes, sin PLD y Fuerza del Pueblo unidos el PRM podr\u00eda ir f\u00e1cil de nuevo al poder, pero para eso los perreme\u00edstas tienen que darle todo su apoyo a la gesti\u00f3n actual del Luis Abinader.<\/p>\n<p>Incluso algunos dejar de estar metiendo las patas y gobernar dentro de los par\u00e1metros que estable el jefe del Estado.<\/p>\n<p><i>jpm-am<\/i><\/p>\n<div class=\"heateor_sss_sharing_container heateor_sss_horizontal_sharing\" data-heateor-sss-href=\"https:\/\/almomento.net\/cosas-de-la-politica-local-opinion\/\" readability=\"7\">\n<p>Comp\u00e1rtelo en tus redes:<\/p>\n<\/div>\n<p> <!-- 468x60 --><br \/>\n<ins class=\"adsbygoogle\" data-ad-client=\"ca-pub-3511341636159665\" data-ad-slot=\"3538255450\"><\/ins> <!-- .entry-content --> <\/p>\n","protected":false},"excerpt":{"rendered":"<p>Con Danilo Medina diciendo que el Partido&#46;&#46;&#46;<\/p>\n","protected":false},"author":1,"featured_media":173736,"comment_status":"closed","ping_status":"closed","sticky":false,"template":"","format":"standard","meta":{"_jetpack_memberships_contains_paid_content":false,"footnotes":"","jetpack_publicize_message":"","jetpack_publicize_feature_enabled":true,"jetpack_social_post_already_shared":true,"jetpack_social_options":{"image_generator_settings":{"template":"highway","default_image_id":0,"font":"","enabled":false},"version":2}},"categories":[61],"tags":[],"class_list":["post-173735","post","type-post","status-publish","format-standard","has-post-thumbnail","hentry","category-politica"],"yoast_head":"<!-- This site is optimized with the Yoast SEO plugin v27.3 - https:\/\/yoast.com\/product\/yoast-seo-wordpress\/ -->\n<title>Cosas de la pol\u00edtica local (OPINION) - Sarmiento24h<\/title>\n<meta name=\"robots\" content=\"index, follow, max-snippet:-1, max-image-preview:large, max-video-preview:-1\" \/>\n<link rel=\"canonical\" href=\"https:\/\/sarmiento24h.com\/?p=173735\" \/>\n<meta property=\"og:locale\" content=\"es_ES\" \/>\n<meta property=\"og:type\" content=\"article\" \/>\n<meta property=\"og:title\" content=\"Cosas de la pol\u00edtica local (OPINION) - Sarmiento24h\" \/>\n<meta property=\"og:description\" content=\"Con Danilo Medina diciendo que el Partido&#046;&#046;&#046;\" \/>\n<meta property=\"og:url\" content=\"https:\/\/sarmiento24h.com\/?p=173735\" \/>\n<meta property=\"og:site_name\" content=\"Sarmiento24h\" \/>\n<meta property=\"article:publisher\" content=\"https:\/\/facebook.com\/s24hnoticias\" \/>\n<meta property=\"article:published_time\" content=\"2026-05-03T05:37:42+00:00\" \/>\n<meta name=\"author\" content=\"sarmiento24h@gmail.com\" \/>\n<meta name=\"twitter:card\" content=\"summary_large_image\" \/>\n<meta name=\"twitter:creator\" content=\"@sarmiento24h\" \/>\n<meta name=\"twitter:site\" content=\"@sarmiento24h\" \/>\n<meta name=\"twitter:label1\" content=\"Escrito por\" \/>\n\t<meta name=\"twitter:data1\" content=\"sarmiento24h@gmail.com\" \/>\n\t<meta name=\"twitter:label2\" content=\"Tiempo de lectura\" \/>\n\t<meta name=\"twitter:data2\" content=\"3 minutos\" \/>\n<script type=\"application\/ld+json\" class=\"yoast-schema-graph\">{\"@context\":\"https:\\\/\\\/schema.org\",\"@graph\":[{\"@type\":\"Article\",\"@id\":\"https:\\\/\\\/sarmiento24h.com\\\/?p=173735#article\",\"isPartOf\":{\"@id\":\"https:\\\/\\\/sarmiento24h.com\\\/?p=173735\"},\"author\":{\"name\":\"sarmiento24h@gmail.com\",\"@id\":\"https:\\\/\\\/sarmiento24h.com\\\/#\\\/schema\\\/person\\\/d653a59725ad629a7e0429af7b939d4d\"},\"headline\":\"Cosas de la pol\u00edtica local (OPINION)\",\"datePublished\":\"2026-05-03T05:37:42+00:00\",\"mainEntityOfPage\":{\"@id\":\"https:\\\/\\\/sarmiento24h.com\\\/?p=173735\"},\"wordCount\":560,\"publisher\":{\"@id\":\"https:\\\/\\\/sarmiento24h.com\\\/#organization\"},\"image\":{\"@id\":\"https:\\\/\\\/sarmiento24h.com\\\/?p=173735#primaryimage\"},\"thumbnailUrl\":\"https:\\\/\\\/sarmiento24h.com\\\/wp-content\\\/uploads\\\/2026\\\/05\\\/cosas-de-la-politica-local-opinion.png\",\"articleSection\":[\"Politica\"],\"inLanguage\":\"es\"},{\"@type\":\"WebPage\",\"@id\":\"https:\\\/\\\/sarmiento24h.com\\\/?p=173735\",\"url\":\"https:\\\/\\\/sarmiento24h.com\\\/?p=173735\",\"name\":\"Cosas de la pol\u00edtica local (OPINION) - Sarmiento24h\",\"isPartOf\":{\"@id\":\"https:\\\/\\\/sarmiento24h.com\\\/#website\"},\"primaryImageOfPage\":{\"@id\":\"https:\\\/\\\/sarmiento24h.com\\\/?p=173735#primaryimage\"},\"image\":{\"@id\":\"https:\\\/\\\/sarmiento24h.com\\\/?p=173735#primaryimage\"},\"thumbnailUrl\":\"https:\\\/\\\/sarmiento24h.com\\\/wp-content\\\/uploads\\\/2026\\\/05\\\/cosas-de-la-politica-local-opinion.png\",\"datePublished\":\"2026-05-03T05:37:42+00:00\",\"breadcrumb\":{\"@id\":\"https:\\\/\\\/sarmiento24h.com\\\/?p=173735#breadcrumb\"},\"inLanguage\":\"es\",\"potentialAction\":[{\"@type\":\"ReadAction\",\"target\":[\"https:\\\/\\\/sarmiento24h.com\\\/?p=173735\"]}]},{\"@type\":\"ImageObject\",\"inLanguage\":\"es\",\"@id\":\"https:\\\/\\\/sarmiento24h.com\\\/?p=173735#primaryimage\",\"url\":\"https:\\\/\\\/sarmiento24h.com\\\/wp-content\\\/uploads\\\/2026\\\/05\\\/cosas-de-la-politica-local-opinion.png\",\"contentUrl\":\"https:\\\/\\\/sarmiento24h.com\\\/wp-content\\\/uploads\\\/2026\\\/05\\\/cosas-de-la-politica-local-opinion.png\",\"width\":225,\"height\":225},{\"@type\":\"BreadcrumbList\",\"@id\":\"https:\\\/\\\/sarmiento24h.com\\\/?p=173735#breadcrumb\",\"itemListElement\":[{\"@type\":\"ListItem\",\"position\":1,\"name\":\"Home\",\"item\":\"https:\\\/\\\/sarmiento24h.com\\\/\"},{\"@type\":\"ListItem\",\"position\":2,\"name\":\"Cosas de la pol\u00edtica local (OPINION)\"}]},{\"@type\":\"WebSite\",\"@id\":\"https:\\\/\\\/sarmiento24h.com\\\/#website\",\"url\":\"https:\\\/\\\/sarmiento24h.com\\\/\",\"name\":\"Sarmiento24h\",\"description\":\"\",\"publisher\":{\"@id\":\"https:\\\/\\\/sarmiento24h.com\\\/#organization\"},\"potentialAction\":[{\"@type\":\"SearchAction\",\"target\":{\"@type\":\"EntryPoint\",\"urlTemplate\":\"https:\\\/\\\/sarmiento24h.com\\\/?s={search_term_string}\"},\"query-input\":{\"@type\":\"PropertyValueSpecification\",\"valueRequired\":true,\"valueName\":\"search_term_string\"}}],\"inLanguage\":\"es\"},{\"@type\":\"Organization\",\"@id\":\"https:\\\/\\\/sarmiento24h.com\\\/#organization\",\"name\":\"Sarmiento24h\",\"url\":\"https:\\\/\\\/sarmiento24h.com\\\/\",\"logo\":{\"@type\":\"ImageObject\",\"inLanguage\":\"es\",\"@id\":\"https:\\\/\\\/sarmiento24h.com\\\/#\\\/schema\\\/logo\\\/image\\\/\",\"url\":\"https:\\\/\\\/sarmiento24h.com\\\/wp-content\\\/uploads\\\/2025\\\/12\\\/AddText_12-16-10.30.52.jpg\",\"contentUrl\":\"https:\\\/\\\/sarmiento24h.com\\\/wp-content\\\/uploads\\\/2025\\\/12\\\/AddText_12-16-10.30.52.jpg\",\"width\":1220,\"height\":324,\"caption\":\"Sarmiento24h\"},\"image\":{\"@id\":\"https:\\\/\\\/sarmiento24h.com\\\/#\\\/schema\\\/logo\\\/image\\\/\"},\"sameAs\":[\"https:\\\/\\\/facebook.com\\\/s24hnoticias\",\"https:\\\/\\\/x.com\\\/sarmiento24h\"]},{\"@type\":\"Person\",\"@id\":\"https:\\\/\\\/sarmiento24h.com\\\/#\\\/schema\\\/person\\\/d653a59725ad629a7e0429af7b939d4d\",\"name\":\"sarmiento24h@gmail.com\",\"image\":{\"@type\":\"ImageObject\",\"inLanguage\":\"es\",\"@id\":\"https:\\\/\\\/sarmiento24h.com\\\/wp-content\\\/litespeed\\\/avatar\\\/d02cbc4e23c747e6659cd45907173c8f.jpg?ver=1777762632\",\"url\":\"https:\\\/\\\/sarmiento24h.com\\\/wp-content\\\/litespeed\\\/avatar\\\/d02cbc4e23c747e6659cd45907173c8f.jpg?ver=1777762632\",\"contentUrl\":\"https:\\\/\\\/sarmiento24h.com\\\/wp-content\\\/litespeed\\\/avatar\\\/d02cbc4e23c747e6659cd45907173c8f.jpg?ver=1777762632\",\"caption\":\"sarmiento24h@gmail.com\"},\"sameAs\":[\"https:\\\/\\\/sarmiento24h.com\"],\"url\":\"https:\\\/\\\/sarmiento24h.com\\\/?author=1\"}]}<\/script>\n<!-- \/ Yoast SEO plugin. -->","yoast_head_json":{"title":"Cosas de la pol\u00edtica local (OPINION) - Sarmiento24h","robots":{"index":"index","follow":"follow","max-snippet":"max-snippet:-1","max-image-preview":"max-image-preview:large","max-video-preview":"max-video-preview:-1"},"canonical":"https:\/\/sarmiento24h.com\/?p=173735","og_locale":"es_ES","og_type":"article","og_title":"Cosas de la pol\u00edtica local (OPINION) - Sarmiento24h","og_description":"Con Danilo Medina diciendo que el Partido&#46;&#46;&#46;","og_url":"https:\/\/sarmiento24h.com\/?p=173735","og_site_name":"Sarmiento24h","article_publisher":"https:\/\/facebook.com\/s24hnoticias","article_published_time":"2026-05-03T05:37:42+00:00","author":"sarmiento24h@gmail.com","twitter_card":"summary_large_image","twitter_creator":"@sarmiento24h","twitter_site":"@sarmiento24h","twitter_misc":{"Escrito por":"sarmiento24h@gmail.com","Tiempo de lectura":"3 minutos"},"schema":{"@context":"https:\/\/schema.org","@graph":[{"@type":"Article","@id":"https:\/\/sarmiento24h.com\/?p=173735#article","isPartOf":{"@id":"https:\/\/sarmiento24h.com\/?p=173735"},"author":{"name":"sarmiento24h@gmail.com","@id":"https:\/\/sarmiento24h.com\/#\/schema\/person\/d653a59725ad629a7e0429af7b939d4d"},"headline":"Cosas de la pol\u00edtica local (OPINION)","datePublished":"2026-05-03T05:37:42+00:00","mainEntityOfPage":{"@id":"https:\/\/sarmiento24h.com\/?p=173735"},"wordCount":560,"publisher":{"@id":"https:\/\/sarmiento24h.com\/#organization"},"image":{"@id":"https:\/\/sarmiento24h.com\/?p=173735#primaryimage"},"thumbnailUrl":"https:\/\/sarmiento24h.com\/wp-content\/uploads\/2026\/05\/cosas-de-la-politica-local-opinion.png","articleSection":["Politica"],"inLanguage":"es"},{"@type":"WebPage","@id":"https:\/\/sarmiento24h.com\/?p=173735","url":"https:\/\/sarmiento24h.com\/?p=173735","name":"Cosas de la pol\u00edtica local (OPINION) - Sarmiento24h","isPartOf":{"@id":"https:\/\/sarmiento24h.com\/#website"},"primaryImageOfPage":{"@id":"https:\/\/sarmiento24h.com\/?p=173735#primaryimage"},"image":{"@id":"https:\/\/sarmiento24h.com\/?p=173735#primaryimage"},"thumbnailUrl":"https:\/\/sarmiento24h.com\/wp-content\/uploads\/2026\/05\/cosas-de-la-politica-local-opinion.png","datePublished":"2026-05-03T05:37:42+00:00","breadcrumb":{"@id":"https:\/\/sarmiento24h.com\/?p=173735#breadcrumb"},"inLanguage":"es","potentialAction":[{"@type":"ReadAction","target":["https:\/\/sarmiento24h.com\/?p=173735"]}]},{"@type":"ImageObject","inLanguage":"es","@id":"https:\/\/sarmiento24h.com\/?p=173735#primaryimage","url":"https:\/\/sarmiento24h.com\/wp-content\/uploads\/2026\/05\/cosas-de-la-politica-local-opinion.png","contentUrl":"https:\/\/sarmiento24h.com\/wp-content\/uploads\/2026\/05\/cosas-de-la-politica-local-opinion.png","width":225,"height":225},{"@type":"BreadcrumbList","@id":"https:\/\/sarmiento24h.com\/?p=173735#breadcrumb","itemListElement":[{"@type":"ListItem","position":1,"name":"Home","item":"https:\/\/sarmiento24h.com\/"},{"@type":"ListItem","position":2,"name":"Cosas de la pol\u00edtica local (OPINION)"}]},{"@type":"WebSite","@id":"https:\/\/sarmiento24h.com\/#website","url":"https:\/\/sarmiento24h.com\/","name":"Sarmiento24h","description":"","publisher":{"@id":"https:\/\/sarmiento24h.com\/#organization"},"potentialAction":[{"@type":"SearchAction","target":{"@type":"EntryPoint","urlTemplate":"https:\/\/sarmiento24h.com\/?s={search_term_string}"},"query-input":{"@type":"PropertyValueSpecification","valueRequired":true,"valueName":"search_term_string"}}],"inLanguage":"es"},{"@type":"Organization","@id":"https:\/\/sarmiento24h.com\/#organization","name":"Sarmiento24h","url":"https:\/\/sarmiento24h.com\/","logo":{"@type":"ImageObject","inLanguage":"es","@id":"https:\/\/sarmiento24h.com\/#\/schema\/logo\/image\/","url":"https:\/\/sarmiento24h.com\/wp-content\/uploads\/2025\/12\/AddText_12-16-10.30.52.jpg","contentUrl":"https:\/\/sarmiento24h.com\/wp-content\/uploads\/2025\/12\/AddText_12-16-10.30.52.jpg","width":1220,"height":324,"caption":"Sarmiento24h"},"image":{"@id":"https:\/\/sarmiento24h.com\/#\/schema\/logo\/image\/"},"sameAs":["https:\/\/facebook.com\/s24hnoticias","https:\/\/x.com\/sarmiento24h"]},{"@type":"Person","@id":"https:\/\/sarmiento24h.com\/#\/schema\/person\/d653a59725ad629a7e0429af7b939d4d","name":"sarmiento24h@gmail.com","image":{"@type":"ImageObject","inLanguage":"es","@id":"https:\/\/sarmiento24h.com\/wp-content\/litespeed\/avatar\/d02cbc4e23c747e6659cd45907173c8f.jpg?ver=1777762632","url":"https:\/\/sarmiento24h.com\/wp-content\/litespeed\/avatar\/d02cbc4e23c747e6659cd45907173c8f.jpg?ver=1777762632","contentUrl":"https:\/\/sarmiento24h.com\/wp-content\/litespeed\/avatar\/d02cbc4e23c747e6659cd45907173c8f.jpg?ver=1777762632","caption":"sarmiento24h@gmail.com"},"sameAs":["https:\/\/sarmiento24h.com"],"url":"https:\/\/sarmiento24h.com\/?author=1"}]}},"jetpack_publicize_connections":[],"jetpack_featured_media_url":"https:\/\/sarmiento24h.com\/wp-content\/uploads\/2026\/05\/cosas-de-la-politica-local-opinion.png","jetpack_sharing_enabled":true,"_links":{"self":[{"href":"https:\/\/sarmiento24h.com\/index.php?rest_route=\/wp\/v2\/posts\/173735","targetHints":{"allow":["GET"]}}],"collection":[{"href":"https:\/\/sarmiento24h.com\/index.php?rest_route=\/wp\/v2\/posts"}],"about":[{"href":"https:\/\/sarmiento24h.com\/index.php?rest_route=\/wp\/v2\/types\/post"}],"author":[{"embeddable":true,"href":"https:\/\/sarmiento24h.com\/index.php?rest_route=\/wp\/v2\/users\/1"}],"replies":[{"embeddable":true,"href":"https:\/\/sarmiento24h.com\/index.php?rest_route=%2Fwp%2Fv2%2Fcomments&post=173735"}],"version-history":[{"count":0,"href":"https:\/\/sarmiento24h.com\/index.php?rest_route=\/wp\/v2\/posts\/173735\/revisions"}],"wp:featuredmedia":[{"embeddable":true,"href":"https:\/\/sarmiento24h.com\/index.php?rest_route=\/wp\/v2\/media\/173736"}],"wp:attachment":[{"href":"https:\/\/sarmiento24h.com\/index.php?rest_route=%2Fwp%2Fv2%2Fmedia&parent=173735"}],"wp:term":[{"taxonomy":"category","embeddable":true,"href":"https:\/\/sarmiento24h.com\/index.php?rest_route=%2Fwp%2Fv2%2Fcategories&post=173735"},{"taxonomy":"post_tag","embeddable":true,"href":"https:\/\/sarmiento24h.com\/index.php?rest_route=%2Fwp%2Fv2%2Ftags&post=173735"}],"curies":[{"name":"wp","href":"https:\/\/api.w.org\/{rel}","templated":true}]}}