{"id":174509,"date":"2026-05-03T13:17:35","date_gmt":"2026-05-03T13:17:35","guid":{"rendered":"http:\/\/926276c4-46f0-11f1-97a9-1f880f4145c4"},"modified":"2026-05-03T13:17:35","modified_gmt":"2026-05-03T13:17:35","slug":"dos-activistas-de-la-flotilla-de-ayuda-a-gaza-capturados-comparecen-ante-un-tribunal-israeli","status":"publish","type":"post","link":"https:\/\/sarmiento24h.com\/?p=174509","title":{"rendered":"Dos activistas de la flotilla de ayuda a Gaza capturados comparecen ante un tribunal israel\u00ed"},"content":{"rendered":"<p>Dos <a href=\"https:\/\/www.france24.com\/es\/tag\/activistas\/\" target=\"_self\" class=\"gtm-add-suggested-tag\">activistas<\/a> extranjeros de una flotilla con destino a <a href=\"https:\/\/www.france24.com\/es\/tag\/gaza\/\" target=\"_self\" class=\"gtm-add-suggested-tag\">Gaza<\/a> que fueron capturados y llevados a <a href=\"https:\/\/www.france24.com\/es\/tag\/israel\/\" target=\"_self\" class=\"gtm-add-suggested-tag\">Israel<\/a> para ser interrogados comparecieron ante un tribunal israel\u00ed el domingo, inform\u00f3 un grupo de derechos humanos que los defiende.<\/p>\n<p>La flotilla de m\u00e1s de 50 embarcaciones hab\u00eda zarpado de <a href=\"https:\/\/www.france24.com\/es\/tag\/francia\/\" target=\"_self\" class=\"gtm-add-suggested-tag\">Francia<\/a>, <a href=\"https:\/\/www.france24.com\/es\/tag\/espa\u00f1a\/\" target=\"_self\" class=\"gtm-add-suggested-tag\">Espa\u00f1a<\/a> e <a href=\"https:\/\/www.france24.com\/es\/tag\/italia\/\" target=\"_self\" class=\"gtm-add-suggested-tag\">Italia<\/a> con el objetivo de romper el bloqueo israel\u00ed de Gaza y llevar suministros humanitarios al devastado territorio palestino.<\/p>\n<p>Fueron interceptados por fuerzas israel\u00edes en aguas internacionales frente a <a href=\"https:\/\/www.france24.com\/es\/tag\/grecia\/\" target=\"_self\" class=\"gtm-add-suggested-tag\">Grecia<\/a> el jueves temprano; Israel afirm\u00f3 haber retirado a unos 175 <a href=\"https:\/\/www.france24.com\/es\/tag\/activistas\/\" target=\"_self\" class=\"gtm-add-suggested-tag\">activistas<\/a>, dos de los cuales fueron trasladados a Israel para ser interrogados.<\/p>\n<div class=\"em-video-wrapper m-em-video\" data-media-video-wbmz388430-f24-es-20260502 data-wrapper-video-player data-show-hidden-video-player=\"WBMZ388430-F24-ES-20260502\" data-youtube-script readability=\"7\">\n<p>Al menos 20 barcos de flotilla Global Sumud fue interceptados por Israel en mar territorial griego<\/p>\n<div class=\"m-em-video__video\">\n<div class=\"o-em-consent \" readability=\"7\">\n<div class=\"o-em-consent__content\" readability=\"34\">\n<p class=\"o-em-consent__content__text\">Para mostrar este contenido de YouTube, debe autorizar las cookies de medici\u00f3n de audiencia y publicidad.<\/p>\n<p> <button class=\"a-master-button a-master-button--dark\" data-action=\"accept\"> Aceptar <svg class=\"a-svg a-svg--icon-check\"> <use xlink:href=\"\/build\/images\/svg\/sprite.c98bf387c90bc4a87186b0b783f15ba0.svg#icon-check\" href=\"\/build\/images\/svg\/sprite.c98bf387c90bc4a87186b0b783f15ba0.svg#icon-check\" \/> <\/svg> <\/button> <button class=\"a-link\" data-action=\"manage\">Gestionar mis opciones<i class=\"a-svg a-svg--icon-edit\"><\/i><\/button> <\/div>\n<\/div>\n<div class=\"o-em-adblock\" data-adblock-content readability=\"7\">\n<div class=\"o-em-adblock__content\" readability=\"34\">\n<p class=\"o-em-adblock__content__text\">Una extensi\u00f3n de tu navegador parece estar bloqueando la carga del reproductor de video. Para poder ver este contenido, debes desactivarla en este sitio.<\/p>\n<p> <button class=\"a-master-button a-master-button--dark\" data-action=\"reload\">Reintentar<\/button> <\/div>\n<\/div>\n<figure class=\"m-item-image m-item-image--16x9 m-item-image--has-caption\"> <picture class=\"a-picture a-picture--16x9\"><source type=\"image\/webp\" srcset=\"https:\/\/s.france24.com\/media\/display\/d35f989e-44e5-11f1-931d-005056a90284\/w:388\/p:16x9\/ES-20260430-130914-131110-CS.webp 388w, https:\/\/s.france24.com\/media\/display\/d35f989e-44e5-11f1-931d-005056a90284\/w:720\/p:16x9\/ES-20260430-130914-131110-CS.webp 720w, https:\/\/s.france24.com\/media\/display\/d35f989e-44e5-11f1-931d-005056a90284\/w:1024\/p:16x9\/ES-20260430-130914-131110-CS.webp 1024w\" sizes=\"(max-width: 639px) calc(100vw - 32px), (max-width: 1076px) calc(100vw - 44px), 850px\"><img fetchpriority=\"low\" decoding=\"async\" src=\"https:\/\/s.france24.com\/media\/display\/d35f989e-44e5-11f1-931d-005056a90284\/w:1024\/p:16x9\/ES-20260430-130914-131110-CS.jpg\" srcset=\"https:\/\/s.france24.com\/media\/display\/d35f989e-44e5-11f1-931d-005056a90284\/w:388\/p:16x9\/ES-20260430-130914-131110-CS.jpg 388w, https:\/\/s.france24.com\/media\/display\/d35f989e-44e5-11f1-931d-005056a90284\/w:720\/p:16x9\/ES-20260430-130914-131110-CS.jpg 720w, https:\/\/s.france24.com\/media\/display\/d35f989e-44e5-11f1-931d-005056a90284\/w:1024\/p:16x9\/ES-20260430-130914-131110-CS.jpg 1024w\" sizes=\"auto, (max-width: 639px) calc(100vw - 32px), (max-width: 1076px) calc(100vw - 44px), 850px\" width=\"1024\" height=\"576\" alt=\"Al menos 20 barcos de flotilla Global Sumud fue interceptados por Israel en mar territorial griego\" loading=\"lazy\" class=\"a-img \">\n<\/picture><figcaption class=\"a-figcaption\"> <span>\u00a9 France 24<\/span> <\/figcaption><\/figure>\n<\/p><\/div>\n<\/p><\/div>\n<p>El ciudadano espa\u00f1ol Saif Abu Keshek y el brasile\u00f1o Thiago Avila comparecieron ante un tribunal en Ashkelon el domingo.<\/p>\n<p>La corte extendi\u00f3 su detenci\u00f3n por dos d\u00edas, dijo Miriam Azem, coordinadora de incidencia internacional del grupo de derechos Adalah.<\/p>\n<p>Las autoridades israel\u00edes <strong>hab\u00edan solicitado extender su detenci\u00f3n por cuatro d\u00edas, se\u00f1al\u00f3 Azem.<\/strong><\/p>\n<p>El s\u00e1bado, Adalah inform\u00f3 que sus abogados se hab\u00edan reunido con los dos activistas detenidos en la prisi\u00f3n de Shikma en Ashkelon.<\/p>\n<p>Avila relat\u00f3 a los abogados que fue \u00absometido a una brutalidad extrema\u00bb cuando las embarcaciones fueron capturadas, a\u00f1adiendo que fue \u00abarrastrado boca abajo por el suelo y golpeado tan severamente que perdi\u00f3 el conocimiento dos veces\u00bb.<\/p>\n<p>Desde su llegada a Israel, afirm\u00f3 haber sido \u00abmantenido en aislamiento y con los ojos vendados\u00bb, seg\u00fan Adalah.<\/p>\n<p class=\"a-read-more\"><span class=\"a-read-more__label\">Leer tambi\u00e9n<\/span><a href=\"https:\/\/www.france24.com\/es\/medio-oriente\/20260502-israel-detiene-a-dos-activistas-de-gaza-tras-interceptar-flotilla-de-ayuda-en-aguas-internacionales\" target=\"_self\" class=\"a-read-more__link\">Israel detiene a dos activistas de Gaza tras interceptar flotilla de ayuda en aguas internacionales<\/a><\/p>\n<p>Abu Keshek tambi\u00e9n fue \u00abatado de manos y con los ojos vendados&#8230; y obligado a yacer boca abajo en el suelo desde el momento de su captura\u00bb hasta llegar a Israel, indic\u00f3 el grupo.<\/p>\n<p>El ministerio de asuntos exteriores de Israel aleg\u00f3 que los dos activistas estaban afiliados a una organizaci\u00f3n que fue sancionada por el Tesoro de los EE. UU.<\/p>\n<p>Ese grupo <strong>\u2014la Conferencia Popular para los Palestinos en el Extranjero (PCPA)\u2014 ha sido acusado por Washington de \u00abactuar clandestinamente<\/strong> en nombre del\u00bb grupo militante palestino Ham\u00e1s.<\/p>\n<p>El ministerio de asuntos exteriores de Israel aleg\u00f3 que Abu Keshek era un miembro destacado de la PCPA, y que Avila tambi\u00e9n estaba vinculado a la organizaci\u00f3n y era \u00absospechoso de actividad ilegal\u00bb.<\/p>\n<p>Espa\u00f1a ha rechazado la acusaci\u00f3n israel\u00ed contra \u00e9l y afirma que Abu Keshek est\u00e1 siendo \u00abdetenido ilegalmente\u00bb.<\/p>\n<p>El ministerio de asuntos exteriores de <a href=\"https:\/\/www.france24.com\/es\/tag\/espa\u00f1a\/\" target=\"_self\" class=\"gtm-add-suggested-tag\">Espa\u00f1a<\/a> solicit\u00f3 el domingo la \u00abliberaci\u00f3n inmediata\u00bb de Abu Keshek.<\/p>\n<p>\u00abEl gobierno de Espa\u00f1a exige su liberaci\u00f3n inmediata\u00bb, dijo el ministerio en un comentario enviado a AFP, a\u00f1adiendo que el c\u00f3nsul espa\u00f1ol en <a href=\"https:\/\/www.france24.com\/es\/tag\/tel-aviv\/\" target=\"_self\" class=\"gtm-add-suggested-tag\">Tel Aviv<\/a> acompa\u00f1\u00f3 a Abu Keshek a la audiencia.<\/p>\n<p>Este art\u00edculo es una adaptaci\u00f3n de su<a href=\"https:\/\/www.france24.com\/en\/middle-east\/20260503-two-foreign-activists-seized-from-gaza-aid-flotilla-appear-before-israeli-court\" target=\"_self\"> original en ingl\u00e9s<\/a><\/p>\n","protected":false},"excerpt":{"rendered":"<p>Dos activistas extranjeros de una flotilla con&#46;&#46;&#46;<\/p>\n","protected":false},"author":1,"featured_media":174510,"comment_status":"closed","ping_status":"closed","sticky":false,"template":"","format":"standard","meta":{"_jetpack_memberships_contains_paid_content":false,"footnotes":"","jetpack_publicize_message":"","jetpack_publicize_feature_enabled":true,"jetpack_social_post_already_shared":true,"jetpack_social_options":{"image_generator_settings":{"template":"highway","default_image_id":0,"font":"","enabled":false},"version":2}},"categories":[43],"tags":[],"class_list":["post-174509","post","type-post","status-publish","format-standard","has-post-thumbnail","hentry","category-internacionales"],"yoast_head":"<!-- This site is optimized with the Yoast SEO plugin v27.3 - https:\/\/yoast.com\/product\/yoast-seo-wordpress\/ -->\n<title>Dos activistas de la flotilla de ayuda a Gaza capturados comparecen ante un tribunal israel\u00ed - Sarmiento24h<\/title>\n<meta name=\"robots\" content=\"index, follow, max-snippet:-1, max-image-preview:large, max-video-preview:-1\" \/>\n<link rel=\"canonical\" href=\"https:\/\/sarmiento24h.com\/?p=174509\" \/>\n<meta property=\"og:locale\" content=\"es_ES\" \/>\n<meta property=\"og:type\" content=\"article\" \/>\n<meta property=\"og:title\" content=\"Dos activistas de la flotilla de ayuda a Gaza capturados comparecen ante un tribunal israel\u00ed - Sarmiento24h\" \/>\n<meta property=\"og:description\" content=\"Dos activistas extranjeros de una flotilla con&#046;&#046;&#046;\" \/>\n<meta property=\"og:url\" content=\"https:\/\/sarmiento24h.com\/?p=174509\" \/>\n<meta property=\"og:site_name\" content=\"Sarmiento24h\" \/>\n<meta property=\"article:publisher\" content=\"https:\/\/facebook.com\/s24hnoticias\" \/>\n<meta property=\"article:published_time\" content=\"2026-05-03T13:17:35+00:00\" \/>\n<meta property=\"og:image\" content=\"https:\/\/s.france24.com\/media\/display\/d35f989e-44e5-11f1-931d-005056a90284\/w:1024\/p:16x9\/ES-20260430-130914-131110-CS.jpg\" \/>\n<meta name=\"author\" content=\"sarmiento24h@gmail.com\" \/>\n<meta name=\"twitter:card\" content=\"summary_large_image\" \/>\n<meta name=\"twitter:creator\" content=\"@sarmiento24h\" \/>\n<meta name=\"twitter:site\" content=\"@sarmiento24h\" \/>\n<meta name=\"twitter:label1\" content=\"Escrito por\" \/>\n\t<meta name=\"twitter:data1\" content=\"sarmiento24h@gmail.com\" \/>\n\t<meta name=\"twitter:label2\" content=\"Tiempo de lectura\" \/>\n\t<meta name=\"twitter:data2\" content=\"3 minutos\" \/>\n<script type=\"application\/ld+json\" class=\"yoast-schema-graph\">{\"@context\":\"https:\\\/\\\/schema.org\",\"@graph\":[{\"@type\":\"Article\",\"@id\":\"https:\\\/\\\/sarmiento24h.com\\\/?p=174509#article\",\"isPartOf\":{\"@id\":\"https:\\\/\\\/sarmiento24h.com\\\/?p=174509\"},\"author\":{\"name\":\"sarmiento24h@gmail.com\",\"@id\":\"https:\\\/\\\/sarmiento24h.com\\\/#\\\/schema\\\/person\\\/d653a59725ad629a7e0429af7b939d4d\"},\"headline\":\"Dos activistas de la flotilla de ayuda a Gaza capturados comparecen ante un tribunal israel\u00ed\",\"datePublished\":\"2026-05-03T13:17:35+00:00\",\"mainEntityOfPage\":{\"@id\":\"https:\\\/\\\/sarmiento24h.com\\\/?p=174509\"},\"wordCount\":554,\"publisher\":{\"@id\":\"https:\\\/\\\/sarmiento24h.com\\\/#organization\"},\"image\":{\"@id\":\"https:\\\/\\\/sarmiento24h.com\\\/?p=174509#primaryimage\"},\"thumbnailUrl\":\"https:\\\/\\\/sarmiento24h.com\\\/wp-content\\\/uploads\\\/2026\\\/05\\\/dos-activistas-de-la-flotilla-de-ayuda-a-gaza-capturados-comparecen-ante-un-tribunal-israeli.jpg\",\"articleSection\":[\"Internacionales\"],\"inLanguage\":\"es\"},{\"@type\":\"WebPage\",\"@id\":\"https:\\\/\\\/sarmiento24h.com\\\/?p=174509\",\"url\":\"https:\\\/\\\/sarmiento24h.com\\\/?p=174509\",\"name\":\"Dos activistas de la flotilla de ayuda a Gaza capturados comparecen ante un tribunal israel\u00ed - Sarmiento24h\",\"isPartOf\":{\"@id\":\"https:\\\/\\\/sarmiento24h.com\\\/#website\"},\"primaryImageOfPage\":{\"@id\":\"https:\\\/\\\/sarmiento24h.com\\\/?p=174509#primaryimage\"},\"image\":{\"@id\":\"https:\\\/\\\/sarmiento24h.com\\\/?p=174509#primaryimage\"},\"thumbnailUrl\":\"https:\\\/\\\/sarmiento24h.com\\\/wp-content\\\/uploads\\\/2026\\\/05\\\/dos-activistas-de-la-flotilla-de-ayuda-a-gaza-capturados-comparecen-ante-un-tribunal-israeli.jpg\",\"datePublished\":\"2026-05-03T13:17:35+00:00\",\"breadcrumb\":{\"@id\":\"https:\\\/\\\/sarmiento24h.com\\\/?p=174509#breadcrumb\"},\"inLanguage\":\"es\",\"potentialAction\":[{\"@type\":\"ReadAction\",\"target\":[\"https:\\\/\\\/sarmiento24h.com\\\/?p=174509\"]}]},{\"@type\":\"ImageObject\",\"inLanguage\":\"es\",\"@id\":\"https:\\\/\\\/sarmiento24h.com\\\/?p=174509#primaryimage\",\"url\":\"https:\\\/\\\/sarmiento24h.com\\\/wp-content\\\/uploads\\\/2026\\\/05\\\/dos-activistas-de-la-flotilla-de-ayuda-a-gaza-capturados-comparecen-ante-un-tribunal-israeli.jpg\",\"contentUrl\":\"https:\\\/\\\/sarmiento24h.com\\\/wp-content\\\/uploads\\\/2026\\\/05\\\/dos-activistas-de-la-flotilla-de-ayuda-a-gaza-capturados-comparecen-ante-un-tribunal-israeli.jpg\",\"width\":1024,\"height\":576},{\"@type\":\"BreadcrumbList\",\"@id\":\"https:\\\/\\\/sarmiento24h.com\\\/?p=174509#breadcrumb\",\"itemListElement\":[{\"@type\":\"ListItem\",\"position\":1,\"name\":\"Home\",\"item\":\"https:\\\/\\\/sarmiento24h.com\\\/\"},{\"@type\":\"ListItem\",\"position\":2,\"name\":\"Dos activistas de la flotilla de ayuda a Gaza capturados comparecen ante un tribunal israel\u00ed\"}]},{\"@type\":\"WebSite\",\"@id\":\"https:\\\/\\\/sarmiento24h.com\\\/#website\",\"url\":\"https:\\\/\\\/sarmiento24h.com\\\/\",\"name\":\"Sarmiento24h\",\"description\":\"\",\"publisher\":{\"@id\":\"https:\\\/\\\/sarmiento24h.com\\\/#organization\"},\"potentialAction\":[{\"@type\":\"SearchAction\",\"target\":{\"@type\":\"EntryPoint\",\"urlTemplate\":\"https:\\\/\\\/sarmiento24h.com\\\/?s={search_term_string}\"},\"query-input\":{\"@type\":\"PropertyValueSpecification\",\"valueRequired\":true,\"valueName\":\"search_term_string\"}}],\"inLanguage\":\"es\"},{\"@type\":\"Organization\",\"@id\":\"https:\\\/\\\/sarmiento24h.com\\\/#organization\",\"name\":\"Sarmiento24h\",\"url\":\"https:\\\/\\\/sarmiento24h.com\\\/\",\"logo\":{\"@type\":\"ImageObject\",\"inLanguage\":\"es\",\"@id\":\"https:\\\/\\\/sarmiento24h.com\\\/#\\\/schema\\\/logo\\\/image\\\/\",\"url\":\"https:\\\/\\\/sarmiento24h.com\\\/wp-content\\\/uploads\\\/2025\\\/12\\\/AddText_12-16-10.30.52.jpg\",\"contentUrl\":\"https:\\\/\\\/sarmiento24h.com\\\/wp-content\\\/uploads\\\/2025\\\/12\\\/AddText_12-16-10.30.52.jpg\",\"width\":1220,\"height\":324,\"caption\":\"Sarmiento24h\"},\"image\":{\"@id\":\"https:\\\/\\\/sarmiento24h.com\\\/#\\\/schema\\\/logo\\\/image\\\/\"},\"sameAs\":[\"https:\\\/\\\/facebook.com\\\/s24hnoticias\",\"https:\\\/\\\/x.com\\\/sarmiento24h\"]},{\"@type\":\"Person\",\"@id\":\"https:\\\/\\\/sarmiento24h.com\\\/#\\\/schema\\\/person\\\/d653a59725ad629a7e0429af7b939d4d\",\"name\":\"sarmiento24h@gmail.com\",\"image\":{\"@type\":\"ImageObject\",\"inLanguage\":\"es\",\"@id\":\"https:\\\/\\\/sarmiento24h.com\\\/wp-content\\\/litespeed\\\/avatar\\\/d02cbc4e23c747e6659cd45907173c8f.jpg?ver=1777762632\",\"url\":\"https:\\\/\\\/sarmiento24h.com\\\/wp-content\\\/litespeed\\\/avatar\\\/d02cbc4e23c747e6659cd45907173c8f.jpg?ver=1777762632\",\"contentUrl\":\"https:\\\/\\\/sarmiento24h.com\\\/wp-content\\\/litespeed\\\/avatar\\\/d02cbc4e23c747e6659cd45907173c8f.jpg?ver=1777762632\",\"caption\":\"sarmiento24h@gmail.com\"},\"sameAs\":[\"https:\\\/\\\/sarmiento24h.com\"],\"url\":\"https:\\\/\\\/sarmiento24h.com\\\/?author=1\"}]}<\/script>\n<!-- \/ Yoast SEO plugin. -->","yoast_head_json":{"title":"Dos activistas de la flotilla de ayuda a Gaza capturados comparecen ante un tribunal israel\u00ed - Sarmiento24h","robots":{"index":"index","follow":"follow","max-snippet":"max-snippet:-1","max-image-preview":"max-image-preview:large","max-video-preview":"max-video-preview:-1"},"canonical":"https:\/\/sarmiento24h.com\/?p=174509","og_locale":"es_ES","og_type":"article","og_title":"Dos activistas de la flotilla de ayuda a Gaza capturados comparecen ante un tribunal israel\u00ed - Sarmiento24h","og_description":"Dos activistas extranjeros de una flotilla con&#46;&#46;&#46;","og_url":"https:\/\/sarmiento24h.com\/?p=174509","og_site_name":"Sarmiento24h","article_publisher":"https:\/\/facebook.com\/s24hnoticias","article_published_time":"2026-05-03T13:17:35+00:00","og_image":[{"url":"https:\/\/s.france24.com\/media\/display\/d35f989e-44e5-11f1-931d-005056a90284\/w:1024\/p:16x9\/ES-20260430-130914-131110-CS.jpg","type":"","width":"","height":""}],"author":"sarmiento24h@gmail.com","twitter_card":"summary_large_image","twitter_creator":"@sarmiento24h","twitter_site":"@sarmiento24h","twitter_misc":{"Escrito por":"sarmiento24h@gmail.com","Tiempo de lectura":"3 minutos"},"schema":{"@context":"https:\/\/schema.org","@graph":[{"@type":"Article","@id":"https:\/\/sarmiento24h.com\/?p=174509#article","isPartOf":{"@id":"https:\/\/sarmiento24h.com\/?p=174509"},"author":{"name":"sarmiento24h@gmail.com","@id":"https:\/\/sarmiento24h.com\/#\/schema\/person\/d653a59725ad629a7e0429af7b939d4d"},"headline":"Dos activistas de la flotilla de ayuda a Gaza capturados comparecen ante un tribunal israel\u00ed","datePublished":"2026-05-03T13:17:35+00:00","mainEntityOfPage":{"@id":"https:\/\/sarmiento24h.com\/?p=174509"},"wordCount":554,"publisher":{"@id":"https:\/\/sarmiento24h.com\/#organization"},"image":{"@id":"https:\/\/sarmiento24h.com\/?p=174509#primaryimage"},"thumbnailUrl":"https:\/\/sarmiento24h.com\/wp-content\/uploads\/2026\/05\/dos-activistas-de-la-flotilla-de-ayuda-a-gaza-capturados-comparecen-ante-un-tribunal-israeli.jpg","articleSection":["Internacionales"],"inLanguage":"es"},{"@type":"WebPage","@id":"https:\/\/sarmiento24h.com\/?p=174509","url":"https:\/\/sarmiento24h.com\/?p=174509","name":"Dos activistas de la flotilla de ayuda a Gaza capturados comparecen ante un tribunal israel\u00ed - Sarmiento24h","isPartOf":{"@id":"https:\/\/sarmiento24h.com\/#website"},"primaryImageOfPage":{"@id":"https:\/\/sarmiento24h.com\/?p=174509#primaryimage"},"image":{"@id":"https:\/\/sarmiento24h.com\/?p=174509#primaryimage"},"thumbnailUrl":"https:\/\/sarmiento24h.com\/wp-content\/uploads\/2026\/05\/dos-activistas-de-la-flotilla-de-ayuda-a-gaza-capturados-comparecen-ante-un-tribunal-israeli.jpg","datePublished":"2026-05-03T13:17:35+00:00","breadcrumb":{"@id":"https:\/\/sarmiento24h.com\/?p=174509#breadcrumb"},"inLanguage":"es","potentialAction":[{"@type":"ReadAction","target":["https:\/\/sarmiento24h.com\/?p=174509"]}]},{"@type":"ImageObject","inLanguage":"es","@id":"https:\/\/sarmiento24h.com\/?p=174509#primaryimage","url":"https:\/\/sarmiento24h.com\/wp-content\/uploads\/2026\/05\/dos-activistas-de-la-flotilla-de-ayuda-a-gaza-capturados-comparecen-ante-un-tribunal-israeli.jpg","contentUrl":"https:\/\/sarmiento24h.com\/wp-content\/uploads\/2026\/05\/dos-activistas-de-la-flotilla-de-ayuda-a-gaza-capturados-comparecen-ante-un-tribunal-israeli.jpg","width":1024,"height":576},{"@type":"BreadcrumbList","@id":"https:\/\/sarmiento24h.com\/?p=174509#breadcrumb","itemListElement":[{"@type":"ListItem","position":1,"name":"Home","item":"https:\/\/sarmiento24h.com\/"},{"@type":"ListItem","position":2,"name":"Dos activistas de la flotilla de ayuda a Gaza capturados comparecen ante un tribunal israel\u00ed"}]},{"@type":"WebSite","@id":"https:\/\/sarmiento24h.com\/#website","url":"https:\/\/sarmiento24h.com\/","name":"Sarmiento24h","description":"","publisher":{"@id":"https:\/\/sarmiento24h.com\/#organization"},"potentialAction":[{"@type":"SearchAction","target":{"@type":"EntryPoint","urlTemplate":"https:\/\/sarmiento24h.com\/?s={search_term_string}"},"query-input":{"@type":"PropertyValueSpecification","valueRequired":true,"valueName":"search_term_string"}}],"inLanguage":"es"},{"@type":"Organization","@id":"https:\/\/sarmiento24h.com\/#organization","name":"Sarmiento24h","url":"https:\/\/sarmiento24h.com\/","logo":{"@type":"ImageObject","inLanguage":"es","@id":"https:\/\/sarmiento24h.com\/#\/schema\/logo\/image\/","url":"https:\/\/sarmiento24h.com\/wp-content\/uploads\/2025\/12\/AddText_12-16-10.30.52.jpg","contentUrl":"https:\/\/sarmiento24h.com\/wp-content\/uploads\/2025\/12\/AddText_12-16-10.30.52.jpg","width":1220,"height":324,"caption":"Sarmiento24h"},"image":{"@id":"https:\/\/sarmiento24h.com\/#\/schema\/logo\/image\/"},"sameAs":["https:\/\/facebook.com\/s24hnoticias","https:\/\/x.com\/sarmiento24h"]},{"@type":"Person","@id":"https:\/\/sarmiento24h.com\/#\/schema\/person\/d653a59725ad629a7e0429af7b939d4d","name":"sarmiento24h@gmail.com","image":{"@type":"ImageObject","inLanguage":"es","@id":"https:\/\/sarmiento24h.com\/wp-content\/litespeed\/avatar\/d02cbc4e23c747e6659cd45907173c8f.jpg?ver=1777762632","url":"https:\/\/sarmiento24h.com\/wp-content\/litespeed\/avatar\/d02cbc4e23c747e6659cd45907173c8f.jpg?ver=1777762632","contentUrl":"https:\/\/sarmiento24h.com\/wp-content\/litespeed\/avatar\/d02cbc4e23c747e6659cd45907173c8f.jpg?ver=1777762632","caption":"sarmiento24h@gmail.com"},"sameAs":["https:\/\/sarmiento24h.com"],"url":"https:\/\/sarmiento24h.com\/?author=1"}]}},"jetpack_publicize_connections":[],"jetpack_featured_media_url":"https:\/\/sarmiento24h.com\/wp-content\/uploads\/2026\/05\/dos-activistas-de-la-flotilla-de-ayuda-a-gaza-capturados-comparecen-ante-un-tribunal-israeli.jpg","jetpack_sharing_enabled":true,"_links":{"self":[{"href":"https:\/\/sarmiento24h.com\/index.php?rest_route=\/wp\/v2\/posts\/174509","targetHints":{"allow":["GET"]}}],"collection":[{"href":"https:\/\/sarmiento24h.com\/index.php?rest_route=\/wp\/v2\/posts"}],"about":[{"href":"https:\/\/sarmiento24h.com\/index.php?rest_route=\/wp\/v2\/types\/post"}],"author":[{"embeddable":true,"href":"https:\/\/sarmiento24h.com\/index.php?rest_route=\/wp\/v2\/users\/1"}],"replies":[{"embeddable":true,"href":"https:\/\/sarmiento24h.com\/index.php?rest_route=%2Fwp%2Fv2%2Fcomments&post=174509"}],"version-history":[{"count":0,"href":"https:\/\/sarmiento24h.com\/index.php?rest_route=\/wp\/v2\/posts\/174509\/revisions"}],"wp:featuredmedia":[{"embeddable":true,"href":"https:\/\/sarmiento24h.com\/index.php?rest_route=\/wp\/v2\/media\/174510"}],"wp:attachment":[{"href":"https:\/\/sarmiento24h.com\/index.php?rest_route=%2Fwp%2Fv2%2Fmedia&parent=174509"}],"wp:term":[{"taxonomy":"category","embeddable":true,"href":"https:\/\/sarmiento24h.com\/index.php?rest_route=%2Fwp%2Fv2%2Fcategories&post=174509"},{"taxonomy":"post_tag","embeddable":true,"href":"https:\/\/sarmiento24h.com\/index.php?rest_route=%2Fwp%2Fv2%2Ftags&post=174509"}],"curies":[{"name":"wp","href":"https:\/\/api.w.org\/{rel}","templated":true}]}}