{"id":208790,"date":"2026-05-15T05:26:59","date_gmt":"2026-05-15T05:26:59","guid":{"rendered":"http:\/\/almomento.net\/?p=1119737"},"modified":"2026-05-15T05:26:59","modified_gmt":"2026-05-15T05:26:59","slug":"perez-martinez-vila-y-pena-son-premiados-por-la-udesa-2026","status":"publish","type":"post","link":"https:\/\/sarmiento24h.com\/?p=208790","title":{"rendered":"P\u00e9rez, Mart\u00ednez, Vila y Pe\u00f1a son premiados por la UDESA 2026"},"content":{"rendered":"<p><!-- .entry-header --> <\/p>\n<div class=\"img_center\" readability=\"10\"> <a href=\"https:\/\/almomento.net\/wp-content\/uploads\/2026\/05\/3-1.jpg\" alt=\"P\u00e9rez, Mart\u00ednez, Vila y Pe\u00f1a son premiados por la UDESA 2026\" title=\"P\u00e9rez, Mart\u00ednez, Vila y Pe\u00f1a son premiados por la UDESA 2026\" data-toggle=\"lightbox\" class=\"thickbox\"><img decoding=\"async\" src=\"https:\/\/almomento.net\/wp-content\/uploads\/2026\/05\/3-1.jpg\" class=\"attachment-post-thumbnail size-post-thumbnail wp-post-image\" alt=\"imagen\" title=\"P\u00e9rez, Mart\u00ednez, Vila y Pe\u00f1a son premiados por la UDESA 2026\" data-toggle data-title=\"P\u00e9rez, Mart\u00ednez, Vila y Pe\u00f1a son premiados por la UDESA 2026\"><\/a><\/p>\n<p>Todos los atletas galardonados, acompa\u00f1ados por el comit\u00e9 ejecutivo de UDESA, junto a invitados especiales y patrocinadores<\/p>\n<\/p><\/div>\n<div id=\"entry-content\" readability=\"49\">\n<div class=\"gs-tts-pro gs-tts-theme-light\" data-gs-tts-player readability=\"7\">\n<p> <strong>Escuchar art\u00edculo<\/strong> <br \/><button type=\"button\" class=\"gs-tts-btn gs-tts-start\" data-gs-tts-start>Reproducir<\/button> <button type=\"button\" class=\"gs-tts-btn gs-tts-pause\" data-gs-tts-pause>Pausar<\/button> <button type=\"button\" class=\"gs-tts-btn gs-tts-stop\" data-gs-tts-stop>Detener<\/button> <\/p>\n<\/p><\/div>\n<p data-start=\"0\" data-end=\"191\">SANTIAGO DE LOS CABALLEROS.- La Uni\u00f3n Deportiva de Santiago (UDESA) dio a conocer los principales ganadores del <strong data-start=\"83\" data-end=\"146\">XVII Premio Infantil y Juvenil Rafael \u201cPanch\u00f3n\u201d Tejada 2026<\/strong>, destacando a varios atletas por categor\u00edas.<\/p>\n<p data-start=\"193\" data-end=\"251\">Seg\u00fan el listado divulgado, los m\u00e1s sobresalientes fueron:<\/p>\n<ul data-start=\"253\" data-end=\"369\">\n<li data-section-id=\"2c5jm2\" data-start=\"253\" data-end=\"313\"><strong data-start=\"255\" data-end=\"278\">Categor\u00eda infantil:<\/strong>\n<ul data-start=\"283\" data-end=\"313\">\n<li data-section-id=\"11u8l4s\" data-start=\"283\" data-end=\"296\"><strong data-start=\"285\" data-end=\"294\">Lesly P\u00e9rez<\/strong><\/li>\n<li data-section-id=\"kp8zi6\" data-start=\"299\" data-end=\"313\"><strong data-start=\"301\" data-end=\"313\">Edwin Mart\u00ednez<\/strong><\/li>\n<\/ul>\n<\/li>\n<li data-section-id=\"1fun5lz\" data-start=\"315\" data-end=\"369\"><strong data-start=\"317\" data-end=\"339\">Categor\u00eda juvenil:<\/strong>\n<ul data-start=\"344\" data-end=\"369\">\n<li data-section-id=\"144zo7u\" data-start=\"344\" data-end=\"356\"><strong data-start=\"346\" data-end=\"354\">Ram\u00f3n Vila<\/strong><\/li>\n<li data-section-id=\"h89lbh\" data-start=\"359\" data-end=\"369\"><strong data-start=\"361\" data-end=\"369\">Gillian Pe\u00f1a<\/strong><\/li>\n<\/ul>\n<\/li>\n<\/ul>\n<p data-start=\"371\" data-end=\"583\">Estos atletas fueron reconocidos como los mejores de sus respectivas divisiones en la premiaci\u00f3n anual de UDESA, que distingue el desempe\u00f1o de j\u00f3venes deportistas en distintas disciplinas del deporte en Santiago.<\/p>\n<p data-start=\"585\" data-end=\"740\">El Premio \u201cPanch\u00f3n\u201d Tejada es una de las principales galas del deporte base en la regi\u00f3n, organizada por UDESA para resaltar el talento infantil y juvenil.<\/p>\n<p data-start=\"585\" data-end=\"740\">of-am<\/p>\n<div class=\"heateor_sss_sharing_container heateor_sss_horizontal_sharing\" data-heateor-sss-href=\"https:\/\/almomento.net\/perez-martinez-vila-y-pena-son-premiados-por-la-udesa-2026\/\" readability=\"7\">\n<p>Comp\u00e1rtelo en tus redes:<\/p>\n<\/div>\n<p> <!-- 468x60 --><br \/>\n<ins class=\"adsbygoogle\" data-ad-client=\"ca-pub-3511341636159665\" data-ad-slot=\"3538255450\"><\/ins> <!-- .entry-content --> <\/div>\n","protected":false},"excerpt":{"rendered":"<p>Todos los atletas galardonados, acompa\u00f1ados por el&#46;&#46;&#46;<\/p>\n","protected":false},"author":1,"featured_media":208791,"comment_status":"closed","ping_status":"closed","sticky":false,"template":"","format":"standard","meta":{"_jetpack_newsletter_access":"","_jetpack_dont_email_post_to_subs":false,"_jetpack_newsletter_tier_id":0,"_jetpack_memberships_contains_paywalled_content":false,"_jetpack_feature_clip_id":0,"_jetpack_memberships_contains_paid_content":false,"footnotes":"","jetpack_publicize_message":"","jetpack_publicize_feature_enabled":true,"jetpack_social_post_already_shared":true,"jetpack_social_options":{"image_generator_settings":{"template":"highway","default_image_id":0,"font":"","enabled":false},"version":2},"jetpack_post_was_ever_published":false},"categories":[48],"tags":[],"class_list":["post-208790","post","type-post","status-publish","format-standard","has-post-thumbnail","hentry","category-deportes"],"yoast_head":"<!-- This site is optimized with the Yoast SEO plugin v28.1 - https:\/\/yoast.com\/product\/yoast-seo-wordpress\/ -->\n<title>P\u00e9rez, Mart\u00ednez, Vila y Pe\u00f1a son premiados por la UDESA 2026 - Sarmiento24h<\/title>\n<meta name=\"robots\" content=\"index, follow, max-snippet:-1, max-image-preview:large, max-video-preview:-1\" \/>\n<link rel=\"canonical\" href=\"https:\/\/sarmiento24h.com\/?p=208790\" \/>\n<meta property=\"og:locale\" content=\"es_ES\" \/>\n<meta property=\"og:type\" content=\"article\" \/>\n<meta property=\"og:title\" content=\"P\u00e9rez, Mart\u00ednez, Vila y Pe\u00f1a son premiados por la UDESA 2026 - Sarmiento24h\" \/>\n<meta property=\"og:description\" content=\"Todos los atletas galardonados, acompa\u00f1ados por el&#046;&#046;&#046;\" \/>\n<meta property=\"og:url\" content=\"https:\/\/sarmiento24h.com\/?p=208790\" \/>\n<meta property=\"og:site_name\" content=\"Sarmiento24h\" \/>\n<meta property=\"article:publisher\" content=\"https:\/\/facebook.com\/s24hnoticias\" \/>\n<meta property=\"article:published_time\" content=\"2026-05-15T05:26:59+00:00\" \/>\n<meta property=\"og:image\" content=\"https:\/\/almomento.net\/wp-content\/uploads\/2026\/05\/3-1.jpg\" \/>\n<meta name=\"author\" content=\"sarmiento24h@gmail.com\" \/>\n<meta name=\"twitter:card\" content=\"summary_large_image\" \/>\n<meta name=\"twitter:creator\" content=\"@sarmiento24h\" \/>\n<meta name=\"twitter:site\" content=\"@sarmiento24h\" \/>\n<meta name=\"twitter:label1\" content=\"Escrito por\" \/>\n\t<meta name=\"twitter:data1\" content=\"sarmiento24h@gmail.com\" \/>\n\t<meta name=\"twitter:label2\" content=\"Tiempo de lectura\" \/>\n\t<meta name=\"twitter:data2\" content=\"1 minuto\" \/>\n<script type=\"application\/ld+json\" class=\"yoast-schema-graph\">{\"@context\":\"https:\\\/\\\/schema.org\",\"@graph\":[{\"@type\":\"Article\",\"@id\":\"https:\\\/\\\/sarmiento24h.com\\\/?p=208790#article\",\"isPartOf\":{\"@id\":\"https:\\\/\\\/sarmiento24h.com\\\/?p=208790\"},\"author\":{\"name\":\"sarmiento24h@gmail.com\",\"@id\":\"https:\\\/\\\/sarmiento24h.com\\\/#\\\/schema\\\/person\\\/d653a59725ad629a7e0429af7b939d4d\"},\"headline\":\"P\u00e9rez, Mart\u00ednez, Vila y Pe\u00f1a son premiados por la UDESA 2026\",\"datePublished\":\"2026-05-15T05:26:59+00:00\",\"mainEntityOfPage\":{\"@id\":\"https:\\\/\\\/sarmiento24h.com\\\/?p=208790\"},\"wordCount\":168,\"publisher\":{\"@id\":\"https:\\\/\\\/sarmiento24h.com\\\/#organization\"},\"image\":{\"@id\":\"https:\\\/\\\/sarmiento24h.com\\\/?p=208790#primaryimage\"},\"thumbnailUrl\":\"https:\\\/\\\/sarmiento24h.com\\\/wp-content\\\/uploads\\\/2026\\\/05\\\/perez-martinez-vila-y-pena-son-premiados-por-la-udesa-2026.jpg\",\"articleSection\":[\"Deportes\"],\"inLanguage\":\"es\"},{\"@type\":\"WebPage\",\"@id\":\"https:\\\/\\\/sarmiento24h.com\\\/?p=208790\",\"url\":\"https:\\\/\\\/sarmiento24h.com\\\/?p=208790\",\"name\":\"P\u00e9rez, Mart\u00ednez, Vila y Pe\u00f1a son premiados por la UDESA 2026 - Sarmiento24h\",\"isPartOf\":{\"@id\":\"https:\\\/\\\/sarmiento24h.com\\\/#website\"},\"primaryImageOfPage\":{\"@id\":\"https:\\\/\\\/sarmiento24h.com\\\/?p=208790#primaryimage\"},\"image\":{\"@id\":\"https:\\\/\\\/sarmiento24h.com\\\/?p=208790#primaryimage\"},\"thumbnailUrl\":\"https:\\\/\\\/sarmiento24h.com\\\/wp-content\\\/uploads\\\/2026\\\/05\\\/perez-martinez-vila-y-pena-son-premiados-por-la-udesa-2026.jpg\",\"datePublished\":\"2026-05-15T05:26:59+00:00\",\"breadcrumb\":{\"@id\":\"https:\\\/\\\/sarmiento24h.com\\\/?p=208790#breadcrumb\"},\"inLanguage\":\"es\",\"potentialAction\":[{\"@type\":\"ReadAction\",\"target\":[\"https:\\\/\\\/sarmiento24h.com\\\/?p=208790\"]}]},{\"@type\":\"ImageObject\",\"inLanguage\":\"es\",\"@id\":\"https:\\\/\\\/sarmiento24h.com\\\/?p=208790#primaryimage\",\"url\":\"https:\\\/\\\/sarmiento24h.com\\\/wp-content\\\/uploads\\\/2026\\\/05\\\/perez-martinez-vila-y-pena-son-premiados-por-la-udesa-2026.jpg\",\"contentUrl\":\"https:\\\/\\\/sarmiento24h.com\\\/wp-content\\\/uploads\\\/2026\\\/05\\\/perez-martinez-vila-y-pena-son-premiados-por-la-udesa-2026.jpg\",\"width\":641,\"height\":495},{\"@type\":\"BreadcrumbList\",\"@id\":\"https:\\\/\\\/sarmiento24h.com\\\/?p=208790#breadcrumb\",\"itemListElement\":[{\"@type\":\"ListItem\",\"position\":1,\"name\":\"Home\",\"item\":\"https:\\\/\\\/sarmiento24h.com\\\/\"},{\"@type\":\"ListItem\",\"position\":2,\"name\":\"P\u00e9rez, Mart\u00ednez, Vila y Pe\u00f1a son premiados por la UDESA 2026\"}]},{\"@type\":\"WebSite\",\"@id\":\"https:\\\/\\\/sarmiento24h.com\\\/#website\",\"url\":\"https:\\\/\\\/sarmiento24h.com\\\/\",\"name\":\"Sarmiento24h\",\"description\":\"\",\"publisher\":{\"@id\":\"https:\\\/\\\/sarmiento24h.com\\\/#organization\"},\"potentialAction\":[{\"@type\":\"SearchAction\",\"target\":{\"@type\":\"EntryPoint\",\"urlTemplate\":\"https:\\\/\\\/sarmiento24h.com\\\/?s={search_term_string}\"},\"query-input\":{\"@type\":\"PropertyValueSpecification\",\"valueRequired\":true,\"valueName\":\"search_term_string\"}}],\"inLanguage\":\"es\"},{\"@type\":\"Organization\",\"@id\":\"https:\\\/\\\/sarmiento24h.com\\\/#organization\",\"name\":\"Sarmiento24h\",\"url\":\"https:\\\/\\\/sarmiento24h.com\\\/\",\"logo\":{\"@type\":\"ImageObject\",\"inLanguage\":\"es\",\"@id\":\"https:\\\/\\\/sarmiento24h.com\\\/#\\\/schema\\\/logo\\\/image\\\/\",\"url\":\"https:\\\/\\\/sarmiento24h.com\\\/wp-content\\\/uploads\\\/2025\\\/12\\\/AddText_12-16-10.30.52.jpg\",\"contentUrl\":\"https:\\\/\\\/sarmiento24h.com\\\/wp-content\\\/uploads\\\/2025\\\/12\\\/AddText_12-16-10.30.52.jpg\",\"width\":1220,\"height\":324,\"caption\":\"Sarmiento24h\"},\"image\":{\"@id\":\"https:\\\/\\\/sarmiento24h.com\\\/#\\\/schema\\\/logo\\\/image\\\/\"},\"sameAs\":[\"https:\\\/\\\/facebook.com\\\/s24hnoticias\",\"https:\\\/\\\/x.com\\\/sarmiento24h\"]},{\"@type\":\"Person\",\"@id\":\"https:\\\/\\\/sarmiento24h.com\\\/#\\\/schema\\\/person\\\/d653a59725ad629a7e0429af7b939d4d\",\"name\":\"sarmiento24h@gmail.com\",\"image\":{\"@type\":\"ImageObject\",\"inLanguage\":\"es\",\"@id\":\"https:\\\/\\\/sarmiento24h.com\\\/wp-content\\\/litespeed\\\/avatar\\\/d02cbc4e23c747e6659cd45907173c8f.jpg?ver=1788047690\",\"url\":\"https:\\\/\\\/sarmiento24h.com\\\/wp-content\\\/litespeed\\\/avatar\\\/d02cbc4e23c747e6659cd45907173c8f.jpg?ver=1788047690\",\"contentUrl\":\"https:\\\/\\\/sarmiento24h.com\\\/wp-content\\\/litespeed\\\/avatar\\\/d02cbc4e23c747e6659cd45907173c8f.jpg?ver=1788047690\",\"caption\":\"sarmiento24h@gmail.com\"},\"sameAs\":[\"https:\\\/\\\/sarmiento24h.com\"],\"url\":\"https:\\\/\\\/sarmiento24h.com\\\/?author=1\"}]}<\/script>\n<!-- \/ Yoast SEO plugin. -->","yoast_head_json":{"title":"P\u00e9rez, Mart\u00ednez, Vila y Pe\u00f1a son premiados por la UDESA 2026 - Sarmiento24h","robots":{"index":"index","follow":"follow","max-snippet":"max-snippet:-1","max-image-preview":"max-image-preview:large","max-video-preview":"max-video-preview:-1"},"canonical":"https:\/\/sarmiento24h.com\/?p=208790","og_locale":"es_ES","og_type":"article","og_title":"P\u00e9rez, Mart\u00ednez, Vila y Pe\u00f1a son premiados por la UDESA 2026 - Sarmiento24h","og_description":"Todos los atletas galardonados, acompa\u00f1ados por el&#46;&#46;&#46;","og_url":"https:\/\/sarmiento24h.com\/?p=208790","og_site_name":"Sarmiento24h","article_publisher":"https:\/\/facebook.com\/s24hnoticias","article_published_time":"2026-05-15T05:26:59+00:00","og_image":[{"url":"https:\/\/almomento.net\/wp-content\/uploads\/2026\/05\/3-1.jpg","type":"","width":"","height":""}],"author":"sarmiento24h@gmail.com","twitter_card":"summary_large_image","twitter_creator":"@sarmiento24h","twitter_site":"@sarmiento24h","twitter_misc":{"Escrito por":"sarmiento24h@gmail.com","Tiempo de lectura":"1 minuto"},"schema":{"@context":"https:\/\/schema.org","@graph":[{"@type":"Article","@id":"https:\/\/sarmiento24h.com\/?p=208790#article","isPartOf":{"@id":"https:\/\/sarmiento24h.com\/?p=208790"},"author":{"name":"sarmiento24h@gmail.com","@id":"https:\/\/sarmiento24h.com\/#\/schema\/person\/d653a59725ad629a7e0429af7b939d4d"},"headline":"P\u00e9rez, Mart\u00ednez, Vila y Pe\u00f1a son premiados por la UDESA 2026","datePublished":"2026-05-15T05:26:59+00:00","mainEntityOfPage":{"@id":"https:\/\/sarmiento24h.com\/?p=208790"},"wordCount":168,"publisher":{"@id":"https:\/\/sarmiento24h.com\/#organization"},"image":{"@id":"https:\/\/sarmiento24h.com\/?p=208790#primaryimage"},"thumbnailUrl":"https:\/\/sarmiento24h.com\/wp-content\/uploads\/2026\/05\/perez-martinez-vila-y-pena-son-premiados-por-la-udesa-2026.jpg","articleSection":["Deportes"],"inLanguage":"es"},{"@type":"WebPage","@id":"https:\/\/sarmiento24h.com\/?p=208790","url":"https:\/\/sarmiento24h.com\/?p=208790","name":"P\u00e9rez, Mart\u00ednez, Vila y Pe\u00f1a son premiados por la UDESA 2026 - Sarmiento24h","isPartOf":{"@id":"https:\/\/sarmiento24h.com\/#website"},"primaryImageOfPage":{"@id":"https:\/\/sarmiento24h.com\/?p=208790#primaryimage"},"image":{"@id":"https:\/\/sarmiento24h.com\/?p=208790#primaryimage"},"thumbnailUrl":"https:\/\/sarmiento24h.com\/wp-content\/uploads\/2026\/05\/perez-martinez-vila-y-pena-son-premiados-por-la-udesa-2026.jpg","datePublished":"2026-05-15T05:26:59+00:00","breadcrumb":{"@id":"https:\/\/sarmiento24h.com\/?p=208790#breadcrumb"},"inLanguage":"es","potentialAction":[{"@type":"ReadAction","target":["https:\/\/sarmiento24h.com\/?p=208790"]}]},{"@type":"ImageObject","inLanguage":"es","@id":"https:\/\/sarmiento24h.com\/?p=208790#primaryimage","url":"https:\/\/sarmiento24h.com\/wp-content\/uploads\/2026\/05\/perez-martinez-vila-y-pena-son-premiados-por-la-udesa-2026.jpg","contentUrl":"https:\/\/sarmiento24h.com\/wp-content\/uploads\/2026\/05\/perez-martinez-vila-y-pena-son-premiados-por-la-udesa-2026.jpg","width":641,"height":495},{"@type":"BreadcrumbList","@id":"https:\/\/sarmiento24h.com\/?p=208790#breadcrumb","itemListElement":[{"@type":"ListItem","position":1,"name":"Home","item":"https:\/\/sarmiento24h.com\/"},{"@type":"ListItem","position":2,"name":"P\u00e9rez, Mart\u00ednez, Vila y Pe\u00f1a son premiados por la UDESA 2026"}]},{"@type":"WebSite","@id":"https:\/\/sarmiento24h.com\/#website","url":"https:\/\/sarmiento24h.com\/","name":"Sarmiento24h","description":"","publisher":{"@id":"https:\/\/sarmiento24h.com\/#organization"},"potentialAction":[{"@type":"SearchAction","target":{"@type":"EntryPoint","urlTemplate":"https:\/\/sarmiento24h.com\/?s={search_term_string}"},"query-input":{"@type":"PropertyValueSpecification","valueRequired":true,"valueName":"search_term_string"}}],"inLanguage":"es"},{"@type":"Organization","@id":"https:\/\/sarmiento24h.com\/#organization","name":"Sarmiento24h","url":"https:\/\/sarmiento24h.com\/","logo":{"@type":"ImageObject","inLanguage":"es","@id":"https:\/\/sarmiento24h.com\/#\/schema\/logo\/image\/","url":"https:\/\/sarmiento24h.com\/wp-content\/uploads\/2025\/12\/AddText_12-16-10.30.52.jpg","contentUrl":"https:\/\/sarmiento24h.com\/wp-content\/uploads\/2025\/12\/AddText_12-16-10.30.52.jpg","width":1220,"height":324,"caption":"Sarmiento24h"},"image":{"@id":"https:\/\/sarmiento24h.com\/#\/schema\/logo\/image\/"},"sameAs":["https:\/\/facebook.com\/s24hnoticias","https:\/\/x.com\/sarmiento24h"]},{"@type":"Person","@id":"https:\/\/sarmiento24h.com\/#\/schema\/person\/d653a59725ad629a7e0429af7b939d4d","name":"sarmiento24h@gmail.com","image":{"@type":"ImageObject","inLanguage":"es","@id":"https:\/\/sarmiento24h.com\/wp-content\/litespeed\/avatar\/d02cbc4e23c747e6659cd45907173c8f.jpg?ver=1788047690","url":"https:\/\/sarmiento24h.com\/wp-content\/litespeed\/avatar\/d02cbc4e23c747e6659cd45907173c8f.jpg?ver=1788047690","contentUrl":"https:\/\/sarmiento24h.com\/wp-content\/litespeed\/avatar\/d02cbc4e23c747e6659cd45907173c8f.jpg?ver=1788047690","caption":"sarmiento24h@gmail.com"},"sameAs":["https:\/\/sarmiento24h.com"],"url":"https:\/\/sarmiento24h.com\/?author=1"}]}},"jetpack_publicize_connections":[],"jetpack_featured_media_url":"https:\/\/sarmiento24h.com\/wp-content\/uploads\/2026\/05\/perez-martinez-vila-y-pena-son-premiados-por-la-udesa-2026.jpg","jetpack_sharing_enabled":true,"_links":{"self":[{"href":"https:\/\/sarmiento24h.com\/index.php?rest_route=\/wp\/v2\/posts\/208790","targetHints":{"allow":["GET"]}}],"collection":[{"href":"https:\/\/sarmiento24h.com\/index.php?rest_route=\/wp\/v2\/posts"}],"about":[{"href":"https:\/\/sarmiento24h.com\/index.php?rest_route=\/wp\/v2\/types\/post"}],"author":[{"embeddable":true,"href":"https:\/\/sarmiento24h.com\/index.php?rest_route=\/wp\/v2\/users\/1"}],"replies":[{"embeddable":true,"href":"https:\/\/sarmiento24h.com\/index.php?rest_route=%2Fwp%2Fv2%2Fcomments&post=208790"}],"version-history":[{"count":0,"href":"https:\/\/sarmiento24h.com\/index.php?rest_route=\/wp\/v2\/posts\/208790\/revisions"}],"wp:featuredmedia":[{"embeddable":true,"href":"https:\/\/sarmiento24h.com\/index.php?rest_route=\/wp\/v2\/media\/208791"}],"wp:attachment":[{"href":"https:\/\/sarmiento24h.com\/index.php?rest_route=%2Fwp%2Fv2%2Fmedia&parent=208790"}],"wp:term":[{"taxonomy":"category","embeddable":true,"href":"https:\/\/sarmiento24h.com\/index.php?rest_route=%2Fwp%2Fv2%2Fcategories&post=208790"},{"taxonomy":"post_tag","embeddable":true,"href":"https:\/\/sarmiento24h.com\/index.php?rest_route=%2Fwp%2Fv2%2Ftags&post=208790"}],"curies":[{"name":"wp","href":"https:\/\/api.w.org\/{rel}","templated":true}]}}