{"id":256105,"date":"2026-06-02T01:37:02","date_gmt":"2026-06-02T01:37:02","guid":{"rendered":"http:\/\/320c51be-5e01-11f1-9b31-95d8ec47f1ce"},"modified":"2026-06-02T01:37:02","modified_gmt":"2026-06-02T01:37:02","slug":"por-que-peter-thiel-director-de-palantir-apuesta-por-la-argentina-de-javier-milei","status":"publish","type":"post","link":"https:\/\/sarmiento24h.com\/?p=256105","title":{"rendered":"\u00bfPor qu\u00e9 Peter Thiel, director de Palantir, apuesta por la Argentina de Javier Milei?"},"content":{"rendered":"<p>Adquiri\u00f3 una casa en uno de los barrios m\u00e1s pr\u00f3speros de <a href=\"https:\/\/www.france24.com\/es\/tag\/buenos-aires\/\" target=\"_self\" class=\"gtm-add-suggested-tag\">Buenos Aires<\/a>, se destac\u00f3 en un torneo de ajedrez en la capital argentina y se ha reunido con varios ministros desde abril. Peter Thiel, el controvertido multimillonario y fundador de Palantir, incluso fue recibido con honores por el presidente <a href=\"https:\/\/www.france24.com\/es\/tag\/javier-milei\/\" target=\"_self\" class=\"gtm-add-suggested-tag\">Javier Milei<\/a>, seg\u00fan informaron diversos medios de comunicaci\u00f3n desde el 28 de abril.<\/p>\n<p>\u201cFue un encuentro entre un anarcocapitalista y otro anarcocapitalista\u201d, alarde\u00f3 <a href=\"https:\/\/www.france24.com\/es\/tag\/javier-milei\/\" target=\"_self\" class=\"gtm-add-suggested-tag\">Javier Milei<\/a>, visiblemente entusiasmado por el inter\u00e9s del fundador del gigante estadounidense de macrodatos en <a href=\"https:\/\/www.france24.com\/es\/tag\/argentina\/\" target=\"_self\" class=\"gtm-add-suggested-tag\">Argentina<\/a>. Juan Pablo Carreira, director de comunicaciones digitales de la presidencia, a\u00f1adi\u00f3 que Peter Thiel \u201cya era m\u00e1s argentino\u201d que la oposici\u00f3n de izquierda.<\/p>\n<h2><strong>Un para\u00edso \u00abanarcocapitalista\u00bb<\/strong><\/h2>\n<p>Peter Thiel no parece querer que Buenos Aires sea solo un destino vacacional. Este magnate tecnol\u00f3gico, cuya fortuna se estima en m\u00e1s de 30.000 millones de d\u00f3lares, planea establecerse temporalmente en Argentina con su familia, seg\u00fan el &#8216;<a href=\"https:\/\/www.france24.com\/es\/tag\/the-new-york-times\/\" target=\"_self\" class=\"gtm-add-suggested-tag\">New York Times<\/a>&#8216; y el &#8216;Financial Times&#8217;. Incluso ya ha matriculado a sus hijos en escuelas locales.<\/p>\n<p>Este es un cambio radical para el exitoso empresario de <a href=\"https:\/\/www.france24.com\/es\/tag\/silicon-valley\/\" target=\"_self\" class=\"gtm-add-suggested-tag\">Silicon Valley<\/a>, quien hasta ahora hab\u00eda dividido su tiempo entre <a href=\"https:\/\/www.france24.com\/es\/tag\/los-\u00e1ngeles\/\" target=\"_self\" class=\"gtm-add-suggested-tag\">Los \u00c1ngeles<\/a> y <a href=\"https:\/\/www.france24.com\/es\/tag\/miami\/\" target=\"_self\" class=\"gtm-add-suggested-tag\">Miami<\/a>. Esta nueva residencia podr\u00eda resultar sorprendente. Peter Thiel, un ac\u00e9rrimo cr\u00edtico de la cultura \u00abwoke\u00bb \u2014t\u00e9rmino acu\u00f1ado para denigrar la pol\u00edtica progresista\u2014 y autoproclamado libertario, bien podr\u00eda haber encontrado en Donald Trump a su presidente ideal.<\/p>\n<div class=\"m-em-video\">\n<div class=\"o-video-player o-video-player--16x9\" data-media-video-wbmz395591-f24-es-20260602 data-show-hidden-video-player=\"WBMZ395591-F24-ES-20260602\" data-wrapper-video-player data-youtube-script>\n<div class=\"o-em-consent \" readability=\"7\">\n<div class=\"o-em-consent__content\" readability=\"34\">\n<p class=\"o-em-consent__content__text\">Para mostrar este contenido de YouTube, debe autorizar las cookies de medici\u00f3n de audiencia y publicidad.<\/p>\n<p> <button class=\"a-master-button a-master-button--dark\" data-action=\"accept\"> Aceptar <svg class=\"a-svg a-svg--icon-check\"> <use xlink:href=\"\/build\/images\/svg\/sprite.0707ba552ff2585debecbe3f0a0a372a.svg#icon-check\" href=\"\/build\/images\/svg\/sprite.0707ba552ff2585debecbe3f0a0a372a.svg#icon-check\" \/> <\/svg> <\/button> <button class=\"a-link\" data-action=\"manage\">Gestionar mis opciones<i class=\"a-svg a-svg--icon-edit\"><\/i><\/button> <\/div>\n<\/div>\n<div class=\"o-em-adblock\" data-adblock-content readability=\"7\">\n<div class=\"o-em-adblock__content\" readability=\"34\">\n<p class=\"o-em-adblock__content__text\">Una extensi\u00f3n de tu navegador parece estar bloqueando la carga del reproductor de video. Para poder ver este contenido, debes desactivarla en este sitio.<\/p>\n<p> <button class=\"a-master-button a-master-button--dark\" data-action=\"reload\">Reintentar<\/button> <\/div>\n<\/div>\n<figure class=\"m-item-image m-item-image--16x9 m-item-image--has-caption\"> <picture class=\"a-picture a-picture--16x9\"><source type=\"image\/webp\" srcset=\"https:\/\/s.france24.com\/media\/display\/adb4bdc0-423f-11f1-b815-005056a90284\/w:388\/p:16x9\/ES-20260427-081339-082212-CS.webp 388w, https:\/\/s.france24.com\/media\/display\/adb4bdc0-423f-11f1-b815-005056a90284\/w:720\/p:16x9\/ES-20260427-081339-082212-CS.webp 720w, https:\/\/s.france24.com\/media\/display\/adb4bdc0-423f-11f1-b815-005056a90284\/w:1024\/p:16x9\/ES-20260427-081339-082212-CS.webp 1024w\" sizes=\"(max-width: 639px) calc(100vw - 32px), (max-width: 1076px) calc(100vw - 44px), 850px\"><img fetchpriority=\"high\" decoding=\"auto\" src=\"https:\/\/s.france24.com\/media\/display\/adb4bdc0-423f-11f1-b815-005056a90284\/w:1024\/p:16x9\/ES-20260427-081339-082212-CS.jpg\" srcset=\"https:\/\/s.france24.com\/media\/display\/adb4bdc0-423f-11f1-b815-005056a90284\/w:388\/p:16x9\/ES-20260427-081339-082212-CS.jpg 388w, https:\/\/s.france24.com\/media\/display\/adb4bdc0-423f-11f1-b815-005056a90284\/w:720\/p:16x9\/ES-20260427-081339-082212-CS.jpg 720w, https:\/\/s.france24.com\/media\/display\/adb4bdc0-423f-11f1-b815-005056a90284\/w:1024\/p:16x9\/ES-20260427-081339-082212-CS.jpg 1024w\" sizes=\"(max-width: 639px) calc(100vw - 32px), (max-width: 1076px) calc(100vw - 44px), 850px\" width=\"1024\" height=\"576\" alt=\"Manifesto de Palantir\" loading=\"eager\" class=\"a-img \">\n<\/picture><figcaption class=\"a-figcaption\"> <span>Manifesto de Palantir<\/span> <span>\u00a9 France 24<\/span> <\/figcaption><\/figure>\n<\/p><\/div>\n<\/div>\n<p>Sobre todo porque este \u00faltimo eligi\u00f3 a J. D. Vance como vicepresidente, \u00abun pol\u00edtico estrechamente vinculado a Peter Thiel, que incluso a veces es presentado como su portavoz dentro de la administraci\u00f3n Trump\u00bb, explica Marc Tuters, especialista en subculturas radicales en <a href=\"https:\/\/www.france24.com\/es\/tag\/internet\/\" target=\"_self\" class=\"gtm-add-suggested-tag\">Internet<\/a> de la <a href=\"https:\/\/www.france24.com\/es\/tag\/universidad\/\" target=\"_self\" class=\"gtm-add-suggested-tag\">Universidad<\/a> de \u00c1msterdam, que ha escrito sobre el pensamiento pol\u00edtico de Peter Thiel.<\/p>\n<p class=\"a-read-more\"><span class=\"a-read-more__label\">Leer tambi\u00e9n<\/span><a href=\"https:\/\/www.france24.com\/es\/ee-uu-y-canad\u00e1\/20260424-el-manifiesto-de-palantir-para-un-silicon-valley-en-armas\" target=\"_self\" class=\"a-read-more__link\">El manifiesto de Palantir para un Silicon Valley en armas<\/a><\/p>\n<p>Pero un art\u00edculo de J. D. Vance y algunas declaraciones contrarias a la ideolog\u00eda &#8216;woke&#8217; de <a href=\"https:\/\/www.france24.com\/es\/tag\/donald-trump\/\" target=\"_self\" class=\"gtm-add-suggested-tag\">Donald Trump<\/a> no bastan para contentar a Peter Thiel. Sobre todo porque <a href=\"https:\/\/www.france24.com\/es\/tag\/california\/\" target=\"_self\" class=\"gtm-add-suggested-tag\">California<\/a> se prepara para votar en noviembre un nuevo impuesto a los superricos. La medida ya ha sido criticada por varios directores ejecutivos de <a href=\"https:\/\/www.france24.com\/es\/tag\/silicon-valley\/\" target=\"_self\" class=\"gtm-add-suggested-tag\">Silicon Valley<\/a>, pero para Peter Thiel es inaceptable.<\/p>\n<p>Como libertario de derecha, \u00abse opone visceralmente a cualquier impuesto sobre su riqueza, que considera un robo puro y simple\u00bb, subraya Matt Barlow, especialista en pol\u00edtica econ\u00f3mica internacional y Argentina de la <a href=\"https:\/\/www.france24.com\/es\/tag\/universidad\/\" target=\"_self\" class=\"gtm-add-suggested-tag\">Universidad<\/a> de Glasgow.<\/p>\n<p>Y ah\u00ed es donde entra en juego el otro \u00abanarcocapitalista\u00bb. \u00abEste t\u00e9rmino no es m\u00e1s que otra palabra para referirse a un libertario de derecha\u00bb, se\u00f1ala Matt Barlow, quien ha escrito sobre los contornos del anarcocapitalismo de Javier Milei.<\/p>\n<h2><strong>Una \u00abbuena jugada pol\u00edtica\u00bb para Javier Milei<\/strong><\/h2>\n<p>Cuando Javier Milei lleg\u00f3 al poder en <a href=\"https:\/\/www.france24.com\/es\/tag\/argentina\/\" target=\"_self\" class=\"gtm-add-suggested-tag\">Argentina<\/a> en 2023, los medios de comunicaci\u00f3n lo redujeron a menudo a la imagen de un \u00abTrump 2.0\u00bb para Latinoam\u00e9rica.<\/p>\n<p>Ciertamente existen \u00absimilitudes en el uso de un simulacro de machismo y una exaltaci\u00f3n de la imagen del hombre fuerte por parte de ambos l\u00edderes\u00bb, reconoce Anthony Burton, investigador del departamento de estudios de medios de la <a href=\"https:\/\/www.france24.com\/es\/tag\/universidad\/\" target=\"_self\" class=\"gtm-add-suggested-tag\">Universidad<\/a> de <a href=\"https:\/\/www.france24.com\/es\/tag\/\u00e1msterdam\/\" target=\"_self\" class=\"gtm-add-suggested-tag\">\u00c1msterdam<\/a>, quien ha trabajado sobre el poder de las \u00e9lites tecnol\u00f3gicas.<\/p>\n<div class=\"m-em-video\">\n<div class=\"o-video-player o-video-player--16x9\" data-media-video-wbmz389624-f24-es-20260507 data-show-hidden-video-player=\"WBMZ389624-F24-ES-20260507\" data-wrapper-video-player data-youtube-script>\n<div class=\"o-em-consent \" readability=\"7\">\n<div class=\"o-em-consent__content\" readability=\"34\">\n<p class=\"o-em-consent__content__text\">Para mostrar este contenido de YouTube, debe autorizar las cookies de medici\u00f3n de audiencia y publicidad.<\/p>\n<p> <button class=\"a-master-button a-master-button--dark\" data-action=\"accept\"> Aceptar <svg class=\"a-svg a-svg--icon-check\"> <use xlink:href=\"\/build\/images\/svg\/sprite.0707ba552ff2585debecbe3f0a0a372a.svg#icon-check\" href=\"\/build\/images\/svg\/sprite.0707ba552ff2585debecbe3f0a0a372a.svg#icon-check\" \/> <\/svg> <\/button> <button class=\"a-link\" data-action=\"manage\">Gestionar mis opciones<i class=\"a-svg a-svg--icon-edit\"><\/i><\/button> <\/div>\n<\/div>\n<div class=\"o-em-adblock\" data-adblock-content readability=\"7\">\n<div class=\"o-em-adblock__content\" readability=\"34\">\n<p class=\"o-em-adblock__content__text\">Una extensi\u00f3n de tu navegador parece estar bloqueando la carga del reproductor de video. Para poder ver este contenido, debes desactivarla en este sitio.<\/p>\n<p> <button class=\"a-master-button a-master-button--dark\" data-action=\"reload\">Reintentar<\/button> <\/div>\n<\/div>\n<figure class=\"m-item-image m-item-image--16x9 m-item-image--has-caption\"> <picture class=\"a-picture a-picture--16x9\"><source type=\"image\/webp\" srcset=\"https:\/\/s.france24.com\/media\/display\/04ffe6d8-b2c9-11f0-a926-005056a97e36\/w:388\/p:16x9\/AP25297061277272.webp 388w, https:\/\/s.france24.com\/media\/display\/04ffe6d8-b2c9-11f0-a926-005056a97e36\/w:720\/p:16x9\/AP25297061277272.webp 720w, https:\/\/s.france24.com\/media\/display\/04ffe6d8-b2c9-11f0-a926-005056a97e36\/w:1024\/p:16x9\/AP25297061277272.webp 1024w\" sizes=\"(max-width: 639px) calc(100vw - 32px), (max-width: 1076px) calc(100vw - 44px), 850px\"><img fetchpriority=\"high\" decoding=\"auto\" src=\"https:\/\/s.france24.com\/media\/display\/04ffe6d8-b2c9-11f0-a926-005056a97e36\/w:1024\/p:16x9\/AP25297061277272.jpg\" srcset=\"https:\/\/s.france24.com\/media\/display\/04ffe6d8-b2c9-11f0-a926-005056a97e36\/w:388\/p:16x9\/AP25297061277272.jpg 388w, https:\/\/s.france24.com\/media\/display\/04ffe6d8-b2c9-11f0-a926-005056a97e36\/w:720\/p:16x9\/AP25297061277272.jpg 720w, https:\/\/s.france24.com\/media\/display\/04ffe6d8-b2c9-11f0-a926-005056a97e36\/w:1024\/p:16x9\/AP25297061277272.jpg 1024w\" sizes=\"(max-width: 639px) calc(100vw - 32px), (max-width: 1076px) calc(100vw - 44px), 850px\" width=\"1024\" height=\"576\" alt=\"Archivo. El presidente Javier Milei sostiene un meg\u00e1fono mientras encabeza un acto de campa\u00f1a previo a las elecciones de medio t\u00e9rmino, en Tres de Febrero, provincia de Buenos Aires, Argentina, el 17 de octubre de 2025.\" loading=\"eager\" class=\"a-img \">\n<\/picture><figcaption class=\"a-figcaption\"> <span>Archivo. El presidente Javier Milei sostiene un meg\u00e1fono mientras encabeza un acto de campa\u00f1a previo a las elecciones de medio t\u00e9rmino, en Tres de Febrero, provincia de Buenos Aires, Argentina, el 17 de octubre de 2025.<\/span> <span>\u00a9 AP &#8211; Rodrigo Abd<\/span> <\/figcaption><\/figure>\n<\/p><\/div>\n<\/div>\n<p>Pero el l\u00edder argentino tiene una ideolog\u00eda mucho m\u00e1s af\u00edn a la de Thiel. \u00abEl uso de <a href=\"https:\/\/www.france24.com\/es\/tag\/aranceles\/\" target=\"_self\" class=\"gtm-add-suggested-tag\">aranceles<\/a> por parte de <a href=\"https:\/\/www.france24.com\/es\/tag\/donald-trump\/\" target=\"_self\" class=\"gtm-add-suggested-tag\">Donald Trump<\/a>, por ejemplo, es una medida que no se ajusta a la visi\u00f3n del mundo que comparten Peter Thiel y <a href=\"https:\/\/www.france24.com\/es\/tag\/javier-milei\/\" target=\"_self\" class=\"gtm-add-suggested-tag\">Javier Milei<\/a>\u00ab, afirma Marc Tuters.<\/p>\n<p>Seg\u00fan este experto, ambos \u00abcomparten un compromiso con una filosof\u00eda del Estado como una mera fachada que permitir\u00eda al mercado operar libremente y sin obst\u00e1culos\u00bb.<\/p>\n<p>El presidente estadounidense ve todo a trav\u00e9s del prisma de \u00ab<a href=\"https:\/\/www.france24.com\/es\/tag\/estados-unidos\/\" target=\"_self\" class=\"gtm-add-suggested-tag\">Estados Unidos<\/a> primero\u00bb. Una vez m\u00e1s, Peter Thiel y <a href=\"https:\/\/www.france24.com\/es\/tag\/javier-milei\/\" target=\"_self\" class=\"gtm-add-suggested-tag\">Javier Milei<\/a> \u00abtienen una visi\u00f3n mucho m\u00e1s global y quieren que su ideolog\u00eda se extienda por todo el mundo\u00bb, afirma Matt Barlow. El multimillonario estadounidense parece haber encontrado, por el momento, un entorno m\u00e1s favorable, tanto fiscal como ideol\u00f3gicamente, en <a href=\"https:\/\/www.france24.com\/es\/tag\/argentina\/\" target=\"_self\" class=\"gtm-add-suggested-tag\">Argentina<\/a>.<\/p>\n<p>Para <a href=\"https:\/\/www.france24.com\/es\/tag\/javier-milei\/\" target=\"_self\" class=\"gtm-add-suggested-tag\">Javier Milei<\/a>, \u00abes una buena jugada pol\u00edtica y su gobierno present\u00f3 la captaci\u00f3n de un inversor del calibre de Peter Thiel como un verdadero voto de confianza en las pol\u00edticas de reforma radical llevadas a cabo en <a href=\"https:\/\/www.france24.com\/es\/tag\/argentina\/\" target=\"_self\" class=\"gtm-add-suggested-tag\">Argentina<\/a>\u00ab, asegura Matt Barlow.<\/p>\n<p>Al presentar la llegada de Peter Thiel como una victoria del \u00abmile\u00edsmo\u00bb econ\u00f3mico, el presidente argentino tambi\u00e9n puede ocultar las crecientes desigualdades en <a href=\"https:\/\/www.france24.com\/es\/tag\/argentina\/\" target=\"_self\" class=\"gtm-add-suggested-tag\">Argentina<\/a>.<\/p>\n<p>El desmantelamiento sistem\u00e1tico de las redes de protecci\u00f3n social existentes ha debilitado a\u00fan m\u00e1s a las poblaciones m\u00e1s desfavorecidas, y la desregulaci\u00f3n del mercado laboral ha provocado un fuerte aumento de la tasa de desempleo.<\/p>\n<div class=\"m-em-video\">\n<div class=\"o-video-player o-video-player--16x9\" data-media-video-wbmz395597-f24-es-20260602 data-show-hidden-video-player=\"WBMZ395597-F24-ES-20260602\" data-wrapper-video-player data-youtube-script>\n<div class=\"o-em-consent \" readability=\"7\">\n<div class=\"o-em-consent__content\" readability=\"34\">\n<p class=\"o-em-consent__content__text\">Para mostrar este contenido de YouTube, debe autorizar las cookies de medici\u00f3n de audiencia y publicidad.<\/p>\n<p> <button class=\"a-master-button a-master-button--dark\" data-action=\"accept\"> Aceptar <svg class=\"a-svg a-svg--icon-check\"> <use xlink:href=\"\/build\/images\/svg\/sprite.0707ba552ff2585debecbe3f0a0a372a.svg#icon-check\" href=\"\/build\/images\/svg\/sprite.0707ba552ff2585debecbe3f0a0a372a.svg#icon-check\" \/> <\/svg> <\/button> <button class=\"a-link\" data-action=\"manage\">Gestionar mis opciones<i class=\"a-svg a-svg--icon-edit\"><\/i><\/button> <\/div>\n<\/div>\n<div class=\"o-em-adblock\" data-adblock-content readability=\"7\">\n<div class=\"o-em-adblock__content\" readability=\"34\">\n<p class=\"o-em-adblock__content__text\">Una extensi\u00f3n de tu navegador parece estar bloqueando la carga del reproductor de video. Para poder ver este contenido, debes desactivarla en este sitio.<\/p>\n<p> <button class=\"a-master-button a-master-button--dark\" data-action=\"reload\">Reintentar<\/button> <\/div>\n<\/div>\n<figure class=\"m-item-image m-item-image--16x9 m-item-image--has-caption\"> <picture class=\"a-picture a-picture--16x9\"><source type=\"image\/webp\" srcset=\"https:\/\/s.france24.com\/media\/display\/0c240524-036c-11ef-980a-005056bf30b7\/w:388\/p:16x9\/000_34Q32CF.webp 388w, https:\/\/s.france24.com\/media\/display\/0c240524-036c-11ef-980a-005056bf30b7\/w:720\/p:16x9\/000_34Q32CF.webp 720w, https:\/\/s.france24.com\/media\/display\/0c240524-036c-11ef-980a-005056bf30b7\/w:1024\/p:16x9\/000_34Q32CF.webp 1024w\" sizes=\"(max-width: 639px) calc(100vw - 32px), (max-width: 1076px) calc(100vw - 44px), 850px\"><img fetchpriority=\"high\" decoding=\"auto\" src=\"https:\/\/s.france24.com\/media\/display\/0c240524-036c-11ef-980a-005056bf30b7\/w:1024\/p:16x9\/000_34Q32CF.jpg\" srcset=\"https:\/\/s.france24.com\/media\/display\/0c240524-036c-11ef-980a-005056bf30b7\/w:388\/p:16x9\/000_34Q32CF.jpg 388w, https:\/\/s.france24.com\/media\/display\/0c240524-036c-11ef-980a-005056bf30b7\/w:720\/p:16x9\/000_34Q32CF.jpg 720w, https:\/\/s.france24.com\/media\/display\/0c240524-036c-11ef-980a-005056bf30b7\/w:1024\/p:16x9\/000_34Q32CF.jpg 1024w\" sizes=\"(max-width: 639px) calc(100vw - 32px), (max-width: 1076px) calc(100vw - 44px), 850px\" width=\"1024\" height=\"576\" alt=\"Manifestante sostiene un cartel que dice &quot;La educaci\u00f3n no se vende, se defiende&quot;, durante una marcha de protesta por el ajuste presupuestario de las universidades p\u00fablicas, en Buenos Aires, el 23 de abril de 2024.\" loading=\"eager\" class=\"a-img \">\n<\/picture><figcaption class=\"a-figcaption\"> <span>Manifestante sostiene un cartel que dice \u00abLa educaci\u00f3n no se vende, se defiende\u00bb, durante una marcha de protesta por el ajuste presupuestario de las universidades p\u00fablicas, en Buenos Aires, el 23 de abril de 2024.<\/span> <span>\u00a9 AFP &#8211; Luis Robayo<\/span> <\/figcaption><\/figure>\n<\/p><\/div>\n<\/div>\n<p>\u00bfPero no hay nada como que un Peter Thiel se instale en Buenos Aires? A menos que pudieran ser varios. <a href=\"https:\/\/www.france24.com\/es\/tag\/elon-musk\/\" target=\"_self\" class=\"gtm-add-suggested-tag\">Elon Musk<\/a> ha elogiado repetidamente la dr\u00e1stica reducci\u00f3n del gasto p\u00fablico por parte del presidente argentino. Otros directores ejecutivos de <a href=\"https:\/\/www.france24.com\/es\/tag\/silicon-valley\/\" target=\"_self\" class=\"gtm-add-suggested-tag\">Silicon Valley<\/a> podr\u00edan verse tentados a seguir el ejemplo de Peter Thiel.<\/p>\n<p><a href=\"https:\/\/www.france24.com\/es\/tag\/javier-milei\/\" target=\"_self\" class=\"gtm-add-suggested-tag\">Javier Milei<\/a> tambi\u00e9n aprovech\u00f3 la atenci\u00f3n medi\u00e1tica generada por este caso para recordar a todos que su gobierno estaba trabajando en un programa para otorgar la ciudadan\u00eda argentina a inversionistas extranjeros adinerados.<\/p>\n<p class=\"a-read-more\"><span class=\"a-read-more__label\">Leer tambi\u00e9n<\/span><a href=\"https:\/\/www.france24.com\/es\/programas\/revista-de-prensa\/20260327-palantir-el-primer-ganador-de-la-guerra-de-ir\u00e1n-la-vanguardia\" target=\"_self\" class=\"a-read-more__link\">\u00abPalantir, el primer ganador de la guerra de Ir\u00e1n\u00bb: &#8216;La Vanguardia&#8217;<\/a><\/p>\n<h2><strong>Cuando la democracia liberal ya no es suficiente para los magnates tecnol\u00f3gicos<\/strong><\/h2>\n<p>Pero para los expertos entrevistados, Peter Thiel deber\u00eda considerarse una excepci\u00f3n, m\u00e1s que el primero de una larga lista de multimillonarios tentados por Argentina.<\/p>\n<p>De hecho, en la era de la <a href=\"https:\/\/www.france24.com\/es\/tag\/ia\/\" target=\"_self\" class=\"gtm-add-suggested-tag\">IA<\/a> triunfante, \u00abla mayor\u00eda de los directores ejecutivos de <a href=\"https:\/\/www.france24.com\/es\/tag\/silicon-valley\/\" target=\"_self\" class=\"gtm-add-suggested-tag\">Silicon Valley<\/a> que podr\u00edan sentirse atra\u00eddos por la experiencia argentina necesitan estar presentes en Norteam\u00e9rica\u00bb, afirma Anthony Burton. Entre los magnates tecnol\u00f3gicos, \u00abPeter Thiel es uno de los que menos inter\u00e9s tiene en la <a href=\"https:\/\/www.france24.com\/es\/tag\/ia\/\" target=\"_self\" class=\"gtm-add-suggested-tag\">IA<\/a>\u00ab, sostiene este experto.<\/p>\n<p>Sin duda, Palantir trabaja con <a href=\"https:\/\/www.france24.com\/es\/tag\/ia\/\" target=\"_self\" class=\"gtm-add-suggested-tag\">IA<\/a> para explotar sus datos, pero a diferencia de <a href=\"https:\/\/www.france24.com\/es\/tag\/meta\/\" target=\"_self\" class=\"gtm-add-suggested-tag\">Meta<\/a>, <a href=\"https:\/\/www.france24.com\/es\/tag\/google\/\" target=\"_self\" class=\"gtm-add-suggested-tag\">Google<\/a>, xAI, <a href=\"https:\/\/www.france24.com\/es\/tag\/openai\/\" target=\"_self\" class=\"gtm-add-suggested-tag\">OpenAI<\/a> o <a href=\"https:\/\/www.france24.com\/es\/tag\/microsoft\/\" target=\"_self\" class=\"gtm-add-suggested-tag\">Microsoft<\/a>, la compa\u00f1\u00eda no est\u00e1 inmersa en una carrera por los modelos de lenguaje.<\/p>\n<div class=\"m-em-video\">\n<div class=\"o-video-player o-video-player--16x9\" data-media-video-wbmz386485-f24-es-20260424 data-show-hidden-video-player=\"WBMZ386485-F24-ES-20260424\" data-wrapper-video-player data-youtube-script>\n<div class=\"o-em-consent \" readability=\"7\">\n<div class=\"o-em-consent__content\" readability=\"34\">\n<p class=\"o-em-consent__content__text\">Para mostrar este contenido de YouTube, debe autorizar las cookies de medici\u00f3n de audiencia y publicidad.<\/p>\n<p> <button class=\"a-master-button a-master-button--dark\" data-action=\"accept\"> Aceptar <svg class=\"a-svg a-svg--icon-check\"> <use xlink:href=\"\/build\/images\/svg\/sprite.0707ba552ff2585debecbe3f0a0a372a.svg#icon-check\" href=\"\/build\/images\/svg\/sprite.0707ba552ff2585debecbe3f0a0a372a.svg#icon-check\" \/> <\/svg> <\/button> <button class=\"a-link\" data-action=\"manage\">Gestionar mis opciones<i class=\"a-svg a-svg--icon-edit\"><\/i><\/button> <\/div>\n<\/div>\n<div class=\"o-em-adblock\" data-adblock-content readability=\"7\">\n<div class=\"o-em-adblock__content\" readability=\"34\">\n<p class=\"o-em-adblock__content__text\">Una extensi\u00f3n de tu navegador parece estar bloqueando la carga del reproductor de video. Para poder ver este contenido, debes desactivarla en este sitio.<\/p>\n<p> <button class=\"a-master-button a-master-button--dark\" data-action=\"reload\">Reintentar<\/button> <\/div>\n<\/div>\n<figure class=\"m-item-image m-item-image--16x9 m-item-image--has-caption\"> <picture class=\"a-picture a-picture--16x9\"><source type=\"image\/webp\" srcset=\"https:\/\/s.france24.com\/media\/display\/5a77c3c4-2a06-11f1-8a2a-005056bfb2b6\/w:388\/p:16x9\/ES-20260327-122157-122929-CS.webp 388w, https:\/\/s.france24.com\/media\/display\/5a77c3c4-2a06-11f1-8a2a-005056bfb2b6\/w:720\/p:16x9\/ES-20260327-122157-122929-CS.webp 720w, https:\/\/s.france24.com\/media\/display\/5a77c3c4-2a06-11f1-8a2a-005056bfb2b6\/w:1024\/p:16x9\/ES-20260327-122157-122929-CS.webp 1024w\" sizes=\"(max-width: 639px) calc(100vw - 32px), (max-width: 1076px) calc(100vw - 44px), 850px\"><img fetchpriority=\"high\" decoding=\"auto\" src=\"https:\/\/s.france24.com\/media\/display\/5a77c3c4-2a06-11f1-8a2a-005056bfb2b6\/w:1024\/p:16x9\/ES-20260327-122157-122929-CS.jpg\" srcset=\"https:\/\/s.france24.com\/media\/display\/5a77c3c4-2a06-11f1-8a2a-005056bfb2b6\/w:388\/p:16x9\/ES-20260327-122157-122929-CS.jpg 388w, https:\/\/s.france24.com\/media\/display\/5a77c3c4-2a06-11f1-8a2a-005056bfb2b6\/w:720\/p:16x9\/ES-20260327-122157-122929-CS.jpg 720w, https:\/\/s.france24.com\/media\/display\/5a77c3c4-2a06-11f1-8a2a-005056bfb2b6\/w:1024\/p:16x9\/ES-20260327-122157-122929-CS.jpg 1024w\" sizes=\"(max-width: 639px) calc(100vw - 32px), (max-width: 1076px) calc(100vw - 44px), 850px\" width=\"1024\" height=\"576\" alt loading=\"eager\" class=\"a-img \">\n<\/picture><figcaption class=\"a-figcaption\"> <span>\u00a9 France 24<\/span> <\/figcaption><\/figure>\n<\/p><\/div>\n<\/div>\n<p>Peter Thiel tambi\u00e9n es un usuario habitual de lo que el &#8216;New York Times&#8217; denomina residencias de \u00abPlan B\u00bb. Obtuvo la ciudadan\u00eda neozelandesa a principios de la d\u00e9cada de 2010 y solicit\u00f3 un pasaporte malt\u00e9s en 2022.<\/p>\n<p>\u00abExiste un movimiento entre multimillonarios que afirman querer prepararse para una especie de apocalipsis ambiental comprando parcelas de islas, como <a href=\"https:\/\/www.france24.com\/es\/tag\/mark-zuckerberg\/\" target=\"_self\" class=\"gtm-add-suggested-tag\">Mark Zuckerberg<\/a> en <a href=\"https:\/\/www.france24.com\/es\/tag\/haw\u00e1i\/\" target=\"_self\" class=\"gtm-add-suggested-tag\">Haw\u00e1i<\/a>, y construyendo b\u00fankeres. Pero a menudo las motivaciones son mucho m\u00e1s realistas\u00bb, se\u00f1ala Anthony Burton.<\/p>\n<p>Seg\u00fan este experto, la mudanza de Peter Thiel a <a href=\"https:\/\/www.france24.com\/es\/tag\/argentina\/\" target=\"_self\" class=\"gtm-add-suggested-tag\">Argentina<\/a> demuestra que, en \u00faltima instancia, \u00abno se trata tanto de huir de una sociedad que ya no nos conviene, sino de escapar de las estructuras sociales y fiscales de la democracia liberal contempor\u00e1nea. Estas no son lo suficientemente flexibles como para que estas personas poderosas acumulen cada vez m\u00e1s capital y poder sin restricciones\u00bb.<\/p>\n<p>Adaptado de su <a href=\"https:\/\/www.france24.com\/fr\/\u00e9co-tech\/20260601-techxit-pourquoi-peter-thiel-mise-sur-argentine-javier-milei-anarcho-capitaliste-libertarien\" target=\"_self\">versi\u00f3n original en franc\u00e9s<\/a><\/p>\n","protected":false},"excerpt":{"rendered":"<p>Adquiri\u00f3 una casa en uno de los&#46;&#46;&#46;<\/p>\n","protected":false},"author":1,"featured_media":256106,"comment_status":"closed","ping_status":"closed","sticky":false,"template":"","format":"standard","meta":{"_jetpack_newsletter_access":"","_jetpack_dont_email_post_to_subs":false,"_jetpack_newsletter_tier_id":0,"_jetpack_memberships_contains_paywalled_content":false,"_jetpack_feature_clip_id":0,"_jetpack_memberships_contains_paid_content":false,"footnotes":"","jetpack_publicize_message":"","jetpack_publicize_feature_enabled":true,"jetpack_social_post_already_shared":true,"jetpack_social_options":{"image_generator_settings":{"template":"highway","default_image_id":0,"font":"","enabled":false},"version":2},"jetpack_post_was_ever_published":false},"categories":[43],"tags":[],"class_list":["post-256105","post","type-post","status-publish","format-standard","has-post-thumbnail","hentry","category-internacionales"],"yoast_head":"<!-- This site is optimized with the Yoast SEO plugin v28.1 - https:\/\/yoast.com\/product\/yoast-seo-wordpress\/ -->\n<title>\u00bfPor qu\u00e9 Peter Thiel, director de Palantir, apuesta por la Argentina de Javier Milei? - Sarmiento24h<\/title>\n<meta name=\"robots\" content=\"index, follow, max-snippet:-1, max-image-preview:large, max-video-preview:-1\" \/>\n<link rel=\"canonical\" href=\"https:\/\/sarmiento24h.com\/?p=256105\" \/>\n<meta property=\"og:locale\" content=\"es_ES\" \/>\n<meta property=\"og:type\" content=\"article\" \/>\n<meta property=\"og:title\" content=\"\u00bfPor qu\u00e9 Peter Thiel, director de Palantir, apuesta por la Argentina de Javier Milei? - Sarmiento24h\" \/>\n<meta property=\"og:description\" content=\"Adquiri\u00f3 una casa en uno de los&#046;&#046;&#046;\" \/>\n<meta property=\"og:url\" content=\"https:\/\/sarmiento24h.com\/?p=256105\" \/>\n<meta property=\"og:site_name\" content=\"Sarmiento24h\" \/>\n<meta property=\"article:publisher\" content=\"https:\/\/facebook.com\/s24hnoticias\" \/>\n<meta property=\"article:published_time\" content=\"2026-06-02T01:37:02+00:00\" \/>\n<meta property=\"og:image\" content=\"https:\/\/s.france24.com\/media\/display\/adb4bdc0-423f-11f1-b815-005056a90284\/w:1024\/p:16x9\/ES-20260427-081339-082212-CS.jpg\" \/>\n<meta name=\"author\" content=\"sarmiento24h@gmail.com\" \/>\n<meta name=\"twitter:card\" content=\"summary_large_image\" \/>\n<meta name=\"twitter:creator\" content=\"@sarmiento24h\" \/>\n<meta name=\"twitter:site\" content=\"@sarmiento24h\" \/>\n<meta name=\"twitter:label1\" content=\"Escrito por\" \/>\n\t<meta name=\"twitter:data1\" content=\"sarmiento24h@gmail.com\" \/>\n\t<meta name=\"twitter:label2\" content=\"Tiempo de lectura\" \/>\n\t<meta name=\"twitter:data2\" content=\"7 minutos\" \/>\n<script type=\"application\/ld+json\" class=\"yoast-schema-graph\">{\"@context\":\"https:\\\/\\\/schema.org\",\"@graph\":[{\"@type\":\"Article\",\"@id\":\"https:\\\/\\\/sarmiento24h.com\\\/?p=256105#article\",\"isPartOf\":{\"@id\":\"https:\\\/\\\/sarmiento24h.com\\\/?p=256105\"},\"author\":{\"name\":\"sarmiento24h@gmail.com\",\"@id\":\"https:\\\/\\\/sarmiento24h.com\\\/#\\\/schema\\\/person\\\/d653a59725ad629a7e0429af7b939d4d\"},\"headline\":\"\u00bfPor qu\u00e9 Peter Thiel, director de Palantir, apuesta por la Argentina de Javier Milei?\",\"datePublished\":\"2026-06-02T01:37:02+00:00\",\"mainEntityOfPage\":{\"@id\":\"https:\\\/\\\/sarmiento24h.com\\\/?p=256105\"},\"wordCount\":1497,\"publisher\":{\"@id\":\"https:\\\/\\\/sarmiento24h.com\\\/#organization\"},\"image\":{\"@id\":\"https:\\\/\\\/sarmiento24h.com\\\/?p=256105#primaryimage\"},\"thumbnailUrl\":\"https:\\\/\\\/sarmiento24h.com\\\/wp-content\\\/uploads\\\/2026\\\/06\\\/por-que-peter-thiel-director-de-palantir-apuesta-por-la-argentina-de-javier-milei.jpg\",\"articleSection\":[\"Internacionales\"],\"inLanguage\":\"es\"},{\"@type\":\"WebPage\",\"@id\":\"https:\\\/\\\/sarmiento24h.com\\\/?p=256105\",\"url\":\"https:\\\/\\\/sarmiento24h.com\\\/?p=256105\",\"name\":\"\u00bfPor qu\u00e9 Peter Thiel, director de Palantir, apuesta por la Argentina de Javier Milei? - Sarmiento24h\",\"isPartOf\":{\"@id\":\"https:\\\/\\\/sarmiento24h.com\\\/#website\"},\"primaryImageOfPage\":{\"@id\":\"https:\\\/\\\/sarmiento24h.com\\\/?p=256105#primaryimage\"},\"image\":{\"@id\":\"https:\\\/\\\/sarmiento24h.com\\\/?p=256105#primaryimage\"},\"thumbnailUrl\":\"https:\\\/\\\/sarmiento24h.com\\\/wp-content\\\/uploads\\\/2026\\\/06\\\/por-que-peter-thiel-director-de-palantir-apuesta-por-la-argentina-de-javier-milei.jpg\",\"datePublished\":\"2026-06-02T01:37:02+00:00\",\"breadcrumb\":{\"@id\":\"https:\\\/\\\/sarmiento24h.com\\\/?p=256105#breadcrumb\"},\"inLanguage\":\"es\",\"potentialAction\":[{\"@type\":\"ReadAction\",\"target\":[\"https:\\\/\\\/sarmiento24h.com\\\/?p=256105\"]}]},{\"@type\":\"ImageObject\",\"inLanguage\":\"es\",\"@id\":\"https:\\\/\\\/sarmiento24h.com\\\/?p=256105#primaryimage\",\"url\":\"https:\\\/\\\/sarmiento24h.com\\\/wp-content\\\/uploads\\\/2026\\\/06\\\/por-que-peter-thiel-director-de-palantir-apuesta-por-la-argentina-de-javier-milei.jpg\",\"contentUrl\":\"https:\\\/\\\/sarmiento24h.com\\\/wp-content\\\/uploads\\\/2026\\\/06\\\/por-que-peter-thiel-director-de-palantir-apuesta-por-la-argentina-de-javier-milei.jpg\",\"width\":1024,\"height\":576},{\"@type\":\"BreadcrumbList\",\"@id\":\"https:\\\/\\\/sarmiento24h.com\\\/?p=256105#breadcrumb\",\"itemListElement\":[{\"@type\":\"ListItem\",\"position\":1,\"name\":\"Home\",\"item\":\"https:\\\/\\\/sarmiento24h.com\\\/\"},{\"@type\":\"ListItem\",\"position\":2,\"name\":\"\u00bfPor qu\u00e9 Peter Thiel, director de Palantir, apuesta por la Argentina de Javier Milei?\"}]},{\"@type\":\"WebSite\",\"@id\":\"https:\\\/\\\/sarmiento24h.com\\\/#website\",\"url\":\"https:\\\/\\\/sarmiento24h.com\\\/\",\"name\":\"Sarmiento24h\",\"description\":\"\",\"publisher\":{\"@id\":\"https:\\\/\\\/sarmiento24h.com\\\/#organization\"},\"potentialAction\":[{\"@type\":\"SearchAction\",\"target\":{\"@type\":\"EntryPoint\",\"urlTemplate\":\"https:\\\/\\\/sarmiento24h.com\\\/?s={search_term_string}\"},\"query-input\":{\"@type\":\"PropertyValueSpecification\",\"valueRequired\":true,\"valueName\":\"search_term_string\"}}],\"inLanguage\":\"es\"},{\"@type\":\"Organization\",\"@id\":\"https:\\\/\\\/sarmiento24h.com\\\/#organization\",\"name\":\"Sarmiento24h\",\"url\":\"https:\\\/\\\/sarmiento24h.com\\\/\",\"logo\":{\"@type\":\"ImageObject\",\"inLanguage\":\"es\",\"@id\":\"https:\\\/\\\/sarmiento24h.com\\\/#\\\/schema\\\/logo\\\/image\\\/\",\"url\":\"https:\\\/\\\/sarmiento24h.com\\\/wp-content\\\/uploads\\\/2025\\\/12\\\/AddText_12-16-10.30.52.jpg\",\"contentUrl\":\"https:\\\/\\\/sarmiento24h.com\\\/wp-content\\\/uploads\\\/2025\\\/12\\\/AddText_12-16-10.30.52.jpg\",\"width\":1220,\"height\":324,\"caption\":\"Sarmiento24h\"},\"image\":{\"@id\":\"https:\\\/\\\/sarmiento24h.com\\\/#\\\/schema\\\/logo\\\/image\\\/\"},\"sameAs\":[\"https:\\\/\\\/facebook.com\\\/s24hnoticias\",\"https:\\\/\\\/x.com\\\/sarmiento24h\"]},{\"@type\":\"Person\",\"@id\":\"https:\\\/\\\/sarmiento24h.com\\\/#\\\/schema\\\/person\\\/d653a59725ad629a7e0429af7b939d4d\",\"name\":\"sarmiento24h@gmail.com\",\"image\":{\"@type\":\"ImageObject\",\"inLanguage\":\"es\",\"@id\":\"https:\\\/\\\/sarmiento24h.com\\\/wp-content\\\/litespeed\\\/avatar\\\/d02cbc4e23c747e6659cd45907173c8f.jpg?ver=1788047690\",\"url\":\"https:\\\/\\\/sarmiento24h.com\\\/wp-content\\\/litespeed\\\/avatar\\\/d02cbc4e23c747e6659cd45907173c8f.jpg?ver=1788047690\",\"contentUrl\":\"https:\\\/\\\/sarmiento24h.com\\\/wp-content\\\/litespeed\\\/avatar\\\/d02cbc4e23c747e6659cd45907173c8f.jpg?ver=1788047690\",\"caption\":\"sarmiento24h@gmail.com\"},\"sameAs\":[\"https:\\\/\\\/sarmiento24h.com\"],\"url\":\"https:\\\/\\\/sarmiento24h.com\\\/?author=1\"}]}<\/script>\n<!-- \/ Yoast SEO plugin. -->","yoast_head_json":{"title":"\u00bfPor qu\u00e9 Peter Thiel, director de Palantir, apuesta por la Argentina de Javier Milei? - Sarmiento24h","robots":{"index":"index","follow":"follow","max-snippet":"max-snippet:-1","max-image-preview":"max-image-preview:large","max-video-preview":"max-video-preview:-1"},"canonical":"https:\/\/sarmiento24h.com\/?p=256105","og_locale":"es_ES","og_type":"article","og_title":"\u00bfPor qu\u00e9 Peter Thiel, director de Palantir, apuesta por la Argentina de Javier Milei? - Sarmiento24h","og_description":"Adquiri\u00f3 una casa en uno de los&#46;&#46;&#46;","og_url":"https:\/\/sarmiento24h.com\/?p=256105","og_site_name":"Sarmiento24h","article_publisher":"https:\/\/facebook.com\/s24hnoticias","article_published_time":"2026-06-02T01:37:02+00:00","og_image":[{"url":"https:\/\/s.france24.com\/media\/display\/adb4bdc0-423f-11f1-b815-005056a90284\/w:1024\/p:16x9\/ES-20260427-081339-082212-CS.jpg","type":"","width":"","height":""}],"author":"sarmiento24h@gmail.com","twitter_card":"summary_large_image","twitter_creator":"@sarmiento24h","twitter_site":"@sarmiento24h","twitter_misc":{"Escrito por":"sarmiento24h@gmail.com","Tiempo de lectura":"7 minutos"},"schema":{"@context":"https:\/\/schema.org","@graph":[{"@type":"Article","@id":"https:\/\/sarmiento24h.com\/?p=256105#article","isPartOf":{"@id":"https:\/\/sarmiento24h.com\/?p=256105"},"author":{"name":"sarmiento24h@gmail.com","@id":"https:\/\/sarmiento24h.com\/#\/schema\/person\/d653a59725ad629a7e0429af7b939d4d"},"headline":"\u00bfPor qu\u00e9 Peter Thiel, director de Palantir, apuesta por la Argentina de Javier Milei?","datePublished":"2026-06-02T01:37:02+00:00","mainEntityOfPage":{"@id":"https:\/\/sarmiento24h.com\/?p=256105"},"wordCount":1497,"publisher":{"@id":"https:\/\/sarmiento24h.com\/#organization"},"image":{"@id":"https:\/\/sarmiento24h.com\/?p=256105#primaryimage"},"thumbnailUrl":"https:\/\/sarmiento24h.com\/wp-content\/uploads\/2026\/06\/por-que-peter-thiel-director-de-palantir-apuesta-por-la-argentina-de-javier-milei.jpg","articleSection":["Internacionales"],"inLanguage":"es"},{"@type":"WebPage","@id":"https:\/\/sarmiento24h.com\/?p=256105","url":"https:\/\/sarmiento24h.com\/?p=256105","name":"\u00bfPor qu\u00e9 Peter Thiel, director de Palantir, apuesta por la Argentina de Javier Milei? - Sarmiento24h","isPartOf":{"@id":"https:\/\/sarmiento24h.com\/#website"},"primaryImageOfPage":{"@id":"https:\/\/sarmiento24h.com\/?p=256105#primaryimage"},"image":{"@id":"https:\/\/sarmiento24h.com\/?p=256105#primaryimage"},"thumbnailUrl":"https:\/\/sarmiento24h.com\/wp-content\/uploads\/2026\/06\/por-que-peter-thiel-director-de-palantir-apuesta-por-la-argentina-de-javier-milei.jpg","datePublished":"2026-06-02T01:37:02+00:00","breadcrumb":{"@id":"https:\/\/sarmiento24h.com\/?p=256105#breadcrumb"},"inLanguage":"es","potentialAction":[{"@type":"ReadAction","target":["https:\/\/sarmiento24h.com\/?p=256105"]}]},{"@type":"ImageObject","inLanguage":"es","@id":"https:\/\/sarmiento24h.com\/?p=256105#primaryimage","url":"https:\/\/sarmiento24h.com\/wp-content\/uploads\/2026\/06\/por-que-peter-thiel-director-de-palantir-apuesta-por-la-argentina-de-javier-milei.jpg","contentUrl":"https:\/\/sarmiento24h.com\/wp-content\/uploads\/2026\/06\/por-que-peter-thiel-director-de-palantir-apuesta-por-la-argentina-de-javier-milei.jpg","width":1024,"height":576},{"@type":"BreadcrumbList","@id":"https:\/\/sarmiento24h.com\/?p=256105#breadcrumb","itemListElement":[{"@type":"ListItem","position":1,"name":"Home","item":"https:\/\/sarmiento24h.com\/"},{"@type":"ListItem","position":2,"name":"\u00bfPor qu\u00e9 Peter Thiel, director de Palantir, apuesta por la Argentina de Javier Milei?"}]},{"@type":"WebSite","@id":"https:\/\/sarmiento24h.com\/#website","url":"https:\/\/sarmiento24h.com\/","name":"Sarmiento24h","description":"","publisher":{"@id":"https:\/\/sarmiento24h.com\/#organization"},"potentialAction":[{"@type":"SearchAction","target":{"@type":"EntryPoint","urlTemplate":"https:\/\/sarmiento24h.com\/?s={search_term_string}"},"query-input":{"@type":"PropertyValueSpecification","valueRequired":true,"valueName":"search_term_string"}}],"inLanguage":"es"},{"@type":"Organization","@id":"https:\/\/sarmiento24h.com\/#organization","name":"Sarmiento24h","url":"https:\/\/sarmiento24h.com\/","logo":{"@type":"ImageObject","inLanguage":"es","@id":"https:\/\/sarmiento24h.com\/#\/schema\/logo\/image\/","url":"https:\/\/sarmiento24h.com\/wp-content\/uploads\/2025\/12\/AddText_12-16-10.30.52.jpg","contentUrl":"https:\/\/sarmiento24h.com\/wp-content\/uploads\/2025\/12\/AddText_12-16-10.30.52.jpg","width":1220,"height":324,"caption":"Sarmiento24h"},"image":{"@id":"https:\/\/sarmiento24h.com\/#\/schema\/logo\/image\/"},"sameAs":["https:\/\/facebook.com\/s24hnoticias","https:\/\/x.com\/sarmiento24h"]},{"@type":"Person","@id":"https:\/\/sarmiento24h.com\/#\/schema\/person\/d653a59725ad629a7e0429af7b939d4d","name":"sarmiento24h@gmail.com","image":{"@type":"ImageObject","inLanguage":"es","@id":"https:\/\/sarmiento24h.com\/wp-content\/litespeed\/avatar\/d02cbc4e23c747e6659cd45907173c8f.jpg?ver=1788047690","url":"https:\/\/sarmiento24h.com\/wp-content\/litespeed\/avatar\/d02cbc4e23c747e6659cd45907173c8f.jpg?ver=1788047690","contentUrl":"https:\/\/sarmiento24h.com\/wp-content\/litespeed\/avatar\/d02cbc4e23c747e6659cd45907173c8f.jpg?ver=1788047690","caption":"sarmiento24h@gmail.com"},"sameAs":["https:\/\/sarmiento24h.com"],"url":"https:\/\/sarmiento24h.com\/?author=1"}]}},"jetpack_publicize_connections":[],"jetpack_featured_media_url":"https:\/\/sarmiento24h.com\/wp-content\/uploads\/2026\/06\/por-que-peter-thiel-director-de-palantir-apuesta-por-la-argentina-de-javier-milei.jpg","jetpack_sharing_enabled":true,"_links":{"self":[{"href":"https:\/\/sarmiento24h.com\/index.php?rest_route=\/wp\/v2\/posts\/256105","targetHints":{"allow":["GET"]}}],"collection":[{"href":"https:\/\/sarmiento24h.com\/index.php?rest_route=\/wp\/v2\/posts"}],"about":[{"href":"https:\/\/sarmiento24h.com\/index.php?rest_route=\/wp\/v2\/types\/post"}],"author":[{"embeddable":true,"href":"https:\/\/sarmiento24h.com\/index.php?rest_route=\/wp\/v2\/users\/1"}],"replies":[{"embeddable":true,"href":"https:\/\/sarmiento24h.com\/index.php?rest_route=%2Fwp%2Fv2%2Fcomments&post=256105"}],"version-history":[{"count":0,"href":"https:\/\/sarmiento24h.com\/index.php?rest_route=\/wp\/v2\/posts\/256105\/revisions"}],"wp:featuredmedia":[{"embeddable":true,"href":"https:\/\/sarmiento24h.com\/index.php?rest_route=\/wp\/v2\/media\/256106"}],"wp:attachment":[{"href":"https:\/\/sarmiento24h.com\/index.php?rest_route=%2Fwp%2Fv2%2Fmedia&parent=256105"}],"wp:term":[{"taxonomy":"category","embeddable":true,"href":"https:\/\/sarmiento24h.com\/index.php?rest_route=%2Fwp%2Fv2%2Fcategories&post=256105"},{"taxonomy":"post_tag","embeddable":true,"href":"https:\/\/sarmiento24h.com\/index.php?rest_route=%2Fwp%2Fv2%2Ftags&post=256105"}],"curies":[{"name":"wp","href":"https:\/\/api.w.org\/{rel}","templated":true}]}}