{"id":30018,"date":"2026-02-26T02:44:06","date_gmt":"2026-02-26T02:44:06","guid":{"rendered":"http:\/\/e15ebc9a-1290-11f1-9477-fba27dd67c2c"},"modified":"2026-02-26T02:44:06","modified_gmt":"2026-02-26T02:44:06","slug":"tejero-el-lider-golpista-espanol-que-murio-el-dia-en-que-el-gobierno-desclasifico-archivos-del-23-f","status":"publish","type":"post","link":"https:\/\/sarmiento24h.com\/?p=30018","title":{"rendered":"Tejero, el l\u00edder golpista espa\u00f1ol que muri\u00f3 el d\u00eda en que el Gobierno desclasific\u00f3 archivos del 23-F"},"content":{"rendered":"<p>El ex guardia civil Antonio Tejero, l\u00edder de la intentona golpista de febrero de 1981 en <a href=\"https:\/\/www.france24.com\/es\/tag\/espa\u00f1a\/\" target=\"_self\" class=\"gtm-add-suggested-tag\">Espa\u00f1a<\/a>, falleci\u00f3 este mi\u00e9rcoles a los 93 a\u00f1os en la localidad valenciana de Alzira, en la costa mediterr\u00e1nea espa\u00f1ola.<\/p>\n<p>\u00abQuiero comunicaros con profundo dolor que hoy, 25 de Febrero del 2026, mi padre: Antonio Tejero Molina ha fallecido en compa\u00f1\u00eda de todos sus hijos. Habiendo recibido los \u00faltimos sacramentos y la bendici\u00f3n de su santidad <a href=\"https:\/\/www.france24.com\/es\/tag\/le\u00f3n-xiv\/\" target=\"_self\" class=\"gtm-add-suggested-tag\">Le\u00f3n XIV<\/a>. Doy infinitas Gracias a Dios por su vida entregada y generosa para con Dios, <a href=\"https:\/\/www.france24.com\/es\/tag\/espa\u00f1a\/\" target=\"_self\" class=\"gtm-add-suggested-tag\">Espa\u00f1a<\/a> y su familia. Ruego una oraci\u00f3n por su eterno descanso. Gracias\u00bb, reza el comunicado publicado por sus familiares.<\/p>\n<p>El 23 de octubre de 2025 circul\u00f3 el rumor de que hab\u00eda muerto, como algunos medios de comunicaci\u00f3n llegaron a publicar, y su familia sali\u00f3 a desmentir la noticia a trav\u00e9s de otro comunicado.&nbsp;<\/p>\n<p>Su deceso coincide, de manera simb\u00f3lica, con la apertura de una de las cajas negras de la democracia espa\u00f1ola. Concretamente, el mismo d\u00eda en que el <a href=\"https:\/\/www.france24.com\/es\/tag\/gobierno\/\" target=\"_self\" class=\"gtm-add-suggested-tag\">Gobierno<\/a> liderado por Pedro S\u00e1nchez public\u00f3 los archivos desclasificados del 23-F.<\/p>\n<p class=\"a-read-more\"><span class=\"a-read-more__label\">Leer tambi\u00e9n<\/span><a href=\"https:\/\/www.france24.com\/es\/europa\/20260225-disparar-a-matar-lo-que-revelan-los-archivos-desclasificados-sobre-el-intento-golpista-de-1981-en-espa\u00f1a\" target=\"_self\" class=\"a-read-more__link\">\u00abDisparar a matar\u00bb: lo que revelan los archivos desclasificados sobre el intento golpista de 1981 en Espa\u00f1a<\/a><\/p>\n<p>El ex teniente coronel de la Guardia Civil fue la cara visible del intento frustrado de golpe de Estado. Pistola en mano, tricornio -sombrero asociado a ese cuerpo policial- y gritos de \u201c\u00a1Quieto todo el mundo!\u201d, esa imagen qued\u00f3 fijada en la memoria colectiva como la amenaza m\u00e1s poderosa surgida tras la muerte del dictador <a href=\"https:\/\/www.france24.com\/es\/tag\/francisco-franco\/\" target=\"_self\" class=\"gtm-add-suggested-tag\">Francisco Franco<\/a>, en un momento en el que la democracia todav\u00eda estaba en <a href=\"https:\/\/www.france24.com\/es\/tag\/reconstrucci\u00f3n\/\" target=\"_self\" class=\"gtm-add-suggested-tag\">reconstrucci\u00f3n<\/a> desde finales de 1978.<\/p>\n<p>Nacido en el sur de <a href=\"https:\/\/www.france24.com\/es\/tag\/espa\u00f1a\/\" target=\"_self\" class=\"gtm-add-suggested-tag\">Espa\u00f1a<\/a> en 1932, Antonio Tejero Molina inici\u00f3 su carrera en la Guardia Civil en 1951, un cuerpo de polic\u00edas que atraves\u00f3 la <a href=\"https:\/\/www.france24.com\/es\/tag\/transici\u00f3n\/\" target=\"_self\" class=\"gtm-add-suggested-tag\">Transici\u00f3n<\/a> de la <a href=\"https:\/\/www.france24.com\/es\/tag\/dictadura\/\" target=\"_self\" class=\"gtm-add-suggested-tag\">dictadura<\/a> a la democracia con tensiones internas y cierta persistencia al autoritarismo.<\/p>\n<p>Tejero fue fiel a Franco. Su ideolog\u00eda, expl\u00edcitamente franquista, se construy\u00f3 sobre el \u201corden\u201d, la unidad de Espa\u00f1a y una visi\u00f3n militarizada del poder, alejada de los valores democr\u00e1ticos.<\/p>\n<p>Antes del 23-F, Tejero ya hab\u00eda intentado asaltar el mando. En 1978 particip\u00f3 en la llamada \u2018Operaci\u00f3n Galaxia\u2019, un intento fallido de conspiraci\u00f3n golpista por el que fue condenado a siete meses de c\u00e1rcel en 1980.<\/p>\n<p>La estrategia pasaba por asaltar al <a href=\"https:\/\/www.france24.com\/es\/tag\/gobierno\/\" target=\"_self\" class=\"gtm-add-suggested-tag\">Gobierno<\/a> durante una reuni\u00f3n en el Palacio de la Moncloa, sede presidencial, y secuestrar al entonces mandatario, Adolfo Su\u00e1rez. Una operaci\u00f3n frustrada llevada a cabo junto a otro comandante que fue posteriormente asesinado por el grupo terrorista <a href=\"https:\/\/www.france24.com\/es\/tag\/eta\/\" target=\"_self\" class=\"gtm-add-suggested-tag\">ETA<\/a> en 1986.<\/p>\n<p>Ese episodio, lejos de apartarlo de cualquier tentaci\u00f3n insurreccional, reforz\u00f3 su percepci\u00f3n de impunidad y su convicci\u00f3n de que muchos sectores del <a href=\"https:\/\/www.france24.com\/es\/tag\/ej\u00e9rcito\/\" target=\"_self\" class=\"gtm-add-suggested-tag\">Ej\u00e9rcito<\/a> compart\u00edan su visi\u00f3n: que la democracia era d\u00e9bil y que era necesaria una intervenci\u00f3n \u201csalvadora\u201d.<\/p>\n<h2><strong>23 de febrero de 1981, el golpe que no fue<\/strong><\/h2>\n<p>El 23 de febrero de 1981, mientras el <a href=\"https:\/\/www.france24.com\/es\/tag\/congreso\/\" target=\"_self\" class=\"gtm-add-suggested-tag\">Congreso<\/a> votaba la investidura de Leopoldo Calvo-Sotelo como nuevo presidente del Gobierno espa\u00f1ol, Tejero encabez\u00f3 un grupo de guardias civiles armados e irrumpi\u00f3 en el hemiciclo a grito de \u201c\u00a1Quieto todo el mundo!\u201d y \u00a1Se sienten, co\u00f1o!\u201d, mientras otros polic\u00edas disparaban a la c\u00fapula del edificio.<\/p>\n<p>Durante casi 18 horas, diputados y miembros del Gobierno permanecieron retenidos bajo la amenaza del fuego. Fuera del <a href=\"https:\/\/www.france24.com\/es\/tag\/congreso\/\" target=\"_self\" class=\"gtm-add-suggested-tag\">Congreso<\/a>, la confusi\u00f3n era total. Algunas capitan\u00edas generales dudaban, otras esperaban instrucciones, y el pa\u00eds entero qued\u00f3 suspendido a la espera de un desenlace incierto, que concluy\u00f3 con un mensaje televisado del entonces rey <a href=\"https:\/\/www.france24.com\/es\/tag\/juan-carlos-i\/\" target=\"_self\" class=\"gtm-add-suggested-tag\">Juan Carlos I<\/a>, reafirmando su compromiso con la <a href=\"https:\/\/www.france24.com\/es\/tag\/constituci\u00f3n\/\" target=\"_self\" class=\"gtm-add-suggested-tag\">Constituci\u00f3n<\/a>.<\/p>\n<div class=\"m-em-image\">\n<figure class=\"m-item-image m-item-image--original m-item-image--has-caption\"> <picture class=\"a-picture a-picture--original\"><source type=\"image\/webp\" srcset=\"https:\/\/s.france24.com\/media\/display\/3cc5b708-1266-11f1-aff1-005056bfb2b6\/w:246\/8000501372001w.webp 246w, https:\/\/s.france24.com\/media\/display\/3cc5b708-1266-11f1-aff1-005056bfb2b6\/w:388\/8000501372001w.webp 388w, https:\/\/s.france24.com\/media\/display\/3cc5b708-1266-11f1-aff1-005056bfb2b6\/w:720\/8000501372001w.webp 720w, https:\/\/s.france24.com\/media\/display\/3cc5b708-1266-11f1-aff1-005056bfb2b6\/w:980\/8000501372001w.webp 980w\" sizes=\"(max-width: 1023px) calc(100vw - 32px), (min-width: 1024px) 850px\"><img fetchpriority=\"low\" decoding=\"async\" src=\"https:\/\/sarmiento24h.com\/wp-content\/uploads\/2026\/02\/tejero-el-lider-golpista-espanol-que-murio-el-dia-en-que-el-gobierno-desclasifico-archivos-del-23-f.jpg\" srcset=\"https:\/\/sarmiento24h.com\/wp-content\/uploads\/2026\/02\/tejero-el-lider-golpista-espanol-que-murio-el-dia-en-que-el-gobierno-desclasifico-archivos-del-23-f-1.jpg 246w, https:\/\/sarmiento24h.com\/wp-content\/uploads\/2026\/02\/tejero-el-lider-golpista-espanol-que-murio-el-dia-en-que-el-gobierno-desclasifico-archivos-del-23-f-2.jpg 388w, https:\/\/sarmiento24h.com\/wp-content\/uploads\/2026\/02\/tejero-el-lider-golpista-espanol-que-murio-el-dia-en-que-el-gobierno-desclasifico-archivos-del-23-f-3.jpg 720w, https:\/\/sarmiento24h.com\/wp-content\/uploads\/2026\/02\/tejero-el-lider-golpista-espanol-que-murio-el-dia-en-que-el-gobierno-desclasifico-archivos-del-23-f.jpg 980w\" sizes=\"(max-width: 1023px) calc(100vw - 32px), (min-width: 1024px) 850px\" alt=\"El teniente coronel Antonio Tejero irrumpe, pistola en mano, en el Congreso de los Diputados durante la segunda votaci\u00f3n de investidura de Leopoldo Calvo Sotelo como presidente del Gobierno de Espa\u00f1a, el 23 de febrero de 1981.\" loading=\"lazy\" class=\"a-img \">\n<\/picture><figcaption class=\"a-figcaption\"> <span>El teniente coronel Antonio Tejero irrumpe, pistola en mano, en el Congreso de los Diputados durante la segunda votaci\u00f3n de investidura de Leopoldo Calvo Sotelo como presidente del Gobierno de Espa\u00f1a, el 23 de febrero de 1981.<\/span> <span>EFE &#8211; MANUEL HERNANDEZ DE LEON<\/span> <\/figcaption><\/figure>\n<\/p><\/div>\n<p>Cuando el golpe fracas\u00f3, Tejero qued\u00f3 expuesto como el rostro visible de una conspiraci\u00f3n fallida. Fue detenido, juzgado y condenado en 1982 a 30 a\u00f1os de prisi\u00f3n por <a href=\"https:\/\/www.france24.com\/es\/tag\/rebeli\u00f3n\/\" target=\"_self\" class=\"gtm-add-suggested-tag\">rebeli\u00f3n<\/a> militar. Cumpli\u00f3 15 a\u00f1os y nueve meses tras las rejas antes de salir en libertad condicional en 1996, pero nunca mostr\u00f3 arrepentimiento. Hasta el final de su vida defendi\u00f3 la legitimidad de su actuaci\u00f3n y sostuvo que actu\u00f3 por <a href=\"https:\/\/www.france24.com\/es\/tag\/patriotismo\/\" target=\"_self\" class=\"gtm-add-suggested-tag\">patriotismo<\/a>.<\/p>\n<p>Tras su puesta en libertad, apenas regres\u00f3 a la vida p\u00fablica. Sus posiciones contra el independentismo y soberanismo catal\u00e1n marcaron sus pocas apariciones, con una denuncia en 2012 contra el entonces l\u00edder de <a href=\"https:\/\/www.france24.com\/es\/tag\/catalu\u00f1a\/\" target=\"_self\" class=\"gtm-add-suggested-tag\">Catalu\u00f1a<\/a>, Artur Mas, por presunta \u201cconspiraci\u00f3n y proposici\u00f3n para la sedici\u00f3n\u201d, y m\u00e1s tarde, en 2023, tambi\u00e9n denunci\u00f3 a <a href=\"https:\/\/www.france24.com\/es\/tag\/pedro-s\u00e1nchez\/\" target=\"_self\" class=\"gtm-add-suggested-tag\">Pedro S\u00e1nchez<\/a> por \u201ctraici\u00f3n a Espa\u00f1a\u201d luego de negociar su investidura con partidos soberanistas vascos y catalanes.<\/p>\n<p>El ex teniente coronel fue visto por \u00faltima vez, no obstante, en 2019, cuando compareci\u00f3 en la ceremonia de inhumaci\u00f3n de <a href=\"https:\/\/www.france24.com\/es\/tag\/francisco-franco\/\" target=\"_self\" class=\"gtm-add-suggested-tag\">Francisco Franco<\/a> luego de ser exhumado del controvertido <a href=\"https:\/\/www.france24.com\/es\/tag\/valle-de-los-ca\u00eddos\/\" target=\"_self\" class=\"gtm-add-suggested-tag\">Valle de los Ca\u00eddos<\/a>.&nbsp;<\/p>\n<p>Antonio Tejero muri\u00f3 sin pedir perd\u00f3n y sin haber sido olvidado, pero desde este mi\u00e9rcoles, los espa\u00f1oles y el mundo tienen acceso a los documentos desclasificados de uno de los episodios m\u00e1s complejos de la <a href=\"https:\/\/www.france24.com\/es\/tag\/transici\u00f3n\/\" target=\"_self\" class=\"gtm-add-suggested-tag\">Transici\u00f3n<\/a> espa\u00f1ola, del que fue protagonista.<\/p>\n<p>Con EFE y medios locales<\/p>\n","protected":false},"excerpt":{"rendered":"<p>El ex guardia civil Antonio Tejero, l\u00edder&#46;&#46;&#46;<\/p>\n","protected":false},"author":1,"featured_media":30019,"comment_status":"closed","ping_status":"closed","sticky":false,"template":"","format":"standard","meta":{"_jetpack_memberships_contains_paid_content":false,"footnotes":"","jetpack_publicize_message":"","jetpack_publicize_feature_enabled":true,"jetpack_social_post_already_shared":true,"jetpack_social_options":{"image_generator_settings":{"template":"highway","default_image_id":0,"font":"","enabled":false},"version":2}},"categories":[43],"tags":[],"class_list":["post-30018","post","type-post","status-publish","format-standard","has-post-thumbnail","hentry","category-internacionales"],"yoast_head":"<!-- This site is optimized with the Yoast SEO plugin v27.3 - https:\/\/yoast.com\/product\/yoast-seo-wordpress\/ -->\n<title>Tejero, el l\u00edder golpista espa\u00f1ol que muri\u00f3 el d\u00eda en que el Gobierno desclasific\u00f3 archivos del 23-F - Sarmiento24h<\/title>\n<meta name=\"robots\" content=\"index, follow, max-snippet:-1, max-image-preview:large, max-video-preview:-1\" \/>\n<link rel=\"canonical\" href=\"https:\/\/sarmiento24h.com\/?p=30018\" \/>\n<meta property=\"og:locale\" content=\"es_ES\" \/>\n<meta property=\"og:type\" content=\"article\" \/>\n<meta property=\"og:title\" content=\"Tejero, el l\u00edder golpista espa\u00f1ol que muri\u00f3 el d\u00eda en que el Gobierno desclasific\u00f3 archivos del 23-F - Sarmiento24h\" \/>\n<meta property=\"og:description\" content=\"El ex guardia civil Antonio Tejero, l\u00edder&#046;&#046;&#046;\" \/>\n<meta property=\"og:url\" content=\"https:\/\/sarmiento24h.com\/?p=30018\" \/>\n<meta property=\"og:site_name\" content=\"Sarmiento24h\" \/>\n<meta property=\"article:publisher\" content=\"https:\/\/facebook.com\/s24hnoticias\" \/>\n<meta property=\"article:published_time\" content=\"2026-02-26T02:44:06+00:00\" \/>\n<meta property=\"og:image\" content=\"https:\/\/sarmiento24h.com\/wp-content\/uploads\/2026\/02\/tejero-el-lider-golpista-espanol-que-murio-el-dia-en-que-el-gobierno-desclasifico-archivos-del-23-f.jpg\" \/>\n\t<meta property=\"og:image:width\" content=\"980\" \/>\n\t<meta property=\"og:image:height\" content=\"766\" \/>\n\t<meta property=\"og:image:type\" content=\"image\/jpeg\" \/>\n<meta name=\"author\" content=\"sarmiento24h@gmail.com\" \/>\n<meta name=\"twitter:card\" content=\"summary_large_image\" \/>\n<meta name=\"twitter:creator\" content=\"@sarmiento24h\" \/>\n<meta name=\"twitter:site\" content=\"@sarmiento24h\" \/>\n<meta name=\"twitter:label1\" content=\"Escrito por\" \/>\n\t<meta name=\"twitter:data1\" content=\"sarmiento24h@gmail.com\" \/>\n\t<meta name=\"twitter:label2\" content=\"Tiempo de lectura\" \/>\n\t<meta name=\"twitter:data2\" content=\"5 minutos\" \/>\n<script type=\"application\/ld+json\" class=\"yoast-schema-graph\">{\"@context\":\"https:\\\/\\\/schema.org\",\"@graph\":[{\"@type\":\"Article\",\"@id\":\"https:\\\/\\\/sarmiento24h.com\\\/?p=30018#article\",\"isPartOf\":{\"@id\":\"https:\\\/\\\/sarmiento24h.com\\\/?p=30018\"},\"author\":{\"name\":\"sarmiento24h@gmail.com\",\"@id\":\"https:\\\/\\\/sarmiento24h.com\\\/#\\\/schema\\\/person\\\/d653a59725ad629a7e0429af7b939d4d\"},\"headline\":\"Tejero, el l\u00edder golpista espa\u00f1ol que muri\u00f3 el d\u00eda en que el Gobierno desclasific\u00f3 archivos del 23-F\",\"datePublished\":\"2026-02-26T02:44:06+00:00\",\"mainEntityOfPage\":{\"@id\":\"https:\\\/\\\/sarmiento24h.com\\\/?p=30018\"},\"wordCount\":922,\"publisher\":{\"@id\":\"https:\\\/\\\/sarmiento24h.com\\\/#organization\"},\"image\":{\"@id\":\"https:\\\/\\\/sarmiento24h.com\\\/?p=30018#primaryimage\"},\"thumbnailUrl\":\"https:\\\/\\\/sarmiento24h.com\\\/wp-content\\\/uploads\\\/2026\\\/02\\\/tejero-el-lider-golpista-espanol-que-murio-el-dia-en-que-el-gobierno-desclasifico-archivos-del-23-f.jpg\",\"articleSection\":[\"Internacionales\"],\"inLanguage\":\"es\"},{\"@type\":\"WebPage\",\"@id\":\"https:\\\/\\\/sarmiento24h.com\\\/?p=30018\",\"url\":\"https:\\\/\\\/sarmiento24h.com\\\/?p=30018\",\"name\":\"Tejero, el l\u00edder golpista espa\u00f1ol que muri\u00f3 el d\u00eda en que el Gobierno desclasific\u00f3 archivos del 23-F - Sarmiento24h\",\"isPartOf\":{\"@id\":\"https:\\\/\\\/sarmiento24h.com\\\/#website\"},\"primaryImageOfPage\":{\"@id\":\"https:\\\/\\\/sarmiento24h.com\\\/?p=30018#primaryimage\"},\"image\":{\"@id\":\"https:\\\/\\\/sarmiento24h.com\\\/?p=30018#primaryimage\"},\"thumbnailUrl\":\"https:\\\/\\\/sarmiento24h.com\\\/wp-content\\\/uploads\\\/2026\\\/02\\\/tejero-el-lider-golpista-espanol-que-murio-el-dia-en-que-el-gobierno-desclasifico-archivos-del-23-f.jpg\",\"datePublished\":\"2026-02-26T02:44:06+00:00\",\"breadcrumb\":{\"@id\":\"https:\\\/\\\/sarmiento24h.com\\\/?p=30018#breadcrumb\"},\"inLanguage\":\"es\",\"potentialAction\":[{\"@type\":\"ReadAction\",\"target\":[\"https:\\\/\\\/sarmiento24h.com\\\/?p=30018\"]}]},{\"@type\":\"ImageObject\",\"inLanguage\":\"es\",\"@id\":\"https:\\\/\\\/sarmiento24h.com\\\/?p=30018#primaryimage\",\"url\":\"https:\\\/\\\/sarmiento24h.com\\\/wp-content\\\/uploads\\\/2026\\\/02\\\/tejero-el-lider-golpista-espanol-que-murio-el-dia-en-que-el-gobierno-desclasifico-archivos-del-23-f.jpg\",\"contentUrl\":\"https:\\\/\\\/sarmiento24h.com\\\/wp-content\\\/uploads\\\/2026\\\/02\\\/tejero-el-lider-golpista-espanol-que-murio-el-dia-en-que-el-gobierno-desclasifico-archivos-del-23-f.jpg\",\"width\":980,\"height\":766},{\"@type\":\"BreadcrumbList\",\"@id\":\"https:\\\/\\\/sarmiento24h.com\\\/?p=30018#breadcrumb\",\"itemListElement\":[{\"@type\":\"ListItem\",\"position\":1,\"name\":\"Home\",\"item\":\"https:\\\/\\\/sarmiento24h.com\\\/\"},{\"@type\":\"ListItem\",\"position\":2,\"name\":\"Tejero, el l\u00edder golpista espa\u00f1ol que muri\u00f3 el d\u00eda en que el Gobierno desclasific\u00f3 archivos del 23-F\"}]},{\"@type\":\"WebSite\",\"@id\":\"https:\\\/\\\/sarmiento24h.com\\\/#website\",\"url\":\"https:\\\/\\\/sarmiento24h.com\\\/\",\"name\":\"Sarmiento24h\",\"description\":\"\",\"publisher\":{\"@id\":\"https:\\\/\\\/sarmiento24h.com\\\/#organization\"},\"potentialAction\":[{\"@type\":\"SearchAction\",\"target\":{\"@type\":\"EntryPoint\",\"urlTemplate\":\"https:\\\/\\\/sarmiento24h.com\\\/?s={search_term_string}\"},\"query-input\":{\"@type\":\"PropertyValueSpecification\",\"valueRequired\":true,\"valueName\":\"search_term_string\"}}],\"inLanguage\":\"es\"},{\"@type\":\"Organization\",\"@id\":\"https:\\\/\\\/sarmiento24h.com\\\/#organization\",\"name\":\"Sarmiento24h\",\"url\":\"https:\\\/\\\/sarmiento24h.com\\\/\",\"logo\":{\"@type\":\"ImageObject\",\"inLanguage\":\"es\",\"@id\":\"https:\\\/\\\/sarmiento24h.com\\\/#\\\/schema\\\/logo\\\/image\\\/\",\"url\":\"https:\\\/\\\/sarmiento24h.com\\\/wp-content\\\/uploads\\\/2025\\\/12\\\/AddText_12-16-10.30.52.jpg\",\"contentUrl\":\"https:\\\/\\\/sarmiento24h.com\\\/wp-content\\\/uploads\\\/2025\\\/12\\\/AddText_12-16-10.30.52.jpg\",\"width\":1220,\"height\":324,\"caption\":\"Sarmiento24h\"},\"image\":{\"@id\":\"https:\\\/\\\/sarmiento24h.com\\\/#\\\/schema\\\/logo\\\/image\\\/\"},\"sameAs\":[\"https:\\\/\\\/facebook.com\\\/s24hnoticias\",\"https:\\\/\\\/x.com\\\/sarmiento24h\"]},{\"@type\":\"Person\",\"@id\":\"https:\\\/\\\/sarmiento24h.com\\\/#\\\/schema\\\/person\\\/d653a59725ad629a7e0429af7b939d4d\",\"name\":\"sarmiento24h@gmail.com\",\"image\":{\"@type\":\"ImageObject\",\"inLanguage\":\"es\",\"@id\":\"https:\\\/\\\/sarmiento24h.com\\\/wp-content\\\/litespeed\\\/avatar\\\/d02cbc4e23c747e6659cd45907173c8f.jpg?ver=1777157796\",\"url\":\"https:\\\/\\\/sarmiento24h.com\\\/wp-content\\\/litespeed\\\/avatar\\\/d02cbc4e23c747e6659cd45907173c8f.jpg?ver=1777157796\",\"contentUrl\":\"https:\\\/\\\/sarmiento24h.com\\\/wp-content\\\/litespeed\\\/avatar\\\/d02cbc4e23c747e6659cd45907173c8f.jpg?ver=1777157796\",\"caption\":\"sarmiento24h@gmail.com\"},\"sameAs\":[\"https:\\\/\\\/sarmiento24h.com\"],\"url\":\"https:\\\/\\\/sarmiento24h.com\\\/?author=1\"}]}<\/script>\n<!-- \/ Yoast SEO plugin. -->","yoast_head_json":{"title":"Tejero, el l\u00edder golpista espa\u00f1ol que muri\u00f3 el d\u00eda en que el Gobierno desclasific\u00f3 archivos del 23-F - Sarmiento24h","robots":{"index":"index","follow":"follow","max-snippet":"max-snippet:-1","max-image-preview":"max-image-preview:large","max-video-preview":"max-video-preview:-1"},"canonical":"https:\/\/sarmiento24h.com\/?p=30018","og_locale":"es_ES","og_type":"article","og_title":"Tejero, el l\u00edder golpista espa\u00f1ol que muri\u00f3 el d\u00eda en que el Gobierno desclasific\u00f3 archivos del 23-F - Sarmiento24h","og_description":"El ex guardia civil Antonio Tejero, l\u00edder&#46;&#46;&#46;","og_url":"https:\/\/sarmiento24h.com\/?p=30018","og_site_name":"Sarmiento24h","article_publisher":"https:\/\/facebook.com\/s24hnoticias","article_published_time":"2026-02-26T02:44:06+00:00","og_image":[{"width":980,"height":766,"url":"https:\/\/sarmiento24h.com\/wp-content\/uploads\/2026\/02\/tejero-el-lider-golpista-espanol-que-murio-el-dia-en-que-el-gobierno-desclasifico-archivos-del-23-f.jpg","type":"image\/jpeg"}],"author":"sarmiento24h@gmail.com","twitter_card":"summary_large_image","twitter_creator":"@sarmiento24h","twitter_site":"@sarmiento24h","twitter_misc":{"Escrito por":"sarmiento24h@gmail.com","Tiempo de lectura":"5 minutos"},"schema":{"@context":"https:\/\/schema.org","@graph":[{"@type":"Article","@id":"https:\/\/sarmiento24h.com\/?p=30018#article","isPartOf":{"@id":"https:\/\/sarmiento24h.com\/?p=30018"},"author":{"name":"sarmiento24h@gmail.com","@id":"https:\/\/sarmiento24h.com\/#\/schema\/person\/d653a59725ad629a7e0429af7b939d4d"},"headline":"Tejero, el l\u00edder golpista espa\u00f1ol que muri\u00f3 el d\u00eda en que el Gobierno desclasific\u00f3 archivos del 23-F","datePublished":"2026-02-26T02:44:06+00:00","mainEntityOfPage":{"@id":"https:\/\/sarmiento24h.com\/?p=30018"},"wordCount":922,"publisher":{"@id":"https:\/\/sarmiento24h.com\/#organization"},"image":{"@id":"https:\/\/sarmiento24h.com\/?p=30018#primaryimage"},"thumbnailUrl":"https:\/\/sarmiento24h.com\/wp-content\/uploads\/2026\/02\/tejero-el-lider-golpista-espanol-que-murio-el-dia-en-que-el-gobierno-desclasifico-archivos-del-23-f.jpg","articleSection":["Internacionales"],"inLanguage":"es"},{"@type":"WebPage","@id":"https:\/\/sarmiento24h.com\/?p=30018","url":"https:\/\/sarmiento24h.com\/?p=30018","name":"Tejero, el l\u00edder golpista espa\u00f1ol que muri\u00f3 el d\u00eda en que el Gobierno desclasific\u00f3 archivos del 23-F - Sarmiento24h","isPartOf":{"@id":"https:\/\/sarmiento24h.com\/#website"},"primaryImageOfPage":{"@id":"https:\/\/sarmiento24h.com\/?p=30018#primaryimage"},"image":{"@id":"https:\/\/sarmiento24h.com\/?p=30018#primaryimage"},"thumbnailUrl":"https:\/\/sarmiento24h.com\/wp-content\/uploads\/2026\/02\/tejero-el-lider-golpista-espanol-que-murio-el-dia-en-que-el-gobierno-desclasifico-archivos-del-23-f.jpg","datePublished":"2026-02-26T02:44:06+00:00","breadcrumb":{"@id":"https:\/\/sarmiento24h.com\/?p=30018#breadcrumb"},"inLanguage":"es","potentialAction":[{"@type":"ReadAction","target":["https:\/\/sarmiento24h.com\/?p=30018"]}]},{"@type":"ImageObject","inLanguage":"es","@id":"https:\/\/sarmiento24h.com\/?p=30018#primaryimage","url":"https:\/\/sarmiento24h.com\/wp-content\/uploads\/2026\/02\/tejero-el-lider-golpista-espanol-que-murio-el-dia-en-que-el-gobierno-desclasifico-archivos-del-23-f.jpg","contentUrl":"https:\/\/sarmiento24h.com\/wp-content\/uploads\/2026\/02\/tejero-el-lider-golpista-espanol-que-murio-el-dia-en-que-el-gobierno-desclasifico-archivos-del-23-f.jpg","width":980,"height":766},{"@type":"BreadcrumbList","@id":"https:\/\/sarmiento24h.com\/?p=30018#breadcrumb","itemListElement":[{"@type":"ListItem","position":1,"name":"Home","item":"https:\/\/sarmiento24h.com\/"},{"@type":"ListItem","position":2,"name":"Tejero, el l\u00edder golpista espa\u00f1ol que muri\u00f3 el d\u00eda en que el Gobierno desclasific\u00f3 archivos del 23-F"}]},{"@type":"WebSite","@id":"https:\/\/sarmiento24h.com\/#website","url":"https:\/\/sarmiento24h.com\/","name":"Sarmiento24h","description":"","publisher":{"@id":"https:\/\/sarmiento24h.com\/#organization"},"potentialAction":[{"@type":"SearchAction","target":{"@type":"EntryPoint","urlTemplate":"https:\/\/sarmiento24h.com\/?s={search_term_string}"},"query-input":{"@type":"PropertyValueSpecification","valueRequired":true,"valueName":"search_term_string"}}],"inLanguage":"es"},{"@type":"Organization","@id":"https:\/\/sarmiento24h.com\/#organization","name":"Sarmiento24h","url":"https:\/\/sarmiento24h.com\/","logo":{"@type":"ImageObject","inLanguage":"es","@id":"https:\/\/sarmiento24h.com\/#\/schema\/logo\/image\/","url":"https:\/\/sarmiento24h.com\/wp-content\/uploads\/2025\/12\/AddText_12-16-10.30.52.jpg","contentUrl":"https:\/\/sarmiento24h.com\/wp-content\/uploads\/2025\/12\/AddText_12-16-10.30.52.jpg","width":1220,"height":324,"caption":"Sarmiento24h"},"image":{"@id":"https:\/\/sarmiento24h.com\/#\/schema\/logo\/image\/"},"sameAs":["https:\/\/facebook.com\/s24hnoticias","https:\/\/x.com\/sarmiento24h"]},{"@type":"Person","@id":"https:\/\/sarmiento24h.com\/#\/schema\/person\/d653a59725ad629a7e0429af7b939d4d","name":"sarmiento24h@gmail.com","image":{"@type":"ImageObject","inLanguage":"es","@id":"https:\/\/sarmiento24h.com\/wp-content\/litespeed\/avatar\/d02cbc4e23c747e6659cd45907173c8f.jpg?ver=1777157796","url":"https:\/\/sarmiento24h.com\/wp-content\/litespeed\/avatar\/d02cbc4e23c747e6659cd45907173c8f.jpg?ver=1777157796","contentUrl":"https:\/\/sarmiento24h.com\/wp-content\/litespeed\/avatar\/d02cbc4e23c747e6659cd45907173c8f.jpg?ver=1777157796","caption":"sarmiento24h@gmail.com"},"sameAs":["https:\/\/sarmiento24h.com"],"url":"https:\/\/sarmiento24h.com\/?author=1"}]}},"jetpack_publicize_connections":[],"jetpack_featured_media_url":"https:\/\/sarmiento24h.com\/wp-content\/uploads\/2026\/02\/tejero-el-lider-golpista-espanol-que-murio-el-dia-en-que-el-gobierno-desclasifico-archivos-del-23-f.jpg","jetpack_sharing_enabled":true,"_links":{"self":[{"href":"https:\/\/sarmiento24h.com\/index.php?rest_route=\/wp\/v2\/posts\/30018","targetHints":{"allow":["GET"]}}],"collection":[{"href":"https:\/\/sarmiento24h.com\/index.php?rest_route=\/wp\/v2\/posts"}],"about":[{"href":"https:\/\/sarmiento24h.com\/index.php?rest_route=\/wp\/v2\/types\/post"}],"author":[{"embeddable":true,"href":"https:\/\/sarmiento24h.com\/index.php?rest_route=\/wp\/v2\/users\/1"}],"replies":[{"embeddable":true,"href":"https:\/\/sarmiento24h.com\/index.php?rest_route=%2Fwp%2Fv2%2Fcomments&post=30018"}],"version-history":[{"count":0,"href":"https:\/\/sarmiento24h.com\/index.php?rest_route=\/wp\/v2\/posts\/30018\/revisions"}],"wp:featuredmedia":[{"embeddable":true,"href":"https:\/\/sarmiento24h.com\/index.php?rest_route=\/wp\/v2\/media\/30019"}],"wp:attachment":[{"href":"https:\/\/sarmiento24h.com\/index.php?rest_route=%2Fwp%2Fv2%2Fmedia&parent=30018"}],"wp:term":[{"taxonomy":"category","embeddable":true,"href":"https:\/\/sarmiento24h.com\/index.php?rest_route=%2Fwp%2Fv2%2Fcategories&post=30018"},{"taxonomy":"post_tag","embeddable":true,"href":"https:\/\/sarmiento24h.com\/index.php?rest_route=%2Fwp%2Fv2%2Ftags&post=30018"}],"curies":[{"name":"wp","href":"https:\/\/api.w.org\/{rel}","templated":true}]}}