{"id":30354,"date":"2026-02-26T06:14:31","date_gmt":"2026-02-26T06:14:31","guid":{"rendered":"http:\/\/444e362a-12d5-11f1-9098-11578caa9cd8"},"modified":"2026-02-26T06:14:31","modified_gmt":"2026-02-26T06:14:31","slug":"nuevas-conversaciones-organizadas-en-ginebra-entre-iran-y-estados-unidos","status":"publish","type":"post","link":"https:\/\/sarmiento24h.com\/?p=30354","title":{"rendered":"Nuevas conversaciones organizadas en Ginebra entre Ir\u00e1n y Estados Unidos"},"content":{"rendered":"<p><a href=\"https:\/\/www.france24.com\/es\/tag\/ir\u00e1n\/\" target=\"_self\" class=\"gtm-add-suggested-tag\">Ir\u00e1n<\/a> y <a href=\"https:\/\/www.france24.com\/es\/tag\/estados-unidos\/\" target=\"_self\" class=\"gtm-add-suggested-tag\">Estados Unidos<\/a> se re\u00fanen este jueves 26 de febrero para una tercera ronda de conversaciones indirectas en Suiza, con el objetivo de salir de la actual situaci\u00f3n de \u00abni guerra ni paz\u00bb, seg\u00fan palabras del presidente iran\u00ed.<\/p>\n<p>Sin embargo, pocas horas antes del inicio de las discusiones en Ginebra, el jefe de la <a href=\"https:\/\/www.france24.com\/es\/tag\/diplomacia\/\" target=\"_self\" class=\"gtm-add-suggested-tag\">diplomacia<\/a> estadounidense, <a href=\"https:\/\/www.france24.com\/es\/tag\/marco-rubio\/\" target=\"_self\" class=\"gtm-add-suggested-tag\">Marco Rubio<\/a>, se\u00f1al\u00f3 que existe \u00abun gran problema\u00bb, acusando a <a href=\"https:\/\/www.france24.com\/es\/tag\/teher\u00e1n\/\" target=\"_self\" class=\"gtm-add-suggested-tag\">Teher\u00e1n<\/a> de negarse a tratar su programa de misiles bal\u00edsticos, un asunto que Washington desea incluir en las conversaciones junto con la cuesti\u00f3n nuclear.<\/p>\n<p>Desde enero, ambas partes afirman estar abiertas al di\u00e1logo, pero tambi\u00e9n preparadas para una acci\u00f3n militar, lo que deja abiertos todos los escenarios.<\/p>\n<div class=\"em-video-wrapper m-em-video\" data-media-video-wbmz373340-f24-es-20260226 data-wrapper-video-player data-show-hidden-video-player=\"WBMZ373340-F24-ES-20260226\" data-youtube-script readability=\"7\">\n<p>Informe desde Beirut: tensi\u00f3n por posible escalada de conflicto entre Ir\u00e1n y EE. UU.<\/p>\n<div class=\"m-em-video__video\">\n<div class=\"o-em-consent \" readability=\"7\">\n<div class=\"o-em-consent__content\" readability=\"34\">\n<p class=\"o-em-consent__content__text\">Para mostrar este contenido de YouTube, debe autorizar las cookies de medici\u00f3n de audiencia y publicidad.<\/p>\n<p> <button class=\"a-master-button a-master-button--dark\" data-action=\"accept\"> Aceptar <svg class=\"a-svg a-svg--icon-check\"> <use xlink:href=\"\/build\/images\/svg\/sprite.2837be4c5e502ba11bd31811b1fc3cb7.svg#icon-check\" href=\"\/build\/images\/svg\/sprite.2837be4c5e502ba11bd31811b1fc3cb7.svg#icon-check\" \/> <\/svg> <\/button> <button class=\"a-link\" data-action=\"manage\">Gestionar mis opciones<i class=\"a-svg a-svg--icon-edit\"><\/i><\/button> <\/div>\n<\/div>\n<div class=\"o-em-adblock\" data-adblock-content readability=\"7\">\n<div class=\"o-em-adblock__content\" readability=\"34\">\n<p class=\"o-em-adblock__content__text\">Una extensi\u00f3n de tu navegador parece estar bloqueando la carga del reproductor de video. Para poder ver este contenido, debes desactivarla en este sitio.<\/p>\n<p> <button class=\"a-master-button a-master-button--dark\" data-action=\"reload\">Reintentar<\/button> <\/div>\n<\/div>\n<figure class=\"m-item-image m-item-image--16x9 m-item-image--has-caption\"> <picture class=\"a-picture a-picture--16x9\"><source type=\"image\/webp\" srcset=\"https:\/\/s.france24.com\/media\/display\/a6d9aab2-1295-11f1-9e92-005056a90284\/w:388\/p:16x9\/ES-20260225-140633-140817-CS.webp 388w, https:\/\/s.france24.com\/media\/display\/a6d9aab2-1295-11f1-9e92-005056a90284\/w:720\/p:16x9\/ES-20260225-140633-140817-CS.webp 720w, https:\/\/s.france24.com\/media\/display\/a6d9aab2-1295-11f1-9e92-005056a90284\/w:1024\/p:16x9\/ES-20260225-140633-140817-CS.webp 1024w\" sizes=\"(max-width: 639px) calc(100vw - 32px), (max-width: 1076px) calc(100vw - 44px), 850px\"><img fetchpriority=\"low\" decoding=\"async\" src=\"https:\/\/sarmiento24h.com\/wp-content\/uploads\/2026\/02\/nuevas-conversaciones-organizadas-en-ginebra-entre-iran-y-estados-unidos.jpg\" srcset=\"https:\/\/sarmiento24h.com\/wp-content\/uploads\/2026\/02\/nuevas-conversaciones-organizadas-en-ginebra-entre-iran-y-estados-unidos-1.jpg 388w, https:\/\/sarmiento24h.com\/wp-content\/uploads\/2026\/02\/nuevas-conversaciones-organizadas-en-ginebra-entre-iran-y-estados-unidos-2.jpg 720w, https:\/\/sarmiento24h.com\/wp-content\/uploads\/2026\/02\/nuevas-conversaciones-organizadas-en-ginebra-entre-iran-y-estados-unidos.jpg 1024w\" sizes=\"auto, (max-width: 639px) calc(100vw - 32px), (max-width: 1076px) calc(100vw - 44px), 850px\" width=\"1024\" height=\"576\" alt=\"Informe desde Beirut: tensi\u00f3n por posible escalada de conflicto entre Ir\u00e1n y EE. UU.\" loading=\"lazy\" class=\"a-img \">\n<\/picture><figcaption class=\"a-figcaption\"> <span>\u00a9 France 24<\/span> <\/figcaption><\/figure>\n<\/p><\/div>\n<\/p><\/div>\n<p>El presidente estadounidense, Donald Trump, quien ha desplegado un amplio dispositivo militar en el Golfo, insiste en que prefiere resolver el conflicto por la v\u00eda diplom\u00e1tica, aunque el martes acus\u00f3 a Teher\u00e1n de tener \u00absiniestras ambiciones nucleares\u00bb.<\/p>\n<p>Asegur\u00f3 que Ir\u00e1n ha desarrollado misiles que pueden amenazar a <a href=\"https:\/\/www.france24.com\/es\/tag\/europa\/\" target=\"_self\" class=\"gtm-add-suggested-tag\">Europa<\/a> y a las bases militares estadounidenses, y que busca dise\u00f1ar otros m\u00e1s potentes capaces de \u00abalcanzar pronto Estados Unidos\u00bb.<\/p>\n<p>\u00abGrandes mentiras\u00bb, respondi\u00f3 el ministerio iran\u00ed de Exteriores, mientras Ir\u00e1n afirma haber limitado el alcance de sus misiles a 2.000 kil\u00f3metros. El pa\u00eds cuenta con un amplio arsenal de fabricaci\u00f3n nacional, entre ellos los Shahab-3, que pueden alcanzar Israel, su enemigo declarado, y algunos pa\u00edses de Europa oriental.<\/p>\n<p>El programa de misiles es uno de los principales puntos de fricci\u00f3n entre ambos pa\u00edses. Washington quiere incluir en las negociaciones tanto el programa bal\u00edstico como el apoyo de Teher\u00e1n a grupos armados hostiles a <a href=\"https:\/\/www.france24.com\/es\/tag\/israel\/\" target=\"_self\" class=\"gtm-add-suggested-tag\">Israel<\/a>, algo que Ir\u00e1n rechaza.<\/p>\n<p>La Rep\u00fablica Isl\u00e1mica pretende limitar las conversaciones al \u00e1mbito nuclear y exige el levantamiento de las sanciones que asfixian su econom\u00eda.<\/p>\n<blockquote class=\"quote\" readability=\"12.586705202312\">\n<p>\u00abEl presidente desea soluciones diplom\u00e1ticas. Las prefiere, claramente. No calificar\u00eda la jornada de ma\u00f1ana (jueves) m\u00e1s que como una serie de discusiones que, espero, sean productivas. Pero al final, debemos abordar otros temas adem\u00e1s del programa nuclear\u00bb, declar\u00f3 <a href=\"https:\/\/www.france24.com\/es\/tag\/marco-rubio\/\" target=\"_self\" class=\"gtm-add-suggested-tag\">Marco Rubio<\/a> durante una conferencia de prensa en San Crist\u00f3bal y Nieves.<\/p>\n<\/blockquote>\n<p>Pese a estas divergencias, Ir\u00e1n asegura que un acuerdo est\u00e1 \u00abal alcance de la mano\u00bb, seg\u00fan el ministro <a href=\"https:\/\/www.france24.com\/es\/tag\/abbas-araqchi\/\" target=\"_self\" class=\"gtm-add-suggested-tag\">Abbas Araqchi<\/a>, quien encabeza la delegaci\u00f3n iran\u00ed y habla de una \u00aboportunidad hist\u00f3rica\u00bb.<\/p>\n<p>Por su parte, el presidente Massoud Pezeshkian mencion\u00f3 una \u00abperspectiva favorable\u00bb y expres\u00f3 su esperanza de salir de esta situaci\u00f3n de \u00abni guerra ni paz\u00bb. No obstante, Abbas Araqchi advirti\u00f3 en un comunicado difundido la madrugada del jueves que \u00abel \u00e9xito de estas negociaciones depende de la seriedad de la otra parte y de su capacidad para evitar comportamientos y posturas contradictorias\u00bb.<\/p>\n<p>Estados Unidos est\u00e1 representado por el enviado especial <a href=\"https:\/\/www.france24.com\/es\/tag\/steve-witkoff\/\" target=\"_self\" class=\"gtm-add-suggested-tag\">Steve Witkoff<\/a> y por el yerno del presidente estadounidense, <a href=\"https:\/\/www.france24.com\/es\/tag\/jared-kushner\/\" target=\"_self\" class=\"gtm-add-suggested-tag\">Jared Kushner<\/a>, quienes tambi\u00e9n deben mantener conversaciones paralelas con <a href=\"https:\/\/www.france24.com\/es\/tag\/ucrania\/\" target=\"_self\" class=\"gtm-add-suggested-tag\">Ucrania<\/a> en Ginebra.<\/p>\n<p><a href=\"https:\/\/www.france24.com\/es\/tag\/ir\u00e1n\/\" target=\"_self\" class=\"gtm-add-suggested-tag\">Ir\u00e1n<\/a> y <a href=\"https:\/\/www.france24.com\/es\/tag\/estados-unidos\/\" target=\"_self\" class=\"gtm-add-suggested-tag\">Estados Unidos<\/a> retomaron el di\u00e1logo a comienzos de febrero en <a href=\"https:\/\/www.france24.com\/es\/tag\/om\u00e1n\/\" target=\"_self\" class=\"gtm-add-suggested-tag\">Om\u00e1n<\/a>, pa\u00eds mediador, y luego se reunieron por primera vez en Suiza el 17 de febrero. Un ciclo anterior de negociaciones fue interrumpido en la primavera de 2025 tras la guerra desencadenada por Israel contra Ir\u00e1n.<\/p>\n","protected":false},"excerpt":{"rendered":"<p>Ir\u00e1n y Estados Unidos se re\u00fanen este&#46;&#46;&#46;<\/p>\n","protected":false},"author":1,"featured_media":30355,"comment_status":"closed","ping_status":"closed","sticky":false,"template":"","format":"standard","meta":{"_jetpack_memberships_contains_paid_content":false,"footnotes":"","jetpack_publicize_message":"","jetpack_publicize_feature_enabled":true,"jetpack_social_post_already_shared":true,"jetpack_social_options":{"image_generator_settings":{"template":"highway","default_image_id":0,"font":"","enabled":false},"version":2}},"categories":[43],"tags":[],"class_list":["post-30354","post","type-post","status-publish","format-standard","has-post-thumbnail","hentry","category-internacionales"],"yoast_head":"<!-- This site is optimized with the Yoast SEO plugin v27.3 - https:\/\/yoast.com\/product\/yoast-seo-wordpress\/ -->\n<title>Nuevas conversaciones organizadas en Ginebra entre Ir\u00e1n y Estados Unidos - Sarmiento24h<\/title>\n<meta name=\"robots\" content=\"index, follow, max-snippet:-1, max-image-preview:large, max-video-preview:-1\" \/>\n<link rel=\"canonical\" href=\"https:\/\/sarmiento24h.com\/?p=30354\" \/>\n<meta property=\"og:locale\" content=\"es_ES\" \/>\n<meta property=\"og:type\" content=\"article\" \/>\n<meta property=\"og:title\" content=\"Nuevas conversaciones organizadas en Ginebra entre Ir\u00e1n y Estados Unidos - Sarmiento24h\" \/>\n<meta property=\"og:description\" content=\"Ir\u00e1n y Estados Unidos se re\u00fanen este&#046;&#046;&#046;\" \/>\n<meta property=\"og:url\" content=\"https:\/\/sarmiento24h.com\/?p=30354\" \/>\n<meta property=\"og:site_name\" content=\"Sarmiento24h\" \/>\n<meta property=\"article:publisher\" content=\"https:\/\/facebook.com\/s24hnoticias\" \/>\n<meta property=\"article:published_time\" content=\"2026-02-26T06:14:31+00:00\" \/>\n<meta property=\"og:image\" content=\"https:\/\/sarmiento24h.com\/wp-content\/uploads\/2026\/02\/nuevas-conversaciones-organizadas-en-ginebra-entre-iran-y-estados-unidos.jpg\" \/>\n\t<meta property=\"og:image:width\" content=\"1024\" \/>\n\t<meta property=\"og:image:height\" content=\"576\" \/>\n\t<meta property=\"og:image:type\" content=\"image\/jpeg\" \/>\n<meta name=\"author\" content=\"sarmiento24h@gmail.com\" \/>\n<meta name=\"twitter:card\" content=\"summary_large_image\" \/>\n<meta name=\"twitter:creator\" content=\"@sarmiento24h\" \/>\n<meta name=\"twitter:site\" content=\"@sarmiento24h\" \/>\n<meta name=\"twitter:label1\" content=\"Escrito por\" \/>\n\t<meta name=\"twitter:data1\" content=\"sarmiento24h@gmail.com\" \/>\n\t<meta name=\"twitter:label2\" content=\"Tiempo de lectura\" \/>\n\t<meta name=\"twitter:data2\" content=\"3 minutos\" \/>\n<script type=\"application\/ld+json\" class=\"yoast-schema-graph\">{\"@context\":\"https:\\\/\\\/schema.org\",\"@graph\":[{\"@type\":\"Article\",\"@id\":\"https:\\\/\\\/sarmiento24h.com\\\/?p=30354#article\",\"isPartOf\":{\"@id\":\"https:\\\/\\\/sarmiento24h.com\\\/?p=30354\"},\"author\":{\"name\":\"sarmiento24h@gmail.com\",\"@id\":\"https:\\\/\\\/sarmiento24h.com\\\/#\\\/schema\\\/person\\\/d653a59725ad629a7e0429af7b939d4d\"},\"headline\":\"Nuevas conversaciones organizadas en Ginebra entre Ir\u00e1n y Estados Unidos\",\"datePublished\":\"2026-02-26T06:14:31+00:00\",\"mainEntityOfPage\":{\"@id\":\"https:\\\/\\\/sarmiento24h.com\\\/?p=30354\"},\"wordCount\":628,\"publisher\":{\"@id\":\"https:\\\/\\\/sarmiento24h.com\\\/#organization\"},\"image\":{\"@id\":\"https:\\\/\\\/sarmiento24h.com\\\/?p=30354#primaryimage\"},\"thumbnailUrl\":\"https:\\\/\\\/sarmiento24h.com\\\/wp-content\\\/uploads\\\/2026\\\/02\\\/nuevas-conversaciones-organizadas-en-ginebra-entre-iran-y-estados-unidos.jpg\",\"articleSection\":[\"Internacionales\"],\"inLanguage\":\"es\"},{\"@type\":\"WebPage\",\"@id\":\"https:\\\/\\\/sarmiento24h.com\\\/?p=30354\",\"url\":\"https:\\\/\\\/sarmiento24h.com\\\/?p=30354\",\"name\":\"Nuevas conversaciones organizadas en Ginebra entre Ir\u00e1n y Estados Unidos - Sarmiento24h\",\"isPartOf\":{\"@id\":\"https:\\\/\\\/sarmiento24h.com\\\/#website\"},\"primaryImageOfPage\":{\"@id\":\"https:\\\/\\\/sarmiento24h.com\\\/?p=30354#primaryimage\"},\"image\":{\"@id\":\"https:\\\/\\\/sarmiento24h.com\\\/?p=30354#primaryimage\"},\"thumbnailUrl\":\"https:\\\/\\\/sarmiento24h.com\\\/wp-content\\\/uploads\\\/2026\\\/02\\\/nuevas-conversaciones-organizadas-en-ginebra-entre-iran-y-estados-unidos.jpg\",\"datePublished\":\"2026-02-26T06:14:31+00:00\",\"breadcrumb\":{\"@id\":\"https:\\\/\\\/sarmiento24h.com\\\/?p=30354#breadcrumb\"},\"inLanguage\":\"es\",\"potentialAction\":[{\"@type\":\"ReadAction\",\"target\":[\"https:\\\/\\\/sarmiento24h.com\\\/?p=30354\"]}]},{\"@type\":\"ImageObject\",\"inLanguage\":\"es\",\"@id\":\"https:\\\/\\\/sarmiento24h.com\\\/?p=30354#primaryimage\",\"url\":\"https:\\\/\\\/sarmiento24h.com\\\/wp-content\\\/uploads\\\/2026\\\/02\\\/nuevas-conversaciones-organizadas-en-ginebra-entre-iran-y-estados-unidos.jpg\",\"contentUrl\":\"https:\\\/\\\/sarmiento24h.com\\\/wp-content\\\/uploads\\\/2026\\\/02\\\/nuevas-conversaciones-organizadas-en-ginebra-entre-iran-y-estados-unidos.jpg\",\"width\":1024,\"height\":576},{\"@type\":\"BreadcrumbList\",\"@id\":\"https:\\\/\\\/sarmiento24h.com\\\/?p=30354#breadcrumb\",\"itemListElement\":[{\"@type\":\"ListItem\",\"position\":1,\"name\":\"Home\",\"item\":\"https:\\\/\\\/sarmiento24h.com\\\/\"},{\"@type\":\"ListItem\",\"position\":2,\"name\":\"Nuevas conversaciones organizadas en Ginebra entre Ir\u00e1n y Estados Unidos\"}]},{\"@type\":\"WebSite\",\"@id\":\"https:\\\/\\\/sarmiento24h.com\\\/#website\",\"url\":\"https:\\\/\\\/sarmiento24h.com\\\/\",\"name\":\"Sarmiento24h\",\"description\":\"\",\"publisher\":{\"@id\":\"https:\\\/\\\/sarmiento24h.com\\\/#organization\"},\"potentialAction\":[{\"@type\":\"SearchAction\",\"target\":{\"@type\":\"EntryPoint\",\"urlTemplate\":\"https:\\\/\\\/sarmiento24h.com\\\/?s={search_term_string}\"},\"query-input\":{\"@type\":\"PropertyValueSpecification\",\"valueRequired\":true,\"valueName\":\"search_term_string\"}}],\"inLanguage\":\"es\"},{\"@type\":\"Organization\",\"@id\":\"https:\\\/\\\/sarmiento24h.com\\\/#organization\",\"name\":\"Sarmiento24h\",\"url\":\"https:\\\/\\\/sarmiento24h.com\\\/\",\"logo\":{\"@type\":\"ImageObject\",\"inLanguage\":\"es\",\"@id\":\"https:\\\/\\\/sarmiento24h.com\\\/#\\\/schema\\\/logo\\\/image\\\/\",\"url\":\"https:\\\/\\\/sarmiento24h.com\\\/wp-content\\\/uploads\\\/2025\\\/12\\\/AddText_12-16-10.30.52.jpg\",\"contentUrl\":\"https:\\\/\\\/sarmiento24h.com\\\/wp-content\\\/uploads\\\/2025\\\/12\\\/AddText_12-16-10.30.52.jpg\",\"width\":1220,\"height\":324,\"caption\":\"Sarmiento24h\"},\"image\":{\"@id\":\"https:\\\/\\\/sarmiento24h.com\\\/#\\\/schema\\\/logo\\\/image\\\/\"},\"sameAs\":[\"https:\\\/\\\/facebook.com\\\/s24hnoticias\",\"https:\\\/\\\/x.com\\\/sarmiento24h\"]},{\"@type\":\"Person\",\"@id\":\"https:\\\/\\\/sarmiento24h.com\\\/#\\\/schema\\\/person\\\/d653a59725ad629a7e0429af7b939d4d\",\"name\":\"sarmiento24h@gmail.com\",\"image\":{\"@type\":\"ImageObject\",\"inLanguage\":\"es\",\"@id\":\"https:\\\/\\\/sarmiento24h.com\\\/wp-content\\\/litespeed\\\/avatar\\\/d02cbc4e23c747e6659cd45907173c8f.jpg?ver=1777157796\",\"url\":\"https:\\\/\\\/sarmiento24h.com\\\/wp-content\\\/litespeed\\\/avatar\\\/d02cbc4e23c747e6659cd45907173c8f.jpg?ver=1777157796\",\"contentUrl\":\"https:\\\/\\\/sarmiento24h.com\\\/wp-content\\\/litespeed\\\/avatar\\\/d02cbc4e23c747e6659cd45907173c8f.jpg?ver=1777157796\",\"caption\":\"sarmiento24h@gmail.com\"},\"sameAs\":[\"https:\\\/\\\/sarmiento24h.com\"],\"url\":\"https:\\\/\\\/sarmiento24h.com\\\/?author=1\"}]}<\/script>\n<!-- \/ Yoast SEO plugin. -->","yoast_head_json":{"title":"Nuevas conversaciones organizadas en Ginebra entre Ir\u00e1n y Estados Unidos - Sarmiento24h","robots":{"index":"index","follow":"follow","max-snippet":"max-snippet:-1","max-image-preview":"max-image-preview:large","max-video-preview":"max-video-preview:-1"},"canonical":"https:\/\/sarmiento24h.com\/?p=30354","og_locale":"es_ES","og_type":"article","og_title":"Nuevas conversaciones organizadas en Ginebra entre Ir\u00e1n y Estados Unidos - Sarmiento24h","og_description":"Ir\u00e1n y Estados Unidos se re\u00fanen este&#46;&#46;&#46;","og_url":"https:\/\/sarmiento24h.com\/?p=30354","og_site_name":"Sarmiento24h","article_publisher":"https:\/\/facebook.com\/s24hnoticias","article_published_time":"2026-02-26T06:14:31+00:00","og_image":[{"width":1024,"height":576,"url":"https:\/\/sarmiento24h.com\/wp-content\/uploads\/2026\/02\/nuevas-conversaciones-organizadas-en-ginebra-entre-iran-y-estados-unidos.jpg","type":"image\/jpeg"}],"author":"sarmiento24h@gmail.com","twitter_card":"summary_large_image","twitter_creator":"@sarmiento24h","twitter_site":"@sarmiento24h","twitter_misc":{"Escrito por":"sarmiento24h@gmail.com","Tiempo de lectura":"3 minutos"},"schema":{"@context":"https:\/\/schema.org","@graph":[{"@type":"Article","@id":"https:\/\/sarmiento24h.com\/?p=30354#article","isPartOf":{"@id":"https:\/\/sarmiento24h.com\/?p=30354"},"author":{"name":"sarmiento24h@gmail.com","@id":"https:\/\/sarmiento24h.com\/#\/schema\/person\/d653a59725ad629a7e0429af7b939d4d"},"headline":"Nuevas conversaciones organizadas en Ginebra entre Ir\u00e1n y Estados Unidos","datePublished":"2026-02-26T06:14:31+00:00","mainEntityOfPage":{"@id":"https:\/\/sarmiento24h.com\/?p=30354"},"wordCount":628,"publisher":{"@id":"https:\/\/sarmiento24h.com\/#organization"},"image":{"@id":"https:\/\/sarmiento24h.com\/?p=30354#primaryimage"},"thumbnailUrl":"https:\/\/sarmiento24h.com\/wp-content\/uploads\/2026\/02\/nuevas-conversaciones-organizadas-en-ginebra-entre-iran-y-estados-unidos.jpg","articleSection":["Internacionales"],"inLanguage":"es"},{"@type":"WebPage","@id":"https:\/\/sarmiento24h.com\/?p=30354","url":"https:\/\/sarmiento24h.com\/?p=30354","name":"Nuevas conversaciones organizadas en Ginebra entre Ir\u00e1n y Estados Unidos - Sarmiento24h","isPartOf":{"@id":"https:\/\/sarmiento24h.com\/#website"},"primaryImageOfPage":{"@id":"https:\/\/sarmiento24h.com\/?p=30354#primaryimage"},"image":{"@id":"https:\/\/sarmiento24h.com\/?p=30354#primaryimage"},"thumbnailUrl":"https:\/\/sarmiento24h.com\/wp-content\/uploads\/2026\/02\/nuevas-conversaciones-organizadas-en-ginebra-entre-iran-y-estados-unidos.jpg","datePublished":"2026-02-26T06:14:31+00:00","breadcrumb":{"@id":"https:\/\/sarmiento24h.com\/?p=30354#breadcrumb"},"inLanguage":"es","potentialAction":[{"@type":"ReadAction","target":["https:\/\/sarmiento24h.com\/?p=30354"]}]},{"@type":"ImageObject","inLanguage":"es","@id":"https:\/\/sarmiento24h.com\/?p=30354#primaryimage","url":"https:\/\/sarmiento24h.com\/wp-content\/uploads\/2026\/02\/nuevas-conversaciones-organizadas-en-ginebra-entre-iran-y-estados-unidos.jpg","contentUrl":"https:\/\/sarmiento24h.com\/wp-content\/uploads\/2026\/02\/nuevas-conversaciones-organizadas-en-ginebra-entre-iran-y-estados-unidos.jpg","width":1024,"height":576},{"@type":"BreadcrumbList","@id":"https:\/\/sarmiento24h.com\/?p=30354#breadcrumb","itemListElement":[{"@type":"ListItem","position":1,"name":"Home","item":"https:\/\/sarmiento24h.com\/"},{"@type":"ListItem","position":2,"name":"Nuevas conversaciones organizadas en Ginebra entre Ir\u00e1n y Estados Unidos"}]},{"@type":"WebSite","@id":"https:\/\/sarmiento24h.com\/#website","url":"https:\/\/sarmiento24h.com\/","name":"Sarmiento24h","description":"","publisher":{"@id":"https:\/\/sarmiento24h.com\/#organization"},"potentialAction":[{"@type":"SearchAction","target":{"@type":"EntryPoint","urlTemplate":"https:\/\/sarmiento24h.com\/?s={search_term_string}"},"query-input":{"@type":"PropertyValueSpecification","valueRequired":true,"valueName":"search_term_string"}}],"inLanguage":"es"},{"@type":"Organization","@id":"https:\/\/sarmiento24h.com\/#organization","name":"Sarmiento24h","url":"https:\/\/sarmiento24h.com\/","logo":{"@type":"ImageObject","inLanguage":"es","@id":"https:\/\/sarmiento24h.com\/#\/schema\/logo\/image\/","url":"https:\/\/sarmiento24h.com\/wp-content\/uploads\/2025\/12\/AddText_12-16-10.30.52.jpg","contentUrl":"https:\/\/sarmiento24h.com\/wp-content\/uploads\/2025\/12\/AddText_12-16-10.30.52.jpg","width":1220,"height":324,"caption":"Sarmiento24h"},"image":{"@id":"https:\/\/sarmiento24h.com\/#\/schema\/logo\/image\/"},"sameAs":["https:\/\/facebook.com\/s24hnoticias","https:\/\/x.com\/sarmiento24h"]},{"@type":"Person","@id":"https:\/\/sarmiento24h.com\/#\/schema\/person\/d653a59725ad629a7e0429af7b939d4d","name":"sarmiento24h@gmail.com","image":{"@type":"ImageObject","inLanguage":"es","@id":"https:\/\/sarmiento24h.com\/wp-content\/litespeed\/avatar\/d02cbc4e23c747e6659cd45907173c8f.jpg?ver=1777157796","url":"https:\/\/sarmiento24h.com\/wp-content\/litespeed\/avatar\/d02cbc4e23c747e6659cd45907173c8f.jpg?ver=1777157796","contentUrl":"https:\/\/sarmiento24h.com\/wp-content\/litespeed\/avatar\/d02cbc4e23c747e6659cd45907173c8f.jpg?ver=1777157796","caption":"sarmiento24h@gmail.com"},"sameAs":["https:\/\/sarmiento24h.com"],"url":"https:\/\/sarmiento24h.com\/?author=1"}]}},"jetpack_publicize_connections":[],"jetpack_featured_media_url":"https:\/\/sarmiento24h.com\/wp-content\/uploads\/2026\/02\/nuevas-conversaciones-organizadas-en-ginebra-entre-iran-y-estados-unidos.jpg","jetpack_sharing_enabled":true,"_links":{"self":[{"href":"https:\/\/sarmiento24h.com\/index.php?rest_route=\/wp\/v2\/posts\/30354","targetHints":{"allow":["GET"]}}],"collection":[{"href":"https:\/\/sarmiento24h.com\/index.php?rest_route=\/wp\/v2\/posts"}],"about":[{"href":"https:\/\/sarmiento24h.com\/index.php?rest_route=\/wp\/v2\/types\/post"}],"author":[{"embeddable":true,"href":"https:\/\/sarmiento24h.com\/index.php?rest_route=\/wp\/v2\/users\/1"}],"replies":[{"embeddable":true,"href":"https:\/\/sarmiento24h.com\/index.php?rest_route=%2Fwp%2Fv2%2Fcomments&post=30354"}],"version-history":[{"count":0,"href":"https:\/\/sarmiento24h.com\/index.php?rest_route=\/wp\/v2\/posts\/30354\/revisions"}],"wp:featuredmedia":[{"embeddable":true,"href":"https:\/\/sarmiento24h.com\/index.php?rest_route=\/wp\/v2\/media\/30355"}],"wp:attachment":[{"href":"https:\/\/sarmiento24h.com\/index.php?rest_route=%2Fwp%2Fv2%2Fmedia&parent=30354"}],"wp:term":[{"taxonomy":"category","embeddable":true,"href":"https:\/\/sarmiento24h.com\/index.php?rest_route=%2Fwp%2Fv2%2Fcategories&post=30354"},{"taxonomy":"post_tag","embeddable":true,"href":"https:\/\/sarmiento24h.com\/index.php?rest_route=%2Fwp%2Fv2%2Ftags&post=30354"}],"curies":[{"name":"wp","href":"https:\/\/api.w.org\/{rel}","templated":true}]}}