{"id":30679,"date":"2026-02-26T09:54:18","date_gmt":"2026-02-26T09:54:18","guid":{"rendered":"http:\/\/339c63a0-12f4-11f1-9f74-adbae324cbf1"},"modified":"2026-02-26T09:54:18","modified_gmt":"2026-02-26T09:54:18","slug":"democratas-senalan-el-mayor-encubrimiento-de-documentos-en-archivos-epstein-relacionados-con-trump","status":"publish","type":"post","link":"https:\/\/sarmiento24h.com\/?p=30679","title":{"rendered":"Dem\u00f3cratas se\u00f1alan el \u00abmayor encubrimiento\u00bb de documentos en archivos Epstein relacionados con Trump"},"content":{"rendered":"<div><img decoding=\"async\" src=\"https:\/\/sarmiento24h.com\/wp-content\/uploads\/2026\/02\/democratas-senalan-el-mayor-encubrimiento-de-documentos-en-archivos-epstein-relacionados-con-trump.jpg\" class=\"ff-og-image-inserted\"><\/div>\n<p>El \u201cmayor encubrimiento gubernamental en la historia moderna\u201d por parte del gobierno de <a href=\"https:\/\/www.france24.com\/es\/tag\/donald-trump\/\" target=\"_self\" class=\"gtm-add-suggested-tag\">Donald Trump<\/a>, denunciaron el mi\u00e9rcoles los dem\u00f3cratas.<\/p>\n<p>Informes de la radio p\u00fablica NPR se\u00f1alan que <strong>la Administraci\u00f3n retuvo documentos que comprometer\u00edan al l\u00edder republicano con el <a href=\"https:\/\/www.france24.com\/es\/tag\/abuso\/\" target=\"_self\" class=\"gtm-add-suggested-tag\">abuso<\/a> sexual de una menor de edad<\/strong>. La denuncia contra Trump fue presentada en 2019.<\/p>\n<blockquote class=\"quote\" readability=\"8\">\n<p>\u201cEste es el mayor encubrimiento gubernamental en la historia moderna. Exigimos respuestas\u201d, afirmaron los dem\u00f3cratas del Comit\u00e9 de Supervisi\u00f3n de la C\u00e1mara en un comunicado publicado en redes sociales.<\/p>\n<\/blockquote>\n<p>Trump ha negado repetidamente cualquier irregularidad y sostiene que la publicaci\u00f3n de los llamados \u00abArchivos Epstein\u00bb por parte del <a href=\"https:\/\/www.france24.com\/es\/tag\/departamento-de-justicia\/\" target=\"_self\" class=\"gtm-add-suggested-tag\">Departamento de Justicia<\/a> lo exoner\u00f3.<\/p>\n<h2><strong>Faltan tres entrevistas claves del FBI&nbsp;<\/strong><\/h2>\n<p>Poco despu\u00e9s del arresto de Epstein por cargos federales de <a href=\"https:\/\/www.france24.com\/es\/tag\/tr\u00e1fico-sexual\/\" target=\"_self\" class=\"gtm-add-suggested-tag\">tr\u00e1fico sexual<\/a>, una mujer present\u00f3 en julio de 2019 la denuncia que involucra a Trump.<\/p>\n<p>En los archivos publicados existen referencias internas posteriores que indican que ella aleg\u00f3 que <strong>Epstein la present\u00f3 a Trump y que este la habr\u00eda agredido a mediados de la d\u00e9cada de 1980, cuando ella ten\u00eda entre 13 y 15 a\u00f1os.<\/strong><\/p>\n<p>Un documento del FBI de 2025 disponible en la base de datos p\u00fablica recoge esa afirmaci\u00f3n, pero no incluye una evaluaci\u00f3n sobre su credibilidad.<\/p>\n<p>Los memorandos detallados de las entrevistas de seguimiento \u2014realizadas en agosto y octubre de 2019, seg\u00fan los \u00edndices\u2014 no figuran entre los documentos publicados.<\/p>\n<p>La irregularidad en los documentos se evidencia al constatar que, de las cuatro entrevistas que el FBI realiz\u00f3 a la denunciante \u2014seg\u00fan los \u00edndices y n\u00fameros de serie asociados al material de investigaci\u00f3n sobre la red de tr\u00e1fico de Epstein\u2014, solo uno de los res\u00famenes, centrado principalmente en las acusaciones contra Epstein, aparece en la base de datos p\u00fablica.<\/p>\n<p>Los otros tres res\u00famenes y sus notas correspondientes, <strong>que suman m\u00e1s de 50 p\u00e1ginas, no est\u00e1n disponibles en el sitio web del <a href=\"https:\/\/www.france24.com\/es\/tag\/departamento-de-justicia\/\" target=\"_self\" class=\"gtm-add-suggested-tag\">Departamento de Justicia<\/a><\/strong>, seg\u00fan la revisi\u00f3n de la numeraci\u00f3n de los documentos realizada por NPR.<\/p>\n<p>Otros medios, como <em><a href=\"https:\/\/www.france24.com\/es\/tag\/the-new-york-times\/\" target=\"_self\" class=\"gtm-add-suggested-tag\">The New York Times<\/a><\/em> y la cadena de cable MS NOW, reportaron hallazgos similares.<\/p>\n<p>Robert Garcia, principal dem\u00f3crata del Comit\u00e9 de Supervisi\u00f3n, afirm\u00f3 haber revisado registros de pruebas sin censura en el Departamento de Justicia y haber llegado a la misma conclusi\u00f3n.<\/p>\n<div id=\"em-WBMZ373360-F24-ES-20260226\" class=\"m-em-flash\" data-xtwitter-script><figcaption class=\"a-figcaption\"> <\/figcaption><div class=\"o-em-consent \" readability=\"7\">\n<div class=\"o-em-consent__content\" readability=\"34\">\n<p class=\"o-em-consent__content__text\">Para mostrar este contenido de X (Twitter), debe autorizar las cookies de medici\u00f3n de audiencia y publicidad.<\/p>\n<p> <button class=\"a-master-button a-master-button--dark\" data-action=\"accept\"> Aceptar <svg class=\"a-svg a-svg--icon-check\"> <use xlink:href=\"\/build\/images\/svg\/sprite.2837be4c5e502ba11bd31811b1fc3cb7.svg#icon-check\" href=\"\/build\/images\/svg\/sprite.2837be4c5e502ba11bd31811b1fc3cb7.svg#icon-check\" \/> <\/svg> <\/button> <button class=\"a-link\" data-action=\"manage\">Gestionar mis opciones<i class=\"a-svg a-svg--icon-edit\"><\/i><\/button> <\/div>\n<\/div>\n<\/div>\n<blockquote class=\"quote\" readability=\"9.044776119403\">\n<p>\u201cLos dem\u00f3cratas del Comit\u00e9 de Supervisi\u00f3n pueden confirmar que el <a href=\"https:\/\/www.france24.com\/es\/tag\/departamento-de-justicia\/\" target=\"_self\" class=\"gtm-add-suggested-tag\">Departamento de Justicia<\/a> parece haber retenido ilegalmente las entrevistas del FBI con esta sobreviviente\u201d, declar\u00f3 Garcia, y a\u00f1adi\u00f3 que los dem\u00f3cratas abrir\u00e1n una investigaci\u00f3n paralela y exigir\u00e1n que los documentos faltantes sean entregados al <a href=\"https:\/\/www.france24.com\/es\/tag\/congreso\/\" target=\"_self\" class=\"gtm-add-suggested-tag\">Congreso<\/a>.<\/p>\n<\/blockquote>\n<h2><strong>La justicia est\u00e1 revisando archivos&nbsp;<\/strong><\/h2>\n<p>El Departamento de Justicia, que en un primer momento neg\u00f3 cualquier irregularidad, asegur\u00f3 que <strong>est\u00e1 revisando sus archivos sobre Epstein para determinar si alguno fue gestionado \u00abde manera indebida\u00bb.<\/strong><\/p>\n<p>En virtud de una ley de transparencia aprobada el a\u00f1o pasado, el departamento ha publicado millones de p\u00e1ginas de documentos vinculados al notorio traficante sexual <a href=\"https:\/\/www.france24.com\/es\/tag\/jeffrey-epstein\/\" target=\"_self\" class=\"gtm-add-suggested-tag\">Jeffrey Epstein<\/a>.<\/p>\n<p>En un comunicado, el Departamento de Justicia tambi\u00e9n se refiri\u00f3 a lo que algunos medios han se\u00f1alado como ausencia de archivos relacionados con <a href=\"https:\/\/www.france24.com\/es\/tag\/ghislaine-maxwell\/\" target=\"_self\" class=\"gtm-add-suggested-tag\">Ghislaine Maxwell<\/a>, c\u00f3mplice de Epstein, entre los registros divulgados.<\/p>\n<p>\u201cComo ocurre con todos los documentos se\u00f1alados por el p\u00fablico, el Departamento est\u00e1 revisando actualmente los archivos dentro de esa categor\u00eda de producci\u00f3n\u201d, se\u00f1al\u00f3 en la red social X.<\/p>\n<blockquote class=\"quote\" readability=\"11.525065963061\">\n<p>\u201cSi se determina que alg\u00fan documento fue etiquetado de manera indebida durante el proceso de revisi\u00f3n y es pertinente seg\u00fan la ley, el Departamento lo publicar\u00e1, conforme a lo establecido por la legislaci\u00f3n\u201d, a\u00f1adi\u00f3, en referencia al <a href=\"https:\/\/www.france24.com\/es\/tag\/proyecto-de-ley\/\" target=\"_self\" class=\"gtm-add-suggested-tag\">proyecto de ley<\/a> bipartidista aprobado el a\u00f1o pasado que orden\u00f3 a la administraci\u00f3n Trump divulgar todos los archivos sobre Epstein.<\/p>\n<\/blockquote>\n<p>El Departamento sostiene adem\u00e1s que <strong>cualquier material no publicado se encuadra dentro de las categor\u00edas permitidas por la ley, <\/strong>como duplicados, documentos protegidos por privilegio legal o registros vinculados a una investigaci\u00f3n federal en curso.<\/p>\n<p>Consultado por AFP, <strong>el Departamento de Justicia remiti\u00f3 a una respuesta publicada en redes sociales en la que neg\u00f3 haber eliminado archivos<\/strong> y se\u00f1al\u00f3 que los documentos retirados temporalmente para realizar supresiones destinadas a proteger a las v\u00edctimas o a eliminar informaci\u00f3n personal identificable ser\u00e1n restituidos.<\/p>\n<div id=\"em-WBMZ373359-F24-ES-20260226\" class=\"m-em-flash\" data-xtwitter-script><figcaption class=\"a-figcaption\"> <\/figcaption><div class=\"o-em-consent \" readability=\"7\">\n<div class=\"o-em-consent__content\" readability=\"34\">\n<p class=\"o-em-consent__content__text\">Para mostrar este contenido de X (Twitter), debe autorizar las cookies de medici\u00f3n de audiencia y publicidad.<\/p>\n<p> <button class=\"a-master-button a-master-button--dark\" data-action=\"accept\"> Aceptar <svg class=\"a-svg a-svg--icon-check\"> <use xlink:href=\"\/build\/images\/svg\/sprite.2837be4c5e502ba11bd31811b1fc3cb7.svg#icon-check\" href=\"\/build\/images\/svg\/sprite.2837be4c5e502ba11bd31811b1fc3cb7.svg#icon-check\" \/> <\/svg> <\/button> <button class=\"a-link\" data-action=\"manage\">Gestionar mis opciones<i class=\"a-svg a-svg--icon-edit\"><\/i><\/button> <\/div>\n<\/div>\n<\/div>\n<p>Sin embargo, el argumento de los dem\u00f3cratas es que los registros de entrevistas faltantes no encajan en las categor\u00edas citadas por el departamento.<\/p>\n<p>Con AFP y medios locales&nbsp;<\/p>\n","protected":false},"excerpt":{"rendered":"<p>El \u201cmayor encubrimiento gubernamental en la historia&#46;&#46;&#46;<\/p>\n","protected":false},"author":1,"featured_media":30680,"comment_status":"closed","ping_status":"closed","sticky":false,"template":"","format":"standard","meta":{"_jetpack_memberships_contains_paid_content":false,"footnotes":"","jetpack_publicize_message":"","jetpack_publicize_feature_enabled":true,"jetpack_social_post_already_shared":true,"jetpack_social_options":{"image_generator_settings":{"template":"highway","default_image_id":0,"font":"","enabled":false},"version":2}},"categories":[43],"tags":[],"class_list":["post-30679","post","type-post","status-publish","format-standard","has-post-thumbnail","hentry","category-internacionales"],"yoast_head":"<!-- This site is optimized with the Yoast SEO plugin v27.3 - https:\/\/yoast.com\/product\/yoast-seo-wordpress\/ -->\n<title>Dem\u00f3cratas se\u00f1alan el &quot;mayor encubrimiento&quot; de documentos en archivos Epstein relacionados con Trump - Sarmiento24h<\/title>\n<meta name=\"robots\" content=\"index, follow, max-snippet:-1, max-image-preview:large, max-video-preview:-1\" \/>\n<link rel=\"canonical\" href=\"https:\/\/sarmiento24h.com\/?p=30679\" \/>\n<meta property=\"og:locale\" content=\"es_ES\" \/>\n<meta property=\"og:type\" content=\"article\" \/>\n<meta property=\"og:title\" content=\"Dem\u00f3cratas se\u00f1alan el &quot;mayor encubrimiento&quot; de documentos en archivos Epstein relacionados con Trump - Sarmiento24h\" \/>\n<meta property=\"og:description\" content=\"El \u201cmayor encubrimiento gubernamental en la historia&#046;&#046;&#046;\" \/>\n<meta property=\"og:url\" content=\"https:\/\/sarmiento24h.com\/?p=30679\" \/>\n<meta property=\"og:site_name\" content=\"Sarmiento24h\" \/>\n<meta property=\"article:publisher\" content=\"https:\/\/facebook.com\/s24hnoticias\" \/>\n<meta property=\"article:published_time\" content=\"2026-02-26T09:54:18+00:00\" \/>\n<meta property=\"og:image\" content=\"https:\/\/sarmiento24h.com\/wp-content\/uploads\/2026\/02\/democratas-senalan-el-mayor-encubrimiento-de-documentos-en-archivos-epstein-relacionados-con-trump.jpg\" \/>\n\t<meta property=\"og:image:width\" content=\"1280\" \/>\n\t<meta property=\"og:image:height\" content=\"719\" \/>\n\t<meta property=\"og:image:type\" content=\"image\/jpeg\" \/>\n<meta name=\"author\" content=\"sarmiento24h@gmail.com\" \/>\n<meta name=\"twitter:card\" content=\"summary_large_image\" \/>\n<meta name=\"twitter:creator\" content=\"@sarmiento24h\" \/>\n<meta name=\"twitter:site\" content=\"@sarmiento24h\" \/>\n<meta name=\"twitter:label1\" content=\"Escrito por\" \/>\n\t<meta name=\"twitter:data1\" content=\"sarmiento24h@gmail.com\" \/>\n\t<meta name=\"twitter:label2\" content=\"Tiempo de lectura\" \/>\n\t<meta name=\"twitter:data2\" content=\"4 minutos\" \/>\n<script type=\"application\/ld+json\" class=\"yoast-schema-graph\">{\"@context\":\"https:\\\/\\\/schema.org\",\"@graph\":[{\"@type\":\"Article\",\"@id\":\"https:\\\/\\\/sarmiento24h.com\\\/?p=30679#article\",\"isPartOf\":{\"@id\":\"https:\\\/\\\/sarmiento24h.com\\\/?p=30679\"},\"author\":{\"name\":\"sarmiento24h@gmail.com\",\"@id\":\"https:\\\/\\\/sarmiento24h.com\\\/#\\\/schema\\\/person\\\/d653a59725ad629a7e0429af7b939d4d\"},\"headline\":\"Dem\u00f3cratas se\u00f1alan el \u00abmayor encubrimiento\u00bb de documentos en archivos Epstein relacionados con Trump\",\"datePublished\":\"2026-02-26T09:54:18+00:00\",\"mainEntityOfPage\":{\"@id\":\"https:\\\/\\\/sarmiento24h.com\\\/?p=30679\"},\"wordCount\":824,\"publisher\":{\"@id\":\"https:\\\/\\\/sarmiento24h.com\\\/#organization\"},\"image\":{\"@id\":\"https:\\\/\\\/sarmiento24h.com\\\/?p=30679#primaryimage\"},\"thumbnailUrl\":\"https:\\\/\\\/sarmiento24h.com\\\/wp-content\\\/uploads\\\/2026\\\/02\\\/democratas-senalan-el-mayor-encubrimiento-de-documentos-en-archivos-epstein-relacionados-con-trump.jpg\",\"articleSection\":[\"Internacionales\"],\"inLanguage\":\"es\"},{\"@type\":\"WebPage\",\"@id\":\"https:\\\/\\\/sarmiento24h.com\\\/?p=30679\",\"url\":\"https:\\\/\\\/sarmiento24h.com\\\/?p=30679\",\"name\":\"Dem\u00f3cratas se\u00f1alan el \\\"mayor encubrimiento\\\" de documentos en archivos Epstein relacionados con Trump - Sarmiento24h\",\"isPartOf\":{\"@id\":\"https:\\\/\\\/sarmiento24h.com\\\/#website\"},\"primaryImageOfPage\":{\"@id\":\"https:\\\/\\\/sarmiento24h.com\\\/?p=30679#primaryimage\"},\"image\":{\"@id\":\"https:\\\/\\\/sarmiento24h.com\\\/?p=30679#primaryimage\"},\"thumbnailUrl\":\"https:\\\/\\\/sarmiento24h.com\\\/wp-content\\\/uploads\\\/2026\\\/02\\\/democratas-senalan-el-mayor-encubrimiento-de-documentos-en-archivos-epstein-relacionados-con-trump.jpg\",\"datePublished\":\"2026-02-26T09:54:18+00:00\",\"breadcrumb\":{\"@id\":\"https:\\\/\\\/sarmiento24h.com\\\/?p=30679#breadcrumb\"},\"inLanguage\":\"es\",\"potentialAction\":[{\"@type\":\"ReadAction\",\"target\":[\"https:\\\/\\\/sarmiento24h.com\\\/?p=30679\"]}]},{\"@type\":\"ImageObject\",\"inLanguage\":\"es\",\"@id\":\"https:\\\/\\\/sarmiento24h.com\\\/?p=30679#primaryimage\",\"url\":\"https:\\\/\\\/sarmiento24h.com\\\/wp-content\\\/uploads\\\/2026\\\/02\\\/democratas-senalan-el-mayor-encubrimiento-de-documentos-en-archivos-epstein-relacionados-con-trump.jpg\",\"contentUrl\":\"https:\\\/\\\/sarmiento24h.com\\\/wp-content\\\/uploads\\\/2026\\\/02\\\/democratas-senalan-el-mayor-encubrimiento-de-documentos-en-archivos-epstein-relacionados-con-trump.jpg\",\"width\":1280,\"height\":719},{\"@type\":\"BreadcrumbList\",\"@id\":\"https:\\\/\\\/sarmiento24h.com\\\/?p=30679#breadcrumb\",\"itemListElement\":[{\"@type\":\"ListItem\",\"position\":1,\"name\":\"Home\",\"item\":\"https:\\\/\\\/sarmiento24h.com\\\/\"},{\"@type\":\"ListItem\",\"position\":2,\"name\":\"Dem\u00f3cratas se\u00f1alan el \u00abmayor encubrimiento\u00bb de documentos en archivos Epstein relacionados con Trump\"}]},{\"@type\":\"WebSite\",\"@id\":\"https:\\\/\\\/sarmiento24h.com\\\/#website\",\"url\":\"https:\\\/\\\/sarmiento24h.com\\\/\",\"name\":\"Sarmiento24h\",\"description\":\"\",\"publisher\":{\"@id\":\"https:\\\/\\\/sarmiento24h.com\\\/#organization\"},\"potentialAction\":[{\"@type\":\"SearchAction\",\"target\":{\"@type\":\"EntryPoint\",\"urlTemplate\":\"https:\\\/\\\/sarmiento24h.com\\\/?s={search_term_string}\"},\"query-input\":{\"@type\":\"PropertyValueSpecification\",\"valueRequired\":true,\"valueName\":\"search_term_string\"}}],\"inLanguage\":\"es\"},{\"@type\":\"Organization\",\"@id\":\"https:\\\/\\\/sarmiento24h.com\\\/#organization\",\"name\":\"Sarmiento24h\",\"url\":\"https:\\\/\\\/sarmiento24h.com\\\/\",\"logo\":{\"@type\":\"ImageObject\",\"inLanguage\":\"es\",\"@id\":\"https:\\\/\\\/sarmiento24h.com\\\/#\\\/schema\\\/logo\\\/image\\\/\",\"url\":\"https:\\\/\\\/sarmiento24h.com\\\/wp-content\\\/uploads\\\/2025\\\/12\\\/AddText_12-16-10.30.52.jpg\",\"contentUrl\":\"https:\\\/\\\/sarmiento24h.com\\\/wp-content\\\/uploads\\\/2025\\\/12\\\/AddText_12-16-10.30.52.jpg\",\"width\":1220,\"height\":324,\"caption\":\"Sarmiento24h\"},\"image\":{\"@id\":\"https:\\\/\\\/sarmiento24h.com\\\/#\\\/schema\\\/logo\\\/image\\\/\"},\"sameAs\":[\"https:\\\/\\\/facebook.com\\\/s24hnoticias\",\"https:\\\/\\\/x.com\\\/sarmiento24h\"]},{\"@type\":\"Person\",\"@id\":\"https:\\\/\\\/sarmiento24h.com\\\/#\\\/schema\\\/person\\\/d653a59725ad629a7e0429af7b939d4d\",\"name\":\"sarmiento24h@gmail.com\",\"image\":{\"@type\":\"ImageObject\",\"inLanguage\":\"es\",\"@id\":\"https:\\\/\\\/sarmiento24h.com\\\/wp-content\\\/litespeed\\\/avatar\\\/d02cbc4e23c747e6659cd45907173c8f.jpg?ver=1777157796\",\"url\":\"https:\\\/\\\/sarmiento24h.com\\\/wp-content\\\/litespeed\\\/avatar\\\/d02cbc4e23c747e6659cd45907173c8f.jpg?ver=1777157796\",\"contentUrl\":\"https:\\\/\\\/sarmiento24h.com\\\/wp-content\\\/litespeed\\\/avatar\\\/d02cbc4e23c747e6659cd45907173c8f.jpg?ver=1777157796\",\"caption\":\"sarmiento24h@gmail.com\"},\"sameAs\":[\"https:\\\/\\\/sarmiento24h.com\"],\"url\":\"https:\\\/\\\/sarmiento24h.com\\\/?author=1\"}]}<\/script>\n<!-- \/ Yoast SEO plugin. -->","yoast_head_json":{"title":"Dem\u00f3cratas se\u00f1alan el \"mayor encubrimiento\" de documentos en archivos Epstein relacionados con Trump - Sarmiento24h","robots":{"index":"index","follow":"follow","max-snippet":"max-snippet:-1","max-image-preview":"max-image-preview:large","max-video-preview":"max-video-preview:-1"},"canonical":"https:\/\/sarmiento24h.com\/?p=30679","og_locale":"es_ES","og_type":"article","og_title":"Dem\u00f3cratas se\u00f1alan el \"mayor encubrimiento\" de documentos en archivos Epstein relacionados con Trump - Sarmiento24h","og_description":"El \u201cmayor encubrimiento gubernamental en la historia&#46;&#46;&#46;","og_url":"https:\/\/sarmiento24h.com\/?p=30679","og_site_name":"Sarmiento24h","article_publisher":"https:\/\/facebook.com\/s24hnoticias","article_published_time":"2026-02-26T09:54:18+00:00","og_image":[{"width":1280,"height":719,"url":"https:\/\/sarmiento24h.com\/wp-content\/uploads\/2026\/02\/democratas-senalan-el-mayor-encubrimiento-de-documentos-en-archivos-epstein-relacionados-con-trump.jpg","type":"image\/jpeg"}],"author":"sarmiento24h@gmail.com","twitter_card":"summary_large_image","twitter_creator":"@sarmiento24h","twitter_site":"@sarmiento24h","twitter_misc":{"Escrito por":"sarmiento24h@gmail.com","Tiempo de lectura":"4 minutos"},"schema":{"@context":"https:\/\/schema.org","@graph":[{"@type":"Article","@id":"https:\/\/sarmiento24h.com\/?p=30679#article","isPartOf":{"@id":"https:\/\/sarmiento24h.com\/?p=30679"},"author":{"name":"sarmiento24h@gmail.com","@id":"https:\/\/sarmiento24h.com\/#\/schema\/person\/d653a59725ad629a7e0429af7b939d4d"},"headline":"Dem\u00f3cratas se\u00f1alan el \u00abmayor encubrimiento\u00bb de documentos en archivos Epstein relacionados con Trump","datePublished":"2026-02-26T09:54:18+00:00","mainEntityOfPage":{"@id":"https:\/\/sarmiento24h.com\/?p=30679"},"wordCount":824,"publisher":{"@id":"https:\/\/sarmiento24h.com\/#organization"},"image":{"@id":"https:\/\/sarmiento24h.com\/?p=30679#primaryimage"},"thumbnailUrl":"https:\/\/sarmiento24h.com\/wp-content\/uploads\/2026\/02\/democratas-senalan-el-mayor-encubrimiento-de-documentos-en-archivos-epstein-relacionados-con-trump.jpg","articleSection":["Internacionales"],"inLanguage":"es"},{"@type":"WebPage","@id":"https:\/\/sarmiento24h.com\/?p=30679","url":"https:\/\/sarmiento24h.com\/?p=30679","name":"Dem\u00f3cratas se\u00f1alan el \"mayor encubrimiento\" de documentos en archivos Epstein relacionados con Trump - Sarmiento24h","isPartOf":{"@id":"https:\/\/sarmiento24h.com\/#website"},"primaryImageOfPage":{"@id":"https:\/\/sarmiento24h.com\/?p=30679#primaryimage"},"image":{"@id":"https:\/\/sarmiento24h.com\/?p=30679#primaryimage"},"thumbnailUrl":"https:\/\/sarmiento24h.com\/wp-content\/uploads\/2026\/02\/democratas-senalan-el-mayor-encubrimiento-de-documentos-en-archivos-epstein-relacionados-con-trump.jpg","datePublished":"2026-02-26T09:54:18+00:00","breadcrumb":{"@id":"https:\/\/sarmiento24h.com\/?p=30679#breadcrumb"},"inLanguage":"es","potentialAction":[{"@type":"ReadAction","target":["https:\/\/sarmiento24h.com\/?p=30679"]}]},{"@type":"ImageObject","inLanguage":"es","@id":"https:\/\/sarmiento24h.com\/?p=30679#primaryimage","url":"https:\/\/sarmiento24h.com\/wp-content\/uploads\/2026\/02\/democratas-senalan-el-mayor-encubrimiento-de-documentos-en-archivos-epstein-relacionados-con-trump.jpg","contentUrl":"https:\/\/sarmiento24h.com\/wp-content\/uploads\/2026\/02\/democratas-senalan-el-mayor-encubrimiento-de-documentos-en-archivos-epstein-relacionados-con-trump.jpg","width":1280,"height":719},{"@type":"BreadcrumbList","@id":"https:\/\/sarmiento24h.com\/?p=30679#breadcrumb","itemListElement":[{"@type":"ListItem","position":1,"name":"Home","item":"https:\/\/sarmiento24h.com\/"},{"@type":"ListItem","position":2,"name":"Dem\u00f3cratas se\u00f1alan el \u00abmayor encubrimiento\u00bb de documentos en archivos Epstein relacionados con Trump"}]},{"@type":"WebSite","@id":"https:\/\/sarmiento24h.com\/#website","url":"https:\/\/sarmiento24h.com\/","name":"Sarmiento24h","description":"","publisher":{"@id":"https:\/\/sarmiento24h.com\/#organization"},"potentialAction":[{"@type":"SearchAction","target":{"@type":"EntryPoint","urlTemplate":"https:\/\/sarmiento24h.com\/?s={search_term_string}"},"query-input":{"@type":"PropertyValueSpecification","valueRequired":true,"valueName":"search_term_string"}}],"inLanguage":"es"},{"@type":"Organization","@id":"https:\/\/sarmiento24h.com\/#organization","name":"Sarmiento24h","url":"https:\/\/sarmiento24h.com\/","logo":{"@type":"ImageObject","inLanguage":"es","@id":"https:\/\/sarmiento24h.com\/#\/schema\/logo\/image\/","url":"https:\/\/sarmiento24h.com\/wp-content\/uploads\/2025\/12\/AddText_12-16-10.30.52.jpg","contentUrl":"https:\/\/sarmiento24h.com\/wp-content\/uploads\/2025\/12\/AddText_12-16-10.30.52.jpg","width":1220,"height":324,"caption":"Sarmiento24h"},"image":{"@id":"https:\/\/sarmiento24h.com\/#\/schema\/logo\/image\/"},"sameAs":["https:\/\/facebook.com\/s24hnoticias","https:\/\/x.com\/sarmiento24h"]},{"@type":"Person","@id":"https:\/\/sarmiento24h.com\/#\/schema\/person\/d653a59725ad629a7e0429af7b939d4d","name":"sarmiento24h@gmail.com","image":{"@type":"ImageObject","inLanguage":"es","@id":"https:\/\/sarmiento24h.com\/wp-content\/litespeed\/avatar\/d02cbc4e23c747e6659cd45907173c8f.jpg?ver=1777157796","url":"https:\/\/sarmiento24h.com\/wp-content\/litespeed\/avatar\/d02cbc4e23c747e6659cd45907173c8f.jpg?ver=1777157796","contentUrl":"https:\/\/sarmiento24h.com\/wp-content\/litespeed\/avatar\/d02cbc4e23c747e6659cd45907173c8f.jpg?ver=1777157796","caption":"sarmiento24h@gmail.com"},"sameAs":["https:\/\/sarmiento24h.com"],"url":"https:\/\/sarmiento24h.com\/?author=1"}]}},"jetpack_publicize_connections":[],"jetpack_featured_media_url":"https:\/\/sarmiento24h.com\/wp-content\/uploads\/2026\/02\/democratas-senalan-el-mayor-encubrimiento-de-documentos-en-archivos-epstein-relacionados-con-trump.jpg","jetpack_sharing_enabled":true,"_links":{"self":[{"href":"https:\/\/sarmiento24h.com\/index.php?rest_route=\/wp\/v2\/posts\/30679","targetHints":{"allow":["GET"]}}],"collection":[{"href":"https:\/\/sarmiento24h.com\/index.php?rest_route=\/wp\/v2\/posts"}],"about":[{"href":"https:\/\/sarmiento24h.com\/index.php?rest_route=\/wp\/v2\/types\/post"}],"author":[{"embeddable":true,"href":"https:\/\/sarmiento24h.com\/index.php?rest_route=\/wp\/v2\/users\/1"}],"replies":[{"embeddable":true,"href":"https:\/\/sarmiento24h.com\/index.php?rest_route=%2Fwp%2Fv2%2Fcomments&post=30679"}],"version-history":[{"count":0,"href":"https:\/\/sarmiento24h.com\/index.php?rest_route=\/wp\/v2\/posts\/30679\/revisions"}],"wp:featuredmedia":[{"embeddable":true,"href":"https:\/\/sarmiento24h.com\/index.php?rest_route=\/wp\/v2\/media\/30680"}],"wp:attachment":[{"href":"https:\/\/sarmiento24h.com\/index.php?rest_route=%2Fwp%2Fv2%2Fmedia&parent=30679"}],"wp:term":[{"taxonomy":"category","embeddable":true,"href":"https:\/\/sarmiento24h.com\/index.php?rest_route=%2Fwp%2Fv2%2Fcategories&post=30679"},{"taxonomy":"post_tag","embeddable":true,"href":"https:\/\/sarmiento24h.com\/index.php?rest_route=%2Fwp%2Fv2%2Ftags&post=30679"}],"curies":[{"name":"wp","href":"https:\/\/api.w.org\/{rel}","templated":true}]}}