{"id":31015,"date":"2026-02-26T14:03:47","date_gmt":"2026-02-26T14:03:47","guid":{"rendered":"http:\/\/773f580c-1316-11f1-95c6-b300181792fc"},"modified":"2026-02-26T14:03:47","modified_gmt":"2026-02-26T14:03:47","slug":"disputa-comercial-ecuador-aumenta-del-30-al-50-arancel-para-importaciones-desde-colombia","status":"publish","type":"post","link":"https:\/\/sarmiento24h.com\/?p=31015","title":{"rendered":"Disputa comercial: Ecuador aumenta del 30% al 50 % arancel para importaciones desde Colombia"},"content":{"rendered":"<div><img decoding=\"async\" src=\"https:\/\/sarmiento24h.com\/wp-content\/uploads\/2026\/02\/disputa-comercial-ecuador-aumenta-del-30-al-50-arancel-para-importaciones-desde-colombia.jpg\" class=\"ff-og-image-inserted\"><\/div>\n<p>\u00abTras constatar la falta de implementaci\u00f3n de medidas concretas y efectivas en materia de seguridad fronteriza por parte de Colombia, Ecuador se ve en la obligaci\u00f3n de adoptar medidas soberanas\u00bb, se\u00f1al\u00f3 el Ministerio de Producci\u00f3n, Comercio Exterior a inversiones un comunicado.<\/p>\n<p>Por ello, \u00aba partir del 1 de marzo, se dispone el incremento de la tasa de seguridad a las importaciones provenientes de Colombia, pasando del 30% al 50%\u00bb, puntualiz\u00f3.<\/p>\n<p>Apunt\u00f3 que esta decisi\u00f3n responde \u00aba criterios de seguridad nacional, para fortalecer la corresponsabilidad en una tarea que debe ser conjunta: enfrentar la presencia del narcotr\u00e1fico en la frontera\u00bb.<\/p>\n<p>Ecuador hab\u00eda impuesto una tasa de seguridad del 30 % desde el 1 de febrero y el pasado martes Colombia aplic\u00f3 la misma medida a 23 partidas de productos ecuatorianos.<\/p>\n<p>El anuncio se dio un d\u00eda despu\u00e9s que la canciller de Ecuador, Gabriela Sommerfeld, asegurase que el Gobierno \u00abmantiene el di\u00e1logo\u00bb con Colombia a trav\u00e9s de las respectivas embajadas y de contactos directos entre autoridades.<\/p>\n<div id=\"em-WBMZ373392-F24-ES-20260226\" class=\"m-em-flash\" data-xtwitter-script><figcaption class=\"a-figcaption\"> <\/figcaption><div class=\"o-em-consent \" readability=\"7\">\n<div class=\"o-em-consent__content\" readability=\"34\">\n<p class=\"o-em-consent__content__text\">Para mostrar este contenido de X (Twitter), debe autorizar las cookies de medici\u00f3n de audiencia y publicidad.<\/p>\n<p> <button class=\"a-master-button a-master-button--dark\" data-action=\"accept\"> Aceptar <svg class=\"a-svg a-svg--icon-check\"> <use xlink:href=\"\/build\/images\/svg\/sprite.2837be4c5e502ba11bd31811b1fc3cb7.svg#icon-check\" href=\"\/build\/images\/svg\/sprite.2837be4c5e502ba11bd31811b1fc3cb7.svg#icon-check\" \/> <\/svg> <\/button> <button class=\"a-link\" data-action=\"manage\">Gestionar mis opciones<i class=\"a-svg a-svg--icon-edit\"><\/i><\/button> <\/div>\n<\/div>\n<\/div>\n<p>La guerra comercial entre Ecuador y Colombia comenz\u00f3 en enero pasado cuando el presidente ecuatoriano Daniel Noboa anunci\u00f3 la aplicaci\u00f3n de una \u00abtasa de seguridad\u00bb del 30 % a productos colombianos desde el 1 de febrero, una medida que, seg\u00fan explic\u00f3, respond\u00eda a la falta de acciones firmes del pa\u00eds vecino contra los grupos criminales y el narcotr\u00e1fico.<\/p>\n<p>En respuesta, Colombia anunci\u00f3 medidas similares y comenz\u00f3 este martes a cobrar el mismo porcentaje a productos ecuatorianos, decisi\u00f3n que alcanza a 23 partidas arancelarias agrupadas en 73 subpartidas correspondientes a bienes agr\u00edcolas, alimenticios e industriales.<\/p>\n<p>Como consecuencia, varios productos permanecen almanecados en bodegas de la ciudad de Tulc\u00e1n, capital de la provincia del Carchi, fronteriza con Colombia, por la prohibici\u00f3n del pa\u00eds vecino de acceder v\u00eda terrestre.<\/p>\n<p>La Federaci\u00f3n Ecuatoriana de Exportadores (Fedexpor), que este martes inst\u00f3 al Ejecutivo a retomar las conversaciones con el pa\u00eds vecino, los aranceles impactan aproximadamente a 5,25 millones de d\u00f3lares en exportaciones semanales hacia Colombia, lo que equivale a cerca de un tercio del valor total que Ecuador vende a ese mercado.<\/p>\n","protected":false},"excerpt":{"rendered":"<p>\u00abTras constatar la falta de implementaci\u00f3n de&#46;&#46;&#46;<\/p>\n","protected":false},"author":1,"featured_media":31016,"comment_status":"closed","ping_status":"closed","sticky":false,"template":"","format":"standard","meta":{"_jetpack_memberships_contains_paid_content":false,"footnotes":"","jetpack_publicize_message":"","jetpack_publicize_feature_enabled":true,"jetpack_social_post_already_shared":true,"jetpack_social_options":{"image_generator_settings":{"template":"highway","default_image_id":0,"font":"","enabled":false},"version":2}},"categories":[43],"tags":[],"class_list":["post-31015","post","type-post","status-publish","format-standard","has-post-thumbnail","hentry","category-internacionales"],"yoast_head":"<!-- This site is optimized with the Yoast SEO plugin v27.3 - https:\/\/yoast.com\/product\/yoast-seo-wordpress\/ -->\n<title>Disputa comercial: Ecuador aumenta del 30% al 50 % arancel para importaciones desde Colombia - Sarmiento24h<\/title>\n<meta name=\"robots\" content=\"index, follow, max-snippet:-1, max-image-preview:large, max-video-preview:-1\" \/>\n<link rel=\"canonical\" href=\"https:\/\/sarmiento24h.com\/?p=31015\" \/>\n<meta property=\"og:locale\" content=\"es_ES\" \/>\n<meta property=\"og:type\" content=\"article\" \/>\n<meta property=\"og:title\" content=\"Disputa comercial: Ecuador aumenta del 30% al 50 % arancel para importaciones desde Colombia - Sarmiento24h\" \/>\n<meta property=\"og:description\" content=\"\u00abTras constatar la falta de implementaci\u00f3n de&#046;&#046;&#046;\" \/>\n<meta property=\"og:url\" content=\"https:\/\/sarmiento24h.com\/?p=31015\" \/>\n<meta property=\"og:site_name\" content=\"Sarmiento24h\" \/>\n<meta property=\"article:publisher\" content=\"https:\/\/facebook.com\/s24hnoticias\" \/>\n<meta property=\"article:published_time\" content=\"2026-02-26T14:03:47+00:00\" \/>\n<meta property=\"og:image\" content=\"https:\/\/sarmiento24h.com\/wp-content\/uploads\/2026\/02\/disputa-comercial-ecuador-aumenta-del-30-al-50-arancel-para-importaciones-desde-colombia.jpg\" \/>\n\t<meta property=\"og:image:width\" content=\"1280\" \/>\n\t<meta property=\"og:image:height\" content=\"720\" \/>\n\t<meta property=\"og:image:type\" content=\"image\/jpeg\" \/>\n<meta name=\"author\" content=\"sarmiento24h@gmail.com\" \/>\n<meta name=\"twitter:card\" content=\"summary_large_image\" \/>\n<meta name=\"twitter:creator\" content=\"@sarmiento24h\" \/>\n<meta name=\"twitter:site\" content=\"@sarmiento24h\" \/>\n<meta name=\"twitter:label1\" content=\"Escrito por\" \/>\n\t<meta name=\"twitter:data1\" content=\"sarmiento24h@gmail.com\" \/>\n\t<meta name=\"twitter:label2\" content=\"Tiempo de lectura\" \/>\n\t<meta name=\"twitter:data2\" content=\"2 minutos\" \/>\n<script type=\"application\/ld+json\" class=\"yoast-schema-graph\">{\"@context\":\"https:\\\/\\\/schema.org\",\"@graph\":[{\"@type\":\"Article\",\"@id\":\"https:\\\/\\\/sarmiento24h.com\\\/?p=31015#article\",\"isPartOf\":{\"@id\":\"https:\\\/\\\/sarmiento24h.com\\\/?p=31015\"},\"author\":{\"name\":\"sarmiento24h@gmail.com\",\"@id\":\"https:\\\/\\\/sarmiento24h.com\\\/#\\\/schema\\\/person\\\/d653a59725ad629a7e0429af7b939d4d\"},\"headline\":\"Disputa comercial: Ecuador aumenta del 30% al 50 % arancel para importaciones desde Colombia\",\"datePublished\":\"2026-02-26T14:03:47+00:00\",\"mainEntityOfPage\":{\"@id\":\"https:\\\/\\\/sarmiento24h.com\\\/?p=31015\"},\"wordCount\":386,\"publisher\":{\"@id\":\"https:\\\/\\\/sarmiento24h.com\\\/#organization\"},\"image\":{\"@id\":\"https:\\\/\\\/sarmiento24h.com\\\/?p=31015#primaryimage\"},\"thumbnailUrl\":\"https:\\\/\\\/sarmiento24h.com\\\/wp-content\\\/uploads\\\/2026\\\/02\\\/disputa-comercial-ecuador-aumenta-del-30-al-50-arancel-para-importaciones-desde-colombia.jpg\",\"articleSection\":[\"Internacionales\"],\"inLanguage\":\"es\"},{\"@type\":\"WebPage\",\"@id\":\"https:\\\/\\\/sarmiento24h.com\\\/?p=31015\",\"url\":\"https:\\\/\\\/sarmiento24h.com\\\/?p=31015\",\"name\":\"Disputa comercial: Ecuador aumenta del 30% al 50 % arancel para importaciones desde Colombia - Sarmiento24h\",\"isPartOf\":{\"@id\":\"https:\\\/\\\/sarmiento24h.com\\\/#website\"},\"primaryImageOfPage\":{\"@id\":\"https:\\\/\\\/sarmiento24h.com\\\/?p=31015#primaryimage\"},\"image\":{\"@id\":\"https:\\\/\\\/sarmiento24h.com\\\/?p=31015#primaryimage\"},\"thumbnailUrl\":\"https:\\\/\\\/sarmiento24h.com\\\/wp-content\\\/uploads\\\/2026\\\/02\\\/disputa-comercial-ecuador-aumenta-del-30-al-50-arancel-para-importaciones-desde-colombia.jpg\",\"datePublished\":\"2026-02-26T14:03:47+00:00\",\"breadcrumb\":{\"@id\":\"https:\\\/\\\/sarmiento24h.com\\\/?p=31015#breadcrumb\"},\"inLanguage\":\"es\",\"potentialAction\":[{\"@type\":\"ReadAction\",\"target\":[\"https:\\\/\\\/sarmiento24h.com\\\/?p=31015\"]}]},{\"@type\":\"ImageObject\",\"inLanguage\":\"es\",\"@id\":\"https:\\\/\\\/sarmiento24h.com\\\/?p=31015#primaryimage\",\"url\":\"https:\\\/\\\/sarmiento24h.com\\\/wp-content\\\/uploads\\\/2026\\\/02\\\/disputa-comercial-ecuador-aumenta-del-30-al-50-arancel-para-importaciones-desde-colombia.jpg\",\"contentUrl\":\"https:\\\/\\\/sarmiento24h.com\\\/wp-content\\\/uploads\\\/2026\\\/02\\\/disputa-comercial-ecuador-aumenta-del-30-al-50-arancel-para-importaciones-desde-colombia.jpg\",\"width\":1280,\"height\":720},{\"@type\":\"BreadcrumbList\",\"@id\":\"https:\\\/\\\/sarmiento24h.com\\\/?p=31015#breadcrumb\",\"itemListElement\":[{\"@type\":\"ListItem\",\"position\":1,\"name\":\"Home\",\"item\":\"https:\\\/\\\/sarmiento24h.com\\\/\"},{\"@type\":\"ListItem\",\"position\":2,\"name\":\"Disputa comercial: Ecuador aumenta del 30% al 50 % arancel para importaciones desde Colombia\"}]},{\"@type\":\"WebSite\",\"@id\":\"https:\\\/\\\/sarmiento24h.com\\\/#website\",\"url\":\"https:\\\/\\\/sarmiento24h.com\\\/\",\"name\":\"Sarmiento24h\",\"description\":\"\",\"publisher\":{\"@id\":\"https:\\\/\\\/sarmiento24h.com\\\/#organization\"},\"potentialAction\":[{\"@type\":\"SearchAction\",\"target\":{\"@type\":\"EntryPoint\",\"urlTemplate\":\"https:\\\/\\\/sarmiento24h.com\\\/?s={search_term_string}\"},\"query-input\":{\"@type\":\"PropertyValueSpecification\",\"valueRequired\":true,\"valueName\":\"search_term_string\"}}],\"inLanguage\":\"es\"},{\"@type\":\"Organization\",\"@id\":\"https:\\\/\\\/sarmiento24h.com\\\/#organization\",\"name\":\"Sarmiento24h\",\"url\":\"https:\\\/\\\/sarmiento24h.com\\\/\",\"logo\":{\"@type\":\"ImageObject\",\"inLanguage\":\"es\",\"@id\":\"https:\\\/\\\/sarmiento24h.com\\\/#\\\/schema\\\/logo\\\/image\\\/\",\"url\":\"https:\\\/\\\/sarmiento24h.com\\\/wp-content\\\/uploads\\\/2025\\\/12\\\/AddText_12-16-10.30.52.jpg\",\"contentUrl\":\"https:\\\/\\\/sarmiento24h.com\\\/wp-content\\\/uploads\\\/2025\\\/12\\\/AddText_12-16-10.30.52.jpg\",\"width\":1220,\"height\":324,\"caption\":\"Sarmiento24h\"},\"image\":{\"@id\":\"https:\\\/\\\/sarmiento24h.com\\\/#\\\/schema\\\/logo\\\/image\\\/\"},\"sameAs\":[\"https:\\\/\\\/facebook.com\\\/s24hnoticias\",\"https:\\\/\\\/x.com\\\/sarmiento24h\"]},{\"@type\":\"Person\",\"@id\":\"https:\\\/\\\/sarmiento24h.com\\\/#\\\/schema\\\/person\\\/d653a59725ad629a7e0429af7b939d4d\",\"name\":\"sarmiento24h@gmail.com\",\"image\":{\"@type\":\"ImageObject\",\"inLanguage\":\"es\",\"@id\":\"https:\\\/\\\/sarmiento24h.com\\\/wp-content\\\/litespeed\\\/avatar\\\/d02cbc4e23c747e6659cd45907173c8f.jpg?ver=1777157796\",\"url\":\"https:\\\/\\\/sarmiento24h.com\\\/wp-content\\\/litespeed\\\/avatar\\\/d02cbc4e23c747e6659cd45907173c8f.jpg?ver=1777157796\",\"contentUrl\":\"https:\\\/\\\/sarmiento24h.com\\\/wp-content\\\/litespeed\\\/avatar\\\/d02cbc4e23c747e6659cd45907173c8f.jpg?ver=1777157796\",\"caption\":\"sarmiento24h@gmail.com\"},\"sameAs\":[\"https:\\\/\\\/sarmiento24h.com\"],\"url\":\"https:\\\/\\\/sarmiento24h.com\\\/?author=1\"}]}<\/script>\n<!-- \/ Yoast SEO plugin. -->","yoast_head_json":{"title":"Disputa comercial: Ecuador aumenta del 30% al 50 % arancel para importaciones desde Colombia - Sarmiento24h","robots":{"index":"index","follow":"follow","max-snippet":"max-snippet:-1","max-image-preview":"max-image-preview:large","max-video-preview":"max-video-preview:-1"},"canonical":"https:\/\/sarmiento24h.com\/?p=31015","og_locale":"es_ES","og_type":"article","og_title":"Disputa comercial: Ecuador aumenta del 30% al 50 % arancel para importaciones desde Colombia - Sarmiento24h","og_description":"\u00abTras constatar la falta de implementaci\u00f3n de&#46;&#46;&#46;","og_url":"https:\/\/sarmiento24h.com\/?p=31015","og_site_name":"Sarmiento24h","article_publisher":"https:\/\/facebook.com\/s24hnoticias","article_published_time":"2026-02-26T14:03:47+00:00","og_image":[{"width":1280,"height":720,"url":"https:\/\/sarmiento24h.com\/wp-content\/uploads\/2026\/02\/disputa-comercial-ecuador-aumenta-del-30-al-50-arancel-para-importaciones-desde-colombia.jpg","type":"image\/jpeg"}],"author":"sarmiento24h@gmail.com","twitter_card":"summary_large_image","twitter_creator":"@sarmiento24h","twitter_site":"@sarmiento24h","twitter_misc":{"Escrito por":"sarmiento24h@gmail.com","Tiempo de lectura":"2 minutos"},"schema":{"@context":"https:\/\/schema.org","@graph":[{"@type":"Article","@id":"https:\/\/sarmiento24h.com\/?p=31015#article","isPartOf":{"@id":"https:\/\/sarmiento24h.com\/?p=31015"},"author":{"name":"sarmiento24h@gmail.com","@id":"https:\/\/sarmiento24h.com\/#\/schema\/person\/d653a59725ad629a7e0429af7b939d4d"},"headline":"Disputa comercial: Ecuador aumenta del 30% al 50 % arancel para importaciones desde Colombia","datePublished":"2026-02-26T14:03:47+00:00","mainEntityOfPage":{"@id":"https:\/\/sarmiento24h.com\/?p=31015"},"wordCount":386,"publisher":{"@id":"https:\/\/sarmiento24h.com\/#organization"},"image":{"@id":"https:\/\/sarmiento24h.com\/?p=31015#primaryimage"},"thumbnailUrl":"https:\/\/sarmiento24h.com\/wp-content\/uploads\/2026\/02\/disputa-comercial-ecuador-aumenta-del-30-al-50-arancel-para-importaciones-desde-colombia.jpg","articleSection":["Internacionales"],"inLanguage":"es"},{"@type":"WebPage","@id":"https:\/\/sarmiento24h.com\/?p=31015","url":"https:\/\/sarmiento24h.com\/?p=31015","name":"Disputa comercial: Ecuador aumenta del 30% al 50 % arancel para importaciones desde Colombia - Sarmiento24h","isPartOf":{"@id":"https:\/\/sarmiento24h.com\/#website"},"primaryImageOfPage":{"@id":"https:\/\/sarmiento24h.com\/?p=31015#primaryimage"},"image":{"@id":"https:\/\/sarmiento24h.com\/?p=31015#primaryimage"},"thumbnailUrl":"https:\/\/sarmiento24h.com\/wp-content\/uploads\/2026\/02\/disputa-comercial-ecuador-aumenta-del-30-al-50-arancel-para-importaciones-desde-colombia.jpg","datePublished":"2026-02-26T14:03:47+00:00","breadcrumb":{"@id":"https:\/\/sarmiento24h.com\/?p=31015#breadcrumb"},"inLanguage":"es","potentialAction":[{"@type":"ReadAction","target":["https:\/\/sarmiento24h.com\/?p=31015"]}]},{"@type":"ImageObject","inLanguage":"es","@id":"https:\/\/sarmiento24h.com\/?p=31015#primaryimage","url":"https:\/\/sarmiento24h.com\/wp-content\/uploads\/2026\/02\/disputa-comercial-ecuador-aumenta-del-30-al-50-arancel-para-importaciones-desde-colombia.jpg","contentUrl":"https:\/\/sarmiento24h.com\/wp-content\/uploads\/2026\/02\/disputa-comercial-ecuador-aumenta-del-30-al-50-arancel-para-importaciones-desde-colombia.jpg","width":1280,"height":720},{"@type":"BreadcrumbList","@id":"https:\/\/sarmiento24h.com\/?p=31015#breadcrumb","itemListElement":[{"@type":"ListItem","position":1,"name":"Home","item":"https:\/\/sarmiento24h.com\/"},{"@type":"ListItem","position":2,"name":"Disputa comercial: Ecuador aumenta del 30% al 50 % arancel para importaciones desde Colombia"}]},{"@type":"WebSite","@id":"https:\/\/sarmiento24h.com\/#website","url":"https:\/\/sarmiento24h.com\/","name":"Sarmiento24h","description":"","publisher":{"@id":"https:\/\/sarmiento24h.com\/#organization"},"potentialAction":[{"@type":"SearchAction","target":{"@type":"EntryPoint","urlTemplate":"https:\/\/sarmiento24h.com\/?s={search_term_string}"},"query-input":{"@type":"PropertyValueSpecification","valueRequired":true,"valueName":"search_term_string"}}],"inLanguage":"es"},{"@type":"Organization","@id":"https:\/\/sarmiento24h.com\/#organization","name":"Sarmiento24h","url":"https:\/\/sarmiento24h.com\/","logo":{"@type":"ImageObject","inLanguage":"es","@id":"https:\/\/sarmiento24h.com\/#\/schema\/logo\/image\/","url":"https:\/\/sarmiento24h.com\/wp-content\/uploads\/2025\/12\/AddText_12-16-10.30.52.jpg","contentUrl":"https:\/\/sarmiento24h.com\/wp-content\/uploads\/2025\/12\/AddText_12-16-10.30.52.jpg","width":1220,"height":324,"caption":"Sarmiento24h"},"image":{"@id":"https:\/\/sarmiento24h.com\/#\/schema\/logo\/image\/"},"sameAs":["https:\/\/facebook.com\/s24hnoticias","https:\/\/x.com\/sarmiento24h"]},{"@type":"Person","@id":"https:\/\/sarmiento24h.com\/#\/schema\/person\/d653a59725ad629a7e0429af7b939d4d","name":"sarmiento24h@gmail.com","image":{"@type":"ImageObject","inLanguage":"es","@id":"https:\/\/sarmiento24h.com\/wp-content\/litespeed\/avatar\/d02cbc4e23c747e6659cd45907173c8f.jpg?ver=1777157796","url":"https:\/\/sarmiento24h.com\/wp-content\/litespeed\/avatar\/d02cbc4e23c747e6659cd45907173c8f.jpg?ver=1777157796","contentUrl":"https:\/\/sarmiento24h.com\/wp-content\/litespeed\/avatar\/d02cbc4e23c747e6659cd45907173c8f.jpg?ver=1777157796","caption":"sarmiento24h@gmail.com"},"sameAs":["https:\/\/sarmiento24h.com"],"url":"https:\/\/sarmiento24h.com\/?author=1"}]}},"jetpack_publicize_connections":[],"jetpack_featured_media_url":"https:\/\/sarmiento24h.com\/wp-content\/uploads\/2026\/02\/disputa-comercial-ecuador-aumenta-del-30-al-50-arancel-para-importaciones-desde-colombia.jpg","jetpack_sharing_enabled":true,"_links":{"self":[{"href":"https:\/\/sarmiento24h.com\/index.php?rest_route=\/wp\/v2\/posts\/31015","targetHints":{"allow":["GET"]}}],"collection":[{"href":"https:\/\/sarmiento24h.com\/index.php?rest_route=\/wp\/v2\/posts"}],"about":[{"href":"https:\/\/sarmiento24h.com\/index.php?rest_route=\/wp\/v2\/types\/post"}],"author":[{"embeddable":true,"href":"https:\/\/sarmiento24h.com\/index.php?rest_route=\/wp\/v2\/users\/1"}],"replies":[{"embeddable":true,"href":"https:\/\/sarmiento24h.com\/index.php?rest_route=%2Fwp%2Fv2%2Fcomments&post=31015"}],"version-history":[{"count":0,"href":"https:\/\/sarmiento24h.com\/index.php?rest_route=\/wp\/v2\/posts\/31015\/revisions"}],"wp:featuredmedia":[{"embeddable":true,"href":"https:\/\/sarmiento24h.com\/index.php?rest_route=\/wp\/v2\/media\/31016"}],"wp:attachment":[{"href":"https:\/\/sarmiento24h.com\/index.php?rest_route=%2Fwp%2Fv2%2Fmedia&parent=31015"}],"wp:term":[{"taxonomy":"category","embeddable":true,"href":"https:\/\/sarmiento24h.com\/index.php?rest_route=%2Fwp%2Fv2%2Fcategories&post=31015"},{"taxonomy":"post_tag","embeddable":true,"href":"https:\/\/sarmiento24h.com\/index.php?rest_route=%2Fwp%2Fv2%2Ftags&post=31015"}],"curies":[{"name":"wp","href":"https:\/\/api.w.org\/{rel}","templated":true}]}}