{"id":31220,"date":"2026-02-26T16:14:01","date_gmt":"2026-02-26T16:14:01","guid":{"rendered":"http:\/\/393b98f6-1328-11f1-8c6e-87fcee144fef"},"modified":"2026-02-26T16:14:01","modified_gmt":"2026-02-26T16:14:01","slug":"dimite-director-ejecutivo-del-foro-de-davos-borge-brende-tras-revelarse-sus-contactos-con-epstein","status":"publish","type":"post","link":"https:\/\/sarmiento24h.com\/?p=31220","title":{"rendered":"Dimite director ejecutivo del Foro de Davos, Borge Brende, tras revelarse sus contactos con Epstein"},"content":{"rendered":"<div><img decoding=\"async\" src=\"https:\/\/sarmiento24h.com\/wp-content\/uploads\/2026\/02\/dimite-director-ejecutivo-del-foro-de-davos-borge-brende-tras-revelarse-sus-contactos-con-epstein.jpg\" class=\"ff-og-image-inserted\"><\/div>\n<p>Los archivos de Jeffrey Epstein siguen sacudiendo cargos de la escena internacional, aunque no en Estados Unidos.<\/p>\n<p>Borge Brende, quien asumi\u00f3 la presidencia del Foro Econ\u00f3mico Mundial (FEM) en 2017, anunci\u00f3 su renuncia este 26 de febrero en un comunicado, luego de que la desclasificaci\u00f3n de expedientes por parte del Departamento de Justicia de EE. UU. revelaran que el noruego hab\u00eda mantenido tres cenas de negocios con el delincuente sexual y que tambi\u00e9n se hab\u00eda comunicado con \u00e9l por correo electr\u00f3nico y mensajes de texto.<\/p>\n<p>\u00abTras una cuidadosa reflexi\u00f3n, he decidido dimitir como presidente y director ejecutivo del Foro Econ\u00f3mico Mundial. Mi tiempo aqu\u00ed, de ocho a\u00f1os y medio, ha sido profundamente gratificante\u00bb, declar\u00f3 Brende en un comunicado en el que no mencion\u00f3 a Epstein.<\/p>\n<p>\u00abAgradezco la incre\u00edble colaboraci\u00f3n con mis colegas, socios y electores, y creo que ahora es el momento oportuno para que el Foro contin\u00fae su importante labor sin distracciones\u00bb, agreg\u00f3 Brende, quien en el pasado se desempe\u00f1\u00f3 como ministro de Asuntos Exteriores de Noruega.<\/p>\n<div id=\"em-WBMZ373432-F24-ES-20260226\" class=\"m-em-flash\" data-xtwitter-script><figcaption class=\"a-figcaption\"> <\/figcaption><div class=\"o-em-consent \" readability=\"7\">\n<div class=\"o-em-consent__content\" readability=\"34\">\n<p class=\"o-em-consent__content__text\">Para mostrar este contenido de X (Twitter), debe autorizar las cookies de medici\u00f3n de audiencia y publicidad.<\/p>\n<p> <button class=\"a-master-button a-master-button--dark\" data-action=\"accept\"> Aceptar <svg class=\"a-svg a-svg--icon-check\"> <use xlink:href=\"\/build\/images\/svg\/sprite.2837be4c5e502ba11bd31811b1fc3cb7.svg#icon-check\" href=\"\/build\/images\/svg\/sprite.2837be4c5e502ba11bd31811b1fc3cb7.svg#icon-check\" \/> <\/svg> <\/button> <button class=\"a-link\" data-action=\"manage\">Gestionar mis opciones<i class=\"a-svg a-svg--icon-edit\"><\/i><\/button> <\/div>\n<\/div>\n<\/div>\n<p>Brende ha declarado que desconoc\u00eda el pasado y las actividades delictivas de Epstein, el multimillonario financiero estadounidense acusado de dirigir una trama de tr\u00e1fico sexual de menores de edad, antes de reunirse con \u00e9l en 2018, y se\u00f1al\u00f3 que lamentaba no haberlo investigado m\u00e1s a fondo.<\/p>\n<p>La decisi\u00f3n de Brende de dimitir se produce tras una serie de revelaciones relacionadas con el convicto, quien en 2008 fue condenado por solicitar servicios de prostituci\u00f3n a una menor y estaba a la espera de un juicio por tr\u00e1fico sexual cuando falleci\u00f3 en prisi\u00f3n en 2019, seg\u00fan las autoridades por suicidio.<\/p>\n<p>Las revelaciones de los archivos del caso han salpicado a poderosos hombres de las \u00e9lites empresariales, pol\u00edticas y tecnol\u00f3gicas e, incluso, de la monarqu\u00eda, dadas las acusaciones contra el expr\u00edncipe Andrew por parte de Virginia Giuffre, una de las principales denunciantes del caso que se suicid\u00f3 en 2025.<\/p>\n<p class=\"a-read-more\"><span class=\"a-read-more__label\">Leer tambi\u00e9n<\/span><a href=\"https:\/\/www.france24.com\/es\/ee-uu-y-canad\u00e1\/20260226-dem\u00f3cratas-se\u00f1alan-ocultamiento-de-documentos-en-archivos-epstein-relacionados-con-trump\" target=\"_self\" class=\"a-read-more__link\">Dem\u00f3cratas se\u00f1alan el \u00abmayor encubrimiento\u00bb de documentos en archivos Epstein relacionados con Trump<\/a><\/p>\n<h2><strong>Revisi\u00f3n independiente<\/strong><\/h2>\n<p>Por separado, en un comunicado, Andre Hoffmann y Larry Fink, copresidentes del foro con sede en Ginebra que organiza la cumbre anual de Davos, afirmaron que la revisi\u00f3n independiente, realizada por un asesor externo, sobre los v\u00ednculos de Brende con Epstein hab\u00eda concluido.<\/p>\n<p>Las conclusiones indicaron que no exist\u00edan preocupaciones adicionales a las ya reveladas, a\u00f1adi\u00f3.<\/p>\n<p>Los copresidentes indicaron que <strong>Alois Zwinggi, del Foro Econ\u00f3mico Mundial (FEM), ser\u00e1 presidente interino y director ejecutivo<\/strong> y que el Consejo de Administraci\u00f3n del foro supervisar\u00e1 la transici\u00f3n de liderazgo, incluyendo un plan para impulsar el proceso de identificaci\u00f3n de un sucesor permanente.<\/p>\n<p>El Departamento de Justicia de Estados Unidos ha publicado m\u00e1s de 3 millones de p\u00e1ginas de documentos relacionados con Epstein.<\/p>\n<p>Aunque la menci\u00f3n de nombres que se relacionaron con el financiero ca\u00eddo en desgracia no necesariamente significa que participaron o que conoc\u00edan de los delitos que Epstein comet\u00eda, sus v\u00ednculos\u2013que incluyen una larga lista de l\u00edderes empresariales y pol\u00edticos, entre ellos el actual presidente de Estados Unidos, Donald Trump, el exmandatario, Bill Clinton, y el director ejecutivo de Tesla, Elon Musk\u2013est\u00e1n bajo la lupa y generan sospechas.<\/p>\n<div id=\"em-WBMZ373437-F24-ES-20260226\" class=\"m-em-flash\" data-xtwitter-script><figcaption class=\"a-figcaption\"> <\/figcaption><div class=\"o-em-consent \" readability=\"7\">\n<div class=\"o-em-consent__content\" readability=\"34\">\n<p class=\"o-em-consent__content__text\">Para mostrar este contenido de X (Twitter), debe autorizar las cookies de medici\u00f3n de audiencia y publicidad.<\/p>\n<p> <button class=\"a-master-button a-master-button--dark\" data-action=\"accept\"> Aceptar <svg class=\"a-svg a-svg--icon-check\"> <use xlink:href=\"\/build\/images\/svg\/sprite.2837be4c5e502ba11bd31811b1fc3cb7.svg#icon-check\" href=\"\/build\/images\/svg\/sprite.2837be4c5e502ba11bd31811b1fc3cb7.svg#icon-check\" \/> <\/svg> <\/button> <button class=\"a-link\" data-action=\"manage\">Gestionar mis opciones<i class=\"a-svg a-svg--icon-edit\"><\/i><\/button> <\/div>\n<\/div>\n<\/div>\n<p>Pero en Estados Unidos, pa\u00eds de origen del delincuente sexual, de figuras salpicadas por el esc\u00e1ndalo y donde habr\u00eda ocurrido gran parte de los delitos, no hay investigaciones penales en curso ni se ha visto comprometida la carrera de ninguna de las personas mencionadas. En el extranjero, la situaci\u00f3n es un poco distinta, con algunas renuncias, aunque sin hallazgos puntuales sobre presuntos delitos sexuales.&nbsp;<\/p>\n<p>En el caso de Reino Unido, Andrew Mountbatten-Windsor, exduque de York, la monarqu\u00eda le ha retirado sus t\u00edtulos nobiliarios y se encuentra bajo investigaci\u00f3n por <a href=\"https:\/\/www.france24.com\/es\/europa\/20260220-polic\u00eda-brit\u00e1nica-registra-la-antigua-vivienda-del-expr\u00edncipe-andrew-investigado-a-ra\u00edz-de-los-archivos-epstein\" target=\"_self\">presuntamente haber entregado a Epstein informaci\u00f3n confidencial del Gobierno brit\u00e1nico<\/a> cuando ejerci\u00f3 como enviado de comercio, cargo que ocup\u00f3 entre 2001 y 2011.<\/p>\n<p>Bajo las mismas sospechas se centran <a href=\"https:\/\/www.france24.com\/es\/europa\/20260223-exembajador-brit\u00e1nico-peter-mandelson-detenido-ante-investigaci\u00f3n-por-sus-lazos-con-el-pederasta-epstein\" target=\"_self\">las investigaciones contra el exembajador brit\u00e1nico en Washington, Peter Mandelson.<\/a> Ambos fueron recientemente detenidos durante algunas horas por las autoridades, en el marco de esas pesquisas.<\/p>\n<p>El caso de Mandelson tambi\u00e9n ha sacudido los cimientos del Gobierno brit\u00e1nico. Y es que si bien el primer ministro, Keir Starmer, no est\u00e1 implicado en los archivos Epstein, miembros de la oposici\u00f3n exigen su renuncia por haber nombrado a Mandelson embajador en diciembre de 2024, cuando ya se conoc\u00eda de sus contactos con el ped\u00f3filo estadounidense.<\/p>\n<p>El expr\u00edncipe Andrew es uno de los hombres a los que Giufree acus\u00f3 directamente de haber abusado de ella cuando era menor de edad, aunque el monarca siempre ha negado esos se\u00f1alamientos.<\/p>\n<p class=\"a-read-more\"><span class=\"a-read-more__label\">Leer tambi\u00e9n<\/span><a href=\"https:\/\/www.france24.com\/es\/europa\/20260220-polic\u00eda-brit\u00e1nica-registra-la-antigua-vivienda-del-expr\u00edncipe-andrew-investigado-a-ra\u00edz-de-los-archivos-epstein\" target=\"_self\" class=\"a-read-more__link\">Polic\u00eda brit\u00e1nica registra la antigua vivienda del expr\u00edncipe Andrew, investigado a ra\u00edz de los archivos Epstein<\/a><\/p>\n<p>Con Reuters<\/p>\n<p>Este art\u00edculo fue adaptado de su <a href=\"https:\/\/www.france24.com\/en\/europe\/20260226-davos-forum-ceo-brende-resigns-after-epstein-links-revealed\" target=\"_self\"><em>versi\u00f3n original en ingl\u00e9s<\/em><\/a><\/p>\n","protected":false},"excerpt":{"rendered":"<p>Los archivos de Jeffrey Epstein siguen sacudiendo&#46;&#46;&#46;<\/p>\n","protected":false},"author":1,"featured_media":31221,"comment_status":"closed","ping_status":"closed","sticky":false,"template":"","format":"standard","meta":{"_jetpack_memberships_contains_paid_content":false,"footnotes":"","jetpack_publicize_message":"","jetpack_publicize_feature_enabled":true,"jetpack_social_post_already_shared":true,"jetpack_social_options":{"image_generator_settings":{"template":"highway","default_image_id":0,"font":"","enabled":false},"version":2}},"categories":[43],"tags":[],"class_list":["post-31220","post","type-post","status-publish","format-standard","has-post-thumbnail","hentry","category-internacionales"],"yoast_head":"<!-- This site is optimized with the Yoast SEO plugin v27.3 - https:\/\/yoast.com\/product\/yoast-seo-wordpress\/ -->\n<title>Dimite director ejecutivo del Foro de Davos, Borge Brende, tras revelarse sus contactos con Epstein - Sarmiento24h<\/title>\n<meta name=\"robots\" content=\"index, follow, max-snippet:-1, max-image-preview:large, max-video-preview:-1\" \/>\n<link rel=\"canonical\" href=\"https:\/\/sarmiento24h.com\/?p=31220\" \/>\n<meta property=\"og:locale\" content=\"es_ES\" \/>\n<meta property=\"og:type\" content=\"article\" \/>\n<meta property=\"og:title\" content=\"Dimite director ejecutivo del Foro de Davos, Borge Brende, tras revelarse sus contactos con Epstein - Sarmiento24h\" \/>\n<meta property=\"og:description\" content=\"Los archivos de Jeffrey Epstein siguen sacudiendo&#046;&#046;&#046;\" \/>\n<meta property=\"og:url\" content=\"https:\/\/sarmiento24h.com\/?p=31220\" \/>\n<meta property=\"og:site_name\" content=\"Sarmiento24h\" \/>\n<meta property=\"article:publisher\" content=\"https:\/\/facebook.com\/s24hnoticias\" \/>\n<meta property=\"article:published_time\" content=\"2026-02-26T16:14:01+00:00\" \/>\n<meta property=\"og:image\" content=\"https:\/\/sarmiento24h.com\/wp-content\/uploads\/2026\/02\/dimite-director-ejecutivo-del-foro-de-davos-borge-brende-tras-revelarse-sus-contactos-con-epstein.jpg\" \/>\n\t<meta property=\"og:image:width\" content=\"1280\" \/>\n\t<meta property=\"og:image:height\" content=\"720\" \/>\n\t<meta property=\"og:image:type\" content=\"image\/jpeg\" \/>\n<meta name=\"author\" content=\"sarmiento24h@gmail.com\" \/>\n<meta name=\"twitter:card\" content=\"summary_large_image\" \/>\n<meta name=\"twitter:creator\" content=\"@sarmiento24h\" \/>\n<meta name=\"twitter:site\" content=\"@sarmiento24h\" \/>\n<meta name=\"twitter:label1\" content=\"Escrito por\" \/>\n\t<meta name=\"twitter:data1\" content=\"sarmiento24h@gmail.com\" \/>\n\t<meta name=\"twitter:label2\" content=\"Tiempo de lectura\" \/>\n\t<meta name=\"twitter:data2\" content=\"4 minutos\" \/>\n<script type=\"application\/ld+json\" class=\"yoast-schema-graph\">{\"@context\":\"https:\\\/\\\/schema.org\",\"@graph\":[{\"@type\":\"Article\",\"@id\":\"https:\\\/\\\/sarmiento24h.com\\\/?p=31220#article\",\"isPartOf\":{\"@id\":\"https:\\\/\\\/sarmiento24h.com\\\/?p=31220\"},\"author\":{\"name\":\"sarmiento24h@gmail.com\",\"@id\":\"https:\\\/\\\/sarmiento24h.com\\\/#\\\/schema\\\/person\\\/d653a59725ad629a7e0429af7b939d4d\"},\"headline\":\"Dimite director ejecutivo del Foro de Davos, Borge Brende, tras revelarse sus contactos con Epstein\",\"datePublished\":\"2026-02-26T16:14:01+00:00\",\"mainEntityOfPage\":{\"@id\":\"https:\\\/\\\/sarmiento24h.com\\\/?p=31220\"},\"wordCount\":905,\"publisher\":{\"@id\":\"https:\\\/\\\/sarmiento24h.com\\\/#organization\"},\"image\":{\"@id\":\"https:\\\/\\\/sarmiento24h.com\\\/?p=31220#primaryimage\"},\"thumbnailUrl\":\"https:\\\/\\\/sarmiento24h.com\\\/wp-content\\\/uploads\\\/2026\\\/02\\\/dimite-director-ejecutivo-del-foro-de-davos-borge-brende-tras-revelarse-sus-contactos-con-epstein.jpg\",\"articleSection\":[\"Internacionales\"],\"inLanguage\":\"es\"},{\"@type\":\"WebPage\",\"@id\":\"https:\\\/\\\/sarmiento24h.com\\\/?p=31220\",\"url\":\"https:\\\/\\\/sarmiento24h.com\\\/?p=31220\",\"name\":\"Dimite director ejecutivo del Foro de Davos, Borge Brende, tras revelarse sus contactos con Epstein - Sarmiento24h\",\"isPartOf\":{\"@id\":\"https:\\\/\\\/sarmiento24h.com\\\/#website\"},\"primaryImageOfPage\":{\"@id\":\"https:\\\/\\\/sarmiento24h.com\\\/?p=31220#primaryimage\"},\"image\":{\"@id\":\"https:\\\/\\\/sarmiento24h.com\\\/?p=31220#primaryimage\"},\"thumbnailUrl\":\"https:\\\/\\\/sarmiento24h.com\\\/wp-content\\\/uploads\\\/2026\\\/02\\\/dimite-director-ejecutivo-del-foro-de-davos-borge-brende-tras-revelarse-sus-contactos-con-epstein.jpg\",\"datePublished\":\"2026-02-26T16:14:01+00:00\",\"breadcrumb\":{\"@id\":\"https:\\\/\\\/sarmiento24h.com\\\/?p=31220#breadcrumb\"},\"inLanguage\":\"es\",\"potentialAction\":[{\"@type\":\"ReadAction\",\"target\":[\"https:\\\/\\\/sarmiento24h.com\\\/?p=31220\"]}]},{\"@type\":\"ImageObject\",\"inLanguage\":\"es\",\"@id\":\"https:\\\/\\\/sarmiento24h.com\\\/?p=31220#primaryimage\",\"url\":\"https:\\\/\\\/sarmiento24h.com\\\/wp-content\\\/uploads\\\/2026\\\/02\\\/dimite-director-ejecutivo-del-foro-de-davos-borge-brende-tras-revelarse-sus-contactos-con-epstein.jpg\",\"contentUrl\":\"https:\\\/\\\/sarmiento24h.com\\\/wp-content\\\/uploads\\\/2026\\\/02\\\/dimite-director-ejecutivo-del-foro-de-davos-borge-brende-tras-revelarse-sus-contactos-con-epstein.jpg\",\"width\":1280,\"height\":720},{\"@type\":\"BreadcrumbList\",\"@id\":\"https:\\\/\\\/sarmiento24h.com\\\/?p=31220#breadcrumb\",\"itemListElement\":[{\"@type\":\"ListItem\",\"position\":1,\"name\":\"Home\",\"item\":\"https:\\\/\\\/sarmiento24h.com\\\/\"},{\"@type\":\"ListItem\",\"position\":2,\"name\":\"Dimite director ejecutivo del Foro de Davos, Borge Brende, tras revelarse sus contactos con Epstein\"}]},{\"@type\":\"WebSite\",\"@id\":\"https:\\\/\\\/sarmiento24h.com\\\/#website\",\"url\":\"https:\\\/\\\/sarmiento24h.com\\\/\",\"name\":\"Sarmiento24h\",\"description\":\"\",\"publisher\":{\"@id\":\"https:\\\/\\\/sarmiento24h.com\\\/#organization\"},\"potentialAction\":[{\"@type\":\"SearchAction\",\"target\":{\"@type\":\"EntryPoint\",\"urlTemplate\":\"https:\\\/\\\/sarmiento24h.com\\\/?s={search_term_string}\"},\"query-input\":{\"@type\":\"PropertyValueSpecification\",\"valueRequired\":true,\"valueName\":\"search_term_string\"}}],\"inLanguage\":\"es\"},{\"@type\":\"Organization\",\"@id\":\"https:\\\/\\\/sarmiento24h.com\\\/#organization\",\"name\":\"Sarmiento24h\",\"url\":\"https:\\\/\\\/sarmiento24h.com\\\/\",\"logo\":{\"@type\":\"ImageObject\",\"inLanguage\":\"es\",\"@id\":\"https:\\\/\\\/sarmiento24h.com\\\/#\\\/schema\\\/logo\\\/image\\\/\",\"url\":\"https:\\\/\\\/sarmiento24h.com\\\/wp-content\\\/uploads\\\/2025\\\/12\\\/AddText_12-16-10.30.52.jpg\",\"contentUrl\":\"https:\\\/\\\/sarmiento24h.com\\\/wp-content\\\/uploads\\\/2025\\\/12\\\/AddText_12-16-10.30.52.jpg\",\"width\":1220,\"height\":324,\"caption\":\"Sarmiento24h\"},\"image\":{\"@id\":\"https:\\\/\\\/sarmiento24h.com\\\/#\\\/schema\\\/logo\\\/image\\\/\"},\"sameAs\":[\"https:\\\/\\\/facebook.com\\\/s24hnoticias\",\"https:\\\/\\\/x.com\\\/sarmiento24h\"]},{\"@type\":\"Person\",\"@id\":\"https:\\\/\\\/sarmiento24h.com\\\/#\\\/schema\\\/person\\\/d653a59725ad629a7e0429af7b939d4d\",\"name\":\"sarmiento24h@gmail.com\",\"image\":{\"@type\":\"ImageObject\",\"inLanguage\":\"es\",\"@id\":\"https:\\\/\\\/sarmiento24h.com\\\/wp-content\\\/litespeed\\\/avatar\\\/d02cbc4e23c747e6659cd45907173c8f.jpg?ver=1777157796\",\"url\":\"https:\\\/\\\/sarmiento24h.com\\\/wp-content\\\/litespeed\\\/avatar\\\/d02cbc4e23c747e6659cd45907173c8f.jpg?ver=1777157796\",\"contentUrl\":\"https:\\\/\\\/sarmiento24h.com\\\/wp-content\\\/litespeed\\\/avatar\\\/d02cbc4e23c747e6659cd45907173c8f.jpg?ver=1777157796\",\"caption\":\"sarmiento24h@gmail.com\"},\"sameAs\":[\"https:\\\/\\\/sarmiento24h.com\"],\"url\":\"https:\\\/\\\/sarmiento24h.com\\\/?author=1\"}]}<\/script>\n<!-- \/ Yoast SEO plugin. -->","yoast_head_json":{"title":"Dimite director ejecutivo del Foro de Davos, Borge Brende, tras revelarse sus contactos con Epstein - Sarmiento24h","robots":{"index":"index","follow":"follow","max-snippet":"max-snippet:-1","max-image-preview":"max-image-preview:large","max-video-preview":"max-video-preview:-1"},"canonical":"https:\/\/sarmiento24h.com\/?p=31220","og_locale":"es_ES","og_type":"article","og_title":"Dimite director ejecutivo del Foro de Davos, Borge Brende, tras revelarse sus contactos con Epstein - Sarmiento24h","og_description":"Los archivos de Jeffrey Epstein siguen sacudiendo&#46;&#46;&#46;","og_url":"https:\/\/sarmiento24h.com\/?p=31220","og_site_name":"Sarmiento24h","article_publisher":"https:\/\/facebook.com\/s24hnoticias","article_published_time":"2026-02-26T16:14:01+00:00","og_image":[{"width":1280,"height":720,"url":"https:\/\/sarmiento24h.com\/wp-content\/uploads\/2026\/02\/dimite-director-ejecutivo-del-foro-de-davos-borge-brende-tras-revelarse-sus-contactos-con-epstein.jpg","type":"image\/jpeg"}],"author":"sarmiento24h@gmail.com","twitter_card":"summary_large_image","twitter_creator":"@sarmiento24h","twitter_site":"@sarmiento24h","twitter_misc":{"Escrito por":"sarmiento24h@gmail.com","Tiempo de lectura":"4 minutos"},"schema":{"@context":"https:\/\/schema.org","@graph":[{"@type":"Article","@id":"https:\/\/sarmiento24h.com\/?p=31220#article","isPartOf":{"@id":"https:\/\/sarmiento24h.com\/?p=31220"},"author":{"name":"sarmiento24h@gmail.com","@id":"https:\/\/sarmiento24h.com\/#\/schema\/person\/d653a59725ad629a7e0429af7b939d4d"},"headline":"Dimite director ejecutivo del Foro de Davos, Borge Brende, tras revelarse sus contactos con Epstein","datePublished":"2026-02-26T16:14:01+00:00","mainEntityOfPage":{"@id":"https:\/\/sarmiento24h.com\/?p=31220"},"wordCount":905,"publisher":{"@id":"https:\/\/sarmiento24h.com\/#organization"},"image":{"@id":"https:\/\/sarmiento24h.com\/?p=31220#primaryimage"},"thumbnailUrl":"https:\/\/sarmiento24h.com\/wp-content\/uploads\/2026\/02\/dimite-director-ejecutivo-del-foro-de-davos-borge-brende-tras-revelarse-sus-contactos-con-epstein.jpg","articleSection":["Internacionales"],"inLanguage":"es"},{"@type":"WebPage","@id":"https:\/\/sarmiento24h.com\/?p=31220","url":"https:\/\/sarmiento24h.com\/?p=31220","name":"Dimite director ejecutivo del Foro de Davos, Borge Brende, tras revelarse sus contactos con Epstein - Sarmiento24h","isPartOf":{"@id":"https:\/\/sarmiento24h.com\/#website"},"primaryImageOfPage":{"@id":"https:\/\/sarmiento24h.com\/?p=31220#primaryimage"},"image":{"@id":"https:\/\/sarmiento24h.com\/?p=31220#primaryimage"},"thumbnailUrl":"https:\/\/sarmiento24h.com\/wp-content\/uploads\/2026\/02\/dimite-director-ejecutivo-del-foro-de-davos-borge-brende-tras-revelarse-sus-contactos-con-epstein.jpg","datePublished":"2026-02-26T16:14:01+00:00","breadcrumb":{"@id":"https:\/\/sarmiento24h.com\/?p=31220#breadcrumb"},"inLanguage":"es","potentialAction":[{"@type":"ReadAction","target":["https:\/\/sarmiento24h.com\/?p=31220"]}]},{"@type":"ImageObject","inLanguage":"es","@id":"https:\/\/sarmiento24h.com\/?p=31220#primaryimage","url":"https:\/\/sarmiento24h.com\/wp-content\/uploads\/2026\/02\/dimite-director-ejecutivo-del-foro-de-davos-borge-brende-tras-revelarse-sus-contactos-con-epstein.jpg","contentUrl":"https:\/\/sarmiento24h.com\/wp-content\/uploads\/2026\/02\/dimite-director-ejecutivo-del-foro-de-davos-borge-brende-tras-revelarse-sus-contactos-con-epstein.jpg","width":1280,"height":720},{"@type":"BreadcrumbList","@id":"https:\/\/sarmiento24h.com\/?p=31220#breadcrumb","itemListElement":[{"@type":"ListItem","position":1,"name":"Home","item":"https:\/\/sarmiento24h.com\/"},{"@type":"ListItem","position":2,"name":"Dimite director ejecutivo del Foro de Davos, Borge Brende, tras revelarse sus contactos con Epstein"}]},{"@type":"WebSite","@id":"https:\/\/sarmiento24h.com\/#website","url":"https:\/\/sarmiento24h.com\/","name":"Sarmiento24h","description":"","publisher":{"@id":"https:\/\/sarmiento24h.com\/#organization"},"potentialAction":[{"@type":"SearchAction","target":{"@type":"EntryPoint","urlTemplate":"https:\/\/sarmiento24h.com\/?s={search_term_string}"},"query-input":{"@type":"PropertyValueSpecification","valueRequired":true,"valueName":"search_term_string"}}],"inLanguage":"es"},{"@type":"Organization","@id":"https:\/\/sarmiento24h.com\/#organization","name":"Sarmiento24h","url":"https:\/\/sarmiento24h.com\/","logo":{"@type":"ImageObject","inLanguage":"es","@id":"https:\/\/sarmiento24h.com\/#\/schema\/logo\/image\/","url":"https:\/\/sarmiento24h.com\/wp-content\/uploads\/2025\/12\/AddText_12-16-10.30.52.jpg","contentUrl":"https:\/\/sarmiento24h.com\/wp-content\/uploads\/2025\/12\/AddText_12-16-10.30.52.jpg","width":1220,"height":324,"caption":"Sarmiento24h"},"image":{"@id":"https:\/\/sarmiento24h.com\/#\/schema\/logo\/image\/"},"sameAs":["https:\/\/facebook.com\/s24hnoticias","https:\/\/x.com\/sarmiento24h"]},{"@type":"Person","@id":"https:\/\/sarmiento24h.com\/#\/schema\/person\/d653a59725ad629a7e0429af7b939d4d","name":"sarmiento24h@gmail.com","image":{"@type":"ImageObject","inLanguage":"es","@id":"https:\/\/sarmiento24h.com\/wp-content\/litespeed\/avatar\/d02cbc4e23c747e6659cd45907173c8f.jpg?ver=1777157796","url":"https:\/\/sarmiento24h.com\/wp-content\/litespeed\/avatar\/d02cbc4e23c747e6659cd45907173c8f.jpg?ver=1777157796","contentUrl":"https:\/\/sarmiento24h.com\/wp-content\/litespeed\/avatar\/d02cbc4e23c747e6659cd45907173c8f.jpg?ver=1777157796","caption":"sarmiento24h@gmail.com"},"sameAs":["https:\/\/sarmiento24h.com"],"url":"https:\/\/sarmiento24h.com\/?author=1"}]}},"jetpack_publicize_connections":[],"jetpack_featured_media_url":"https:\/\/sarmiento24h.com\/wp-content\/uploads\/2026\/02\/dimite-director-ejecutivo-del-foro-de-davos-borge-brende-tras-revelarse-sus-contactos-con-epstein.jpg","jetpack_sharing_enabled":true,"_links":{"self":[{"href":"https:\/\/sarmiento24h.com\/index.php?rest_route=\/wp\/v2\/posts\/31220","targetHints":{"allow":["GET"]}}],"collection":[{"href":"https:\/\/sarmiento24h.com\/index.php?rest_route=\/wp\/v2\/posts"}],"about":[{"href":"https:\/\/sarmiento24h.com\/index.php?rest_route=\/wp\/v2\/types\/post"}],"author":[{"embeddable":true,"href":"https:\/\/sarmiento24h.com\/index.php?rest_route=\/wp\/v2\/users\/1"}],"replies":[{"embeddable":true,"href":"https:\/\/sarmiento24h.com\/index.php?rest_route=%2Fwp%2Fv2%2Fcomments&post=31220"}],"version-history":[{"count":0,"href":"https:\/\/sarmiento24h.com\/index.php?rest_route=\/wp\/v2\/posts\/31220\/revisions"}],"wp:featuredmedia":[{"embeddable":true,"href":"https:\/\/sarmiento24h.com\/index.php?rest_route=\/wp\/v2\/media\/31221"}],"wp:attachment":[{"href":"https:\/\/sarmiento24h.com\/index.php?rest_route=%2Fwp%2Fv2%2Fmedia&parent=31220"}],"wp:term":[{"taxonomy":"category","embeddable":true,"href":"https:\/\/sarmiento24h.com\/index.php?rest_route=%2Fwp%2Fv2%2Fcategories&post=31220"},{"taxonomy":"post_tag","embeddable":true,"href":"https:\/\/sarmiento24h.com\/index.php?rest_route=%2Fwp%2Fv2%2Ftags&post=31220"}],"curies":[{"name":"wp","href":"https:\/\/api.w.org\/{rel}","templated":true}]}}