{"id":31277,"date":"2026-02-26T16:53:32","date_gmt":"2026-02-26T16:53:32","guid":{"rendered":"http:\/\/9e02f920-127c-11f1-931b-09d6a2428f83"},"modified":"2026-02-26T16:53:32","modified_gmt":"2026-02-26T16:53:32","slug":"quise-morir-en-ese-instante-un-periodista-palestino-denuncia-que-fue-violado-en-una-carcel-israeli","status":"publish","type":"post","link":"https:\/\/sarmiento24h.com\/?p=31277","title":{"rendered":"\u00abQuise morir en ese instante\u00bb: un periodista palestino denuncia que fue violado en una c\u00e1rcel israel\u00ed"},"content":{"rendered":"<p>Poco despu\u00e9s de ser detenido en febrero de 2024, <strong>Sami Al-Sai <\/strong>dese\u00f3 morirse. Era imposible, pero, de alg\u00fan modo, antes de entregarse a la muerte le lleg\u00f3 a pedir a la vida ver a su hija reci\u00e9n nacida, la \u00fanica de sus seis hijos \u2013dos ni\u00f1as y cuatro ni\u00f1os\u2013&nbsp;a la que Israel le hab\u00eda truncado conocer.<\/p>\n<p>Fuera de ese dolor extremo y de esos pensamientos, <strong>unos guardias de prisi\u00f3n israel\u00edes se re\u00edan fuerte<\/strong> (Al-Sai dice que intuy\u00f3 entre cuatro y seis voces, una era de mujer) <strong>mientras le violaban m\u00faltiples veces<\/strong> <strong>con una porra y otros objetos<\/strong>.<\/p>\n<p>Antes del ataque, describe que lo tiraron al suelo de un cuarto estrecho y maloliente donde le quitaron los pantalones y los calzoncillos. Durante el ataque, no hubo un solo instante en el que no le golpearan en todo el cuerpo; tambi\u00e9n insultaron a su esposa, desearon que la violaran, y a los periodistas, en general.<\/p>\n<p>Y, tras el ataque, uno de ellos le estruj\u00f3 los genitales, y otro se par\u00f3 de pie encima de su cabeza y de su cuello.<\/p>\n<p>Esposado y con los ojos vendados, sufriendo un dolor ag\u00f3nico, el grupo lo dej\u00f3 tirado e hizo una pausa para fumar.<\/p>\n<p>\u00abNo esperaba que me pasara esto. Cre\u00ed que me golpear\u00edan y me llevar\u00edan a la celda. Luego sent\u00ed que algo intentaba entrar en mi trasero. Como cualquier persona, intent\u00e9 evitarlo apretando los m\u00fasculos, pero <strong>fue tan doloroso que perd\u00ed los estribos. Fue muy duro, quise morir en ese instante.<\/strong>&nbsp;<strong>No s\u00e9 cu\u00e1nto grit\u00e9, no s\u00e9 cu\u00e1nto dur\u00f3, quiz\u00e1s 20-25 minutos, pero quer\u00eda que terminara lo antes posible<\/strong>\u00ab, detalla a France 24.<\/p>\n<p>En el momento del abuso, Al-Sai, de 47 a\u00f1os, rememora que oy\u00f3 como uno de los guardias advirti\u00f3 al resto, en hebreo: <strong>\u00abNo saqu\u00e9is fotos, no film\u00e9is\u00bb<\/strong>. Asegura que intervino para que dejasen de documentar el delito, no para evitarlo.<\/p>\n<p>\u00abMe pegaron para que me levantara \u2013completa\u2013. Reun\u00ed fuerzas para hacerlo, pero me ca\u00eda una y otra vez. Insist\u00edan. Camin\u00e9 unos pasos, me sent\u00e9 en el suelo, y me amenazaron con que si no me levantaba, morir\u00eda. Camin\u00e9 despacio, me detuve y sus voces se apagaron\u00bb.<\/p>\n<h2><strong>Volver del \u00abinfierno\u00bb y contar \u00abla dif\u00edcil historia\u00bb<\/strong><\/h2>\n<p>Esta violaci\u00f3n en la c\u00e1rcel israel\u00ed de Megiddo no fue la \u00fanica tortura que sufri\u00f3 Sami en 16 meses de detenci\u00f3n administrativa (hasta junio de 2025), que es el mecanismo con el que Israel prolonga el encarcelamiento de los palestinos sin presentar cargos ni permitirles un juicio, o, en el caso de este periodista, defenderse de la acusaci\u00f3n (sin pruebas) \u00abde ser miembro de Ham\u00e1s\u00bb.<\/p>\n<p><a href=\"https:\/\/www.btselem.org\/publications\/202601_living_hell\" target=\"_blank\">Como actualiz\u00f3 en enero la ONG israel\u00ed <strong>B&#8217;Tselem<\/strong><\/a>, tras una investigaci\u00f3n inicial de agosto de 2024, hoy las c\u00e1rceles israel\u00edes son \u00abel infierno\u00bb; <strong>son \u00abuna red de campos de tortura para los palestinos\u00bb<\/strong>, con un sistema de abusos que empeoran a diario y que, entre la \u00abhambruna deliberada\u00bb y la \u00abnegligencia m\u00e9dica\u00bb, incluyen violaciones y otras formas de agresi\u00f3n sexual como desnudamientos forzados.<\/p>\n<div class=\"m-em-image\">\n<figure class=\"m-item-image m-item-image--original m-item-image--has-caption\"> <picture class=\"a-picture a-picture--original\"><source type=\"image\/webp\" srcset=\"https:\/\/s.france24.com\/media\/display\/2b977f10-1285-11f1-a1ed-005056bf30b7\/w:246\/IMG-7603-1.webp 246w, https:\/\/s.france24.com\/media\/display\/2b977f10-1285-11f1-a1ed-005056bf30b7\/w:388\/IMG-7603-1.webp 388w, https:\/\/s.france24.com\/media\/display\/2b977f10-1285-11f1-a1ed-005056bf30b7\/w:720\/IMG-7603-1.webp 720w, https:\/\/s.france24.com\/media\/display\/2b977f10-1285-11f1-a1ed-005056bf30b7\/w:980\/IMG-7603-1.webp 980w\" sizes=\"(max-width: 1023px) calc(100vw - 32px), (min-width: 1024px) 850px\"><img fetchpriority=\"low\" decoding=\"async\" src=\"https:\/\/sarmiento24h.com\/wp-content\/uploads\/2026\/02\/quise-morir-en-ese-instante-un-periodista-palestino-denuncia-que-fue-violado-en-una-carcel-israeli.png\" srcset=\"https:\/\/sarmiento24h.com\/wp-content\/uploads\/2026\/02\/quise-morir-en-ese-instante-un-periodista-palestino-denuncia-que-fue-violado-en-una-carcel-israeli-1.png 246w, https:\/\/sarmiento24h.com\/wp-content\/uploads\/2026\/02\/quise-morir-en-ese-instante-un-periodista-palestino-denuncia-que-fue-violado-en-una-carcel-israeli-2.png 388w, https:\/\/sarmiento24h.com\/wp-content\/uploads\/2026\/02\/quise-morir-en-ese-instante-un-periodista-palestino-denuncia-que-fue-violado-en-una-carcel-israeli-3.png 720w, https:\/\/sarmiento24h.com\/wp-content\/uploads\/2026\/02\/quise-morir-en-ese-instante-un-periodista-palestino-denuncia-que-fue-violado-en-una-carcel-israeli.png 980w\" sizes=\"(max-width: 1023px) calc(100vw - 32px), (min-width: 1024px) 850px\" alt=\"&quot;No pod\u00eda quedarme callado&quot;, reitera Sami Al-Said, al decidir compartir con los medios de comunicaci\u00f3n la violaci\u00f3n que sufri\u00f3 en 2024, en la c\u00e1rcel israel\u00ed de Megiddo.\" loading=\"lazy\" class=\"a-img \">\n<\/picture><figcaption class=\"a-figcaption\"> <span>\u00abNo pod\u00eda quedarme callado\u00bb, reitera Sami Al-Said, al decidir compartir con los medios de comunicaci\u00f3n la violaci\u00f3n que sufri\u00f3 en 2024, en la c\u00e1rcel israel\u00ed de Megiddo.<\/span> <span>\u00a9 Janira G\u00f3mez Mu\u00f1oz<\/span> <\/figcaption><\/figure>\n<\/p><\/div>\n<p>La particularidad de \u00abla dif\u00edcil historia\u00bb de Sami Al-Sai es que <strong>son escasos los hombres que en Jerusal\u00e9n, Cisjordania o Gaza admiten que fueron agredidos sexualmente bajo custodia de Israel<\/strong>, y a\u00fan son m\u00e1s contados los que deciden hacerlo p\u00fablico.<\/p>\n<p>Entre las razones, la amenaza israel\u00ed de no exponer la realidad carcelaria y el miedo a ser rearrestados (<a href=\"https:\/\/www.france24.com\/es\/medio-oriente\/20240926-sufr\u00ed-torturas-inimaginables-el-infierno-de-un-prisionero-palestino-en-las-c\u00e1rceles-de-israel\" target=\"_self\">como ocurri\u00f3 con el testimonio de Muazzaz Abayat, a quien entrevistamos en 2024<\/a> y desde hace un a\u00f1o nadie sabe su paradero).<\/p>\n<p>Aunque lo m\u00e1s complejo es desafiar el estigma social: los hombres se culpan de p\u00e9rdida de masculinidad, temen el rechazo de la pareja, el dejar de ser <em>el cabeza de familia<\/em>; mientras la sociedad tiende a culpar a las v\u00edctimas o a pensar que todos sufren una \u00abdif\u00edcil historia\u00bb bajo la ocupaci\u00f3n de Israel.<\/p>\n<p><strong>Tras la agresi\u00f3n \u00e9l estuvo sangrando m\u00e1s de tres semanas.<\/strong> El d\u00eda del hecho \u00abno quer\u00eda dec\u00edrselo a nadie\u00bb. Regres\u00f3 a una celda abarrotada, se duch\u00f3 como pudo y pidi\u00f3 a unos j\u00f3venes que le pasaran fajos de papel higi\u00e9nico para detener la hemorragia.<\/p>\n<p>\u00abDurante mi encarcelamiento, solo le cont\u00e9 a dos personas lo que me hab\u00eda sucedido. Ambos eran condenados a sentencia perpetua\u00bb, precisa Al-Sai, consciente de que nunca lo iban a contar.<\/p>\n<p>\u00ab<strong>Pens\u00e9 que era el \u00fanico violado<\/strong>. <strong>No entend\u00eda,<\/strong> <strong>estaba en un estado psicol\u00f3gico dif\u00edcil<\/strong>. Pero cuando pregunt\u00e9 a otros sobre el panorama general, me dijeron que hab\u00eda <strong>muchas palizas y muchas violaciones<\/strong>. Sobre todo a j\u00f3venes. Violados con perros, o por guardias o detenidos. \u00bfEs esto posible? Tambi\u00e9n me contaron de asesinatos. Me impact\u00f3 mucho\u00bb.<\/p>\n<p>Dice Sami que indagar entre sus compatriotas le result\u00f3, en parte, \u00abpositivo\u00bb para salir de su \u00abcrisis psicol\u00f3gica\u00bb.<\/p>\n<p>Cuando lo liberaron y regres\u00f3 a casa, omiti\u00f3 su abuso en el hospital que lo revis\u00f3. Estuvo 40 d\u00edas leyendo testimonios de exdetenidos en Internet, mirando, preguntando. Y fue entonces cuando se dispuso a hablar con su familia y publicar en redes sociales su historia.<\/p>\n<p>\u00ab<strong>Decid\u00ed hablar porque tengo una responsabilidad moral y profesional<\/strong> como periodista. Soy como un canal con la gente sobre lo que me pas\u00f3 a m\u00ed y sobre lo que est\u00e1n pasando mis hermanos (los prisioneros) que dej\u00e9 atr\u00e1s\u00bb, contesta, aludiendo a los m\u00e1s de 10.000 palestinos que se estiman en centros y prisiones israel\u00edes, casi la mitad sin cargos, y con al menos 100 muertos bajo custodia.<\/p>\n<h2><strong>\u00abO\u00ed a presos chillando, siendo torturados y golpeados\u00bb<\/strong><\/h2>\n<p>Originario de Tulkarem (en el norte de Cisjordania), Sami Al-Sai comenta que \u00e9l sol\u00eda entrevistar y ahora \u00e9l es el entrevistado.<\/p>\n<p>Este febrero, el Comit\u00e9 para la Protecci\u00f3n de los Periodistas (CPJ) tambi\u00e9n lo ha incluido <a href=\"https:\/\/cpj.org\/special-reports\/we-returned-from-hell-palestinian-journalists-recount-torture-in-israeli-prisons\/\" target=\"_blank\">en su informe sobre los&nbsp;al menos 95 profesionales de medios, la mayor\u00eda de Cisjordania, que ha arrestado Israel desde el 7 de octubre de 2023<\/a>, tras la masacre de Ham\u00e1s y la matanza en curso en Gaza, calificada como \u00abgenocidio\u00bb por m\u00faltiples expertos y grupos de Derechos Humanos.<\/p>\n<p>30 de ellos todav\u00eda siguen detenidos, uno muri\u00f3 en un bombardeo israel\u00ed, cinco escogieron no hablar y 59 optaron hacerlo. Todos menos uno afirman que <strong>fueron objeto de torturas y casi todos sufrieron hambre prolongada y desnutrici\u00f3n<\/strong>.<\/p>\n<div id=\"em-WBMZ373217-F24-ES-20260225\" class=\"m-em-flash\"> <iframe loading=\"lazy\" width=\"560\" height=\"315\" src=\"https:\/\/www.youtube.com\/embed\/2ZrrBi-8AlI?si=puQR0T0jPh05-8Na\" data-hj-allow-iframe title=\"YouTube video player\" frameborder=\"0\" allow=\"accelerometer; autoplay; clipboard-write; encrypted-media; gyroscope; picture-in-picture; web-share\" referrerpolicy=\"strict-origin-when-cross-origin\" allowfullscreen>[embedded content]<\/iframe><figcaption class=\"a-figcaption\"> <\/figcaption><div class=\"o-em-consent \" readability=\"6.5\">\n<div class=\"o-em-consent__content\" readability=\"33\">\n<p class=\"o-em-consent__content__text\">Para mostrar este contenido de , debe autorizar las cookies de medici\u00f3n de audiencia y publicidad.<\/p>\n<p> <button class=\"a-master-button a-master-button--dark\" data-action=\"accept\"> Aceptar <svg class=\"a-svg a-svg--icon-check\"> <use xlink:href=\"\/build\/images\/svg\/sprite.2837be4c5e502ba11bd31811b1fc3cb7.svg#icon-check\" href=\"\/build\/images\/svg\/sprite.2837be4c5e502ba11bd31811b1fc3cb7.svg#icon-check\" \/> <\/svg> <\/button> <button class=\"a-link\" data-action=\"manage\">Gestionar mis opciones<i class=\"a-svg a-svg--icon-edit\"><\/i><\/button> <\/div>\n<\/div>\n<\/div>\n<p>Cuando Al-Sai fue llevado a una de las tres c\u00e1rceles por las que pas\u00f3 \u2013en Huwara estuvo 12 d\u00edas, en Megiddo 19 y finalmente, en Ramon, los 15 meses\u2013 escuch\u00f3 las voces de un gran n\u00famero de presos que chillaban mientras eran agredidos y otras m\u00e1s autoritarias que les gritaban sobre \u00abel gran Israel\u00bb; en otra, en una de las tantas celdas hacinadas en las que convivi\u00f3, se asust\u00f3 y sinti\u00f3 miedo al ver a j\u00f3venes \u00abmuy d\u00e9biles, con el pelo y las u\u00f1as largas\u00bb.<\/p>\n<p>Las manos atadas, los ojos cubiertos, la desnudez forzada y las humillaciones y golpes en cualquier parte del cuerpo fueron hechos constantes (los golpes al menos cuatro veces por semana), precisa a France 24.<\/p>\n<p>Pero cuando nos sumergimos en desgranar cada vivencia, resurge \u00abel terror\u00bb que experiment\u00f3 y que <strong>le caus\u00f3 pasar de 83 a 55 kilos de peso<\/strong>.<\/p>\n<blockquote class=\"quote\" readability=\"15\">\n<p>\u00ab<strong>El uniforme que vest\u00eda ten\u00eda rastros de sangre y agujeros de bala<\/strong>&nbsp;y la primera vez que vi la comida, no era comida humana \u2013denuncia\u2013. Aquello pod\u00eda haber sido pollo, con arroz remojado en agua o frijoles. <strong>Nos sometieron al hambre sistem\u00e1tica<\/strong>. Durante 15 meses ayun\u00e9 como el resto, que juntaban cucharadas para crear un almuerzo y <em>sentirse llenos<\/em>. Una vez, uno de los presos so\u00f1\u00f3 que lo liberaban y que la familia lo esperaba con un dulce; eso, la sal, las especias, est\u00e1n prohibidas\u00bb.<\/p>\n<\/blockquote>\n<p>\u00cddem para <strong>intentar dormir. Imposible<\/strong>. Sami cuenta que si no era por el dolor de las golpizas, eran <strong>insectos que les \u00abcom\u00edan\u00bb o \u00abla constante intrusi\u00f3n\u00bb de los guardias israel\u00edes<\/strong> que los privaban del sue\u00f1o y los \u00abarrastraban y golpeaban\u00bb con distintas herramientas.<\/p>\n<p>Tampoco recibi\u00f3 visita o asistencia legal. Fue a una revisi\u00f3n m\u00e9dica por sangrado de las enc\u00edas y sali\u00f3 con m\u00e1s agresiones.<\/p>\n<p>Y, solo un mes antes de salir, supo por su mujer \u2013en una llamada en contexto de los preparativos\u2013 de que su hijo, al que le hab\u00eda donado un ri\u00f1\u00f3n antes de ser capturado, llevaba un a\u00f1o necesitando una muestra de su sangre, pero la administraci\u00f3n de la c\u00e1rcel se la hab\u00eda denegado en dos ocasiones. A la tercera, pudo mand\u00e1rsela.<\/p>\n<h2><strong>Impunidad israel\u00ed vs. Justicia internacional<\/strong><\/h2>\n<p>Si esta entrevista se desarroll\u00f3 en la ciudad de Qalqilya y no en Tulkarem es porque este periodista ha terminado pagando un alto precio por hablar de su violaci\u00f3n. <strong>\u00abQuiero empezar una nueva vida\u00bb<\/strong>, se refiere, determinante, Sami Al-Sai.<\/p>\n<p>Ha tenido que alejarse de quienes no aceptan, moralmente, su testimonio, adem\u00e1s de dificultades para encontrar trabajo y mantener a su familia.<\/p>\n<p>A\u00fan as\u00ed, con ayuda en Cisjordania y esfuerzos desde el exterior, revela que <strong>est\u00e1 preparando su caso ante la Corte Penal Internacional para denunciar \u00abqu\u00e9 est\u00e1 pasando con los prisioneros palestinos\u00bb<\/strong>.<\/p>\n<div id=\"em-WBMZ373219-F24-ES-20260225\" class=\"m-em-flash\" data-xtwitter-script><figcaption class=\"a-figcaption\"> <\/figcaption><div class=\"o-em-consent \" readability=\"7\">\n<div class=\"o-em-consent__content\" readability=\"34\">\n<p class=\"o-em-consent__content__text\">Para mostrar este contenido de X (Twitter), debe autorizar las cookies de medici\u00f3n de audiencia y publicidad.<\/p>\n<p> <button class=\"a-master-button a-master-button--dark\" data-action=\"accept\"> Aceptar <svg class=\"a-svg a-svg--icon-check\"> <use xlink:href=\"\/build\/images\/svg\/sprite.2837be4c5e502ba11bd31811b1fc3cb7.svg#icon-check\" href=\"\/build\/images\/svg\/sprite.2837be4c5e502ba11bd31811b1fc3cb7.svg#icon-check\" \/> <\/svg> <\/button> <button class=\"a-link\" data-action=\"manage\">Gestionar mis opciones<i class=\"a-svg a-svg--icon-edit\"><\/i><\/button> <\/div>\n<\/div>\n<\/div>\n<p>\u00abEl derecho humanitario establece normas inequ\u00edvocas para el tratamiento de los detenidos, y es necesario que haya una rendici\u00f3n de cuentas significativa por el incumplimiento de estas normas\u00bb, defiende Jodie Ginsberg, directora ejecutiva del CPJ.<\/p>\n<p>Sin embargo, Israel lleva desde octubre de 2023 negando el acceso total a la Cruz Roja, y la asistencia de los abogados es mediante autorizaciones muy puntuales.<\/p>\n<p>Y, mientras el ministro de Seguridad israel\u00ed, Itamar Ben-Gvir, celebra estas \u00abcondiciones abominables\u00bb hace tours carcelarios a medios en hebreo y permite que <a href=\"https:\/\/www.timesofisrael.com\/congregants-from-prison-chiefs-synagogue-taken-on-tour-to-see-hamas-prisoners-report\/\" target=\"_blank\">un grupo de feligreses jud\u00edos recorra una prisi\u00f3n que guarda a miembros de Ham\u00e1s que participaron en la masacre del 7-O<\/a>, los prisioneros palestinos est\u00e1n a ciegas y <strong>muchas familias no saben ni su ubicaci\u00f3n ni si est\u00e1n vivos o muertos<\/strong>.<\/p>\n<p>\u00abCuando entr\u00e9 me hicieron cientos de preguntas. Hablaban incluso desde otras celdas. &#8216;\u00bfLa guerra (en Gaza) termin\u00f3? \u00bfHay trato? \u00bfC\u00f3mo est\u00e1 la situaci\u00f3n?&#8217;. No tienen ni idea. Est\u00e1n totalmente desconectados\u00bb, sentencia Al-Sai con tristeza.<\/p>\n","protected":false},"excerpt":{"rendered":"<p>Poco despu\u00e9s de ser detenido en febrero&#46;&#46;&#46;<\/p>\n","protected":false},"author":1,"featured_media":31278,"comment_status":"closed","ping_status":"closed","sticky":false,"template":"","format":"standard","meta":{"_jetpack_memberships_contains_paid_content":false,"footnotes":"","jetpack_publicize_message":"","jetpack_publicize_feature_enabled":true,"jetpack_social_post_already_shared":true,"jetpack_social_options":{"image_generator_settings":{"template":"highway","default_image_id":0,"font":"","enabled":false},"version":2}},"categories":[43],"tags":[],"class_list":["post-31277","post","type-post","status-publish","format-standard","has-post-thumbnail","hentry","category-internacionales"],"yoast_head":"<!-- This site is optimized with the Yoast SEO plugin v27.3 - https:\/\/yoast.com\/product\/yoast-seo-wordpress\/ -->\n<title>&quot;Quise morir en ese instante&quot;: un periodista palestino denuncia que fue violado en una c\u00e1rcel israel\u00ed - Sarmiento24h<\/title>\n<meta name=\"robots\" content=\"index, follow, max-snippet:-1, max-image-preview:large, max-video-preview:-1\" \/>\n<link rel=\"canonical\" href=\"https:\/\/sarmiento24h.com\/?p=31277\" \/>\n<meta property=\"og:locale\" content=\"es_ES\" \/>\n<meta property=\"og:type\" content=\"article\" \/>\n<meta property=\"og:title\" content=\"&quot;Quise morir en ese instante&quot;: un periodista palestino denuncia que fue violado en una c\u00e1rcel israel\u00ed - Sarmiento24h\" \/>\n<meta property=\"og:description\" content=\"Poco despu\u00e9s de ser detenido en febrero&#046;&#046;&#046;\" \/>\n<meta property=\"og:url\" content=\"https:\/\/sarmiento24h.com\/?p=31277\" \/>\n<meta property=\"og:site_name\" content=\"Sarmiento24h\" \/>\n<meta property=\"article:publisher\" content=\"https:\/\/facebook.com\/s24hnoticias\" \/>\n<meta property=\"article:published_time\" content=\"2026-02-26T16:53:32+00:00\" \/>\n<meta property=\"og:image\" content=\"https:\/\/sarmiento24h.com\/wp-content\/uploads\/2026\/02\/quise-morir-en-ese-instante-un-periodista-palestino-denuncia-que-fue-violado-en-una-carcel-israeli.png\" \/>\n\t<meta property=\"og:image:width\" content=\"980\" \/>\n\t<meta property=\"og:image:height\" content=\"551\" \/>\n\t<meta property=\"og:image:type\" content=\"image\/png\" \/>\n<meta name=\"author\" content=\"sarmiento24h@gmail.com\" \/>\n<meta name=\"twitter:card\" content=\"summary_large_image\" \/>\n<meta name=\"twitter:creator\" content=\"@sarmiento24h\" \/>\n<meta name=\"twitter:site\" content=\"@sarmiento24h\" \/>\n<meta name=\"twitter:label1\" content=\"Escrito por\" \/>\n\t<meta name=\"twitter:data1\" content=\"sarmiento24h@gmail.com\" \/>\n\t<meta name=\"twitter:label2\" content=\"Tiempo de lectura\" \/>\n\t<meta name=\"twitter:data2\" content=\"9 minutos\" \/>\n<script type=\"application\/ld+json\" class=\"yoast-schema-graph\">{\"@context\":\"https:\\\/\\\/schema.org\",\"@graph\":[{\"@type\":\"Article\",\"@id\":\"https:\\\/\\\/sarmiento24h.com\\\/?p=31277#article\",\"isPartOf\":{\"@id\":\"https:\\\/\\\/sarmiento24h.com\\\/?p=31277\"},\"author\":{\"name\":\"sarmiento24h@gmail.com\",\"@id\":\"https:\\\/\\\/sarmiento24h.com\\\/#\\\/schema\\\/person\\\/d653a59725ad629a7e0429af7b939d4d\"},\"headline\":\"\u00abQuise morir en ese instante\u00bb: un periodista palestino denuncia que fue violado en una c\u00e1rcel israel\u00ed\",\"datePublished\":\"2026-02-26T16:53:32+00:00\",\"mainEntityOfPage\":{\"@id\":\"https:\\\/\\\/sarmiento24h.com\\\/?p=31277\"},\"wordCount\":1821,\"publisher\":{\"@id\":\"https:\\\/\\\/sarmiento24h.com\\\/#organization\"},\"image\":{\"@id\":\"https:\\\/\\\/sarmiento24h.com\\\/?p=31277#primaryimage\"},\"thumbnailUrl\":\"https:\\\/\\\/sarmiento24h.com\\\/wp-content\\\/uploads\\\/2026\\\/02\\\/quise-morir-en-ese-instante-un-periodista-palestino-denuncia-que-fue-violado-en-una-carcel-israeli.png\",\"articleSection\":[\"Internacionales\"],\"inLanguage\":\"es\"},{\"@type\":\"WebPage\",\"@id\":\"https:\\\/\\\/sarmiento24h.com\\\/?p=31277\",\"url\":\"https:\\\/\\\/sarmiento24h.com\\\/?p=31277\",\"name\":\"\\\"Quise morir en ese instante\\\": un periodista palestino denuncia que fue violado en una c\u00e1rcel israel\u00ed - Sarmiento24h\",\"isPartOf\":{\"@id\":\"https:\\\/\\\/sarmiento24h.com\\\/#website\"},\"primaryImageOfPage\":{\"@id\":\"https:\\\/\\\/sarmiento24h.com\\\/?p=31277#primaryimage\"},\"image\":{\"@id\":\"https:\\\/\\\/sarmiento24h.com\\\/?p=31277#primaryimage\"},\"thumbnailUrl\":\"https:\\\/\\\/sarmiento24h.com\\\/wp-content\\\/uploads\\\/2026\\\/02\\\/quise-morir-en-ese-instante-un-periodista-palestino-denuncia-que-fue-violado-en-una-carcel-israeli.png\",\"datePublished\":\"2026-02-26T16:53:32+00:00\",\"breadcrumb\":{\"@id\":\"https:\\\/\\\/sarmiento24h.com\\\/?p=31277#breadcrumb\"},\"inLanguage\":\"es\",\"potentialAction\":[{\"@type\":\"ReadAction\",\"target\":[\"https:\\\/\\\/sarmiento24h.com\\\/?p=31277\"]}]},{\"@type\":\"ImageObject\",\"inLanguage\":\"es\",\"@id\":\"https:\\\/\\\/sarmiento24h.com\\\/?p=31277#primaryimage\",\"url\":\"https:\\\/\\\/sarmiento24h.com\\\/wp-content\\\/uploads\\\/2026\\\/02\\\/quise-morir-en-ese-instante-un-periodista-palestino-denuncia-que-fue-violado-en-una-carcel-israeli.png\",\"contentUrl\":\"https:\\\/\\\/sarmiento24h.com\\\/wp-content\\\/uploads\\\/2026\\\/02\\\/quise-morir-en-ese-instante-un-periodista-palestino-denuncia-que-fue-violado-en-una-carcel-israeli.png\",\"width\":980,\"height\":551},{\"@type\":\"BreadcrumbList\",\"@id\":\"https:\\\/\\\/sarmiento24h.com\\\/?p=31277#breadcrumb\",\"itemListElement\":[{\"@type\":\"ListItem\",\"position\":1,\"name\":\"Home\",\"item\":\"https:\\\/\\\/sarmiento24h.com\\\/\"},{\"@type\":\"ListItem\",\"position\":2,\"name\":\"\u00abQuise morir en ese instante\u00bb: un periodista palestino denuncia que fue violado en una c\u00e1rcel israel\u00ed\"}]},{\"@type\":\"WebSite\",\"@id\":\"https:\\\/\\\/sarmiento24h.com\\\/#website\",\"url\":\"https:\\\/\\\/sarmiento24h.com\\\/\",\"name\":\"Sarmiento24h\",\"description\":\"\",\"publisher\":{\"@id\":\"https:\\\/\\\/sarmiento24h.com\\\/#organization\"},\"potentialAction\":[{\"@type\":\"SearchAction\",\"target\":{\"@type\":\"EntryPoint\",\"urlTemplate\":\"https:\\\/\\\/sarmiento24h.com\\\/?s={search_term_string}\"},\"query-input\":{\"@type\":\"PropertyValueSpecification\",\"valueRequired\":true,\"valueName\":\"search_term_string\"}}],\"inLanguage\":\"es\"},{\"@type\":\"Organization\",\"@id\":\"https:\\\/\\\/sarmiento24h.com\\\/#organization\",\"name\":\"Sarmiento24h\",\"url\":\"https:\\\/\\\/sarmiento24h.com\\\/\",\"logo\":{\"@type\":\"ImageObject\",\"inLanguage\":\"es\",\"@id\":\"https:\\\/\\\/sarmiento24h.com\\\/#\\\/schema\\\/logo\\\/image\\\/\",\"url\":\"https:\\\/\\\/sarmiento24h.com\\\/wp-content\\\/uploads\\\/2025\\\/12\\\/AddText_12-16-10.30.52.jpg\",\"contentUrl\":\"https:\\\/\\\/sarmiento24h.com\\\/wp-content\\\/uploads\\\/2025\\\/12\\\/AddText_12-16-10.30.52.jpg\",\"width\":1220,\"height\":324,\"caption\":\"Sarmiento24h\"},\"image\":{\"@id\":\"https:\\\/\\\/sarmiento24h.com\\\/#\\\/schema\\\/logo\\\/image\\\/\"},\"sameAs\":[\"https:\\\/\\\/facebook.com\\\/s24hnoticias\",\"https:\\\/\\\/x.com\\\/sarmiento24h\"]},{\"@type\":\"Person\",\"@id\":\"https:\\\/\\\/sarmiento24h.com\\\/#\\\/schema\\\/person\\\/d653a59725ad629a7e0429af7b939d4d\",\"name\":\"sarmiento24h@gmail.com\",\"image\":{\"@type\":\"ImageObject\",\"inLanguage\":\"es\",\"@id\":\"https:\\\/\\\/sarmiento24h.com\\\/wp-content\\\/litespeed\\\/avatar\\\/d02cbc4e23c747e6659cd45907173c8f.jpg?ver=1777157796\",\"url\":\"https:\\\/\\\/sarmiento24h.com\\\/wp-content\\\/litespeed\\\/avatar\\\/d02cbc4e23c747e6659cd45907173c8f.jpg?ver=1777157796\",\"contentUrl\":\"https:\\\/\\\/sarmiento24h.com\\\/wp-content\\\/litespeed\\\/avatar\\\/d02cbc4e23c747e6659cd45907173c8f.jpg?ver=1777157796\",\"caption\":\"sarmiento24h@gmail.com\"},\"sameAs\":[\"https:\\\/\\\/sarmiento24h.com\"],\"url\":\"https:\\\/\\\/sarmiento24h.com\\\/?author=1\"}]}<\/script>\n<!-- \/ Yoast SEO plugin. -->","yoast_head_json":{"title":"\"Quise morir en ese instante\": un periodista palestino denuncia que fue violado en una c\u00e1rcel israel\u00ed - Sarmiento24h","robots":{"index":"index","follow":"follow","max-snippet":"max-snippet:-1","max-image-preview":"max-image-preview:large","max-video-preview":"max-video-preview:-1"},"canonical":"https:\/\/sarmiento24h.com\/?p=31277","og_locale":"es_ES","og_type":"article","og_title":"\"Quise morir en ese instante\": un periodista palestino denuncia que fue violado en una c\u00e1rcel israel\u00ed - Sarmiento24h","og_description":"Poco despu\u00e9s de ser detenido en febrero&#46;&#46;&#46;","og_url":"https:\/\/sarmiento24h.com\/?p=31277","og_site_name":"Sarmiento24h","article_publisher":"https:\/\/facebook.com\/s24hnoticias","article_published_time":"2026-02-26T16:53:32+00:00","og_image":[{"width":980,"height":551,"url":"https:\/\/sarmiento24h.com\/wp-content\/uploads\/2026\/02\/quise-morir-en-ese-instante-un-periodista-palestino-denuncia-que-fue-violado-en-una-carcel-israeli.png","type":"image\/png"}],"author":"sarmiento24h@gmail.com","twitter_card":"summary_large_image","twitter_creator":"@sarmiento24h","twitter_site":"@sarmiento24h","twitter_misc":{"Escrito por":"sarmiento24h@gmail.com","Tiempo de lectura":"9 minutos"},"schema":{"@context":"https:\/\/schema.org","@graph":[{"@type":"Article","@id":"https:\/\/sarmiento24h.com\/?p=31277#article","isPartOf":{"@id":"https:\/\/sarmiento24h.com\/?p=31277"},"author":{"name":"sarmiento24h@gmail.com","@id":"https:\/\/sarmiento24h.com\/#\/schema\/person\/d653a59725ad629a7e0429af7b939d4d"},"headline":"\u00abQuise morir en ese instante\u00bb: un periodista palestino denuncia que fue violado en una c\u00e1rcel israel\u00ed","datePublished":"2026-02-26T16:53:32+00:00","mainEntityOfPage":{"@id":"https:\/\/sarmiento24h.com\/?p=31277"},"wordCount":1821,"publisher":{"@id":"https:\/\/sarmiento24h.com\/#organization"},"image":{"@id":"https:\/\/sarmiento24h.com\/?p=31277#primaryimage"},"thumbnailUrl":"https:\/\/sarmiento24h.com\/wp-content\/uploads\/2026\/02\/quise-morir-en-ese-instante-un-periodista-palestino-denuncia-que-fue-violado-en-una-carcel-israeli.png","articleSection":["Internacionales"],"inLanguage":"es"},{"@type":"WebPage","@id":"https:\/\/sarmiento24h.com\/?p=31277","url":"https:\/\/sarmiento24h.com\/?p=31277","name":"\"Quise morir en ese instante\": un periodista palestino denuncia que fue violado en una c\u00e1rcel israel\u00ed - Sarmiento24h","isPartOf":{"@id":"https:\/\/sarmiento24h.com\/#website"},"primaryImageOfPage":{"@id":"https:\/\/sarmiento24h.com\/?p=31277#primaryimage"},"image":{"@id":"https:\/\/sarmiento24h.com\/?p=31277#primaryimage"},"thumbnailUrl":"https:\/\/sarmiento24h.com\/wp-content\/uploads\/2026\/02\/quise-morir-en-ese-instante-un-periodista-palestino-denuncia-que-fue-violado-en-una-carcel-israeli.png","datePublished":"2026-02-26T16:53:32+00:00","breadcrumb":{"@id":"https:\/\/sarmiento24h.com\/?p=31277#breadcrumb"},"inLanguage":"es","potentialAction":[{"@type":"ReadAction","target":["https:\/\/sarmiento24h.com\/?p=31277"]}]},{"@type":"ImageObject","inLanguage":"es","@id":"https:\/\/sarmiento24h.com\/?p=31277#primaryimage","url":"https:\/\/sarmiento24h.com\/wp-content\/uploads\/2026\/02\/quise-morir-en-ese-instante-un-periodista-palestino-denuncia-que-fue-violado-en-una-carcel-israeli.png","contentUrl":"https:\/\/sarmiento24h.com\/wp-content\/uploads\/2026\/02\/quise-morir-en-ese-instante-un-periodista-palestino-denuncia-que-fue-violado-en-una-carcel-israeli.png","width":980,"height":551},{"@type":"BreadcrumbList","@id":"https:\/\/sarmiento24h.com\/?p=31277#breadcrumb","itemListElement":[{"@type":"ListItem","position":1,"name":"Home","item":"https:\/\/sarmiento24h.com\/"},{"@type":"ListItem","position":2,"name":"\u00abQuise morir en ese instante\u00bb: un periodista palestino denuncia que fue violado en una c\u00e1rcel israel\u00ed"}]},{"@type":"WebSite","@id":"https:\/\/sarmiento24h.com\/#website","url":"https:\/\/sarmiento24h.com\/","name":"Sarmiento24h","description":"","publisher":{"@id":"https:\/\/sarmiento24h.com\/#organization"},"potentialAction":[{"@type":"SearchAction","target":{"@type":"EntryPoint","urlTemplate":"https:\/\/sarmiento24h.com\/?s={search_term_string}"},"query-input":{"@type":"PropertyValueSpecification","valueRequired":true,"valueName":"search_term_string"}}],"inLanguage":"es"},{"@type":"Organization","@id":"https:\/\/sarmiento24h.com\/#organization","name":"Sarmiento24h","url":"https:\/\/sarmiento24h.com\/","logo":{"@type":"ImageObject","inLanguage":"es","@id":"https:\/\/sarmiento24h.com\/#\/schema\/logo\/image\/","url":"https:\/\/sarmiento24h.com\/wp-content\/uploads\/2025\/12\/AddText_12-16-10.30.52.jpg","contentUrl":"https:\/\/sarmiento24h.com\/wp-content\/uploads\/2025\/12\/AddText_12-16-10.30.52.jpg","width":1220,"height":324,"caption":"Sarmiento24h"},"image":{"@id":"https:\/\/sarmiento24h.com\/#\/schema\/logo\/image\/"},"sameAs":["https:\/\/facebook.com\/s24hnoticias","https:\/\/x.com\/sarmiento24h"]},{"@type":"Person","@id":"https:\/\/sarmiento24h.com\/#\/schema\/person\/d653a59725ad629a7e0429af7b939d4d","name":"sarmiento24h@gmail.com","image":{"@type":"ImageObject","inLanguage":"es","@id":"https:\/\/sarmiento24h.com\/wp-content\/litespeed\/avatar\/d02cbc4e23c747e6659cd45907173c8f.jpg?ver=1777157796","url":"https:\/\/sarmiento24h.com\/wp-content\/litespeed\/avatar\/d02cbc4e23c747e6659cd45907173c8f.jpg?ver=1777157796","contentUrl":"https:\/\/sarmiento24h.com\/wp-content\/litespeed\/avatar\/d02cbc4e23c747e6659cd45907173c8f.jpg?ver=1777157796","caption":"sarmiento24h@gmail.com"},"sameAs":["https:\/\/sarmiento24h.com"],"url":"https:\/\/sarmiento24h.com\/?author=1"}]}},"jetpack_publicize_connections":[],"jetpack_featured_media_url":"https:\/\/sarmiento24h.com\/wp-content\/uploads\/2026\/02\/quise-morir-en-ese-instante-un-periodista-palestino-denuncia-que-fue-violado-en-una-carcel-israeli.png","jetpack_sharing_enabled":true,"_links":{"self":[{"href":"https:\/\/sarmiento24h.com\/index.php?rest_route=\/wp\/v2\/posts\/31277","targetHints":{"allow":["GET"]}}],"collection":[{"href":"https:\/\/sarmiento24h.com\/index.php?rest_route=\/wp\/v2\/posts"}],"about":[{"href":"https:\/\/sarmiento24h.com\/index.php?rest_route=\/wp\/v2\/types\/post"}],"author":[{"embeddable":true,"href":"https:\/\/sarmiento24h.com\/index.php?rest_route=\/wp\/v2\/users\/1"}],"replies":[{"embeddable":true,"href":"https:\/\/sarmiento24h.com\/index.php?rest_route=%2Fwp%2Fv2%2Fcomments&post=31277"}],"version-history":[{"count":0,"href":"https:\/\/sarmiento24h.com\/index.php?rest_route=\/wp\/v2\/posts\/31277\/revisions"}],"wp:featuredmedia":[{"embeddable":true,"href":"https:\/\/sarmiento24h.com\/index.php?rest_route=\/wp\/v2\/media\/31278"}],"wp:attachment":[{"href":"https:\/\/sarmiento24h.com\/index.php?rest_route=%2Fwp%2Fv2%2Fmedia&parent=31277"}],"wp:term":[{"taxonomy":"category","embeddable":true,"href":"https:\/\/sarmiento24h.com\/index.php?rest_route=%2Fwp%2Fv2%2Fcategories&post=31277"},{"taxonomy":"post_tag","embeddable":true,"href":"https:\/\/sarmiento24h.com\/index.php?rest_route=%2Fwp%2Fv2%2Ftags&post=31277"}],"curies":[{"name":"wp","href":"https:\/\/api.w.org\/{rel}","templated":true}]}}