{"id":31338,"date":"2026-02-26T17:33:33","date_gmt":"2026-02-26T17:33:33","guid":{"rendered":"http:\/\/80b731ce-1317-11f1-b4ca-b300181792fc"},"modified":"2026-02-26T17:33:33","modified_gmt":"2026-02-26T17:33:33","slug":"los-clinton-ante-el-congreso-por-el-caso-epstein-que-senalan-los-archivos-sobre-ellos","status":"publish","type":"post","link":"https:\/\/sarmiento24h.com\/?p=31338","title":{"rendered":"Los Clinton, ante el Congreso por el caso Epstein: \u00bfqu\u00e9 se\u00f1alan los archivos sobre ellos?"},"content":{"rendered":"<p>El expresidente de Estados Unidos, <a href=\"https:\/\/www.france24.com\/es\/tag\/bill-clinton\/\" target=\"_self\" class=\"gtm-add-suggested-tag\">Bill Clinton<\/a>, y su esposa, la ex secretaria de Estado,&nbsp;<a href=\"https:\/\/www.france24.com\/es\/tag\/hillary-clinton\/\" target=\"_self\" class=\"gtm-add-suggested-tag\">Hillary Clinton<\/a>, una de las mujeres m\u00e1s prominentes del <a href=\"https:\/\/www.france24.com\/es\/tag\/partido-dem\u00f3crata\/\" target=\"_self\" class=\"gtm-add-suggested-tag\">Partido Dem\u00f3crata<\/a>, testifican, por separado, este jueves 26 y viernes 27 de febrero ante un comit\u00e9 del Congreso que investiga el caso del depredador sexual convicto&nbsp;<a href=\"https:\/\/www.france24.com\/es\/tag\/jeffrey-epstein\/\" target=\"_self\" class=\"gtm-add-suggested-tag\">Jeffrey Epstein<\/a>.<\/p>\n<p>Si bien la relaci\u00f3n entre Bill Clinton y el financiero neoyorquino fue documentada durante a\u00f1os, el exmandatario insiste en que desconoc\u00eda los cr\u00edmenes de Epstein y defiende que renunci\u00f3 a su amistad antes de que el fallecido financiero fuera condenado por solicitar prostituci\u00f3n de una menor de edad en 2008.<\/p>\n<p>Las transcripciones de las comparecencias de los dem\u00f3cratas ser\u00e1n publicadas, asegur\u00f3 el presidente del comit\u00e9, el republicano James Comer. Ninguno de los Clinton ha sido imputado formalmente por alg\u00fan hecho delictivo asociado al caso Epstein.<\/p>\n<p>En v\u00edsperas del inicio de las declaraciones del matrimonio, el <a href=\"https:\/\/www.france24.com\/es\/tag\/departamento-de-justicia\/\" target=\"_self\" class=\"gtm-add-suggested-tag\">Departamento de Justicia<\/a> asegur\u00f3 que&nbsp;estaba investigando si se hab\u00eda ocultado indebidamente&nbsp;documentos del caso&nbsp;Epstein, despu\u00e9s de que <a href=\"https:\/\/www.france24.com\/es\/video\/20260226-archivos-epstein-denuncian-ocultamiento-de-documentos-que-mencionan-a-trump\" target=\"_self\">varias organizaciones informaran<\/a>&nbsp;que acusaciones no corroboradas de una mujer contra el presidente Donald Trump no estaban entre los expediente liberados. La presunta v\u00edctima denunci\u00f3 que fue abusada sexualmente por el ahora mandatario cuando ella era menor de edad.<\/p>\n<p>Los dem\u00f3cratas lo califican como \u00abel mayor encubrimiento\u00bb de informaci\u00f3n del caso.<\/p>\n<p class=\"a-read-more\"><span class=\"a-read-more__label\">Leer tambi\u00e9n<\/span><a href=\"https:\/\/www.france24.com\/es\/ee-uu-y-canad\u00e1\/20260226-dem\u00f3cratas-se\u00f1alan-ocultamiento-de-documentos-en-archivos-epstein-relacionados-con-trump\" target=\"_self\" class=\"a-read-more__link\">Dem\u00f3cratas se\u00f1alan el \u00abmayor encubrimiento\u00bb de documentos en archivos Epstein relacionados con Trump<\/a><\/p>\n<h2><strong>\u00bfPor qu\u00e9 el caso salpica a Bill Clinton?<\/strong><\/h2>\n<p>Entre las <a href=\"https:\/\/www.france24.com\/es\/video\/20260131-caso-epstein-departamento-de-justicia-de-ee-uu-publica-3-millones-de-p\u00e1ginas-de-archivos\" target=\"_self\">m\u00e1s de 3 millones de p\u00e1ginas de documentos del caso Epstein<\/a>&nbsp;reveladas en los \u00faltimos meses por el Departamento de Justicia de EE.UU. (DOJ), existen al menos cinco fotos en las que aparecen Bill Clinton, dos de ellas junto a Jeffrey Epstein.<\/p>\n<p>En las im\u00e1genes se ve al expresidente en un&nbsp;jacuzzi, junto a una persona con el rostro censurado; o tomando de la cintura a algunas j\u00f3venes; o nadando con quien fuera pareja y c\u00f3mplice de Epstein, <a href=\"https:\/\/www.france24.com\/es\/tag\/ghislaine-maxwell\/\" target=\"_self\" class=\"gtm-add-suggested-tag\">Ghislaine Maxwell<\/a>.<\/p>\n<p>Los archivos no indican cu\u00e1ndo ni d\u00f3nde se tomaron las fotos y hay poco contexto disponible sobre ellas.<\/p>\n<div class=\"m-em-image\">\n<figure class=\"m-item-image m-item-image--original m-item-image--has-caption\"> <picture class=\"a-picture a-picture--original\"><source type=\"image\/webp\" srcset=\"https:\/\/s.france24.com\/media\/display\/95df9186-e027-11f0-a6f2-005056a90284\/w:246\/2025-12-20T020505Z-1836763327-RC2SJIAKFMLP-RTRMADP-3-USA-TRUMP-EPSTEIN-FILES.webp 246w, https:\/\/s.france24.com\/media\/display\/95df9186-e027-11f0-a6f2-005056a90284\/w:388\/2025-12-20T020505Z-1836763327-RC2SJIAKFMLP-RTRMADP-3-USA-TRUMP-EPSTEIN-FILES.webp 388w, https:\/\/s.france24.com\/media\/display\/95df9186-e027-11f0-a6f2-005056a90284\/w:720\/2025-12-20T020505Z-1836763327-RC2SJIAKFMLP-RTRMADP-3-USA-TRUMP-EPSTEIN-FILES.webp 720w, https:\/\/s.france24.com\/media\/display\/95df9186-e027-11f0-a6f2-005056a90284\/w:980\/2025-12-20T020505Z-1836763327-RC2SJIAKFMLP-RTRMADP-3-USA-TRUMP-EPSTEIN-FILES.webp 980w\" sizes=\"(max-width: 1023px) calc(100vw - 32px), (min-width: 1024px) 850px\"><img fetchpriority=\"low\" decoding=\"async\" src=\"https:\/\/sarmiento24h.com\/wp-content\/uploads\/2026\/02\/los-clinton-ante-el-congreso-por-el-caso-epstein-que-senalan-los-archivos-sobre-ellos.jpg\" srcset=\"https:\/\/sarmiento24h.com\/wp-content\/uploads\/2026\/02\/los-clinton-ante-el-congreso-por-el-caso-epstein-que-senalan-los-archivos-sobre-ellos-2.jpg 246w, https:\/\/sarmiento24h.com\/wp-content\/uploads\/2026\/02\/los-clinton-ante-el-congreso-por-el-caso-epstein-que-senalan-los-archivos-sobre-ellos-3.jpg 388w, https:\/\/sarmiento24h.com\/wp-content\/uploads\/2026\/02\/los-clinton-ante-el-congreso-por-el-caso-epstein-que-senalan-los-archivos-sobre-ellos-4.jpg 720w, https:\/\/sarmiento24h.com\/wp-content\/uploads\/2026\/02\/los-clinton-ante-el-congreso-por-el-caso-epstein-que-senalan-los-archivos-sobre-ellos.jpg 980w\" sizes=\"(max-width: 1023px) calc(100vw - 32px), (min-width: 1024px) 850px\" alt=\"El expresidente estadounidense Bill Clinton y una mujer aparecen en esta imagen del patrimonio del difunto financiero y delincuente sexual convicto Jeffrey Epstein, publicada por el Departamento de Justicia en Washington, D.C., EE. UU., el 19 de diciembre de 2025.\" loading=\"lazy\" class=\"a-img \">\n<\/picture><figcaption class=\"a-figcaption\"> <span>El expresidente estadounidense Bill Clinton y una mujer aparecen en esta imagen del patrimonio del difunto financiero y delincuente sexual convicto Jeffrey Epstein, publicada por el Departamento de Justicia en Washington, D.C., EE. UU., el 19 de diciembre de 2025.<\/span> <span>\u00a9 Departamento de Justicia de EE. UU.\/Reuters<\/span> <\/figcaption><\/figure>\n<\/p><\/div>\n<p>Seg\u00fan los documentos, Bill Clinton vol\u00f3 en el <a href=\"https:\/\/www.france24.com\/es\/tag\/avi\u00f3n\/\" target=\"_self\" class=\"gtm-add-suggested-tag\">avi\u00f3n<\/a> de Epstein al menos 16 veces a principios de la d\u00e9cada de 2000, tras dejar el cargo como mandatario. Durante ese tiempo, Epstein colabor\u00f3 \u200b\u200bcon algunas de las obras filantr\u00f3picas del expresidente.<\/p>\n<p>El delincuente sexual visit\u00f3 la <a href=\"https:\/\/www.france24.com\/es\/tag\/casa-blanca\/\" target=\"_self\" class=\"gtm-add-suggested-tag\">Casa Blanca<\/a> 17 veces mientras&nbsp;Clinton&nbsp;estaba era el presidente, seg\u00fan James Comer, basado en el el registro de visitas.&nbsp; Entre los archivos desclasificados, aparecen numerosos intercambios entre Ghislaine Maxwell y miembros del grupo de trabajo de Clinton, especialmente entre 2001 y 2004, con la intenci\u00f3n de coordinar actos, reuniones y eventos ben\u00e9ficos.<\/p>\n<p>El expresidente dem\u00f3crata asegur\u00f3 que su amistad con el delincuente sexual se rompi\u00f3 antes de que el magnate fuera arrestado en 2007&nbsp;por&nbsp;solicitar servicios de <a href=\"https:\/\/www.france24.com\/es\/tag\/prostituci\u00f3n\/\" target=\"_self\" class=\"gtm-add-suggested-tag\">prostituci\u00f3n<\/a> a una menor.<\/p>\n<div class=\"m-em-image\">\n<figure class=\"m-item-image m-item-image--original m-item-image--has-caption\"> <picture class=\"a-picture a-picture--original\"><source type=\"image\/webp\" srcset=\"https:\/\/s.france24.com\/media\/display\/140a19f2-d77a-11f0-8e86-005056a97e36\/w:246\/Captura-de-Pantalla-2025-12-12-a-la-s-17-41-17.webp 246w, https:\/\/s.france24.com\/media\/display\/140a19f2-d77a-11f0-8e86-005056a97e36\/w:388\/Captura-de-Pantalla-2025-12-12-a-la-s-17-41-17.webp 388w, https:\/\/s.france24.com\/media\/display\/140a19f2-d77a-11f0-8e86-005056a97e36\/w:720\/Captura-de-Pantalla-2025-12-12-a-la-s-17-41-17.webp 720w, https:\/\/s.france24.com\/media\/display\/140a19f2-d77a-11f0-8e86-005056a97e36\/w:980\/Captura-de-Pantalla-2025-12-12-a-la-s-17-41-17.webp 980w\" sizes=\"(max-width: 1023px) calc(100vw - 32px), (min-width: 1024px) 850px\"><img fetchpriority=\"low\" decoding=\"async\" src=\"https:\/\/sarmiento24h.com\/wp-content\/uploads\/2026\/02\/los-clinton-ante-el-congreso-por-el-caso-epstein-que-senalan-los-archivos-sobre-ellos.png\" srcset=\"https:\/\/sarmiento24h.com\/wp-content\/uploads\/2026\/02\/los-clinton-ante-el-congreso-por-el-caso-epstein-que-senalan-los-archivos-sobre-ellos-1.png 246w, https:\/\/sarmiento24h.com\/wp-content\/uploads\/2026\/02\/los-clinton-ante-el-congreso-por-el-caso-epstein-que-senalan-los-archivos-sobre-ellos-2.png 388w, https:\/\/sarmiento24h.com\/wp-content\/uploads\/2026\/02\/los-clinton-ante-el-congreso-por-el-caso-epstein-que-senalan-los-archivos-sobre-ellos-3.png 720w, https:\/\/sarmiento24h.com\/wp-content\/uploads\/2026\/02\/los-clinton-ante-el-congreso-por-el-caso-epstein-que-senalan-los-archivos-sobre-ellos.png 980w\" sizes=\"(max-width: 1023px) calc(100vw - 32px), (min-width: 1024px) 850px\" alt=\"Fotograf\u00eda revelada por el Partido Dem\u00f3crata el 12 de diciembre de 2025 en el que se ve al expresidente estadounidense Bill Clinton y el depredador sexual Jeffrey Epstein.\" loading=\"lazy\" class=\"a-img \">\n<\/picture><figcaption class=\"a-figcaption\"> <span>Fotograf\u00eda revelada por el Partido Dem\u00f3crata el 12 de diciembre de 2025 en el que se ve al expresidente estadounidense Bill Clinton y el depredador sexual Jeffrey Epstein.<\/span> <span>\u00a9 v\u00eda redes sociales<\/span> <\/figcaption><\/figure>\n<\/p><\/div>\n<p>En un interrogatorio de 2016, Epstein invoc\u00f3 repetidamente la Quinta Enmienda cuando se le pregunt\u00f3 por su relaci\u00f3n con Bill Clinton y la Clinton Foundation, neg\u00e1ndose a responder sobre cenas concretas y encuentros con el ex jefe de Estado.&nbsp;<\/p>\n<p>Epstein muri\u00f3 en prisi\u00f3n en 2019, seg\u00fan las autoridades por suicidio, poco antes de que iniciara el juicio en el que estaba acusado de liderar una red de tr\u00e1fico sexual de menores.&nbsp;<\/p>\n<h2><strong>\u00bfTuvo Hillary Clinton contactos con Epstein?<\/strong><\/h2>\n<p>Hillary Clinton\u2013candidata presidencial dem\u00f3crata en 2016 frente a Donald Trump, que llev\u00f3 al republicano a su primer mandato\u2013asegur\u00f3 no recordar haber conocido a Epstein, pero s\u00ed acept\u00f3 haber interactuado con la brit\u00e1nica Ghislaine Maxwell en conferencias organizadas por la Fundaci\u00f3n Clinton.<\/p>\n<p>Se trata de la exnovia del pederasta, quien cumple una condena de 20 a\u00f1os tras ser hallada culpable de reclutar a menores de edad para ser abusadas por el financiero estadounidense.<\/p>\n<p>En una reciente&nbsp;<a href=\"http:\/\/bbc.com\/news\/articles\/czx47k34yqxo\" target=\"_blank\">entrevista con la cadena &#8216;BBC&#8217;<\/a>, Hillary manifest\u00f3: <strong>\u00abEstamos m\u00e1s que felices de decir lo que sabemos, que es muy limitado y totalmente ajeno a su comportamiento o sus cr\u00edmenes y queremos hacerlo p\u00fablico\u00bb.<\/strong><\/p>\n<p>La ex primera dama ha insistido en que tiene poca informaci\u00f3n que aportar y h<strong>a acusado al comit\u00e9 parlamentario, liderado por los republicanos, de intentar desviar la atenci\u00f3n de los v\u00ednculos del presidente <a href=\"https:\/\/www.france24.com\/es\/tag\/donald-trump\/\" target=\"_self\" class=\"gtm-add-suggested-tag\">Donald Trump<\/a> con Epstein.<\/strong><\/p>\n<p>Algunos miembros del Partido Republicano intentaron centrar la atenci\u00f3n sobre las fotograf\u00edas de Bill&nbsp;Clinton, tras la revelaci\u00f3n de los expedientes del Departamento de Justicia.<\/p>\n<p>Sin embargo, los documentos tambi\u00e9n evidenciaron los v\u00ednculos de&nbsp;Epstein con una&nbsp;larga lista&nbsp;de l\u00edderes empresariales y pol\u00edticos, incluido el secretario de <a href=\"https:\/\/www.france24.com\/es\/tag\/comercio\/\" target=\"_self\" class=\"gtm-add-suggested-tag\">Comercio<\/a>,&nbsp;<a href=\"https:\/\/www.france24.com\/es\/tag\/howard-lutnick\/\" target=\"_self\" class=\"gtm-add-suggested-tag\">Howard Lutnick<\/a>, el director ejecutivo&nbsp;de <a href=\"https:\/\/www.france24.com\/es\/tag\/tesla\/\" target=\"_self\" class=\"gtm-add-suggested-tag\">Tesla<\/a>, <a href=\"https:\/\/www.france24.com\/es\/tag\/elon-musk\/\" target=\"_self\" class=\"gtm-add-suggested-tag\">Elon Musk<\/a>&nbsp;y al actual l\u00edder de la Casa Blanca.<\/p>\n<p>Aunque Donald Trump es mencionado miles de veces en los documentos\u2013 en gran parte censurados para proteger la investigaci\u00f3n, seg\u00fan la explicaci\u00f3n del Gobierno\u2013, el l\u00edder republicano remarca que no tuvo ninguna relaci\u00f3n con los cr\u00edmenes de Epstein.<\/p>\n<p>En el extranjero, han impulsado investigaciones criminales contra el expr\u00edncipe brit\u00e1nico&nbsp;Andrew Mountbatten-Windsor&nbsp;y otras figuras prominentes.<\/p>\n<p class=\"a-read-more\"><span class=\"a-read-more__label\">Leer tambi\u00e9n<\/span><a href=\"https:\/\/www.france24.com\/es\/ee-uu-y-canad\u00e1\/20251223-qu\u00e9-se\u00f1alan-las-im\u00e1genes-de-clinton-en-el-caso-epstein-portavoz-del-expresidente-denuncia-divulgaciones-selectivas\" target=\"_self\" class=\"a-read-more__link\">\u00bfQu\u00e9 se\u00f1alan las fotos de Clinton en el caso Epstein?: portavoz del expresidente denuncia \u00abdivulgaciones selectivas\u00bb<\/a><\/p>\n<h2><strong>Amenaza de desacato al Congreso<\/strong><\/h2>\n<p>Los republicanos del Comit\u00e9 de Supervisi\u00f3n de la <a href=\"https:\/\/www.france24.com\/es\/tag\/c\u00e1mara-de-representantes\/\" target=\"_self\" class=\"gtm-add-suggested-tag\">C\u00e1mara de Representantes<\/a> hab\u00edan citado a Bill y Hillary Clinton para que declararan a principios de 2026, pero recibieron una respuesta escrita del matrimonio en el que aseguraban tener \u201cpoca informaci\u00f3n\u201d sobre Epstein.<\/p>\n<p>Los Clinton argumentaron que las citaciones para su testimonio eran inv\u00e1lidas y se ofrecieron a presentar declaraciones juradas sobre su, insistieron, limitado conocimiento de los cr\u00edmenes de Epstein.<\/p>\n<p>Pero James Comer,&nbsp;presidente del comit\u00e9 del legislativo, exigi\u00f3 que comparecieran presencialmente, bajo la amenaza&nbsp;de iniciar un proceso por desacato al <a href=\"https:\/\/www.france24.com\/es\/tag\/congreso\/\" target=\"_self\" class=\"gtm-add-suggested-tag\">Congreso<\/a>.<\/p>\n<p>La iniciativa no solo fue apoyada por los republicanos: nueve dem\u00f3cratas, de los 21 miembros del panel de Supervisi\u00f3n, votaron a favor de presentar cargos contra Bill Clinton y tres dem\u00f3cratas se unieron a los republicanos para apoyar los cargos contra Hillary.<\/p>\n<div class=\"m-em-image\">\n<figure class=\"m-item-image m-item-image--original m-item-image--has-caption\"> <picture class=\"a-picture a-picture--original\"><source type=\"image\/webp\" srcset=\"https:\/\/s.france24.com\/media\/display\/c6fc993c-7211-11f0-8e95-005056bfb2b6\/w:246\/54a49855006c6fbca2799f843bdc81f6cfab8798.webp 246w, https:\/\/s.france24.com\/media\/display\/c6fc993c-7211-11f0-8e95-005056bfb2b6\/w:388\/54a49855006c6fbca2799f843bdc81f6cfab8798.webp 388w, https:\/\/s.france24.com\/media\/display\/c6fc993c-7211-11f0-8e95-005056bfb2b6\/w:720\/54a49855006c6fbca2799f843bdc81f6cfab8798.webp 720w, https:\/\/s.france24.com\/media\/display\/c6fc993c-7211-11f0-8e95-005056bfb2b6\/w:980\/54a49855006c6fbca2799f843bdc81f6cfab8798.webp 980w\" sizes=\"(max-width: 1023px) calc(100vw - 32px), (min-width: 1024px) 850px\"><img fetchpriority=\"low\" decoding=\"async\" src=\"https:\/\/sarmiento24h.com\/wp-content\/uploads\/2026\/02\/los-clinton-ante-el-congreso-por-el-caso-epstein-que-senalan-los-archivos-sobre-ellos-1.jpg\" srcset=\"https:\/\/sarmiento24h.com\/wp-content\/uploads\/2026\/02\/los-clinton-ante-el-congreso-por-el-caso-epstein-que-senalan-los-archivos-sobre-ellos-5.jpg 246w, https:\/\/sarmiento24h.com\/wp-content\/uploads\/2026\/02\/los-clinton-ante-el-congreso-por-el-caso-epstein-que-senalan-los-archivos-sobre-ellos-6.jpg 388w, https:\/\/sarmiento24h.com\/wp-content\/uploads\/2026\/02\/los-clinton-ante-el-congreso-por-el-caso-epstein-que-senalan-los-archivos-sobre-ellos-7.jpg 720w, https:\/\/sarmiento24h.com\/wp-content\/uploads\/2026\/02\/los-clinton-ante-el-congreso-por-el-caso-epstein-que-senalan-los-archivos-sobre-ellos-1.jpg 980w\" sizes=\"(max-width: 1023px) calc(100vw - 32px), (min-width: 1024px) 850px\" alt=\"El expresidente estadounidense Bill Clinton y su esposa, la exsecretaria de Estado Hillary Clinton, llegan a la toma de posesi\u00f3n de Donald Trump en el Capitolio, en Washington, el 20 de enero de 2025.\" loading=\"lazy\" class=\"a-img \">\n<\/picture><figcaption class=\"a-figcaption\"> <span>El expresidente estadounidense Bill Clinton y su esposa, la exsecretaria de Estado Hillary Clinton, llegan a la toma de posesi\u00f3n de Donald Trump en el Capitolio, en Washington, el 20 de enero de 2025.<\/span> <span>\u00a9 Kenny Holston\/The New York Times \/ POOL\/AFP<\/span> <\/figcaption><\/figure>\n<\/p><\/div>\n<p>El representante Robert Garc\u00eda (<a href=\"https:\/\/www.france24.com\/es\/tag\/california\/\" target=\"_self\" class=\"gtm-add-suggested-tag\">California<\/a>), el dem\u00f3crata de mayor rango en el panel de supervisi\u00f3n, afirm\u00f3 que <strong>tanto las administraciones republicanas como las dem\u00f3cratas \u00abhan fallado a los sobrevivientes al no divulgar m\u00e1s informaci\u00f3n al p\u00fablico\u00bb.<\/strong><\/p>\n<p>Tras negociaciones con los republicanos, <a href=\"https:\/\/www.france24.com\/es\/ee-uu-y-canad\u00e1\/20260203-caso-epstein-los-clinton-acceden-a-testificar-ante-el-congreso\" target=\"_self\">los Clinton ultimaron a inicios de febrero un acuerdo para testificar<\/a> ante la C\u00e1mara de Representantes. Solicitaron inicialmente comparecer p\u00fablicamente&nbsp;y frente a c\u00e1maras. Sin embargo, la solicitud fue denegada, por lo que ser\u00e1n grabados en video y sus testimonios transcritos.<\/p>\n<p>\u201cEsperamos interrogar a los Clinton como parte de nuestra investigaci\u00f3n sobre los horribles cr\u00edmenes de Epstein y Maxwell, para brindar transparencia y rendici\u00f3n de cuentas al pueblo estadounidense y a los sobrevivientes\u201d, manifest\u00f3 Comer&nbsp;en un comunicado.<\/p>\n<p>El presidente de la C\u00e1mara de Representantes, <a href=\"https:\/\/www.france24.com\/es\/tag\/mike-johnson\/\" target=\"_self\" class=\"gtm-add-suggested-tag\">Mike Johnson<\/a>, se\u00f1al\u00f3 el martes 24 de febrero que cualquier esfuerzo por declararlos en desacato al Congreso estaba \u00aben pausa\u00bb.<\/p>\n<p>Los dem\u00f3cratas desafiaron esta semana al actual mandatario sobre la gesti\u00f3n de los archivos de Epstein, al invitar a mujeres que sobrevivieron a los abusos del financiero al&nbsp;<a href=\"https:\/\/www.france24.com\/es\/video\/20260225-migraci\u00f3n-ir\u00e1n-y-venezuela-algunos-puntos-clave-del-discurso-del-estado-de-la-uni\u00f3n-de-trump\" target=\"_self\">discurso del estado de la Uni\u00f3n de Trump<\/a>.<\/p>\n<p>Incluso opositores de alto rango, como la expresidenta de la C\u00e1mara de Representantes Nancy Pelosi, afirmaron que era apropiado que el comit\u00e9 entrevistara a cualquier persona vinculada con Epstein, incluido el expresidente Clinton. \u00abQueremos escuchar a todos\u00bb, exhort\u00f3 Pelosi.<\/p>\n<p class=\"a-read-more\"><span class=\"a-read-more__label\">Leer tambi\u00e9n<\/span><a href=\"https:\/\/www.france24.com\/es\/video\/20260208-ee-uu-y-europa-sacudidos-por-los-v\u00ednculos-de-presidentes-pol\u00edticos-y-magnates-con-epstein\" target=\"_self\" class=\"a-read-more__link\">EE. UU. y Europa sacudidos por los v\u00ednculos de presidentes, pol\u00edticos y magnates con Epstein<\/a><\/p>\n<p>Con AP, Reuters y medios locales<\/p>\n","protected":false},"excerpt":{"rendered":"<p>El expresidente de Estados Unidos, Bill Clinton,&#46;&#46;&#46;<\/p>\n","protected":false},"author":1,"featured_media":31339,"comment_status":"closed","ping_status":"closed","sticky":false,"template":"","format":"standard","meta":{"_jetpack_memberships_contains_paid_content":false,"footnotes":"","jetpack_publicize_message":"","jetpack_publicize_feature_enabled":true,"jetpack_social_post_already_shared":true,"jetpack_social_options":{"image_generator_settings":{"template":"highway","default_image_id":0,"font":"","enabled":false},"version":2}},"categories":[43],"tags":[],"class_list":["post-31338","post","type-post","status-publish","format-standard","has-post-thumbnail","hentry","category-internacionales"],"yoast_head":"<!-- This site is optimized with the Yoast SEO plugin v27.3 - https:\/\/yoast.com\/product\/yoast-seo-wordpress\/ -->\n<title>Los Clinton, ante el Congreso por el caso Epstein: \u00bfqu\u00e9 se\u00f1alan los archivos sobre ellos? - Sarmiento24h<\/title>\n<meta name=\"robots\" content=\"index, follow, max-snippet:-1, max-image-preview:large, max-video-preview:-1\" \/>\n<link rel=\"canonical\" href=\"https:\/\/sarmiento24h.com\/?p=31338\" \/>\n<meta property=\"og:locale\" content=\"es_ES\" \/>\n<meta property=\"og:type\" content=\"article\" \/>\n<meta property=\"og:title\" content=\"Los Clinton, ante el Congreso por el caso Epstein: \u00bfqu\u00e9 se\u00f1alan los archivos sobre ellos? - Sarmiento24h\" \/>\n<meta property=\"og:description\" content=\"El expresidente de Estados Unidos, Bill Clinton,&#046;&#046;&#046;\" \/>\n<meta property=\"og:url\" content=\"https:\/\/sarmiento24h.com\/?p=31338\" \/>\n<meta property=\"og:site_name\" content=\"Sarmiento24h\" \/>\n<meta property=\"article:publisher\" content=\"https:\/\/facebook.com\/s24hnoticias\" \/>\n<meta property=\"article:published_time\" content=\"2026-02-26T17:33:33+00:00\" \/>\n<meta property=\"og:image\" content=\"https:\/\/sarmiento24h.com\/wp-content\/uploads\/2026\/02\/los-clinton-ante-el-congreso-por-el-caso-epstein-que-senalan-los-archivos-sobre-ellos.jpg\" \/>\n\t<meta property=\"og:image:width\" content=\"980\" \/>\n\t<meta property=\"og:image:height\" content=\"735\" \/>\n\t<meta property=\"og:image:type\" content=\"image\/jpeg\" \/>\n<meta name=\"author\" content=\"sarmiento24h@gmail.com\" \/>\n<meta name=\"twitter:card\" content=\"summary_large_image\" \/>\n<meta name=\"twitter:creator\" content=\"@sarmiento24h\" \/>\n<meta name=\"twitter:site\" content=\"@sarmiento24h\" \/>\n<meta name=\"twitter:label1\" content=\"Escrito por\" \/>\n\t<meta name=\"twitter:data1\" content=\"sarmiento24h@gmail.com\" \/>\n\t<meta name=\"twitter:label2\" content=\"Tiempo de lectura\" \/>\n\t<meta name=\"twitter:data2\" content=\"7 minutos\" \/>\n<script type=\"application\/ld+json\" class=\"yoast-schema-graph\">{\"@context\":\"https:\\\/\\\/schema.org\",\"@graph\":[{\"@type\":\"Article\",\"@id\":\"https:\\\/\\\/sarmiento24h.com\\\/?p=31338#article\",\"isPartOf\":{\"@id\":\"https:\\\/\\\/sarmiento24h.com\\\/?p=31338\"},\"author\":{\"name\":\"sarmiento24h@gmail.com\",\"@id\":\"https:\\\/\\\/sarmiento24h.com\\\/#\\\/schema\\\/person\\\/d653a59725ad629a7e0429af7b939d4d\"},\"headline\":\"Los Clinton, ante el Congreso por el caso Epstein: \u00bfqu\u00e9 se\u00f1alan los archivos sobre ellos?\",\"datePublished\":\"2026-02-26T17:33:33+00:00\",\"mainEntityOfPage\":{\"@id\":\"https:\\\/\\\/sarmiento24h.com\\\/?p=31338\"},\"wordCount\":1464,\"publisher\":{\"@id\":\"https:\\\/\\\/sarmiento24h.com\\\/#organization\"},\"image\":{\"@id\":\"https:\\\/\\\/sarmiento24h.com\\\/?p=31338#primaryimage\"},\"thumbnailUrl\":\"https:\\\/\\\/sarmiento24h.com\\\/wp-content\\\/uploads\\\/2026\\\/02\\\/los-clinton-ante-el-congreso-por-el-caso-epstein-que-senalan-los-archivos-sobre-ellos.jpg\",\"articleSection\":[\"Internacionales\"],\"inLanguage\":\"es\"},{\"@type\":\"WebPage\",\"@id\":\"https:\\\/\\\/sarmiento24h.com\\\/?p=31338\",\"url\":\"https:\\\/\\\/sarmiento24h.com\\\/?p=31338\",\"name\":\"Los Clinton, ante el Congreso por el caso Epstein: \u00bfqu\u00e9 se\u00f1alan los archivos sobre ellos? - Sarmiento24h\",\"isPartOf\":{\"@id\":\"https:\\\/\\\/sarmiento24h.com\\\/#website\"},\"primaryImageOfPage\":{\"@id\":\"https:\\\/\\\/sarmiento24h.com\\\/?p=31338#primaryimage\"},\"image\":{\"@id\":\"https:\\\/\\\/sarmiento24h.com\\\/?p=31338#primaryimage\"},\"thumbnailUrl\":\"https:\\\/\\\/sarmiento24h.com\\\/wp-content\\\/uploads\\\/2026\\\/02\\\/los-clinton-ante-el-congreso-por-el-caso-epstein-que-senalan-los-archivos-sobre-ellos.jpg\",\"datePublished\":\"2026-02-26T17:33:33+00:00\",\"breadcrumb\":{\"@id\":\"https:\\\/\\\/sarmiento24h.com\\\/?p=31338#breadcrumb\"},\"inLanguage\":\"es\",\"potentialAction\":[{\"@type\":\"ReadAction\",\"target\":[\"https:\\\/\\\/sarmiento24h.com\\\/?p=31338\"]}]},{\"@type\":\"ImageObject\",\"inLanguage\":\"es\",\"@id\":\"https:\\\/\\\/sarmiento24h.com\\\/?p=31338#primaryimage\",\"url\":\"https:\\\/\\\/sarmiento24h.com\\\/wp-content\\\/uploads\\\/2026\\\/02\\\/los-clinton-ante-el-congreso-por-el-caso-epstein-que-senalan-los-archivos-sobre-ellos.jpg\",\"contentUrl\":\"https:\\\/\\\/sarmiento24h.com\\\/wp-content\\\/uploads\\\/2026\\\/02\\\/los-clinton-ante-el-congreso-por-el-caso-epstein-que-senalan-los-archivos-sobre-ellos.jpg\",\"width\":980,\"height\":735},{\"@type\":\"BreadcrumbList\",\"@id\":\"https:\\\/\\\/sarmiento24h.com\\\/?p=31338#breadcrumb\",\"itemListElement\":[{\"@type\":\"ListItem\",\"position\":1,\"name\":\"Home\",\"item\":\"https:\\\/\\\/sarmiento24h.com\\\/\"},{\"@type\":\"ListItem\",\"position\":2,\"name\":\"Los Clinton, ante el Congreso por el caso Epstein: \u00bfqu\u00e9 se\u00f1alan los archivos sobre ellos?\"}]},{\"@type\":\"WebSite\",\"@id\":\"https:\\\/\\\/sarmiento24h.com\\\/#website\",\"url\":\"https:\\\/\\\/sarmiento24h.com\\\/\",\"name\":\"Sarmiento24h\",\"description\":\"\",\"publisher\":{\"@id\":\"https:\\\/\\\/sarmiento24h.com\\\/#organization\"},\"potentialAction\":[{\"@type\":\"SearchAction\",\"target\":{\"@type\":\"EntryPoint\",\"urlTemplate\":\"https:\\\/\\\/sarmiento24h.com\\\/?s={search_term_string}\"},\"query-input\":{\"@type\":\"PropertyValueSpecification\",\"valueRequired\":true,\"valueName\":\"search_term_string\"}}],\"inLanguage\":\"es\"},{\"@type\":\"Organization\",\"@id\":\"https:\\\/\\\/sarmiento24h.com\\\/#organization\",\"name\":\"Sarmiento24h\",\"url\":\"https:\\\/\\\/sarmiento24h.com\\\/\",\"logo\":{\"@type\":\"ImageObject\",\"inLanguage\":\"es\",\"@id\":\"https:\\\/\\\/sarmiento24h.com\\\/#\\\/schema\\\/logo\\\/image\\\/\",\"url\":\"https:\\\/\\\/sarmiento24h.com\\\/wp-content\\\/uploads\\\/2025\\\/12\\\/AddText_12-16-10.30.52.jpg\",\"contentUrl\":\"https:\\\/\\\/sarmiento24h.com\\\/wp-content\\\/uploads\\\/2025\\\/12\\\/AddText_12-16-10.30.52.jpg\",\"width\":1220,\"height\":324,\"caption\":\"Sarmiento24h\"},\"image\":{\"@id\":\"https:\\\/\\\/sarmiento24h.com\\\/#\\\/schema\\\/logo\\\/image\\\/\"},\"sameAs\":[\"https:\\\/\\\/facebook.com\\\/s24hnoticias\",\"https:\\\/\\\/x.com\\\/sarmiento24h\"]},{\"@type\":\"Person\",\"@id\":\"https:\\\/\\\/sarmiento24h.com\\\/#\\\/schema\\\/person\\\/d653a59725ad629a7e0429af7b939d4d\",\"name\":\"sarmiento24h@gmail.com\",\"image\":{\"@type\":\"ImageObject\",\"inLanguage\":\"es\",\"@id\":\"https:\\\/\\\/sarmiento24h.com\\\/wp-content\\\/litespeed\\\/avatar\\\/d02cbc4e23c747e6659cd45907173c8f.jpg?ver=1777157796\",\"url\":\"https:\\\/\\\/sarmiento24h.com\\\/wp-content\\\/litespeed\\\/avatar\\\/d02cbc4e23c747e6659cd45907173c8f.jpg?ver=1777157796\",\"contentUrl\":\"https:\\\/\\\/sarmiento24h.com\\\/wp-content\\\/litespeed\\\/avatar\\\/d02cbc4e23c747e6659cd45907173c8f.jpg?ver=1777157796\",\"caption\":\"sarmiento24h@gmail.com\"},\"sameAs\":[\"https:\\\/\\\/sarmiento24h.com\"],\"url\":\"https:\\\/\\\/sarmiento24h.com\\\/?author=1\"}]}<\/script>\n<!-- \/ Yoast SEO plugin. -->","yoast_head_json":{"title":"Los Clinton, ante el Congreso por el caso Epstein: \u00bfqu\u00e9 se\u00f1alan los archivos sobre ellos? - Sarmiento24h","robots":{"index":"index","follow":"follow","max-snippet":"max-snippet:-1","max-image-preview":"max-image-preview:large","max-video-preview":"max-video-preview:-1"},"canonical":"https:\/\/sarmiento24h.com\/?p=31338","og_locale":"es_ES","og_type":"article","og_title":"Los Clinton, ante el Congreso por el caso Epstein: \u00bfqu\u00e9 se\u00f1alan los archivos sobre ellos? - Sarmiento24h","og_description":"El expresidente de Estados Unidos, Bill Clinton,&#46;&#46;&#46;","og_url":"https:\/\/sarmiento24h.com\/?p=31338","og_site_name":"Sarmiento24h","article_publisher":"https:\/\/facebook.com\/s24hnoticias","article_published_time":"2026-02-26T17:33:33+00:00","og_image":[{"width":980,"height":735,"url":"https:\/\/sarmiento24h.com\/wp-content\/uploads\/2026\/02\/los-clinton-ante-el-congreso-por-el-caso-epstein-que-senalan-los-archivos-sobre-ellos.jpg","type":"image\/jpeg"}],"author":"sarmiento24h@gmail.com","twitter_card":"summary_large_image","twitter_creator":"@sarmiento24h","twitter_site":"@sarmiento24h","twitter_misc":{"Escrito por":"sarmiento24h@gmail.com","Tiempo de lectura":"7 minutos"},"schema":{"@context":"https:\/\/schema.org","@graph":[{"@type":"Article","@id":"https:\/\/sarmiento24h.com\/?p=31338#article","isPartOf":{"@id":"https:\/\/sarmiento24h.com\/?p=31338"},"author":{"name":"sarmiento24h@gmail.com","@id":"https:\/\/sarmiento24h.com\/#\/schema\/person\/d653a59725ad629a7e0429af7b939d4d"},"headline":"Los Clinton, ante el Congreso por el caso Epstein: \u00bfqu\u00e9 se\u00f1alan los archivos sobre ellos?","datePublished":"2026-02-26T17:33:33+00:00","mainEntityOfPage":{"@id":"https:\/\/sarmiento24h.com\/?p=31338"},"wordCount":1464,"publisher":{"@id":"https:\/\/sarmiento24h.com\/#organization"},"image":{"@id":"https:\/\/sarmiento24h.com\/?p=31338#primaryimage"},"thumbnailUrl":"https:\/\/sarmiento24h.com\/wp-content\/uploads\/2026\/02\/los-clinton-ante-el-congreso-por-el-caso-epstein-que-senalan-los-archivos-sobre-ellos.jpg","articleSection":["Internacionales"],"inLanguage":"es"},{"@type":"WebPage","@id":"https:\/\/sarmiento24h.com\/?p=31338","url":"https:\/\/sarmiento24h.com\/?p=31338","name":"Los Clinton, ante el Congreso por el caso Epstein: \u00bfqu\u00e9 se\u00f1alan los archivos sobre ellos? - Sarmiento24h","isPartOf":{"@id":"https:\/\/sarmiento24h.com\/#website"},"primaryImageOfPage":{"@id":"https:\/\/sarmiento24h.com\/?p=31338#primaryimage"},"image":{"@id":"https:\/\/sarmiento24h.com\/?p=31338#primaryimage"},"thumbnailUrl":"https:\/\/sarmiento24h.com\/wp-content\/uploads\/2026\/02\/los-clinton-ante-el-congreso-por-el-caso-epstein-que-senalan-los-archivos-sobre-ellos.jpg","datePublished":"2026-02-26T17:33:33+00:00","breadcrumb":{"@id":"https:\/\/sarmiento24h.com\/?p=31338#breadcrumb"},"inLanguage":"es","potentialAction":[{"@type":"ReadAction","target":["https:\/\/sarmiento24h.com\/?p=31338"]}]},{"@type":"ImageObject","inLanguage":"es","@id":"https:\/\/sarmiento24h.com\/?p=31338#primaryimage","url":"https:\/\/sarmiento24h.com\/wp-content\/uploads\/2026\/02\/los-clinton-ante-el-congreso-por-el-caso-epstein-que-senalan-los-archivos-sobre-ellos.jpg","contentUrl":"https:\/\/sarmiento24h.com\/wp-content\/uploads\/2026\/02\/los-clinton-ante-el-congreso-por-el-caso-epstein-que-senalan-los-archivos-sobre-ellos.jpg","width":980,"height":735},{"@type":"BreadcrumbList","@id":"https:\/\/sarmiento24h.com\/?p=31338#breadcrumb","itemListElement":[{"@type":"ListItem","position":1,"name":"Home","item":"https:\/\/sarmiento24h.com\/"},{"@type":"ListItem","position":2,"name":"Los Clinton, ante el Congreso por el caso Epstein: \u00bfqu\u00e9 se\u00f1alan los archivos sobre ellos?"}]},{"@type":"WebSite","@id":"https:\/\/sarmiento24h.com\/#website","url":"https:\/\/sarmiento24h.com\/","name":"Sarmiento24h","description":"","publisher":{"@id":"https:\/\/sarmiento24h.com\/#organization"},"potentialAction":[{"@type":"SearchAction","target":{"@type":"EntryPoint","urlTemplate":"https:\/\/sarmiento24h.com\/?s={search_term_string}"},"query-input":{"@type":"PropertyValueSpecification","valueRequired":true,"valueName":"search_term_string"}}],"inLanguage":"es"},{"@type":"Organization","@id":"https:\/\/sarmiento24h.com\/#organization","name":"Sarmiento24h","url":"https:\/\/sarmiento24h.com\/","logo":{"@type":"ImageObject","inLanguage":"es","@id":"https:\/\/sarmiento24h.com\/#\/schema\/logo\/image\/","url":"https:\/\/sarmiento24h.com\/wp-content\/uploads\/2025\/12\/AddText_12-16-10.30.52.jpg","contentUrl":"https:\/\/sarmiento24h.com\/wp-content\/uploads\/2025\/12\/AddText_12-16-10.30.52.jpg","width":1220,"height":324,"caption":"Sarmiento24h"},"image":{"@id":"https:\/\/sarmiento24h.com\/#\/schema\/logo\/image\/"},"sameAs":["https:\/\/facebook.com\/s24hnoticias","https:\/\/x.com\/sarmiento24h"]},{"@type":"Person","@id":"https:\/\/sarmiento24h.com\/#\/schema\/person\/d653a59725ad629a7e0429af7b939d4d","name":"sarmiento24h@gmail.com","image":{"@type":"ImageObject","inLanguage":"es","@id":"https:\/\/sarmiento24h.com\/wp-content\/litespeed\/avatar\/d02cbc4e23c747e6659cd45907173c8f.jpg?ver=1777157796","url":"https:\/\/sarmiento24h.com\/wp-content\/litespeed\/avatar\/d02cbc4e23c747e6659cd45907173c8f.jpg?ver=1777157796","contentUrl":"https:\/\/sarmiento24h.com\/wp-content\/litespeed\/avatar\/d02cbc4e23c747e6659cd45907173c8f.jpg?ver=1777157796","caption":"sarmiento24h@gmail.com"},"sameAs":["https:\/\/sarmiento24h.com"],"url":"https:\/\/sarmiento24h.com\/?author=1"}]}},"jetpack_publicize_connections":[],"jetpack_featured_media_url":"https:\/\/sarmiento24h.com\/wp-content\/uploads\/2026\/02\/los-clinton-ante-el-congreso-por-el-caso-epstein-que-senalan-los-archivos-sobre-ellos.jpg","jetpack_sharing_enabled":true,"_links":{"self":[{"href":"https:\/\/sarmiento24h.com\/index.php?rest_route=\/wp\/v2\/posts\/31338","targetHints":{"allow":["GET"]}}],"collection":[{"href":"https:\/\/sarmiento24h.com\/index.php?rest_route=\/wp\/v2\/posts"}],"about":[{"href":"https:\/\/sarmiento24h.com\/index.php?rest_route=\/wp\/v2\/types\/post"}],"author":[{"embeddable":true,"href":"https:\/\/sarmiento24h.com\/index.php?rest_route=\/wp\/v2\/users\/1"}],"replies":[{"embeddable":true,"href":"https:\/\/sarmiento24h.com\/index.php?rest_route=%2Fwp%2Fv2%2Fcomments&post=31338"}],"version-history":[{"count":0,"href":"https:\/\/sarmiento24h.com\/index.php?rest_route=\/wp\/v2\/posts\/31338\/revisions"}],"wp:featuredmedia":[{"embeddable":true,"href":"https:\/\/sarmiento24h.com\/index.php?rest_route=\/wp\/v2\/media\/31339"}],"wp:attachment":[{"href":"https:\/\/sarmiento24h.com\/index.php?rest_route=%2Fwp%2Fv2%2Fmedia&parent=31338"}],"wp:term":[{"taxonomy":"category","embeddable":true,"href":"https:\/\/sarmiento24h.com\/index.php?rest_route=%2Fwp%2Fv2%2Fcategories&post=31338"},{"taxonomy":"post_tag","embeddable":true,"href":"https:\/\/sarmiento24h.com\/index.php?rest_route=%2Fwp%2Fv2%2Ftags&post=31338"}],"curies":[{"name":"wp","href":"https:\/\/api.w.org\/{rel}","templated":true}]}}