{"id":31472,"date":"2026-02-26T19:23:58","date_gmt":"2026-02-26T19:23:58","guid":{"rendered":"http:\/\/0883ae46-1342-11f1-8849-9f6a019c0bf7"},"modified":"2026-02-26T19:23:58","modified_gmt":"2026-02-26T19:23:58","slug":"ecuador-tilda-de-disparate-acusar-a-noboa-de-asesinato-de-villavicencio-claves-de-la-declaracion-de-alias-pipo","status":"publish","type":"post","link":"https:\/\/sarmiento24h.com\/?p=31472","title":{"rendered":"Ecuador tilda de \u201cdisparate\u201d acusar a Noboa de asesinato de Villavicencio: claves de la declaraci\u00f3n de alias \u2018Pipo\u2019"},"content":{"rendered":"<p>Como \u201cabsurdas\u201d calific\u00f3 el Gobierno de Ecuador las declaraciones del narcotraficante y capo del cartel \u2018Los Lobos\u2019, <strong>Wilmer Chavarr\u00eda, alias \u2018Pipo\u2019,<\/strong> quien\u2013sin presentar pruebas\u2013 se\u00f1al\u00f3 al presidente Daniel Noboa de estar detr\u00e1s del asesinato del entonces candidato presidencial Fernando Villavicencio. Un crimen ocurrido en 2023 que conmocion\u00f3 a Am\u00e9rica Latina y evidenci\u00f3 la escalada de la violencia en un pa\u00eds que fue considerado uno de los m\u00e1s seguros de la regi\u00f3n.<\/p>\n<p>Sus declaraciones se produjeron en medio de un interrogatorio ante un juzgado de Zaragoza, Espa\u00f1a, donde fue detenido durante un operativo en noviembre de 2025.<\/p>\n<p>El ministro del Interior ecuatoriano, <strong>John Reimberg, r<\/strong>echaz\u00f3 los se\u00f1alamientos, al subrayar que las acusaciones responden al temor de Chavarr\u00eda ante su posible extradici\u00f3n y encarcelamiento en Ecuador.<\/p>\n<p>\u201cAbsurdo. Tienen p\u00e1nico a la extradici\u00f3n y a la c\u00e1rcel de El Encuentro y que ahora s\u00ed paguen por sus cr\u00edmenes. Son capaces de inventarse los disparates m\u00e1s s\u00f3rdidos con tal de evadir su responsabilidad\u201d, remarc\u00f3 Reimberg.<\/p>\n<div class=\"m-em-image\">\n<figure class=\"m-item-image m-item-image--original m-item-image--has-caption\"> <picture class=\"a-picture a-picture--original\"><source type=\"image\/webp\" srcset=\"https:\/\/s.france24.com\/media\/display\/d7dca5ca-1343-11f1-8884-005056bfb2b6\/w:246\/0ab40df3555fb45fc64a057abb496668d89b3b56w.webp 246w, https:\/\/s.france24.com\/media\/display\/d7dca5ca-1343-11f1-8884-005056bfb2b6\/w:388\/0ab40df3555fb45fc64a057abb496668d89b3b56w.webp 388w, https:\/\/s.france24.com\/media\/display\/d7dca5ca-1343-11f1-8884-005056bfb2b6\/w:720\/0ab40df3555fb45fc64a057abb496668d89b3b56w.webp 720w, https:\/\/s.france24.com\/media\/display\/d7dca5ca-1343-11f1-8884-005056bfb2b6\/w:980\/0ab40df3555fb45fc64a057abb496668d89b3b56w.webp 980w\" sizes=\"(max-width: 1023px) calc(100vw - 32px), (min-width: 1024px) 850px\"><img fetchpriority=\"low\" decoding=\"async\" src=\"https:\/\/sarmiento24h.com\/wp-content\/uploads\/2026\/02\/ecuador-tilda-de-disparate-acusar-a-noboa-de-asesinato-de-villavicencio-claves-de-la-declaracion-de-alias-pipo.jpg\" srcset=\"https:\/\/sarmiento24h.com\/wp-content\/uploads\/2026\/02\/ecuador-tilda-de-disparate-acusar-a-noboa-de-asesinato-de-villavicencio-claves-de-la-declaracion-de-alias-pipo-1.jpg 246w, https:\/\/sarmiento24h.com\/wp-content\/uploads\/2026\/02\/ecuador-tilda-de-disparate-acusar-a-noboa-de-asesinato-de-villavicencio-claves-de-la-declaracion-de-alias-pipo-2.jpg 388w, https:\/\/sarmiento24h.com\/wp-content\/uploads\/2026\/02\/ecuador-tilda-de-disparate-acusar-a-noboa-de-asesinato-de-villavicencio-claves-de-la-declaracion-de-alias-pipo-3.jpg 720w, https:\/\/sarmiento24h.com\/wp-content\/uploads\/2026\/02\/ecuador-tilda-de-disparate-acusar-a-noboa-de-asesinato-de-villavicencio-claves-de-la-declaracion-de-alias-pipo.jpg 980w\" sizes=\"(max-width: 1023px) calc(100vw - 32px), (min-width: 1024px) 850px\" alt=\"Fotograf\u00eda de archivo del 18 de junio de 2025 del ministro del Interior de Ecuador, John Reimberg, hablando en una entrevista con EFE en Quito (Ecuador). Reimberg calific\u00f3 de &quot;absurdo&quot; que el narcotraficante Wilmer Chavarr\u00eda ('Pipo'), m\u00e1ximo l\u00edder de Los Lobos, la organizaci\u00f3n criminal m\u00e1s grande y poderosa del pa\u00eds andino, haya querido vincular este mi\u00e9rcoles al presidente Daniel Noboa con el asesinato del candidato presidencial Fernando Villavicencio.\" loading=\"lazy\" class=\"a-img \">\n<\/picture><figcaption class=\"a-figcaption\"> <span>Fotograf\u00eda de archivo del 18 de junio de 2025 del ministro del Interior de Ecuador, John Reimberg, hablando en una entrevista con EFE en Quito (Ecuador). Reimberg calific\u00f3 de \u00ababsurdo\u00bb que el narcotraficante Wilmer Chavarr\u00eda (&#8216;Pipo&#8217;), m\u00e1ximo l\u00edder de Los Lobos, la organizaci\u00f3n criminal m\u00e1s grande y poderosa del pa\u00eds andino, haya querido vincular este mi\u00e9rcoles al presidente Daniel Noboa con el asesinato del candidato presidencial Fernando Villavicencio.<\/span> <span>\u00a9 EFE\/Jos\u00e9 J\u00e1come<\/span> <\/figcaption><\/figure>\n<\/p><\/div>\n<p>El titular de Interior reiter\u00f3 la postura del Gobierno de Noboa de mantener una pol\u00edtica de \u201ccero impunidad\u201d frente al crimen organizado. Adem\u00e1s, anticip\u00f3 que, de concretarse su extradici\u00f3n, Chavarr\u00eda ser\u00e1 recluido en la c\u00e1rcel de m\u00e1xima seguridad construida durante la actual Administraci\u00f3n, destinada a albergar a cabecillas de organizaciones criminales.<\/p>\n<p>El Gobierno ecuatoriano insiste en que la extradici\u00f3n de Chavarr\u00eda es una prioridad dentro de su estrategia para desarticular las principales estructuras del crimen organizado en el pa\u00eds.<\/p>\n<h2><strong>\u00bfQu\u00e9 se sabe de la declaraci\u00f3n de alias \u2018Pipo\u2019 contra Noboa?<\/strong><\/h2>\n<p>Seg\u00fan fuentes de la defensa del narcotraficante, citadas por la agencia de noticias EFE, el detenido declar\u00f3 que una persona cercana al ministro John Reimberg, le hab\u00eda manifestado que el crimen fue ordenado por el actual presidente ecuatoriano, Daniel Noboa, ante el temor de que Villavicencio ganara las elecciones.<\/p>\n<p>Adem\u00e1s de acusar al mandatario de estar supuestamente detr\u00e1s del asesinado de Villavicencio, quien fue candidato en los comicios que llevaron a Noboa al Ejecutivo, el dirigente de Los Lobos asegur\u00f3 que recibi\u00f3 amenazas por parte de un supuesto emisario vinculado al ministro Reimberg cuando se encontraba detenido en M\u00e1laga, Espa\u00f1a. El delincuente se\u00f1al\u00f3 que en la sala donde habr\u00eda recibido las presuntas coerciones hab\u00eda c\u00e1maras de seguridad que deber\u00edan ser consultadas.<\/p>\n<p>Incluso, alias \u2018Pipo\u2019 sostuvo que el Gobierno de su pa\u00eds busca sacarlo del negocio il\u00edcito del narcotr\u00e1fico al considerarlo un \u201ccompetidor\u201d dentro un mercado en el que, afirm\u00f3, el mandatario \u00abest\u00e1 jugando un papel importante\u00bb.<\/p>\n<div id=\"em-WBMZ373471-F24-ES-20260226\" class=\"m-em-flash\" data-xtwitter-script><figcaption class=\"a-figcaption\"> <\/figcaption><div class=\"o-em-consent \" readability=\"7\">\n<div class=\"o-em-consent__content\" readability=\"34\">\n<p class=\"o-em-consent__content__text\">Para mostrar este contenido de X (Twitter), debe autorizar las cookies de medici\u00f3n de audiencia y publicidad.<\/p>\n<p> <button class=\"a-master-button a-master-button--dark\" data-action=\"accept\"> Aceptar <svg class=\"a-svg a-svg--icon-check\"> <use xlink:href=\"\/build\/images\/svg\/sprite.2837be4c5e502ba11bd31811b1fc3cb7.svg#icon-check\" href=\"\/build\/images\/svg\/sprite.2837be4c5e502ba11bd31811b1fc3cb7.svg#icon-check\" \/> <\/svg> <\/button> <button class=\"a-link\" data-action=\"manage\">Gestionar mis opciones<i class=\"a-svg a-svg--icon-edit\"><\/i><\/button> <\/div>\n<\/div>\n<\/div>\n<p>Sin embargo, no se conocen evidencias que respalden su declaraci\u00f3n. Su acusaci\u00f3n llega sin pruebas y en medio de un proceso judicial clave que podr\u00eda devolverlo a su pa\u00eds para cumplir una condena, al tiempo que niega cualquier participaci\u00f3n en el magnicidio de Villavicencio.<\/p>\n<p>El hombre, acusado por Quito de m\u00e1s de 400 asesinatos y de ser el m\u00e1ximo l\u00edder de uno de los carteles de droga m\u00e1s peligrosos de Am\u00e9rica Latina, acus\u00f3 a la Administraci\u00f3n de Noboa de pretender \u201cenga\u00f1ar\u201d a las autoridades espa\u00f1olas para que lo extraditen a Ecuador.<\/p>\n<p>Chavarr\u00eda fue detenido el 16 de noviembre de 2025 en el aeropuerto de M\u00e1laga, tras permanecer pr\u00f3fugo durante a\u00f1os. De acuerdo con las investigaciones, el narcotraficante operaba desde el extranjero, principalmente entre Dubai y Espa\u00f1a, donde dirig\u00eda actividades il\u00edcitas como tr\u00e1fico de drogas, miner\u00eda ilegal y extorsi\u00f3n.<\/p>\n<p class=\"a-read-more\"><span class=\"a-read-more__label\">Leer tambi\u00e9n<\/span><a href=\"https:\/\/www.france24.com\/es\/video\/20260226-informe-desde-guayaquil-acusan-a-daniel-noboa-de-matar-a-fernando-villavicencio\" target=\"_self\" class=\"a-read-more__link\">Informe desde Guayaquil: acusan a Daniel Noboa de matar a Fernando Villavicencio<\/a><\/p>\n<h2><strong>\u00bfQu\u00e9 responde la familia de Fernando Villavicencio?<\/strong><\/h2>\n<p>En una entrevista con la agencia de noticias EFE, las hijas del excandidato presidencial Fernando Villavicencio rechazaron las acusaciones del narcotraficante Wilmer Chavarr\u00eda, alias &#8216;Pipo&#8217;, contra el presidente Daniel Noboa, y aseguraron que forman parte de una estrategia para desviar la atenci\u00f3n de las investigaciones judiciales y eludir responsabilidades.<\/p>\n<p>Amanda Villavicencio afirm\u00f3 que el l\u00edder de la organizaci\u00f3n criminal Los Lobos intenta \u201clavarle la cara al corre\u00edsmo, lavarle la cara a Los Lobos e intentar salvarse \u00e9l mismo\u201d, tras negar su participaci\u00f3n en el asesinato de su padre y acusar sin pruebas al mandatario ecuatoriano. \u201cEst\u00e1n condenados, no hay a d\u00f3nde correr realmente. Yo creo que las investigaciones han sido contundentes y las pruebas lo son tambi\u00e9n\u201d, se\u00f1al\u00f3 junto a su hermana Tamia.<\/p>\n<p>Tamia Villavicencio cuestion\u00f3 la versi\u00f3n del delincuente y asegur\u00f3 que, al momento del asesinato, ocurrido en agosto de 2023 durante la campa\u00f1a electoral, Noboa no ten\u00eda relevancia pol\u00edtica. \u201cNo es que no queremos que todos quienes puedan estar involucrados sean investigados, se trata de ir a las pruebas\u201d, asever\u00f3 y agreg\u00f3 que el ahora jefe de Estado emergi\u00f3 como figura pol\u00edtica tras el crimen, cuando su candidatura cobr\u00f3 impulso en un escenario marcado por la conmoci\u00f3n nacional.<\/p>\n<p>Las hermanas Villavicencio sostienen que las declaraciones del cabecilla de &#8216;Los Lobos&#8217; responden a un intento de desacreditar la investigaci\u00f3n fiscal, que ha se\u00f1alado como presuntos autores intelectuales a los empresarios Xavier Jord\u00e1n y Daniel Salcedo, as\u00ed como al exasamble\u00edsta Ronny Aleaga y al exministro Jos\u00e9 Serrano, todos vinculados a tramas de corrupci\u00f3n. \u201cExiste un caso judicial fuerte, que tiene pruebas. No son solamente palabras de personas a las que les conviene este caos que se genera detr\u00e1s de la investigaci\u00f3n\u201d, afirm\u00f3 Amanda.<\/p>\n<p>Finalmente, ambas se\u00f1alaron que el asesinato de su padre forma parte de una estructura m\u00e1s amplia de crimen organizado con presuntas conexiones pol\u00edticas. <strong>Tambi\u00e9n consideraron que el presidente Noboa deber\u00eda responder p\u00fablicamente a las acusaciones en su contra, al recordar que gran parte de su respaldo electoral provino de votantes que apoyaban la candidatura de Villavicencio.<\/strong><\/p>\n<p class=\"a-read-more\"><span class=\"a-read-more__label\">Leer tambi\u00e9n<\/span><a href=\"https:\/\/www.france24.com\/es\/am\u00e9rica-latina\/20251002-arrestan-en-ee-uu-a-xavier-jord\u00e1n-empresario-ecuatoriano-imputado-en-caso-fernando-villavicencio\" target=\"_self\" class=\"a-read-more__link\">Arrestan en EE. UU. a Xavier Jord\u00e1n, empresario ecuatoriano imputado en caso Fernando Villavicencio<\/a><\/p>\n<h2><strong>Alias &#8216;Pipo&#8217;, el narco m\u00e1s buscado por Ecuador<\/strong><\/h2>\n<p>Su nombre salt\u00f3 a la escena p\u00fablica tras su captura en Espa\u00f1a en noviembre de 2025, en una operaci\u00f3n coordinada entre las fuerzas de seguridad ecuatorianas y espa\u00f1olas, que lo consideraban uno de los delincuentes m\u00e1s buscados de Ecuador.<\/p>\n<p>Chavarr\u00eda Barr\u00e9 es identificado como el m\u00e1ximo cabecilla de Los Lobos, una organizaci\u00f3n vinculada al narcotr\u00e1fico, sicariato y atentados violentos, que ha extendido su influencia dentro y fuera del territorio ecuatoriano.<\/p>\n<p>Seg\u00fan la Fiscal\u00eda ecuatoriana, alias \u2018Pipo\u2019 enfrenta investigaciones por m\u00faltiples delitos, entre ellos narcotr\u00e1fico, robo y terrorismo, adem\u00e1s de un presunto fraude procesal.<\/p>\n<p>Las autoridades se\u00f1alan que para evadir a la Justicia, utiliz\u00f3 m\u00faltiples identidades falsas, fingi\u00f3 su muerte durante la pandemia del Covid-19 y se someti\u00f3 a cirug\u00edas est\u00e9ticas con el fin de alterar su apariencia.<\/p>\n<div id=\"em-WBMZ373477-F24-ES-20260226\" class=\"m-em-flash\" data-xtwitter-script><figcaption class=\"a-figcaption\"> <\/figcaption><div class=\"o-em-consent \" readability=\"7\">\n<div class=\"o-em-consent__content\" readability=\"34\">\n<p class=\"o-em-consent__content__text\">Para mostrar este contenido de X (Twitter), debe autorizar las cookies de medici\u00f3n de audiencia y publicidad.<\/p>\n<p> <button class=\"a-master-button a-master-button--dark\" data-action=\"accept\"> Aceptar <svg class=\"a-svg a-svg--icon-check\"> <use xlink:href=\"\/build\/images\/svg\/sprite.2837be4c5e502ba11bd31811b1fc3cb7.svg#icon-check\" href=\"\/build\/images\/svg\/sprite.2837be4c5e502ba11bd31811b1fc3cb7.svg#icon-check\" \/> <\/svg> <\/button> <button class=\"a-link\" data-action=\"manage\">Gestionar mis opciones<i class=\"a-svg a-svg--icon-edit\"><\/i><\/button> <\/div>\n<\/div>\n<\/div>\n<p>Las autoridades lo consideran una figura clave dentro del crimen organizado contempor\u00e1neo en Ecuador, en un contexto marcado por el fortalecimiento de bandas criminales con v\u00ednculos internacionales.<\/p>\n<p>Su liderazgo en Los Lobos lo posicion\u00f3 como uno de los principales articuladores de redes criminales dedicadas al tr\u00e1fico de drogas y otras actividades il\u00edcitas, lo que lo convirti\u00f3 en un objetivo prioritario para las fuerzas de seguridad.<\/p>\n<p>De hecho, luego de su captura, hace m\u00e1s de tres meses, el presidente Noboa afirm\u00f3 p\u00fablicamente que se trataba del delincuente \u201cm\u00e1s buscado\u201d por las autoridades de su pa\u00eds.<\/p>\n<p class=\"a-read-more\"><span class=\"a-read-more__label\">Leer tambi\u00e9n<\/span><a href=\"https:\/\/www.france24.com\/es\/am\u00e9rica-latina\/20250819-fiscal\u00eda-de-ecuador-formular\u00e1-cargos-a-exfuncionarios-del-corre\u00edsmo-por-asesinato-de-fernando-villavicencio\" target=\"_self\" class=\"a-read-more__link\">Fiscal\u00eda de Ecuador formular\u00e1 cargos a exfuncionarios del corre\u00edsmo por asesinato de Fernando Villavicencio<\/a><\/p>\n<p>Con EFE y medios locales<\/p>\n","protected":false},"excerpt":{"rendered":"<p>Como \u201cabsurdas\u201d calific\u00f3 el Gobierno de Ecuador&#46;&#46;&#46;<\/p>\n","protected":false},"author":1,"featured_media":31473,"comment_status":"closed","ping_status":"closed","sticky":false,"template":"","format":"standard","meta":{"_jetpack_memberships_contains_paid_content":false,"footnotes":"","jetpack_publicize_message":"","jetpack_publicize_feature_enabled":true,"jetpack_social_post_already_shared":true,"jetpack_social_options":{"image_generator_settings":{"template":"highway","default_image_id":0,"font":"","enabled":false},"version":2}},"categories":[43],"tags":[],"class_list":["post-31472","post","type-post","status-publish","format-standard","has-post-thumbnail","hentry","category-internacionales"],"yoast_head":"<!-- This site is optimized with the Yoast SEO plugin v27.3 - https:\/\/yoast.com\/product\/yoast-seo-wordpress\/ -->\n<title>Ecuador tilda de \u201cdisparate\u201d acusar a Noboa de asesinato de Villavicencio: claves de la declaraci\u00f3n de alias \u2018Pipo\u2019 - Sarmiento24h<\/title>\n<meta name=\"robots\" content=\"index, follow, max-snippet:-1, max-image-preview:large, max-video-preview:-1\" \/>\n<link rel=\"canonical\" href=\"https:\/\/sarmiento24h.com\/?p=31472\" \/>\n<meta property=\"og:locale\" content=\"es_ES\" \/>\n<meta property=\"og:type\" content=\"article\" \/>\n<meta property=\"og:title\" content=\"Ecuador tilda de \u201cdisparate\u201d acusar a Noboa de asesinato de Villavicencio: claves de la declaraci\u00f3n de alias \u2018Pipo\u2019 - Sarmiento24h\" \/>\n<meta property=\"og:description\" content=\"Como \u201cabsurdas\u201d calific\u00f3 el Gobierno de Ecuador&#046;&#046;&#046;\" \/>\n<meta property=\"og:url\" content=\"https:\/\/sarmiento24h.com\/?p=31472\" \/>\n<meta property=\"og:site_name\" content=\"Sarmiento24h\" \/>\n<meta property=\"article:publisher\" content=\"https:\/\/facebook.com\/s24hnoticias\" \/>\n<meta property=\"article:published_time\" content=\"2026-02-26T19:23:58+00:00\" \/>\n<meta property=\"og:image\" content=\"https:\/\/sarmiento24h.com\/wp-content\/uploads\/2026\/02\/ecuador-tilda-de-disparate-acusar-a-noboa-de-asesinato-de-villavicencio-claves-de-la-declaracion-de-alias-pipo.jpg\" \/>\n\t<meta property=\"og:image:width\" content=\"980\" \/>\n\t<meta property=\"og:image:height\" content=\"653\" \/>\n\t<meta property=\"og:image:type\" content=\"image\/jpeg\" \/>\n<meta name=\"author\" content=\"sarmiento24h@gmail.com\" \/>\n<meta name=\"twitter:card\" content=\"summary_large_image\" \/>\n<meta name=\"twitter:creator\" content=\"@sarmiento24h\" \/>\n<meta name=\"twitter:site\" content=\"@sarmiento24h\" \/>\n<meta name=\"twitter:label1\" content=\"Escrito por\" \/>\n\t<meta name=\"twitter:data1\" content=\"sarmiento24h@gmail.com\" \/>\n\t<meta name=\"twitter:label2\" content=\"Tiempo de lectura\" \/>\n\t<meta name=\"twitter:data2\" content=\"7 minutos\" \/>\n<script type=\"application\/ld+json\" class=\"yoast-schema-graph\">{\"@context\":\"https:\\\/\\\/schema.org\",\"@graph\":[{\"@type\":\"Article\",\"@id\":\"https:\\\/\\\/sarmiento24h.com\\\/?p=31472#article\",\"isPartOf\":{\"@id\":\"https:\\\/\\\/sarmiento24h.com\\\/?p=31472\"},\"author\":{\"name\":\"sarmiento24h@gmail.com\",\"@id\":\"https:\\\/\\\/sarmiento24h.com\\\/#\\\/schema\\\/person\\\/d653a59725ad629a7e0429af7b939d4d\"},\"headline\":\"Ecuador tilda de \u201cdisparate\u201d acusar a Noboa de asesinato de Villavicencio: claves de la declaraci\u00f3n de alias \u2018Pipo\u2019\",\"datePublished\":\"2026-02-26T19:23:58+00:00\",\"mainEntityOfPage\":{\"@id\":\"https:\\\/\\\/sarmiento24h.com\\\/?p=31472\"},\"wordCount\":1433,\"publisher\":{\"@id\":\"https:\\\/\\\/sarmiento24h.com\\\/#organization\"},\"image\":{\"@id\":\"https:\\\/\\\/sarmiento24h.com\\\/?p=31472#primaryimage\"},\"thumbnailUrl\":\"https:\\\/\\\/sarmiento24h.com\\\/wp-content\\\/uploads\\\/2026\\\/02\\\/ecuador-tilda-de-disparate-acusar-a-noboa-de-asesinato-de-villavicencio-claves-de-la-declaracion-de-alias-pipo.jpg\",\"articleSection\":[\"Internacionales\"],\"inLanguage\":\"es\"},{\"@type\":\"WebPage\",\"@id\":\"https:\\\/\\\/sarmiento24h.com\\\/?p=31472\",\"url\":\"https:\\\/\\\/sarmiento24h.com\\\/?p=31472\",\"name\":\"Ecuador tilda de \u201cdisparate\u201d acusar a Noboa de asesinato de Villavicencio: claves de la declaraci\u00f3n de alias \u2018Pipo\u2019 - Sarmiento24h\",\"isPartOf\":{\"@id\":\"https:\\\/\\\/sarmiento24h.com\\\/#website\"},\"primaryImageOfPage\":{\"@id\":\"https:\\\/\\\/sarmiento24h.com\\\/?p=31472#primaryimage\"},\"image\":{\"@id\":\"https:\\\/\\\/sarmiento24h.com\\\/?p=31472#primaryimage\"},\"thumbnailUrl\":\"https:\\\/\\\/sarmiento24h.com\\\/wp-content\\\/uploads\\\/2026\\\/02\\\/ecuador-tilda-de-disparate-acusar-a-noboa-de-asesinato-de-villavicencio-claves-de-la-declaracion-de-alias-pipo.jpg\",\"datePublished\":\"2026-02-26T19:23:58+00:00\",\"breadcrumb\":{\"@id\":\"https:\\\/\\\/sarmiento24h.com\\\/?p=31472#breadcrumb\"},\"inLanguage\":\"es\",\"potentialAction\":[{\"@type\":\"ReadAction\",\"target\":[\"https:\\\/\\\/sarmiento24h.com\\\/?p=31472\"]}]},{\"@type\":\"ImageObject\",\"inLanguage\":\"es\",\"@id\":\"https:\\\/\\\/sarmiento24h.com\\\/?p=31472#primaryimage\",\"url\":\"https:\\\/\\\/sarmiento24h.com\\\/wp-content\\\/uploads\\\/2026\\\/02\\\/ecuador-tilda-de-disparate-acusar-a-noboa-de-asesinato-de-villavicencio-claves-de-la-declaracion-de-alias-pipo.jpg\",\"contentUrl\":\"https:\\\/\\\/sarmiento24h.com\\\/wp-content\\\/uploads\\\/2026\\\/02\\\/ecuador-tilda-de-disparate-acusar-a-noboa-de-asesinato-de-villavicencio-claves-de-la-declaracion-de-alias-pipo.jpg\",\"width\":980,\"height\":653},{\"@type\":\"BreadcrumbList\",\"@id\":\"https:\\\/\\\/sarmiento24h.com\\\/?p=31472#breadcrumb\",\"itemListElement\":[{\"@type\":\"ListItem\",\"position\":1,\"name\":\"Home\",\"item\":\"https:\\\/\\\/sarmiento24h.com\\\/\"},{\"@type\":\"ListItem\",\"position\":2,\"name\":\"Ecuador tilda de \u201cdisparate\u201d acusar a Noboa de asesinato de Villavicencio: claves de la declaraci\u00f3n de alias \u2018Pipo\u2019\"}]},{\"@type\":\"WebSite\",\"@id\":\"https:\\\/\\\/sarmiento24h.com\\\/#website\",\"url\":\"https:\\\/\\\/sarmiento24h.com\\\/\",\"name\":\"Sarmiento24h\",\"description\":\"\",\"publisher\":{\"@id\":\"https:\\\/\\\/sarmiento24h.com\\\/#organization\"},\"potentialAction\":[{\"@type\":\"SearchAction\",\"target\":{\"@type\":\"EntryPoint\",\"urlTemplate\":\"https:\\\/\\\/sarmiento24h.com\\\/?s={search_term_string}\"},\"query-input\":{\"@type\":\"PropertyValueSpecification\",\"valueRequired\":true,\"valueName\":\"search_term_string\"}}],\"inLanguage\":\"es\"},{\"@type\":\"Organization\",\"@id\":\"https:\\\/\\\/sarmiento24h.com\\\/#organization\",\"name\":\"Sarmiento24h\",\"url\":\"https:\\\/\\\/sarmiento24h.com\\\/\",\"logo\":{\"@type\":\"ImageObject\",\"inLanguage\":\"es\",\"@id\":\"https:\\\/\\\/sarmiento24h.com\\\/#\\\/schema\\\/logo\\\/image\\\/\",\"url\":\"https:\\\/\\\/sarmiento24h.com\\\/wp-content\\\/uploads\\\/2025\\\/12\\\/AddText_12-16-10.30.52.jpg\",\"contentUrl\":\"https:\\\/\\\/sarmiento24h.com\\\/wp-content\\\/uploads\\\/2025\\\/12\\\/AddText_12-16-10.30.52.jpg\",\"width\":1220,\"height\":324,\"caption\":\"Sarmiento24h\"},\"image\":{\"@id\":\"https:\\\/\\\/sarmiento24h.com\\\/#\\\/schema\\\/logo\\\/image\\\/\"},\"sameAs\":[\"https:\\\/\\\/facebook.com\\\/s24hnoticias\",\"https:\\\/\\\/x.com\\\/sarmiento24h\"]},{\"@type\":\"Person\",\"@id\":\"https:\\\/\\\/sarmiento24h.com\\\/#\\\/schema\\\/person\\\/d653a59725ad629a7e0429af7b939d4d\",\"name\":\"sarmiento24h@gmail.com\",\"image\":{\"@type\":\"ImageObject\",\"inLanguage\":\"es\",\"@id\":\"https:\\\/\\\/sarmiento24h.com\\\/wp-content\\\/litespeed\\\/avatar\\\/d02cbc4e23c747e6659cd45907173c8f.jpg?ver=1777157796\",\"url\":\"https:\\\/\\\/sarmiento24h.com\\\/wp-content\\\/litespeed\\\/avatar\\\/d02cbc4e23c747e6659cd45907173c8f.jpg?ver=1777157796\",\"contentUrl\":\"https:\\\/\\\/sarmiento24h.com\\\/wp-content\\\/litespeed\\\/avatar\\\/d02cbc4e23c747e6659cd45907173c8f.jpg?ver=1777157796\",\"caption\":\"sarmiento24h@gmail.com\"},\"sameAs\":[\"https:\\\/\\\/sarmiento24h.com\"],\"url\":\"https:\\\/\\\/sarmiento24h.com\\\/?author=1\"}]}<\/script>\n<!-- \/ Yoast SEO plugin. -->","yoast_head_json":{"title":"Ecuador tilda de \u201cdisparate\u201d acusar a Noboa de asesinato de Villavicencio: claves de la declaraci\u00f3n de alias \u2018Pipo\u2019 - Sarmiento24h","robots":{"index":"index","follow":"follow","max-snippet":"max-snippet:-1","max-image-preview":"max-image-preview:large","max-video-preview":"max-video-preview:-1"},"canonical":"https:\/\/sarmiento24h.com\/?p=31472","og_locale":"es_ES","og_type":"article","og_title":"Ecuador tilda de \u201cdisparate\u201d acusar a Noboa de asesinato de Villavicencio: claves de la declaraci\u00f3n de alias \u2018Pipo\u2019 - Sarmiento24h","og_description":"Como \u201cabsurdas\u201d calific\u00f3 el Gobierno de Ecuador&#46;&#46;&#46;","og_url":"https:\/\/sarmiento24h.com\/?p=31472","og_site_name":"Sarmiento24h","article_publisher":"https:\/\/facebook.com\/s24hnoticias","article_published_time":"2026-02-26T19:23:58+00:00","og_image":[{"width":980,"height":653,"url":"https:\/\/sarmiento24h.com\/wp-content\/uploads\/2026\/02\/ecuador-tilda-de-disparate-acusar-a-noboa-de-asesinato-de-villavicencio-claves-de-la-declaracion-de-alias-pipo.jpg","type":"image\/jpeg"}],"author":"sarmiento24h@gmail.com","twitter_card":"summary_large_image","twitter_creator":"@sarmiento24h","twitter_site":"@sarmiento24h","twitter_misc":{"Escrito por":"sarmiento24h@gmail.com","Tiempo de lectura":"7 minutos"},"schema":{"@context":"https:\/\/schema.org","@graph":[{"@type":"Article","@id":"https:\/\/sarmiento24h.com\/?p=31472#article","isPartOf":{"@id":"https:\/\/sarmiento24h.com\/?p=31472"},"author":{"name":"sarmiento24h@gmail.com","@id":"https:\/\/sarmiento24h.com\/#\/schema\/person\/d653a59725ad629a7e0429af7b939d4d"},"headline":"Ecuador tilda de \u201cdisparate\u201d acusar a Noboa de asesinato de Villavicencio: claves de la declaraci\u00f3n de alias \u2018Pipo\u2019","datePublished":"2026-02-26T19:23:58+00:00","mainEntityOfPage":{"@id":"https:\/\/sarmiento24h.com\/?p=31472"},"wordCount":1433,"publisher":{"@id":"https:\/\/sarmiento24h.com\/#organization"},"image":{"@id":"https:\/\/sarmiento24h.com\/?p=31472#primaryimage"},"thumbnailUrl":"https:\/\/sarmiento24h.com\/wp-content\/uploads\/2026\/02\/ecuador-tilda-de-disparate-acusar-a-noboa-de-asesinato-de-villavicencio-claves-de-la-declaracion-de-alias-pipo.jpg","articleSection":["Internacionales"],"inLanguage":"es"},{"@type":"WebPage","@id":"https:\/\/sarmiento24h.com\/?p=31472","url":"https:\/\/sarmiento24h.com\/?p=31472","name":"Ecuador tilda de \u201cdisparate\u201d acusar a Noboa de asesinato de Villavicencio: claves de la declaraci\u00f3n de alias \u2018Pipo\u2019 - Sarmiento24h","isPartOf":{"@id":"https:\/\/sarmiento24h.com\/#website"},"primaryImageOfPage":{"@id":"https:\/\/sarmiento24h.com\/?p=31472#primaryimage"},"image":{"@id":"https:\/\/sarmiento24h.com\/?p=31472#primaryimage"},"thumbnailUrl":"https:\/\/sarmiento24h.com\/wp-content\/uploads\/2026\/02\/ecuador-tilda-de-disparate-acusar-a-noboa-de-asesinato-de-villavicencio-claves-de-la-declaracion-de-alias-pipo.jpg","datePublished":"2026-02-26T19:23:58+00:00","breadcrumb":{"@id":"https:\/\/sarmiento24h.com\/?p=31472#breadcrumb"},"inLanguage":"es","potentialAction":[{"@type":"ReadAction","target":["https:\/\/sarmiento24h.com\/?p=31472"]}]},{"@type":"ImageObject","inLanguage":"es","@id":"https:\/\/sarmiento24h.com\/?p=31472#primaryimage","url":"https:\/\/sarmiento24h.com\/wp-content\/uploads\/2026\/02\/ecuador-tilda-de-disparate-acusar-a-noboa-de-asesinato-de-villavicencio-claves-de-la-declaracion-de-alias-pipo.jpg","contentUrl":"https:\/\/sarmiento24h.com\/wp-content\/uploads\/2026\/02\/ecuador-tilda-de-disparate-acusar-a-noboa-de-asesinato-de-villavicencio-claves-de-la-declaracion-de-alias-pipo.jpg","width":980,"height":653},{"@type":"BreadcrumbList","@id":"https:\/\/sarmiento24h.com\/?p=31472#breadcrumb","itemListElement":[{"@type":"ListItem","position":1,"name":"Home","item":"https:\/\/sarmiento24h.com\/"},{"@type":"ListItem","position":2,"name":"Ecuador tilda de \u201cdisparate\u201d acusar a Noboa de asesinato de Villavicencio: claves de la declaraci\u00f3n de alias \u2018Pipo\u2019"}]},{"@type":"WebSite","@id":"https:\/\/sarmiento24h.com\/#website","url":"https:\/\/sarmiento24h.com\/","name":"Sarmiento24h","description":"","publisher":{"@id":"https:\/\/sarmiento24h.com\/#organization"},"potentialAction":[{"@type":"SearchAction","target":{"@type":"EntryPoint","urlTemplate":"https:\/\/sarmiento24h.com\/?s={search_term_string}"},"query-input":{"@type":"PropertyValueSpecification","valueRequired":true,"valueName":"search_term_string"}}],"inLanguage":"es"},{"@type":"Organization","@id":"https:\/\/sarmiento24h.com\/#organization","name":"Sarmiento24h","url":"https:\/\/sarmiento24h.com\/","logo":{"@type":"ImageObject","inLanguage":"es","@id":"https:\/\/sarmiento24h.com\/#\/schema\/logo\/image\/","url":"https:\/\/sarmiento24h.com\/wp-content\/uploads\/2025\/12\/AddText_12-16-10.30.52.jpg","contentUrl":"https:\/\/sarmiento24h.com\/wp-content\/uploads\/2025\/12\/AddText_12-16-10.30.52.jpg","width":1220,"height":324,"caption":"Sarmiento24h"},"image":{"@id":"https:\/\/sarmiento24h.com\/#\/schema\/logo\/image\/"},"sameAs":["https:\/\/facebook.com\/s24hnoticias","https:\/\/x.com\/sarmiento24h"]},{"@type":"Person","@id":"https:\/\/sarmiento24h.com\/#\/schema\/person\/d653a59725ad629a7e0429af7b939d4d","name":"sarmiento24h@gmail.com","image":{"@type":"ImageObject","inLanguage":"es","@id":"https:\/\/sarmiento24h.com\/wp-content\/litespeed\/avatar\/d02cbc4e23c747e6659cd45907173c8f.jpg?ver=1777157796","url":"https:\/\/sarmiento24h.com\/wp-content\/litespeed\/avatar\/d02cbc4e23c747e6659cd45907173c8f.jpg?ver=1777157796","contentUrl":"https:\/\/sarmiento24h.com\/wp-content\/litespeed\/avatar\/d02cbc4e23c747e6659cd45907173c8f.jpg?ver=1777157796","caption":"sarmiento24h@gmail.com"},"sameAs":["https:\/\/sarmiento24h.com"],"url":"https:\/\/sarmiento24h.com\/?author=1"}]}},"jetpack_publicize_connections":[],"jetpack_featured_media_url":"https:\/\/sarmiento24h.com\/wp-content\/uploads\/2026\/02\/ecuador-tilda-de-disparate-acusar-a-noboa-de-asesinato-de-villavicencio-claves-de-la-declaracion-de-alias-pipo.jpg","jetpack_sharing_enabled":true,"_links":{"self":[{"href":"https:\/\/sarmiento24h.com\/index.php?rest_route=\/wp\/v2\/posts\/31472","targetHints":{"allow":["GET"]}}],"collection":[{"href":"https:\/\/sarmiento24h.com\/index.php?rest_route=\/wp\/v2\/posts"}],"about":[{"href":"https:\/\/sarmiento24h.com\/index.php?rest_route=\/wp\/v2\/types\/post"}],"author":[{"embeddable":true,"href":"https:\/\/sarmiento24h.com\/index.php?rest_route=\/wp\/v2\/users\/1"}],"replies":[{"embeddable":true,"href":"https:\/\/sarmiento24h.com\/index.php?rest_route=%2Fwp%2Fv2%2Fcomments&post=31472"}],"version-history":[{"count":0,"href":"https:\/\/sarmiento24h.com\/index.php?rest_route=\/wp\/v2\/posts\/31472\/revisions"}],"wp:featuredmedia":[{"embeddable":true,"href":"https:\/\/sarmiento24h.com\/index.php?rest_route=\/wp\/v2\/media\/31473"}],"wp:attachment":[{"href":"https:\/\/sarmiento24h.com\/index.php?rest_route=%2Fwp%2Fv2%2Fmedia&parent=31472"}],"wp:term":[{"taxonomy":"category","embeddable":true,"href":"https:\/\/sarmiento24h.com\/index.php?rest_route=%2Fwp%2Fv2%2Fcategories&post=31472"},{"taxonomy":"post_tag","embeddable":true,"href":"https:\/\/sarmiento24h.com\/index.php?rest_route=%2Fwp%2Fv2%2Ftags&post=31472"}],"curies":[{"name":"wp","href":"https:\/\/api.w.org\/{rel}","templated":true}]}}