{"id":31586,"date":"2026-02-26T20:34:28","date_gmt":"2026-02-26T20:34:28","guid":{"rendered":"http:\/\/f1ff4516-132f-11f1-bba2-69c3d49c6ae4"},"modified":"2026-02-26T20:34:28","modified_gmt":"2026-02-26T20:34:28","slug":"quienes-son-los-afectados-por-la-guerra-arancelaria-entre-ecuador-y-colombia","status":"publish","type":"post","link":"https:\/\/sarmiento24h.com\/?p=31586","title":{"rendered":"\u00bfQuienes son los afectados por la guerra arancelaria entre Ecuador y Colombia?"},"content":{"rendered":"<p>La econom\u00eda colombiana ha sufrido otro golpe del Gobierno de <a href=\"https:\/\/www.france24.com\/es\/tag\/ecuador\/\" target=\"_self\" class=\"gtm-add-suggested-tag\">Ecuador<\/a>, que aument\u00f3 el arancel decretado en enero del 30% al 50%,&nbsp;<a href=\"https:\/\/www.france24.com\/es\/am\u00e9rica-latina\/20260226-disputa-comercial-ecuador-aumenta-del-30-al-50-arancel-para-importaciones-desde-colombia\" target=\"_self\">inform\u00f3 este jueves en un comunicado<\/a> el Ministerio de <a href=\"https:\/\/www.france24.com\/es\/tag\/producci\u00f3n\/\" target=\"_self\" class=\"gtm-add-suggested-tag\">Producci\u00f3n<\/a>, <a href=\"https:\/\/www.france24.com\/es\/tag\/comercio\/\" target=\"_self\" class=\"gtm-add-suggested-tag\">Comercio<\/a> Exterior e Inversiones del Ejecutivo de <a href=\"https:\/\/www.france24.com\/es\/tag\/daniel-noboa\/\" target=\"_self\" class=\"gtm-add-suggested-tag\">Daniel Noboa<\/a>.<\/p>\n<p><strong>Unas 2.810<\/strong><strong>&nbsp;empresas colombianas exportaron productos a Ecuador el a\u00f1o pasado,<\/strong>&nbsp;tanto grandes compa\u00f1\u00edas como pymes con env\u00edos recurrentes o puntuales,&nbsp;lo que refleja \u00abuna canasta diversificada\u00bb de bienes que circulan por la frontera colombo-ecuatoriana,&nbsp;se\u00f1al\u00f3 la Asociaci\u00f3n Nacional de Exportadores Analdex, una organizaci\u00f3n no lucrativa fundada en 1971 que se dedica a vigilar el desempe\u00f1o de las exportaciones.<\/p>\n<p>La entidad se\u00f1al\u00f3 en <a href=\"https:\/\/analdex.org\/wp-content\/uploads\/2026\/02\/260225-Comex-con-Ecuador-cierre-2025.pdf\" target=\"_blank\">un informe publicado este jueves<\/a> que \u00abla imposici\u00f3n de <a href=\"https:\/\/www.france24.com\/es\/tag\/aranceles\/\" target=\"_self\" class=\"gtm-add-suggested-tag\">aranceles<\/a> en doble v\u00eda no solo encarecer\u00eda el intercambio [comercial], sino que tambi\u00e9n dificultar\u00edan la operaci\u00f3n cotidiana del comercio formal, introduciendo incertidumbre sobre costos, contratos y abastecimiento\u00bb.<\/p>\n<p>El pilar de las exportaciones colombianas a Ecuador proviene de la industria energ\u00e9tica, que representa el rubro m\u00e1s lucrativo y de mayor volumen, pese a que se contrajo un&nbsp;58% en 2025, seg\u00fan datos citados por Analdex. Las exportaciones de este sector aportaron 133 millones de <a href=\"https:\/\/www.france24.com\/es\/tag\/d\u00f3lares\/\" target=\"_self\" class=\"gtm-add-suggested-tag\">d\u00f3lares<\/a> a la econom\u00eda colombiana en el \u00faltimo a\u00f1o.<\/p>\n<p>La industria farmac\u00e9utica y la vehicular ocupan el segundo y tercer puesto, respectivamente, tanto en rentabilidad como en volumen, con ingresos de 56 y 34 millones de d\u00f3lares.<\/p>\n<p>En el \u00faltimo a\u00f1o, destaca tambi\u00e9n el crecimiento de las exportaciones de combustible y caf\u00e9, que crecieron un 47%.<\/p>\n<p><strong>Ecuador fue el sexto comprador de las exportaciones colombianas en 2025, al aportar 1.846 millones,<\/strong> a pesar de que las transacciones han ca\u00eddo por dos a\u00f1os consecutivos, lastradas por Fel descenso en las exportaciones energ\u00e9ticas. En 2023, pico hist\u00f3rico de las transacciones de energ\u00eda,&nbsp;<a href=\"https:\/\/www.france24.com\/es\/tag\/colombia\/\" target=\"_self\" class=\"gtm-add-suggested-tag\">Colombia<\/a> alcanz\u00f3 a ingresar 2.015 millones de d\u00f3lares en comercio con su vecino.<\/p>\n<p>Excluyendo el sector energ\u00e9tico, las transacciones entre ambas naciones&nbsp;crecieron un 7%&nbsp; en 2025, lo que sit\u00faa a Ecuador como \u00abel segundo comprador de la canasta no minero-energ\u00e9tica colombiana\u00bb, apunta Analdex.<\/p>\n<p>Las regiones colombianas que m\u00e1s productos exportan a Ecuador son Antioquia (24%) \u2013desde donde se producen grandes transferencias energ\u00e9ticas\u2013, <a href=\"https:\/\/www.france24.com\/es\/tag\/bogot\u00e1\/\" target=\"_self\" class=\"gtm-add-suggested-tag\">Bogot\u00e1<\/a>&nbsp;(21%) y Valle del Cauca (20%).<\/p>\n<h2><strong>Exportaciones de Ecuador hacia Colombia<\/strong><\/h2>\n<p>Entre&nbsp;los productos ecuatorianos que demanda Colombia destacan los tableros de madera, que dejaron ingresos a Quito por 82 millones de d\u00f3lares en 2025.&nbsp;Seguido de las preparaciones y conservas, que crecieron un 23%, hasta representar compras por 76 millones de d\u00f3lares.<\/p>\n<p>Tambi\u00e9n destaca la venta de camarones, que creci\u00f3 un 40% en 2025, y la del aceite de palma, que se dispar\u00f3 a un 59%.&nbsp;<\/p>\n<p>Bogot\u00e1, D.C., y los departamentos de Antioquia, Valle del Cauca y Nari\u00f1o importan tres cuartas partes de los productos ecuatorianos que entran a Colombia, el pa\u00eds&nbsp;se sit\u00faa como el noveno destino de las exportaciones de Ecuador en el mundo, seg\u00fan Analdex.<\/p>\n<p>La balanza comercial entre ambos pa\u00edses siempre ha sido m\u00e1s favorable a Colombia,&nbsp;con&nbsp;&nbsp; sus mayores picos en 2023, 2019 y 2024, a pesar de que&nbsp;se redujo de 1.134 a 1.016 millones de d\u00f3lares al cierre de 2025.<\/p>\n<div class=\"m-em-image\">\n<figure class=\"m-item-image m-item-image--original m-item-image--has-caption\"> <picture class=\"a-picture a-picture--original\"><source type=\"image\/webp\" srcset=\"https:\/\/s.france24.com\/media\/display\/c79f89aa-feaa-11f0-a997-005056bf30b7\/w:246\/fc7478c99213a48d8bc53411fb8e2e0641a7aa71.webp 246w, https:\/\/s.france24.com\/media\/display\/c79f89aa-feaa-11f0-a997-005056bf30b7\/w:388\/fc7478c99213a48d8bc53411fb8e2e0641a7aa71.webp 388w, https:\/\/s.france24.com\/media\/display\/c79f89aa-feaa-11f0-a997-005056bf30b7\/w:720\/fc7478c99213a48d8bc53411fb8e2e0641a7aa71.webp 720w, https:\/\/s.france24.com\/media\/display\/c79f89aa-feaa-11f0-a997-005056bf30b7\/w:980\/fc7478c99213a48d8bc53411fb8e2e0641a7aa71.webp 980w\" sizes=\"(max-width: 1023px) calc(100vw - 32px), (min-width: 1024px) 850px\"><img fetchpriority=\"low\" decoding=\"async\" src=\"https:\/\/sarmiento24h.com\/wp-content\/uploads\/2026\/02\/quienes-son-los-afectados-por-la-guerra-arancelaria-entre-ecuador-y-colombia.jpg\" srcset=\"https:\/\/sarmiento24h.com\/wp-content\/uploads\/2026\/02\/quienes-son-los-afectados-por-la-guerra-arancelaria-entre-ecuador-y-colombia-2.jpg 246w, https:\/\/sarmiento24h.com\/wp-content\/uploads\/2026\/02\/quienes-son-los-afectados-por-la-guerra-arancelaria-entre-ecuador-y-colombia-3.jpg 388w, https:\/\/sarmiento24h.com\/wp-content\/uploads\/2026\/02\/quienes-son-los-afectados-por-la-guerra-arancelaria-entre-ecuador-y-colombia-4.jpg 720w, https:\/\/sarmiento24h.com\/wp-content\/uploads\/2026\/02\/quienes-son-los-afectados-por-la-guerra-arancelaria-entre-ecuador-y-colombia.jpg 980w\" sizes=\"(max-width: 1023px) calc(100vw - 32px), (min-width: 1024px) 850px\" alt=\"Camiones esperan para cruzar la frontera entre Colombia y Ecuador antes de que entren en vigor las nuevas medidas arancelarias, en Ipiales (Colombia), el 30 de enero de 2026.\" loading=\"lazy\" class=\"a-img \">\n<\/picture><figcaption class=\"a-figcaption\"> <span>Camiones esperan para cruzar la frontera entre Colombia y Ecuador antes de que entren en vigor las nuevas medidas arancelarias, en Ipiales (Colombia), el 30 de enero de 2026.<\/span> <span>\u00a9 Reicarmyr CANIZARES \/ AFP<\/span> <\/figcaption><\/figure>\n<\/p><\/div>\n<p>El incremento de los aranceles recae, inicialmente, en las empresas que deben pagar al servicio de aduana en el pa\u00eds sancionador, aunque esta subida de los costos termina siendo amortizada por el consumidor final.&nbsp;<\/p>\n<blockquote class=\"quote\" readability=\"10\">\n<p>\u00abEl efecto final tiende a trasladarse a precios internos, a la p\u00e9rdida de competitividad frente a proveedores alternativos y a una mayor fricci\u00f3n log\u00edstica y administrativa, con impactos que terminan asumiendo empresas y consumidores en ambos pa\u00edses\u00bb, alerta Analdex.<\/p>\n<\/blockquote>\n<h2><strong>Una batalla \u00abilegal\u00bb que viola el \u00abarancel cero\u00bb de la CAN<\/strong><\/h2>\n<p>La declaraci\u00f3n mutua de aranceles por parte de los dos pa\u00edses sudamericanos viola el principio de \u00abarancel cero\u00bb que rige fen la <a href=\"https:\/\/www.france24.com\/es\/tag\/comunidad-andina\/\" target=\"_self\" class=\"gtm-add-suggested-tag\">Comunidad Andina<\/a> de Naciones (CAN), integrada tambi\u00e9n por <a href=\"https:\/\/www.france24.com\/es\/tag\/per\u00fa\/\" target=\"_self\" class=\"gtm-add-suggested-tag\">Per\u00fa<\/a> y <a href=\"https:\/\/www.france24.com\/es\/tag\/bolivia\/\" target=\"_self\" class=\"gtm-add-suggested-tag\">Bolivia<\/a>.<\/p>\n<p>La pol\u00edtica de arancel cero interregional se concret\u00f3 con la&nbsp;Decisi\u00f3n 370 de 1991, que estableci\u00f3 un calendario para la eliminaci\u00f3n progresiva de aranceles entre los firmantes hasta 1994.<\/p>\n<div class=\"m-em-image\">\n<figure class=\"m-item-image m-item-image--original m-item-image--has-caption\"> <picture class=\"a-picture a-picture--original\"><source type=\"image\/webp\" srcset=\"https:\/\/s.france24.com\/media\/display\/a557fa84-f799-11f0-bee9-005056a90284\/w:246\/5d49b8347f6a0acdf8bfc0940e60755a982068e7w.webp 246w, https:\/\/s.france24.com\/media\/display\/a557fa84-f799-11f0-bee9-005056a90284\/w:388\/5d49b8347f6a0acdf8bfc0940e60755a982068e7w.webp 388w, https:\/\/s.france24.com\/media\/display\/a557fa84-f799-11f0-bee9-005056a90284\/w:720\/5d49b8347f6a0acdf8bfc0940e60755a982068e7w.webp 720w, https:\/\/s.france24.com\/media\/display\/a557fa84-f799-11f0-bee9-005056a90284\/w:980\/5d49b8347f6a0acdf8bfc0940e60755a982068e7w.webp 980w\" sizes=\"(max-width: 1023px) calc(100vw - 32px), (min-width: 1024px) 850px\"><img fetchpriority=\"low\" decoding=\"async\" src=\"https:\/\/sarmiento24h.com\/wp-content\/uploads\/2026\/02\/quienes-son-los-afectados-por-la-guerra-arancelaria-entre-ecuador-y-colombia-1.jpg\" srcset=\"https:\/\/sarmiento24h.com\/wp-content\/uploads\/2026\/02\/quienes-son-los-afectados-por-la-guerra-arancelaria-entre-ecuador-y-colombia-5.jpg 246w, https:\/\/sarmiento24h.com\/wp-content\/uploads\/2026\/02\/quienes-son-los-afectados-por-la-guerra-arancelaria-entre-ecuador-y-colombia-6.jpg 388w, https:\/\/sarmiento24h.com\/wp-content\/uploads\/2026\/02\/quienes-son-los-afectados-por-la-guerra-arancelaria-entre-ecuador-y-colombia-7.jpg 720w, https:\/\/sarmiento24h.com\/wp-content\/uploads\/2026\/02\/quienes-son-los-afectados-por-la-guerra-arancelaria-entre-ecuador-y-colombia-1.jpg 980w\" sizes=\"(max-width: 1023px) calc(100vw - 32px), (min-width: 1024px) 850px\" alt=\"Imagen de archivo de un cami\u00f3n detenido la zona de transbordadores del puerto de Cartagena (Colombia), el 4 de noviembre de 2021.\" loading=\"lazy\" class=\"a-img \">\n<\/picture><figcaption class=\"a-figcaption\"> <span>Imagen de archivo de un cami\u00f3n detenido la zona de transbordadores del puerto de Cartagena (Colombia), el 4 de noviembre de 2021.<\/span> <span>\u00a9 Ricardo Maldonado Rozo &#8211; EFE<\/span> <\/figcaption><\/figure>\n<\/p><\/div>\n<p>Esta normativa, consagrada&nbsp;en los art\u00edculos 61 al 75 del&nbsp;Cap\u00edtulo VI&nbsp;del Acuerdo de Cartagena,&nbsp; fue desconocida inicialmente por el presidente Daniel Noboa, al&nbsp;<a href=\"https:\/\/www.france24.com\/es\/am\u00e9rica-latina\/20260121-ecuador-impone-a-colombia-un-arancel-de-30-por-falta-de-cooperaci\u00f3n-en-seguridad\" target=\"_self\">anunciar el 21 de enero una \u00abtasa de seguridad\u00bb del 30% <\/a>sobre las exportaciones colombianas, que justific\u00f3 como una represalia ante lo que describi\u00f3 como inacci\u00f3n del gobierno colombiano en la defensa de la frontera com\u00fan.<\/p>\n<p>El gobierno del presidente colombiano,&nbsp;<a href=\"https:\/\/www.france24.com\/es\/tag\/gustavo-petro\/\" target=\"_self\" class=\"gtm-add-suggested-tag\">Gustavo Petro<\/a>,&nbsp;present\u00f3 ante la CAN una solicitud para que eval\u00fae la decisi\u00f3n de Ecuador. Sin embargo, Petro tambi\u00e9n respondi\u00f3 con un arancel rec\u00edproco del 30% sobre m\u00e1s de 70 productos ecuatorianos.<\/p>\n<p>Mientras Ecuador defiende su postura con la invocaci\u00f3n de la \u00abseguridad nacional\u00bb, Colombia se escuda en el derecho a la \u00abretorsi\u00f3n\u00bb, una herramienta de la CAN que Petro interpreta que le permite responder de forma temporal al ataque comercial de Ecuador mientras&nbsp;se resuelve la disputa ante el Tribunal Andino.&nbsp;<\/p>\n<p>France 24 con EFE&nbsp;y medios locales.<\/p>\n","protected":false},"excerpt":{"rendered":"<p>La econom\u00eda colombiana ha sufrido otro golpe&#46;&#46;&#46;<\/p>\n","protected":false},"author":1,"featured_media":31587,"comment_status":"closed","ping_status":"closed","sticky":false,"template":"","format":"standard","meta":{"_jetpack_memberships_contains_paid_content":false,"footnotes":"","jetpack_publicize_message":"","jetpack_publicize_feature_enabled":true,"jetpack_social_post_already_shared":true,"jetpack_social_options":{"image_generator_settings":{"template":"highway","default_image_id":0,"font":"","enabled":false},"version":2}},"categories":[43],"tags":[],"class_list":["post-31586","post","type-post","status-publish","format-standard","has-post-thumbnail","hentry","category-internacionales"],"yoast_head":"<!-- This site is optimized with the Yoast SEO plugin v27.3 - https:\/\/yoast.com\/product\/yoast-seo-wordpress\/ -->\n<title>\u00bfQuienes son los afectados por la guerra arancelaria entre Ecuador y Colombia? - Sarmiento24h<\/title>\n<meta name=\"robots\" content=\"index, follow, max-snippet:-1, max-image-preview:large, max-video-preview:-1\" \/>\n<link rel=\"canonical\" href=\"https:\/\/sarmiento24h.com\/?p=31586\" \/>\n<meta property=\"og:locale\" content=\"es_ES\" \/>\n<meta property=\"og:type\" content=\"article\" \/>\n<meta property=\"og:title\" content=\"\u00bfQuienes son los afectados por la guerra arancelaria entre Ecuador y Colombia? - Sarmiento24h\" \/>\n<meta property=\"og:description\" content=\"La econom\u00eda colombiana ha sufrido otro golpe&#046;&#046;&#046;\" \/>\n<meta property=\"og:url\" content=\"https:\/\/sarmiento24h.com\/?p=31586\" \/>\n<meta property=\"og:site_name\" content=\"Sarmiento24h\" \/>\n<meta property=\"article:publisher\" content=\"https:\/\/facebook.com\/s24hnoticias\" \/>\n<meta property=\"article:published_time\" content=\"2026-02-26T20:34:28+00:00\" \/>\n<meta property=\"og:image\" content=\"https:\/\/sarmiento24h.com\/wp-content\/uploads\/2026\/02\/quienes-son-los-afectados-por-la-guerra-arancelaria-entre-ecuador-y-colombia.jpg\" \/>\n\t<meta property=\"og:image:width\" content=\"980\" \/>\n\t<meta property=\"og:image:height\" content=\"610\" \/>\n\t<meta property=\"og:image:type\" content=\"image\/jpeg\" \/>\n<meta name=\"author\" content=\"sarmiento24h@gmail.com\" \/>\n<meta name=\"twitter:card\" content=\"summary_large_image\" \/>\n<meta name=\"twitter:creator\" content=\"@sarmiento24h\" \/>\n<meta name=\"twitter:site\" content=\"@sarmiento24h\" \/>\n<meta name=\"twitter:label1\" content=\"Escrito por\" \/>\n\t<meta name=\"twitter:data1\" content=\"sarmiento24h@gmail.com\" \/>\n\t<meta name=\"twitter:label2\" content=\"Tiempo de lectura\" \/>\n\t<meta name=\"twitter:data2\" content=\"5 minutos\" \/>\n<script type=\"application\/ld+json\" class=\"yoast-schema-graph\">{\"@context\":\"https:\\\/\\\/schema.org\",\"@graph\":[{\"@type\":\"Article\",\"@id\":\"https:\\\/\\\/sarmiento24h.com\\\/?p=31586#article\",\"isPartOf\":{\"@id\":\"https:\\\/\\\/sarmiento24h.com\\\/?p=31586\"},\"author\":{\"name\":\"sarmiento24h@gmail.com\",\"@id\":\"https:\\\/\\\/sarmiento24h.com\\\/#\\\/schema\\\/person\\\/d653a59725ad629a7e0429af7b939d4d\"},\"headline\":\"\u00bfQuienes son los afectados por la guerra arancelaria entre Ecuador y Colombia?\",\"datePublished\":\"2026-02-26T20:34:28+00:00\",\"mainEntityOfPage\":{\"@id\":\"https:\\\/\\\/sarmiento24h.com\\\/?p=31586\"},\"wordCount\":935,\"publisher\":{\"@id\":\"https:\\\/\\\/sarmiento24h.com\\\/#organization\"},\"image\":{\"@id\":\"https:\\\/\\\/sarmiento24h.com\\\/?p=31586#primaryimage\"},\"thumbnailUrl\":\"https:\\\/\\\/sarmiento24h.com\\\/wp-content\\\/uploads\\\/2026\\\/02\\\/quienes-son-los-afectados-por-la-guerra-arancelaria-entre-ecuador-y-colombia.jpg\",\"articleSection\":[\"Internacionales\"],\"inLanguage\":\"es\"},{\"@type\":\"WebPage\",\"@id\":\"https:\\\/\\\/sarmiento24h.com\\\/?p=31586\",\"url\":\"https:\\\/\\\/sarmiento24h.com\\\/?p=31586\",\"name\":\"\u00bfQuienes son los afectados por la guerra arancelaria entre Ecuador y Colombia? - Sarmiento24h\",\"isPartOf\":{\"@id\":\"https:\\\/\\\/sarmiento24h.com\\\/#website\"},\"primaryImageOfPage\":{\"@id\":\"https:\\\/\\\/sarmiento24h.com\\\/?p=31586#primaryimage\"},\"image\":{\"@id\":\"https:\\\/\\\/sarmiento24h.com\\\/?p=31586#primaryimage\"},\"thumbnailUrl\":\"https:\\\/\\\/sarmiento24h.com\\\/wp-content\\\/uploads\\\/2026\\\/02\\\/quienes-son-los-afectados-por-la-guerra-arancelaria-entre-ecuador-y-colombia.jpg\",\"datePublished\":\"2026-02-26T20:34:28+00:00\",\"breadcrumb\":{\"@id\":\"https:\\\/\\\/sarmiento24h.com\\\/?p=31586#breadcrumb\"},\"inLanguage\":\"es\",\"potentialAction\":[{\"@type\":\"ReadAction\",\"target\":[\"https:\\\/\\\/sarmiento24h.com\\\/?p=31586\"]}]},{\"@type\":\"ImageObject\",\"inLanguage\":\"es\",\"@id\":\"https:\\\/\\\/sarmiento24h.com\\\/?p=31586#primaryimage\",\"url\":\"https:\\\/\\\/sarmiento24h.com\\\/wp-content\\\/uploads\\\/2026\\\/02\\\/quienes-son-los-afectados-por-la-guerra-arancelaria-entre-ecuador-y-colombia.jpg\",\"contentUrl\":\"https:\\\/\\\/sarmiento24h.com\\\/wp-content\\\/uploads\\\/2026\\\/02\\\/quienes-son-los-afectados-por-la-guerra-arancelaria-entre-ecuador-y-colombia.jpg\",\"width\":980,\"height\":610},{\"@type\":\"BreadcrumbList\",\"@id\":\"https:\\\/\\\/sarmiento24h.com\\\/?p=31586#breadcrumb\",\"itemListElement\":[{\"@type\":\"ListItem\",\"position\":1,\"name\":\"Home\",\"item\":\"https:\\\/\\\/sarmiento24h.com\\\/\"},{\"@type\":\"ListItem\",\"position\":2,\"name\":\"\u00bfQuienes son los afectados por la guerra arancelaria entre Ecuador y Colombia?\"}]},{\"@type\":\"WebSite\",\"@id\":\"https:\\\/\\\/sarmiento24h.com\\\/#website\",\"url\":\"https:\\\/\\\/sarmiento24h.com\\\/\",\"name\":\"Sarmiento24h\",\"description\":\"\",\"publisher\":{\"@id\":\"https:\\\/\\\/sarmiento24h.com\\\/#organization\"},\"potentialAction\":[{\"@type\":\"SearchAction\",\"target\":{\"@type\":\"EntryPoint\",\"urlTemplate\":\"https:\\\/\\\/sarmiento24h.com\\\/?s={search_term_string}\"},\"query-input\":{\"@type\":\"PropertyValueSpecification\",\"valueRequired\":true,\"valueName\":\"search_term_string\"}}],\"inLanguage\":\"es\"},{\"@type\":\"Organization\",\"@id\":\"https:\\\/\\\/sarmiento24h.com\\\/#organization\",\"name\":\"Sarmiento24h\",\"url\":\"https:\\\/\\\/sarmiento24h.com\\\/\",\"logo\":{\"@type\":\"ImageObject\",\"inLanguage\":\"es\",\"@id\":\"https:\\\/\\\/sarmiento24h.com\\\/#\\\/schema\\\/logo\\\/image\\\/\",\"url\":\"https:\\\/\\\/sarmiento24h.com\\\/wp-content\\\/uploads\\\/2025\\\/12\\\/AddText_12-16-10.30.52.jpg\",\"contentUrl\":\"https:\\\/\\\/sarmiento24h.com\\\/wp-content\\\/uploads\\\/2025\\\/12\\\/AddText_12-16-10.30.52.jpg\",\"width\":1220,\"height\":324,\"caption\":\"Sarmiento24h\"},\"image\":{\"@id\":\"https:\\\/\\\/sarmiento24h.com\\\/#\\\/schema\\\/logo\\\/image\\\/\"},\"sameAs\":[\"https:\\\/\\\/facebook.com\\\/s24hnoticias\",\"https:\\\/\\\/x.com\\\/sarmiento24h\"]},{\"@type\":\"Person\",\"@id\":\"https:\\\/\\\/sarmiento24h.com\\\/#\\\/schema\\\/person\\\/d653a59725ad629a7e0429af7b939d4d\",\"name\":\"sarmiento24h@gmail.com\",\"image\":{\"@type\":\"ImageObject\",\"inLanguage\":\"es\",\"@id\":\"https:\\\/\\\/sarmiento24h.com\\\/wp-content\\\/litespeed\\\/avatar\\\/d02cbc4e23c747e6659cd45907173c8f.jpg?ver=1777157796\",\"url\":\"https:\\\/\\\/sarmiento24h.com\\\/wp-content\\\/litespeed\\\/avatar\\\/d02cbc4e23c747e6659cd45907173c8f.jpg?ver=1777157796\",\"contentUrl\":\"https:\\\/\\\/sarmiento24h.com\\\/wp-content\\\/litespeed\\\/avatar\\\/d02cbc4e23c747e6659cd45907173c8f.jpg?ver=1777157796\",\"caption\":\"sarmiento24h@gmail.com\"},\"sameAs\":[\"https:\\\/\\\/sarmiento24h.com\"],\"url\":\"https:\\\/\\\/sarmiento24h.com\\\/?author=1\"}]}<\/script>\n<!-- \/ Yoast SEO plugin. -->","yoast_head_json":{"title":"\u00bfQuienes son los afectados por la guerra arancelaria entre Ecuador y Colombia? - Sarmiento24h","robots":{"index":"index","follow":"follow","max-snippet":"max-snippet:-1","max-image-preview":"max-image-preview:large","max-video-preview":"max-video-preview:-1"},"canonical":"https:\/\/sarmiento24h.com\/?p=31586","og_locale":"es_ES","og_type":"article","og_title":"\u00bfQuienes son los afectados por la guerra arancelaria entre Ecuador y Colombia? - Sarmiento24h","og_description":"La econom\u00eda colombiana ha sufrido otro golpe&#46;&#46;&#46;","og_url":"https:\/\/sarmiento24h.com\/?p=31586","og_site_name":"Sarmiento24h","article_publisher":"https:\/\/facebook.com\/s24hnoticias","article_published_time":"2026-02-26T20:34:28+00:00","og_image":[{"width":980,"height":610,"url":"https:\/\/sarmiento24h.com\/wp-content\/uploads\/2026\/02\/quienes-son-los-afectados-por-la-guerra-arancelaria-entre-ecuador-y-colombia.jpg","type":"image\/jpeg"}],"author":"sarmiento24h@gmail.com","twitter_card":"summary_large_image","twitter_creator":"@sarmiento24h","twitter_site":"@sarmiento24h","twitter_misc":{"Escrito por":"sarmiento24h@gmail.com","Tiempo de lectura":"5 minutos"},"schema":{"@context":"https:\/\/schema.org","@graph":[{"@type":"Article","@id":"https:\/\/sarmiento24h.com\/?p=31586#article","isPartOf":{"@id":"https:\/\/sarmiento24h.com\/?p=31586"},"author":{"name":"sarmiento24h@gmail.com","@id":"https:\/\/sarmiento24h.com\/#\/schema\/person\/d653a59725ad629a7e0429af7b939d4d"},"headline":"\u00bfQuienes son los afectados por la guerra arancelaria entre Ecuador y Colombia?","datePublished":"2026-02-26T20:34:28+00:00","mainEntityOfPage":{"@id":"https:\/\/sarmiento24h.com\/?p=31586"},"wordCount":935,"publisher":{"@id":"https:\/\/sarmiento24h.com\/#organization"},"image":{"@id":"https:\/\/sarmiento24h.com\/?p=31586#primaryimage"},"thumbnailUrl":"https:\/\/sarmiento24h.com\/wp-content\/uploads\/2026\/02\/quienes-son-los-afectados-por-la-guerra-arancelaria-entre-ecuador-y-colombia.jpg","articleSection":["Internacionales"],"inLanguage":"es"},{"@type":"WebPage","@id":"https:\/\/sarmiento24h.com\/?p=31586","url":"https:\/\/sarmiento24h.com\/?p=31586","name":"\u00bfQuienes son los afectados por la guerra arancelaria entre Ecuador y Colombia? - Sarmiento24h","isPartOf":{"@id":"https:\/\/sarmiento24h.com\/#website"},"primaryImageOfPage":{"@id":"https:\/\/sarmiento24h.com\/?p=31586#primaryimage"},"image":{"@id":"https:\/\/sarmiento24h.com\/?p=31586#primaryimage"},"thumbnailUrl":"https:\/\/sarmiento24h.com\/wp-content\/uploads\/2026\/02\/quienes-son-los-afectados-por-la-guerra-arancelaria-entre-ecuador-y-colombia.jpg","datePublished":"2026-02-26T20:34:28+00:00","breadcrumb":{"@id":"https:\/\/sarmiento24h.com\/?p=31586#breadcrumb"},"inLanguage":"es","potentialAction":[{"@type":"ReadAction","target":["https:\/\/sarmiento24h.com\/?p=31586"]}]},{"@type":"ImageObject","inLanguage":"es","@id":"https:\/\/sarmiento24h.com\/?p=31586#primaryimage","url":"https:\/\/sarmiento24h.com\/wp-content\/uploads\/2026\/02\/quienes-son-los-afectados-por-la-guerra-arancelaria-entre-ecuador-y-colombia.jpg","contentUrl":"https:\/\/sarmiento24h.com\/wp-content\/uploads\/2026\/02\/quienes-son-los-afectados-por-la-guerra-arancelaria-entre-ecuador-y-colombia.jpg","width":980,"height":610},{"@type":"BreadcrumbList","@id":"https:\/\/sarmiento24h.com\/?p=31586#breadcrumb","itemListElement":[{"@type":"ListItem","position":1,"name":"Home","item":"https:\/\/sarmiento24h.com\/"},{"@type":"ListItem","position":2,"name":"\u00bfQuienes son los afectados por la guerra arancelaria entre Ecuador y Colombia?"}]},{"@type":"WebSite","@id":"https:\/\/sarmiento24h.com\/#website","url":"https:\/\/sarmiento24h.com\/","name":"Sarmiento24h","description":"","publisher":{"@id":"https:\/\/sarmiento24h.com\/#organization"},"potentialAction":[{"@type":"SearchAction","target":{"@type":"EntryPoint","urlTemplate":"https:\/\/sarmiento24h.com\/?s={search_term_string}"},"query-input":{"@type":"PropertyValueSpecification","valueRequired":true,"valueName":"search_term_string"}}],"inLanguage":"es"},{"@type":"Organization","@id":"https:\/\/sarmiento24h.com\/#organization","name":"Sarmiento24h","url":"https:\/\/sarmiento24h.com\/","logo":{"@type":"ImageObject","inLanguage":"es","@id":"https:\/\/sarmiento24h.com\/#\/schema\/logo\/image\/","url":"https:\/\/sarmiento24h.com\/wp-content\/uploads\/2025\/12\/AddText_12-16-10.30.52.jpg","contentUrl":"https:\/\/sarmiento24h.com\/wp-content\/uploads\/2025\/12\/AddText_12-16-10.30.52.jpg","width":1220,"height":324,"caption":"Sarmiento24h"},"image":{"@id":"https:\/\/sarmiento24h.com\/#\/schema\/logo\/image\/"},"sameAs":["https:\/\/facebook.com\/s24hnoticias","https:\/\/x.com\/sarmiento24h"]},{"@type":"Person","@id":"https:\/\/sarmiento24h.com\/#\/schema\/person\/d653a59725ad629a7e0429af7b939d4d","name":"sarmiento24h@gmail.com","image":{"@type":"ImageObject","inLanguage":"es","@id":"https:\/\/sarmiento24h.com\/wp-content\/litespeed\/avatar\/d02cbc4e23c747e6659cd45907173c8f.jpg?ver=1777157796","url":"https:\/\/sarmiento24h.com\/wp-content\/litespeed\/avatar\/d02cbc4e23c747e6659cd45907173c8f.jpg?ver=1777157796","contentUrl":"https:\/\/sarmiento24h.com\/wp-content\/litespeed\/avatar\/d02cbc4e23c747e6659cd45907173c8f.jpg?ver=1777157796","caption":"sarmiento24h@gmail.com"},"sameAs":["https:\/\/sarmiento24h.com"],"url":"https:\/\/sarmiento24h.com\/?author=1"}]}},"jetpack_publicize_connections":[],"jetpack_featured_media_url":"https:\/\/sarmiento24h.com\/wp-content\/uploads\/2026\/02\/quienes-son-los-afectados-por-la-guerra-arancelaria-entre-ecuador-y-colombia.jpg","jetpack_sharing_enabled":true,"_links":{"self":[{"href":"https:\/\/sarmiento24h.com\/index.php?rest_route=\/wp\/v2\/posts\/31586","targetHints":{"allow":["GET"]}}],"collection":[{"href":"https:\/\/sarmiento24h.com\/index.php?rest_route=\/wp\/v2\/posts"}],"about":[{"href":"https:\/\/sarmiento24h.com\/index.php?rest_route=\/wp\/v2\/types\/post"}],"author":[{"embeddable":true,"href":"https:\/\/sarmiento24h.com\/index.php?rest_route=\/wp\/v2\/users\/1"}],"replies":[{"embeddable":true,"href":"https:\/\/sarmiento24h.com\/index.php?rest_route=%2Fwp%2Fv2%2Fcomments&post=31586"}],"version-history":[{"count":0,"href":"https:\/\/sarmiento24h.com\/index.php?rest_route=\/wp\/v2\/posts\/31586\/revisions"}],"wp:featuredmedia":[{"embeddable":true,"href":"https:\/\/sarmiento24h.com\/index.php?rest_route=\/wp\/v2\/media\/31587"}],"wp:attachment":[{"href":"https:\/\/sarmiento24h.com\/index.php?rest_route=%2Fwp%2Fv2%2Fmedia&parent=31586"}],"wp:term":[{"taxonomy":"category","embeddable":true,"href":"https:\/\/sarmiento24h.com\/index.php?rest_route=%2Fwp%2Fv2%2Fcategories&post=31586"},{"taxonomy":"post_tag","embeddable":true,"href":"https:\/\/sarmiento24h.com\/index.php?rest_route=%2Fwp%2Fv2%2Ftags&post=31586"}],"curies":[{"name":"wp","href":"https:\/\/api.w.org\/{rel}","templated":true}]}}