{"id":31776,"date":"2026-02-26T22:55:06","date_gmt":"2026-02-26T22:55:06","guid":{"rendered":"http:\/\/fb7215fe-1363-11f1-ab3c-aba31b0fe7b8"},"modified":"2026-02-26T22:55:06","modified_gmt":"2026-02-26T22:55:06","slug":"uruguay-y-argentina-se-convierten-en-los-primeros-en-ratificar-el-acuerdo-mercosur-ue","status":"publish","type":"post","link":"https:\/\/sarmiento24h.com\/?p=31776","title":{"rendered":"Uruguay y Argentina se convierten en los primeros en ratificar el acuerdo Mercosur-UE"},"content":{"rendered":"<div><img decoding=\"async\" src=\"https:\/\/sarmiento24h.com\/wp-content\/uploads\/2026\/02\/uruguay-y-argentina-se-convierten-en-los-primeros-en-ratificar-el-acuerdo-mercosur-ue.jpg\" class=\"ff-og-image-inserted\"><\/div>\n<p>En Montevideo, la <a target=\"_self\" href=\"https:\/\/www.france24.com\/es\/tag\/c\u00e1mara-de-representantes\/\" class=\"gtm-add-suggested-tag\">C\u00e1mara de Representantes<\/a> aprob\u00f3 el acuerdo con 91 votos de 93 posibles, luego del respaldo previo del <a target=\"_self\" href=\"https:\/\/www.france24.com\/es\/tag\/senado\/\" class=\"gtm-add-suggested-tag\">Senado<\/a>, lo que convirti\u00f3 a <a target=\"_self\" href=\"https:\/\/www.france24.com\/es\/tag\/uruguay\/\" class=\"gtm-add-suggested-tag\">Uruguay<\/a> en el primer pa\u00eds del bloque en ratificar formalmente el tratado.&nbsp;<\/p>\n<p>Horas despu\u00e9s, el <a target=\"_self\" href=\"https:\/\/www.france24.com\/es\/tag\/senado\/\" class=\"gtm-add-suggested-tag\">Senado<\/a> argentino dio luz verde al proyecto por 69 votos a favor y tres en contra, tras la aprobaci\u00f3n previa en la C\u00e1mara de Diputados.<\/p>\n<p>Luego de la votaci\u00f3n, el canciller uruguayo, Mario Lubetkin, celebr\u00f3 el cierre de \u00abuna fase que llev\u00f3 m\u00e1s de dos d\u00e9cadas\u00bb y rindi\u00f3 homenaje a quienes participaron en las negociaciones durante estos 25 a\u00f1os. \u00abNosotros asumimos nuestra responsabilidad y la cumplimos\u00bb, afirm\u00f3.<\/p>\n<p>Lubetkin indic\u00f3, adem\u00e1s, que ahora comienza una etapa \u00abno sencilla\u00bb, en la que ser\u00e1 necesario trabajar para adecuar a los sectores productivos que podr\u00edan verse afectados por la apertura comercial, y dijo esperar que la se\u00f1al enviada por <a target=\"_self\" href=\"https:\/\/www.france24.com\/es\/tag\/uruguay\/\" class=\"gtm-add-suggested-tag\">Uruguay<\/a> sea \u00abcorrectamente le\u00edda en <a target=\"_self\" href=\"https:\/\/www.france24.com\/es\/tag\/europa\/\" class=\"gtm-add-suggested-tag\">Europa<\/a>\u00ab.<\/p>\n<p>En <a target=\"_self\" href=\"https:\/\/www.france24.com\/es\/tag\/argentina\/\" class=\"gtm-add-suggested-tag\">Argentina<\/a>, el <a target=\"_self\" href=\"https:\/\/www.france24.com\/es\/tag\/gobierno\/\" class=\"gtm-add-suggested-tag\">Gobierno<\/a> del presidente <a target=\"_self\" href=\"https:\/\/www.france24.com\/es\/tag\/javier-milei\/\" class=\"gtm-add-suggested-tag\">Javier Milei<\/a> calific\u00f3 la ratificaci\u00f3n como un \u00abhito\u00bb en la pol\u00edtica de inserci\u00f3n internacional del pa\u00eds y destac\u00f3 que el tratado permitir\u00e1 eliminar <a target=\"_self\" href=\"https:\/\/www.france24.com\/es\/tag\/aranceles\/\" class=\"gtm-add-suggested-tag\">aranceles<\/a> para el 92 % de las exportaciones del <a target=\"_self\" href=\"https:\/\/www.france24.com\/es\/tag\/mercosur\/\" class=\"gtm-add-suggested-tag\">Mercosur<\/a> hacia la UE.&nbsp;<\/p>\n<p>Adem\u00e1s, proyect\u00f3 un \u00abimpacto significativo\u00bb, con estimaciones de crecimiento exportador de hasta el 122 % en diez a\u00f1os, especialmente en sectores como energ\u00eda, <a target=\"_self\" href=\"https:\/\/www.france24.com\/es\/tag\/miner\u00eda\/\" class=\"gtm-add-suggested-tag\">miner\u00eda<\/a>, agroindustria e industria.<\/p>\n<p>El canciller argentino, Pablo Quirno, afirm\u00f3 que ambos bloques consolidan \u00abuna de las mayores \u00e1reas econ\u00f3micas del mundo\u00bb y sostuvo que la ratificaci\u00f3n permitir\u00e1 que la <a target=\"_self\" href=\"https:\/\/www.france24.com\/es\/tag\/comisi\u00f3n-europea\/\" class=\"gtm-add-suggested-tag\">Comisi\u00f3n Europea<\/a> cuente con las condiciones necesarias para avanzar en su aplicaci\u00f3n provisional, lo que facilitar\u00eda que las exportaciones comiencen a beneficiarse de las preferencias arancelarias negociadas.<\/p>\n<p>Durante el debate en el <a target=\"_self\" href=\"https:\/\/www.france24.com\/es\/tag\/senado\/\" class=\"gtm-add-suggested-tag\">Senado<\/a> argentino tambi\u00e9n surgieron voces cr\u00edticas.&nbsp;<\/p>\n<p>El jefe del bloque peronista, Jos\u00e9 Mayans, se\u00f1al\u00f3 que si bien no se opon\u00edan al acuerdo, era necesario \u00abcorregir las asimetr\u00edas\u00bb, especialmente con <a target=\"_self\" href=\"https:\/\/www.france24.com\/es\/tag\/brasil\/\" class=\"gtm-add-suggested-tag\">Brasil<\/a> y con la UE, y advirti\u00f3 que algunos sectores manufactureros podr\u00edan enfrentar dificultades para competir con productos europeos.&nbsp;<\/p>\n<p>Desde el oficialismo, la jefa del bloque, <a target=\"_self\" href=\"https:\/\/www.france24.com\/es\/tag\/patricia-bullrich\/\" class=\"gtm-add-suggested-tag\">Patricia Bullrich<\/a>, respondi\u00f3 que la mayor\u00eda de esas asimetr\u00edas fueron contempladas en la negociaci\u00f3n y que se establecieron plazos de adaptaci\u00f3n para facilitar la transici\u00f3n.<\/p>\n<p>El acuerdo, suscrito el pasado 17 de enero, crea una de las mayores zonas de libre comercio del mundo con un mercado integrado por m\u00e1s de 700 millones de personas, que representa alrededor del 30 % del Producto Interno Bruto (<a target=\"_self\" href=\"https:\/\/www.france24.com\/es\/tag\/pib\/\" class=\"gtm-add-suggested-tag\">PIB<\/a>) mundial y cerca del 35 % del comercio global.<\/p>\n<p>El tratado regula el comercio de bienes y servicios entre ambos bloques. En el caso de los productos agr\u00edcolas \u2014en los que los pa\u00edses del <a target=\"_self\" href=\"https:\/\/www.france24.com\/es\/tag\/mercosur\/\" class=\"gtm-add-suggested-tag\">Mercosur<\/a> son altamente competitivos\u2014 se liberalizar\u00e1 el 99 % de los intercambios, con eliminaci\u00f3n inmediata de <a target=\"_self\" href=\"https:\/\/www.france24.com\/es\/tag\/aranceles\/\" class=\"gtm-add-suggested-tag\">aranceles<\/a> para numerosos bienes una vez que el acuerdo entre en vigor.&nbsp;<\/p>\n<p>Adem\u00e1s, el bloque suramericano abrir\u00e1 su mercado a bienes industriales europeos.<\/p>\n<h2><strong>Los otros socios<\/strong><\/h2>\n<p><a target=\"_self\" href=\"https:\/\/www.france24.com\/es\/tag\/brasil\/\" class=\"gtm-add-suggested-tag\">Brasil<\/a> ya aprob\u00f3 el acuerdo en la C\u00e1mara de Diputados y lo enviar\u00e1 al <a target=\"_self\" href=\"https:\/\/www.france24.com\/es\/tag\/senado\/\" class=\"gtm-add-suggested-tag\">Senado<\/a> en los pr\u00f3ximos d\u00edas, mientras que <a target=\"_self\" href=\"https:\/\/www.france24.com\/es\/tag\/paraguay\/\" class=\"gtm-add-suggested-tag\">Paraguay<\/a> remiti\u00f3 el texto a su Parlamento para su tratamiento.&nbsp;<\/p>\n<p>El <a target=\"_self\" href=\"https:\/\/www.france24.com\/es\/tag\/parlamento-europeo\/\" class=\"gtm-add-suggested-tag\">Parlamento Europeo<\/a> se encuentra a la espera de la definici\u00f3n del Tribunal de <a target=\"_self\" href=\"https:\/\/www.france24.com\/es\/tag\/justicia\/\" class=\"gtm-add-suggested-tag\">Justicia<\/a> de la UE sobre la legalidad del acuerdo, pero la <a target=\"_self\" href=\"https:\/\/www.france24.com\/es\/tag\/comisi\u00f3n-europea\/\" class=\"gtm-add-suggested-tag\">Comisi\u00f3n Europea<\/a> (CE) podr\u00eda decidir empezar a aplicarlo de forma provisional sin esperar a una votaci\u00f3n en la Euroc\u00e1mara.&nbsp;<\/p>\n<p>La intenci\u00f3n de europeos y suramericanos qued\u00f3 plasmada en un acuerdo marco de cooperaci\u00f3n firmado en 1995 y que entr\u00f3 en vigor en 1999, pero formalmente las negociaciones t\u00e9cnicas se iniciaron en <a target=\"_self\" href=\"https:\/\/www.france24.com\/es\/tag\/buenos-aires\/\" class=\"gtm-add-suggested-tag\">Buenos Aires<\/a> en abril de 2000.<\/p>\n<p>Desde entonces, se celebraron decenas de rondas de negociaci\u00f3n, un proceso complejo, incluso con pausas durante largos a\u00f1os.<\/p>\n<p>\u00abEste tratado lo puede aprobar la CE de manera inmediata y empieza a regir de manera inmediata. Hoy lo votamos y ma\u00f1ana empieza a regir\u00bb, a\u00f1adi\u00f3 Bullrich.&nbsp;<\/p>\n<p>(EFE)<\/p>\n","protected":false},"excerpt":{"rendered":"<p>En Montevideo, la C\u00e1mara de Representantes aprob\u00f3&#46;&#46;&#46;<\/p>\n","protected":false},"author":1,"featured_media":31777,"comment_status":"closed","ping_status":"closed","sticky":false,"template":"","format":"standard","meta":{"_jetpack_memberships_contains_paid_content":false,"footnotes":"","jetpack_publicize_message":"","jetpack_publicize_feature_enabled":true,"jetpack_social_post_already_shared":true,"jetpack_social_options":{"image_generator_settings":{"template":"highway","default_image_id":0,"font":"","enabled":false},"version":2}},"categories":[43],"tags":[],"class_list":["post-31776","post","type-post","status-publish","format-standard","has-post-thumbnail","hentry","category-internacionales"],"yoast_head":"<!-- This site is optimized with the Yoast SEO plugin v27.3 - https:\/\/yoast.com\/product\/yoast-seo-wordpress\/ -->\n<title>Uruguay y Argentina se convierten en los primeros en ratificar el acuerdo Mercosur-UE - Sarmiento24h<\/title>\n<meta name=\"robots\" content=\"index, follow, max-snippet:-1, max-image-preview:large, max-video-preview:-1\" \/>\n<link rel=\"canonical\" href=\"https:\/\/sarmiento24h.com\/?p=31776\" \/>\n<meta property=\"og:locale\" content=\"es_ES\" \/>\n<meta property=\"og:type\" content=\"article\" \/>\n<meta property=\"og:title\" content=\"Uruguay y Argentina se convierten en los primeros en ratificar el acuerdo Mercosur-UE - Sarmiento24h\" \/>\n<meta property=\"og:description\" content=\"En Montevideo, la C\u00e1mara de Representantes aprob\u00f3&#046;&#046;&#046;\" \/>\n<meta property=\"og:url\" content=\"https:\/\/sarmiento24h.com\/?p=31776\" \/>\n<meta property=\"og:site_name\" content=\"Sarmiento24h\" \/>\n<meta property=\"article:publisher\" content=\"https:\/\/facebook.com\/s24hnoticias\" \/>\n<meta property=\"article:published_time\" content=\"2026-02-26T22:55:06+00:00\" \/>\n<meta property=\"og:image\" content=\"https:\/\/sarmiento24h.com\/wp-content\/uploads\/2026\/02\/uruguay-y-argentina-se-convierten-en-los-primeros-en-ratificar-el-acuerdo-mercosur-ue.jpg\" \/>\n\t<meta property=\"og:image:width\" content=\"1280\" \/>\n\t<meta property=\"og:image:height\" content=\"720\" \/>\n\t<meta property=\"og:image:type\" content=\"image\/jpeg\" \/>\n<meta name=\"author\" content=\"sarmiento24h@gmail.com\" \/>\n<meta name=\"twitter:card\" content=\"summary_large_image\" \/>\n<meta name=\"twitter:creator\" content=\"@sarmiento24h\" \/>\n<meta name=\"twitter:site\" content=\"@sarmiento24h\" \/>\n<meta name=\"twitter:label1\" content=\"Escrito por\" \/>\n\t<meta name=\"twitter:data1\" content=\"sarmiento24h@gmail.com\" \/>\n\t<meta name=\"twitter:label2\" content=\"Tiempo de lectura\" \/>\n\t<meta name=\"twitter:data2\" content=\"3 minutos\" \/>\n<script type=\"application\/ld+json\" class=\"yoast-schema-graph\">{\"@context\":\"https:\\\/\\\/schema.org\",\"@graph\":[{\"@type\":\"Article\",\"@id\":\"https:\\\/\\\/sarmiento24h.com\\\/?p=31776#article\",\"isPartOf\":{\"@id\":\"https:\\\/\\\/sarmiento24h.com\\\/?p=31776\"},\"author\":{\"name\":\"sarmiento24h@gmail.com\",\"@id\":\"https:\\\/\\\/sarmiento24h.com\\\/#\\\/schema\\\/person\\\/d653a59725ad629a7e0429af7b939d4d\"},\"headline\":\"Uruguay y Argentina se convierten en los primeros en ratificar el acuerdo Mercosur-UE\",\"datePublished\":\"2026-02-26T22:55:06+00:00\",\"mainEntityOfPage\":{\"@id\":\"https:\\\/\\\/sarmiento24h.com\\\/?p=31776\"},\"wordCount\":693,\"publisher\":{\"@id\":\"https:\\\/\\\/sarmiento24h.com\\\/#organization\"},\"image\":{\"@id\":\"https:\\\/\\\/sarmiento24h.com\\\/?p=31776#primaryimage\"},\"thumbnailUrl\":\"https:\\\/\\\/sarmiento24h.com\\\/wp-content\\\/uploads\\\/2026\\\/02\\\/uruguay-y-argentina-se-convierten-en-los-primeros-en-ratificar-el-acuerdo-mercosur-ue.jpg\",\"articleSection\":[\"Internacionales\"],\"inLanguage\":\"es\"},{\"@type\":\"WebPage\",\"@id\":\"https:\\\/\\\/sarmiento24h.com\\\/?p=31776\",\"url\":\"https:\\\/\\\/sarmiento24h.com\\\/?p=31776\",\"name\":\"Uruguay y Argentina se convierten en los primeros en ratificar el acuerdo Mercosur-UE - Sarmiento24h\",\"isPartOf\":{\"@id\":\"https:\\\/\\\/sarmiento24h.com\\\/#website\"},\"primaryImageOfPage\":{\"@id\":\"https:\\\/\\\/sarmiento24h.com\\\/?p=31776#primaryimage\"},\"image\":{\"@id\":\"https:\\\/\\\/sarmiento24h.com\\\/?p=31776#primaryimage\"},\"thumbnailUrl\":\"https:\\\/\\\/sarmiento24h.com\\\/wp-content\\\/uploads\\\/2026\\\/02\\\/uruguay-y-argentina-se-convierten-en-los-primeros-en-ratificar-el-acuerdo-mercosur-ue.jpg\",\"datePublished\":\"2026-02-26T22:55:06+00:00\",\"breadcrumb\":{\"@id\":\"https:\\\/\\\/sarmiento24h.com\\\/?p=31776#breadcrumb\"},\"inLanguage\":\"es\",\"potentialAction\":[{\"@type\":\"ReadAction\",\"target\":[\"https:\\\/\\\/sarmiento24h.com\\\/?p=31776\"]}]},{\"@type\":\"ImageObject\",\"inLanguage\":\"es\",\"@id\":\"https:\\\/\\\/sarmiento24h.com\\\/?p=31776#primaryimage\",\"url\":\"https:\\\/\\\/sarmiento24h.com\\\/wp-content\\\/uploads\\\/2026\\\/02\\\/uruguay-y-argentina-se-convierten-en-los-primeros-en-ratificar-el-acuerdo-mercosur-ue.jpg\",\"contentUrl\":\"https:\\\/\\\/sarmiento24h.com\\\/wp-content\\\/uploads\\\/2026\\\/02\\\/uruguay-y-argentina-se-convierten-en-los-primeros-en-ratificar-el-acuerdo-mercosur-ue.jpg\",\"width\":1280,\"height\":720},{\"@type\":\"BreadcrumbList\",\"@id\":\"https:\\\/\\\/sarmiento24h.com\\\/?p=31776#breadcrumb\",\"itemListElement\":[{\"@type\":\"ListItem\",\"position\":1,\"name\":\"Home\",\"item\":\"https:\\\/\\\/sarmiento24h.com\\\/\"},{\"@type\":\"ListItem\",\"position\":2,\"name\":\"Uruguay y Argentina se convierten en los primeros en ratificar el acuerdo Mercosur-UE\"}]},{\"@type\":\"WebSite\",\"@id\":\"https:\\\/\\\/sarmiento24h.com\\\/#website\",\"url\":\"https:\\\/\\\/sarmiento24h.com\\\/\",\"name\":\"Sarmiento24h\",\"description\":\"\",\"publisher\":{\"@id\":\"https:\\\/\\\/sarmiento24h.com\\\/#organization\"},\"potentialAction\":[{\"@type\":\"SearchAction\",\"target\":{\"@type\":\"EntryPoint\",\"urlTemplate\":\"https:\\\/\\\/sarmiento24h.com\\\/?s={search_term_string}\"},\"query-input\":{\"@type\":\"PropertyValueSpecification\",\"valueRequired\":true,\"valueName\":\"search_term_string\"}}],\"inLanguage\":\"es\"},{\"@type\":\"Organization\",\"@id\":\"https:\\\/\\\/sarmiento24h.com\\\/#organization\",\"name\":\"Sarmiento24h\",\"url\":\"https:\\\/\\\/sarmiento24h.com\\\/\",\"logo\":{\"@type\":\"ImageObject\",\"inLanguage\":\"es\",\"@id\":\"https:\\\/\\\/sarmiento24h.com\\\/#\\\/schema\\\/logo\\\/image\\\/\",\"url\":\"https:\\\/\\\/sarmiento24h.com\\\/wp-content\\\/uploads\\\/2025\\\/12\\\/AddText_12-16-10.30.52.jpg\",\"contentUrl\":\"https:\\\/\\\/sarmiento24h.com\\\/wp-content\\\/uploads\\\/2025\\\/12\\\/AddText_12-16-10.30.52.jpg\",\"width\":1220,\"height\":324,\"caption\":\"Sarmiento24h\"},\"image\":{\"@id\":\"https:\\\/\\\/sarmiento24h.com\\\/#\\\/schema\\\/logo\\\/image\\\/\"},\"sameAs\":[\"https:\\\/\\\/facebook.com\\\/s24hnoticias\",\"https:\\\/\\\/x.com\\\/sarmiento24h\"]},{\"@type\":\"Person\",\"@id\":\"https:\\\/\\\/sarmiento24h.com\\\/#\\\/schema\\\/person\\\/d653a59725ad629a7e0429af7b939d4d\",\"name\":\"sarmiento24h@gmail.com\",\"image\":{\"@type\":\"ImageObject\",\"inLanguage\":\"es\",\"@id\":\"https:\\\/\\\/sarmiento24h.com\\\/wp-content\\\/litespeed\\\/avatar\\\/d02cbc4e23c747e6659cd45907173c8f.jpg?ver=1777157796\",\"url\":\"https:\\\/\\\/sarmiento24h.com\\\/wp-content\\\/litespeed\\\/avatar\\\/d02cbc4e23c747e6659cd45907173c8f.jpg?ver=1777157796\",\"contentUrl\":\"https:\\\/\\\/sarmiento24h.com\\\/wp-content\\\/litespeed\\\/avatar\\\/d02cbc4e23c747e6659cd45907173c8f.jpg?ver=1777157796\",\"caption\":\"sarmiento24h@gmail.com\"},\"sameAs\":[\"https:\\\/\\\/sarmiento24h.com\"],\"url\":\"https:\\\/\\\/sarmiento24h.com\\\/?author=1\"}]}<\/script>\n<!-- \/ Yoast SEO plugin. -->","yoast_head_json":{"title":"Uruguay y Argentina se convierten en los primeros en ratificar el acuerdo Mercosur-UE - Sarmiento24h","robots":{"index":"index","follow":"follow","max-snippet":"max-snippet:-1","max-image-preview":"max-image-preview:large","max-video-preview":"max-video-preview:-1"},"canonical":"https:\/\/sarmiento24h.com\/?p=31776","og_locale":"es_ES","og_type":"article","og_title":"Uruguay y Argentina se convierten en los primeros en ratificar el acuerdo Mercosur-UE - Sarmiento24h","og_description":"En Montevideo, la C\u00e1mara de Representantes aprob\u00f3&#46;&#46;&#46;","og_url":"https:\/\/sarmiento24h.com\/?p=31776","og_site_name":"Sarmiento24h","article_publisher":"https:\/\/facebook.com\/s24hnoticias","article_published_time":"2026-02-26T22:55:06+00:00","og_image":[{"width":1280,"height":720,"url":"https:\/\/sarmiento24h.com\/wp-content\/uploads\/2026\/02\/uruguay-y-argentina-se-convierten-en-los-primeros-en-ratificar-el-acuerdo-mercosur-ue.jpg","type":"image\/jpeg"}],"author":"sarmiento24h@gmail.com","twitter_card":"summary_large_image","twitter_creator":"@sarmiento24h","twitter_site":"@sarmiento24h","twitter_misc":{"Escrito por":"sarmiento24h@gmail.com","Tiempo de lectura":"3 minutos"},"schema":{"@context":"https:\/\/schema.org","@graph":[{"@type":"Article","@id":"https:\/\/sarmiento24h.com\/?p=31776#article","isPartOf":{"@id":"https:\/\/sarmiento24h.com\/?p=31776"},"author":{"name":"sarmiento24h@gmail.com","@id":"https:\/\/sarmiento24h.com\/#\/schema\/person\/d653a59725ad629a7e0429af7b939d4d"},"headline":"Uruguay y Argentina se convierten en los primeros en ratificar el acuerdo Mercosur-UE","datePublished":"2026-02-26T22:55:06+00:00","mainEntityOfPage":{"@id":"https:\/\/sarmiento24h.com\/?p=31776"},"wordCount":693,"publisher":{"@id":"https:\/\/sarmiento24h.com\/#organization"},"image":{"@id":"https:\/\/sarmiento24h.com\/?p=31776#primaryimage"},"thumbnailUrl":"https:\/\/sarmiento24h.com\/wp-content\/uploads\/2026\/02\/uruguay-y-argentina-se-convierten-en-los-primeros-en-ratificar-el-acuerdo-mercosur-ue.jpg","articleSection":["Internacionales"],"inLanguage":"es"},{"@type":"WebPage","@id":"https:\/\/sarmiento24h.com\/?p=31776","url":"https:\/\/sarmiento24h.com\/?p=31776","name":"Uruguay y Argentina se convierten en los primeros en ratificar el acuerdo Mercosur-UE - Sarmiento24h","isPartOf":{"@id":"https:\/\/sarmiento24h.com\/#website"},"primaryImageOfPage":{"@id":"https:\/\/sarmiento24h.com\/?p=31776#primaryimage"},"image":{"@id":"https:\/\/sarmiento24h.com\/?p=31776#primaryimage"},"thumbnailUrl":"https:\/\/sarmiento24h.com\/wp-content\/uploads\/2026\/02\/uruguay-y-argentina-se-convierten-en-los-primeros-en-ratificar-el-acuerdo-mercosur-ue.jpg","datePublished":"2026-02-26T22:55:06+00:00","breadcrumb":{"@id":"https:\/\/sarmiento24h.com\/?p=31776#breadcrumb"},"inLanguage":"es","potentialAction":[{"@type":"ReadAction","target":["https:\/\/sarmiento24h.com\/?p=31776"]}]},{"@type":"ImageObject","inLanguage":"es","@id":"https:\/\/sarmiento24h.com\/?p=31776#primaryimage","url":"https:\/\/sarmiento24h.com\/wp-content\/uploads\/2026\/02\/uruguay-y-argentina-se-convierten-en-los-primeros-en-ratificar-el-acuerdo-mercosur-ue.jpg","contentUrl":"https:\/\/sarmiento24h.com\/wp-content\/uploads\/2026\/02\/uruguay-y-argentina-se-convierten-en-los-primeros-en-ratificar-el-acuerdo-mercosur-ue.jpg","width":1280,"height":720},{"@type":"BreadcrumbList","@id":"https:\/\/sarmiento24h.com\/?p=31776#breadcrumb","itemListElement":[{"@type":"ListItem","position":1,"name":"Home","item":"https:\/\/sarmiento24h.com\/"},{"@type":"ListItem","position":2,"name":"Uruguay y Argentina se convierten en los primeros en ratificar el acuerdo Mercosur-UE"}]},{"@type":"WebSite","@id":"https:\/\/sarmiento24h.com\/#website","url":"https:\/\/sarmiento24h.com\/","name":"Sarmiento24h","description":"","publisher":{"@id":"https:\/\/sarmiento24h.com\/#organization"},"potentialAction":[{"@type":"SearchAction","target":{"@type":"EntryPoint","urlTemplate":"https:\/\/sarmiento24h.com\/?s={search_term_string}"},"query-input":{"@type":"PropertyValueSpecification","valueRequired":true,"valueName":"search_term_string"}}],"inLanguage":"es"},{"@type":"Organization","@id":"https:\/\/sarmiento24h.com\/#organization","name":"Sarmiento24h","url":"https:\/\/sarmiento24h.com\/","logo":{"@type":"ImageObject","inLanguage":"es","@id":"https:\/\/sarmiento24h.com\/#\/schema\/logo\/image\/","url":"https:\/\/sarmiento24h.com\/wp-content\/uploads\/2025\/12\/AddText_12-16-10.30.52.jpg","contentUrl":"https:\/\/sarmiento24h.com\/wp-content\/uploads\/2025\/12\/AddText_12-16-10.30.52.jpg","width":1220,"height":324,"caption":"Sarmiento24h"},"image":{"@id":"https:\/\/sarmiento24h.com\/#\/schema\/logo\/image\/"},"sameAs":["https:\/\/facebook.com\/s24hnoticias","https:\/\/x.com\/sarmiento24h"]},{"@type":"Person","@id":"https:\/\/sarmiento24h.com\/#\/schema\/person\/d653a59725ad629a7e0429af7b939d4d","name":"sarmiento24h@gmail.com","image":{"@type":"ImageObject","inLanguage":"es","@id":"https:\/\/sarmiento24h.com\/wp-content\/litespeed\/avatar\/d02cbc4e23c747e6659cd45907173c8f.jpg?ver=1777157796","url":"https:\/\/sarmiento24h.com\/wp-content\/litespeed\/avatar\/d02cbc4e23c747e6659cd45907173c8f.jpg?ver=1777157796","contentUrl":"https:\/\/sarmiento24h.com\/wp-content\/litespeed\/avatar\/d02cbc4e23c747e6659cd45907173c8f.jpg?ver=1777157796","caption":"sarmiento24h@gmail.com"},"sameAs":["https:\/\/sarmiento24h.com"],"url":"https:\/\/sarmiento24h.com\/?author=1"}]}},"jetpack_publicize_connections":[],"jetpack_featured_media_url":"https:\/\/sarmiento24h.com\/wp-content\/uploads\/2026\/02\/uruguay-y-argentina-se-convierten-en-los-primeros-en-ratificar-el-acuerdo-mercosur-ue.jpg","jetpack_sharing_enabled":true,"_links":{"self":[{"href":"https:\/\/sarmiento24h.com\/index.php?rest_route=\/wp\/v2\/posts\/31776","targetHints":{"allow":["GET"]}}],"collection":[{"href":"https:\/\/sarmiento24h.com\/index.php?rest_route=\/wp\/v2\/posts"}],"about":[{"href":"https:\/\/sarmiento24h.com\/index.php?rest_route=\/wp\/v2\/types\/post"}],"author":[{"embeddable":true,"href":"https:\/\/sarmiento24h.com\/index.php?rest_route=\/wp\/v2\/users\/1"}],"replies":[{"embeddable":true,"href":"https:\/\/sarmiento24h.com\/index.php?rest_route=%2Fwp%2Fv2%2Fcomments&post=31776"}],"version-history":[{"count":0,"href":"https:\/\/sarmiento24h.com\/index.php?rest_route=\/wp\/v2\/posts\/31776\/revisions"}],"wp:featuredmedia":[{"embeddable":true,"href":"https:\/\/sarmiento24h.com\/index.php?rest_route=\/wp\/v2\/media\/31777"}],"wp:attachment":[{"href":"https:\/\/sarmiento24h.com\/index.php?rest_route=%2Fwp%2Fv2%2Fmedia&parent=31776"}],"wp:term":[{"taxonomy":"category","embeddable":true,"href":"https:\/\/sarmiento24h.com\/index.php?rest_route=%2Fwp%2Fv2%2Fcategories&post=31776"},{"taxonomy":"post_tag","embeddable":true,"href":"https:\/\/sarmiento24h.com\/index.php?rest_route=%2Fwp%2Fv2%2Ftags&post=31776"}],"curies":[{"name":"wp","href":"https:\/\/api.w.org\/{rel}","templated":true}]}}