{"id":31780,"date":"2026-02-26T22:55:09","date_gmt":"2026-02-26T22:55:09","guid":{"rendered":"http:\/\/7d4cfeda-1360-11f1-89bf-aba31b0fe7b8"},"modified":"2026-02-26T22:55:09","modified_gmt":"2026-02-26T22:55:09","slug":"sahara-occidental-washington-intensifica-la-presion-para-imponer-el-plan-de-autonomia-marroqui","status":"publish","type":"post","link":"https:\/\/sarmiento24h.com\/?p=31780","title":{"rendered":"Sahara Occidental: Washington intensifica la presi\u00f3n para imponer el plan de autonom\u00eda marroqu\u00ed"},"content":{"rendered":"<div><img decoding=\"async\" src=\"https:\/\/sarmiento24h.com\/wp-content\/uploads\/2026\/02\/sahara-occidental-washington-intensifica-la-presion-para-imponer-el-plan-de-autonomia-marroqui.jpg\" class=\"ff-og-image-inserted\"><\/div>\n<p>Se trata de una secuencia diplom\u00e1tica tan intensa como discreta en un expediente que se prolonga desde hace 50 a\u00f1os: la autonom\u00eda del <a href=\"https:\/\/www.france24.com\/es\/tag\/sahara-occidental\/\" target=\"_self\" class=\"gtm-add-suggested-tag\">Sahara Occidental<\/a>. Tras una primera sesi\u00f3n de negociaciones en la embajada de <a href=\"https:\/\/www.france24.com\/es\/tag\/estados-unidos\/\" target=\"_self\" class=\"gtm-add-suggested-tag\">Estados Unidos<\/a> en <a href=\"https:\/\/www.france24.com\/es\/tag\/madrid\/\" target=\"_self\" class=\"gtm-add-suggested-tag\">Madrid<\/a>, Massad Boulos, enviado de <a href=\"https:\/\/www.france24.com\/es\/tag\/donald-trump\/\" target=\"_self\" class=\"gtm-add-suggested-tag\">Donald Trump<\/a> para <a href=\"https:\/\/www.france24.com\/es\/tag\/\u00e1frica\/\" target=\"_self\" class=\"gtm-add-suggested-tag\">\u00c1frica<\/a>, reuni\u00f3 en Washington los d\u00edas 23 y 24 de febrero a todas las partes implicadas: <a href=\"https:\/\/www.france24.com\/es\/tag\/marruecos\/\" target=\"_self\" class=\"gtm-add-suggested-tag\">Marruecos<\/a>, <a href=\"https:\/\/www.france24.com\/es\/tag\/argelia\/\" target=\"_self\" class=\"gtm-add-suggested-tag\">Argelia<\/a>, <a href=\"https:\/\/www.france24.com\/es\/tag\/mauritania\/\" target=\"_self\" class=\"gtm-add-suggested-tag\">Mauritania<\/a>, el <a href=\"https:\/\/www.france24.com\/es\/tag\/frente-polisario\/\" target=\"_self\" class=\"gtm-add-suggested-tag\">Frente Polisario<\/a>, as\u00ed como a Staffan de Mistura, enviado especial de la <a href=\"https:\/\/www.france24.com\/es\/tag\/onu\/\" target=\"_self\" class=\"gtm-add-suggested-tag\">ONU<\/a>.<\/p>\n<p>Aunque ha trascendido poca informaci\u00f3n sobre estos dos encuentros a puerta cerrada, el objetivo de <a href=\"https:\/\/www.france24.com\/es\/tag\/estados-unidos\/\" target=\"_self\" class=\"gtm-add-suggested-tag\">Estados Unidos<\/a> es claro: cerrar definitivamente la disputa que envenena las relaciones entre Rabat y Argel bas\u00e1ndose en el plan de autonom\u00eda marroqu\u00ed.<\/p>\n<p>El <a href=\"https:\/\/www.france24.com\/es\/tag\/sahara-occidental\/\" target=\"_self\" class=\"gtm-add-suggested-tag\">Sahara Occidental<\/a> es reclamado tanto por <a href=\"https:\/\/www.france24.com\/es\/tag\/marruecos\/\" target=\"_self\" class=\"gtm-add-suggested-tag\">Marruecos<\/a> como por la <a href=\"https:\/\/www.france24.com\/es\/tag\/rep\u00fablica-\u00e1rabe-saharaui-democr\u00e1tica\/\" target=\"_self\" class=\"gtm-add-suggested-tag\">Rep\u00fablica \u00c1rabe Saharaui Democr\u00e1tica<\/a> (RASD), proclamada por el Frente Polisario en 1976. Este \u00faltimo persigue la independencia total del territorio, una reivindicaci\u00f3n respaldada por <a href=\"https:\/\/www.france24.com\/es\/tag\/argelia\/\" target=\"_self\" class=\"gtm-add-suggested-tag\">Argelia<\/a>.<\/p>\n<p>Con una extensi\u00f3n de 40 p\u00e1ginas, el plan prev\u00e9 la creaci\u00f3n de una regi\u00f3n aut\u00f3noma dotada de un gobierno, un parlamento y un sistema judicial con competencias propias. <a href=\"https:\/\/www.france24.com\/es\/tag\/marruecos\/\" target=\"_self\" class=\"gtm-add-suggested-tag\">Marruecos<\/a>, por su parte, mantendr\u00eda el control de los poderes soberanos: la moneda, la defensa, la pol\u00edtica exterior y los s\u00edmbolos de <a href=\"https:\/\/www.france24.com\/es\/tag\/soberan\u00eda\/\" target=\"_self\" class=\"gtm-add-suggested-tag\">soberan\u00eda<\/a>, como la bandera o el himno.<\/p>\n<p>El documento incluye adem\u00e1s un apartado dedicado a la \u201creconciliaci\u00f3n\u201d y al retorno de las poblaciones, en particular de los refugiados de los campamentos gestionados por los independentistas del <a href=\"https:\/\/www.france24.com\/es\/tag\/frente-polisario\/\" target=\"_self\" class=\"gtm-add-suggested-tag\">Frente Polisario<\/a>. Seg\u00fan el texto, los combatientes se beneficiar\u00edan de una \u201camnist\u00eda\u201d, aunque quedar\u00edan excluidos los cr\u00edmenes contemplados por el derecho internacional.<\/p>\n<p>Desde 1975 y la anexi\u00f3n por parte de Rabat de gran parte del territorio, cerca de 180.000 saharauis sobreviven en condiciones precarias en campamentos \u2014entre los m\u00e1s antiguos de \u00c1frica\u2014 cerca de la ciudad argelina de Tinduf.<\/p>\n<p>Al imponer este plan presentado en <a href=\"https:\/\/www.france24.com\/es\/tag\/madrid\/\" target=\"_self\" class=\"gtm-add-suggested-tag\">Madrid<\/a> como \u00fanica base de discusi\u00f3n, la administraci\u00f3n Trump entierra de facto el proyecto de refer\u00e9ndum de autodeterminaci\u00f3n previsto por la <a href=\"https:\/\/www.france24.com\/es\/tag\/onu\/\" target=\"_self\" class=\"gtm-add-suggested-tag\">ONU<\/a> y reclamado desde hace d\u00e9cadas por el <a href=\"https:\/\/www.france24.com\/es\/tag\/frente-polisario\/\" target=\"_self\" class=\"gtm-add-suggested-tag\">Frente Polisario<\/a>, con el respaldo de <a href=\"https:\/\/www.france24.com\/es\/tag\/argelia\/\" target=\"_self\" class=\"gtm-add-suggested-tag\">Argelia<\/a>. La autonom\u00eda propuesta por <a href=\"https:\/\/www.france24.com\/es\/tag\/marruecos\/\" target=\"_self\" class=\"gtm-add-suggested-tag\">Marruecos<\/a> no est\u00e1 concebida como una etapa hacia la independencia, sino como una soluci\u00f3n definitiva, subraya el medio independiente \u2018Orient XXI\u2019.<\/p>\n<h2><strong>\u201cUna ayuda valiosa\u201d de Argelia<\/strong><\/h2>\n<p>Esta secuencia diplom\u00e1tica confirma una din\u00e1mica especialmente favorable a Rabat. A finales de octubre, el <a href=\"https:\/\/www.france24.com\/es\/tag\/consejo-de-seguridad-de-la-onu\/\" target=\"_self\" class=\"gtm-add-suggested-tag\">Consejo de Seguridad de la ONU<\/a> adopt\u00f3 la resoluci\u00f3n 2797, que valida la iniciativa marroqu\u00ed como \u201cla base de una soluci\u00f3n justa, duradera y mutuamente aceptable del conflicto\u201d del <a href=\"https:\/\/www.france24.com\/es\/tag\/sahara-occidental\/\" target=\"_self\" class=\"gtm-add-suggested-tag\">Sahara Occidental<\/a>. Antes de ello, <a href=\"https:\/\/www.france24.com\/es\/tag\/estados-unidos\/\" target=\"_self\" class=\"gtm-add-suggested-tag\">Estados Unidos<\/a> y luego <a href=\"https:\/\/www.france24.com\/es\/tag\/francia\/\" target=\"_self\" class=\"gtm-add-suggested-tag\">Francia<\/a> reconocieron la <a href=\"https:\/\/www.france24.com\/es\/tag\/soberan\u00eda\/\" target=\"_self\" class=\"gtm-add-suggested-tag\">soberan\u00eda<\/a> de <a href=\"https:\/\/www.france24.com\/es\/tag\/marruecos\/\" target=\"_self\" class=\"gtm-add-suggested-tag\">Marruecos<\/a> sobre esta vasta regi\u00f3n des\u00e9rtica de 266.000 km\u00b2.<\/p>\n<p><a href=\"https:\/\/www.france24.com\/es\/tag\/marruecos\/\" target=\"_self\" class=\"gtm-add-suggested-tag\">Marruecos<\/a> y <a href=\"https:\/\/www.france24.com\/es\/tag\/estados-unidos\/\" target=\"_self\" class=\"gtm-add-suggested-tag\">Estados Unidos<\/a> mantienen v\u00ednculos diplom\u00e1ticos y militares muy estrechos. El rey Mohamed VI fue uno de los primeros jefes de Estado en incorporarse al Consejo de la <a href=\"https:\/\/www.france24.com\/es\/tag\/paz\/\" target=\"_self\" class=\"gtm-add-suggested-tag\">Paz<\/a> del presidente estadounidense como miembro permanente. Principal comprador de material militar estadounidense en <a href=\"https:\/\/www.france24.com\/es\/tag\/\u00e1frica\/\" target=\"_self\" class=\"gtm-add-suggested-tag\">\u00c1frica<\/a>, Rabat acaba de celebrar los 250 a\u00f1os de una relaci\u00f3n bilateral sin sobresaltos.<\/p>\n<p>No obstante, pese a esta proximidad hist\u00f3rica, la Administraci\u00f3n Trump rechaza cualquier parcialidad en estas negociaciones. \u201cActuamos actualmente bajo el paraguas de la resoluci\u00f3n 2797 y lo que puedo decir es que <a href=\"https:\/\/www.france24.com\/es\/tag\/argelia\/\" target=\"_self\" class=\"gtm-add-suggested-tag\">Argelia<\/a> presta una ayuda valiosa y se comporta como un excelente socio, al menos como siempre lo ha sido con la actual administraci\u00f3n Trump\u201d, asegura Massad Boulos en una entrevista concedida a <a href=\"https:\/\/www.france24.com\/es\/tag\/france-24\/\" target=\"_self\" class=\"gtm-add-suggested-tag\">France 24<\/a>.<\/p>\n<p>En realidad, <a href=\"https:\/\/www.france24.com\/es\/tag\/argelia\/\" target=\"_self\" class=\"gtm-add-suggested-tag\">Argelia<\/a> podr\u00eda haber sufrido una fuerte presi\u00f3n estadounidense para sentarse a la mesa de negociaciones, seg\u00fan Riccardo Fabiani, director para el norte de <a href=\"https:\/\/www.france24.com\/es\/tag\/\u00e1frica\/\" target=\"_self\" class=\"gtm-add-suggested-tag\">\u00c1frica<\/a> del International Crisis Group. Washington hace pesar, en particular, la amenaza de sanciones contra Argel debido a la compra de cazas rusos Su-35 y Su-57. Otra espada de Damocles sobre <a href=\"https:\/\/www.france24.com\/es\/tag\/argelia\/\" target=\"_self\" class=\"gtm-add-suggested-tag\">Argelia<\/a> es un <a href=\"https:\/\/www.france24.com\/es\/tag\/proyecto-de-ley\/\" target=\"_self\" class=\"gtm-add-suggested-tag\">proyecto de ley<\/a> actualmente en estudio en el <a href=\"https:\/\/www.france24.com\/es\/tag\/congreso\/\" target=\"_self\" class=\"gtm-add-suggested-tag\">Congreso<\/a> estadounidense para clasificar al Polisario como organizaci\u00f3n terrorista.<\/p>\n<p>\u201cArgelia tambi\u00e9n ha calculado que participar en estas negociaciones es una forma de seguir cultivando buenas relaciones con un socio imprescindible en un momento en que Argel se encuentra bastante aislado tras una serie de crisis diplom\u00e1ticas con <a href=\"https:\/\/www.france24.com\/es\/tag\/francia\/\" target=\"_self\" class=\"gtm-add-suggested-tag\">Francia<\/a>, <a href=\"https:\/\/www.france24.com\/es\/tag\/marruecos\/\" target=\"_self\" class=\"gtm-add-suggested-tag\">Marruecos<\/a>, Mal\u00ed y Espa\u00f1a\u201d, analiza el experto.<\/p>\n<h2><strong>Un acuerdo marco previsto para la primavera<\/strong><\/h2>\n<p>Entre bambalinas, <a href=\"https:\/\/www.france24.com\/es\/tag\/argelia\/\" target=\"_self\" class=\"gtm-add-suggested-tag\">Argelia<\/a> sigue manifestando su desacuerdo con el plan marroqu\u00ed, en particular sobre el m\u00e9todo de designaci\u00f3n del pr\u00f3ximo ejecutivo regional del <a href=\"https:\/\/www.france24.com\/es\/tag\/sahara-occidental\/\" target=\"_self\" class=\"gtm-add-suggested-tag\">Sahara Occidental<\/a>. Rabat quiere que sea nombrado e investido por el rey Mohamed VI, mientras que el <a href=\"https:\/\/www.france24.com\/es\/tag\/frente-polisario\/\" target=\"_self\" class=\"gtm-add-suggested-tag\">Frente Polisario<\/a> exige que sea elegido. La cuesti\u00f3n de una fiscalidad espec\u00edfica para la regi\u00f3n tambi\u00e9n agita el debate.<\/p>\n<p>Otro punto de fricci\u00f3n: la <a href=\"https:\/\/www.france24.com\/es\/tag\/integraci\u00f3n\/\" target=\"_self\" class=\"gtm-add-suggested-tag\">integraci\u00f3n<\/a> de una regi\u00f3n con alg\u00fan tipo de autonom\u00eda implicar\u00eda una modificaci\u00f3n de la <a href=\"https:\/\/www.france24.com\/es\/tag\/constituci\u00f3n\/\" target=\"_self\" class=\"gtm-add-suggested-tag\">Constituci\u00f3n<\/a> marroqu\u00ed mediante refer\u00e9ndum. Sin embargo, Rabat pretende que participe en \u00e9l todo el cuerpo electoral marroqu\u00ed, y no \u00fanicamente las poblaciones del S\u00e1hara, se\u00f1ala Jeune Afrique.<\/p>\n<p>Adem\u00e1s, la cuesti\u00f3n central de la autodeterminaci\u00f3n sigue sin resolverse. \u201cPara <a href=\"https:\/\/www.france24.com\/es\/tag\/argelia\/\" target=\"_self\" class=\"gtm-add-suggested-tag\">Argelia<\/a> y el Polisario, la autodeterminaci\u00f3n equivale a dar al pueblo saharaui la posibilidad de elegir entre autonom\u00eda, integraci\u00f3n o, sobre todo, independencia. Y eso es algo a lo que los marroqu\u00edes se oponen totalmente, y dudo que Argel sea flexible en este punto\u201d, indica Riccardo Fabiani.<\/p>\n<p>Por \u00faltimo, m\u00e1s all\u00e1 de estas consideraciones jur\u00eddicas, la diluci\u00f3n de la identidad saharaui, privada de bandera y de himno, constituye un nuevo motivo de tensi\u00f3n entre las partes.<\/p>\n<p>\u201cEl <a href=\"https:\/\/www.france24.com\/es\/tag\/frente-polisario\/\" target=\"_self\" class=\"gtm-add-suggested-tag\">Frente Polisario<\/a> aspira al mayor grado de autonom\u00eda posible, pero su margen de maniobra en las negociaciones parece limitado, en particular por el acercamiento marroqu\u00ed-estadounidense\u201d, resume la polit\u00f3loga Khadija Mohsen Fannan, entrevistada por France 24 en \u00e1rabe.<\/p>\n<p>Por su parte, Washington parece decidido a avanzar r\u00e1pidamente. Seg\u00fan varios medios, la firma de un acuerdo marco se contempla ya para la primavera. \u201cEl presidente Trump se ha implicado en este expediente desde su primer mandato\u201d, afirma Massad Boulos, recordando que <a href=\"https:\/\/www.france24.com\/es\/tag\/estados-unidos\/\" target=\"_self\" class=\"gtm-add-suggested-tag\">Estados Unidos<\/a> reconoci\u00f3 en 2020 la soberan\u00eda de Rabat sobre el S\u00e1hara Occidental a cambio del establecimiento de relaciones diplom\u00e1ticas con <a href=\"https:\/\/www.france24.com\/es\/tag\/israel\/\" target=\"_self\" class=\"gtm-add-suggested-tag\">Israel<\/a>.<\/p>\n<p>\u201cEl entusiasmo estadounidense por el <a href=\"https:\/\/www.france24.com\/es\/tag\/sahara-occidental\/\" target=\"_self\" class=\"gtm-add-suggested-tag\">Sahara Occidental<\/a> sigue siendo bastante misterioso\u201d, estima Riccardo Fabiani. \u201cUna de las explicaciones tiene que ver con la explotaci\u00f3n de los recursos mineros del territorio. La otra estar\u00eda relacionada con una competencia entre los enviados especiales de Trump para ofrecerle acuerdos y reforzar su imagen de hombre de paz\u201d.<\/p>\n<p>*Este art\u00edculo fue adaptado de su original <a href=\"https:\/\/www.france24.com\/fr\/afrique\/20260226-sahara-occidental-trump-accentue-la-pression-plan-autonomie-maroc-alg\u00e9rie-front-polisario\" target=\"_self\">en franc\u00e9s<\/a><\/p>\n","protected":false},"excerpt":{"rendered":"<p>Se trata de una secuencia diplom\u00e1tica tan&#46;&#46;&#46;<\/p>\n","protected":false},"author":1,"featured_media":31781,"comment_status":"closed","ping_status":"closed","sticky":false,"template":"","format":"standard","meta":{"_jetpack_memberships_contains_paid_content":false,"footnotes":"","jetpack_publicize_message":"","jetpack_publicize_feature_enabled":true,"jetpack_social_post_already_shared":true,"jetpack_social_options":{"image_generator_settings":{"template":"highway","default_image_id":0,"font":"","enabled":false},"version":2}},"categories":[43],"tags":[],"class_list":["post-31780","post","type-post","status-publish","format-standard","has-post-thumbnail","hentry","category-internacionales"],"yoast_head":"<!-- This site is optimized with the Yoast SEO plugin v27.3 - https:\/\/yoast.com\/product\/yoast-seo-wordpress\/ -->\n<title>Sahara Occidental: Washington intensifica la presi\u00f3n para imponer el plan de autonom\u00eda marroqu\u00ed - Sarmiento24h<\/title>\n<meta name=\"robots\" content=\"index, follow, max-snippet:-1, max-image-preview:large, max-video-preview:-1\" \/>\n<link rel=\"canonical\" href=\"https:\/\/sarmiento24h.com\/?p=31780\" \/>\n<meta property=\"og:locale\" content=\"es_ES\" \/>\n<meta property=\"og:type\" content=\"article\" \/>\n<meta property=\"og:title\" content=\"Sahara Occidental: Washington intensifica la presi\u00f3n para imponer el plan de autonom\u00eda marroqu\u00ed - Sarmiento24h\" \/>\n<meta property=\"og:description\" content=\"Se trata de una secuencia diplom\u00e1tica tan&#046;&#046;&#046;\" \/>\n<meta property=\"og:url\" content=\"https:\/\/sarmiento24h.com\/?p=31780\" \/>\n<meta property=\"og:site_name\" content=\"Sarmiento24h\" \/>\n<meta property=\"article:publisher\" content=\"https:\/\/facebook.com\/s24hnoticias\" \/>\n<meta property=\"article:published_time\" content=\"2026-02-26T22:55:09+00:00\" \/>\n<meta property=\"og:image\" content=\"https:\/\/sarmiento24h.com\/wp-content\/uploads\/2026\/02\/sahara-occidental-washington-intensifica-la-presion-para-imponer-el-plan-de-autonomia-marroqui.jpg\" \/>\n\t<meta property=\"og:image:width\" content=\"1280\" \/>\n\t<meta property=\"og:image:height\" content=\"720\" \/>\n\t<meta property=\"og:image:type\" content=\"image\/jpeg\" \/>\n<meta name=\"author\" content=\"sarmiento24h@gmail.com\" \/>\n<meta name=\"twitter:card\" content=\"summary_large_image\" \/>\n<meta name=\"twitter:creator\" content=\"@sarmiento24h\" \/>\n<meta name=\"twitter:site\" content=\"@sarmiento24h\" \/>\n<meta name=\"twitter:label1\" content=\"Escrito por\" \/>\n\t<meta name=\"twitter:data1\" content=\"sarmiento24h@gmail.com\" \/>\n\t<meta name=\"twitter:label2\" content=\"Tiempo de lectura\" \/>\n\t<meta name=\"twitter:data2\" content=\"6 minutos\" \/>\n<script type=\"application\/ld+json\" class=\"yoast-schema-graph\">{\"@context\":\"https:\\\/\\\/schema.org\",\"@graph\":[{\"@type\":\"Article\",\"@id\":\"https:\\\/\\\/sarmiento24h.com\\\/?p=31780#article\",\"isPartOf\":{\"@id\":\"https:\\\/\\\/sarmiento24h.com\\\/?p=31780\"},\"author\":{\"name\":\"sarmiento24h@gmail.com\",\"@id\":\"https:\\\/\\\/sarmiento24h.com\\\/#\\\/schema\\\/person\\\/d653a59725ad629a7e0429af7b939d4d\"},\"headline\":\"Sahara Occidental: Washington intensifica la presi\u00f3n para imponer el plan de autonom\u00eda marroqu\u00ed\",\"datePublished\":\"2026-02-26T22:55:09+00:00\",\"mainEntityOfPage\":{\"@id\":\"https:\\\/\\\/sarmiento24h.com\\\/?p=31780\"},\"wordCount\":1146,\"publisher\":{\"@id\":\"https:\\\/\\\/sarmiento24h.com\\\/#organization\"},\"image\":{\"@id\":\"https:\\\/\\\/sarmiento24h.com\\\/?p=31780#primaryimage\"},\"thumbnailUrl\":\"https:\\\/\\\/sarmiento24h.com\\\/wp-content\\\/uploads\\\/2026\\\/02\\\/sahara-occidental-washington-intensifica-la-presion-para-imponer-el-plan-de-autonomia-marroqui.jpg\",\"articleSection\":[\"Internacionales\"],\"inLanguage\":\"es\"},{\"@type\":\"WebPage\",\"@id\":\"https:\\\/\\\/sarmiento24h.com\\\/?p=31780\",\"url\":\"https:\\\/\\\/sarmiento24h.com\\\/?p=31780\",\"name\":\"Sahara Occidental: Washington intensifica la presi\u00f3n para imponer el plan de autonom\u00eda marroqu\u00ed - Sarmiento24h\",\"isPartOf\":{\"@id\":\"https:\\\/\\\/sarmiento24h.com\\\/#website\"},\"primaryImageOfPage\":{\"@id\":\"https:\\\/\\\/sarmiento24h.com\\\/?p=31780#primaryimage\"},\"image\":{\"@id\":\"https:\\\/\\\/sarmiento24h.com\\\/?p=31780#primaryimage\"},\"thumbnailUrl\":\"https:\\\/\\\/sarmiento24h.com\\\/wp-content\\\/uploads\\\/2026\\\/02\\\/sahara-occidental-washington-intensifica-la-presion-para-imponer-el-plan-de-autonomia-marroqui.jpg\",\"datePublished\":\"2026-02-26T22:55:09+00:00\",\"breadcrumb\":{\"@id\":\"https:\\\/\\\/sarmiento24h.com\\\/?p=31780#breadcrumb\"},\"inLanguage\":\"es\",\"potentialAction\":[{\"@type\":\"ReadAction\",\"target\":[\"https:\\\/\\\/sarmiento24h.com\\\/?p=31780\"]}]},{\"@type\":\"ImageObject\",\"inLanguage\":\"es\",\"@id\":\"https:\\\/\\\/sarmiento24h.com\\\/?p=31780#primaryimage\",\"url\":\"https:\\\/\\\/sarmiento24h.com\\\/wp-content\\\/uploads\\\/2026\\\/02\\\/sahara-occidental-washington-intensifica-la-presion-para-imponer-el-plan-de-autonomia-marroqui.jpg\",\"contentUrl\":\"https:\\\/\\\/sarmiento24h.com\\\/wp-content\\\/uploads\\\/2026\\\/02\\\/sahara-occidental-washington-intensifica-la-presion-para-imponer-el-plan-de-autonomia-marroqui.jpg\",\"width\":1280,\"height\":720},{\"@type\":\"BreadcrumbList\",\"@id\":\"https:\\\/\\\/sarmiento24h.com\\\/?p=31780#breadcrumb\",\"itemListElement\":[{\"@type\":\"ListItem\",\"position\":1,\"name\":\"Home\",\"item\":\"https:\\\/\\\/sarmiento24h.com\\\/\"},{\"@type\":\"ListItem\",\"position\":2,\"name\":\"Sahara Occidental: Washington intensifica la presi\u00f3n para imponer el plan de autonom\u00eda marroqu\u00ed\"}]},{\"@type\":\"WebSite\",\"@id\":\"https:\\\/\\\/sarmiento24h.com\\\/#website\",\"url\":\"https:\\\/\\\/sarmiento24h.com\\\/\",\"name\":\"Sarmiento24h\",\"description\":\"\",\"publisher\":{\"@id\":\"https:\\\/\\\/sarmiento24h.com\\\/#organization\"},\"potentialAction\":[{\"@type\":\"SearchAction\",\"target\":{\"@type\":\"EntryPoint\",\"urlTemplate\":\"https:\\\/\\\/sarmiento24h.com\\\/?s={search_term_string}\"},\"query-input\":{\"@type\":\"PropertyValueSpecification\",\"valueRequired\":true,\"valueName\":\"search_term_string\"}}],\"inLanguage\":\"es\"},{\"@type\":\"Organization\",\"@id\":\"https:\\\/\\\/sarmiento24h.com\\\/#organization\",\"name\":\"Sarmiento24h\",\"url\":\"https:\\\/\\\/sarmiento24h.com\\\/\",\"logo\":{\"@type\":\"ImageObject\",\"inLanguage\":\"es\",\"@id\":\"https:\\\/\\\/sarmiento24h.com\\\/#\\\/schema\\\/logo\\\/image\\\/\",\"url\":\"https:\\\/\\\/sarmiento24h.com\\\/wp-content\\\/uploads\\\/2025\\\/12\\\/AddText_12-16-10.30.52.jpg\",\"contentUrl\":\"https:\\\/\\\/sarmiento24h.com\\\/wp-content\\\/uploads\\\/2025\\\/12\\\/AddText_12-16-10.30.52.jpg\",\"width\":1220,\"height\":324,\"caption\":\"Sarmiento24h\"},\"image\":{\"@id\":\"https:\\\/\\\/sarmiento24h.com\\\/#\\\/schema\\\/logo\\\/image\\\/\"},\"sameAs\":[\"https:\\\/\\\/facebook.com\\\/s24hnoticias\",\"https:\\\/\\\/x.com\\\/sarmiento24h\"]},{\"@type\":\"Person\",\"@id\":\"https:\\\/\\\/sarmiento24h.com\\\/#\\\/schema\\\/person\\\/d653a59725ad629a7e0429af7b939d4d\",\"name\":\"sarmiento24h@gmail.com\",\"image\":{\"@type\":\"ImageObject\",\"inLanguage\":\"es\",\"@id\":\"https:\\\/\\\/sarmiento24h.com\\\/wp-content\\\/litespeed\\\/avatar\\\/d02cbc4e23c747e6659cd45907173c8f.jpg?ver=1777157796\",\"url\":\"https:\\\/\\\/sarmiento24h.com\\\/wp-content\\\/litespeed\\\/avatar\\\/d02cbc4e23c747e6659cd45907173c8f.jpg?ver=1777157796\",\"contentUrl\":\"https:\\\/\\\/sarmiento24h.com\\\/wp-content\\\/litespeed\\\/avatar\\\/d02cbc4e23c747e6659cd45907173c8f.jpg?ver=1777157796\",\"caption\":\"sarmiento24h@gmail.com\"},\"sameAs\":[\"https:\\\/\\\/sarmiento24h.com\"],\"url\":\"https:\\\/\\\/sarmiento24h.com\\\/?author=1\"}]}<\/script>\n<!-- \/ Yoast SEO plugin. -->","yoast_head_json":{"title":"Sahara Occidental: Washington intensifica la presi\u00f3n para imponer el plan de autonom\u00eda marroqu\u00ed - Sarmiento24h","robots":{"index":"index","follow":"follow","max-snippet":"max-snippet:-1","max-image-preview":"max-image-preview:large","max-video-preview":"max-video-preview:-1"},"canonical":"https:\/\/sarmiento24h.com\/?p=31780","og_locale":"es_ES","og_type":"article","og_title":"Sahara Occidental: Washington intensifica la presi\u00f3n para imponer el plan de autonom\u00eda marroqu\u00ed - Sarmiento24h","og_description":"Se trata de una secuencia diplom\u00e1tica tan&#46;&#46;&#46;","og_url":"https:\/\/sarmiento24h.com\/?p=31780","og_site_name":"Sarmiento24h","article_publisher":"https:\/\/facebook.com\/s24hnoticias","article_published_time":"2026-02-26T22:55:09+00:00","og_image":[{"width":1280,"height":720,"url":"https:\/\/sarmiento24h.com\/wp-content\/uploads\/2026\/02\/sahara-occidental-washington-intensifica-la-presion-para-imponer-el-plan-de-autonomia-marroqui.jpg","type":"image\/jpeg"}],"author":"sarmiento24h@gmail.com","twitter_card":"summary_large_image","twitter_creator":"@sarmiento24h","twitter_site":"@sarmiento24h","twitter_misc":{"Escrito por":"sarmiento24h@gmail.com","Tiempo de lectura":"6 minutos"},"schema":{"@context":"https:\/\/schema.org","@graph":[{"@type":"Article","@id":"https:\/\/sarmiento24h.com\/?p=31780#article","isPartOf":{"@id":"https:\/\/sarmiento24h.com\/?p=31780"},"author":{"name":"sarmiento24h@gmail.com","@id":"https:\/\/sarmiento24h.com\/#\/schema\/person\/d653a59725ad629a7e0429af7b939d4d"},"headline":"Sahara Occidental: Washington intensifica la presi\u00f3n para imponer el plan de autonom\u00eda marroqu\u00ed","datePublished":"2026-02-26T22:55:09+00:00","mainEntityOfPage":{"@id":"https:\/\/sarmiento24h.com\/?p=31780"},"wordCount":1146,"publisher":{"@id":"https:\/\/sarmiento24h.com\/#organization"},"image":{"@id":"https:\/\/sarmiento24h.com\/?p=31780#primaryimage"},"thumbnailUrl":"https:\/\/sarmiento24h.com\/wp-content\/uploads\/2026\/02\/sahara-occidental-washington-intensifica-la-presion-para-imponer-el-plan-de-autonomia-marroqui.jpg","articleSection":["Internacionales"],"inLanguage":"es"},{"@type":"WebPage","@id":"https:\/\/sarmiento24h.com\/?p=31780","url":"https:\/\/sarmiento24h.com\/?p=31780","name":"Sahara Occidental: Washington intensifica la presi\u00f3n para imponer el plan de autonom\u00eda marroqu\u00ed - Sarmiento24h","isPartOf":{"@id":"https:\/\/sarmiento24h.com\/#website"},"primaryImageOfPage":{"@id":"https:\/\/sarmiento24h.com\/?p=31780#primaryimage"},"image":{"@id":"https:\/\/sarmiento24h.com\/?p=31780#primaryimage"},"thumbnailUrl":"https:\/\/sarmiento24h.com\/wp-content\/uploads\/2026\/02\/sahara-occidental-washington-intensifica-la-presion-para-imponer-el-plan-de-autonomia-marroqui.jpg","datePublished":"2026-02-26T22:55:09+00:00","breadcrumb":{"@id":"https:\/\/sarmiento24h.com\/?p=31780#breadcrumb"},"inLanguage":"es","potentialAction":[{"@type":"ReadAction","target":["https:\/\/sarmiento24h.com\/?p=31780"]}]},{"@type":"ImageObject","inLanguage":"es","@id":"https:\/\/sarmiento24h.com\/?p=31780#primaryimage","url":"https:\/\/sarmiento24h.com\/wp-content\/uploads\/2026\/02\/sahara-occidental-washington-intensifica-la-presion-para-imponer-el-plan-de-autonomia-marroqui.jpg","contentUrl":"https:\/\/sarmiento24h.com\/wp-content\/uploads\/2026\/02\/sahara-occidental-washington-intensifica-la-presion-para-imponer-el-plan-de-autonomia-marroqui.jpg","width":1280,"height":720},{"@type":"BreadcrumbList","@id":"https:\/\/sarmiento24h.com\/?p=31780#breadcrumb","itemListElement":[{"@type":"ListItem","position":1,"name":"Home","item":"https:\/\/sarmiento24h.com\/"},{"@type":"ListItem","position":2,"name":"Sahara Occidental: Washington intensifica la presi\u00f3n para imponer el plan de autonom\u00eda marroqu\u00ed"}]},{"@type":"WebSite","@id":"https:\/\/sarmiento24h.com\/#website","url":"https:\/\/sarmiento24h.com\/","name":"Sarmiento24h","description":"","publisher":{"@id":"https:\/\/sarmiento24h.com\/#organization"},"potentialAction":[{"@type":"SearchAction","target":{"@type":"EntryPoint","urlTemplate":"https:\/\/sarmiento24h.com\/?s={search_term_string}"},"query-input":{"@type":"PropertyValueSpecification","valueRequired":true,"valueName":"search_term_string"}}],"inLanguage":"es"},{"@type":"Organization","@id":"https:\/\/sarmiento24h.com\/#organization","name":"Sarmiento24h","url":"https:\/\/sarmiento24h.com\/","logo":{"@type":"ImageObject","inLanguage":"es","@id":"https:\/\/sarmiento24h.com\/#\/schema\/logo\/image\/","url":"https:\/\/sarmiento24h.com\/wp-content\/uploads\/2025\/12\/AddText_12-16-10.30.52.jpg","contentUrl":"https:\/\/sarmiento24h.com\/wp-content\/uploads\/2025\/12\/AddText_12-16-10.30.52.jpg","width":1220,"height":324,"caption":"Sarmiento24h"},"image":{"@id":"https:\/\/sarmiento24h.com\/#\/schema\/logo\/image\/"},"sameAs":["https:\/\/facebook.com\/s24hnoticias","https:\/\/x.com\/sarmiento24h"]},{"@type":"Person","@id":"https:\/\/sarmiento24h.com\/#\/schema\/person\/d653a59725ad629a7e0429af7b939d4d","name":"sarmiento24h@gmail.com","image":{"@type":"ImageObject","inLanguage":"es","@id":"https:\/\/sarmiento24h.com\/wp-content\/litespeed\/avatar\/d02cbc4e23c747e6659cd45907173c8f.jpg?ver=1777157796","url":"https:\/\/sarmiento24h.com\/wp-content\/litespeed\/avatar\/d02cbc4e23c747e6659cd45907173c8f.jpg?ver=1777157796","contentUrl":"https:\/\/sarmiento24h.com\/wp-content\/litespeed\/avatar\/d02cbc4e23c747e6659cd45907173c8f.jpg?ver=1777157796","caption":"sarmiento24h@gmail.com"},"sameAs":["https:\/\/sarmiento24h.com"],"url":"https:\/\/sarmiento24h.com\/?author=1"}]}},"jetpack_publicize_connections":[],"jetpack_featured_media_url":"https:\/\/sarmiento24h.com\/wp-content\/uploads\/2026\/02\/sahara-occidental-washington-intensifica-la-presion-para-imponer-el-plan-de-autonomia-marroqui.jpg","jetpack_sharing_enabled":true,"_links":{"self":[{"href":"https:\/\/sarmiento24h.com\/index.php?rest_route=\/wp\/v2\/posts\/31780","targetHints":{"allow":["GET"]}}],"collection":[{"href":"https:\/\/sarmiento24h.com\/index.php?rest_route=\/wp\/v2\/posts"}],"about":[{"href":"https:\/\/sarmiento24h.com\/index.php?rest_route=\/wp\/v2\/types\/post"}],"author":[{"embeddable":true,"href":"https:\/\/sarmiento24h.com\/index.php?rest_route=\/wp\/v2\/users\/1"}],"replies":[{"embeddable":true,"href":"https:\/\/sarmiento24h.com\/index.php?rest_route=%2Fwp%2Fv2%2Fcomments&post=31780"}],"version-history":[{"count":0,"href":"https:\/\/sarmiento24h.com\/index.php?rest_route=\/wp\/v2\/posts\/31780\/revisions"}],"wp:featuredmedia":[{"embeddable":true,"href":"https:\/\/sarmiento24h.com\/index.php?rest_route=\/wp\/v2\/media\/31781"}],"wp:attachment":[{"href":"https:\/\/sarmiento24h.com\/index.php?rest_route=%2Fwp%2Fv2%2Fmedia&parent=31780"}],"wp:term":[{"taxonomy":"category","embeddable":true,"href":"https:\/\/sarmiento24h.com\/index.php?rest_route=%2Fwp%2Fv2%2Fcategories&post=31780"},{"taxonomy":"post_tag","embeddable":true,"href":"https:\/\/sarmiento24h.com\/index.php?rest_route=%2Fwp%2Fv2%2Ftags&post=31780"}],"curies":[{"name":"wp","href":"https:\/\/api.w.org\/{rel}","templated":true}]}}