{"id":3622,"date":"2025-12-14T05:16:20","date_gmt":"2025-12-14T05:16:20","guid":{"rendered":"http:\/\/almomento.net\/?p=1085618"},"modified":"2025-12-14T05:16:20","modified_gmt":"2025-12-14T05:16:20","slug":"el-padre-fello-ha-muerto-opinion","status":"publish","type":"post","link":"https:\/\/sarmiento24h.com\/?p=3622","title":{"rendered":"El padre Fello ha muerto (OPINION)"},"content":{"rendered":"<p><!-- .entry-header --> <\/p>\n<div class=\"img_center\" readability=\"7\"> <a href=\"https:\/\/almomento.net\/wp-content\/uploads\/2025\/08\/Rafael-Peralta-Romero-2-728x499-1-e1756122542276.jpg\" alt=\"El padre Fello ha muerto (OPINION)\" title=\"El padre Fello ha muerto (OPINION)\" data-toggle=\"lightbox\" class=\"thickbox\"><img decoding=\"async\" src=\"https:\/\/almomento.net\/wp-content\/uploads\/2025\/08\/Rafael-Peralta-Romero-2-728x499-1-e1756122542276.jpg\" class=\"attachment-post-thumbnail size-post-thumbnail wp-post-image\" alt=\"imagen\" title=\"El padre Fello ha muerto (OPINION)\" data-toggle data-title=\"El padre Fello ha muerto (OPINION)\"><\/a><\/p>\n<p>EL AUTOR es periodista y escritor. Reside en Santo Domingo.<\/p>\n<\/p><\/div>\n<p>Conoc\u00ed al padre&nbsp;Rafael Felipe y N\u00fa\u00f1ez&nbsp;en 1966, cuando ingres\u00e9 al Seminario Menor San P\u00edo X en busca de formaci\u00f3n sacerdotal. Era el director espiritual de m\u00e1s de cien j\u00f3venes&nbsp; alojados all\u00ed tras el mismo objetivo que yo.&nbsp; Fello ten\u00eda poco m\u00e1s de un a\u00f1o de ordenado y transpiraba juventud.<\/p>\n<p>Nunca olvido la primera carta recibida de mi mentor &nbsp;&nbsp;Juan Torres, quien finalizaba sus estudios en el Seminario&nbsp; &nbsp;Santo Tom\u00e1s de Aquino. Uno de los consejos fue:<i>&nbsp;\u201cD\u00e9jese guiar por el padre Fello, que es un aparato al&nbsp; que el Esp\u00edritu Santo&nbsp;maneja a su antojo\u201d.<\/i><\/p>\n<p>Cuando fue ordenado obispo, &nbsp;enero de 2000, publiqu\u00e9 un art\u00edculo&nbsp; titulado&nbsp;<i>\u201cEl b\u00e1culo del obispo\u201d&nbsp;<\/i>&nbsp;para resaltar su humildad, su&nbsp; entrega al servicio de Dios y su forma de asumir la pobreza evang\u00e9lica. Su b\u00e1culo, s\u00edmbolo del poder episcopal, fue hecho de un palito cortado en el monte.<\/p>\n<p>El padre Fello&nbsp;&nbsp;falleci\u00f3 ayer. Monse\u00f1or Ram\u00f3n Benito de la Rosa y Carpio escribi\u00f3 las siguientes reflexiones:<\/p>\n<figure id=\"attachment_1085619\" aria-describedby=\"caption-attachment-1085619\" class=\"wp-caption alignleft\"><img loading=\"lazy\" decoding=\"async\" class=\"size-full wp-image-1085619\" src=\"https:\/\/almomento.net\/wp-content\/uploads\/2025\/12\/FEP.png\" alt width=\"259\" height=\"194\" srcset=\"https:\/\/almomento.net\/wp-content\/uploads\/2025\/12\/FEP.png 259w, https:\/\/almomento.net\/wp-content\/uploads\/2025\/12\/FEP-127x95.png 127w\" sizes=\"auto, (max-width: 259px) 100vw, 259px\"><figcaption id=\"caption-attachment-1085619\" class=\"wp-caption-text\">Rafael Felipe y N\u00fa\u00f1ez<\/figcaption><\/figure>\n<p>Hoy el cielo amaneci\u00f3 con un resplandor distinto, como si los \u00e1ngeles hubiesen abierto un claro para dejar pasar a un amigo que siempre camin\u00f3 con paso firme hacia la luz. Monse\u00f1or Fello, hermano de ruta desde los d\u00edas j\u00f3venes del seminario, ha partido a la Casa del Padre\u2026 y uno no puede evitar pensar que su llegada coincide con la Navidad eterna, esa que ahora celebra desde la plenitud del Amor.<\/p>\n<p>Su vida fue un nacimiento constante. \u00c9l mismo era pesebre: humilde, sencillo, abierto a todos. En cada rinc\u00f3n de la Iglesia Dominicana qued\u00f3 sembrada una huella suya, peque\u00f1a y luminosa como las luces que adornan los hogares en este tiempo. Con su palabra pausada, con su abrazo oportuno, con su fe sin estridencias, hizo carne la pobreza y la sencillez del Ni\u00f1o Dios, ense\u00f1\u00e1ndonos que la grandeza del Evangelio se vive m\u00e1s en el gesto callado que en la palabra ruidosa.<\/p>\n<p><i>Hoy, mien<\/i>tras nosotros lloramos su partida, \u00e9l contempla el rostro del Salvador que vino,&nbsp; que viene y que vendr\u00e1. Entra en la Navidad verdadera, esa en&nbsp;la que no hay noche ni distancia, y donde los peregrinos encuentran por fin el descanso. Nosotros seguimos el camino con el coraz\u00f3n apretado, pero tambi\u00e9n agradecido, porque tuvimos un compa\u00f1ero que supo mostrarnos que la santidad se parece mucho a la amistad, al servicio y a la ternura escondida.<\/p>\n<p>Monse\u00f1or Fello, amigo, hermano, pastor: ve en paz. Celebra all\u00e1, en la gloria, la Navidad que aqu\u00ed anunciaste con tu vida.<\/p>\n<p><i>jpm-am<\/i><\/p>\n<div class=\"heateor_sss_sharing_container heateor_sss_horizontal_sharing\" data-heateor-sss-href=\"https:\/\/almomento.net\/el-padre-fello-ha-muerto-opinion\/\" readability=\"7\">\n<p>Comp\u00e1rtelo en tus redes:<\/p>\n<\/div>\n<p> <!-- 468x60 --><br \/>\n<ins class=\"adsbygoogle\" data-ad-client=\"ca-pub-3511341636159665\" data-ad-slot=\"3538255450\"><\/ins> <!-- .entry-content --> <\/p>\n","protected":false},"excerpt":{"rendered":"<p>EL AUTOR es periodista y escritor. Reside&#46;&#46;&#46;<\/p>\n","protected":false},"author":1,"featured_media":3623,"comment_status":"closed","ping_status":"closed","sticky":false,"template":"","format":"standard","meta":{"_jetpack_memberships_contains_paid_content":false,"footnotes":"","jetpack_publicize_message":"","jetpack_publicize_feature_enabled":true,"jetpack_social_post_already_shared":false,"jetpack_social_options":{"image_generator_settings":{"template":"highway","default_image_id":0,"font":"","enabled":false},"version":2}},"categories":[45],"tags":[],"class_list":["post-3622","post","type-post","status-publish","format-standard","has-post-thumbnail","hentry","category-variedades"],"yoast_head":"<!-- This site is optimized with the Yoast SEO plugin v27.3 - https:\/\/yoast.com\/product\/yoast-seo-wordpress\/ -->\n<title>El padre Fello ha muerto (OPINION) - Sarmiento24h<\/title>\n<meta name=\"robots\" content=\"index, follow, max-snippet:-1, max-image-preview:large, max-video-preview:-1\" \/>\n<link rel=\"canonical\" href=\"https:\/\/sarmiento24h.com\/?p=3622\" \/>\n<meta property=\"og:locale\" content=\"es_ES\" \/>\n<meta property=\"og:type\" content=\"article\" \/>\n<meta property=\"og:title\" content=\"El padre Fello ha muerto (OPINION) - Sarmiento24h\" \/>\n<meta property=\"og:description\" content=\"EL AUTOR es periodista y escritor. Reside&#046;&#046;&#046;\" \/>\n<meta property=\"og:url\" content=\"https:\/\/sarmiento24h.com\/?p=3622\" \/>\n<meta property=\"og:site_name\" content=\"Sarmiento24h\" \/>\n<meta property=\"article:publisher\" content=\"https:\/\/facebook.com\/s24hnoticias\" \/>\n<meta property=\"article:published_time\" content=\"2025-12-14T05:16:20+00:00\" \/>\n<meta property=\"og:image\" content=\"https:\/\/sarmiento24h.com\/wp-content\/uploads\/2025\/12\/el-padre-fello-ha-muerto-opinion.jpg\" \/>\n\t<meta property=\"og:image:width\" content=\"350\" \/>\n\t<meta property=\"og:image:height\" content=\"240\" \/>\n\t<meta property=\"og:image:type\" content=\"image\/jpeg\" \/>\n<meta name=\"author\" content=\"sarmiento24h@gmail.com\" \/>\n<meta name=\"twitter:card\" content=\"summary_large_image\" \/>\n<meta name=\"twitter:creator\" content=\"@sarmiento24h\" \/>\n<meta name=\"twitter:site\" content=\"@sarmiento24h\" \/>\n<meta name=\"twitter:label1\" content=\"Escrito por\" \/>\n\t<meta name=\"twitter:data1\" content=\"sarmiento24h@gmail.com\" \/>\n\t<meta name=\"twitter:label2\" content=\"Tiempo de lectura\" \/>\n\t<meta name=\"twitter:data2\" content=\"2 minutos\" \/>\n<script type=\"application\/ld+json\" class=\"yoast-schema-graph\">{\"@context\":\"https:\\\/\\\/schema.org\",\"@graph\":[{\"@type\":\"Article\",\"@id\":\"https:\\\/\\\/sarmiento24h.com\\\/?p=3622#article\",\"isPartOf\":{\"@id\":\"https:\\\/\\\/sarmiento24h.com\\\/?p=3622\"},\"author\":{\"name\":\"sarmiento24h@gmail.com\",\"@id\":\"https:\\\/\\\/sarmiento24h.com\\\/#\\\/schema\\\/person\\\/d653a59725ad629a7e0429af7b939d4d\"},\"headline\":\"El padre Fello ha muerto (OPINION)\",\"datePublished\":\"2025-12-14T05:16:20+00:00\",\"mainEntityOfPage\":{\"@id\":\"https:\\\/\\\/sarmiento24h.com\\\/?p=3622\"},\"wordCount\":488,\"publisher\":{\"@id\":\"https:\\\/\\\/sarmiento24h.com\\\/#organization\"},\"image\":{\"@id\":\"https:\\\/\\\/sarmiento24h.com\\\/?p=3622#primaryimage\"},\"thumbnailUrl\":\"https:\\\/\\\/sarmiento24h.com\\\/wp-content\\\/uploads\\\/2025\\\/12\\\/el-padre-fello-ha-muerto-opinion.jpg\",\"articleSection\":[\"Variedades\"],\"inLanguage\":\"es\"},{\"@type\":\"WebPage\",\"@id\":\"https:\\\/\\\/sarmiento24h.com\\\/?p=3622\",\"url\":\"https:\\\/\\\/sarmiento24h.com\\\/?p=3622\",\"name\":\"El padre Fello ha muerto (OPINION) - Sarmiento24h\",\"isPartOf\":{\"@id\":\"https:\\\/\\\/sarmiento24h.com\\\/#website\"},\"primaryImageOfPage\":{\"@id\":\"https:\\\/\\\/sarmiento24h.com\\\/?p=3622#primaryimage\"},\"image\":{\"@id\":\"https:\\\/\\\/sarmiento24h.com\\\/?p=3622#primaryimage\"},\"thumbnailUrl\":\"https:\\\/\\\/sarmiento24h.com\\\/wp-content\\\/uploads\\\/2025\\\/12\\\/el-padre-fello-ha-muerto-opinion.jpg\",\"datePublished\":\"2025-12-14T05:16:20+00:00\",\"breadcrumb\":{\"@id\":\"https:\\\/\\\/sarmiento24h.com\\\/?p=3622#breadcrumb\"},\"inLanguage\":\"es\",\"potentialAction\":[{\"@type\":\"ReadAction\",\"target\":[\"https:\\\/\\\/sarmiento24h.com\\\/?p=3622\"]}]},{\"@type\":\"ImageObject\",\"inLanguage\":\"es\",\"@id\":\"https:\\\/\\\/sarmiento24h.com\\\/?p=3622#primaryimage\",\"url\":\"https:\\\/\\\/sarmiento24h.com\\\/wp-content\\\/uploads\\\/2025\\\/12\\\/el-padre-fello-ha-muerto-opinion.jpg\",\"contentUrl\":\"https:\\\/\\\/sarmiento24h.com\\\/wp-content\\\/uploads\\\/2025\\\/12\\\/el-padre-fello-ha-muerto-opinion.jpg\",\"width\":350,\"height\":240},{\"@type\":\"BreadcrumbList\",\"@id\":\"https:\\\/\\\/sarmiento24h.com\\\/?p=3622#breadcrumb\",\"itemListElement\":[{\"@type\":\"ListItem\",\"position\":1,\"name\":\"Home\",\"item\":\"https:\\\/\\\/sarmiento24h.com\\\/\"},{\"@type\":\"ListItem\",\"position\":2,\"name\":\"El padre Fello ha muerto (OPINION)\"}]},{\"@type\":\"WebSite\",\"@id\":\"https:\\\/\\\/sarmiento24h.com\\\/#website\",\"url\":\"https:\\\/\\\/sarmiento24h.com\\\/\",\"name\":\"Sarmiento24h\",\"description\":\"\",\"publisher\":{\"@id\":\"https:\\\/\\\/sarmiento24h.com\\\/#organization\"},\"potentialAction\":[{\"@type\":\"SearchAction\",\"target\":{\"@type\":\"EntryPoint\",\"urlTemplate\":\"https:\\\/\\\/sarmiento24h.com\\\/?s={search_term_string}\"},\"query-input\":{\"@type\":\"PropertyValueSpecification\",\"valueRequired\":true,\"valueName\":\"search_term_string\"}}],\"inLanguage\":\"es\"},{\"@type\":\"Organization\",\"@id\":\"https:\\\/\\\/sarmiento24h.com\\\/#organization\",\"name\":\"Sarmiento24h\",\"url\":\"https:\\\/\\\/sarmiento24h.com\\\/\",\"logo\":{\"@type\":\"ImageObject\",\"inLanguage\":\"es\",\"@id\":\"https:\\\/\\\/sarmiento24h.com\\\/#\\\/schema\\\/logo\\\/image\\\/\",\"url\":\"https:\\\/\\\/sarmiento24h.com\\\/wp-content\\\/uploads\\\/2025\\\/12\\\/AddText_12-16-10.30.52.jpg\",\"contentUrl\":\"https:\\\/\\\/sarmiento24h.com\\\/wp-content\\\/uploads\\\/2025\\\/12\\\/AddText_12-16-10.30.52.jpg\",\"width\":1220,\"height\":324,\"caption\":\"Sarmiento24h\"},\"image\":{\"@id\":\"https:\\\/\\\/sarmiento24h.com\\\/#\\\/schema\\\/logo\\\/image\\\/\"},\"sameAs\":[\"https:\\\/\\\/facebook.com\\\/s24hnoticias\",\"https:\\\/\\\/x.com\\\/sarmiento24h\"]},{\"@type\":\"Person\",\"@id\":\"https:\\\/\\\/sarmiento24h.com\\\/#\\\/schema\\\/person\\\/d653a59725ad629a7e0429af7b939d4d\",\"name\":\"sarmiento24h@gmail.com\",\"image\":{\"@type\":\"ImageObject\",\"inLanguage\":\"es\",\"@id\":\"https:\\\/\\\/sarmiento24h.com\\\/wp-content\\\/litespeed\\\/avatar\\\/d02cbc4e23c747e6659cd45907173c8f.jpg?ver=1777157796\",\"url\":\"https:\\\/\\\/sarmiento24h.com\\\/wp-content\\\/litespeed\\\/avatar\\\/d02cbc4e23c747e6659cd45907173c8f.jpg?ver=1777157796\",\"contentUrl\":\"https:\\\/\\\/sarmiento24h.com\\\/wp-content\\\/litespeed\\\/avatar\\\/d02cbc4e23c747e6659cd45907173c8f.jpg?ver=1777157796\",\"caption\":\"sarmiento24h@gmail.com\"},\"sameAs\":[\"https:\\\/\\\/sarmiento24h.com\"],\"url\":\"https:\\\/\\\/sarmiento24h.com\\\/?author=1\"}]}<\/script>\n<!-- \/ Yoast SEO plugin. -->","yoast_head_json":{"title":"El padre Fello ha muerto (OPINION) - Sarmiento24h","robots":{"index":"index","follow":"follow","max-snippet":"max-snippet:-1","max-image-preview":"max-image-preview:large","max-video-preview":"max-video-preview:-1"},"canonical":"https:\/\/sarmiento24h.com\/?p=3622","og_locale":"es_ES","og_type":"article","og_title":"El padre Fello ha muerto (OPINION) - Sarmiento24h","og_description":"EL AUTOR es periodista y escritor. Reside&#46;&#46;&#46;","og_url":"https:\/\/sarmiento24h.com\/?p=3622","og_site_name":"Sarmiento24h","article_publisher":"https:\/\/facebook.com\/s24hnoticias","article_published_time":"2025-12-14T05:16:20+00:00","og_image":[{"width":350,"height":240,"url":"https:\/\/sarmiento24h.com\/wp-content\/uploads\/2025\/12\/el-padre-fello-ha-muerto-opinion.jpg","type":"image\/jpeg"}],"author":"sarmiento24h@gmail.com","twitter_card":"summary_large_image","twitter_creator":"@sarmiento24h","twitter_site":"@sarmiento24h","twitter_misc":{"Escrito por":"sarmiento24h@gmail.com","Tiempo de lectura":"2 minutos"},"schema":{"@context":"https:\/\/schema.org","@graph":[{"@type":"Article","@id":"https:\/\/sarmiento24h.com\/?p=3622#article","isPartOf":{"@id":"https:\/\/sarmiento24h.com\/?p=3622"},"author":{"name":"sarmiento24h@gmail.com","@id":"https:\/\/sarmiento24h.com\/#\/schema\/person\/d653a59725ad629a7e0429af7b939d4d"},"headline":"El padre Fello ha muerto (OPINION)","datePublished":"2025-12-14T05:16:20+00:00","mainEntityOfPage":{"@id":"https:\/\/sarmiento24h.com\/?p=3622"},"wordCount":488,"publisher":{"@id":"https:\/\/sarmiento24h.com\/#organization"},"image":{"@id":"https:\/\/sarmiento24h.com\/?p=3622#primaryimage"},"thumbnailUrl":"https:\/\/sarmiento24h.com\/wp-content\/uploads\/2025\/12\/el-padre-fello-ha-muerto-opinion.jpg","articleSection":["Variedades"],"inLanguage":"es"},{"@type":"WebPage","@id":"https:\/\/sarmiento24h.com\/?p=3622","url":"https:\/\/sarmiento24h.com\/?p=3622","name":"El padre Fello ha muerto (OPINION) - Sarmiento24h","isPartOf":{"@id":"https:\/\/sarmiento24h.com\/#website"},"primaryImageOfPage":{"@id":"https:\/\/sarmiento24h.com\/?p=3622#primaryimage"},"image":{"@id":"https:\/\/sarmiento24h.com\/?p=3622#primaryimage"},"thumbnailUrl":"https:\/\/sarmiento24h.com\/wp-content\/uploads\/2025\/12\/el-padre-fello-ha-muerto-opinion.jpg","datePublished":"2025-12-14T05:16:20+00:00","breadcrumb":{"@id":"https:\/\/sarmiento24h.com\/?p=3622#breadcrumb"},"inLanguage":"es","potentialAction":[{"@type":"ReadAction","target":["https:\/\/sarmiento24h.com\/?p=3622"]}]},{"@type":"ImageObject","inLanguage":"es","@id":"https:\/\/sarmiento24h.com\/?p=3622#primaryimage","url":"https:\/\/sarmiento24h.com\/wp-content\/uploads\/2025\/12\/el-padre-fello-ha-muerto-opinion.jpg","contentUrl":"https:\/\/sarmiento24h.com\/wp-content\/uploads\/2025\/12\/el-padre-fello-ha-muerto-opinion.jpg","width":350,"height":240},{"@type":"BreadcrumbList","@id":"https:\/\/sarmiento24h.com\/?p=3622#breadcrumb","itemListElement":[{"@type":"ListItem","position":1,"name":"Home","item":"https:\/\/sarmiento24h.com\/"},{"@type":"ListItem","position":2,"name":"El padre Fello ha muerto (OPINION)"}]},{"@type":"WebSite","@id":"https:\/\/sarmiento24h.com\/#website","url":"https:\/\/sarmiento24h.com\/","name":"Sarmiento24h","description":"","publisher":{"@id":"https:\/\/sarmiento24h.com\/#organization"},"potentialAction":[{"@type":"SearchAction","target":{"@type":"EntryPoint","urlTemplate":"https:\/\/sarmiento24h.com\/?s={search_term_string}"},"query-input":{"@type":"PropertyValueSpecification","valueRequired":true,"valueName":"search_term_string"}}],"inLanguage":"es"},{"@type":"Organization","@id":"https:\/\/sarmiento24h.com\/#organization","name":"Sarmiento24h","url":"https:\/\/sarmiento24h.com\/","logo":{"@type":"ImageObject","inLanguage":"es","@id":"https:\/\/sarmiento24h.com\/#\/schema\/logo\/image\/","url":"https:\/\/sarmiento24h.com\/wp-content\/uploads\/2025\/12\/AddText_12-16-10.30.52.jpg","contentUrl":"https:\/\/sarmiento24h.com\/wp-content\/uploads\/2025\/12\/AddText_12-16-10.30.52.jpg","width":1220,"height":324,"caption":"Sarmiento24h"},"image":{"@id":"https:\/\/sarmiento24h.com\/#\/schema\/logo\/image\/"},"sameAs":["https:\/\/facebook.com\/s24hnoticias","https:\/\/x.com\/sarmiento24h"]},{"@type":"Person","@id":"https:\/\/sarmiento24h.com\/#\/schema\/person\/d653a59725ad629a7e0429af7b939d4d","name":"sarmiento24h@gmail.com","image":{"@type":"ImageObject","inLanguage":"es","@id":"https:\/\/sarmiento24h.com\/wp-content\/litespeed\/avatar\/d02cbc4e23c747e6659cd45907173c8f.jpg?ver=1777157796","url":"https:\/\/sarmiento24h.com\/wp-content\/litespeed\/avatar\/d02cbc4e23c747e6659cd45907173c8f.jpg?ver=1777157796","contentUrl":"https:\/\/sarmiento24h.com\/wp-content\/litespeed\/avatar\/d02cbc4e23c747e6659cd45907173c8f.jpg?ver=1777157796","caption":"sarmiento24h@gmail.com"},"sameAs":["https:\/\/sarmiento24h.com"],"url":"https:\/\/sarmiento24h.com\/?author=1"}]}},"jetpack_publicize_connections":[],"jetpack_featured_media_url":"https:\/\/sarmiento24h.com\/wp-content\/uploads\/2025\/12\/el-padre-fello-ha-muerto-opinion.jpg","jetpack_sharing_enabled":true,"_links":{"self":[{"href":"https:\/\/sarmiento24h.com\/index.php?rest_route=\/wp\/v2\/posts\/3622","targetHints":{"allow":["GET"]}}],"collection":[{"href":"https:\/\/sarmiento24h.com\/index.php?rest_route=\/wp\/v2\/posts"}],"about":[{"href":"https:\/\/sarmiento24h.com\/index.php?rest_route=\/wp\/v2\/types\/post"}],"author":[{"embeddable":true,"href":"https:\/\/sarmiento24h.com\/index.php?rest_route=\/wp\/v2\/users\/1"}],"replies":[{"embeddable":true,"href":"https:\/\/sarmiento24h.com\/index.php?rest_route=%2Fwp%2Fv2%2Fcomments&post=3622"}],"version-history":[{"count":0,"href":"https:\/\/sarmiento24h.com\/index.php?rest_route=\/wp\/v2\/posts\/3622\/revisions"}],"wp:featuredmedia":[{"embeddable":true,"href":"https:\/\/sarmiento24h.com\/index.php?rest_route=\/wp\/v2\/media\/3623"}],"wp:attachment":[{"href":"https:\/\/sarmiento24h.com\/index.php?rest_route=%2Fwp%2Fv2%2Fmedia&parent=3622"}],"wp:term":[{"taxonomy":"category","embeddable":true,"href":"https:\/\/sarmiento24h.com\/index.php?rest_route=%2Fwp%2Fv2%2Fcategories&post=3622"},{"taxonomy":"post_tag","embeddable":true,"href":"https:\/\/sarmiento24h.com\/index.php?rest_route=%2Fwp%2Fv2%2Ftags&post=3622"}],"curies":[{"name":"wp","href":"https:\/\/api.w.org\/{rel}","templated":true}]}}