{"id":3646,"date":"2025-12-14T06:00:30","date_gmt":"2025-12-14T06:00:30","guid":{"rendered":"https:\/\/sarmiento24h.com\/?p=3646"},"modified":"2025-12-14T06:00:55","modified_gmt":"2025-12-14T06:00:55","slug":"arajet-recibe-su-nueva-aeronave-isabel-de-torres-en-puerto-plata","status":"publish","type":"post","link":"https:\/\/sarmiento24h.com\/?p=3646","title":{"rendered":"Arajet recibe su nueva aeronave \u201cIsabel de Torres\u201d en Puerto Plata"},"content":{"rendered":"\n<p>La aerol\u00ednea dominicana, Arajet, anunci\u00f3 la llegada de su aeronave n\u00famero 13, bautizada como \u201cIsabel de Torres\u201d, un tributo al monumento natural que se eleva sobre la provincia de Puerto Plata y que representa un importante pulm\u00f3n ecol\u00f3gico para la regi\u00f3n norte. La aeronave aterriz\u00f3 por primera vez en el Aeropuerto Internacional Gregorio Luper\u00f3n (POP), donde fue recibida por autoridades provinciales y representantes del sector tur\u00edstico.<br><br>El vuelo estuvo encabezado por Igor Rodriguez, director general del Instituto Dominicano de Aviaci\u00f3n Civil (IDAC), quien acompa\u00f1\u00f3 a la tripulaci\u00f3n, junto a Manuel Luna, Chief Communications And External Affairs Officer de Arajet. Ambos resaltaron la importancia del crecimiento continuo de la aerol\u00ednea y su impacto positivo en la consolidaci\u00f3n del pa\u00eds como un referente regional de conectividad.<br><br>\u201cLa llegada de esta nueva aeronave representa el compromiso permanente de la Rep\u00fablica Dominicana con una aviaci\u00f3n moderna, eficiente y segura. Arajet contin\u00faa elevando los est\u00e1ndares de la industria y fortaleciendo nuestro sistema aeron\u00e1utico como uno de los m\u00e1s s\u00f3lidos de la regi\u00f3n\u201d, afirm\u00f3 Rodriguez.<br><br><br>As\u00ed mismo, Manuel Luna destac\u00f3 que, \u201cIsabel de Torres es un \u00edcono natural de nuestro pa\u00eds, un s\u00edmbolo de biodiversidad y orgullo para Puerto Plata. Con esta aeronave n\u00famero 13 seguimos expandiendo nuestra visi\u00f3n de convertir a la Rep\u00fablica Dominicana en el hub de precios bajos de las Am\u00e9ricas, conectando al pa\u00eds con m\u00e1s oportunidades y m\u00e1s destinos\u201d.<br><br>Carlos Rodoli, director del Aeropuerto Gregorio Luper\u00f3n, se\u00f1al\u00f3, que \u201cen Aeropuertos Dominicanos Siglo XXI (Aerodom) nos llena de alegr\u00eda dar la bienvenida a la aeronave n\u00famero 13 de Arajet, especialmente al llevar el nombre de uno de los tesoros naturales de Puerto Plata. Hemos acompa\u00f1ado con entusiasmo el crecimiento de Arajet desde sus inicios, y este nuevo hito reafirma la relevancia de POP como puerta de entrada al turismo en la zona norte y el compromiso de ambos en seguir fortaleciendo la conectividad a\u00e9rea del pa\u00eds\u201d.<\/p>\n\n\n\n<p>\u201cLa Loma Isabel de Torres, ubicada a m\u00e1s de 800 metros de altura, es una de las \u00e1reas naturales m\u00e1s emblem\u00e1ticas de la Rep\u00fablica Dominicana. Alberga una importante diversidad de flora y fauna, incluyendo especies end\u00e9micas, y su bosque h\u00famedo contribuye a la regulaci\u00f3n del clima, la protecci\u00f3n de fuentes h\u00eddricas y la conservaci\u00f3n de la biodiversidad de la regi\u00f3n. Adem\u00e1s, es uno de los principales atractivos tur\u00edsticos de Puerto Plata, hogar de su hist\u00f3rico telef\u00e9rico y de una rica riqueza paisaj\u00edstica\u201d, dijo.<br><br>Con la incorporaci\u00f3n de esta nueva aeronave Boeing 737 MAX 8, Arajet contin\u00faa fortaleciendo la flota m\u00e1s joven de la regi\u00f3n, avanzando en su misi\u00f3n de ofrecer vuelos seguros, eficientes y a precios bajos para conectar a la Rep\u00fablica Dominicana con Norteam\u00e9rica, Suram\u00e9rica y el Caribe.<br><br>Acerca de Arajet<br>Arajet es la aerol\u00ednea de la Rep\u00fablica Dominicana. Desde el inicio de sus operaciones en 2022, opera dos bases -en el Aeropuerto Las Am\u00e9ricas de Santo Domingo y en el Aeropuerto Internacional de Punta Cana- con una moderna flota de aeronaves Boeing 737 MAX. La aerol\u00ednea ofrece viajes seguros y asequibles hacia y entre la Rep\u00fablica Dominicana y m\u00faltiples destinos en Norte, Centro y Suram\u00e9rica, as\u00ed como en el Caribe.<\/p>\n","protected":false},"excerpt":{"rendered":"<p>La aerol\u00ednea dominicana, Arajet, anunci\u00f3 la llegada&#46;&#46;&#46;<\/p>\n","protected":false},"author":1,"featured_media":3645,"comment_status":"open","ping_status":"open","sticky":false,"template":"","format":"standard","meta":{"_jetpack_memberships_contains_paid_content":false,"footnotes":"","jetpack_publicize_message":"","jetpack_publicize_feature_enabled":true,"jetpack_social_post_already_shared":false,"jetpack_social_options":{"image_generator_settings":{"template":"highway","default_image_id":0,"font":"","enabled":false},"version":2}},"categories":[62],"tags":[],"class_list":["post-3646","post","type-post","status-publish","format-standard","has-post-thumbnail","hentry","category-turismo"],"yoast_head":"<!-- This site is optimized with the Yoast SEO plugin v27.3 - https:\/\/yoast.com\/product\/yoast-seo-wordpress\/ -->\n<title>Arajet recibe su nueva aeronave \u201cIsabel de Torres\u201d en Puerto Plata - Sarmiento24h<\/title>\n<meta name=\"robots\" content=\"index, follow, max-snippet:-1, max-image-preview:large, max-video-preview:-1\" \/>\n<link rel=\"canonical\" href=\"https:\/\/sarmiento24h.com\/?p=3646\" \/>\n<meta property=\"og:locale\" content=\"es_ES\" \/>\n<meta property=\"og:type\" content=\"article\" \/>\n<meta property=\"og:title\" content=\"Arajet recibe su nueva aeronave \u201cIsabel de Torres\u201d en Puerto Plata - Sarmiento24h\" \/>\n<meta property=\"og:description\" content=\"La aerol\u00ednea dominicana, Arajet, anunci\u00f3 la llegada&#046;&#046;&#046;\" \/>\n<meta property=\"og:url\" content=\"https:\/\/sarmiento24h.com\/?p=3646\" \/>\n<meta property=\"og:site_name\" content=\"Sarmiento24h\" \/>\n<meta property=\"article:publisher\" content=\"https:\/\/facebook.com\/s24hnoticias\" \/>\n<meta property=\"article:published_time\" content=\"2025-12-14T06:00:30+00:00\" \/>\n<meta property=\"article:modified_time\" content=\"2025-12-14T06:00:55+00:00\" \/>\n<meta property=\"og:image\" content=\"https:\/\/sarmiento24h.com\/wp-content\/uploads\/2025\/12\/Manuel-Luna-e-Igor-Rodriguez-1140x815-1.jpeg\" \/>\n\t<meta property=\"og:image:width\" content=\"1140\" \/>\n\t<meta property=\"og:image:height\" content=\"815\" \/>\n\t<meta property=\"og:image:type\" content=\"image\/jpeg\" \/>\n<meta name=\"author\" content=\"sarmiento24h@gmail.com\" \/>\n<meta name=\"twitter:card\" content=\"summary_large_image\" \/>\n<meta name=\"twitter:creator\" content=\"@sarmiento24h\" \/>\n<meta name=\"twitter:site\" content=\"@sarmiento24h\" \/>\n<meta name=\"twitter:label1\" content=\"Escrito por\" \/>\n\t<meta name=\"twitter:data1\" content=\"sarmiento24h@gmail.com\" \/>\n\t<meta name=\"twitter:label2\" content=\"Tiempo de lectura\" \/>\n\t<meta name=\"twitter:data2\" content=\"3 minutos\" \/>\n<script type=\"application\/ld+json\" class=\"yoast-schema-graph\">{\"@context\":\"https:\\\/\\\/schema.org\",\"@graph\":[{\"@type\":\"Article\",\"@id\":\"https:\\\/\\\/sarmiento24h.com\\\/?p=3646#article\",\"isPartOf\":{\"@id\":\"https:\\\/\\\/sarmiento24h.com\\\/?p=3646\"},\"author\":{\"name\":\"sarmiento24h@gmail.com\",\"@id\":\"https:\\\/\\\/sarmiento24h.com\\\/#\\\/schema\\\/person\\\/d653a59725ad629a7e0429af7b939d4d\"},\"headline\":\"Arajet recibe su nueva aeronave \u201cIsabel de Torres\u201d en Puerto Plata\",\"datePublished\":\"2025-12-14T06:00:30+00:00\",\"dateModified\":\"2025-12-14T06:00:55+00:00\",\"mainEntityOfPage\":{\"@id\":\"https:\\\/\\\/sarmiento24h.com\\\/?p=3646\"},\"wordCount\":584,\"commentCount\":0,\"publisher\":{\"@id\":\"https:\\\/\\\/sarmiento24h.com\\\/#organization\"},\"image\":{\"@id\":\"https:\\\/\\\/sarmiento24h.com\\\/?p=3646#primaryimage\"},\"thumbnailUrl\":\"https:\\\/\\\/sarmiento24h.com\\\/wp-content\\\/uploads\\\/2025\\\/12\\\/Manuel-Luna-e-Igor-Rodriguez-1140x815-1.jpeg\",\"articleSection\":[\"Turismo\"],\"inLanguage\":\"es\",\"potentialAction\":[{\"@type\":\"CommentAction\",\"name\":\"Comment\",\"target\":[\"https:\\\/\\\/sarmiento24h.com\\\/?p=3646#respond\"]}]},{\"@type\":\"WebPage\",\"@id\":\"https:\\\/\\\/sarmiento24h.com\\\/?p=3646\",\"url\":\"https:\\\/\\\/sarmiento24h.com\\\/?p=3646\",\"name\":\"Arajet recibe su nueva aeronave \u201cIsabel de Torres\u201d en Puerto Plata - Sarmiento24h\",\"isPartOf\":{\"@id\":\"https:\\\/\\\/sarmiento24h.com\\\/#website\"},\"primaryImageOfPage\":{\"@id\":\"https:\\\/\\\/sarmiento24h.com\\\/?p=3646#primaryimage\"},\"image\":{\"@id\":\"https:\\\/\\\/sarmiento24h.com\\\/?p=3646#primaryimage\"},\"thumbnailUrl\":\"https:\\\/\\\/sarmiento24h.com\\\/wp-content\\\/uploads\\\/2025\\\/12\\\/Manuel-Luna-e-Igor-Rodriguez-1140x815-1.jpeg\",\"datePublished\":\"2025-12-14T06:00:30+00:00\",\"dateModified\":\"2025-12-14T06:00:55+00:00\",\"breadcrumb\":{\"@id\":\"https:\\\/\\\/sarmiento24h.com\\\/?p=3646#breadcrumb\"},\"inLanguage\":\"es\",\"potentialAction\":[{\"@type\":\"ReadAction\",\"target\":[\"https:\\\/\\\/sarmiento24h.com\\\/?p=3646\"]}]},{\"@type\":\"ImageObject\",\"inLanguage\":\"es\",\"@id\":\"https:\\\/\\\/sarmiento24h.com\\\/?p=3646#primaryimage\",\"url\":\"https:\\\/\\\/sarmiento24h.com\\\/wp-content\\\/uploads\\\/2025\\\/12\\\/Manuel-Luna-e-Igor-Rodriguez-1140x815-1.jpeg\",\"contentUrl\":\"https:\\\/\\\/sarmiento24h.com\\\/wp-content\\\/uploads\\\/2025\\\/12\\\/Manuel-Luna-e-Igor-Rodriguez-1140x815-1.jpeg\",\"width\":1140,\"height\":815},{\"@type\":\"BreadcrumbList\",\"@id\":\"https:\\\/\\\/sarmiento24h.com\\\/?p=3646#breadcrumb\",\"itemListElement\":[{\"@type\":\"ListItem\",\"position\":1,\"name\":\"Home\",\"item\":\"https:\\\/\\\/sarmiento24h.com\\\/\"},{\"@type\":\"ListItem\",\"position\":2,\"name\":\"Arajet recibe su nueva aeronave \u201cIsabel de Torres\u201d en Puerto Plata\"}]},{\"@type\":\"WebSite\",\"@id\":\"https:\\\/\\\/sarmiento24h.com\\\/#website\",\"url\":\"https:\\\/\\\/sarmiento24h.com\\\/\",\"name\":\"Sarmiento24h\",\"description\":\"\",\"publisher\":{\"@id\":\"https:\\\/\\\/sarmiento24h.com\\\/#organization\"},\"potentialAction\":[{\"@type\":\"SearchAction\",\"target\":{\"@type\":\"EntryPoint\",\"urlTemplate\":\"https:\\\/\\\/sarmiento24h.com\\\/?s={search_term_string}\"},\"query-input\":{\"@type\":\"PropertyValueSpecification\",\"valueRequired\":true,\"valueName\":\"search_term_string\"}}],\"inLanguage\":\"es\"},{\"@type\":\"Organization\",\"@id\":\"https:\\\/\\\/sarmiento24h.com\\\/#organization\",\"name\":\"Sarmiento24h\",\"url\":\"https:\\\/\\\/sarmiento24h.com\\\/\",\"logo\":{\"@type\":\"ImageObject\",\"inLanguage\":\"es\",\"@id\":\"https:\\\/\\\/sarmiento24h.com\\\/#\\\/schema\\\/logo\\\/image\\\/\",\"url\":\"https:\\\/\\\/sarmiento24h.com\\\/wp-content\\\/uploads\\\/2025\\\/12\\\/AddText_12-16-10.30.52.jpg\",\"contentUrl\":\"https:\\\/\\\/sarmiento24h.com\\\/wp-content\\\/uploads\\\/2025\\\/12\\\/AddText_12-16-10.30.52.jpg\",\"width\":1220,\"height\":324,\"caption\":\"Sarmiento24h\"},\"image\":{\"@id\":\"https:\\\/\\\/sarmiento24h.com\\\/#\\\/schema\\\/logo\\\/image\\\/\"},\"sameAs\":[\"https:\\\/\\\/facebook.com\\\/s24hnoticias\",\"https:\\\/\\\/x.com\\\/sarmiento24h\"]},{\"@type\":\"Person\",\"@id\":\"https:\\\/\\\/sarmiento24h.com\\\/#\\\/schema\\\/person\\\/d653a59725ad629a7e0429af7b939d4d\",\"name\":\"sarmiento24h@gmail.com\",\"image\":{\"@type\":\"ImageObject\",\"inLanguage\":\"es\",\"@id\":\"https:\\\/\\\/sarmiento24h.com\\\/wp-content\\\/litespeed\\\/avatar\\\/d02cbc4e23c747e6659cd45907173c8f.jpg?ver=1777157796\",\"url\":\"https:\\\/\\\/sarmiento24h.com\\\/wp-content\\\/litespeed\\\/avatar\\\/d02cbc4e23c747e6659cd45907173c8f.jpg?ver=1777157796\",\"contentUrl\":\"https:\\\/\\\/sarmiento24h.com\\\/wp-content\\\/litespeed\\\/avatar\\\/d02cbc4e23c747e6659cd45907173c8f.jpg?ver=1777157796\",\"caption\":\"sarmiento24h@gmail.com\"},\"sameAs\":[\"https:\\\/\\\/sarmiento24h.com\"],\"url\":\"https:\\\/\\\/sarmiento24h.com\\\/?author=1\"}]}<\/script>\n<!-- \/ Yoast SEO plugin. -->","yoast_head_json":{"title":"Arajet recibe su nueva aeronave \u201cIsabel de Torres\u201d en Puerto Plata - Sarmiento24h","robots":{"index":"index","follow":"follow","max-snippet":"max-snippet:-1","max-image-preview":"max-image-preview:large","max-video-preview":"max-video-preview:-1"},"canonical":"https:\/\/sarmiento24h.com\/?p=3646","og_locale":"es_ES","og_type":"article","og_title":"Arajet recibe su nueva aeronave \u201cIsabel de Torres\u201d en Puerto Plata - Sarmiento24h","og_description":"La aerol\u00ednea dominicana, Arajet, anunci\u00f3 la llegada&#46;&#46;&#46;","og_url":"https:\/\/sarmiento24h.com\/?p=3646","og_site_name":"Sarmiento24h","article_publisher":"https:\/\/facebook.com\/s24hnoticias","article_published_time":"2025-12-14T06:00:30+00:00","article_modified_time":"2025-12-14T06:00:55+00:00","og_image":[{"width":1140,"height":815,"url":"https:\/\/sarmiento24h.com\/wp-content\/uploads\/2025\/12\/Manuel-Luna-e-Igor-Rodriguez-1140x815-1.jpeg","type":"image\/jpeg"}],"author":"sarmiento24h@gmail.com","twitter_card":"summary_large_image","twitter_creator":"@sarmiento24h","twitter_site":"@sarmiento24h","twitter_misc":{"Escrito por":"sarmiento24h@gmail.com","Tiempo de lectura":"3 minutos"},"schema":{"@context":"https:\/\/schema.org","@graph":[{"@type":"Article","@id":"https:\/\/sarmiento24h.com\/?p=3646#article","isPartOf":{"@id":"https:\/\/sarmiento24h.com\/?p=3646"},"author":{"name":"sarmiento24h@gmail.com","@id":"https:\/\/sarmiento24h.com\/#\/schema\/person\/d653a59725ad629a7e0429af7b939d4d"},"headline":"Arajet recibe su nueva aeronave \u201cIsabel de Torres\u201d en Puerto Plata","datePublished":"2025-12-14T06:00:30+00:00","dateModified":"2025-12-14T06:00:55+00:00","mainEntityOfPage":{"@id":"https:\/\/sarmiento24h.com\/?p=3646"},"wordCount":584,"commentCount":0,"publisher":{"@id":"https:\/\/sarmiento24h.com\/#organization"},"image":{"@id":"https:\/\/sarmiento24h.com\/?p=3646#primaryimage"},"thumbnailUrl":"https:\/\/sarmiento24h.com\/wp-content\/uploads\/2025\/12\/Manuel-Luna-e-Igor-Rodriguez-1140x815-1.jpeg","articleSection":["Turismo"],"inLanguage":"es","potentialAction":[{"@type":"CommentAction","name":"Comment","target":["https:\/\/sarmiento24h.com\/?p=3646#respond"]}]},{"@type":"WebPage","@id":"https:\/\/sarmiento24h.com\/?p=3646","url":"https:\/\/sarmiento24h.com\/?p=3646","name":"Arajet recibe su nueva aeronave \u201cIsabel de Torres\u201d en Puerto Plata - Sarmiento24h","isPartOf":{"@id":"https:\/\/sarmiento24h.com\/#website"},"primaryImageOfPage":{"@id":"https:\/\/sarmiento24h.com\/?p=3646#primaryimage"},"image":{"@id":"https:\/\/sarmiento24h.com\/?p=3646#primaryimage"},"thumbnailUrl":"https:\/\/sarmiento24h.com\/wp-content\/uploads\/2025\/12\/Manuel-Luna-e-Igor-Rodriguez-1140x815-1.jpeg","datePublished":"2025-12-14T06:00:30+00:00","dateModified":"2025-12-14T06:00:55+00:00","breadcrumb":{"@id":"https:\/\/sarmiento24h.com\/?p=3646#breadcrumb"},"inLanguage":"es","potentialAction":[{"@type":"ReadAction","target":["https:\/\/sarmiento24h.com\/?p=3646"]}]},{"@type":"ImageObject","inLanguage":"es","@id":"https:\/\/sarmiento24h.com\/?p=3646#primaryimage","url":"https:\/\/sarmiento24h.com\/wp-content\/uploads\/2025\/12\/Manuel-Luna-e-Igor-Rodriguez-1140x815-1.jpeg","contentUrl":"https:\/\/sarmiento24h.com\/wp-content\/uploads\/2025\/12\/Manuel-Luna-e-Igor-Rodriguez-1140x815-1.jpeg","width":1140,"height":815},{"@type":"BreadcrumbList","@id":"https:\/\/sarmiento24h.com\/?p=3646#breadcrumb","itemListElement":[{"@type":"ListItem","position":1,"name":"Home","item":"https:\/\/sarmiento24h.com\/"},{"@type":"ListItem","position":2,"name":"Arajet recibe su nueva aeronave \u201cIsabel de Torres\u201d en Puerto Plata"}]},{"@type":"WebSite","@id":"https:\/\/sarmiento24h.com\/#website","url":"https:\/\/sarmiento24h.com\/","name":"Sarmiento24h","description":"","publisher":{"@id":"https:\/\/sarmiento24h.com\/#organization"},"potentialAction":[{"@type":"SearchAction","target":{"@type":"EntryPoint","urlTemplate":"https:\/\/sarmiento24h.com\/?s={search_term_string}"},"query-input":{"@type":"PropertyValueSpecification","valueRequired":true,"valueName":"search_term_string"}}],"inLanguage":"es"},{"@type":"Organization","@id":"https:\/\/sarmiento24h.com\/#organization","name":"Sarmiento24h","url":"https:\/\/sarmiento24h.com\/","logo":{"@type":"ImageObject","inLanguage":"es","@id":"https:\/\/sarmiento24h.com\/#\/schema\/logo\/image\/","url":"https:\/\/sarmiento24h.com\/wp-content\/uploads\/2025\/12\/AddText_12-16-10.30.52.jpg","contentUrl":"https:\/\/sarmiento24h.com\/wp-content\/uploads\/2025\/12\/AddText_12-16-10.30.52.jpg","width":1220,"height":324,"caption":"Sarmiento24h"},"image":{"@id":"https:\/\/sarmiento24h.com\/#\/schema\/logo\/image\/"},"sameAs":["https:\/\/facebook.com\/s24hnoticias","https:\/\/x.com\/sarmiento24h"]},{"@type":"Person","@id":"https:\/\/sarmiento24h.com\/#\/schema\/person\/d653a59725ad629a7e0429af7b939d4d","name":"sarmiento24h@gmail.com","image":{"@type":"ImageObject","inLanguage":"es","@id":"https:\/\/sarmiento24h.com\/wp-content\/litespeed\/avatar\/d02cbc4e23c747e6659cd45907173c8f.jpg?ver=1777157796","url":"https:\/\/sarmiento24h.com\/wp-content\/litespeed\/avatar\/d02cbc4e23c747e6659cd45907173c8f.jpg?ver=1777157796","contentUrl":"https:\/\/sarmiento24h.com\/wp-content\/litespeed\/avatar\/d02cbc4e23c747e6659cd45907173c8f.jpg?ver=1777157796","caption":"sarmiento24h@gmail.com"},"sameAs":["https:\/\/sarmiento24h.com"],"url":"https:\/\/sarmiento24h.com\/?author=1"}]}},"jetpack_publicize_connections":[],"jetpack_featured_media_url":"https:\/\/sarmiento24h.com\/wp-content\/uploads\/2025\/12\/Manuel-Luna-e-Igor-Rodriguez-1140x815-1.jpeg","jetpack_sharing_enabled":true,"_links":{"self":[{"href":"https:\/\/sarmiento24h.com\/index.php?rest_route=\/wp\/v2\/posts\/3646","targetHints":{"allow":["GET"]}}],"collection":[{"href":"https:\/\/sarmiento24h.com\/index.php?rest_route=\/wp\/v2\/posts"}],"about":[{"href":"https:\/\/sarmiento24h.com\/index.php?rest_route=\/wp\/v2\/types\/post"}],"author":[{"embeddable":true,"href":"https:\/\/sarmiento24h.com\/index.php?rest_route=\/wp\/v2\/users\/1"}],"replies":[{"embeddable":true,"href":"https:\/\/sarmiento24h.com\/index.php?rest_route=%2Fwp%2Fv2%2Fcomments&post=3646"}],"version-history":[{"count":1,"href":"https:\/\/sarmiento24h.com\/index.php?rest_route=\/wp\/v2\/posts\/3646\/revisions"}],"predecessor-version":[{"id":3647,"href":"https:\/\/sarmiento24h.com\/index.php?rest_route=\/wp\/v2\/posts\/3646\/revisions\/3647"}],"wp:featuredmedia":[{"embeddable":true,"href":"https:\/\/sarmiento24h.com\/index.php?rest_route=\/wp\/v2\/media\/3645"}],"wp:attachment":[{"href":"https:\/\/sarmiento24h.com\/index.php?rest_route=%2Fwp%2Fv2%2Fmedia&parent=3646"}],"wp:term":[{"taxonomy":"category","embeddable":true,"href":"https:\/\/sarmiento24h.com\/index.php?rest_route=%2Fwp%2Fv2%2Fcategories&post=3646"},{"taxonomy":"post_tag","embeddable":true,"href":"https:\/\/sarmiento24h.com\/index.php?rest_route=%2Fwp%2Fv2%2Ftags&post=3646"}],"curies":[{"name":"wp","href":"https:\/\/api.w.org\/{rel}","templated":true}]}}