{"id":38617,"date":"2026-03-03T06:17:15","date_gmt":"2026-03-03T06:17:15","guid":{"rendered":"http:\/\/almomento.net\/?p=1102501"},"modified":"2026-03-03T06:17:15","modified_gmt":"2026-03-03T06:17:15","slug":"urgen-congreso-reformar-ley-para-atencion-dolencias-raras","status":"publish","type":"post","link":"https:\/\/sarmiento24h.com\/?p=38617","title":{"rendered":"Urgen Congreso reformar Ley para atenci\u00f3n dolencias raras"},"content":{"rendered":"<p><!-- .entry-header --> <\/p>\n<div class=\"img_center\"> <a href=\"https:\/\/sarmiento24h.com\/wp-content\/uploads\/2026\/03\/urgen-congreso-reformar-ley-para-atencion-dolencias-raras.jpg\" title=\"Urgen Congreso reformar Ley para atenci\u00f3n dolencias raras\" data-toggle=\"lightbox\" class=\"thickbox\"><img decoding=\"async\" src=\"https:\/\/sarmiento24h.com\/wp-content\/uploads\/2026\/03\/urgen-congreso-reformar-ley-para-atencion-dolencias-raras.jpg\" class=\"attachment-post-thumbnail size-post-thumbnail wp-post-image\" alt=\"imagen\" title=\"Urgen Congreso reformar Ley para atenci\u00f3n dolencias raras\" data-toggle data-title=\"Urgen Congreso reformar Ley para atenci\u00f3n dolencias raras\"><\/a> <\/div>\n<p>Santo Domingo, 3 mar.- La Alianza Dominicana de Asociaciones de Pacientes (Adapa) realiz\u00f3 un acto para visibilizar la realidad de las personas con enfermedades raras y reiter\u00f3 su llamado al Congreso Nacional para modificar la Ley 42-01 General de Salud.<\/p>\n<p>En la actividad participaron decenas de familias afectadas, mientras que la presidenta de la entidad, Denisse Vallejo, destac\u00f3 que aunque ha crecido la conciencia social sobre estos padecimientos, a\u00fan est\u00e1 pendiente la reforma legal que garantice una atenci\u00f3n integral.<\/p>\n<p>Vallejo record\u00f3 que hace un a\u00f1o entregaron una propuesta a la comisi\u00f3n del Senado encargada de estudiar la reforma, pero el anteproyecto qued\u00f3 fuera al concluir la legislatura el 12 de enero.<\/p>\n<p>Por ello, anunci\u00f3 que ser\u00e1 reintroducido en la nueva legislatura ordinaria iniciada el 27 de febrero \u00faltimo, con el objetivo de asegurar tamizaje neonatal, cobertura universal, acceso sostenible a medicamentos y terapias de \u00faltima generaci\u00f3n, as\u00ed como la creaci\u00f3n de un registro nacional de pacientes, un Consejo Nacional de Enfermedades Raras y una direcci\u00f3n especializada.<\/p>\n<p>La propuesta tambi\u00e9n contempla diagn\u00f3stico oportuno para reducir discapacidad y sufrimiento, instalaci\u00f3n de centros de referencia, protecci\u00f3n contra la discriminaci\u00f3n, apoyo integral a pacientes, familiares y cuidadores, adem\u00e1s de mayor inclusi\u00f3n educativa, social y laboral, promoci\u00f3n de investigaciones y capacitaci\u00f3n del personal de salud.<\/p>\n<p>Entre las enfermedades raras mencionadas figuran esclerosis m\u00faltiple, artritis reumatoidea, autismo, neuromielitis \u00f3ptica, distrofia muscular, cardiopat\u00edas cong\u00e9nitas e hidrocefalia, entre otras.<\/p>\n<p>La iniciativa cuenta con el respaldo de 17 organizaciones miembros de Adapa, que abogan por una transformaci\u00f3n del marco legal para garantizar derechos y mejorar la calidad de vida de quienes viven con estas condiciones.<\/p>\n<p>of-am<\/p>\n<div class=\"heateor_sss_sharing_container heateor_sss_horizontal_sharing\" data-heateor-sss-href=\"https:\/\/almomento.net\/urgen-congreso-reformar-ley-para-atencion-dolencias-raras\/\">\n<p>Comp\u00e1rtelo en tus redes:<\/p>\n<\/div>\n<p> <!-- 468x60 --><br \/>\n<ins class=\"adsbygoogle\" data-ad-client=\"ca-pub-3511341636159665\" data-ad-slot=\"3538255450\"><\/ins> <!-- .entry-content --> <\/p>\n","protected":false},"excerpt":{"rendered":"<p>Santo Domingo, 3 mar.- La Alianza Dominicana&#46;&#46;&#46;<\/p>\n","protected":false},"author":1,"featured_media":38618,"comment_status":"closed","ping_status":"closed","sticky":false,"template":"","format":"standard","meta":{"_jetpack_memberships_contains_paid_content":false,"footnotes":"","jetpack_publicize_message":"","jetpack_publicize_feature_enabled":true,"jetpack_social_post_already_shared":true,"jetpack_social_options":{"image_generator_settings":{"template":"highway","default_image_id":0,"font":"","enabled":false},"version":2}},"categories":[64],"tags":[],"class_list":["post-38617","post","type-post","status-publish","format-standard","has-post-thumbnail","hentry","category-salud"],"yoast_head":"<!-- This site is optimized with the Yoast SEO plugin v27.3 - https:\/\/yoast.com\/product\/yoast-seo-wordpress\/ -->\n<title>Urgen Congreso reformar Ley para atenci\u00f3n dolencias raras - Sarmiento24h<\/title>\n<meta name=\"robots\" content=\"index, follow, max-snippet:-1, max-image-preview:large, max-video-preview:-1\" \/>\n<link rel=\"canonical\" href=\"https:\/\/sarmiento24h.com\/?p=38617\" \/>\n<meta property=\"og:locale\" content=\"es_ES\" \/>\n<meta property=\"og:type\" content=\"article\" \/>\n<meta property=\"og:title\" content=\"Urgen Congreso reformar Ley para atenci\u00f3n dolencias raras - Sarmiento24h\" \/>\n<meta property=\"og:description\" content=\"Santo Domingo, 3 mar.- La Alianza Dominicana&#046;&#046;&#046;\" \/>\n<meta property=\"og:url\" content=\"https:\/\/sarmiento24h.com\/?p=38617\" \/>\n<meta property=\"og:site_name\" content=\"Sarmiento24h\" \/>\n<meta property=\"article:publisher\" content=\"https:\/\/facebook.com\/s24hnoticias\" \/>\n<meta property=\"article:published_time\" content=\"2026-03-03T06:17:15+00:00\" \/>\n<meta property=\"og:image\" content=\"https:\/\/sarmiento24h.com\/wp-content\/uploads\/2026\/03\/urgen-congreso-reformar-ley-para-atencion-dolencias-raras.jpg\" \/>\n\t<meta property=\"og:image:width\" content=\"2560\" \/>\n\t<meta property=\"og:image:height\" content=\"1707\" \/>\n\t<meta property=\"og:image:type\" content=\"image\/jpeg\" \/>\n<meta name=\"author\" content=\"sarmiento24h@gmail.com\" \/>\n<meta name=\"twitter:card\" content=\"summary_large_image\" \/>\n<meta name=\"twitter:creator\" content=\"@sarmiento24h\" \/>\n<meta name=\"twitter:site\" content=\"@sarmiento24h\" \/>\n<meta name=\"twitter:label1\" content=\"Escrito por\" \/>\n\t<meta name=\"twitter:data1\" content=\"sarmiento24h@gmail.com\" \/>\n\t<meta name=\"twitter:label2\" content=\"Tiempo de lectura\" \/>\n\t<meta name=\"twitter:data2\" content=\"1 minuto\" \/>\n<script type=\"application\/ld+json\" class=\"yoast-schema-graph\">{\"@context\":\"https:\\\/\\\/schema.org\",\"@graph\":[{\"@type\":\"Article\",\"@id\":\"https:\\\/\\\/sarmiento24h.com\\\/?p=38617#article\",\"isPartOf\":{\"@id\":\"https:\\\/\\\/sarmiento24h.com\\\/?p=38617\"},\"author\":{\"name\":\"sarmiento24h@gmail.com\",\"@id\":\"https:\\\/\\\/sarmiento24h.com\\\/#\\\/schema\\\/person\\\/d653a59725ad629a7e0429af7b939d4d\"},\"headline\":\"Urgen Congreso reformar Ley para atenci\u00f3n dolencias raras\",\"datePublished\":\"2026-03-03T06:17:15+00:00\",\"mainEntityOfPage\":{\"@id\":\"https:\\\/\\\/sarmiento24h.com\\\/?p=38617\"},\"wordCount\":298,\"publisher\":{\"@id\":\"https:\\\/\\\/sarmiento24h.com\\\/#organization\"},\"image\":{\"@id\":\"https:\\\/\\\/sarmiento24h.com\\\/?p=38617#primaryimage\"},\"thumbnailUrl\":\"https:\\\/\\\/sarmiento24h.com\\\/wp-content\\\/uploads\\\/2026\\\/03\\\/urgen-congreso-reformar-ley-para-atencion-dolencias-raras.jpg\",\"articleSection\":[\"Salud\"],\"inLanguage\":\"es\"},{\"@type\":\"WebPage\",\"@id\":\"https:\\\/\\\/sarmiento24h.com\\\/?p=38617\",\"url\":\"https:\\\/\\\/sarmiento24h.com\\\/?p=38617\",\"name\":\"Urgen Congreso reformar Ley para atenci\u00f3n dolencias raras - Sarmiento24h\",\"isPartOf\":{\"@id\":\"https:\\\/\\\/sarmiento24h.com\\\/#website\"},\"primaryImageOfPage\":{\"@id\":\"https:\\\/\\\/sarmiento24h.com\\\/?p=38617#primaryimage\"},\"image\":{\"@id\":\"https:\\\/\\\/sarmiento24h.com\\\/?p=38617#primaryimage\"},\"thumbnailUrl\":\"https:\\\/\\\/sarmiento24h.com\\\/wp-content\\\/uploads\\\/2026\\\/03\\\/urgen-congreso-reformar-ley-para-atencion-dolencias-raras.jpg\",\"datePublished\":\"2026-03-03T06:17:15+00:00\",\"breadcrumb\":{\"@id\":\"https:\\\/\\\/sarmiento24h.com\\\/?p=38617#breadcrumb\"},\"inLanguage\":\"es\",\"potentialAction\":[{\"@type\":\"ReadAction\",\"target\":[\"https:\\\/\\\/sarmiento24h.com\\\/?p=38617\"]}]},{\"@type\":\"ImageObject\",\"inLanguage\":\"es\",\"@id\":\"https:\\\/\\\/sarmiento24h.com\\\/?p=38617#primaryimage\",\"url\":\"https:\\\/\\\/sarmiento24h.com\\\/wp-content\\\/uploads\\\/2026\\\/03\\\/urgen-congreso-reformar-ley-para-atencion-dolencias-raras.jpg\",\"contentUrl\":\"https:\\\/\\\/sarmiento24h.com\\\/wp-content\\\/uploads\\\/2026\\\/03\\\/urgen-congreso-reformar-ley-para-atencion-dolencias-raras.jpg\",\"width\":2560,\"height\":1707},{\"@type\":\"BreadcrumbList\",\"@id\":\"https:\\\/\\\/sarmiento24h.com\\\/?p=38617#breadcrumb\",\"itemListElement\":[{\"@type\":\"ListItem\",\"position\":1,\"name\":\"Home\",\"item\":\"https:\\\/\\\/sarmiento24h.com\\\/\"},{\"@type\":\"ListItem\",\"position\":2,\"name\":\"Urgen Congreso reformar Ley para atenci\u00f3n dolencias raras\"}]},{\"@type\":\"WebSite\",\"@id\":\"https:\\\/\\\/sarmiento24h.com\\\/#website\",\"url\":\"https:\\\/\\\/sarmiento24h.com\\\/\",\"name\":\"Sarmiento24h\",\"description\":\"\",\"publisher\":{\"@id\":\"https:\\\/\\\/sarmiento24h.com\\\/#organization\"},\"potentialAction\":[{\"@type\":\"SearchAction\",\"target\":{\"@type\":\"EntryPoint\",\"urlTemplate\":\"https:\\\/\\\/sarmiento24h.com\\\/?s={search_term_string}\"},\"query-input\":{\"@type\":\"PropertyValueSpecification\",\"valueRequired\":true,\"valueName\":\"search_term_string\"}}],\"inLanguage\":\"es\"},{\"@type\":\"Organization\",\"@id\":\"https:\\\/\\\/sarmiento24h.com\\\/#organization\",\"name\":\"Sarmiento24h\",\"url\":\"https:\\\/\\\/sarmiento24h.com\\\/\",\"logo\":{\"@type\":\"ImageObject\",\"inLanguage\":\"es\",\"@id\":\"https:\\\/\\\/sarmiento24h.com\\\/#\\\/schema\\\/logo\\\/image\\\/\",\"url\":\"https:\\\/\\\/sarmiento24h.com\\\/wp-content\\\/uploads\\\/2025\\\/12\\\/AddText_12-16-10.30.52.jpg\",\"contentUrl\":\"https:\\\/\\\/sarmiento24h.com\\\/wp-content\\\/uploads\\\/2025\\\/12\\\/AddText_12-16-10.30.52.jpg\",\"width\":1220,\"height\":324,\"caption\":\"Sarmiento24h\"},\"image\":{\"@id\":\"https:\\\/\\\/sarmiento24h.com\\\/#\\\/schema\\\/logo\\\/image\\\/\"},\"sameAs\":[\"https:\\\/\\\/facebook.com\\\/s24hnoticias\",\"https:\\\/\\\/x.com\\\/sarmiento24h\"]},{\"@type\":\"Person\",\"@id\":\"https:\\\/\\\/sarmiento24h.com\\\/#\\\/schema\\\/person\\\/d653a59725ad629a7e0429af7b939d4d\",\"name\":\"sarmiento24h@gmail.com\",\"image\":{\"@type\":\"ImageObject\",\"inLanguage\":\"es\",\"@id\":\"https:\\\/\\\/sarmiento24h.com\\\/wp-content\\\/litespeed\\\/avatar\\\/d02cbc4e23c747e6659cd45907173c8f.jpg?ver=1777157796\",\"url\":\"https:\\\/\\\/sarmiento24h.com\\\/wp-content\\\/litespeed\\\/avatar\\\/d02cbc4e23c747e6659cd45907173c8f.jpg?ver=1777157796\",\"contentUrl\":\"https:\\\/\\\/sarmiento24h.com\\\/wp-content\\\/litespeed\\\/avatar\\\/d02cbc4e23c747e6659cd45907173c8f.jpg?ver=1777157796\",\"caption\":\"sarmiento24h@gmail.com\"},\"sameAs\":[\"https:\\\/\\\/sarmiento24h.com\"],\"url\":\"https:\\\/\\\/sarmiento24h.com\\\/?author=1\"}]}<\/script>\n<!-- \/ Yoast SEO plugin. -->","yoast_head_json":{"title":"Urgen Congreso reformar Ley para atenci\u00f3n dolencias raras - Sarmiento24h","robots":{"index":"index","follow":"follow","max-snippet":"max-snippet:-1","max-image-preview":"max-image-preview:large","max-video-preview":"max-video-preview:-1"},"canonical":"https:\/\/sarmiento24h.com\/?p=38617","og_locale":"es_ES","og_type":"article","og_title":"Urgen Congreso reformar Ley para atenci\u00f3n dolencias raras - Sarmiento24h","og_description":"Santo Domingo, 3 mar.- La Alianza Dominicana&#46;&#46;&#46;","og_url":"https:\/\/sarmiento24h.com\/?p=38617","og_site_name":"Sarmiento24h","article_publisher":"https:\/\/facebook.com\/s24hnoticias","article_published_time":"2026-03-03T06:17:15+00:00","og_image":[{"width":2560,"height":1707,"url":"https:\/\/sarmiento24h.com\/wp-content\/uploads\/2026\/03\/urgen-congreso-reformar-ley-para-atencion-dolencias-raras.jpg","type":"image\/jpeg"}],"author":"sarmiento24h@gmail.com","twitter_card":"summary_large_image","twitter_creator":"@sarmiento24h","twitter_site":"@sarmiento24h","twitter_misc":{"Escrito por":"sarmiento24h@gmail.com","Tiempo de lectura":"1 minuto"},"schema":{"@context":"https:\/\/schema.org","@graph":[{"@type":"Article","@id":"https:\/\/sarmiento24h.com\/?p=38617#article","isPartOf":{"@id":"https:\/\/sarmiento24h.com\/?p=38617"},"author":{"name":"sarmiento24h@gmail.com","@id":"https:\/\/sarmiento24h.com\/#\/schema\/person\/d653a59725ad629a7e0429af7b939d4d"},"headline":"Urgen Congreso reformar Ley para atenci\u00f3n dolencias raras","datePublished":"2026-03-03T06:17:15+00:00","mainEntityOfPage":{"@id":"https:\/\/sarmiento24h.com\/?p=38617"},"wordCount":298,"publisher":{"@id":"https:\/\/sarmiento24h.com\/#organization"},"image":{"@id":"https:\/\/sarmiento24h.com\/?p=38617#primaryimage"},"thumbnailUrl":"https:\/\/sarmiento24h.com\/wp-content\/uploads\/2026\/03\/urgen-congreso-reformar-ley-para-atencion-dolencias-raras.jpg","articleSection":["Salud"],"inLanguage":"es"},{"@type":"WebPage","@id":"https:\/\/sarmiento24h.com\/?p=38617","url":"https:\/\/sarmiento24h.com\/?p=38617","name":"Urgen Congreso reformar Ley para atenci\u00f3n dolencias raras - Sarmiento24h","isPartOf":{"@id":"https:\/\/sarmiento24h.com\/#website"},"primaryImageOfPage":{"@id":"https:\/\/sarmiento24h.com\/?p=38617#primaryimage"},"image":{"@id":"https:\/\/sarmiento24h.com\/?p=38617#primaryimage"},"thumbnailUrl":"https:\/\/sarmiento24h.com\/wp-content\/uploads\/2026\/03\/urgen-congreso-reformar-ley-para-atencion-dolencias-raras.jpg","datePublished":"2026-03-03T06:17:15+00:00","breadcrumb":{"@id":"https:\/\/sarmiento24h.com\/?p=38617#breadcrumb"},"inLanguage":"es","potentialAction":[{"@type":"ReadAction","target":["https:\/\/sarmiento24h.com\/?p=38617"]}]},{"@type":"ImageObject","inLanguage":"es","@id":"https:\/\/sarmiento24h.com\/?p=38617#primaryimage","url":"https:\/\/sarmiento24h.com\/wp-content\/uploads\/2026\/03\/urgen-congreso-reformar-ley-para-atencion-dolencias-raras.jpg","contentUrl":"https:\/\/sarmiento24h.com\/wp-content\/uploads\/2026\/03\/urgen-congreso-reformar-ley-para-atencion-dolencias-raras.jpg","width":2560,"height":1707},{"@type":"BreadcrumbList","@id":"https:\/\/sarmiento24h.com\/?p=38617#breadcrumb","itemListElement":[{"@type":"ListItem","position":1,"name":"Home","item":"https:\/\/sarmiento24h.com\/"},{"@type":"ListItem","position":2,"name":"Urgen Congreso reformar Ley para atenci\u00f3n dolencias raras"}]},{"@type":"WebSite","@id":"https:\/\/sarmiento24h.com\/#website","url":"https:\/\/sarmiento24h.com\/","name":"Sarmiento24h","description":"","publisher":{"@id":"https:\/\/sarmiento24h.com\/#organization"},"potentialAction":[{"@type":"SearchAction","target":{"@type":"EntryPoint","urlTemplate":"https:\/\/sarmiento24h.com\/?s={search_term_string}"},"query-input":{"@type":"PropertyValueSpecification","valueRequired":true,"valueName":"search_term_string"}}],"inLanguage":"es"},{"@type":"Organization","@id":"https:\/\/sarmiento24h.com\/#organization","name":"Sarmiento24h","url":"https:\/\/sarmiento24h.com\/","logo":{"@type":"ImageObject","inLanguage":"es","@id":"https:\/\/sarmiento24h.com\/#\/schema\/logo\/image\/","url":"https:\/\/sarmiento24h.com\/wp-content\/uploads\/2025\/12\/AddText_12-16-10.30.52.jpg","contentUrl":"https:\/\/sarmiento24h.com\/wp-content\/uploads\/2025\/12\/AddText_12-16-10.30.52.jpg","width":1220,"height":324,"caption":"Sarmiento24h"},"image":{"@id":"https:\/\/sarmiento24h.com\/#\/schema\/logo\/image\/"},"sameAs":["https:\/\/facebook.com\/s24hnoticias","https:\/\/x.com\/sarmiento24h"]},{"@type":"Person","@id":"https:\/\/sarmiento24h.com\/#\/schema\/person\/d653a59725ad629a7e0429af7b939d4d","name":"sarmiento24h@gmail.com","image":{"@type":"ImageObject","inLanguage":"es","@id":"https:\/\/sarmiento24h.com\/wp-content\/litespeed\/avatar\/d02cbc4e23c747e6659cd45907173c8f.jpg?ver=1777157796","url":"https:\/\/sarmiento24h.com\/wp-content\/litespeed\/avatar\/d02cbc4e23c747e6659cd45907173c8f.jpg?ver=1777157796","contentUrl":"https:\/\/sarmiento24h.com\/wp-content\/litespeed\/avatar\/d02cbc4e23c747e6659cd45907173c8f.jpg?ver=1777157796","caption":"sarmiento24h@gmail.com"},"sameAs":["https:\/\/sarmiento24h.com"],"url":"https:\/\/sarmiento24h.com\/?author=1"}]}},"jetpack_publicize_connections":[],"jetpack_featured_media_url":"https:\/\/sarmiento24h.com\/wp-content\/uploads\/2026\/03\/urgen-congreso-reformar-ley-para-atencion-dolencias-raras.jpg","jetpack_sharing_enabled":true,"_links":{"self":[{"href":"https:\/\/sarmiento24h.com\/index.php?rest_route=\/wp\/v2\/posts\/38617","targetHints":{"allow":["GET"]}}],"collection":[{"href":"https:\/\/sarmiento24h.com\/index.php?rest_route=\/wp\/v2\/posts"}],"about":[{"href":"https:\/\/sarmiento24h.com\/index.php?rest_route=\/wp\/v2\/types\/post"}],"author":[{"embeddable":true,"href":"https:\/\/sarmiento24h.com\/index.php?rest_route=\/wp\/v2\/users\/1"}],"replies":[{"embeddable":true,"href":"https:\/\/sarmiento24h.com\/index.php?rest_route=%2Fwp%2Fv2%2Fcomments&post=38617"}],"version-history":[{"count":0,"href":"https:\/\/sarmiento24h.com\/index.php?rest_route=\/wp\/v2\/posts\/38617\/revisions"}],"wp:featuredmedia":[{"embeddable":true,"href":"https:\/\/sarmiento24h.com\/index.php?rest_route=\/wp\/v2\/media\/38618"}],"wp:attachment":[{"href":"https:\/\/sarmiento24h.com\/index.php?rest_route=%2Fwp%2Fv2%2Fmedia&parent=38617"}],"wp:term":[{"taxonomy":"category","embeddable":true,"href":"https:\/\/sarmiento24h.com\/index.php?rest_route=%2Fwp%2Fv2%2Fcategories&post=38617"},{"taxonomy":"post_tag","embeddable":true,"href":"https:\/\/sarmiento24h.com\/index.php?rest_route=%2Fwp%2Fv2%2Ftags&post=38617"}],"curies":[{"name":"wp","href":"https:\/\/api.w.org\/{rel}","templated":true}]}}