{"id":3913,"date":"2025-12-14T22:16:40","date_gmt":"2025-12-14T22:16:40","guid":{"rendered":"http:\/\/almomento.net\/?p=1085770"},"modified":"2025-12-14T22:16:40","modified_gmt":"2025-12-14T22:16:40","slug":"inauguran-carretera-el-cercado-juan-santiago-hondo-valle","status":"publish","type":"post","link":"https:\/\/sarmiento24h.com\/?p=3913","title":{"rendered":"Inauguran carretera El Cercado-Juan Santiago-Hondo Valle"},"content":{"rendered":"<p><!-- .entry-header --> <\/p>\n<div class=\"img_center\" readability=\"7\"> <a href=\"https:\/\/almomento.net\/wp-content\/uploads\/2025\/12\/carretera.jpg\" alt=\"Inauguran carretera El Cercado-Juan Santiago-Hondo Valle\" title=\"Inauguran carretera El Cercado-Juan Santiago-Hondo Valle\" data-toggle=\"lightbox\" class=\"thickbox\"><img decoding=\"async\" src=\"https:\/\/almomento.net\/wp-content\/uploads\/2025\/12\/carretera.jpg\" class=\"attachment-post-thumbnail size-post-thumbnail wp-post-image\" alt=\"imagen\" title=\"Inauguran carretera El Cercado-Juan Santiago-Hondo Valle\" data-toggle data-title=\"Inauguran carretera El Cercado-Juan Santiago-Hondo Valle\"><\/a><\/p>\n<p>Carretera El Cercado\u2013Juan Santiago\u2013Hondo Valle<\/p>\n<\/p><\/div>\n<p><iframe loading=\"lazy\" title=\"La carretera que cambi\u00f3 vidas | El Cercado \u2013 Hondo Valle \u2013&nbsp;Juan&nbsp;Santiago\" width=\"500\" height=\"281\" src=\"https:\/\/www.youtube.com\/embed\/NplML29499Q?feature=oembed\" frameborder=\"0\" allow=\"accelerometer; autoplay; clipboard-write; encrypted-media; gyroscope; picture-in-picture; web-share\" referrerpolicy=\"strict-origin-when-cross-origin\" allowfullscreen>[embedded content]<\/iframe><\/p>\n<p dir=\"auto\">HONDO VALLE, El\u00edas Pi\u00f1a.\u2014 El presidente Luis Abinader inaugur\u00f3 este domingo la reconstruida carretera El Cercado \u2013 Juan Santiago \u2013 Hondo Valle.<\/p>\n<p dir=\"auto\">Un comunicado de prensa de la Presidencia expresa que la v\u00eda representa un avance trascendental en conectividad, movilidad y calidad de vida para m\u00e1s de 45,000 habitantes de esta zona estrat\u00e9gica del pa\u00eds.<\/p>\n<p dir=\"auto\"><strong>ABINADER DESTACA LA OBRA<\/strong><\/p>\n<p dir=\"auto\">Abinader destac\u00f3 que la obra responde a la visi\u00f3n de desarrollo integral del sur y de la frontera, al impulsar la producci\u00f3n agr\u00edcola, el turismo y mejorar las condiciones de vida de las comunidades donde nace la Rep\u00fablica Dominicana. Se\u00f1al\u00f3 que esta infraestructura deja atr\u00e1s d\u00e9cadas de aislamiento y abre nuevas oportunidades para el crecimiento econ\u00f3mico y social.<\/p>\n<p dir=\"auto\">Explic\u00f3 que la zona posee una vocaci\u00f3n especial tanto agr\u00edcola como tur\u00edstica, con condiciones favorables para cultivos de clima templado y producci\u00f3n en invernaderos, lo que permitir\u00e1 suplir la demanda del polo tur\u00edstico de Pedernales.<\/p>\n<p dir=\"auto\">Record\u00f3 que esta carretera fue una deuda hist\u00f3rica del Estado, priorizada por su impacto humano, ya que el trayecto entre El Cercado y Hondo Valle se reduce de m\u00e1s de dos horas a menos de 20 minutos.<\/p>\n<p dir=\"auto\">Exhort\u00f3 a la poblaci\u00f3n a cuidar la v\u00eda y felicit\u00f3 al ministro de Obras P\u00fablicas y Comunicaciones, Eduardo Estrella, a los contratistas y a todo el personal t\u00e9cnico involucrado en la ejecuci\u00f3n del proyecto.<\/p>\n<p dir=\"auto\"><strong>MINISTRO OBRAS PUBLICAS RESALTA LA CONECTIVIDAD<\/strong><\/p>\n<p dir=\"auto\">De su lado, el ministro de Obras P\u00fablicas, Eduardo Estrella, resalt\u00f3 que la obra fue construida con altos est\u00e1ndares de calidad, tomando en cuenta las condiciones clim\u00e1ticas de la zona, una de las m\u00e1s lluviosas del pa\u00eds.<\/p>\n<p dir=\"auto\">Explic\u00f3 que el proyecto incluy\u00f3, adem\u00e1s del tramo principal, la intervenci\u00f3n de calles urbanas en El Cercado, Juan Santiago y Hondo Valle, as\u00ed como la construcci\u00f3n de m\u00e1s de 20 puentes y cerca de 60 alcantarillas con un sistema de drenaje dise\u00f1ado para manejar altos niveles de lluvia, reduciendo riesgos de inundaciones y deslizamientos, y garantizando la durabilidad de la v\u00eda.<\/p>\n<p dir=\"auto\">Indic\u00f3 que la nueva infraestructura mejora significativamente la conectividad, reduce los tiempos de viaje desde Santo Domingo y fortalece el desarrollo econ\u00f3mico de la regi\u00f3n, como parte de la visi\u00f3n de Estado del presidente Abinader para el fortalecimiento de la frontera.<\/p>\n<p dir=\"auto\"><strong>GOBERNADORA Y OBISPO RESALTAN LA OBRA<\/strong><\/p>\n<p dir=\"auto\">La gobernadora de El\u00edas Pi\u00f1a, Migdaly de los Santos, resalt\u00f3 que la carretera pone fin a a\u00f1os de aislamiento y mejora significativamente la movilidad y el acceso a servicios esenciales. Mientras que la gobernadora de San Juan, Ana Mar\u00eda Castillo, destac\u00f3 su impacto estrat\u00e9gico para el desarrollo econ\u00f3mico y comercial de la regi\u00f3n sur.<\/p>\n<p dir=\"auto\">En tanto, monse\u00f1or Thom\u00e1s Alejo Concepci\u00f3n, obispo de la Di\u00f3cesis de San Juan, destac\u00f3 la obra como un s\u00edmbolo de esperanza y desarrollo para la frontera.<\/p>\n<p dir=\"auto\"><strong>ENTREGAN LLAVE AL PRESIDENTE<\/strong><\/p>\n<p dir=\"auto\">En el acto, el Ayuntamiento Municipal de Hondo Valle y el Consejo de Regidores entregaron la Llave de la Ciudad al presidente Abinader, como reconocimiento a su compromiso con el desarrollo de los municipios de El Cercado, Juan Santiago, Rancho de la Guardia y Hondo Valle.<\/p>\n<p dir=\"auto\">La distinci\u00f3n simboliza la gratitud y el respeto del pueblo hondo vallense y fue encabezada por el alcalde Aciano de la Cruz, junto a autoridades municipales y comunitarias.<\/p>\n<p dir=\"auto\">of-am<\/p>\n<div class=\"heateor_sss_sharing_container heateor_sss_horizontal_sharing\" data-heateor-sss-href=\"https:\/\/almomento.net\/inauguran-carretera-el-cercado-juan-santiago-hondo-valle\/\" readability=\"7\">\n<p>Comp\u00e1rtelo en tus redes:<\/p>\n<\/div>\n<p> <!-- 468x60 --><br \/>\n<ins class=\"adsbygoogle\" data-ad-client=\"ca-pub-3511341636159665\" data-ad-slot=\"3538255450\"><\/ins> <!-- .entry-content --> <\/p>\n","protected":false},"excerpt":{"rendered":"<p>Carretera El Cercado\u2013Juan Santiago\u2013Hondo Valle [embedded content]&#46;&#46;&#46;<\/p>\n","protected":false},"author":1,"featured_media":3914,"comment_status":"closed","ping_status":"closed","sticky":false,"template":"","format":"standard","meta":{"_jetpack_memberships_contains_paid_content":false,"footnotes":"","jetpack_publicize_message":"","jetpack_publicize_feature_enabled":true,"jetpack_social_post_already_shared":false,"jetpack_social_options":{"image_generator_settings":{"template":"highway","default_image_id":0,"font":"","enabled":false},"version":2}},"categories":[69],"tags":[],"class_list":["post-3913","post","type-post","status-publish","format-standard","has-post-thumbnail","hentry","category-portada"],"yoast_head":"<!-- This site is optimized with the Yoast SEO plugin v27.3 - https:\/\/yoast.com\/product\/yoast-seo-wordpress\/ -->\n<title>Inauguran carretera El Cercado-Juan Santiago-Hondo Valle - Sarmiento24h<\/title>\n<meta name=\"robots\" content=\"index, follow, max-snippet:-1, max-image-preview:large, max-video-preview:-1\" \/>\n<link rel=\"canonical\" href=\"https:\/\/sarmiento24h.com\/?p=3913\" \/>\n<meta property=\"og:locale\" content=\"es_ES\" \/>\n<meta property=\"og:type\" content=\"article\" \/>\n<meta property=\"og:title\" content=\"Inauguran carretera El Cercado-Juan Santiago-Hondo Valle - Sarmiento24h\" \/>\n<meta property=\"og:description\" content=\"Carretera El Cercado\u2013Juan Santiago\u2013Hondo Valle [embedded content]&#046;&#046;&#046;\" \/>\n<meta property=\"og:url\" content=\"https:\/\/sarmiento24h.com\/?p=3913\" \/>\n<meta property=\"og:site_name\" content=\"Sarmiento24h\" \/>\n<meta property=\"article:publisher\" content=\"https:\/\/facebook.com\/s24hnoticias\" \/>\n<meta property=\"article:published_time\" content=\"2025-12-14T22:16:40+00:00\" \/>\n<meta property=\"og:image\" content=\"https:\/\/sarmiento24h.com\/wp-content\/uploads\/2025\/12\/inauguran-carretera-el-cercado-juan-santiago-hondo-valle.jpg\" \/>\n\t<meta property=\"og:image:width\" content=\"680\" \/>\n\t<meta property=\"og:image:height\" content=\"453\" \/>\n\t<meta property=\"og:image:type\" content=\"image\/jpeg\" \/>\n<meta name=\"author\" content=\"sarmiento24h@gmail.com\" \/>\n<meta name=\"twitter:card\" content=\"summary_large_image\" \/>\n<meta name=\"twitter:creator\" content=\"@sarmiento24h\" \/>\n<meta name=\"twitter:site\" content=\"@sarmiento24h\" \/>\n<meta name=\"twitter:label1\" content=\"Escrito por\" \/>\n\t<meta name=\"twitter:data1\" content=\"sarmiento24h@gmail.com\" \/>\n\t<meta name=\"twitter:label2\" content=\"Tiempo de lectura\" \/>\n\t<meta name=\"twitter:data2\" content=\"3 minutos\" \/>\n<script type=\"application\/ld+json\" class=\"yoast-schema-graph\">{\"@context\":\"https:\\\/\\\/schema.org\",\"@graph\":[{\"@type\":\"Article\",\"@id\":\"https:\\\/\\\/sarmiento24h.com\\\/?p=3913#article\",\"isPartOf\":{\"@id\":\"https:\\\/\\\/sarmiento24h.com\\\/?p=3913\"},\"author\":{\"name\":\"sarmiento24h@gmail.com\",\"@id\":\"https:\\\/\\\/sarmiento24h.com\\\/#\\\/schema\\\/person\\\/d653a59725ad629a7e0429af7b939d4d\"},\"headline\":\"Inauguran carretera El Cercado-Juan Santiago-Hondo Valle\",\"datePublished\":\"2025-12-14T22:16:40+00:00\",\"mainEntityOfPage\":{\"@id\":\"https:\\\/\\\/sarmiento24h.com\\\/?p=3913\"},\"wordCount\":600,\"publisher\":{\"@id\":\"https:\\\/\\\/sarmiento24h.com\\\/#organization\"},\"image\":{\"@id\":\"https:\\\/\\\/sarmiento24h.com\\\/?p=3913#primaryimage\"},\"thumbnailUrl\":\"https:\\\/\\\/sarmiento24h.com\\\/wp-content\\\/uploads\\\/2025\\\/12\\\/inauguran-carretera-el-cercado-juan-santiago-hondo-valle.jpg\",\"articleSection\":[\"Portada\"],\"inLanguage\":\"es\"},{\"@type\":\"WebPage\",\"@id\":\"https:\\\/\\\/sarmiento24h.com\\\/?p=3913\",\"url\":\"https:\\\/\\\/sarmiento24h.com\\\/?p=3913\",\"name\":\"Inauguran carretera El Cercado-Juan Santiago-Hondo Valle - Sarmiento24h\",\"isPartOf\":{\"@id\":\"https:\\\/\\\/sarmiento24h.com\\\/#website\"},\"primaryImageOfPage\":{\"@id\":\"https:\\\/\\\/sarmiento24h.com\\\/?p=3913#primaryimage\"},\"image\":{\"@id\":\"https:\\\/\\\/sarmiento24h.com\\\/?p=3913#primaryimage\"},\"thumbnailUrl\":\"https:\\\/\\\/sarmiento24h.com\\\/wp-content\\\/uploads\\\/2025\\\/12\\\/inauguran-carretera-el-cercado-juan-santiago-hondo-valle.jpg\",\"datePublished\":\"2025-12-14T22:16:40+00:00\",\"breadcrumb\":{\"@id\":\"https:\\\/\\\/sarmiento24h.com\\\/?p=3913#breadcrumb\"},\"inLanguage\":\"es\",\"potentialAction\":[{\"@type\":\"ReadAction\",\"target\":[\"https:\\\/\\\/sarmiento24h.com\\\/?p=3913\"]}]},{\"@type\":\"ImageObject\",\"inLanguage\":\"es\",\"@id\":\"https:\\\/\\\/sarmiento24h.com\\\/?p=3913#primaryimage\",\"url\":\"https:\\\/\\\/sarmiento24h.com\\\/wp-content\\\/uploads\\\/2025\\\/12\\\/inauguran-carretera-el-cercado-juan-santiago-hondo-valle.jpg\",\"contentUrl\":\"https:\\\/\\\/sarmiento24h.com\\\/wp-content\\\/uploads\\\/2025\\\/12\\\/inauguran-carretera-el-cercado-juan-santiago-hondo-valle.jpg\",\"width\":680,\"height\":453},{\"@type\":\"BreadcrumbList\",\"@id\":\"https:\\\/\\\/sarmiento24h.com\\\/?p=3913#breadcrumb\",\"itemListElement\":[{\"@type\":\"ListItem\",\"position\":1,\"name\":\"Home\",\"item\":\"https:\\\/\\\/sarmiento24h.com\\\/\"},{\"@type\":\"ListItem\",\"position\":2,\"name\":\"Inauguran carretera El Cercado-Juan Santiago-Hondo Valle\"}]},{\"@type\":\"WebSite\",\"@id\":\"https:\\\/\\\/sarmiento24h.com\\\/#website\",\"url\":\"https:\\\/\\\/sarmiento24h.com\\\/\",\"name\":\"Sarmiento24h\",\"description\":\"\",\"publisher\":{\"@id\":\"https:\\\/\\\/sarmiento24h.com\\\/#organization\"},\"potentialAction\":[{\"@type\":\"SearchAction\",\"target\":{\"@type\":\"EntryPoint\",\"urlTemplate\":\"https:\\\/\\\/sarmiento24h.com\\\/?s={search_term_string}\"},\"query-input\":{\"@type\":\"PropertyValueSpecification\",\"valueRequired\":true,\"valueName\":\"search_term_string\"}}],\"inLanguage\":\"es\"},{\"@type\":\"Organization\",\"@id\":\"https:\\\/\\\/sarmiento24h.com\\\/#organization\",\"name\":\"Sarmiento24h\",\"url\":\"https:\\\/\\\/sarmiento24h.com\\\/\",\"logo\":{\"@type\":\"ImageObject\",\"inLanguage\":\"es\",\"@id\":\"https:\\\/\\\/sarmiento24h.com\\\/#\\\/schema\\\/logo\\\/image\\\/\",\"url\":\"https:\\\/\\\/sarmiento24h.com\\\/wp-content\\\/uploads\\\/2025\\\/12\\\/AddText_12-16-10.30.52.jpg\",\"contentUrl\":\"https:\\\/\\\/sarmiento24h.com\\\/wp-content\\\/uploads\\\/2025\\\/12\\\/AddText_12-16-10.30.52.jpg\",\"width\":1220,\"height\":324,\"caption\":\"Sarmiento24h\"},\"image\":{\"@id\":\"https:\\\/\\\/sarmiento24h.com\\\/#\\\/schema\\\/logo\\\/image\\\/\"},\"sameAs\":[\"https:\\\/\\\/facebook.com\\\/s24hnoticias\",\"https:\\\/\\\/x.com\\\/sarmiento24h\"]},{\"@type\":\"Person\",\"@id\":\"https:\\\/\\\/sarmiento24h.com\\\/#\\\/schema\\\/person\\\/d653a59725ad629a7e0429af7b939d4d\",\"name\":\"sarmiento24h@gmail.com\",\"image\":{\"@type\":\"ImageObject\",\"inLanguage\":\"es\",\"@id\":\"https:\\\/\\\/sarmiento24h.com\\\/wp-content\\\/litespeed\\\/avatar\\\/d02cbc4e23c747e6659cd45907173c8f.jpg?ver=1777157796\",\"url\":\"https:\\\/\\\/sarmiento24h.com\\\/wp-content\\\/litespeed\\\/avatar\\\/d02cbc4e23c747e6659cd45907173c8f.jpg?ver=1777157796\",\"contentUrl\":\"https:\\\/\\\/sarmiento24h.com\\\/wp-content\\\/litespeed\\\/avatar\\\/d02cbc4e23c747e6659cd45907173c8f.jpg?ver=1777157796\",\"caption\":\"sarmiento24h@gmail.com\"},\"sameAs\":[\"https:\\\/\\\/sarmiento24h.com\"],\"url\":\"https:\\\/\\\/sarmiento24h.com\\\/?author=1\"}]}<\/script>\n<!-- \/ Yoast SEO plugin. -->","yoast_head_json":{"title":"Inauguran carretera El Cercado-Juan Santiago-Hondo Valle - Sarmiento24h","robots":{"index":"index","follow":"follow","max-snippet":"max-snippet:-1","max-image-preview":"max-image-preview:large","max-video-preview":"max-video-preview:-1"},"canonical":"https:\/\/sarmiento24h.com\/?p=3913","og_locale":"es_ES","og_type":"article","og_title":"Inauguran carretera El Cercado-Juan Santiago-Hondo Valle - Sarmiento24h","og_description":"Carretera El Cercado\u2013Juan Santiago\u2013Hondo Valle [embedded content]&#46;&#46;&#46;","og_url":"https:\/\/sarmiento24h.com\/?p=3913","og_site_name":"Sarmiento24h","article_publisher":"https:\/\/facebook.com\/s24hnoticias","article_published_time":"2025-12-14T22:16:40+00:00","og_image":[{"width":680,"height":453,"url":"https:\/\/sarmiento24h.com\/wp-content\/uploads\/2025\/12\/inauguran-carretera-el-cercado-juan-santiago-hondo-valle.jpg","type":"image\/jpeg"}],"author":"sarmiento24h@gmail.com","twitter_card":"summary_large_image","twitter_creator":"@sarmiento24h","twitter_site":"@sarmiento24h","twitter_misc":{"Escrito por":"sarmiento24h@gmail.com","Tiempo de lectura":"3 minutos"},"schema":{"@context":"https:\/\/schema.org","@graph":[{"@type":"Article","@id":"https:\/\/sarmiento24h.com\/?p=3913#article","isPartOf":{"@id":"https:\/\/sarmiento24h.com\/?p=3913"},"author":{"name":"sarmiento24h@gmail.com","@id":"https:\/\/sarmiento24h.com\/#\/schema\/person\/d653a59725ad629a7e0429af7b939d4d"},"headline":"Inauguran carretera El Cercado-Juan Santiago-Hondo Valle","datePublished":"2025-12-14T22:16:40+00:00","mainEntityOfPage":{"@id":"https:\/\/sarmiento24h.com\/?p=3913"},"wordCount":600,"publisher":{"@id":"https:\/\/sarmiento24h.com\/#organization"},"image":{"@id":"https:\/\/sarmiento24h.com\/?p=3913#primaryimage"},"thumbnailUrl":"https:\/\/sarmiento24h.com\/wp-content\/uploads\/2025\/12\/inauguran-carretera-el-cercado-juan-santiago-hondo-valle.jpg","articleSection":["Portada"],"inLanguage":"es"},{"@type":"WebPage","@id":"https:\/\/sarmiento24h.com\/?p=3913","url":"https:\/\/sarmiento24h.com\/?p=3913","name":"Inauguran carretera El Cercado-Juan Santiago-Hondo Valle - Sarmiento24h","isPartOf":{"@id":"https:\/\/sarmiento24h.com\/#website"},"primaryImageOfPage":{"@id":"https:\/\/sarmiento24h.com\/?p=3913#primaryimage"},"image":{"@id":"https:\/\/sarmiento24h.com\/?p=3913#primaryimage"},"thumbnailUrl":"https:\/\/sarmiento24h.com\/wp-content\/uploads\/2025\/12\/inauguran-carretera-el-cercado-juan-santiago-hondo-valle.jpg","datePublished":"2025-12-14T22:16:40+00:00","breadcrumb":{"@id":"https:\/\/sarmiento24h.com\/?p=3913#breadcrumb"},"inLanguage":"es","potentialAction":[{"@type":"ReadAction","target":["https:\/\/sarmiento24h.com\/?p=3913"]}]},{"@type":"ImageObject","inLanguage":"es","@id":"https:\/\/sarmiento24h.com\/?p=3913#primaryimage","url":"https:\/\/sarmiento24h.com\/wp-content\/uploads\/2025\/12\/inauguran-carretera-el-cercado-juan-santiago-hondo-valle.jpg","contentUrl":"https:\/\/sarmiento24h.com\/wp-content\/uploads\/2025\/12\/inauguran-carretera-el-cercado-juan-santiago-hondo-valle.jpg","width":680,"height":453},{"@type":"BreadcrumbList","@id":"https:\/\/sarmiento24h.com\/?p=3913#breadcrumb","itemListElement":[{"@type":"ListItem","position":1,"name":"Home","item":"https:\/\/sarmiento24h.com\/"},{"@type":"ListItem","position":2,"name":"Inauguran carretera El Cercado-Juan Santiago-Hondo Valle"}]},{"@type":"WebSite","@id":"https:\/\/sarmiento24h.com\/#website","url":"https:\/\/sarmiento24h.com\/","name":"Sarmiento24h","description":"","publisher":{"@id":"https:\/\/sarmiento24h.com\/#organization"},"potentialAction":[{"@type":"SearchAction","target":{"@type":"EntryPoint","urlTemplate":"https:\/\/sarmiento24h.com\/?s={search_term_string}"},"query-input":{"@type":"PropertyValueSpecification","valueRequired":true,"valueName":"search_term_string"}}],"inLanguage":"es"},{"@type":"Organization","@id":"https:\/\/sarmiento24h.com\/#organization","name":"Sarmiento24h","url":"https:\/\/sarmiento24h.com\/","logo":{"@type":"ImageObject","inLanguage":"es","@id":"https:\/\/sarmiento24h.com\/#\/schema\/logo\/image\/","url":"https:\/\/sarmiento24h.com\/wp-content\/uploads\/2025\/12\/AddText_12-16-10.30.52.jpg","contentUrl":"https:\/\/sarmiento24h.com\/wp-content\/uploads\/2025\/12\/AddText_12-16-10.30.52.jpg","width":1220,"height":324,"caption":"Sarmiento24h"},"image":{"@id":"https:\/\/sarmiento24h.com\/#\/schema\/logo\/image\/"},"sameAs":["https:\/\/facebook.com\/s24hnoticias","https:\/\/x.com\/sarmiento24h"]},{"@type":"Person","@id":"https:\/\/sarmiento24h.com\/#\/schema\/person\/d653a59725ad629a7e0429af7b939d4d","name":"sarmiento24h@gmail.com","image":{"@type":"ImageObject","inLanguage":"es","@id":"https:\/\/sarmiento24h.com\/wp-content\/litespeed\/avatar\/d02cbc4e23c747e6659cd45907173c8f.jpg?ver=1777157796","url":"https:\/\/sarmiento24h.com\/wp-content\/litespeed\/avatar\/d02cbc4e23c747e6659cd45907173c8f.jpg?ver=1777157796","contentUrl":"https:\/\/sarmiento24h.com\/wp-content\/litespeed\/avatar\/d02cbc4e23c747e6659cd45907173c8f.jpg?ver=1777157796","caption":"sarmiento24h@gmail.com"},"sameAs":["https:\/\/sarmiento24h.com"],"url":"https:\/\/sarmiento24h.com\/?author=1"}]}},"jetpack_publicize_connections":[],"jetpack_featured_media_url":"https:\/\/sarmiento24h.com\/wp-content\/uploads\/2025\/12\/inauguran-carretera-el-cercado-juan-santiago-hondo-valle.jpg","jetpack_sharing_enabled":true,"_links":{"self":[{"href":"https:\/\/sarmiento24h.com\/index.php?rest_route=\/wp\/v2\/posts\/3913","targetHints":{"allow":["GET"]}}],"collection":[{"href":"https:\/\/sarmiento24h.com\/index.php?rest_route=\/wp\/v2\/posts"}],"about":[{"href":"https:\/\/sarmiento24h.com\/index.php?rest_route=\/wp\/v2\/types\/post"}],"author":[{"embeddable":true,"href":"https:\/\/sarmiento24h.com\/index.php?rest_route=\/wp\/v2\/users\/1"}],"replies":[{"embeddable":true,"href":"https:\/\/sarmiento24h.com\/index.php?rest_route=%2Fwp%2Fv2%2Fcomments&post=3913"}],"version-history":[{"count":0,"href":"https:\/\/sarmiento24h.com\/index.php?rest_route=\/wp\/v2\/posts\/3913\/revisions"}],"wp:featuredmedia":[{"embeddable":true,"href":"https:\/\/sarmiento24h.com\/index.php?rest_route=\/wp\/v2\/media\/3914"}],"wp:attachment":[{"href":"https:\/\/sarmiento24h.com\/index.php?rest_route=%2Fwp%2Fv2%2Fmedia&parent=3913"}],"wp:term":[{"taxonomy":"category","embeddable":true,"href":"https:\/\/sarmiento24h.com\/index.php?rest_route=%2Fwp%2Fv2%2Fcategories&post=3913"},{"taxonomy":"post_tag","embeddable":true,"href":"https:\/\/sarmiento24h.com\/index.php?rest_route=%2Fwp%2Fv2%2Ftags&post=3913"}],"curies":[{"name":"wp","href":"https:\/\/api.w.org\/{rel}","templated":true}]}}