{"id":3922,"date":"2025-12-15T02:36:25","date_gmt":"2025-12-15T02:36:25","guid":{"rendered":"http:\/\/almomento.net\/?p=1085866"},"modified":"2025-12-15T02:36:25","modified_gmt":"2025-12-15T02:36:25","slug":"cientos-piden-prision-preventiva-para-acusados-en-caso-senasa","status":"publish","type":"post","link":"https:\/\/sarmiento24h.com\/?p=3922","title":{"rendered":"Cientos piden prisi\u00f3n preventiva para acusados en caso Senasa"},"content":{"rendered":"<p><!-- .entry-header --> <\/p>\n<div class=\"img_center\"> <a href=\"https:\/\/almomento.net\/wp-content\/uploads\/2025\/12\/IMG_9236.jpeg\" alt=\"Cientos piden prisi\u00f3n preventiva para acusados en caso Senasa\" title=\"Cientos piden prisi\u00f3n preventiva para acusados en caso Senasa\" data-toggle=\"lightbox\" class=\"thickbox\"><img decoding=\"async\" src=\"https:\/\/almomento.net\/wp-content\/uploads\/2025\/12\/IMG_9236.jpeg\" class=\"attachment-post-thumbnail size-post-thumbnail wp-post-image\" alt=\"imagen\" title=\"Cientos piden prisi\u00f3n preventiva para acusados en caso Senasa\" data-toggle data-title=\"Cientos piden prisi\u00f3n preventiva para acusados en caso Senasa\"><\/a> <\/div>\n<p>Santo Domingo, 14 dic .- una multitud &nbsp;se present\u00f3 la tarde-noche de este domingo a los alrededores del Palacio de Justicia de Ciudad Nueva, para exigir que a los acusados del presunto fraude cometido en el Seguro Nacional de Salud (Senasa) se les aplique prisi\u00f3n preventiva.<\/p>\n<p>La Oficina de Atenci\u00f3n Permanente del Distrito Nacional anunci\u00f3 ayer que emitir\u00eda su decisi\u00f3n en torno a la petici\u00f3n de medidas de coerci\u00f3n este domingo a las 6 de la tarde, pero pasadas las 8 de la noche a\u00fan el tribunal no emit\u00eda su fallo.<\/p>\n<p>El empresario e influencer Santiago Mat\u00edas, conocido como Alofoke, fue uno de los que se uni\u00f3 a la protesta, al igual que el comunicador Ram\u00f3n Tolentino y miembros de la Antigua Orden Dominicana, un grupo que defiende las deportaciones de haitianos indocumentados.<\/p>\n<p>La protesta, originalmente fue convocada por redes sociales por el movimiento Somos Pueblo, que se caracteriza con denunciar casos de corrupci\u00f3n y condenar acciones p\u00fablicas y privadas que consideran van en contra de las leyes.<\/p>\n<p>La Polic\u00eda Nacional tom\u00f3 bien temprano posiciones estrat\u00e9gicas en los alrededor del Palacio de Justicia, donde se present\u00f3 el director general de ese organismo, Ram\u00f3n Guzm\u00e1n Peralta.<\/p>\n<p>El alto oficial dijo que las medidas son \u00abpreventivas\u00bb con el prop\u00f3sito de preservar la seguridad ciudadana, asegurar el respeto a los derechos fundamentales y permitir el normal desenvolvimiento de las actividades, conforme a los protocolos establecidos por las autoridades.<\/p>\n<p>El ex director general de Senasa Santiago Hazim est\u00e1 se\u00f1alado por el Ministerio P\u00fablico como el cabecilla de una presunta red mafiosa que estaf\u00f3 a la aseguradora de salud estatal por m\u00e1s de 15.000 millones de pesos durante los \u00faltimos 5 a\u00f1os.<\/p>\n<p>El abogado del exfuncionario afirm\u00f3 el viernes que su cliente puede morir si va a la c\u00e1rcel debido a sus problemas de salud.<\/p>\n<p><strong> Rechazan argumentos&nbsp;<\/strong><\/p>\n<p>Varios sectores han rechazado esos argumentos y afirman que esto responde a una estrategia que le libere de la prisi\u00f3n preventiva.<\/p>\n<p>Este domingo, el Ministerio P\u00fablico asegur\u00f3 que, durante la audiencia de medida de coerci\u00f3n por presunta corrupci\u00f3n administrativa contra Santiago Hazim, no fue acreditada ante el juez por ning\u00fan m\u00e9dico forense la supuesta situaci\u00f3n de salud que alega el imputado con el prop\u00f3sito de evadir la prisi\u00f3n preventiva que se corresponde a la gravedad y magnitud de los hechos cometidos en perjuicio de todos los afiliados al Seguro Nacional de Salud (Senasa), cuando se desempe\u00f1\u00f3 como director.<\/p>\n<p>\u00abLa condici\u00f3n de salud que alega Santiago Hazim no ha sido acreditada por ning\u00fan m\u00e9dico forense\u00bb, afirm\u00f3 el Ministerio P\u00fablico en una nota.<\/p>\n<p>El exdirector Hazim est\u00e1 acusado por el Ministerio P\u00fablico de ser el presunto cabecilla de la estructura que, seg\u00fan sus acusaciones, incluyen falsificaciones y adulteraci\u00f3n de documentos que hicieron los imputados por a\u00f1os para ocultar sus acciones criminales, la conformaci\u00f3n de una red de crimen organizado que oper\u00f3 con la sistematicidad y estructuraci\u00f3n que caracterizan a una organizaci\u00f3n criminal.<\/p>\n<p>El Ministerio P\u00fablico tambi\u00e9n acusa al grupo de la ocultaci\u00f3n de bienes que obtuvo producto de sus acciones criminales, as\u00ed como de las maniobras planificadas con alevos\u00eda que despleg\u00f3 Hazim Albainy para evitar que investigados en el proceso hablaran con el Ministerio P\u00fablico.<\/p>\n<p>Los dem\u00e1s acusados son el consultor jur\u00eddico de Senasa, Germ\u00e1n Robles, as\u00ed como Rafael Luis Mart\u00ednez Hazim, Gustavo Enrique Messina Cruz, Germ\u00e1n Rafael Robles Qui\u00f1ones, Francisco Iv\u00e1n Minaya P\u00e9rez, Ram\u00f3n Alan Speakler Mateo y Ada Ledesma Ubiera, para quienes, adem\u00e1s de Hazim, el Ministerio P\u00fablico solicita 18 meses de prisi\u00f3n preventiva.<\/p>\n<p>El organismo de persecuci\u00f3n solicitaba esas mismas medidas contra tres de los acusados: Cinty Acosta, Heidy Mariela Medina y el empresario Eduardo Read Estrella, pero finalmente pidi\u00f3 para estos presentaci\u00f3n peri\u00f3dica, impedimento de salida y fianza de un mill\u00f3n de pesos.<\/p>\n<p>Abogados de uno de estos acusados dijo a los medios que su cliente hab\u00eda admitido los hechos y colaborado con las investigaciones, por lo que el Ministerio P\u00fablico vari\u00f3 su solicitud de prisi\u00f3n preventiva.EFE<\/p>\n<p>rsl<\/p>\n<div class=\"heateor_sss_sharing_container heateor_sss_horizontal_sharing\" data-heateor-sss-href=\"https:\/\/almomento.net\/cientos-piden-prision-preventiva-para-acusados-en-caso-senasa\/\" readability=\"7\">\n<p>Comp\u00e1rtelo en tus redes:<\/p>\n<\/div>\n<p> <!-- 468x60 --><br \/>\n<ins class=\"adsbygoogle\" data-ad-client=\"ca-pub-3511341636159665\" data-ad-slot=\"3538255450\"><\/ins> <!-- .entry-content --> <\/p>\n","protected":false},"excerpt":{"rendered":"<p>Santo Domingo, 14 dic .- una multitud&#46;&#46;&#46;<\/p>\n","protected":false},"author":1,"featured_media":3923,"comment_status":"closed","ping_status":"closed","sticky":false,"template":"","format":"standard","meta":{"_jetpack_memberships_contains_paid_content":false,"footnotes":"","jetpack_publicize_message":"","jetpack_publicize_feature_enabled":true,"jetpack_social_post_already_shared":false,"jetpack_social_options":{"image_generator_settings":{"template":"highway","default_image_id":0,"font":"","enabled":false},"version":2}},"categories":[69],"tags":[],"class_list":["post-3922","post","type-post","status-publish","format-standard","has-post-thumbnail","hentry","category-portada"],"yoast_head":"<!-- This site is optimized with the Yoast SEO plugin v27.3 - https:\/\/yoast.com\/product\/yoast-seo-wordpress\/ -->\n<title>Cientos piden prisi\u00f3n preventiva para acusados en caso Senasa - Sarmiento24h<\/title>\n<meta name=\"robots\" content=\"index, follow, max-snippet:-1, max-image-preview:large, max-video-preview:-1\" \/>\n<link rel=\"canonical\" href=\"https:\/\/sarmiento24h.com\/?p=3922\" \/>\n<meta property=\"og:locale\" content=\"es_ES\" \/>\n<meta property=\"og:type\" content=\"article\" \/>\n<meta property=\"og:title\" content=\"Cientos piden prisi\u00f3n preventiva para acusados en caso Senasa - Sarmiento24h\" \/>\n<meta property=\"og:description\" content=\"Santo Domingo, 14 dic .- una multitud&#046;&#046;&#046;\" \/>\n<meta property=\"og:url\" content=\"https:\/\/sarmiento24h.com\/?p=3922\" \/>\n<meta property=\"og:site_name\" content=\"Sarmiento24h\" \/>\n<meta property=\"article:publisher\" content=\"https:\/\/facebook.com\/s24hnoticias\" \/>\n<meta property=\"article:published_time\" content=\"2025-12-15T02:36:25+00:00\" \/>\n<meta property=\"og:image\" content=\"https:\/\/sarmiento24h.com\/wp-content\/uploads\/2025\/12\/cientos-piden-prision-preventiva-para-acusados-en-caso-senasa.jpg\" \/>\n\t<meta property=\"og:image:width\" content=\"1072\" \/>\n\t<meta property=\"og:image:height\" content=\"522\" \/>\n\t<meta property=\"og:image:type\" content=\"image\/jpeg\" \/>\n<meta name=\"author\" content=\"sarmiento24h@gmail.com\" \/>\n<meta name=\"twitter:card\" content=\"summary_large_image\" \/>\n<meta name=\"twitter:creator\" content=\"@sarmiento24h\" \/>\n<meta name=\"twitter:site\" content=\"@sarmiento24h\" \/>\n<meta name=\"twitter:label1\" content=\"Escrito por\" \/>\n\t<meta name=\"twitter:data1\" content=\"sarmiento24h@gmail.com\" \/>\n\t<meta name=\"twitter:label2\" content=\"Tiempo de lectura\" \/>\n\t<meta name=\"twitter:data2\" content=\"4 minutos\" \/>\n<script type=\"application\/ld+json\" class=\"yoast-schema-graph\">{\"@context\":\"https:\\\/\\\/schema.org\",\"@graph\":[{\"@type\":\"Article\",\"@id\":\"https:\\\/\\\/sarmiento24h.com\\\/?p=3922#article\",\"isPartOf\":{\"@id\":\"https:\\\/\\\/sarmiento24h.com\\\/?p=3922\"},\"author\":{\"name\":\"sarmiento24h@gmail.com\",\"@id\":\"https:\\\/\\\/sarmiento24h.com\\\/#\\\/schema\\\/person\\\/d653a59725ad629a7e0429af7b939d4d\"},\"headline\":\"Cientos piden prisi\u00f3n preventiva para acusados en caso Senasa\",\"datePublished\":\"2025-12-15T02:36:25+00:00\",\"mainEntityOfPage\":{\"@id\":\"https:\\\/\\\/sarmiento24h.com\\\/?p=3922\"},\"wordCount\":730,\"publisher\":{\"@id\":\"https:\\\/\\\/sarmiento24h.com\\\/#organization\"},\"image\":{\"@id\":\"https:\\\/\\\/sarmiento24h.com\\\/?p=3922#primaryimage\"},\"thumbnailUrl\":\"https:\\\/\\\/sarmiento24h.com\\\/wp-content\\\/uploads\\\/2025\\\/12\\\/cientos-piden-prision-preventiva-para-acusados-en-caso-senasa.jpg\",\"articleSection\":[\"Portada\"],\"inLanguage\":\"es\"},{\"@type\":\"WebPage\",\"@id\":\"https:\\\/\\\/sarmiento24h.com\\\/?p=3922\",\"url\":\"https:\\\/\\\/sarmiento24h.com\\\/?p=3922\",\"name\":\"Cientos piden prisi\u00f3n preventiva para acusados en caso Senasa - Sarmiento24h\",\"isPartOf\":{\"@id\":\"https:\\\/\\\/sarmiento24h.com\\\/#website\"},\"primaryImageOfPage\":{\"@id\":\"https:\\\/\\\/sarmiento24h.com\\\/?p=3922#primaryimage\"},\"image\":{\"@id\":\"https:\\\/\\\/sarmiento24h.com\\\/?p=3922#primaryimage\"},\"thumbnailUrl\":\"https:\\\/\\\/sarmiento24h.com\\\/wp-content\\\/uploads\\\/2025\\\/12\\\/cientos-piden-prision-preventiva-para-acusados-en-caso-senasa.jpg\",\"datePublished\":\"2025-12-15T02:36:25+00:00\",\"breadcrumb\":{\"@id\":\"https:\\\/\\\/sarmiento24h.com\\\/?p=3922#breadcrumb\"},\"inLanguage\":\"es\",\"potentialAction\":[{\"@type\":\"ReadAction\",\"target\":[\"https:\\\/\\\/sarmiento24h.com\\\/?p=3922\"]}]},{\"@type\":\"ImageObject\",\"inLanguage\":\"es\",\"@id\":\"https:\\\/\\\/sarmiento24h.com\\\/?p=3922#primaryimage\",\"url\":\"https:\\\/\\\/sarmiento24h.com\\\/wp-content\\\/uploads\\\/2025\\\/12\\\/cientos-piden-prision-preventiva-para-acusados-en-caso-senasa.jpg\",\"contentUrl\":\"https:\\\/\\\/sarmiento24h.com\\\/wp-content\\\/uploads\\\/2025\\\/12\\\/cientos-piden-prision-preventiva-para-acusados-en-caso-senasa.jpg\",\"width\":1072,\"height\":522},{\"@type\":\"BreadcrumbList\",\"@id\":\"https:\\\/\\\/sarmiento24h.com\\\/?p=3922#breadcrumb\",\"itemListElement\":[{\"@type\":\"ListItem\",\"position\":1,\"name\":\"Home\",\"item\":\"https:\\\/\\\/sarmiento24h.com\\\/\"},{\"@type\":\"ListItem\",\"position\":2,\"name\":\"Cientos piden prisi\u00f3n preventiva para acusados en caso Senasa\"}]},{\"@type\":\"WebSite\",\"@id\":\"https:\\\/\\\/sarmiento24h.com\\\/#website\",\"url\":\"https:\\\/\\\/sarmiento24h.com\\\/\",\"name\":\"Sarmiento24h\",\"description\":\"\",\"publisher\":{\"@id\":\"https:\\\/\\\/sarmiento24h.com\\\/#organization\"},\"potentialAction\":[{\"@type\":\"SearchAction\",\"target\":{\"@type\":\"EntryPoint\",\"urlTemplate\":\"https:\\\/\\\/sarmiento24h.com\\\/?s={search_term_string}\"},\"query-input\":{\"@type\":\"PropertyValueSpecification\",\"valueRequired\":true,\"valueName\":\"search_term_string\"}}],\"inLanguage\":\"es\"},{\"@type\":\"Organization\",\"@id\":\"https:\\\/\\\/sarmiento24h.com\\\/#organization\",\"name\":\"Sarmiento24h\",\"url\":\"https:\\\/\\\/sarmiento24h.com\\\/\",\"logo\":{\"@type\":\"ImageObject\",\"inLanguage\":\"es\",\"@id\":\"https:\\\/\\\/sarmiento24h.com\\\/#\\\/schema\\\/logo\\\/image\\\/\",\"url\":\"https:\\\/\\\/sarmiento24h.com\\\/wp-content\\\/uploads\\\/2025\\\/12\\\/AddText_12-16-10.30.52.jpg\",\"contentUrl\":\"https:\\\/\\\/sarmiento24h.com\\\/wp-content\\\/uploads\\\/2025\\\/12\\\/AddText_12-16-10.30.52.jpg\",\"width\":1220,\"height\":324,\"caption\":\"Sarmiento24h\"},\"image\":{\"@id\":\"https:\\\/\\\/sarmiento24h.com\\\/#\\\/schema\\\/logo\\\/image\\\/\"},\"sameAs\":[\"https:\\\/\\\/facebook.com\\\/s24hnoticias\",\"https:\\\/\\\/x.com\\\/sarmiento24h\"]},{\"@type\":\"Person\",\"@id\":\"https:\\\/\\\/sarmiento24h.com\\\/#\\\/schema\\\/person\\\/d653a59725ad629a7e0429af7b939d4d\",\"name\":\"sarmiento24h@gmail.com\",\"image\":{\"@type\":\"ImageObject\",\"inLanguage\":\"es\",\"@id\":\"https:\\\/\\\/sarmiento24h.com\\\/wp-content\\\/litespeed\\\/avatar\\\/d02cbc4e23c747e6659cd45907173c8f.jpg?ver=1777157796\",\"url\":\"https:\\\/\\\/sarmiento24h.com\\\/wp-content\\\/litespeed\\\/avatar\\\/d02cbc4e23c747e6659cd45907173c8f.jpg?ver=1777157796\",\"contentUrl\":\"https:\\\/\\\/sarmiento24h.com\\\/wp-content\\\/litespeed\\\/avatar\\\/d02cbc4e23c747e6659cd45907173c8f.jpg?ver=1777157796\",\"caption\":\"sarmiento24h@gmail.com\"},\"sameAs\":[\"https:\\\/\\\/sarmiento24h.com\"],\"url\":\"https:\\\/\\\/sarmiento24h.com\\\/?author=1\"}]}<\/script>\n<!-- \/ Yoast SEO plugin. -->","yoast_head_json":{"title":"Cientos piden prisi\u00f3n preventiva para acusados en caso Senasa - Sarmiento24h","robots":{"index":"index","follow":"follow","max-snippet":"max-snippet:-1","max-image-preview":"max-image-preview:large","max-video-preview":"max-video-preview:-1"},"canonical":"https:\/\/sarmiento24h.com\/?p=3922","og_locale":"es_ES","og_type":"article","og_title":"Cientos piden prisi\u00f3n preventiva para acusados en caso Senasa - Sarmiento24h","og_description":"Santo Domingo, 14 dic .- una multitud&#46;&#46;&#46;","og_url":"https:\/\/sarmiento24h.com\/?p=3922","og_site_name":"Sarmiento24h","article_publisher":"https:\/\/facebook.com\/s24hnoticias","article_published_time":"2025-12-15T02:36:25+00:00","og_image":[{"width":1072,"height":522,"url":"https:\/\/sarmiento24h.com\/wp-content\/uploads\/2025\/12\/cientos-piden-prision-preventiva-para-acusados-en-caso-senasa.jpg","type":"image\/jpeg"}],"author":"sarmiento24h@gmail.com","twitter_card":"summary_large_image","twitter_creator":"@sarmiento24h","twitter_site":"@sarmiento24h","twitter_misc":{"Escrito por":"sarmiento24h@gmail.com","Tiempo de lectura":"4 minutos"},"schema":{"@context":"https:\/\/schema.org","@graph":[{"@type":"Article","@id":"https:\/\/sarmiento24h.com\/?p=3922#article","isPartOf":{"@id":"https:\/\/sarmiento24h.com\/?p=3922"},"author":{"name":"sarmiento24h@gmail.com","@id":"https:\/\/sarmiento24h.com\/#\/schema\/person\/d653a59725ad629a7e0429af7b939d4d"},"headline":"Cientos piden prisi\u00f3n preventiva para acusados en caso Senasa","datePublished":"2025-12-15T02:36:25+00:00","mainEntityOfPage":{"@id":"https:\/\/sarmiento24h.com\/?p=3922"},"wordCount":730,"publisher":{"@id":"https:\/\/sarmiento24h.com\/#organization"},"image":{"@id":"https:\/\/sarmiento24h.com\/?p=3922#primaryimage"},"thumbnailUrl":"https:\/\/sarmiento24h.com\/wp-content\/uploads\/2025\/12\/cientos-piden-prision-preventiva-para-acusados-en-caso-senasa.jpg","articleSection":["Portada"],"inLanguage":"es"},{"@type":"WebPage","@id":"https:\/\/sarmiento24h.com\/?p=3922","url":"https:\/\/sarmiento24h.com\/?p=3922","name":"Cientos piden prisi\u00f3n preventiva para acusados en caso Senasa - Sarmiento24h","isPartOf":{"@id":"https:\/\/sarmiento24h.com\/#website"},"primaryImageOfPage":{"@id":"https:\/\/sarmiento24h.com\/?p=3922#primaryimage"},"image":{"@id":"https:\/\/sarmiento24h.com\/?p=3922#primaryimage"},"thumbnailUrl":"https:\/\/sarmiento24h.com\/wp-content\/uploads\/2025\/12\/cientos-piden-prision-preventiva-para-acusados-en-caso-senasa.jpg","datePublished":"2025-12-15T02:36:25+00:00","breadcrumb":{"@id":"https:\/\/sarmiento24h.com\/?p=3922#breadcrumb"},"inLanguage":"es","potentialAction":[{"@type":"ReadAction","target":["https:\/\/sarmiento24h.com\/?p=3922"]}]},{"@type":"ImageObject","inLanguage":"es","@id":"https:\/\/sarmiento24h.com\/?p=3922#primaryimage","url":"https:\/\/sarmiento24h.com\/wp-content\/uploads\/2025\/12\/cientos-piden-prision-preventiva-para-acusados-en-caso-senasa.jpg","contentUrl":"https:\/\/sarmiento24h.com\/wp-content\/uploads\/2025\/12\/cientos-piden-prision-preventiva-para-acusados-en-caso-senasa.jpg","width":1072,"height":522},{"@type":"BreadcrumbList","@id":"https:\/\/sarmiento24h.com\/?p=3922#breadcrumb","itemListElement":[{"@type":"ListItem","position":1,"name":"Home","item":"https:\/\/sarmiento24h.com\/"},{"@type":"ListItem","position":2,"name":"Cientos piden prisi\u00f3n preventiva para acusados en caso Senasa"}]},{"@type":"WebSite","@id":"https:\/\/sarmiento24h.com\/#website","url":"https:\/\/sarmiento24h.com\/","name":"Sarmiento24h","description":"","publisher":{"@id":"https:\/\/sarmiento24h.com\/#organization"},"potentialAction":[{"@type":"SearchAction","target":{"@type":"EntryPoint","urlTemplate":"https:\/\/sarmiento24h.com\/?s={search_term_string}"},"query-input":{"@type":"PropertyValueSpecification","valueRequired":true,"valueName":"search_term_string"}}],"inLanguage":"es"},{"@type":"Organization","@id":"https:\/\/sarmiento24h.com\/#organization","name":"Sarmiento24h","url":"https:\/\/sarmiento24h.com\/","logo":{"@type":"ImageObject","inLanguage":"es","@id":"https:\/\/sarmiento24h.com\/#\/schema\/logo\/image\/","url":"https:\/\/sarmiento24h.com\/wp-content\/uploads\/2025\/12\/AddText_12-16-10.30.52.jpg","contentUrl":"https:\/\/sarmiento24h.com\/wp-content\/uploads\/2025\/12\/AddText_12-16-10.30.52.jpg","width":1220,"height":324,"caption":"Sarmiento24h"},"image":{"@id":"https:\/\/sarmiento24h.com\/#\/schema\/logo\/image\/"},"sameAs":["https:\/\/facebook.com\/s24hnoticias","https:\/\/x.com\/sarmiento24h"]},{"@type":"Person","@id":"https:\/\/sarmiento24h.com\/#\/schema\/person\/d653a59725ad629a7e0429af7b939d4d","name":"sarmiento24h@gmail.com","image":{"@type":"ImageObject","inLanguage":"es","@id":"https:\/\/sarmiento24h.com\/wp-content\/litespeed\/avatar\/d02cbc4e23c747e6659cd45907173c8f.jpg?ver=1777157796","url":"https:\/\/sarmiento24h.com\/wp-content\/litespeed\/avatar\/d02cbc4e23c747e6659cd45907173c8f.jpg?ver=1777157796","contentUrl":"https:\/\/sarmiento24h.com\/wp-content\/litespeed\/avatar\/d02cbc4e23c747e6659cd45907173c8f.jpg?ver=1777157796","caption":"sarmiento24h@gmail.com"},"sameAs":["https:\/\/sarmiento24h.com"],"url":"https:\/\/sarmiento24h.com\/?author=1"}]}},"jetpack_publicize_connections":[],"jetpack_featured_media_url":"https:\/\/sarmiento24h.com\/wp-content\/uploads\/2025\/12\/cientos-piden-prision-preventiva-para-acusados-en-caso-senasa.jpg","jetpack_sharing_enabled":true,"_links":{"self":[{"href":"https:\/\/sarmiento24h.com\/index.php?rest_route=\/wp\/v2\/posts\/3922","targetHints":{"allow":["GET"]}}],"collection":[{"href":"https:\/\/sarmiento24h.com\/index.php?rest_route=\/wp\/v2\/posts"}],"about":[{"href":"https:\/\/sarmiento24h.com\/index.php?rest_route=\/wp\/v2\/types\/post"}],"author":[{"embeddable":true,"href":"https:\/\/sarmiento24h.com\/index.php?rest_route=\/wp\/v2\/users\/1"}],"replies":[{"embeddable":true,"href":"https:\/\/sarmiento24h.com\/index.php?rest_route=%2Fwp%2Fv2%2Fcomments&post=3922"}],"version-history":[{"count":0,"href":"https:\/\/sarmiento24h.com\/index.php?rest_route=\/wp\/v2\/posts\/3922\/revisions"}],"wp:featuredmedia":[{"embeddable":true,"href":"https:\/\/sarmiento24h.com\/index.php?rest_route=\/wp\/v2\/media\/3923"}],"wp:attachment":[{"href":"https:\/\/sarmiento24h.com\/index.php?rest_route=%2Fwp%2Fv2%2Fmedia&parent=3922"}],"wp:term":[{"taxonomy":"category","embeddable":true,"href":"https:\/\/sarmiento24h.com\/index.php?rest_route=%2Fwp%2Fv2%2Fcategories&post=3922"},{"taxonomy":"post_tag","embeddable":true,"href":"https:\/\/sarmiento24h.com\/index.php?rest_route=%2Fwp%2Fv2%2Ftags&post=3922"}],"curies":[{"name":"wp","href":"https:\/\/api.w.org\/{rel}","templated":true}]}}