{"id":39291,"date":"2026-03-03T13:56:46","date_gmt":"2026-03-03T13:56:46","guid":{"rendered":"http:\/\/almomento.net\/?p=1102633"},"modified":"2026-03-03T13:56:46","modified_gmt":"2026-03-03T13:56:46","slug":"pone-circular-libro-apuntes-para-una-cultura-de-gobierno","status":"publish","type":"post","link":"https:\/\/sarmiento24h.com\/?p=39291","title":{"rendered":"Pone circular libro \u00abApuntes para una cultura de Gobierno\u00bb"},"content":{"rendered":"<p><!-- .entry-header --> <\/p>\n<div class=\"img_center\"> <a href=\"https:\/\/sarmiento24h.com\/wp-content\/uploads\/2026\/03\/pone-circular-libro-apuntes-para-una-cultura-de-gobierno.jpg\" title=\"Pone circular libro \u00abApuntes para una cultura de Gobierno\u00bb\" data-toggle=\"lightbox\" class=\"thickbox\"><img decoding=\"async\" src=\"https:\/\/sarmiento24h.com\/wp-content\/uploads\/2026\/03\/pone-circular-libro-apuntes-para-una-cultura-de-gobierno.jpg\" class=\"attachment-post-thumbnail size-post-thumbnail wp-post-image\" alt=\"imagen\" title=\"Pone circular libro \u00abApuntes para una cultura de Gobierno\u00bb\" data-toggle data-title=\"Pone circular libro \u00abApuntes para una cultura de Gobierno\u00bb\"><\/a><\/p>\n<p>Enrique Soldevilla, a la derecha. A la izquierda imagen parcial de la car\u00e1tula de su nuevo libro.<\/p>\n<\/p><\/div>\n<p class=\"s7\"><span class=\"s5\">SANTO DOMINGO.- Fue puesto a circular en esta capital el libro<strong> \u00abApuntes para una cultura de Gobierno\u00bb<\/strong><\/span><span class=\"s6\">, de Enrique Soldevilla Enr\u00edquez, <\/span><span class=\"s6\">acad\u00e9mico cubano-dominicano residente en Santo Domingo,&nbsp; licenciado en Filolog\u00eda Hispanoamericana y doctor en Ciencias Filos\u00f3ficas.<\/span><\/p>\n<p class=\"s7\"><span class=\"s6\">La obra destaca aspectos en los que, seg\u00fan su autor, se debiera poner atenci\u00f3n al evaluar cualquier proceso de conducci\u00f3n pol\u00edtica.&nbsp; La misma <\/span><span class=\"s6\">invita a <\/span><span class=\"s6\">profundizar en<\/span><span class=\"s6\"> la <\/span><span class=\"s6\">concepci\u00f3n del<\/span><span class=\"s6\"> poder p\u00fablico y <\/span><span class=\"s6\">en <\/span><span class=\"s6\">la responsabilidad implica<\/span><span class=\"s6\">da<\/span><span class=\"s6\"> en esa practiva.&nbsp;<\/span><\/p>\n<p class=\"s7\"><span class=\"s6\">\u00abE<\/span><span class=\"s6\">st<\/span><span class=\"s6\">e<\/span> <span class=\"s6\">ensayo<\/span> <span class=\"s6\">de filosof\u00eda pol\u00edtica <\/span><span class=\"s6\">transdisciplinar <\/span><span class=\"s6\">aporta nociones originales para las ciencias sociales, como la del <\/span><span class=\"s5\">modo de relaci\u00f3n gobernantes-gobernados<\/span><span class=\"s6\">, y <\/span><span class=\"s5\">gobernabilidad emp\u00e1tica<\/span><span class=\"s6\"> y <\/span><span class=\"s5\">armonizaci\u00f3n de intereses sociales<\/span><span class=\"s6\">,<\/span> <span class=\"s6\">ofrec<\/span><span class=\"s6\">i<\/span><span class=\"s6\">e<\/span><span class=\"s6\">ndo<\/span> <span class=\"s6\">un <\/span><span class=\"s6\">enfoque<\/span><span class=\"s6\"> n<\/span><span class=\"s6\">ovedoso sobre<\/span><span class=\"s6\"> la funci\u00f3n de ejercer gobierno\u00bb, dice Soldevila Enr\u00edquez, quien tami\u00e9n es <\/span><span class=\"s6\">&nbsp;profesor universitario y editor que ha publicado numerosos art\u00edculos en la prensa de Cuba y la Rep\u00fablica Dominicana.&nbsp; &nbsp; &nbsp;<\/span><\/p>\n<p><strong>TRES IDEAS ARTICULADAS<\/strong><\/p>\n<p class=\"s7\"><span class=\"s6\">Desde la perspectiva epistemol\u00f3gica del Pensamiento Complejo, del pensador franc\u00e9s Edgar Morin, el libro <\/span><span class=\"s6\">propone<\/span> <span class=\"s6\">tres <\/span><span class=\"s6\">ideas <\/span><span class=\"s6\">articuladas<\/span><span class=\"s6\">:<\/span><\/p>\n<p>1. <span class=\"s6\">Plantea que e<\/span><span class=\"s6\">l bienestar de los ciudadanos puede realizarse con mejor calidad si la producci\u00f3n material y espiritual de la sociedad se desenvuelve al calor de una gobernabilidad emp\u00e1tica, con una visi\u00f3n estrat\u00e9gica en los asuntos que requieren continuidad de Estado, lo cual generar\u00eda sinergia para que la econom\u00eda prospere y se reduzcan las brechas sociales que nos anclan en el subdesarrollo.<\/span><span class=\"s6\"> Desarrolla un cap\u00edtulo a la importancia de la empat\u00eda en los procesos de conducci\u00f3n social y propone <\/span><span class=\"s6\">como ejercicio de metagobernabilidad un<\/span><span class=\"s6\"> \u201c<\/span><span class=\"s6\">empatic\u00f3metro pol\u00edtico\u201d.<\/span><\/p>\n<p>2. <span class=\"s6\">Una gobernabilidad emp\u00e1tica que <\/span><span class=\"s6\">dise\u00f1e<\/span><span class=\"s6\">, <\/span><span class=\"s6\">implemente<\/span><span class=\"s6\">, <\/span><span class=\"s6\">eval\u00fae<\/span> <span class=\"s6\">y refine <\/span><span class=\"s6\">pol\u00edticas p\u00fablicas <\/span><span class=\"s6\">que <\/span><span class=\"s6\">armoni<\/span><span class=\"s6\">cen<\/span> <span class=\"s6\">intereses<\/span> <span class=\"s6\">leg\u00edtimos <\/span><span class=\"s6\">que se revelan en <\/span><span class=\"s6\">tres \u00e1mbitos de <\/span><span class=\"s6\">cualquier sistema social:<\/span> <span class=\"s6\">los <\/span><span class=\"s6\">del individuo<\/span><span class=\"s6\">, <\/span><span class=\"s6\">los <\/span><span class=\"s6\">de las di<\/span><span class=\"s6\">versas<\/span><span class=\"s6\"> agrupaciones <\/span><span class=\"s6\">y los m\u00e1s generales <\/span><span class=\"s6\">a <\/span><span class=\"s6\">que <\/span><span class=\"s6\">aspire la<\/span><span class=\"s6\"> sociedad. Esa armonizaci\u00f3n de intereses sociales leg\u00edtimos <\/span><span class=\"s6\">deviene<\/span> <span class=\"s6\">noci\u00f3n<\/span> <span class=\"s6\">relevante <\/span><span class=\"s6\">para<\/span> <span class=\"s6\">repensar<\/span><span class=\"s6\"> las formas de convivencia <\/span><span class=\"s6\">sociopol\u00edtica conocidas.<\/span><\/p>\n<p>3. <span class=\"s6\">La construcci\u00f3n <\/span><span class=\"s6\">colectiva <\/span><span class=\"s6\">de un Estado emp\u00e1tico de derechos ciudadanos, que garantice <\/span><span class=\"s6\">libertad, <\/span><span class=\"s6\">inclusi\u00f3n, justicia<\/span><span class=\"s6\">, <\/span><span class=\"s6\">participaci\u00f3n real<\/span><span class=\"s6\"> y bienestar<\/span><span class=\"s6\">.<\/span> <span class=\"s6\">La gobernabilidad emp\u00e1tica<\/span><span class=\"s6\"> le <\/span><span class=\"s6\">conferir<\/span><span class=\"s6\">\u00eda<\/span><span class=\"s6\"> una calidad nueva y positiva a la relaci\u00f3n entre gobernantes y gobernados\u00bb.<\/span><\/p>\n<p><strong>CASOS DE CUBA Y LA URSS<\/strong><\/p>\n<p class=\"s7\"><span class=\"s6\">En ese marco <\/span><span class=\"s6\">te\u00f3rico,&nbsp;<\/span><span class=\"s6\"> el autor ejemplifica con los casos de Cuba<\/span><span class=\"s6\">, de la desaparecida URSS<\/span><span class=\"s6\"> y <\/span><span class=\"s6\">de <\/span><span class=\"s6\">la socialdemocracia <\/span><span class=\"s6\">escandinava <\/span><span class=\"s6\">para explicar <\/span><span class=\"s6\">tres <\/span><span class=\"s6\">modelos de<\/span><span class=\"s6\"> realizaci\u00f3n<\/span> <span class=\"s6\">pr\u00e1ctica <\/span><span class=\"s6\">del pensamiento socialista en la historia; aclara las diferencias entre marxismo, leninismo y comunismo, con una cr\u00edtica al reduccionismo vulgar refleja<\/span><span class=\"s6\">do<\/span><span class=\"s6\"> en las redes sociales, en la prensa y en el discurso pol\u00edtico<\/span> <span class=\"s6\">al utilizarse <\/span><span class=\"s6\">esos t\u00e9rminos<\/span><span class=\"s6\">. <\/span><\/p>\n<p class=\"s7\"><span class=\"s6\">Concluye <\/span><span class=\"s6\">con una invitaci\u00f3n a repensar la noci\u00f3n de <\/span><span class=\"s5\">socialismo<\/span><span class=\"s6\">, a partir de las experiencias exitosas de las reformas econ\u00f3micas de China y Vietnam.<\/span><\/p>\n<p><strong>DESCARGAR AQU\u00cd:<\/strong><\/p>\n<p class=\"s7\"><span class=\"s6\">El libro puede descargarse en PDF, sin costo, en el siguiente enlace: <\/span><a href=\"https:\/\/www.inesdyc.edu.do\/wp-content\/uploads\/2025\/12\/Apuntes-para-un-cultura-de-gobierno-Rectificado.pdf\"><span class=\"s11\">https:\/\/www.inesdyc.edu.do\/wp-content\/uploads\/2025\/12\/Apuntes-para-un-cultura-de-gobierno-Rectificado.pdf<\/span><\/a><\/p>\n<div class=\"heateor_sss_sharing_container heateor_sss_horizontal_sharing\" data-heateor-sss-href=\"https:\/\/almomento.net\/resena-del-libro-apuntes-para-una-cultura-de-gobierno\/\">\n<p>Comp\u00e1rtelo en tus redes:<\/p>\n<\/div>\n<p> <!-- 468x60 --><br \/>\n<ins class=\"adsbygoogle\" data-ad-client=\"ca-pub-3511341636159665\" data-ad-slot=\"3538255450\"><\/ins> <!-- .entry-content --> <\/p>\n","protected":false},"excerpt":{"rendered":"<p>Enrique Soldevilla, a la derecha. A la&#46;&#46;&#46;<\/p>\n","protected":false},"author":1,"featured_media":39292,"comment_status":"closed","ping_status":"closed","sticky":false,"template":"","format":"standard","meta":{"_jetpack_memberships_contains_paid_content":false,"footnotes":"","jetpack_publicize_message":"","jetpack_publicize_feature_enabled":true,"jetpack_social_post_already_shared":true,"jetpack_social_options":{"image_generator_settings":{"template":"highway","default_image_id":0,"font":"","enabled":false},"version":2}},"categories":[45],"tags":[],"class_list":["post-39291","post","type-post","status-publish","format-standard","has-post-thumbnail","hentry","category-variedades"],"yoast_head":"<!-- This site is optimized with the Yoast SEO plugin v27.3 - https:\/\/yoast.com\/product\/yoast-seo-wordpress\/ -->\n<title>Pone circular libro \u00abApuntes para una cultura de Gobierno\u00bb - Sarmiento24h<\/title>\n<meta name=\"robots\" content=\"index, follow, max-snippet:-1, max-image-preview:large, max-video-preview:-1\" \/>\n<link rel=\"canonical\" href=\"https:\/\/sarmiento24h.com\/?p=39291\" \/>\n<meta property=\"og:locale\" content=\"es_ES\" \/>\n<meta property=\"og:type\" content=\"article\" \/>\n<meta property=\"og:title\" content=\"Pone circular libro \u00abApuntes para una cultura de Gobierno\u00bb - Sarmiento24h\" \/>\n<meta property=\"og:description\" content=\"Enrique Soldevilla, a la derecha. A la&#046;&#046;&#046;\" \/>\n<meta property=\"og:url\" content=\"https:\/\/sarmiento24h.com\/?p=39291\" \/>\n<meta property=\"og:site_name\" content=\"Sarmiento24h\" \/>\n<meta property=\"article:publisher\" content=\"https:\/\/facebook.com\/s24hnoticias\" \/>\n<meta property=\"article:published_time\" content=\"2026-03-03T13:56:46+00:00\" \/>\n<meta property=\"og:image\" content=\"https:\/\/sarmiento24h.com\/wp-content\/uploads\/2026\/03\/pone-circular-libro-apuntes-para-una-cultura-de-gobierno.jpg\" \/>\n\t<meta property=\"og:image:width\" content=\"1456\" \/>\n\t<meta property=\"og:image:height\" content=\"724\" \/>\n\t<meta property=\"og:image:type\" content=\"image\/jpeg\" \/>\n<meta name=\"author\" content=\"sarmiento24h@gmail.com\" \/>\n<meta name=\"twitter:card\" content=\"summary_large_image\" \/>\n<meta name=\"twitter:creator\" content=\"@sarmiento24h\" \/>\n<meta name=\"twitter:site\" content=\"@sarmiento24h\" \/>\n<meta name=\"twitter:label1\" content=\"Escrito por\" \/>\n\t<meta name=\"twitter:data1\" content=\"sarmiento24h@gmail.com\" \/>\n\t<meta name=\"twitter:label2\" content=\"Tiempo de lectura\" \/>\n\t<meta name=\"twitter:data2\" content=\"3 minutos\" \/>\n<script type=\"application\/ld+json\" class=\"yoast-schema-graph\">{\"@context\":\"https:\\\/\\\/schema.org\",\"@graph\":[{\"@type\":\"Article\",\"@id\":\"https:\\\/\\\/sarmiento24h.com\\\/?p=39291#article\",\"isPartOf\":{\"@id\":\"https:\\\/\\\/sarmiento24h.com\\\/?p=39291\"},\"author\":{\"name\":\"sarmiento24h@gmail.com\",\"@id\":\"https:\\\/\\\/sarmiento24h.com\\\/#\\\/schema\\\/person\\\/d653a59725ad629a7e0429af7b939d4d\"},\"headline\":\"Pone circular libro \u00abApuntes para una cultura de Gobierno\u00bb\",\"datePublished\":\"2026-03-03T13:56:46+00:00\",\"mainEntityOfPage\":{\"@id\":\"https:\\\/\\\/sarmiento24h.com\\\/?p=39291\"},\"wordCount\":570,\"publisher\":{\"@id\":\"https:\\\/\\\/sarmiento24h.com\\\/#organization\"},\"image\":{\"@id\":\"https:\\\/\\\/sarmiento24h.com\\\/?p=39291#primaryimage\"},\"thumbnailUrl\":\"https:\\\/\\\/sarmiento24h.com\\\/wp-content\\\/uploads\\\/2026\\\/03\\\/pone-circular-libro-apuntes-para-una-cultura-de-gobierno.jpg\",\"articleSection\":[\"Variedades\"],\"inLanguage\":\"es\"},{\"@type\":\"WebPage\",\"@id\":\"https:\\\/\\\/sarmiento24h.com\\\/?p=39291\",\"url\":\"https:\\\/\\\/sarmiento24h.com\\\/?p=39291\",\"name\":\"Pone circular libro \u00abApuntes para una cultura de Gobierno\u00bb - Sarmiento24h\",\"isPartOf\":{\"@id\":\"https:\\\/\\\/sarmiento24h.com\\\/#website\"},\"primaryImageOfPage\":{\"@id\":\"https:\\\/\\\/sarmiento24h.com\\\/?p=39291#primaryimage\"},\"image\":{\"@id\":\"https:\\\/\\\/sarmiento24h.com\\\/?p=39291#primaryimage\"},\"thumbnailUrl\":\"https:\\\/\\\/sarmiento24h.com\\\/wp-content\\\/uploads\\\/2026\\\/03\\\/pone-circular-libro-apuntes-para-una-cultura-de-gobierno.jpg\",\"datePublished\":\"2026-03-03T13:56:46+00:00\",\"breadcrumb\":{\"@id\":\"https:\\\/\\\/sarmiento24h.com\\\/?p=39291#breadcrumb\"},\"inLanguage\":\"es\",\"potentialAction\":[{\"@type\":\"ReadAction\",\"target\":[\"https:\\\/\\\/sarmiento24h.com\\\/?p=39291\"]}]},{\"@type\":\"ImageObject\",\"inLanguage\":\"es\",\"@id\":\"https:\\\/\\\/sarmiento24h.com\\\/?p=39291#primaryimage\",\"url\":\"https:\\\/\\\/sarmiento24h.com\\\/wp-content\\\/uploads\\\/2026\\\/03\\\/pone-circular-libro-apuntes-para-una-cultura-de-gobierno.jpg\",\"contentUrl\":\"https:\\\/\\\/sarmiento24h.com\\\/wp-content\\\/uploads\\\/2026\\\/03\\\/pone-circular-libro-apuntes-para-una-cultura-de-gobierno.jpg\",\"width\":1456,\"height\":724},{\"@type\":\"BreadcrumbList\",\"@id\":\"https:\\\/\\\/sarmiento24h.com\\\/?p=39291#breadcrumb\",\"itemListElement\":[{\"@type\":\"ListItem\",\"position\":1,\"name\":\"Home\",\"item\":\"https:\\\/\\\/sarmiento24h.com\\\/\"},{\"@type\":\"ListItem\",\"position\":2,\"name\":\"Pone circular libro \u00abApuntes para una cultura de Gobierno\u00bb\"}]},{\"@type\":\"WebSite\",\"@id\":\"https:\\\/\\\/sarmiento24h.com\\\/#website\",\"url\":\"https:\\\/\\\/sarmiento24h.com\\\/\",\"name\":\"Sarmiento24h\",\"description\":\"\",\"publisher\":{\"@id\":\"https:\\\/\\\/sarmiento24h.com\\\/#organization\"},\"potentialAction\":[{\"@type\":\"SearchAction\",\"target\":{\"@type\":\"EntryPoint\",\"urlTemplate\":\"https:\\\/\\\/sarmiento24h.com\\\/?s={search_term_string}\"},\"query-input\":{\"@type\":\"PropertyValueSpecification\",\"valueRequired\":true,\"valueName\":\"search_term_string\"}}],\"inLanguage\":\"es\"},{\"@type\":\"Organization\",\"@id\":\"https:\\\/\\\/sarmiento24h.com\\\/#organization\",\"name\":\"Sarmiento24h\",\"url\":\"https:\\\/\\\/sarmiento24h.com\\\/\",\"logo\":{\"@type\":\"ImageObject\",\"inLanguage\":\"es\",\"@id\":\"https:\\\/\\\/sarmiento24h.com\\\/#\\\/schema\\\/logo\\\/image\\\/\",\"url\":\"https:\\\/\\\/sarmiento24h.com\\\/wp-content\\\/uploads\\\/2025\\\/12\\\/AddText_12-16-10.30.52.jpg\",\"contentUrl\":\"https:\\\/\\\/sarmiento24h.com\\\/wp-content\\\/uploads\\\/2025\\\/12\\\/AddText_12-16-10.30.52.jpg\",\"width\":1220,\"height\":324,\"caption\":\"Sarmiento24h\"},\"image\":{\"@id\":\"https:\\\/\\\/sarmiento24h.com\\\/#\\\/schema\\\/logo\\\/image\\\/\"},\"sameAs\":[\"https:\\\/\\\/facebook.com\\\/s24hnoticias\",\"https:\\\/\\\/x.com\\\/sarmiento24h\"]},{\"@type\":\"Person\",\"@id\":\"https:\\\/\\\/sarmiento24h.com\\\/#\\\/schema\\\/person\\\/d653a59725ad629a7e0429af7b939d4d\",\"name\":\"sarmiento24h@gmail.com\",\"image\":{\"@type\":\"ImageObject\",\"inLanguage\":\"es\",\"@id\":\"https:\\\/\\\/sarmiento24h.com\\\/wp-content\\\/litespeed\\\/avatar\\\/d02cbc4e23c747e6659cd45907173c8f.jpg?ver=1777157796\",\"url\":\"https:\\\/\\\/sarmiento24h.com\\\/wp-content\\\/litespeed\\\/avatar\\\/d02cbc4e23c747e6659cd45907173c8f.jpg?ver=1777157796\",\"contentUrl\":\"https:\\\/\\\/sarmiento24h.com\\\/wp-content\\\/litespeed\\\/avatar\\\/d02cbc4e23c747e6659cd45907173c8f.jpg?ver=1777157796\",\"caption\":\"sarmiento24h@gmail.com\"},\"sameAs\":[\"https:\\\/\\\/sarmiento24h.com\"],\"url\":\"https:\\\/\\\/sarmiento24h.com\\\/?author=1\"}]}<\/script>\n<!-- \/ Yoast SEO plugin. -->","yoast_head_json":{"title":"Pone circular libro \u00abApuntes para una cultura de Gobierno\u00bb - Sarmiento24h","robots":{"index":"index","follow":"follow","max-snippet":"max-snippet:-1","max-image-preview":"max-image-preview:large","max-video-preview":"max-video-preview:-1"},"canonical":"https:\/\/sarmiento24h.com\/?p=39291","og_locale":"es_ES","og_type":"article","og_title":"Pone circular libro \u00abApuntes para una cultura de Gobierno\u00bb - Sarmiento24h","og_description":"Enrique Soldevilla, a la derecha. A la&#46;&#46;&#46;","og_url":"https:\/\/sarmiento24h.com\/?p=39291","og_site_name":"Sarmiento24h","article_publisher":"https:\/\/facebook.com\/s24hnoticias","article_published_time":"2026-03-03T13:56:46+00:00","og_image":[{"width":1456,"height":724,"url":"https:\/\/sarmiento24h.com\/wp-content\/uploads\/2026\/03\/pone-circular-libro-apuntes-para-una-cultura-de-gobierno.jpg","type":"image\/jpeg"}],"author":"sarmiento24h@gmail.com","twitter_card":"summary_large_image","twitter_creator":"@sarmiento24h","twitter_site":"@sarmiento24h","twitter_misc":{"Escrito por":"sarmiento24h@gmail.com","Tiempo de lectura":"3 minutos"},"schema":{"@context":"https:\/\/schema.org","@graph":[{"@type":"Article","@id":"https:\/\/sarmiento24h.com\/?p=39291#article","isPartOf":{"@id":"https:\/\/sarmiento24h.com\/?p=39291"},"author":{"name":"sarmiento24h@gmail.com","@id":"https:\/\/sarmiento24h.com\/#\/schema\/person\/d653a59725ad629a7e0429af7b939d4d"},"headline":"Pone circular libro \u00abApuntes para una cultura de Gobierno\u00bb","datePublished":"2026-03-03T13:56:46+00:00","mainEntityOfPage":{"@id":"https:\/\/sarmiento24h.com\/?p=39291"},"wordCount":570,"publisher":{"@id":"https:\/\/sarmiento24h.com\/#organization"},"image":{"@id":"https:\/\/sarmiento24h.com\/?p=39291#primaryimage"},"thumbnailUrl":"https:\/\/sarmiento24h.com\/wp-content\/uploads\/2026\/03\/pone-circular-libro-apuntes-para-una-cultura-de-gobierno.jpg","articleSection":["Variedades"],"inLanguage":"es"},{"@type":"WebPage","@id":"https:\/\/sarmiento24h.com\/?p=39291","url":"https:\/\/sarmiento24h.com\/?p=39291","name":"Pone circular libro \u00abApuntes para una cultura de Gobierno\u00bb - Sarmiento24h","isPartOf":{"@id":"https:\/\/sarmiento24h.com\/#website"},"primaryImageOfPage":{"@id":"https:\/\/sarmiento24h.com\/?p=39291#primaryimage"},"image":{"@id":"https:\/\/sarmiento24h.com\/?p=39291#primaryimage"},"thumbnailUrl":"https:\/\/sarmiento24h.com\/wp-content\/uploads\/2026\/03\/pone-circular-libro-apuntes-para-una-cultura-de-gobierno.jpg","datePublished":"2026-03-03T13:56:46+00:00","breadcrumb":{"@id":"https:\/\/sarmiento24h.com\/?p=39291#breadcrumb"},"inLanguage":"es","potentialAction":[{"@type":"ReadAction","target":["https:\/\/sarmiento24h.com\/?p=39291"]}]},{"@type":"ImageObject","inLanguage":"es","@id":"https:\/\/sarmiento24h.com\/?p=39291#primaryimage","url":"https:\/\/sarmiento24h.com\/wp-content\/uploads\/2026\/03\/pone-circular-libro-apuntes-para-una-cultura-de-gobierno.jpg","contentUrl":"https:\/\/sarmiento24h.com\/wp-content\/uploads\/2026\/03\/pone-circular-libro-apuntes-para-una-cultura-de-gobierno.jpg","width":1456,"height":724},{"@type":"BreadcrumbList","@id":"https:\/\/sarmiento24h.com\/?p=39291#breadcrumb","itemListElement":[{"@type":"ListItem","position":1,"name":"Home","item":"https:\/\/sarmiento24h.com\/"},{"@type":"ListItem","position":2,"name":"Pone circular libro \u00abApuntes para una cultura de Gobierno\u00bb"}]},{"@type":"WebSite","@id":"https:\/\/sarmiento24h.com\/#website","url":"https:\/\/sarmiento24h.com\/","name":"Sarmiento24h","description":"","publisher":{"@id":"https:\/\/sarmiento24h.com\/#organization"},"potentialAction":[{"@type":"SearchAction","target":{"@type":"EntryPoint","urlTemplate":"https:\/\/sarmiento24h.com\/?s={search_term_string}"},"query-input":{"@type":"PropertyValueSpecification","valueRequired":true,"valueName":"search_term_string"}}],"inLanguage":"es"},{"@type":"Organization","@id":"https:\/\/sarmiento24h.com\/#organization","name":"Sarmiento24h","url":"https:\/\/sarmiento24h.com\/","logo":{"@type":"ImageObject","inLanguage":"es","@id":"https:\/\/sarmiento24h.com\/#\/schema\/logo\/image\/","url":"https:\/\/sarmiento24h.com\/wp-content\/uploads\/2025\/12\/AddText_12-16-10.30.52.jpg","contentUrl":"https:\/\/sarmiento24h.com\/wp-content\/uploads\/2025\/12\/AddText_12-16-10.30.52.jpg","width":1220,"height":324,"caption":"Sarmiento24h"},"image":{"@id":"https:\/\/sarmiento24h.com\/#\/schema\/logo\/image\/"},"sameAs":["https:\/\/facebook.com\/s24hnoticias","https:\/\/x.com\/sarmiento24h"]},{"@type":"Person","@id":"https:\/\/sarmiento24h.com\/#\/schema\/person\/d653a59725ad629a7e0429af7b939d4d","name":"sarmiento24h@gmail.com","image":{"@type":"ImageObject","inLanguage":"es","@id":"https:\/\/sarmiento24h.com\/wp-content\/litespeed\/avatar\/d02cbc4e23c747e6659cd45907173c8f.jpg?ver=1777157796","url":"https:\/\/sarmiento24h.com\/wp-content\/litespeed\/avatar\/d02cbc4e23c747e6659cd45907173c8f.jpg?ver=1777157796","contentUrl":"https:\/\/sarmiento24h.com\/wp-content\/litespeed\/avatar\/d02cbc4e23c747e6659cd45907173c8f.jpg?ver=1777157796","caption":"sarmiento24h@gmail.com"},"sameAs":["https:\/\/sarmiento24h.com"],"url":"https:\/\/sarmiento24h.com\/?author=1"}]}},"jetpack_publicize_connections":[],"jetpack_featured_media_url":"https:\/\/sarmiento24h.com\/wp-content\/uploads\/2026\/03\/pone-circular-libro-apuntes-para-una-cultura-de-gobierno.jpg","jetpack_sharing_enabled":true,"_links":{"self":[{"href":"https:\/\/sarmiento24h.com\/index.php?rest_route=\/wp\/v2\/posts\/39291","targetHints":{"allow":["GET"]}}],"collection":[{"href":"https:\/\/sarmiento24h.com\/index.php?rest_route=\/wp\/v2\/posts"}],"about":[{"href":"https:\/\/sarmiento24h.com\/index.php?rest_route=\/wp\/v2\/types\/post"}],"author":[{"embeddable":true,"href":"https:\/\/sarmiento24h.com\/index.php?rest_route=\/wp\/v2\/users\/1"}],"replies":[{"embeddable":true,"href":"https:\/\/sarmiento24h.com\/index.php?rest_route=%2Fwp%2Fv2%2Fcomments&post=39291"}],"version-history":[{"count":0,"href":"https:\/\/sarmiento24h.com\/index.php?rest_route=\/wp\/v2\/posts\/39291\/revisions"}],"wp:featuredmedia":[{"embeddable":true,"href":"https:\/\/sarmiento24h.com\/index.php?rest_route=\/wp\/v2\/media\/39292"}],"wp:attachment":[{"href":"https:\/\/sarmiento24h.com\/index.php?rest_route=%2Fwp%2Fv2%2Fmedia&parent=39291"}],"wp:term":[{"taxonomy":"category","embeddable":true,"href":"https:\/\/sarmiento24h.com\/index.php?rest_route=%2Fwp%2Fv2%2Fcategories&post=39291"},{"taxonomy":"post_tag","embeddable":true,"href":"https:\/\/sarmiento24h.com\/index.php?rest_route=%2Fwp%2Fv2%2Ftags&post=39291"}],"curies":[{"name":"wp","href":"https:\/\/api.w.org\/{rel}","templated":true}]}}