{"id":4014,"date":"2025-12-15T19:16:57","date_gmt":"2025-12-15T19:16:57","guid":{"rendered":"http:\/\/almomento.net\/?p=1085970"},"modified":"2025-12-15T19:16:57","modified_gmt":"2025-12-15T19:16:57","slug":"eu-arrestan-cinco-acusados-de-planear-ataques-terroristas","status":"publish","type":"post","link":"https:\/\/sarmiento24h.com\/?p=4014","title":{"rendered":"EU: Arrestan cinco acusados de planear ataques \u00abterroristas\u00bb"},"content":{"rendered":"<p><!-- .entry-header --> <\/p>\n<div class=\"img_center\" readability=\"8\"> <a href=\"https:\/\/almomento.net\/wp-content\/uploads\/2025\/12\/Fiscal-de-EE.UU_-e1765825329945.jpg\" alt=\"EU: Arrestan cinco acusados de planear ataques \u00abterroristas\u00bb\" title=\"EU: Arrestan cinco acusados de planear ataques \u00abterroristas\u00bb\" data-toggle=\"lightbox\" class=\"thickbox\"><img decoding=\"async\" src=\"https:\/\/almomento.net\/wp-content\/uploads\/2025\/12\/Fiscal-de-EE.UU_-e1765825329945.jpg\" class=\"attachment-post-thumbnail size-post-thumbnail wp-post-image\" alt=\"imagen\" title=\"EU: Arrestan cinco acusados de planear ataques \u00abterroristas\u00bb\" data-toggle data-title=\"EU: Arrestan cinco acusados de planear ataques \u00abterroristas\u00bb\"><\/a><\/p>\n<p>La fiscal general de Estados Unidos, Pam Bondi. <\/p>\n<\/p><\/div>\n<p>Los \u00c1ngeles (EE.UU.) (EFE).- Las autoridades federales en Estados Unidos arrestaron a cinco personas a las que acusan de querer llevar a cabo una serie de ataques \u00abterroristas\u00bb en el sur de California durante las celebraciones de A\u00f1o Nuevo, inform\u00f3 este lunes la fiscal general, Pam Bondi.<\/p>\n<p>Los detenidos formaban presuntamente parte de un grupo \u00abde extrema izquierda, propalestino, antigubernamental y anticapitalista\u00bb, y planeaban una serie de explosiones en \u00abvarias partes del California\u00bb al igual que ataques en contra de agentes del Servicio de Control de Inmigraci\u00f3n y Aduanas (ICE), indic\u00f3 Bondi en una publicaci\u00f3n en X.<\/p>\n<p>\u00abTras una intensa investigaci\u00f3n, el Departamento de Justicia, en coordinaci\u00f3n con el FBI, evit\u00f3 lo que habr\u00eda sido un complot terrorista masivo y atroz en el Distrito Central de California (los condados de Orange y Los \u00c1ngeles)\u00bb, escribi\u00f3 la fiscal.<\/p>\n<p>El director del FBI, Kash Patel, anunci\u00f3 en una publicaci\u00f3n, tambi\u00e9n en la plataforma X, la detenci\u00f3n de un quinto individuo, quien tambi\u00e9n est\u00e1 presuntamente conectado con el grupo \u00abextremista\u00bb, en Nueva Orleans, donde planeaba un \u00abataque violento aparte\u00bb.<\/p>\n<p><strong>LOS AVANCES DE LA INVESTIGACI\u00d3N<\/strong><\/p>\n<p>En documentos judiciales presentados en California, las autoridades identificaron a los cuatro detenidos en ese estado como Audrey Illeene Carroll, Zachary Aaron Page, Dante Gaffield y Tina Lai.<\/p>\n<p>El plan, seg\u00fan detalla la querella, hab\u00eda recibi\u00f3 el nombre de \u00abOperaci\u00f3n Sol de Medianoche\u00bb e instru\u00eda a los participantes a plantar mochilas con explosivos caseros en cinco ubicaciones distintas, de manera simult\u00e1nea, el 31 de diciembre. Las bombas iban dirigidas contra \u00abdos empresas estadounidenses\u00bb que no se nombran en los documentos.<\/p>\n<p>En preparaci\u00f3n para el ataque, los acusados viajaron al desierto de Mojave, en el sureste de California, este fin de semana para hacer pruebas de detonaci\u00f3n de los explosivos, cuando el FBI los arrest\u00f3, seg\u00fan los documentos judiciales.<\/p>\n<p>Adem\u00e1s de los planes en A\u00f1o Nuevo, dos de los detenidos discutieron ideas para atacar agentes y veh\u00edculos de ICE en enero y febrero del pr\u00f3ximo a\u00f1o con el objetivo de \u00abacabar con algunos y asustar al resto\u00bb, de acuerdo con los documentos.<\/p>\n<p>Por su parte, el primer fiscal adjunto de Estados Unidos, Bill Essayli, vincul\u00f3 los arrestos a un esfuerzo de la administraci\u00f3n Trump \u00abpara extinguir las amenazas terroristas de extrema izquierda\u00bb en EE.UU.<\/p>\n<p>El FBI se\u00f1al\u00f3 al grupo \u00abTurtle Island Liberation Front\u00bb como la organizaci\u00f3n responsable de estar planeando estos supuestos ataques.<\/p>\n<p>an\/am<\/p>\n<div class=\"heateor_sss_sharing_container heateor_sss_horizontal_sharing\" data-heateor-sss-href=\"https:\/\/almomento.net\/eu-arrestan-cinco-acusados-de-planear-ataques-terroristas\/\" readability=\"7\">\n<p>Comp\u00e1rtelo en tus redes:<\/p>\n<\/div>\n<p> <!-- 468x60 --><br \/>\n<ins class=\"adsbygoogle\" data-ad-client=\"ca-pub-3511341636159665\" data-ad-slot=\"3538255450\"><\/ins> <!-- .entry-content --> <\/p>\n","protected":false},"excerpt":{"rendered":"<p>La fiscal general de Estados Unidos, Pam&#46;&#46;&#46;<\/p>\n","protected":false},"author":1,"featured_media":4015,"comment_status":"closed","ping_status":"closed","sticky":false,"template":"","format":"standard","meta":{"_jetpack_memberships_contains_paid_content":false,"footnotes":"","jetpack_publicize_message":"","jetpack_publicize_feature_enabled":true,"jetpack_social_post_already_shared":false,"jetpack_social_options":{"image_generator_settings":{"template":"highway","default_image_id":0,"font":"","enabled":false},"version":2}},"categories":[69],"tags":[],"class_list":["post-4014","post","type-post","status-publish","format-standard","has-post-thumbnail","hentry","category-portada"],"yoast_head":"<!-- This site is optimized with the Yoast SEO plugin v27.3 - https:\/\/yoast.com\/product\/yoast-seo-wordpress\/ -->\n<title>EU: Arrestan cinco acusados de planear ataques \u00abterroristas\u00bb - Sarmiento24h<\/title>\n<meta name=\"robots\" content=\"index, follow, max-snippet:-1, max-image-preview:large, max-video-preview:-1\" \/>\n<link rel=\"canonical\" href=\"https:\/\/sarmiento24h.com\/?p=4014\" \/>\n<meta property=\"og:locale\" content=\"es_ES\" \/>\n<meta property=\"og:type\" content=\"article\" \/>\n<meta property=\"og:title\" content=\"EU: Arrestan cinco acusados de planear ataques \u00abterroristas\u00bb - Sarmiento24h\" \/>\n<meta property=\"og:description\" content=\"La fiscal general de Estados Unidos, Pam&#046;&#046;&#046;\" \/>\n<meta property=\"og:url\" content=\"https:\/\/sarmiento24h.com\/?p=4014\" \/>\n<meta property=\"og:site_name\" content=\"Sarmiento24h\" \/>\n<meta property=\"article:publisher\" content=\"https:\/\/facebook.com\/s24hnoticias\" \/>\n<meta property=\"article:published_time\" content=\"2025-12-15T19:16:57+00:00\" \/>\n<meta property=\"og:image\" content=\"https:\/\/sarmiento24h.com\/wp-content\/uploads\/2025\/12\/eu-arrestan-cinco-acusados-de-planear-ataques-terroristas.jpg\" \/>\n\t<meta property=\"og:image:width\" content=\"500\" \/>\n\t<meta property=\"og:image:height\" content=\"350\" \/>\n\t<meta property=\"og:image:type\" content=\"image\/jpeg\" \/>\n<meta name=\"author\" content=\"sarmiento24h@gmail.com\" \/>\n<meta name=\"twitter:card\" content=\"summary_large_image\" \/>\n<meta name=\"twitter:creator\" content=\"@sarmiento24h\" \/>\n<meta name=\"twitter:site\" content=\"@sarmiento24h\" \/>\n<meta name=\"twitter:label1\" content=\"Escrito por\" \/>\n\t<meta name=\"twitter:data1\" content=\"sarmiento24h@gmail.com\" \/>\n\t<meta name=\"twitter:label2\" content=\"Tiempo de lectura\" \/>\n\t<meta name=\"twitter:data2\" content=\"2 minutos\" \/>\n<script type=\"application\/ld+json\" class=\"yoast-schema-graph\">{\"@context\":\"https:\\\/\\\/schema.org\",\"@graph\":[{\"@type\":\"Article\",\"@id\":\"https:\\\/\\\/sarmiento24h.com\\\/?p=4014#article\",\"isPartOf\":{\"@id\":\"https:\\\/\\\/sarmiento24h.com\\\/?p=4014\"},\"author\":{\"name\":\"sarmiento24h@gmail.com\",\"@id\":\"https:\\\/\\\/sarmiento24h.com\\\/#\\\/schema\\\/person\\\/d653a59725ad629a7e0429af7b939d4d\"},\"headline\":\"EU: Arrestan cinco acusados de planear ataques \u00abterroristas\u00bb\",\"datePublished\":\"2025-12-15T19:16:57+00:00\",\"mainEntityOfPage\":{\"@id\":\"https:\\\/\\\/sarmiento24h.com\\\/?p=4014\"},\"wordCount\":445,\"publisher\":{\"@id\":\"https:\\\/\\\/sarmiento24h.com\\\/#organization\"},\"image\":{\"@id\":\"https:\\\/\\\/sarmiento24h.com\\\/?p=4014#primaryimage\"},\"thumbnailUrl\":\"https:\\\/\\\/sarmiento24h.com\\\/wp-content\\\/uploads\\\/2025\\\/12\\\/eu-arrestan-cinco-acusados-de-planear-ataques-terroristas.jpg\",\"articleSection\":[\"Portada\"],\"inLanguage\":\"es\"},{\"@type\":\"WebPage\",\"@id\":\"https:\\\/\\\/sarmiento24h.com\\\/?p=4014\",\"url\":\"https:\\\/\\\/sarmiento24h.com\\\/?p=4014\",\"name\":\"EU: Arrestan cinco acusados de planear ataques \u00abterroristas\u00bb - Sarmiento24h\",\"isPartOf\":{\"@id\":\"https:\\\/\\\/sarmiento24h.com\\\/#website\"},\"primaryImageOfPage\":{\"@id\":\"https:\\\/\\\/sarmiento24h.com\\\/?p=4014#primaryimage\"},\"image\":{\"@id\":\"https:\\\/\\\/sarmiento24h.com\\\/?p=4014#primaryimage\"},\"thumbnailUrl\":\"https:\\\/\\\/sarmiento24h.com\\\/wp-content\\\/uploads\\\/2025\\\/12\\\/eu-arrestan-cinco-acusados-de-planear-ataques-terroristas.jpg\",\"datePublished\":\"2025-12-15T19:16:57+00:00\",\"breadcrumb\":{\"@id\":\"https:\\\/\\\/sarmiento24h.com\\\/?p=4014#breadcrumb\"},\"inLanguage\":\"es\",\"potentialAction\":[{\"@type\":\"ReadAction\",\"target\":[\"https:\\\/\\\/sarmiento24h.com\\\/?p=4014\"]}]},{\"@type\":\"ImageObject\",\"inLanguage\":\"es\",\"@id\":\"https:\\\/\\\/sarmiento24h.com\\\/?p=4014#primaryimage\",\"url\":\"https:\\\/\\\/sarmiento24h.com\\\/wp-content\\\/uploads\\\/2025\\\/12\\\/eu-arrestan-cinco-acusados-de-planear-ataques-terroristas.jpg\",\"contentUrl\":\"https:\\\/\\\/sarmiento24h.com\\\/wp-content\\\/uploads\\\/2025\\\/12\\\/eu-arrestan-cinco-acusados-de-planear-ataques-terroristas.jpg\",\"width\":500,\"height\":350},{\"@type\":\"BreadcrumbList\",\"@id\":\"https:\\\/\\\/sarmiento24h.com\\\/?p=4014#breadcrumb\",\"itemListElement\":[{\"@type\":\"ListItem\",\"position\":1,\"name\":\"Home\",\"item\":\"https:\\\/\\\/sarmiento24h.com\\\/\"},{\"@type\":\"ListItem\",\"position\":2,\"name\":\"EU: Arrestan cinco acusados de planear ataques \u00abterroristas\u00bb\"}]},{\"@type\":\"WebSite\",\"@id\":\"https:\\\/\\\/sarmiento24h.com\\\/#website\",\"url\":\"https:\\\/\\\/sarmiento24h.com\\\/\",\"name\":\"Sarmiento24h\",\"description\":\"\",\"publisher\":{\"@id\":\"https:\\\/\\\/sarmiento24h.com\\\/#organization\"},\"potentialAction\":[{\"@type\":\"SearchAction\",\"target\":{\"@type\":\"EntryPoint\",\"urlTemplate\":\"https:\\\/\\\/sarmiento24h.com\\\/?s={search_term_string}\"},\"query-input\":{\"@type\":\"PropertyValueSpecification\",\"valueRequired\":true,\"valueName\":\"search_term_string\"}}],\"inLanguage\":\"es\"},{\"@type\":\"Organization\",\"@id\":\"https:\\\/\\\/sarmiento24h.com\\\/#organization\",\"name\":\"Sarmiento24h\",\"url\":\"https:\\\/\\\/sarmiento24h.com\\\/\",\"logo\":{\"@type\":\"ImageObject\",\"inLanguage\":\"es\",\"@id\":\"https:\\\/\\\/sarmiento24h.com\\\/#\\\/schema\\\/logo\\\/image\\\/\",\"url\":\"https:\\\/\\\/sarmiento24h.com\\\/wp-content\\\/uploads\\\/2025\\\/12\\\/AddText_12-16-10.30.52.jpg\",\"contentUrl\":\"https:\\\/\\\/sarmiento24h.com\\\/wp-content\\\/uploads\\\/2025\\\/12\\\/AddText_12-16-10.30.52.jpg\",\"width\":1220,\"height\":324,\"caption\":\"Sarmiento24h\"},\"image\":{\"@id\":\"https:\\\/\\\/sarmiento24h.com\\\/#\\\/schema\\\/logo\\\/image\\\/\"},\"sameAs\":[\"https:\\\/\\\/facebook.com\\\/s24hnoticias\",\"https:\\\/\\\/x.com\\\/sarmiento24h\"]},{\"@type\":\"Person\",\"@id\":\"https:\\\/\\\/sarmiento24h.com\\\/#\\\/schema\\\/person\\\/d653a59725ad629a7e0429af7b939d4d\",\"name\":\"sarmiento24h@gmail.com\",\"image\":{\"@type\":\"ImageObject\",\"inLanguage\":\"es\",\"@id\":\"https:\\\/\\\/sarmiento24h.com\\\/wp-content\\\/litespeed\\\/avatar\\\/d02cbc4e23c747e6659cd45907173c8f.jpg?ver=1777157796\",\"url\":\"https:\\\/\\\/sarmiento24h.com\\\/wp-content\\\/litespeed\\\/avatar\\\/d02cbc4e23c747e6659cd45907173c8f.jpg?ver=1777157796\",\"contentUrl\":\"https:\\\/\\\/sarmiento24h.com\\\/wp-content\\\/litespeed\\\/avatar\\\/d02cbc4e23c747e6659cd45907173c8f.jpg?ver=1777157796\",\"caption\":\"sarmiento24h@gmail.com\"},\"sameAs\":[\"https:\\\/\\\/sarmiento24h.com\"],\"url\":\"https:\\\/\\\/sarmiento24h.com\\\/?author=1\"}]}<\/script>\n<!-- \/ Yoast SEO plugin. -->","yoast_head_json":{"title":"EU: Arrestan cinco acusados de planear ataques \u00abterroristas\u00bb - Sarmiento24h","robots":{"index":"index","follow":"follow","max-snippet":"max-snippet:-1","max-image-preview":"max-image-preview:large","max-video-preview":"max-video-preview:-1"},"canonical":"https:\/\/sarmiento24h.com\/?p=4014","og_locale":"es_ES","og_type":"article","og_title":"EU: Arrestan cinco acusados de planear ataques \u00abterroristas\u00bb - Sarmiento24h","og_description":"La fiscal general de Estados Unidos, Pam&#46;&#46;&#46;","og_url":"https:\/\/sarmiento24h.com\/?p=4014","og_site_name":"Sarmiento24h","article_publisher":"https:\/\/facebook.com\/s24hnoticias","article_published_time":"2025-12-15T19:16:57+00:00","og_image":[{"width":500,"height":350,"url":"https:\/\/sarmiento24h.com\/wp-content\/uploads\/2025\/12\/eu-arrestan-cinco-acusados-de-planear-ataques-terroristas.jpg","type":"image\/jpeg"}],"author":"sarmiento24h@gmail.com","twitter_card":"summary_large_image","twitter_creator":"@sarmiento24h","twitter_site":"@sarmiento24h","twitter_misc":{"Escrito por":"sarmiento24h@gmail.com","Tiempo de lectura":"2 minutos"},"schema":{"@context":"https:\/\/schema.org","@graph":[{"@type":"Article","@id":"https:\/\/sarmiento24h.com\/?p=4014#article","isPartOf":{"@id":"https:\/\/sarmiento24h.com\/?p=4014"},"author":{"name":"sarmiento24h@gmail.com","@id":"https:\/\/sarmiento24h.com\/#\/schema\/person\/d653a59725ad629a7e0429af7b939d4d"},"headline":"EU: Arrestan cinco acusados de planear ataques \u00abterroristas\u00bb","datePublished":"2025-12-15T19:16:57+00:00","mainEntityOfPage":{"@id":"https:\/\/sarmiento24h.com\/?p=4014"},"wordCount":445,"publisher":{"@id":"https:\/\/sarmiento24h.com\/#organization"},"image":{"@id":"https:\/\/sarmiento24h.com\/?p=4014#primaryimage"},"thumbnailUrl":"https:\/\/sarmiento24h.com\/wp-content\/uploads\/2025\/12\/eu-arrestan-cinco-acusados-de-planear-ataques-terroristas.jpg","articleSection":["Portada"],"inLanguage":"es"},{"@type":"WebPage","@id":"https:\/\/sarmiento24h.com\/?p=4014","url":"https:\/\/sarmiento24h.com\/?p=4014","name":"EU: Arrestan cinco acusados de planear ataques \u00abterroristas\u00bb - Sarmiento24h","isPartOf":{"@id":"https:\/\/sarmiento24h.com\/#website"},"primaryImageOfPage":{"@id":"https:\/\/sarmiento24h.com\/?p=4014#primaryimage"},"image":{"@id":"https:\/\/sarmiento24h.com\/?p=4014#primaryimage"},"thumbnailUrl":"https:\/\/sarmiento24h.com\/wp-content\/uploads\/2025\/12\/eu-arrestan-cinco-acusados-de-planear-ataques-terroristas.jpg","datePublished":"2025-12-15T19:16:57+00:00","breadcrumb":{"@id":"https:\/\/sarmiento24h.com\/?p=4014#breadcrumb"},"inLanguage":"es","potentialAction":[{"@type":"ReadAction","target":["https:\/\/sarmiento24h.com\/?p=4014"]}]},{"@type":"ImageObject","inLanguage":"es","@id":"https:\/\/sarmiento24h.com\/?p=4014#primaryimage","url":"https:\/\/sarmiento24h.com\/wp-content\/uploads\/2025\/12\/eu-arrestan-cinco-acusados-de-planear-ataques-terroristas.jpg","contentUrl":"https:\/\/sarmiento24h.com\/wp-content\/uploads\/2025\/12\/eu-arrestan-cinco-acusados-de-planear-ataques-terroristas.jpg","width":500,"height":350},{"@type":"BreadcrumbList","@id":"https:\/\/sarmiento24h.com\/?p=4014#breadcrumb","itemListElement":[{"@type":"ListItem","position":1,"name":"Home","item":"https:\/\/sarmiento24h.com\/"},{"@type":"ListItem","position":2,"name":"EU: Arrestan cinco acusados de planear ataques \u00abterroristas\u00bb"}]},{"@type":"WebSite","@id":"https:\/\/sarmiento24h.com\/#website","url":"https:\/\/sarmiento24h.com\/","name":"Sarmiento24h","description":"","publisher":{"@id":"https:\/\/sarmiento24h.com\/#organization"},"potentialAction":[{"@type":"SearchAction","target":{"@type":"EntryPoint","urlTemplate":"https:\/\/sarmiento24h.com\/?s={search_term_string}"},"query-input":{"@type":"PropertyValueSpecification","valueRequired":true,"valueName":"search_term_string"}}],"inLanguage":"es"},{"@type":"Organization","@id":"https:\/\/sarmiento24h.com\/#organization","name":"Sarmiento24h","url":"https:\/\/sarmiento24h.com\/","logo":{"@type":"ImageObject","inLanguage":"es","@id":"https:\/\/sarmiento24h.com\/#\/schema\/logo\/image\/","url":"https:\/\/sarmiento24h.com\/wp-content\/uploads\/2025\/12\/AddText_12-16-10.30.52.jpg","contentUrl":"https:\/\/sarmiento24h.com\/wp-content\/uploads\/2025\/12\/AddText_12-16-10.30.52.jpg","width":1220,"height":324,"caption":"Sarmiento24h"},"image":{"@id":"https:\/\/sarmiento24h.com\/#\/schema\/logo\/image\/"},"sameAs":["https:\/\/facebook.com\/s24hnoticias","https:\/\/x.com\/sarmiento24h"]},{"@type":"Person","@id":"https:\/\/sarmiento24h.com\/#\/schema\/person\/d653a59725ad629a7e0429af7b939d4d","name":"sarmiento24h@gmail.com","image":{"@type":"ImageObject","inLanguage":"es","@id":"https:\/\/sarmiento24h.com\/wp-content\/litespeed\/avatar\/d02cbc4e23c747e6659cd45907173c8f.jpg?ver=1777157796","url":"https:\/\/sarmiento24h.com\/wp-content\/litespeed\/avatar\/d02cbc4e23c747e6659cd45907173c8f.jpg?ver=1777157796","contentUrl":"https:\/\/sarmiento24h.com\/wp-content\/litespeed\/avatar\/d02cbc4e23c747e6659cd45907173c8f.jpg?ver=1777157796","caption":"sarmiento24h@gmail.com"},"sameAs":["https:\/\/sarmiento24h.com"],"url":"https:\/\/sarmiento24h.com\/?author=1"}]}},"jetpack_publicize_connections":[],"jetpack_featured_media_url":"https:\/\/sarmiento24h.com\/wp-content\/uploads\/2025\/12\/eu-arrestan-cinco-acusados-de-planear-ataques-terroristas.jpg","jetpack_sharing_enabled":true,"_links":{"self":[{"href":"https:\/\/sarmiento24h.com\/index.php?rest_route=\/wp\/v2\/posts\/4014","targetHints":{"allow":["GET"]}}],"collection":[{"href":"https:\/\/sarmiento24h.com\/index.php?rest_route=\/wp\/v2\/posts"}],"about":[{"href":"https:\/\/sarmiento24h.com\/index.php?rest_route=\/wp\/v2\/types\/post"}],"author":[{"embeddable":true,"href":"https:\/\/sarmiento24h.com\/index.php?rest_route=\/wp\/v2\/users\/1"}],"replies":[{"embeddable":true,"href":"https:\/\/sarmiento24h.com\/index.php?rest_route=%2Fwp%2Fv2%2Fcomments&post=4014"}],"version-history":[{"count":0,"href":"https:\/\/sarmiento24h.com\/index.php?rest_route=\/wp\/v2\/posts\/4014\/revisions"}],"wp:featuredmedia":[{"embeddable":true,"href":"https:\/\/sarmiento24h.com\/index.php?rest_route=\/wp\/v2\/media\/4015"}],"wp:attachment":[{"href":"https:\/\/sarmiento24h.com\/index.php?rest_route=%2Fwp%2Fv2%2Fmedia&parent=4014"}],"wp:term":[{"taxonomy":"category","embeddable":true,"href":"https:\/\/sarmiento24h.com\/index.php?rest_route=%2Fwp%2Fv2%2Fcategories&post=4014"},{"taxonomy":"post_tag","embeddable":true,"href":"https:\/\/sarmiento24h.com\/index.php?rest_route=%2Fwp%2Fv2%2Ftags&post=4014"}],"curies":[{"name":"wp","href":"https:\/\/api.w.org\/{rel}","templated":true}]}}