{"id":4042,"date":"2025-12-15T23:17:14","date_gmt":"2025-12-15T23:17:14","guid":{"rendered":"http:\/\/almomento.net\/?p=1085995"},"modified":"2025-12-15T23:17:14","modified_gmt":"2025-12-15T23:17:14","slug":"recuerda-al-mp-el-simbolo-de-justicia-es-una-venda-en-los-ojos","status":"publish","type":"post","link":"https:\/\/sarmiento24h.com\/?p=4042","title":{"rendered":"Recuerda al MP el s\u00edmbolo de justicia es una venda en los ojos"},"content":{"rendered":"<p><!-- .entry-header --> <\/p>\n<div class=\"img_center\" readability=\"8\"> <a href=\"https:\/\/almomento.net\/wp-content\/uploads\/2025\/12\/En-obispo-de-la-Diocesis-Stella-Maris-Manuel-Ruiz-de-la-Rosa-e1765831310488.jpg\" alt=\"Recuerda al MP el s\u00edmbolo de justicia es una venda en los ojos\" title=\"Recuerda al MP el s\u00edmbolo de justicia es una venda en los ojos\" data-toggle=\"lightbox\" class=\"thickbox\"><img decoding=\"async\" src=\"https:\/\/almomento.net\/wp-content\/uploads\/2025\/12\/En-obispo-de-la-Diocesis-Stella-Maris-Manuel-Ruiz-de-la-Rosa-e1765831310488.jpg\" class=\"attachment-post-thumbnail size-post-thumbnail wp-post-image\" alt=\"imagen\" title=\"Recuerda al MP el s\u00edmbolo de justicia es una venda en los ojos\" data-toggle data-title=\"Recuerda al MP el s\u00edmbolo de justicia es una venda en los ojos\"><\/a><\/p>\n<p>El obispo de la Di\u00f3cesis Stella Maris, Manuel Ru\u00edz de la Rosa.<\/p>\n<\/p><\/div>\n<p>SANTO DOMINGO.- El obispo de la Di\u00f3cesis Stella Maris,&nbsp; Manuel Ru\u00edz de la Rosa, manifest\u00f3 este lunes su \u201cfirme\u201d posici\u00f3n en torno al caso de la medida de coerci\u00f3n en el caso SENASA y expuso 15 sugerencias al presidente Luis Abinader.<\/p>\n<p>El p\u00e1rroco de la di\u00f3cesis que abarca los municipios Santo Domingo Este, San Antonio de Guerra y Boca Chica, record\u00f3 que al Ministerio P\u00fablico que la justicia lleva una venda en los ojos para impartirla a todos por igual.<\/p>\n<p><strong>&nbsp;SUGERENCIAS AL PRESIDENTE DE LA REPUBLICA<\/strong><\/p>\n<ol>\n<li>En el CASO SENASA, sabemos que no se est\u00e1 tratando el fondo, que es solamente medida de coerci\u00f3n para que los imputados no se sustraigan del proceso. Pero quiero referirme a la medida de coerci\u00f3n.2. Al Ministerio P\u00fablico recordarle que el s\u00edmbolo de la justicia es una venda en los ojos para tratar a todos por igual. Ahora han cerrado un ojo para pedir 18 meses de prisi\u00f3n preventiva a 7 de los imputados, y muy bien, pero han abierto el otro ojo y han tratado a tres con mano de seda.<\/li>\n<\/ol>\n<ol start=\"3\">\n<li>Hacer justicia es dar a cada uno lo que le toca seg\u00fan el nivel de responsabilidad en los hechos. Los tres que han dejado en el confort de sus casas, \u00bfson menos responsables que el Dr. Santiago Hazim y su grupo solo porque han delatado a sus c\u00f3mplices.<\/li>\n<\/ol>\n<ol start=\"4\">\n<li>\u00a1As\u00ed si es bueno!, \u00bfPor qu\u00e9 no hablaron al Ministerio P\u00fablico antes de que lo descubrieran?<\/li>\n<\/ol>\n<ol start=\"5\">\n<li>Se alega que han cooperado con la investigaci\u00f3n y aportan informaci\u00f3n valiosa para construir el expediente. Es ins\u00f3lito que programas de investigaci\u00f3n demuestren tener m\u00e1s pericia y fuentes de informaci\u00f3n que el Ministerio P\u00fablico y el Estado Dominicano.<\/li>\n<\/ol>\n<ol start=\"6\">\n<li>La pena debe ser proporcional al da\u00f1o causado. Si estos empresarios robaron miles y miles de millones no pueden ser exonerados solo por delatar y traicionar a sus c\u00f3mplices.<\/li>\n<\/ol>\n<ol start=\"7\">\n<li>\u00bfHay arrepentimiento, les duele la cantidad de gente que habr\u00e1 muerto por CULPA DE ELLOS?<\/li>\n<\/ol>\n<ol start=\"8\">\n<li>Investiguemos BIEN a ver si ellos han hecho lo mismo en otras instituciones del Estado.<\/li>\n<\/ol>\n<ol start=\"9\">\n<li>AL Presidente de la Rep\u00fablica, no crea en nadie por ser supuestos amigos o compa\u00f1eros de partido, crea, en los CONTROLES EFECTIVOS que usted pueda crear.<\/li>\n<\/ol>\n<ol start=\"10\">\n<li>Dado que se quemaron la C\u00e1mara de Cuentas, Impuestos internos, la Contralor\u00eda de la Rep\u00fablica, Superintendencia de Bancos y Los Consejos creados para supervisar y fiscalizar estas operaciones, le sugiero la creaci\u00f3n de La Unidad de inteligencia y contrainteligencia para dar seguimiento al accionar de sus funcionarios. Que la misma se reporte a Usted, sin comunicados de prensa.<\/li>\n<\/ol>\n<ol start=\"11\">\n<li>A la JUSTICIA: Con su forma de hacer justicia le dicen a esta sociedad que el pecado es robar poco y que el que roba miles y miles de millones, despu\u00e9s de ser descubierto, SOLO TIENE QUE DECIR QUE VA A COOPERAR delatando a sus c\u00f3mplices, devolver el o menos por ciento y luego a disfrutar del dinero restante en la comodidad de sus mansiones CON LA IMPUNIDAD GARANTIZADA Y NOTARIZADA por un ACUERDO CON EL MINISTERIO P\u00daBLICO.<\/li>\n<\/ol>\n<ol start=\"12\">\n<li>Dado que este Ministerio P\u00fablico es el mismo que ha mal manejado el caso Odebrecht y m\u00faltiples casos de corrupci\u00f3n en el pasado, sin resultados justos, TIENE AHORA LA OPORTUNIDAD DE REIVINDICARSE, y ganarse la credibilidad de esta sociedad.<\/li>\n<\/ol>\n<p>an\/am<\/p>\n<div class=\"heateor_sss_sharing_container heateor_sss_horizontal_sharing\" data-heateor-sss-href=\"https:\/\/almomento.net\/recuerda-al-mp-el-simbolo-de-justicia-es-una-venda-en-los-ojos\/\" readability=\"7\">\n<p>Comp\u00e1rtelo en tus redes:<\/p>\n<\/div>\n<p> <!-- 468x60 --><br \/>\n<ins class=\"adsbygoogle\" data-ad-client=\"ca-pub-3511341636159665\" data-ad-slot=\"3538255450\"><\/ins> <!-- .entry-content --> <\/p>\n","protected":false},"excerpt":{"rendered":"<p>El obispo de la Di\u00f3cesis Stella Maris,&#46;&#46;&#46;<\/p>\n","protected":false},"author":1,"featured_media":4043,"comment_status":"closed","ping_status":"closed","sticky":false,"template":"","format":"standard","meta":{"_jetpack_memberships_contains_paid_content":false,"footnotes":"","jetpack_publicize_message":"","jetpack_publicize_feature_enabled":true,"jetpack_social_post_already_shared":false,"jetpack_social_options":{"image_generator_settings":{"template":"highway","default_image_id":0,"font":"","enabled":false},"version":2}},"categories":[69],"tags":[],"class_list":["post-4042","post","type-post","status-publish","format-standard","has-post-thumbnail","hentry","category-portada"],"yoast_head":"<!-- This site is optimized with the Yoast SEO plugin v27.3 - https:\/\/yoast.com\/product\/yoast-seo-wordpress\/ -->\n<title>Recuerda al MP el s\u00edmbolo de justicia es una venda en los ojos - Sarmiento24h<\/title>\n<meta name=\"robots\" content=\"index, follow, max-snippet:-1, max-image-preview:large, max-video-preview:-1\" \/>\n<link rel=\"canonical\" href=\"https:\/\/sarmiento24h.com\/?p=4042\" \/>\n<meta property=\"og:locale\" content=\"es_ES\" \/>\n<meta property=\"og:type\" content=\"article\" \/>\n<meta property=\"og:title\" content=\"Recuerda al MP el s\u00edmbolo de justicia es una venda en los ojos - Sarmiento24h\" \/>\n<meta property=\"og:description\" content=\"El obispo de la Di\u00f3cesis Stella Maris,&#046;&#046;&#046;\" \/>\n<meta property=\"og:url\" content=\"https:\/\/sarmiento24h.com\/?p=4042\" \/>\n<meta property=\"og:site_name\" content=\"Sarmiento24h\" \/>\n<meta property=\"article:publisher\" content=\"https:\/\/facebook.com\/s24hnoticias\" \/>\n<meta property=\"article:published_time\" content=\"2025-12-15T23:17:14+00:00\" \/>\n<meta property=\"og:image\" content=\"https:\/\/sarmiento24h.com\/wp-content\/uploads\/2025\/12\/recuerda-al-mp-el-simbolo-de-justicia-es-una-venda-en-los-ojos.jpg\" \/>\n\t<meta property=\"og:image:width\" content=\"500\" \/>\n\t<meta property=\"og:image:height\" content=\"345\" \/>\n\t<meta property=\"og:image:type\" content=\"image\/jpeg\" \/>\n<meta name=\"author\" content=\"sarmiento24h@gmail.com\" \/>\n<meta name=\"twitter:card\" content=\"summary_large_image\" \/>\n<meta name=\"twitter:creator\" content=\"@sarmiento24h\" \/>\n<meta name=\"twitter:site\" content=\"@sarmiento24h\" \/>\n<meta name=\"twitter:label1\" content=\"Escrito por\" \/>\n\t<meta name=\"twitter:data1\" content=\"sarmiento24h@gmail.com\" \/>\n\t<meta name=\"twitter:label2\" content=\"Tiempo de lectura\" \/>\n\t<meta name=\"twitter:data2\" content=\"3 minutos\" \/>\n<script type=\"application\/ld+json\" class=\"yoast-schema-graph\">{\"@context\":\"https:\\\/\\\/schema.org\",\"@graph\":[{\"@type\":\"Article\",\"@id\":\"https:\\\/\\\/sarmiento24h.com\\\/?p=4042#article\",\"isPartOf\":{\"@id\":\"https:\\\/\\\/sarmiento24h.com\\\/?p=4042\"},\"author\":{\"name\":\"sarmiento24h@gmail.com\",\"@id\":\"https:\\\/\\\/sarmiento24h.com\\\/#\\\/schema\\\/person\\\/d653a59725ad629a7e0429af7b939d4d\"},\"headline\":\"Recuerda al MP el s\u00edmbolo de justicia es una venda en los ojos\",\"datePublished\":\"2025-12-15T23:17:14+00:00\",\"mainEntityOfPage\":{\"@id\":\"https:\\\/\\\/sarmiento24h.com\\\/?p=4042\"},\"wordCount\":611,\"publisher\":{\"@id\":\"https:\\\/\\\/sarmiento24h.com\\\/#organization\"},\"image\":{\"@id\":\"https:\\\/\\\/sarmiento24h.com\\\/?p=4042#primaryimage\"},\"thumbnailUrl\":\"https:\\\/\\\/sarmiento24h.com\\\/wp-content\\\/uploads\\\/2025\\\/12\\\/recuerda-al-mp-el-simbolo-de-justicia-es-una-venda-en-los-ojos.jpg\",\"articleSection\":[\"Portada\"],\"inLanguage\":\"es\"},{\"@type\":\"WebPage\",\"@id\":\"https:\\\/\\\/sarmiento24h.com\\\/?p=4042\",\"url\":\"https:\\\/\\\/sarmiento24h.com\\\/?p=4042\",\"name\":\"Recuerda al MP el s\u00edmbolo de justicia es una venda en los ojos - Sarmiento24h\",\"isPartOf\":{\"@id\":\"https:\\\/\\\/sarmiento24h.com\\\/#website\"},\"primaryImageOfPage\":{\"@id\":\"https:\\\/\\\/sarmiento24h.com\\\/?p=4042#primaryimage\"},\"image\":{\"@id\":\"https:\\\/\\\/sarmiento24h.com\\\/?p=4042#primaryimage\"},\"thumbnailUrl\":\"https:\\\/\\\/sarmiento24h.com\\\/wp-content\\\/uploads\\\/2025\\\/12\\\/recuerda-al-mp-el-simbolo-de-justicia-es-una-venda-en-los-ojos.jpg\",\"datePublished\":\"2025-12-15T23:17:14+00:00\",\"breadcrumb\":{\"@id\":\"https:\\\/\\\/sarmiento24h.com\\\/?p=4042#breadcrumb\"},\"inLanguage\":\"es\",\"potentialAction\":[{\"@type\":\"ReadAction\",\"target\":[\"https:\\\/\\\/sarmiento24h.com\\\/?p=4042\"]}]},{\"@type\":\"ImageObject\",\"inLanguage\":\"es\",\"@id\":\"https:\\\/\\\/sarmiento24h.com\\\/?p=4042#primaryimage\",\"url\":\"https:\\\/\\\/sarmiento24h.com\\\/wp-content\\\/uploads\\\/2025\\\/12\\\/recuerda-al-mp-el-simbolo-de-justicia-es-una-venda-en-los-ojos.jpg\",\"contentUrl\":\"https:\\\/\\\/sarmiento24h.com\\\/wp-content\\\/uploads\\\/2025\\\/12\\\/recuerda-al-mp-el-simbolo-de-justicia-es-una-venda-en-los-ojos.jpg\",\"width\":500,\"height\":345},{\"@type\":\"BreadcrumbList\",\"@id\":\"https:\\\/\\\/sarmiento24h.com\\\/?p=4042#breadcrumb\",\"itemListElement\":[{\"@type\":\"ListItem\",\"position\":1,\"name\":\"Home\",\"item\":\"https:\\\/\\\/sarmiento24h.com\\\/\"},{\"@type\":\"ListItem\",\"position\":2,\"name\":\"Recuerda al MP el s\u00edmbolo de justicia es una venda en los ojos\"}]},{\"@type\":\"WebSite\",\"@id\":\"https:\\\/\\\/sarmiento24h.com\\\/#website\",\"url\":\"https:\\\/\\\/sarmiento24h.com\\\/\",\"name\":\"Sarmiento24h\",\"description\":\"\",\"publisher\":{\"@id\":\"https:\\\/\\\/sarmiento24h.com\\\/#organization\"},\"potentialAction\":[{\"@type\":\"SearchAction\",\"target\":{\"@type\":\"EntryPoint\",\"urlTemplate\":\"https:\\\/\\\/sarmiento24h.com\\\/?s={search_term_string}\"},\"query-input\":{\"@type\":\"PropertyValueSpecification\",\"valueRequired\":true,\"valueName\":\"search_term_string\"}}],\"inLanguage\":\"es\"},{\"@type\":\"Organization\",\"@id\":\"https:\\\/\\\/sarmiento24h.com\\\/#organization\",\"name\":\"Sarmiento24h\",\"url\":\"https:\\\/\\\/sarmiento24h.com\\\/\",\"logo\":{\"@type\":\"ImageObject\",\"inLanguage\":\"es\",\"@id\":\"https:\\\/\\\/sarmiento24h.com\\\/#\\\/schema\\\/logo\\\/image\\\/\",\"url\":\"https:\\\/\\\/sarmiento24h.com\\\/wp-content\\\/uploads\\\/2025\\\/12\\\/AddText_12-16-10.30.52.jpg\",\"contentUrl\":\"https:\\\/\\\/sarmiento24h.com\\\/wp-content\\\/uploads\\\/2025\\\/12\\\/AddText_12-16-10.30.52.jpg\",\"width\":1220,\"height\":324,\"caption\":\"Sarmiento24h\"},\"image\":{\"@id\":\"https:\\\/\\\/sarmiento24h.com\\\/#\\\/schema\\\/logo\\\/image\\\/\"},\"sameAs\":[\"https:\\\/\\\/facebook.com\\\/s24hnoticias\",\"https:\\\/\\\/x.com\\\/sarmiento24h\"]},{\"@type\":\"Person\",\"@id\":\"https:\\\/\\\/sarmiento24h.com\\\/#\\\/schema\\\/person\\\/d653a59725ad629a7e0429af7b939d4d\",\"name\":\"sarmiento24h@gmail.com\",\"image\":{\"@type\":\"ImageObject\",\"inLanguage\":\"es\",\"@id\":\"https:\\\/\\\/sarmiento24h.com\\\/wp-content\\\/litespeed\\\/avatar\\\/d02cbc4e23c747e6659cd45907173c8f.jpg?ver=1777157796\",\"url\":\"https:\\\/\\\/sarmiento24h.com\\\/wp-content\\\/litespeed\\\/avatar\\\/d02cbc4e23c747e6659cd45907173c8f.jpg?ver=1777157796\",\"contentUrl\":\"https:\\\/\\\/sarmiento24h.com\\\/wp-content\\\/litespeed\\\/avatar\\\/d02cbc4e23c747e6659cd45907173c8f.jpg?ver=1777157796\",\"caption\":\"sarmiento24h@gmail.com\"},\"sameAs\":[\"https:\\\/\\\/sarmiento24h.com\"],\"url\":\"https:\\\/\\\/sarmiento24h.com\\\/?author=1\"}]}<\/script>\n<!-- \/ Yoast SEO plugin. -->","yoast_head_json":{"title":"Recuerda al MP el s\u00edmbolo de justicia es una venda en los ojos - Sarmiento24h","robots":{"index":"index","follow":"follow","max-snippet":"max-snippet:-1","max-image-preview":"max-image-preview:large","max-video-preview":"max-video-preview:-1"},"canonical":"https:\/\/sarmiento24h.com\/?p=4042","og_locale":"es_ES","og_type":"article","og_title":"Recuerda al MP el s\u00edmbolo de justicia es una venda en los ojos - Sarmiento24h","og_description":"El obispo de la Di\u00f3cesis Stella Maris,&#46;&#46;&#46;","og_url":"https:\/\/sarmiento24h.com\/?p=4042","og_site_name":"Sarmiento24h","article_publisher":"https:\/\/facebook.com\/s24hnoticias","article_published_time":"2025-12-15T23:17:14+00:00","og_image":[{"width":500,"height":345,"url":"https:\/\/sarmiento24h.com\/wp-content\/uploads\/2025\/12\/recuerda-al-mp-el-simbolo-de-justicia-es-una-venda-en-los-ojos.jpg","type":"image\/jpeg"}],"author":"sarmiento24h@gmail.com","twitter_card":"summary_large_image","twitter_creator":"@sarmiento24h","twitter_site":"@sarmiento24h","twitter_misc":{"Escrito por":"sarmiento24h@gmail.com","Tiempo de lectura":"3 minutos"},"schema":{"@context":"https:\/\/schema.org","@graph":[{"@type":"Article","@id":"https:\/\/sarmiento24h.com\/?p=4042#article","isPartOf":{"@id":"https:\/\/sarmiento24h.com\/?p=4042"},"author":{"name":"sarmiento24h@gmail.com","@id":"https:\/\/sarmiento24h.com\/#\/schema\/person\/d653a59725ad629a7e0429af7b939d4d"},"headline":"Recuerda al MP el s\u00edmbolo de justicia es una venda en los ojos","datePublished":"2025-12-15T23:17:14+00:00","mainEntityOfPage":{"@id":"https:\/\/sarmiento24h.com\/?p=4042"},"wordCount":611,"publisher":{"@id":"https:\/\/sarmiento24h.com\/#organization"},"image":{"@id":"https:\/\/sarmiento24h.com\/?p=4042#primaryimage"},"thumbnailUrl":"https:\/\/sarmiento24h.com\/wp-content\/uploads\/2025\/12\/recuerda-al-mp-el-simbolo-de-justicia-es-una-venda-en-los-ojos.jpg","articleSection":["Portada"],"inLanguage":"es"},{"@type":"WebPage","@id":"https:\/\/sarmiento24h.com\/?p=4042","url":"https:\/\/sarmiento24h.com\/?p=4042","name":"Recuerda al MP el s\u00edmbolo de justicia es una venda en los ojos - Sarmiento24h","isPartOf":{"@id":"https:\/\/sarmiento24h.com\/#website"},"primaryImageOfPage":{"@id":"https:\/\/sarmiento24h.com\/?p=4042#primaryimage"},"image":{"@id":"https:\/\/sarmiento24h.com\/?p=4042#primaryimage"},"thumbnailUrl":"https:\/\/sarmiento24h.com\/wp-content\/uploads\/2025\/12\/recuerda-al-mp-el-simbolo-de-justicia-es-una-venda-en-los-ojos.jpg","datePublished":"2025-12-15T23:17:14+00:00","breadcrumb":{"@id":"https:\/\/sarmiento24h.com\/?p=4042#breadcrumb"},"inLanguage":"es","potentialAction":[{"@type":"ReadAction","target":["https:\/\/sarmiento24h.com\/?p=4042"]}]},{"@type":"ImageObject","inLanguage":"es","@id":"https:\/\/sarmiento24h.com\/?p=4042#primaryimage","url":"https:\/\/sarmiento24h.com\/wp-content\/uploads\/2025\/12\/recuerda-al-mp-el-simbolo-de-justicia-es-una-venda-en-los-ojos.jpg","contentUrl":"https:\/\/sarmiento24h.com\/wp-content\/uploads\/2025\/12\/recuerda-al-mp-el-simbolo-de-justicia-es-una-venda-en-los-ojos.jpg","width":500,"height":345},{"@type":"BreadcrumbList","@id":"https:\/\/sarmiento24h.com\/?p=4042#breadcrumb","itemListElement":[{"@type":"ListItem","position":1,"name":"Home","item":"https:\/\/sarmiento24h.com\/"},{"@type":"ListItem","position":2,"name":"Recuerda al MP el s\u00edmbolo de justicia es una venda en los ojos"}]},{"@type":"WebSite","@id":"https:\/\/sarmiento24h.com\/#website","url":"https:\/\/sarmiento24h.com\/","name":"Sarmiento24h","description":"","publisher":{"@id":"https:\/\/sarmiento24h.com\/#organization"},"potentialAction":[{"@type":"SearchAction","target":{"@type":"EntryPoint","urlTemplate":"https:\/\/sarmiento24h.com\/?s={search_term_string}"},"query-input":{"@type":"PropertyValueSpecification","valueRequired":true,"valueName":"search_term_string"}}],"inLanguage":"es"},{"@type":"Organization","@id":"https:\/\/sarmiento24h.com\/#organization","name":"Sarmiento24h","url":"https:\/\/sarmiento24h.com\/","logo":{"@type":"ImageObject","inLanguage":"es","@id":"https:\/\/sarmiento24h.com\/#\/schema\/logo\/image\/","url":"https:\/\/sarmiento24h.com\/wp-content\/uploads\/2025\/12\/AddText_12-16-10.30.52.jpg","contentUrl":"https:\/\/sarmiento24h.com\/wp-content\/uploads\/2025\/12\/AddText_12-16-10.30.52.jpg","width":1220,"height":324,"caption":"Sarmiento24h"},"image":{"@id":"https:\/\/sarmiento24h.com\/#\/schema\/logo\/image\/"},"sameAs":["https:\/\/facebook.com\/s24hnoticias","https:\/\/x.com\/sarmiento24h"]},{"@type":"Person","@id":"https:\/\/sarmiento24h.com\/#\/schema\/person\/d653a59725ad629a7e0429af7b939d4d","name":"sarmiento24h@gmail.com","image":{"@type":"ImageObject","inLanguage":"es","@id":"https:\/\/sarmiento24h.com\/wp-content\/litespeed\/avatar\/d02cbc4e23c747e6659cd45907173c8f.jpg?ver=1777157796","url":"https:\/\/sarmiento24h.com\/wp-content\/litespeed\/avatar\/d02cbc4e23c747e6659cd45907173c8f.jpg?ver=1777157796","contentUrl":"https:\/\/sarmiento24h.com\/wp-content\/litespeed\/avatar\/d02cbc4e23c747e6659cd45907173c8f.jpg?ver=1777157796","caption":"sarmiento24h@gmail.com"},"sameAs":["https:\/\/sarmiento24h.com"],"url":"https:\/\/sarmiento24h.com\/?author=1"}]}},"jetpack_publicize_connections":[],"jetpack_featured_media_url":"https:\/\/sarmiento24h.com\/wp-content\/uploads\/2025\/12\/recuerda-al-mp-el-simbolo-de-justicia-es-una-venda-en-los-ojos.jpg","jetpack_sharing_enabled":true,"_links":{"self":[{"href":"https:\/\/sarmiento24h.com\/index.php?rest_route=\/wp\/v2\/posts\/4042","targetHints":{"allow":["GET"]}}],"collection":[{"href":"https:\/\/sarmiento24h.com\/index.php?rest_route=\/wp\/v2\/posts"}],"about":[{"href":"https:\/\/sarmiento24h.com\/index.php?rest_route=\/wp\/v2\/types\/post"}],"author":[{"embeddable":true,"href":"https:\/\/sarmiento24h.com\/index.php?rest_route=\/wp\/v2\/users\/1"}],"replies":[{"embeddable":true,"href":"https:\/\/sarmiento24h.com\/index.php?rest_route=%2Fwp%2Fv2%2Fcomments&post=4042"}],"version-history":[{"count":0,"href":"https:\/\/sarmiento24h.com\/index.php?rest_route=\/wp\/v2\/posts\/4042\/revisions"}],"wp:featuredmedia":[{"embeddable":true,"href":"https:\/\/sarmiento24h.com\/index.php?rest_route=\/wp\/v2\/media\/4043"}],"wp:attachment":[{"href":"https:\/\/sarmiento24h.com\/index.php?rest_route=%2Fwp%2Fv2%2Fmedia&parent=4042"}],"wp:term":[{"taxonomy":"category","embeddable":true,"href":"https:\/\/sarmiento24h.com\/index.php?rest_route=%2Fwp%2Fv2%2Fcategories&post=4042"},{"taxonomy":"post_tag","embeddable":true,"href":"https:\/\/sarmiento24h.com\/index.php?rest_route=%2Fwp%2Fv2%2Ftags&post=4042"}],"curies":[{"name":"wp","href":"https:\/\/api.w.org\/{rel}","templated":true}]}}