{"id":405685,"date":"2026-08-30T22:57:49","date_gmt":"2026-08-30T22:57:49","guid":{"rendered":"https:\/\/diariodigitalrd.com\/?p=716936"},"modified":"2026-08-30T22:57:49","modified_gmt":"2026-08-30T22:57:49","slug":"en-salcedo-danilo-medina-pide-investigar-causas-de-mortalidad-neonatal","status":"publish","type":"post","link":"https:\/\/sarmiento24h.com\/?p=405685","title":{"rendered":"En Salcedo Danilo Medina pide investigar causas de mortalidad neonatal"},"content":{"rendered":"<h2 class=\"wp-block-heading\"><strong>El expresidente cuestiona protocolos y pide determinar qu\u00e9 est\u00e1 fallando<\/strong><\/h2>\n<p class=\"has-drop-cap has-medium-font-size wp-block-paragraph\"><strong>SALCEDO.\u2013<\/strong> El expresidente Danilo Medina pidi\u00f3 investigar las causas de las muertes de reci\u00e9n nacidos en Rep\u00fablica Dominicana y revisar el cumplimiento de los protocolos de atenci\u00f3n neonatal, al considerar preocupante que una parte importante de estos fallecimientos pueda ser evitable.<\/p>\n<p class=\"wp-block-paragraph\">Medina, quien tambi\u00e9n preside el Partido de la Liberaci\u00f3n Dominicana (PLD), abord\u00f3 el tema al responder preguntas de periodistas despu\u00e9s de una asamblea provincial de la organizaci\u00f3n pol\u00edtica celebrada en el Pabell\u00f3n de Balonmano de Salcedo, provincia Hermanas Mirabal.<\/p>\n<div class=\"wp-block-image\">\n<figure class=\"alignleft size-large is-resized\"><img loading=\"lazy\" decoding=\"async\" width=\"1024\" height=\"1016\" src=\"https:\/\/diariodigitalrd.b-cdn.net\/2026\/08\/IMG_6028-1024x1016.jpeg\" alt class=\"wp-image-716939\" srcset=\"https:\/\/diariodigitalrd.b-cdn.net\/2026\/08\/IMG_6028-1024x1016.jpeg 1024w, https:\/\/diariodigitalrd.b-cdn.net\/2026\/08\/IMG_6028-300x298.jpeg 300w, https:\/\/diariodigitalrd.b-cdn.net\/2026\/08\/IMG_6028-150x150.jpeg 150w, https:\/\/diariodigitalrd.b-cdn.net\/2026\/08\/IMG_6028-768x762.jpeg 768w, https:\/\/diariodigitalrd.b-cdn.net\/2026\/08\/IMG_6028-80x80.jpeg 80w, https:\/\/diariodigitalrd.b-cdn.net\/2026\/08\/IMG_6028.jpeg 1280w\" sizes=\"auto, (max-width: 1024px) 100vw, 1024px\"><figcaption class=\"wp-element-caption\">En sus palabras ante la asamblea, Medina reiter\u00f3 el planteamiento realizado la semana anterior de que el Gobierno del Partido Revolucionario Moderno (PRM) \u201cle ha salido caro al pa\u00eds\u201d.<\/figcaption><\/figure>\n<\/div>\n<p class=\"wp-block-paragraph\">El exmandatario calific\u00f3 de \u201cterrible\u201d la situaci\u00f3n generada por los recientes reportes sobre el fallecimiento de m\u00e1s de una docena de neonatos. Sin embargo, aclar\u00f3 que su planteamiento no deb\u00eda interpretarse \u00fanicamente como una cr\u00edtica al Gobierno de turno.<\/p>\n<blockquote class=\"wp-block-quote is-layout-flow wp-block-quote-is-layout-flow\">\n<p class=\"wp-block-paragraph\">\u201cLo veo como un problema del sistema de salud de la Rep\u00fablica Dominicana\u201d, afirm\u00f3.<\/p>\n<\/blockquote>\n<p class=\"wp-block-paragraph\">Seg\u00fan las cifras citadas por Medina, en el pa\u00eds mueren 20.8 ni\u00f1os por cada mil nacidos vivos y el 82 % de esas defunciones corresponde a neonatos, es decir, beb\u00e9s que no han alcanzado los 28 d\u00edas de vida.<\/p>\n<p class=\"wp-block-paragraph\">A partir de esos datos, sostuvo que cerca del 80 % de las muertes ser\u00edan evitables. Por ello, consider\u00f3 necesario que las autoridades profundicen en las investigaciones para establecer cu\u00e1les son las fallas que est\u00e1n incidiendo en la atenci\u00f3n de los reci\u00e9n nacidos.<\/p>\n<p class=\"wp-block-paragraph\">\u201cY como son evitables, el Gobierno tiene que investigar qu\u00e9 es lo que est\u00e1 pasando\u201d, manifest\u00f3.<\/p>\n<p class=\"wp-block-paragraph\"><strong>Cobertura prenatal y atenci\u00f3n despu\u00e9s del parto<\/strong><\/p>\n<p class=\"wp-block-paragraph\">Medina puso especial \u00e9nfasis en la contradicci\u00f3n que, a su juicio, existe entre la elevada cobertura prenatal y la mortalidad neonatal registrada en el pa\u00eds.<\/p>\n<p class=\"wp-block-paragraph\">Explic\u00f3 que Rep\u00fablica Dominicana cuenta con una cobertura de atenci\u00f3n prenatal de 97.6 %, un porcentaje que consider\u00f3 suficientemente alto como para cuestionar que el principal problema sea el acceso de las embarazadas a los servicios m\u00e9dicos.<\/p>\n<p class=\"wp-block-paragraph\">\u201c\u00bfPero c\u00f3mo es que se est\u00e1n muriendo tantos ni\u00f1os antes de cumplir los 28 d\u00edas?\u201d, pregunt\u00f3.<\/p>\n<p class=\"wp-block-paragraph\">En ese sentido, se\u00f1al\u00f3 entre los factores asociados a las muertes los nacimientos prematuros y el bajo peso al nacer. Tambi\u00e9n llam\u00f3 la atenci\u00f3n sobre la baja proporci\u00f3n de ni\u00f1os que recibe lactancia materna exclusiva durante los primeros seis meses.<\/p>\n<p class=\"wp-block-paragraph\">De acuerdo con los datos que cit\u00f3, apenas el 19 % de los ni\u00f1os recibe lactancia materna durante ese per\u00edodo, mientras el 81 % no alcanza los seis meses recomendados.<\/p>\n<p class=\"wp-block-paragraph\">A esto agreg\u00f3 su preocupaci\u00f3n por el elevado porcentaje de ces\u00e1reas que se practican en el pa\u00eds, que situ\u00f3 en 68 % de los partos.<\/p>\n<p class=\"wp-block-paragraph\">Para Medina, estos elementos deben ser analizados de manera conjunta para determinar si existen fallas en la atenci\u00f3n y establecer las medidas correctivas necesarias.<\/p>\n<p class=\"wp-block-paragraph\">\u201cNo son problemas de cobertura. Son problemas de falta de ejecuci\u00f3n de los protocolos de los ni\u00f1os despu\u00e9s de haber nacido\u201d, concluy\u00f3.<\/p>\n<p class=\"wp-block-paragraph\"><strong>PLD retoma actividad pol\u00edtica en Hermanas Mirabal<\/strong><\/p>\n<p class=\"wp-block-paragraph\">Las declaraciones sobre mortalidad neonatal se produjeron al t\u00e9rmino de una asamblea provincial del PLD, encabezada por Medina y el secretario general de la organizaci\u00f3n, Johnny Pujols.<\/p>\n<p class=\"wp-block-paragraph\">El encuentro forma parte del proceso de reactivaci\u00f3n, reorganizaci\u00f3n y fortalecimiento de las estructuras del partido en las distintas provincias del pa\u00eds.<\/p>\n<p class=\"wp-block-paragraph\">La presidenta municipal del PLD en Salcedo, Mar\u00eda Hern\u00e1ndez, dio la bienvenida a los participantes y destac\u00f3 el proceso de fortalecimiento que, seg\u00fan afirm\u00f3, experimenta la organizaci\u00f3n en Hermanas Mirabal.<\/p>\n<p class=\"wp-block-paragraph\">Durante la jornada tambi\u00e9n participaron los j\u00f3venes \u00c1ngel Gonz\u00e1lez y Annetty Medina, ambos de reciente incorporaci\u00f3n al PLD, quienes llamaron a la juventud a involucrarse en la actividad pol\u00edtica y organizarse para defender sus aspiraciones y oportunidades.<\/p>\n<p class=\"wp-block-paragraph\">Los j\u00f3venes compararon la situaci\u00f3n actual de ese segmento de la poblaci\u00f3n con las pol\u00edticas aplicadas durante las administraciones pelede\u00edstas, con \u00e9nfasis en programas de becas y otras facilidades.<\/p>\n<p class=\"wp-block-paragraph\">Por su parte, el presidente provincial del PLD, Carlos Cepeda, present\u00f3 un recuento de las obras ejecutadas en Hermanas Mirabal durante los gobiernos encabezados por Medina y contrast\u00f3 esas inversiones con la situaci\u00f3n que atraviesa actualmente la provincia.<\/p>\n<p class=\"wp-block-paragraph\"><strong>Medina arremete contra gesti\u00f3n del PRM<\/strong><\/p>\n<p class=\"wp-block-paragraph\">Durante su intervenci\u00f3n ante los dirigentes y militantes, Medina retom\u00f3 adem\u00e1s sus cuestionamientos al Gobierno del Partido Revolucionario Moderno (PRM), al que volvi\u00f3 a se\u00f1alar de haberle \u201csalido caro\u201d al pa\u00eds.<\/p>\n<p class=\"wp-block-paragraph\">Como argumento, cit\u00f3 el aumento de la n\u00f3mina p\u00fablica, que asegur\u00f3 pas\u00f3 de unos RD$204 mil millones a RD$377 mil millones.<\/p>\n<p class=\"wp-block-paragraph\">Asimismo, volvi\u00f3 sobre el gasto destinado al subsidio del sector el\u00e9ctrico. A su juicio, pese al incremento de los recursos p\u00fablicos dirigidos a ese sistema, contin\u00faan los apagones y las quejas de los usuarios por las elevadas facturaciones.<\/p>\n<p class=\"wp-block-paragraph\">La actividad estuvo marcada por aplausos, consignas y muestras de respaldo de los asistentes, quienes ondearon banderas moradas durante las intervenciones.<\/p>\n<p class=\"wp-block-paragraph\">Junto a Medina y Pujols participaron el exvicepresidente Jaime David Fern\u00e1ndez Mirabal; Carlos Cepeda; Mar\u00eda Hern\u00e1ndez; y Yudith N\u00fa\u00f1ez Pantale\u00f3n, enlace de la direcci\u00f3n pol\u00edtica con el Comit\u00e9 Provincial de Hermanas Mirabal.<\/p>\n<p class=\"wp-block-paragraph\">Tambi\u00e9n estuvieron dirigentes municipales de Salcedo, Villa Tapia y Tenares, adem\u00e1s de legisladores y representantes locales.<\/p>\n<p class=\"wp-block-paragraph\">Durante la asamblea se hizo una menci\u00f3n especial a Vinicio V\u00e1zquez, antiguo militante del PRM recientemente juramentado en el PLD por Medina, as\u00ed como al presidente de la Asociaci\u00f3n Dominicana de Profesores (ADP), Eduardo Hidalgo.<\/p>\n<p class=\"wp-block-paragraph\">La representaci\u00f3n del Comit\u00e9 Pol\u00edtico incluy\u00f3, entre otros, a Tem\u00edstocles Mont\u00e1s, Zoraima Cuello, Lidio Cadet, Luc\u00eda Medina, Radham\u00e9s Camacho, Mayobanex Escoto, Sim\u00f3n Lizardo, Sonia Mateo, Thelma Eusebio, Rub\u00e9n Bichara, Carlos Pared P\u00e9rez, Aura Toribio, Kenia Lora, Margarita Pimentel, El\u00edas Cornelio y H\u00e9ctor Olivo.<\/p>\n<p class=\"wp-block-paragraph\">La actividad se enmarca en la implementaci\u00f3n de la nueva L\u00ednea Organizativa y Electoral (LOE), mediante la cual el PLD procura reactivar y reestructurar sus organismos territoriales con miras a fortalecer su presencia pol\u00edtica a nivel nacional.<\/p>\n","protected":false},"excerpt":{"rendered":"<p>El expresidente cuestiona protocolos y pide determinar&#46;&#46;&#46;<\/p>\n","protected":false},"author":1,"featured_media":405686,"comment_status":"closed","ping_status":"closed","sticky":false,"template":"","format":"standard","meta":{"_jetpack_newsletter_access":"","_jetpack_dont_email_post_to_subs":false,"_jetpack_newsletter_tier_id":0,"_jetpack_memberships_contains_paywalled_content":false,"_jetpack_feature_clip_id":0,"_jetpack_memberships_contains_paid_content":false,"footnotes":"","jetpack_publicize_message":"","jetpack_publicize_feature_enabled":true,"jetpack_social_post_already_shared":true,"jetpack_social_options":{"image_generator_settings":{"template":"highway","default_image_id":0,"font":"","enabled":false},"version":2},"jetpack_post_was_ever_published":false},"categories":[59,61],"tags":[],"class_list":["post-405685","post","type-post","status-publish","format-standard","has-post-thumbnail","hentry","category-actualidad","category-politica"],"yoast_head":"<!-- This site is optimized with the Yoast SEO plugin v28.1 - https:\/\/yoast.com\/product\/yoast-seo-wordpress\/ -->\n<title>En Salcedo Danilo Medina pide investigar causas de mortalidad neonatal - Sarmiento24h<\/title>\n<meta name=\"robots\" content=\"index, follow, max-snippet:-1, max-image-preview:large, max-video-preview:-1\" \/>\n<link rel=\"canonical\" href=\"https:\/\/sarmiento24h.com\/?p=405685\" \/>\n<meta property=\"og:locale\" content=\"es_ES\" \/>\n<meta property=\"og:type\" content=\"article\" \/>\n<meta property=\"og:title\" content=\"En Salcedo Danilo Medina pide investigar causas de mortalidad neonatal - Sarmiento24h\" \/>\n<meta property=\"og:description\" content=\"El expresidente cuestiona protocolos y pide determinar&#046;&#046;&#046;\" \/>\n<meta property=\"og:url\" content=\"https:\/\/sarmiento24h.com\/?p=405685\" \/>\n<meta property=\"og:site_name\" content=\"Sarmiento24h\" \/>\n<meta property=\"article:publisher\" content=\"https:\/\/facebook.com\/s24hnoticias\" \/>\n<meta property=\"article:published_time\" content=\"2026-08-30T22:57:49+00:00\" \/>\n<meta name=\"author\" content=\"sarmiento24h@gmail.com\" \/>\n<meta name=\"twitter:card\" content=\"summary_large_image\" \/>\n<meta name=\"twitter:creator\" content=\"@sarmiento24h\" \/>\n<meta name=\"twitter:site\" content=\"@sarmiento24h\" \/>\n<meta name=\"twitter:label1\" content=\"Escrito por\" \/>\n\t<meta name=\"twitter:data1\" content=\"sarmiento24h@gmail.com\" \/>\n\t<meta name=\"twitter:label2\" content=\"Tiempo de lectura\" \/>\n\t<meta name=\"twitter:data2\" content=\"5 minutos\" \/>\n<script type=\"application\/ld+json\" class=\"yoast-schema-graph\">{\"@context\":\"https:\\\/\\\/schema.org\",\"@graph\":[{\"@type\":\"Article\",\"@id\":\"https:\\\/\\\/sarmiento24h.com\\\/?p=405685#article\",\"isPartOf\":{\"@id\":\"https:\\\/\\\/sarmiento24h.com\\\/?p=405685\"},\"author\":{\"name\":\"sarmiento24h@gmail.com\",\"@id\":\"https:\\\/\\\/sarmiento24h.com\\\/#\\\/schema\\\/person\\\/d653a59725ad629a7e0429af7b939d4d\"},\"headline\":\"En Salcedo Danilo Medina pide investigar causas de mortalidad neonatal\",\"datePublished\":\"2026-08-30T22:57:49+00:00\",\"mainEntityOfPage\":{\"@id\":\"https:\\\/\\\/sarmiento24h.com\\\/?p=405685\"},\"wordCount\":1068,\"publisher\":{\"@id\":\"https:\\\/\\\/sarmiento24h.com\\\/#organization\"},\"image\":{\"@id\":\"https:\\\/\\\/sarmiento24h.com\\\/?p=405685#primaryimage\"},\"thumbnailUrl\":\"https:\\\/\\\/sarmiento24h.com\\\/wp-content\\\/uploads\\\/2026\\\/08\\\/en-salcedo-danilo-medina-pide-investigar-causas-de-mortalidad-neonatal.jpg\",\"articleSection\":[\"Actualidad\",\"Politica\"],\"inLanguage\":\"es\"},{\"@type\":\"WebPage\",\"@id\":\"https:\\\/\\\/sarmiento24h.com\\\/?p=405685\",\"url\":\"https:\\\/\\\/sarmiento24h.com\\\/?p=405685\",\"name\":\"En Salcedo Danilo Medina pide investigar causas de mortalidad neonatal - Sarmiento24h\",\"isPartOf\":{\"@id\":\"https:\\\/\\\/sarmiento24h.com\\\/#website\"},\"primaryImageOfPage\":{\"@id\":\"https:\\\/\\\/sarmiento24h.com\\\/?p=405685#primaryimage\"},\"image\":{\"@id\":\"https:\\\/\\\/sarmiento24h.com\\\/?p=405685#primaryimage\"},\"thumbnailUrl\":\"https:\\\/\\\/sarmiento24h.com\\\/wp-content\\\/uploads\\\/2026\\\/08\\\/en-salcedo-danilo-medina-pide-investigar-causas-de-mortalidad-neonatal.jpg\",\"datePublished\":\"2026-08-30T22:57:49+00:00\",\"breadcrumb\":{\"@id\":\"https:\\\/\\\/sarmiento24h.com\\\/?p=405685#breadcrumb\"},\"inLanguage\":\"es\",\"potentialAction\":[{\"@type\":\"ReadAction\",\"target\":[\"https:\\\/\\\/sarmiento24h.com\\\/?p=405685\"]}]},{\"@type\":\"ImageObject\",\"inLanguage\":\"es\",\"@id\":\"https:\\\/\\\/sarmiento24h.com\\\/?p=405685#primaryimage\",\"url\":\"https:\\\/\\\/sarmiento24h.com\\\/wp-content\\\/uploads\\\/2026\\\/08\\\/en-salcedo-danilo-medina-pide-investigar-causas-de-mortalidad-neonatal.jpg\",\"contentUrl\":\"https:\\\/\\\/sarmiento24h.com\\\/wp-content\\\/uploads\\\/2026\\\/08\\\/en-salcedo-danilo-medina-pide-investigar-causas-de-mortalidad-neonatal.jpg\",\"width\":1024,\"height\":1016},{\"@type\":\"BreadcrumbList\",\"@id\":\"https:\\\/\\\/sarmiento24h.com\\\/?p=405685#breadcrumb\",\"itemListElement\":[{\"@type\":\"ListItem\",\"position\":1,\"name\":\"Home\",\"item\":\"https:\\\/\\\/sarmiento24h.com\\\/\"},{\"@type\":\"ListItem\",\"position\":2,\"name\":\"En Salcedo Danilo Medina pide investigar causas de mortalidad neonatal\"}]},{\"@type\":\"WebSite\",\"@id\":\"https:\\\/\\\/sarmiento24h.com\\\/#website\",\"url\":\"https:\\\/\\\/sarmiento24h.com\\\/\",\"name\":\"Sarmiento24h\",\"description\":\"\",\"publisher\":{\"@id\":\"https:\\\/\\\/sarmiento24h.com\\\/#organization\"},\"potentialAction\":[{\"@type\":\"SearchAction\",\"target\":{\"@type\":\"EntryPoint\",\"urlTemplate\":\"https:\\\/\\\/sarmiento24h.com\\\/?s={search_term_string}\"},\"query-input\":{\"@type\":\"PropertyValueSpecification\",\"valueRequired\":true,\"valueName\":\"search_term_string\"}}],\"inLanguage\":\"es\"},{\"@type\":\"Organization\",\"@id\":\"https:\\\/\\\/sarmiento24h.com\\\/#organization\",\"name\":\"Sarmiento24h\",\"url\":\"https:\\\/\\\/sarmiento24h.com\\\/\",\"logo\":{\"@type\":\"ImageObject\",\"inLanguage\":\"es\",\"@id\":\"https:\\\/\\\/sarmiento24h.com\\\/#\\\/schema\\\/logo\\\/image\\\/\",\"url\":\"https:\\\/\\\/sarmiento24h.com\\\/wp-content\\\/uploads\\\/2025\\\/12\\\/AddText_12-16-10.30.52.jpg\",\"contentUrl\":\"https:\\\/\\\/sarmiento24h.com\\\/wp-content\\\/uploads\\\/2025\\\/12\\\/AddText_12-16-10.30.52.jpg\",\"width\":1220,\"height\":324,\"caption\":\"Sarmiento24h\"},\"image\":{\"@id\":\"https:\\\/\\\/sarmiento24h.com\\\/#\\\/schema\\\/logo\\\/image\\\/\"},\"sameAs\":[\"https:\\\/\\\/facebook.com\\\/s24hnoticias\",\"https:\\\/\\\/x.com\\\/sarmiento24h\"]},{\"@type\":\"Person\",\"@id\":\"https:\\\/\\\/sarmiento24h.com\\\/#\\\/schema\\\/person\\\/d653a59725ad629a7e0429af7b939d4d\",\"name\":\"sarmiento24h@gmail.com\",\"image\":{\"@type\":\"ImageObject\",\"inLanguage\":\"es\",\"@id\":\"https:\\\/\\\/sarmiento24h.com\\\/wp-content\\\/litespeed\\\/avatar\\\/d02cbc4e23c747e6659cd45907173c8f.jpg?ver=1788047690\",\"url\":\"https:\\\/\\\/sarmiento24h.com\\\/wp-content\\\/litespeed\\\/avatar\\\/d02cbc4e23c747e6659cd45907173c8f.jpg?ver=1788047690\",\"contentUrl\":\"https:\\\/\\\/sarmiento24h.com\\\/wp-content\\\/litespeed\\\/avatar\\\/d02cbc4e23c747e6659cd45907173c8f.jpg?ver=1788047690\",\"caption\":\"sarmiento24h@gmail.com\"},\"sameAs\":[\"https:\\\/\\\/sarmiento24h.com\"],\"url\":\"https:\\\/\\\/sarmiento24h.com\\\/?author=1\"}]}<\/script>\n<!-- \/ Yoast SEO plugin. -->","yoast_head_json":{"title":"En Salcedo Danilo Medina pide investigar causas de mortalidad neonatal - Sarmiento24h","robots":{"index":"index","follow":"follow","max-snippet":"max-snippet:-1","max-image-preview":"max-image-preview:large","max-video-preview":"max-video-preview:-1"},"canonical":"https:\/\/sarmiento24h.com\/?p=405685","og_locale":"es_ES","og_type":"article","og_title":"En Salcedo Danilo Medina pide investigar causas de mortalidad neonatal - Sarmiento24h","og_description":"El expresidente cuestiona protocolos y pide determinar&#46;&#46;&#46;","og_url":"https:\/\/sarmiento24h.com\/?p=405685","og_site_name":"Sarmiento24h","article_publisher":"https:\/\/facebook.com\/s24hnoticias","article_published_time":"2026-08-30T22:57:49+00:00","author":"sarmiento24h@gmail.com","twitter_card":"summary_large_image","twitter_creator":"@sarmiento24h","twitter_site":"@sarmiento24h","twitter_misc":{"Escrito por":"sarmiento24h@gmail.com","Tiempo de lectura":"5 minutos"},"schema":{"@context":"https:\/\/schema.org","@graph":[{"@type":"Article","@id":"https:\/\/sarmiento24h.com\/?p=405685#article","isPartOf":{"@id":"https:\/\/sarmiento24h.com\/?p=405685"},"author":{"name":"sarmiento24h@gmail.com","@id":"https:\/\/sarmiento24h.com\/#\/schema\/person\/d653a59725ad629a7e0429af7b939d4d"},"headline":"En Salcedo Danilo Medina pide investigar causas de mortalidad neonatal","datePublished":"2026-08-30T22:57:49+00:00","mainEntityOfPage":{"@id":"https:\/\/sarmiento24h.com\/?p=405685"},"wordCount":1068,"publisher":{"@id":"https:\/\/sarmiento24h.com\/#organization"},"image":{"@id":"https:\/\/sarmiento24h.com\/?p=405685#primaryimage"},"thumbnailUrl":"https:\/\/sarmiento24h.com\/wp-content\/uploads\/2026\/08\/en-salcedo-danilo-medina-pide-investigar-causas-de-mortalidad-neonatal.jpg","articleSection":["Actualidad","Politica"],"inLanguage":"es"},{"@type":"WebPage","@id":"https:\/\/sarmiento24h.com\/?p=405685","url":"https:\/\/sarmiento24h.com\/?p=405685","name":"En Salcedo Danilo Medina pide investigar causas de mortalidad neonatal - Sarmiento24h","isPartOf":{"@id":"https:\/\/sarmiento24h.com\/#website"},"primaryImageOfPage":{"@id":"https:\/\/sarmiento24h.com\/?p=405685#primaryimage"},"image":{"@id":"https:\/\/sarmiento24h.com\/?p=405685#primaryimage"},"thumbnailUrl":"https:\/\/sarmiento24h.com\/wp-content\/uploads\/2026\/08\/en-salcedo-danilo-medina-pide-investigar-causas-de-mortalidad-neonatal.jpg","datePublished":"2026-08-30T22:57:49+00:00","breadcrumb":{"@id":"https:\/\/sarmiento24h.com\/?p=405685#breadcrumb"},"inLanguage":"es","potentialAction":[{"@type":"ReadAction","target":["https:\/\/sarmiento24h.com\/?p=405685"]}]},{"@type":"ImageObject","inLanguage":"es","@id":"https:\/\/sarmiento24h.com\/?p=405685#primaryimage","url":"https:\/\/sarmiento24h.com\/wp-content\/uploads\/2026\/08\/en-salcedo-danilo-medina-pide-investigar-causas-de-mortalidad-neonatal.jpg","contentUrl":"https:\/\/sarmiento24h.com\/wp-content\/uploads\/2026\/08\/en-salcedo-danilo-medina-pide-investigar-causas-de-mortalidad-neonatal.jpg","width":1024,"height":1016},{"@type":"BreadcrumbList","@id":"https:\/\/sarmiento24h.com\/?p=405685#breadcrumb","itemListElement":[{"@type":"ListItem","position":1,"name":"Home","item":"https:\/\/sarmiento24h.com\/"},{"@type":"ListItem","position":2,"name":"En Salcedo Danilo Medina pide investigar causas de mortalidad neonatal"}]},{"@type":"WebSite","@id":"https:\/\/sarmiento24h.com\/#website","url":"https:\/\/sarmiento24h.com\/","name":"Sarmiento24h","description":"","publisher":{"@id":"https:\/\/sarmiento24h.com\/#organization"},"potentialAction":[{"@type":"SearchAction","target":{"@type":"EntryPoint","urlTemplate":"https:\/\/sarmiento24h.com\/?s={search_term_string}"},"query-input":{"@type":"PropertyValueSpecification","valueRequired":true,"valueName":"search_term_string"}}],"inLanguage":"es"},{"@type":"Organization","@id":"https:\/\/sarmiento24h.com\/#organization","name":"Sarmiento24h","url":"https:\/\/sarmiento24h.com\/","logo":{"@type":"ImageObject","inLanguage":"es","@id":"https:\/\/sarmiento24h.com\/#\/schema\/logo\/image\/","url":"https:\/\/sarmiento24h.com\/wp-content\/uploads\/2025\/12\/AddText_12-16-10.30.52.jpg","contentUrl":"https:\/\/sarmiento24h.com\/wp-content\/uploads\/2025\/12\/AddText_12-16-10.30.52.jpg","width":1220,"height":324,"caption":"Sarmiento24h"},"image":{"@id":"https:\/\/sarmiento24h.com\/#\/schema\/logo\/image\/"},"sameAs":["https:\/\/facebook.com\/s24hnoticias","https:\/\/x.com\/sarmiento24h"]},{"@type":"Person","@id":"https:\/\/sarmiento24h.com\/#\/schema\/person\/d653a59725ad629a7e0429af7b939d4d","name":"sarmiento24h@gmail.com","image":{"@type":"ImageObject","inLanguage":"es","@id":"https:\/\/sarmiento24h.com\/wp-content\/litespeed\/avatar\/d02cbc4e23c747e6659cd45907173c8f.jpg?ver=1788047690","url":"https:\/\/sarmiento24h.com\/wp-content\/litespeed\/avatar\/d02cbc4e23c747e6659cd45907173c8f.jpg?ver=1788047690","contentUrl":"https:\/\/sarmiento24h.com\/wp-content\/litespeed\/avatar\/d02cbc4e23c747e6659cd45907173c8f.jpg?ver=1788047690","caption":"sarmiento24h@gmail.com"},"sameAs":["https:\/\/sarmiento24h.com"],"url":"https:\/\/sarmiento24h.com\/?author=1"}]}},"jetpack_publicize_connections":[],"jetpack_featured_media_url":"https:\/\/sarmiento24h.com\/wp-content\/uploads\/2026\/08\/en-salcedo-danilo-medina-pide-investigar-causas-de-mortalidad-neonatal.jpg","jetpack_sharing_enabled":true,"_links":{"self":[{"href":"https:\/\/sarmiento24h.com\/index.php?rest_route=\/wp\/v2\/posts\/405685","targetHints":{"allow":["GET"]}}],"collection":[{"href":"https:\/\/sarmiento24h.com\/index.php?rest_route=\/wp\/v2\/posts"}],"about":[{"href":"https:\/\/sarmiento24h.com\/index.php?rest_route=\/wp\/v2\/types\/post"}],"author":[{"embeddable":true,"href":"https:\/\/sarmiento24h.com\/index.php?rest_route=\/wp\/v2\/users\/1"}],"replies":[{"embeddable":true,"href":"https:\/\/sarmiento24h.com\/index.php?rest_route=%2Fwp%2Fv2%2Fcomments&post=405685"}],"version-history":[{"count":0,"href":"https:\/\/sarmiento24h.com\/index.php?rest_route=\/wp\/v2\/posts\/405685\/revisions"}],"wp:featuredmedia":[{"embeddable":true,"href":"https:\/\/sarmiento24h.com\/index.php?rest_route=\/wp\/v2\/media\/405686"}],"wp:attachment":[{"href":"https:\/\/sarmiento24h.com\/index.php?rest_route=%2Fwp%2Fv2%2Fmedia&parent=405685"}],"wp:term":[{"taxonomy":"category","embeddable":true,"href":"https:\/\/sarmiento24h.com\/index.php?rest_route=%2Fwp%2Fv2%2Fcategories&post=405685"},{"taxonomy":"post_tag","embeddable":true,"href":"https:\/\/sarmiento24h.com\/index.php?rest_route=%2Fwp%2Fv2%2Ftags&post=405685"}],"curies":[{"name":"wp","href":"https:\/\/api.w.org\/{rel}","templated":true}]}}