{"id":405718,"date":"2026-08-31T00:11:16","date_gmt":"2026-08-31T00:11:16","guid":{"rendered":"http:\/\/0add9762-a404-11f1-bdee-7528b3d81e11"},"modified":"2026-08-31T00:11:16","modified_gmt":"2026-08-31T00:11:16","slug":"dilma-rousseff-diez-anos-del-impeachment-que-le-dio-un-vuelco-a-brasil","status":"publish","type":"post","link":"https:\/\/sarmiento24h.com\/?p=405718","title":{"rendered":"Dilma Rousseff: diez a\u00f1os del\u00a0&#8216;impeachment&#8217; que le dio un vuelco a Brasil"},"content":{"rendered":"\n<p>En la memoria colectiva han quedado grabadas las im\u00e1genes del proceso de <a href=\"https:\/\/www.france24.com\/es\/tag\/destituci\u00f3n\/\" target=\"_self\" class=\"gtm-add-suggested-tag\">destituci\u00f3n<\/a> de <a href=\"https:\/\/www.france24.com\/es\/tag\/dilma-rousseff\/\" target=\"_self\" class=\"gtm-add-suggested-tag\">Dilma Rousseff<\/a>, que empez\u00f3 el 17 de abril de 2016 con la aprobaci\u00f3n en la C\u00e1mara de Diputados por 367 votos contra 137. Hubo diputados que justificaron su voto \u201cpor Dios\u201d, \u201cpor la familia\u201d o por sus iglesias. Hubo gritos, una profusi\u00f3n de banderas verdes y amarillas y hasta un congresista que dispar\u00f3 un cohete de confeti. Tambi\u00e9n se pudo escuchar una sucesi\u00f3n de discursos que poco ten\u00edan que ver con las acusaciones contra la entonces mandataria.<\/p>\n<div id=\"em-WBMZ416400-F24-ES-20260830\" class=\"m-em-flash\"> <iframe loading=\"lazy\" width=\"873\" height=\"491\" src=\"https:\/\/www.youtube.com\/embed\/xfJzzSZbED0\" data-hj-allow-iframe title=\"Voto do deputado Wladimir Costa (SD-PA) na sess\u00e3o do impeachment\" frameborder=\"0\" allow=\"accelerometer; autoplay; clipboard-write; encrypted-media; gyroscope; picture-in-picture; web-share\" referrerpolicy=\"strict-origin-when-cross-origin\" allowfullscreen>[embedded content]<\/iframe> <\/p>\n<div class=\"o-em-consent \" readability=\"6.5\">\n<div class=\"o-em-consent__content\" readability=\"33\">\n<p class=\"o-em-consent__content__text\">Para mostrar este contenido de , debe autorizar las cookies de medici\u00f3n de audiencia y publicidad.<\/p>\n<p> <button class=\"a-master-button a-master-button--dark\" data-action=\"accept\"> Aceptar <svg class=\"a-svg a-svg--icon-check\"> <use xlink:href=\"\/build\/images\/svg\/sprite.1af31c2f854b10d5fc5627a4f4fa61be.svg#icon-check\" href=\"\/build\/images\/svg\/sprite.1af31c2f854b10d5fc5627a4f4fa61be.svg#icon-check\" \/> <\/svg> <\/button> <button class=\"a-link\" data-action=\"manage\">Gestionar mis opciones <svg class=\"a-svg a-svg--icon-edit\"> <use xlink:href=\"\/build\/images\/svg\/sprite.1af31c2f854b10d5fc5627a4f4fa61be.svg#icon-edit\" href=\"\/build\/images\/svg\/sprite.1af31c2f854b10d5fc5627a4f4fa61be.svg#icon-edit\" \/> <\/svg><br \/>\n<\/button> <\/div>\n<\/div>\n<\/div>\n<p>Entre ellos, destaca el de un diputado en aquel entonces pr\u00e1cticamente desconocido fuera de los c\u00edrculos de la <a href=\"https:\/\/www.france24.com\/es\/tag\/extrema-derecha\/\" target=\"_self\" class=\"gtm-add-suggested-tag\">extrema derecha<\/a>, que dedic\u00f3 su voto \u201ccontra el comunismo\u201d y \u201cpor la memoria del coronel Carlos Alberto Brilhante Ustra\u201d. Era el ultraderechista <a href=\"https:\/\/www.france24.com\/es\/tag\/jair-bolsonaro\/\" target=\"_self\" class=\"gtm-add-suggested-tag\">Jair Bolsonaro<\/a> y no estaba citando a un militar cualquiera: Ustra fue el jefe del centro de represi\u00f3n de la <a href=\"https:\/\/www.france24.com\/es\/tag\/dictadura\/\" target=\"_self\" class=\"gtm-add-suggested-tag\">dictadura<\/a> militar y particip\u00f3 personalmente en las sesiones de torturas infligidas a <a href=\"https:\/\/www.france24.com\/es\/tag\/dilma-rousseff\/\" target=\"_self\" class=\"gtm-add-suggested-tag\">Dilma Rousseff<\/a> cuando era una joven militante de izquierda.<\/p>\n<p>La Justicia brasile\u00f1a le reconoci\u00f3 como torturador. Aquel mismo d\u00eda, un legislador de izquierda, Jean Wyllys, escupi\u00f3 en la cara del que ser\u00eda luego el presidente Bolsonaro, despu\u00e9s de recibir insultos y ataques hom\u00f3fobos. La votaci\u00f3n, retransmitida en directo a todo el pa\u00eds, se convirti\u00f3 en un espect\u00e1culo bochornoso, que reflejaba un <a href=\"https:\/\/www.france24.com\/es\/tag\/brasil\/\" target=\"_self\" class=\"gtm-add-suggested-tag\">Brasil<\/a> profundamente dividido.<\/p>\n<p class=\"a-read-more\"><span class=\"a-read-more__label\">Leer tambi\u00e9n<\/span><a href=\"https:\/\/www.france24.com\/es\/20191205-brasil-justicia-absuelve-lula-da-silva-rousseff\" target=\"_self\" class=\"a-read-more__link\">Justicia brasile\u00f1a absuelve a Lula da Silva y Rousseff de supuesta financiaci\u00f3n ilegal<\/a><\/p>\n<div id=\"em-WBMZ416403-F24-ES-20260830\" class=\"m-em-flash\"> <iframe loading=\"lazy\" width=\"873\" height=\"491\" src=\"https:\/\/www.youtube.com\/embed\/salduJfCcs8\" data-hj-allow-iframe title=\"A VERDADE: Jean Wyllys cuspindo em Bolsonaro [de outro \u00e2ngulo] [HD]\" frameborder=\"0\" allow=\"accelerometer; autoplay; clipboard-write; encrypted-media; gyroscope; picture-in-picture; web-share\" referrerpolicy=\"strict-origin-when-cross-origin\" allowfullscreen>[embedded content]<\/iframe> <\/p>\n<div class=\"o-em-consent \" readability=\"6.5\">\n<div class=\"o-em-consent__content\" readability=\"33\">\n<p class=\"o-em-consent__content__text\">Para mostrar este contenido de , debe autorizar las cookies de medici\u00f3n de audiencia y publicidad.<\/p>\n<p> <button class=\"a-master-button a-master-button--dark\" data-action=\"accept\"> Aceptar <svg class=\"a-svg a-svg--icon-check\"> <use xlink:href=\"\/build\/images\/svg\/sprite.1af31c2f854b10d5fc5627a4f4fa61be.svg#icon-check\" href=\"\/build\/images\/svg\/sprite.1af31c2f854b10d5fc5627a4f4fa61be.svg#icon-check\" \/> <\/svg> <\/button> <button class=\"a-link\" data-action=\"manage\">Gestionar mis opciones <svg class=\"a-svg a-svg--icon-edit\"> <use xlink:href=\"\/build\/images\/svg\/sprite.1af31c2f854b10d5fc5627a4f4fa61be.svg#icon-edit\" href=\"\/build\/images\/svg\/sprite.1af31c2f854b10d5fc5627a4f4fa61be.svg#icon-edit\" \/> <\/svg><br \/>\n<\/button> <\/div>\n<\/div>\n<\/div>\n<h2><strong>\u00bfEl &#8216;impeachment&#8217; de Rousseff llev\u00f3 a la elecci\u00f3n de Bolsonaro?<\/strong><\/h2>\n<p>Aquellas&nbsp;escenas&nbsp;no solo&nbsp;revelaron al pa\u00eds m\u00e1s grande de <a href=\"https:\/\/www.france24.com\/es\/tag\/am\u00e9rica-latina\/\" target=\"_self\" class=\"gtm-add-suggested-tag\">Am\u00e9rica Latina<\/a> la verdadera naturaleza del Congreso,&nbsp;sino&nbsp;que, adem\u00e1s,&nbsp;condensaron&nbsp;una&nbsp;parte&nbsp;importante&nbsp;de lo&nbsp;que&nbsp;estaba por comenzar.<\/p>\n<p>Para<a target=\"_blank\"> Jo\u00e3o Feres J\u00fanior,&nbsp;profesor&nbsp;de Ciencia Pol\u00edtica de la Universidad del Estado de R\u00edo de Janeiro<\/a>, el&nbsp;cese de la mandataria de izquierda&nbsp;fue&nbsp;una&nbsp;etapa&nbsp;decisiva&nbsp;de un&nbsp;proceso&nbsp;m\u00e1s&nbsp;amplio&nbsp;de&nbsp;deslegitimaci\u00f3n&nbsp;de la&nbsp;pol\u00edtica&nbsp;brasile\u00f1a.&nbsp;<\/p>\n<p>\u201cEl &#8216;impeachment&#8217; de Rousseff fue fruto de una escalada que llev\u00f3 a la elecci\u00f3n de Bolsonaro, pero detr\u00e1s hubo una causa com\u00fan: la desvalorizaci\u00f3n de la representaci\u00f3n pol\u00edtica y el ataque a su legitimidad, particularmente como producto de la explotaci\u00f3n de esc\u00e1ndalos de <a href=\"https:\/\/www.france24.com\/es\/tag\/corrupci\u00f3n\/\" target=\"_self\" class=\"gtm-add-suggested-tag\">corrupci\u00f3n<\/a> por parte de la prensa y tambi\u00e9n de fuerzas pol\u00edticas. Hubo un proceso que comenz\u00f3 con el esc\u00e1ndalo del Mensal\u00e3o y lleg\u00f3 a la <a href=\"https:\/\/www.france24.com\/es\/tag\/lava-jato\/\" target=\"_self\" class=\"gtm-add-suggested-tag\">Lava Jato<\/a>, en el que las instituciones pol\u00edticas fueron fuertemente atacadas, especialmente la representaci\u00f3n\u201d, afirma Feres en entrevista con France 24.<\/p>\n<p>Elegida en 2010 con el 56% de los votos y reelegida en 2014 con un apretado 51,64% frente al candidato socialdem\u00f3crata A\u00e9cio Neves, Dilma Rousseff lleg\u00f3 a su segundo mandato en medio de una profunda crisis econ\u00f3mica, pol\u00edtica y moral, marcada por el avance de la operaci\u00f3n anticorrupci\u00f3n Lava Jato y por un deterioro acelerado de su relaci\u00f3n con el Congreso.<\/p>\n<div class=\"m-em-image\">\n<figure class=\"m-item-image m-item-image--original m-item-image--has-caption\"> <picture class=\"a-picture a-picture--original\"><source type=\"image\/webp\" srcset=\"https:\/\/s.france24.com\/media\/display\/4065363a-a4ca-11f1-a78f-005056bfb2b6\/w:246\/c56f7c787af3ee61c2118c906f455ec713c81bdew.webp 246w, https:\/\/s.france24.com\/media\/display\/4065363a-a4ca-11f1-a78f-005056bfb2b6\/w:388\/c56f7c787af3ee61c2118c906f455ec713c81bdew.webp 388w, https:\/\/s.france24.com\/media\/display\/4065363a-a4ca-11f1-a78f-005056bfb2b6\/w:720\/c56f7c787af3ee61c2118c906f455ec713c81bdew.webp 720w, https:\/\/s.france24.com\/media\/display\/4065363a-a4ca-11f1-a78f-005056bfb2b6\/w:980\/c56f7c787af3ee61c2118c906f455ec713c81bdew.webp 980w\" sizes=\"(max-width: 1023px) calc(100vw - 32px), (min-width: 1024px) 850px\"><img fetchpriority=\"low\" decoding=\"async\" src=\"https:\/\/s.france24.com\/media\/display\/4065363a-a4ca-11f1-a78f-005056bfb2b6\/w:980\/c56f7c787af3ee61c2118c906f455ec713c81bdew.jpg\" srcset=\"https:\/\/s.france24.com\/media\/display\/4065363a-a4ca-11f1-a78f-005056bfb2b6\/w:246\/c56f7c787af3ee61c2118c906f455ec713c81bdew.jpg 246w, https:\/\/s.france24.com\/media\/display\/4065363a-a4ca-11f1-a78f-005056bfb2b6\/w:388\/c56f7c787af3ee61c2118c906f455ec713c81bdew.jpg 388w, https:\/\/s.france24.com\/media\/display\/4065363a-a4ca-11f1-a78f-005056bfb2b6\/w:720\/c56f7c787af3ee61c2118c906f455ec713c81bdew.jpg 720w, https:\/\/s.france24.com\/media\/display\/4065363a-a4ca-11f1-a78f-005056bfb2b6\/w:980\/c56f7c787af3ee61c2118c906f455ec713c81bdew.jpg 980w\" sizes=\"(max-width: 1023px) calc(100vw - 32px), (min-width: 1024px) 850px\" alt=\"Archivo. Dilma Rousseff (d) es vista junto al abogado Jose Eduardo Cardozo (i) durante la presentaci\u00f3n, el lunes 29 de agosto de 2016, de sus alegatos finales en el proceso para su destituci\u00f3n.\" loading=\"lazy\" class=\"a-img \">\n<\/picture><figcaption class=\"a-figcaption\"> Archivo. Dilma Rousseff (d) es vista junto al abogado Jose Eduardo Cardozo (i) durante la presentaci\u00f3n, el lunes 29 de agosto de 2016, de sus alegatos finales en el proceso para su destituci\u00f3n. \u00a9 EFE <\/figcaption><\/figure>\n<\/p><\/div>\n<p>En las calles, manifestaciones masivas ped\u00edan su salida del poder. En ellas conviv\u00edan el rechazo a la corrupci\u00f3n, el descontento econ\u00f3mico y un creciente \u201cantipetismo\u201d, es decir, la repulsa del izquierdista <a href=\"https:\/\/www.france24.com\/es\/tag\/partido-de-los-trabajadores\/\" target=\"_self\" class=\"gtm-add-suggested-tag\">Partido de los Trabajadores<\/a> (PT), fundado por <a href=\"https:\/\/www.france24.com\/es\/tag\/luiz-inacio-lula-da-silva\/\" target=\"_self\" class=\"gtm-add-suggested-tag\">Luiz In\u00e1cio Lula da Silva<\/a> en 1980.<\/p>\n<p>Feres recuerda que la confianza en la Presidencia, que era una de las instituciones mejor valoradas por los brasile\u00f1os &#8211; Lula roz\u00f3 el 80% de aprobaci\u00f3n al final de su segundo mandato -, se desplom\u00f3 durante esos a\u00f1os. Las fuerzas pol\u00edticas y econ\u00f3micas que buscaban apartar al PT del poder, sostiene, lograron su objetivo, pero no anticiparon las consecuencias.<\/p>\n<p>\u201cLas fuerzas pol\u00edticas que urdieron todo aquello, creo que no previeron el surgimiento de la extrema derecha. Fue una sorpresa para ellos. Es decir, parieron un monstruo que no quer\u00edan y que no imaginaban\u201d, se\u00f1ala este polit\u00f3logo.<\/p>\n<p class=\"a-read-more\"><span class=\"a-read-more__label\">Leer tambi\u00e9n<\/span><a href=\"https:\/\/www.france24.com\/es\/20200204-la-entrevista-dilma-rousseff-brasil-bolsonaro-lula-da-silva-politica\" target=\"_self\" class=\"a-read-more__link\">Dilma Rousseff en France 24: \u00abEn Brasil tenemos un gobierno neofascista con Bolsonaro\u00bb<\/a><\/p>\n<h2><strong>Un &#8216;impeachment&#8217; que la izquierda bautiz\u00f3 de&nbsp;golpe&nbsp;<\/strong><\/h2>\n<p>El argumento jur\u00eddico para instruir el proceso de destituci\u00f3n de Rousseff se centr\u00f3 en las llamadas \u201cpedaladas fiscales\u201d, unas maniobras contables mediante las cuales el Gobierno retras\u00f3 pagos a bancos p\u00fablicos. Para los detractores de la l\u00edder de izquierda, se trat\u00f3 de un crimen de responsabilidad, requisito constitucional para destituir a un presidente.<\/p>\n<div class=\"m-em-image\">\n<figure class=\"m-item-image m-item-image--original m-item-image--has-caption\"> <picture class=\"a-picture a-picture--original\"><source type=\"image\/webp\" srcset=\"https:\/\/s.france24.com\/media\/display\/a1e6218a-a4ca-11f1-af94-005056bfb2b6\/w:246\/b7acb3a8d00912a4aaa54a30ea798195c79e5371w.webp 246w, https:\/\/s.france24.com\/media\/display\/a1e6218a-a4ca-11f1-af94-005056bfb2b6\/w:388\/b7acb3a8d00912a4aaa54a30ea798195c79e5371w.webp 388w, https:\/\/s.france24.com\/media\/display\/a1e6218a-a4ca-11f1-af94-005056bfb2b6\/w:720\/b7acb3a8d00912a4aaa54a30ea798195c79e5371w.webp 720w, https:\/\/s.france24.com\/media\/display\/a1e6218a-a4ca-11f1-af94-005056bfb2b6\/w:980\/b7acb3a8d00912a4aaa54a30ea798195c79e5371w.webp 980w\" sizes=\"(max-width: 1023px) calc(100vw - 32px), (min-width: 1024px) 850px\"><img fetchpriority=\"low\" decoding=\"async\" src=\"https:\/\/s.france24.com\/media\/display\/a1e6218a-a4ca-11f1-af94-005056bfb2b6\/w:980\/b7acb3a8d00912a4aaa54a30ea798195c79e5371w.jpg\" srcset=\"https:\/\/s.france24.com\/media\/display\/a1e6218a-a4ca-11f1-af94-005056bfb2b6\/w:246\/b7acb3a8d00912a4aaa54a30ea798195c79e5371w.jpg 246w, https:\/\/s.france24.com\/media\/display\/a1e6218a-a4ca-11f1-af94-005056bfb2b6\/w:388\/b7acb3a8d00912a4aaa54a30ea798195c79e5371w.jpg 388w, https:\/\/s.france24.com\/media\/display\/a1e6218a-a4ca-11f1-af94-005056bfb2b6\/w:720\/b7acb3a8d00912a4aaa54a30ea798195c79e5371w.jpg 720w, https:\/\/s.france24.com\/media\/display\/a1e6218a-a4ca-11f1-af94-005056bfb2b6\/w:980\/b7acb3a8d00912a4aaa54a30ea798195c79e5371w.jpg 980w\" sizes=\"(max-width: 1023px) calc(100vw - 32px), (min-width: 1024px) 850px\" alt=\"Archivo. Dilma Rousseff, el 1 de mayo de 2016. Ese d\u00eda dijo que &quot;resistir\u00eda y luchar\u00eda hasta el final&quot; contra su destici\u00f3n.\" loading=\"lazy\" class=\"a-img \">\n<\/picture><figcaption class=\"a-figcaption\"> Archivo. Dilma Rousseff, el 1 de mayo de 2016. Ese d\u00eda dijo que \u00abresistir\u00eda y luchar\u00eda hasta el final\u00bb contra su destici\u00f3n. \u00a9 EFE <\/figcaption><\/figure>\n<\/p><\/div>\n<p>Sin embargo, para una parte de la sociedad y de la izquierda brasile\u00f1a, aquellas mismas pr\u00e1cticas hab\u00edan sido utilizadas por gobiernos anteriores y continuaron existiendo despu\u00e9s. Desde esa perspectiva, se utiliz\u00f3 una interpretaci\u00f3n conveniente de la ley para retirar del poder a una presidenta reelegida apenas dos a\u00f1os antes.<\/p>\n<p><a href=\"https:\/\/www.instagram.com\/marciaribeirodias\/\" target=\"_blank\">M\u00e1rcia Ribeiro Dias, directora de la Escuela de Ciencia Pol\u00edtica de la Universidad del Estado de R\u00edo de Janeiro,<\/a> reconoce que el procedimiento respet\u00f3 formalmente las etapas previstas en la Constituci\u00f3n. Pero, en su opini\u00f3n, se trat\u00f3 de un \u201cgolpe\u201d.<\/p>\n<p>\u201cCuando Dilma fue elegida en 2014, hab\u00eda un programa de gobierno, una orientaci\u00f3n aprobada a trav\u00e9s de las urnas. Cuando se produce el &#8216;impeachment&#8217; de Dilma y la toma de posesi\u00f3n de <a href=\"https:\/\/www.france24.com\/es\/tag\/michel-temer\/\" target=\"_self\" class=\"gtm-add-suggested-tag\">Michel Temer<\/a> [su n\u00famero dos], este subvierte el plan de Gobierno aprobado en las urnas e implementa en su lugar un puente hacia el futuro. Peor a\u00fan, no solo aparta a la presidenta de la Rep\u00fablica \u2014quien, en teor\u00eda, habr\u00eda cometido el delito\u2014, sino a todos los cuadros del Partido de los Trabajadores, que ocupaban cargos gubernamentales\u201d, explica.<\/p>\n<div class=\"m-em-image\">\n<figure class=\"m-item-image m-item-image--original m-item-image--has-caption\"> <picture class=\"a-picture a-picture--original\"><source type=\"image\/webp\" srcset=\"https:\/\/s.france24.com\/media\/display\/2f59e5c8-a4cc-11f1-a649-005056bf30b7\/w:246\/bad94cd49058177e6b2c4449b7b7ce98b152d63cw.webp 246w, https:\/\/s.france24.com\/media\/display\/2f59e5c8-a4cc-11f1-a649-005056bf30b7\/w:388\/bad94cd49058177e6b2c4449b7b7ce98b152d63cw.webp 388w, https:\/\/s.france24.com\/media\/display\/2f59e5c8-a4cc-11f1-a649-005056bf30b7\/w:720\/bad94cd49058177e6b2c4449b7b7ce98b152d63cw.webp 720w, https:\/\/s.france24.com\/media\/display\/2f59e5c8-a4cc-11f1-a649-005056bf30b7\/w:980\/bad94cd49058177e6b2c4449b7b7ce98b152d63cw.webp 980w\" sizes=\"(max-width: 1023px) calc(100vw - 32px), (min-width: 1024px) 850px\"><img fetchpriority=\"low\" decoding=\"async\" src=\"https:\/\/s.france24.com\/media\/display\/2f59e5c8-a4cc-11f1-a649-005056bf30b7\/w:980\/bad94cd49058177e6b2c4449b7b7ce98b152d63cw.jpg\" srcset=\"https:\/\/s.france24.com\/media\/display\/2f59e5c8-a4cc-11f1-a649-005056bf30b7\/w:246\/bad94cd49058177e6b2c4449b7b7ce98b152d63cw.jpg 246w, https:\/\/s.france24.com\/media\/display\/2f59e5c8-a4cc-11f1-a649-005056bf30b7\/w:388\/bad94cd49058177e6b2c4449b7b7ce98b152d63cw.jpg 388w, https:\/\/s.france24.com\/media\/display\/2f59e5c8-a4cc-11f1-a649-005056bf30b7\/w:720\/bad94cd49058177e6b2c4449b7b7ce98b152d63cw.jpg 720w, https:\/\/s.france24.com\/media\/display\/2f59e5c8-a4cc-11f1-a649-005056bf30b7\/w:980\/bad94cd49058177e6b2c4449b7b7ce98b152d63cw.jpg 980w\" sizes=\"(max-width: 1023px) calc(100vw - 32px), (min-width: 1024px) 850px\" alt=\"Michel Temer puso en marcha reformas y pol\u00edticas que, seg\u00fan expertos, respond\u00edan en buena medida al programa de quienes hab\u00edan perdido las elecciones de 2014.\" loading=\"lazy\" class=\"a-img \">\n<\/picture><figcaption class=\"a-figcaption\"> Michel Temer puso en marcha reformas y pol\u00edticas que, seg\u00fan expertos, respond\u00edan en buena medida al programa de quienes hab\u00edan perdido las elecciones de 2014. \u00a9 EFE <\/figcaption><\/figure>\n<\/p><\/div>\n<p>Para esta polit\u00f3loga, el cambio fue a\u00fan m\u00e1s profundo porque Temer puso en marcha reformas y pol\u00edticas que, seg\u00fan su an\u00e1lisis, respond\u00edan en buena medida al programa de quienes hab\u00edan perdido las elecciones de 2014.<\/p>\n<p><strong>\u201cEs ah\u00ed donde veo el golpe: fue contra la voluntad popular aprobada en las urnas. Cuando sustituyes el contenido program\u00e1tico de una agenda gubernamental<\/strong> por el del adversario, est\u00e1s haciendo un golpe contra esa voluntad. Se retir\u00f3 el contenido del PT y se coloc\u00f3 en su lugar una agenda privatizadora y de reducci\u00f3n del Estado\u201d, sostiene Ribeiro Dias. Entre las medidas m\u00e1s pol\u00e9micas destaca la reforma laboral, que flexibiliz\u00f3 las relaciones entre empleadores y empleados, contribuyendo a aumentar la precariedad laboral.<\/p>\n<p>La acusaci\u00f3n de golpe sigue dividiendo a Brasil una d\u00e9cada despu\u00e9s. Para los defensores del &#8216;impeachment&#8217;, el Congreso actu\u00f3 dentro de sus atribuciones constitucionales y sigui\u00f3 el procedimiento previsto. Para sus cr\u00edticos, la legalidad formal no elimina el car\u00e1cter pol\u00edtico de un proceso utilizado para revertir el resultado electoral.<\/p>\n<h2><strong>Se\u00f1alamientos de sesgo machista&nbsp;<\/strong><\/h2>\n<p>La cuesti\u00f3n de g\u00e9nero es otro elemento significativo en esa disputa sobre la memoria. Rousseff fue la primera y, hasta ahora, \u00fanica mujer en llegar a la Presidencia de Brasil. <a href=\"https:\/\/www.nytimes.com\/es\/2016\/09\/08\/espanol\/america-latina\/la-destitucion-de-rousseff-revela-actitudes-discriminatorias-hacia-las-mujeres-en-brasil.html&nbsp;\" target=\"_blank\">Durante el proceso de destituci\u00f3n, fue blanco de insultos y ataques sexistas<\/a>, tal y como destac\u00f3 &#8216;The New York Times&#8217;. La violencia que rode\u00f3 a Dilma fue constitutiva del proceso.<\/p>\n<div class=\"m-em-image\">\n<figure class=\"m-item-image m-item-image--original m-item-image--has-caption\"> <picture class=\"a-picture a-picture--original\"><source type=\"image\/webp\" srcset=\"https:\/\/s.france24.com\/media\/display\/9794987c-a4cc-11f1-a7e6-005056a90284\/w:246\/90e1b11f1985312ab419f7e550398afed2681e0aw.webp 246w, https:\/\/s.france24.com\/media\/display\/9794987c-a4cc-11f1-a7e6-005056a90284\/w:388\/90e1b11f1985312ab419f7e550398afed2681e0aw.webp 388w, https:\/\/s.france24.com\/media\/display\/9794987c-a4cc-11f1-a7e6-005056a90284\/w:720\/90e1b11f1985312ab419f7e550398afed2681e0aw.webp 720w, https:\/\/s.france24.com\/media\/display\/9794987c-a4cc-11f1-a7e6-005056a90284\/w:980\/90e1b11f1985312ab419f7e550398afed2681e0aw.webp 980w\" sizes=\"(max-width: 1023px) calc(100vw - 32px), (min-width: 1024px) 850px\"><img fetchpriority=\"low\" decoding=\"async\" src=\"https:\/\/s.france24.com\/media\/display\/9794987c-a4cc-11f1-a7e6-005056a90284\/w:980\/90e1b11f1985312ab419f7e550398afed2681e0aw.jpg\" srcset=\"https:\/\/s.france24.com\/media\/display\/9794987c-a4cc-11f1-a7e6-005056a90284\/w:246\/90e1b11f1985312ab419f7e550398afed2681e0aw.jpg 246w, https:\/\/s.france24.com\/media\/display\/9794987c-a4cc-11f1-a7e6-005056a90284\/w:388\/90e1b11f1985312ab419f7e550398afed2681e0aw.jpg 388w, https:\/\/s.france24.com\/media\/display\/9794987c-a4cc-11f1-a7e6-005056a90284\/w:720\/90e1b11f1985312ab419f7e550398afed2681e0aw.jpg 720w, https:\/\/s.france24.com\/media\/display\/9794987c-a4cc-11f1-a7e6-005056a90284\/w:980\/90e1b11f1985312ab419f7e550398afed2681e0aw.jpg 980w\" sizes=\"(max-width: 1023px) calc(100vw - 32px), (min-width: 1024px) 850px\" alt=\"Archivo. Vista de un cartel en un poste en frente del Congreso Nacional en el que se ped\u00eda el regreso al poder de Dilma Rousseff.\" loading=\"lazy\" class=\"a-img \">\n<\/picture><figcaption class=\"a-figcaption\"> Archivo. Vista de un cartel en un poste en frente del Congreso Nacional en el que se ped\u00eda el regreso al poder de Dilma Rousseff. \u00a9 EFE <\/figcaption><\/figure>\n<\/p><\/div>\n<p>Seg\u00fan la <a href=\"https:\/\/fpabramo.org.br\/dez-anos-golpe-dilma-abriu-a-ferida-que-a-extrema-direita-explorou\/&nbsp;&nbsp;\" target=\"_blank\">Fundaci\u00f3n Perseu Abramo<\/a>, ligada al PT,&nbsp; Rousseff \u201cgobern\u00f3 bajo una campa\u00f1a continua de deslegitimaci\u00f3n, marcada por ataques mis\u00f3ginos, insultos p\u00fablicos y un intento sistem\u00e1tico de reducir la autoridad pol\u00edtica a una caricatura de g\u00e9nero\u201d.<\/p>\n<p>Sus adversarios tambi\u00e9n destacaron su supuesta incapacidad para negociar y su temperamento \u201cdif\u00edcil\u201d.<\/p>\n<p>\u201cUn hombre puede ser incompetente, grosero o agresivo verbalmente y no recibe el mismo tratamiento. Una mujer en esa situaci\u00f3n es llamada loca, descontrolada o incapaz de negociar. Eso fue utilizado contra Dilma. Hab\u00eda misoginia y tambi\u00e9n etarismo. Ella pod\u00eda tener una postura decidida y convicciones firmes, pero esas caracter\u00edsticas fueron interpretadas de una manera mucho m\u00e1s pesada por ser mujer\u201d, afirma la polit\u00f3loga Ribeiro Dias.<\/p>\n<p>La votaci\u00f3n de la C\u00e1mara reflej\u00f3 esa mezcla de conservadurismo religioso, ataques personales y exhibici\u00f3n p\u00fablica. <a href=\"https:\/\/noticias.uol.com.br\/politica\/ultimas-noticias\/2021\/08\/30\/jean-wyllys-cuspe-bolsonaro.htm&nbsp;&nbsp;\" target=\"_blank\">Jean Wyllys<\/a> recuerda incluso que el entonces presidente de la C\u00e1mara, Eduardo Cunha, considerado el arquitecto del &#8216;impeachment&#8217;, modific\u00f3 la disposici\u00f3n habitual del pleno para convertir el voto en una especie de pasarela. Para Wyllys, se trat\u00f3 de un episodio \u201cgrotesco\u201d y de un \u201critual de humillaci\u00f3n\u201d contra Rousseff.<\/p>\n<blockquote class=\"quote\" readability=\"9\">\n<p>\u201cUn hombre puede ser incompetente, grosero o agresivo verbalmente y no recibe el mismo tratamiento. Una mujer en esa situaci\u00f3n es llamada loca, descontrolada o incapaz de negociar. Eso fue utilizado contra Dilma. Hab\u00eda misoginia y tambi\u00e9n etarismo\u00bb<\/p>\n<\/blockquote>\n<p>Una encuesta de la Confederaci\u00f3n Nacional de Municipios revel\u00f3 en 2024 que m\u00e1s del 60% de las alcaldesas y vicealcaldesas han sufrido alg\u00fan tipo de violencia pol\u00edtica de g\u00e9nero. En otras palabras, el m\u00e9todo utilizado contra Dilma no qued\u00f3 en el pasado: se ha propagado.<\/p>\n<div class=\"m-em-image\">\n<figure class=\"m-item-image m-item-image--original m-item-image--has-caption\"> <picture class=\"a-picture a-picture--original\"><source type=\"image\/webp\" srcset=\"https:\/\/s.france24.com\/media\/display\/e31ad798-a4cc-11f1-a533-005056bf30b7\/w:246\/60859cd770ad78f21bca3db0807caf4c13c5cb9ew.webp 246w, https:\/\/s.france24.com\/media\/display\/e31ad798-a4cc-11f1-a533-005056bf30b7\/w:388\/60859cd770ad78f21bca3db0807caf4c13c5cb9ew.webp 388w, https:\/\/s.france24.com\/media\/display\/e31ad798-a4cc-11f1-a533-005056bf30b7\/w:720\/60859cd770ad78f21bca3db0807caf4c13c5cb9ew.webp 720w, https:\/\/s.france24.com\/media\/display\/e31ad798-a4cc-11f1-a533-005056bf30b7\/w:980\/60859cd770ad78f21bca3db0807caf4c13c5cb9ew.webp 980w\" sizes=\"(max-width: 1023px) calc(100vw - 32px), (min-width: 1024px) 850px\"><img fetchpriority=\"low\" decoding=\"async\" src=\"https:\/\/s.france24.com\/media\/display\/e31ad798-a4cc-11f1-a533-005056bf30b7\/w:980\/60859cd770ad78f21bca3db0807caf4c13c5cb9ew.jpg\" srcset=\"https:\/\/s.france24.com\/media\/display\/e31ad798-a4cc-11f1-a533-005056bf30b7\/w:246\/60859cd770ad78f21bca3db0807caf4c13c5cb9ew.jpg 246w, https:\/\/s.france24.com\/media\/display\/e31ad798-a4cc-11f1-a533-005056bf30b7\/w:388\/60859cd770ad78f21bca3db0807caf4c13c5cb9ew.jpg 388w, https:\/\/s.france24.com\/media\/display\/e31ad798-a4cc-11f1-a533-005056bf30b7\/w:720\/60859cd770ad78f21bca3db0807caf4c13c5cb9ew.jpg 720w, https:\/\/s.france24.com\/media\/display\/e31ad798-a4cc-11f1-a533-005056bf30b7\/w:980\/60859cd770ad78f21bca3db0807caf4c13c5cb9ew.jpg 980w\" sizes=\"(max-width: 1023px) calc(100vw - 32px), (min-width: 1024px) 850px\" alt=\"08\/03\/2017. Polic\u00edas vigilan cerca a pancartas en favor de Dilma Rousseff durante una manifestaci\u00f3n hoy, mi\u00e9rcoles 8 de marzo de 2017, para conmemorar el D\u00eda Internacional de la Mujer en la Explanada de los Ministerios en Brasilia (Brasil).\" loading=\"lazy\" class=\"a-img \">\n<\/picture><figcaption class=\"a-figcaption\"> 08\/03\/2017. Polic\u00edas vigilan cerca a pancartas en favor de Dilma Rousseff durante una manifestaci\u00f3n hoy, mi\u00e9rcoles 8 de marzo de 2017, para conmemorar el D\u00eda Internacional de la Mujer en la Explanada de los Ministerios en Brasilia (Brasil). \u00a9 EFE <\/figcaption><\/figure>\n<\/p><\/div>\n<p>Hoy <a href=\"https:\/\/www.france24.com\/es\/tag\/dilma-rousseff\/\" target=\"_self\" class=\"gtm-add-suggested-tag\">Dilma Rousseff<\/a> vive en <a href=\"https:\/\/www.france24.com\/es\/tag\/china\/\" target=\"_self\" class=\"gtm-add-suggested-tag\">China<\/a>, lejos de los reflectores de la pol\u00edtica, donde dirige el Banco de los <a href=\"https:\/\/www.france24.com\/es\/tag\/brics\/\" target=\"_self\" class=\"gtm-add-suggested-tag\">BRICS<\/a>, cargo que asumi\u00f3 en 2023 y para el que fue ratificada en 2025. La presidenta destituida se recuper\u00f3 en el escenario internacional, mientras que los art\u00edfices del &#8216;impeachment&#8217;, como Cunha, cayeron en desgracia.<\/p>\n<p>Por ahora, al frente de una de las principales instituciones financieras del sur global, Rousseff impulsa la reorganizaci\u00f3n de la gobernanza internacional y ostenta un protagonismo que le fue negado en Brasil en 2016.<\/p>\n<h2><strong>\u00bfPuede&nbsp;haber&nbsp;otro &#8216;impeachment&#8217;?&nbsp;<\/strong><\/h2>\n<p>La historia brasile\u00f1a reciente ya tuvo un precedente. En 1992, Fernando Collor tambi\u00e9n pas\u00f3 por un proceso de &#8216;impeachment&#8217; en medio de un gigantesco esc\u00e1ndalo de corrupci\u00f3n y de movilizaciones populares. Collor renunci\u00f3 a su cargo antes de la conclusi\u00f3n del proceso, pero el Senado sigui\u00f3 adelante y confirm\u00f3 su inhabilitaci\u00f3n pol\u00edtica por ocho a\u00f1os. Dilma Rousseff fue la segunda sometida a un proceso de destituci\u00f3n de la Presidencia de Brasil desde la redemocratizaci\u00f3n.<\/p>\n<div class=\"m-em-image\">\n<figure class=\"m-item-image m-item-image--original m-item-image--has-caption\"> <picture class=\"a-picture a-picture--original\"><source type=\"image\/webp\" srcset=\"https:\/\/s.france24.com\/media\/display\/57a4d9dc-a4ce-11f1-abe7-005056bfb2b6\/w:246\/8008742869001w.webp 246w, https:\/\/s.france24.com\/media\/display\/57a4d9dc-a4ce-11f1-abe7-005056bfb2b6\/w:388\/8008742869001w.webp 388w, https:\/\/s.france24.com\/media\/display\/57a4d9dc-a4ce-11f1-abe7-005056bfb2b6\/w:720\/8008742869001w.webp 720w, https:\/\/s.france24.com\/media\/display\/57a4d9dc-a4ce-11f1-abe7-005056bfb2b6\/w:980\/8008742869001w.webp 980w\" sizes=\"(max-width: 1023px) calc(100vw - 32px), (min-width: 1024px) 850px\"><img fetchpriority=\"low\" decoding=\"async\" src=\"https:\/\/s.france24.com\/media\/display\/57a4d9dc-a4ce-11f1-abe7-005056bfb2b6\/w:980\/8008742869001w.jpg\" srcset=\"https:\/\/s.france24.com\/media\/display\/57a4d9dc-a4ce-11f1-abe7-005056bfb2b6\/w:246\/8008742869001w.jpg 246w, https:\/\/s.france24.com\/media\/display\/57a4d9dc-a4ce-11f1-abe7-005056bfb2b6\/w:388\/8008742869001w.jpg 388w, https:\/\/s.france24.com\/media\/display\/57a4d9dc-a4ce-11f1-abe7-005056bfb2b6\/w:720\/8008742869001w.jpg 720w, https:\/\/s.france24.com\/media\/display\/57a4d9dc-a4ce-11f1-abe7-005056bfb2b6\/w:980\/8008742869001w.jpg 980w\" sizes=\"(max-width: 1023px) calc(100vw - 32px), (min-width: 1024px) 850px\" alt=\"Archivo. En 1992, Fernando Collor tambi\u00e9n pas\u00f3 por un proceso de 'impeachment' en medio de un gigantesco esc\u00e1ndalo de corrupci\u00f3n y de movilizaciones populares. Collor renunci\u00f3 a su cargo.\" loading=\"lazy\" class=\"a-img \">\n<\/picture><figcaption class=\"a-figcaption\"> Archivo. En 1992, Fernando Collor tambi\u00e9n pas\u00f3 por un proceso de &#8216;impeachment&#8217; en medio de un gigantesco esc\u00e1ndalo de corrupci\u00f3n y de movilizaciones populares. Collor renunci\u00f3 a su cargo. \u00a9 (EPA) EFE &#8211; Cadu Gomes <\/figcaption><\/figure>\n<\/p><\/div>\n<p>Sin embargo, el contexto de 2016 era otro. La destituci\u00f3n de Rousseff no cerr\u00f3 la crisis pol\u00edtica, sino que la profundiz\u00f3. \u201cEl pa\u00eds ya estaba dividido, pero todav\u00eda no exist\u00eda la radicalizaci\u00f3n que vino despu\u00e9s. El impeachment gener\u00f3 un enfrentamiento que tension\u00f3 las relaciones pol\u00edticas y sociales, y abri\u00f3 espacio para el surgimiento del monstruo bolsonarista. De ah\u00ed naci\u00f3 tambi\u00e9n un discurso antipol\u00edtico: &#8216;Nadie sirve, los pol\u00edticos no sirven, necesitamos una soluci\u00f3n desde fuera\u2019\u201d, resume Ribeiro Dias.<\/p>\n<p>Dos a\u00f1os despu\u00e9s, aquel diputado que hab\u00eda dedicado su voto a un torturador llegar\u00eda a la Presidencia de Brasil. Para Feres, el \u00e9xito de Jair Bolsonaro en 2018 no puede explicarse simplemente como una conversi\u00f3n masiva del electorado brasile\u00f1o a la extrema derecha: \u201cQuienes votaron por Bolsonaro quer\u00edan colocar a un outsider, a alguien de fuera del sistema pol\u00edtico, porque el sistema era percibido como corrupto y podrido. Quien eligi\u00f3 a Bolsonaro no lo hizo por una conversi\u00f3n del electorado brasile\u00f1o al fascismo, sino que fue el resultado de a\u00f1os de desvalorizaci\u00f3n y deslegitimaci\u00f3n de la pol\u00edtica y de las instituciones de representaci\u00f3n\u201d, afirma.<\/p>\n<div class=\"m-em-image\">\n<figure class=\"m-item-image m-item-image--original m-item-image--has-caption\"> <picture class=\"a-picture a-picture--original\"><source type=\"image\/webp\" srcset=\"https:\/\/s.france24.com\/media\/display\/36839772-9950-11f1-967c-005056bfb2b6\/w:246\/e591b6dda3bb2f2859599138e7ad6e97c7a07400.webp 246w, https:\/\/s.france24.com\/media\/display\/36839772-9950-11f1-967c-005056bfb2b6\/w:388\/e591b6dda3bb2f2859599138e7ad6e97c7a07400.webp 388w, https:\/\/s.france24.com\/media\/display\/36839772-9950-11f1-967c-005056bfb2b6\/w:720\/e591b6dda3bb2f2859599138e7ad6e97c7a07400.webp 720w, https:\/\/s.france24.com\/media\/display\/36839772-9950-11f1-967c-005056bfb2b6\/w:980\/e591b6dda3bb2f2859599138e7ad6e97c7a07400.webp 980w\" sizes=\"(max-width: 1023px) calc(100vw - 32px), (min-width: 1024px) 850px\"><img fetchpriority=\"low\" decoding=\"async\" src=\"https:\/\/s.france24.com\/media\/display\/36839772-9950-11f1-967c-005056bfb2b6\/w:980\/e591b6dda3bb2f2859599138e7ad6e97c7a07400.jpg\" srcset=\"https:\/\/s.france24.com\/media\/display\/36839772-9950-11f1-967c-005056bfb2b6\/w:246\/e591b6dda3bb2f2859599138e7ad6e97c7a07400.jpg 246w, https:\/\/s.france24.com\/media\/display\/36839772-9950-11f1-967c-005056bfb2b6\/w:388\/e591b6dda3bb2f2859599138e7ad6e97c7a07400.jpg 388w, https:\/\/s.france24.com\/media\/display\/36839772-9950-11f1-967c-005056bfb2b6\/w:720\/e591b6dda3bb2f2859599138e7ad6e97c7a07400.jpg 720w, https:\/\/s.france24.com\/media\/display\/36839772-9950-11f1-967c-005056bfb2b6\/w:980\/e591b6dda3bb2f2859599138e7ad6e97c7a07400.jpg 980w\" sizes=\"(max-width: 1023px) calc(100vw - 32px), (min-width: 1024px) 850px\" alt=\"Montaje fotogr\u00e1fico realizado el 15 de agosto de 2026 en el que aparecen el presidente brasile\u00f1o de izquierdas Lula (izquierda), el 22 de julio de 2026 en Brasilia, y su rival de derechas en las elecciones presidenciales, Flavio Bolsonaro, el 22 de junio de 2026 en Brasilia\" loading=\"lazy\" class=\"a-img \">\n<\/picture><figcaption class=\"a-figcaption\"> Montaje fotogr\u00e1fico realizado el 15 de agosto de 2026 en el que aparecen el presidente brasile\u00f1o de izquierdas Lula (izquierda), el 22 de julio de 2026 en Brasilia, y su rival de derechas en las elecciones presidenciales, Flavio Bolsonaro, el 22 de junio de 2026 en Brasilia \u00a9 Sergio Lima, Evaristo SA \/ AFP <\/figcaption><\/figure>\n<\/p><\/div>\n<p>En 2023, tras la derrota electoral de Bolsonaro y la vuelta de <a href=\"https:\/\/www.france24.com\/es\/tag\/luiz-inacio-lula-da-silva\/\" target=\"_self\" class=\"gtm-add-suggested-tag\">Luiz In\u00e1cio Lula da Silva<\/a> al poder, la democracia brasile\u00f1a sobrevivi\u00f3 a otro intento de ruptura institucional, tras un golpe de Estado fallido por el que J<a href=\"https:\/\/www.france24.com\/es\/am\u00e9rica-latina\/20250913-la-condena-hist\u00f3rica-contra-bolsonaro-as\u00ed-fue-el-voto-a-voto-en-el-supremo-de-brasil&nbsp;\" target=\"_self\">air Bolsonaro fue condenado a 27 a\u00f1os y tres meses de c\u00e1rcel<\/a>. A d\u00eda de hoy, <a href=\"https:\/\/www.france24.com\/es\/tag\/brasil\/\" target=\"_self\" class=\"gtm-add-suggested-tag\">Brasil<\/a> todav\u00eda trabaja para recuperar la normalidad institucional.<\/p>\n<p>Con las heridas de 2016 a\u00fan abiertas, una de las preguntas es si podr\u00eda repetirse un proceso de destituci\u00f3n, en el caso de que Lula consiga un in\u00e9dito cuarto mandato. Para Ribeiro Dias, el escenario es mucho m\u00e1s dif\u00edcil, precisamente por la capacidad de negociaci\u00f3n del actual presidente y por su peso pol\u00edtico e internacional.<\/p>\n<p>\u201cLula tiene un perfil conciliador que es muy ventajoso para \u00e9l y una respetabilidad internacional que lo coloca en el foco de cualquier situaci\u00f3n que parezca an\u00f3mala. No creo que su carrera termine en un &#8216;impeachment&#8217;. Un gobierno sin Lula podr\u00eda ser m\u00e1s vulnerable, pero no creo que <a href=\"https:\/\/www.france24.com\/es\/tag\/brasil\/\" target=\"_self\" class=\"gtm-add-suggested-tag\">Brasil<\/a> viva otro terremoto como aquel\u201d, concluye.<\/p>\n","protected":false},"excerpt":{"rendered":"<p>En la memoria colectiva han quedado grabadas&#46;&#46;&#46;<\/p>\n","protected":false},"author":1,"featured_media":405719,"comment_status":"closed","ping_status":"closed","sticky":false,"template":"","format":"standard","meta":{"_jetpack_newsletter_access":"","_jetpack_dont_email_post_to_subs":false,"_jetpack_newsletter_tier_id":0,"_jetpack_memberships_contains_paywalled_content":false,"_jetpack_feature_clip_id":0,"_jetpack_memberships_contains_paid_content":false,"footnotes":"","jetpack_publicize_message":"","jetpack_publicize_feature_enabled":true,"jetpack_social_post_already_shared":true,"jetpack_social_options":{"image_generator_settings":{"template":"highway","default_image_id":0,"font":"","enabled":false},"version":2},"jetpack_post_was_ever_published":false},"categories":[43],"tags":[],"class_list":["post-405718","post","type-post","status-publish","format-standard","has-post-thumbnail","hentry","category-internacionales"],"yoast_head":"<!-- This site is optimized with the Yoast SEO plugin v28.1 - https:\/\/yoast.com\/product\/yoast-seo-wordpress\/ -->\n<title>Dilma Rousseff: diez a\u00f1os del\u00a0&#039;impeachment&#039; que le dio un vuelco a Brasil - Sarmiento24h<\/title>\n<meta name=\"robots\" content=\"index, follow, max-snippet:-1, max-image-preview:large, max-video-preview:-1\" \/>\n<link rel=\"canonical\" href=\"https:\/\/sarmiento24h.com\/?p=405718\" \/>\n<meta property=\"og:locale\" content=\"es_ES\" \/>\n<meta property=\"og:type\" content=\"article\" \/>\n<meta property=\"og:title\" content=\"Dilma Rousseff: diez a\u00f1os del\u00a0&#039;impeachment&#039; que le dio un vuelco a Brasil - Sarmiento24h\" \/>\n<meta property=\"og:description\" content=\"En la memoria colectiva han quedado grabadas&#046;&#046;&#046;\" \/>\n<meta property=\"og:url\" content=\"https:\/\/sarmiento24h.com\/?p=405718\" \/>\n<meta property=\"og:site_name\" content=\"Sarmiento24h\" \/>\n<meta property=\"article:publisher\" content=\"https:\/\/facebook.com\/s24hnoticias\" \/>\n<meta property=\"article:published_time\" content=\"2026-08-31T00:11:16+00:00\" \/>\n<meta property=\"og:image\" content=\"https:\/\/s.france24.com\/media\/display\/4065363a-a4ca-11f1-a78f-005056bfb2b6\/w:980\/c56f7c787af3ee61c2118c906f455ec713c81bdew.jpg\" \/>\n<meta name=\"author\" content=\"sarmiento24h@gmail.com\" \/>\n<meta name=\"twitter:card\" content=\"summary_large_image\" \/>\n<meta name=\"twitter:creator\" content=\"@sarmiento24h\" \/>\n<meta name=\"twitter:site\" content=\"@sarmiento24h\" \/>\n<meta name=\"twitter:label1\" content=\"Escrito por\" \/>\n\t<meta name=\"twitter:data1\" content=\"sarmiento24h@gmail.com\" \/>\n\t<meta name=\"twitter:label2\" content=\"Tiempo de lectura\" \/>\n\t<meta name=\"twitter:data2\" content=\"12 minutos\" \/>\n<script type=\"application\/ld+json\" class=\"yoast-schema-graph\">{\"@context\":\"https:\\\/\\\/schema.org\",\"@graph\":[{\"@type\":\"Article\",\"@id\":\"https:\\\/\\\/sarmiento24h.com\\\/?p=405718#article\",\"isPartOf\":{\"@id\":\"https:\\\/\\\/sarmiento24h.com\\\/?p=405718\"},\"author\":{\"name\":\"sarmiento24h@gmail.com\",\"@id\":\"https:\\\/\\\/sarmiento24h.com\\\/#\\\/schema\\\/person\\\/d653a59725ad629a7e0429af7b939d4d\"},\"headline\":\"Dilma Rousseff: diez a\u00f1os del\u00a0&#8216;impeachment&#8217; que le dio un vuelco a Brasil\",\"datePublished\":\"2026-08-31T00:11:16+00:00\",\"mainEntityOfPage\":{\"@id\":\"https:\\\/\\\/sarmiento24h.com\\\/?p=405718\"},\"wordCount\":2396,\"publisher\":{\"@id\":\"https:\\\/\\\/sarmiento24h.com\\\/#organization\"},\"image\":{\"@id\":\"https:\\\/\\\/sarmiento24h.com\\\/?p=405718#primaryimage\"},\"thumbnailUrl\":\"https:\\\/\\\/sarmiento24h.com\\\/wp-content\\\/uploads\\\/2026\\\/08\\\/dilma-rousseff-diez-anos-del-impeachment-que-le-dio-un-vuelco-a-brasil.jpg\",\"articleSection\":[\"Internacionales\"],\"inLanguage\":\"es\"},{\"@type\":\"WebPage\",\"@id\":\"https:\\\/\\\/sarmiento24h.com\\\/?p=405718\",\"url\":\"https:\\\/\\\/sarmiento24h.com\\\/?p=405718\",\"name\":\"Dilma Rousseff: diez a\u00f1os del\u00a0'impeachment' que le dio un vuelco a Brasil - Sarmiento24h\",\"isPartOf\":{\"@id\":\"https:\\\/\\\/sarmiento24h.com\\\/#website\"},\"primaryImageOfPage\":{\"@id\":\"https:\\\/\\\/sarmiento24h.com\\\/?p=405718#primaryimage\"},\"image\":{\"@id\":\"https:\\\/\\\/sarmiento24h.com\\\/?p=405718#primaryimage\"},\"thumbnailUrl\":\"https:\\\/\\\/sarmiento24h.com\\\/wp-content\\\/uploads\\\/2026\\\/08\\\/dilma-rousseff-diez-anos-del-impeachment-que-le-dio-un-vuelco-a-brasil.jpg\",\"datePublished\":\"2026-08-31T00:11:16+00:00\",\"breadcrumb\":{\"@id\":\"https:\\\/\\\/sarmiento24h.com\\\/?p=405718#breadcrumb\"},\"inLanguage\":\"es\",\"potentialAction\":[{\"@type\":\"ReadAction\",\"target\":[\"https:\\\/\\\/sarmiento24h.com\\\/?p=405718\"]}]},{\"@type\":\"ImageObject\",\"inLanguage\":\"es\",\"@id\":\"https:\\\/\\\/sarmiento24h.com\\\/?p=405718#primaryimage\",\"url\":\"https:\\\/\\\/sarmiento24h.com\\\/wp-content\\\/uploads\\\/2026\\\/08\\\/dilma-rousseff-diez-anos-del-impeachment-que-le-dio-un-vuelco-a-brasil.jpg\",\"contentUrl\":\"https:\\\/\\\/sarmiento24h.com\\\/wp-content\\\/uploads\\\/2026\\\/08\\\/dilma-rousseff-diez-anos-del-impeachment-que-le-dio-un-vuelco-a-brasil.jpg\",\"width\":980,\"height\":653},{\"@type\":\"BreadcrumbList\",\"@id\":\"https:\\\/\\\/sarmiento24h.com\\\/?p=405718#breadcrumb\",\"itemListElement\":[{\"@type\":\"ListItem\",\"position\":1,\"name\":\"Home\",\"item\":\"https:\\\/\\\/sarmiento24h.com\\\/\"},{\"@type\":\"ListItem\",\"position\":2,\"name\":\"Dilma Rousseff: diez a\u00f1os del\u00a0&#8216;impeachment&#8217; que le dio un vuelco a Brasil\"}]},{\"@type\":\"WebSite\",\"@id\":\"https:\\\/\\\/sarmiento24h.com\\\/#website\",\"url\":\"https:\\\/\\\/sarmiento24h.com\\\/\",\"name\":\"Sarmiento24h\",\"description\":\"\",\"publisher\":{\"@id\":\"https:\\\/\\\/sarmiento24h.com\\\/#organization\"},\"potentialAction\":[{\"@type\":\"SearchAction\",\"target\":{\"@type\":\"EntryPoint\",\"urlTemplate\":\"https:\\\/\\\/sarmiento24h.com\\\/?s={search_term_string}\"},\"query-input\":{\"@type\":\"PropertyValueSpecification\",\"valueRequired\":true,\"valueName\":\"search_term_string\"}}],\"inLanguage\":\"es\"},{\"@type\":\"Organization\",\"@id\":\"https:\\\/\\\/sarmiento24h.com\\\/#organization\",\"name\":\"Sarmiento24h\",\"url\":\"https:\\\/\\\/sarmiento24h.com\\\/\",\"logo\":{\"@type\":\"ImageObject\",\"inLanguage\":\"es\",\"@id\":\"https:\\\/\\\/sarmiento24h.com\\\/#\\\/schema\\\/logo\\\/image\\\/\",\"url\":\"https:\\\/\\\/sarmiento24h.com\\\/wp-content\\\/uploads\\\/2025\\\/12\\\/AddText_12-16-10.30.52.jpg\",\"contentUrl\":\"https:\\\/\\\/sarmiento24h.com\\\/wp-content\\\/uploads\\\/2025\\\/12\\\/AddText_12-16-10.30.52.jpg\",\"width\":1220,\"height\":324,\"caption\":\"Sarmiento24h\"},\"image\":{\"@id\":\"https:\\\/\\\/sarmiento24h.com\\\/#\\\/schema\\\/logo\\\/image\\\/\"},\"sameAs\":[\"https:\\\/\\\/facebook.com\\\/s24hnoticias\",\"https:\\\/\\\/x.com\\\/sarmiento24h\"]},{\"@type\":\"Person\",\"@id\":\"https:\\\/\\\/sarmiento24h.com\\\/#\\\/schema\\\/person\\\/d653a59725ad629a7e0429af7b939d4d\",\"name\":\"sarmiento24h@gmail.com\",\"image\":{\"@type\":\"ImageObject\",\"inLanguage\":\"es\",\"@id\":\"https:\\\/\\\/sarmiento24h.com\\\/wp-content\\\/litespeed\\\/avatar\\\/d02cbc4e23c747e6659cd45907173c8f.jpg?ver=1788047690\",\"url\":\"https:\\\/\\\/sarmiento24h.com\\\/wp-content\\\/litespeed\\\/avatar\\\/d02cbc4e23c747e6659cd45907173c8f.jpg?ver=1788047690\",\"contentUrl\":\"https:\\\/\\\/sarmiento24h.com\\\/wp-content\\\/litespeed\\\/avatar\\\/d02cbc4e23c747e6659cd45907173c8f.jpg?ver=1788047690\",\"caption\":\"sarmiento24h@gmail.com\"},\"sameAs\":[\"https:\\\/\\\/sarmiento24h.com\"],\"url\":\"https:\\\/\\\/sarmiento24h.com\\\/?author=1\"}]}<\/script>\n<!-- \/ Yoast SEO plugin. -->","yoast_head_json":{"title":"Dilma Rousseff: diez a\u00f1os del\u00a0'impeachment' que le dio un vuelco a Brasil - Sarmiento24h","robots":{"index":"index","follow":"follow","max-snippet":"max-snippet:-1","max-image-preview":"max-image-preview:large","max-video-preview":"max-video-preview:-1"},"canonical":"https:\/\/sarmiento24h.com\/?p=405718","og_locale":"es_ES","og_type":"article","og_title":"Dilma Rousseff: diez a\u00f1os del\u00a0'impeachment' que le dio un vuelco a Brasil - Sarmiento24h","og_description":"En la memoria colectiva han quedado grabadas&#46;&#46;&#46;","og_url":"https:\/\/sarmiento24h.com\/?p=405718","og_site_name":"Sarmiento24h","article_publisher":"https:\/\/facebook.com\/s24hnoticias","article_published_time":"2026-08-31T00:11:16+00:00","og_image":[{"url":"https:\/\/s.france24.com\/media\/display\/4065363a-a4ca-11f1-a78f-005056bfb2b6\/w:980\/c56f7c787af3ee61c2118c906f455ec713c81bdew.jpg","type":"","width":"","height":""}],"author":"sarmiento24h@gmail.com","twitter_card":"summary_large_image","twitter_creator":"@sarmiento24h","twitter_site":"@sarmiento24h","twitter_misc":{"Escrito por":"sarmiento24h@gmail.com","Tiempo de lectura":"12 minutos"},"schema":{"@context":"https:\/\/schema.org","@graph":[{"@type":"Article","@id":"https:\/\/sarmiento24h.com\/?p=405718#article","isPartOf":{"@id":"https:\/\/sarmiento24h.com\/?p=405718"},"author":{"name":"sarmiento24h@gmail.com","@id":"https:\/\/sarmiento24h.com\/#\/schema\/person\/d653a59725ad629a7e0429af7b939d4d"},"headline":"Dilma Rousseff: diez a\u00f1os del\u00a0&#8216;impeachment&#8217; que le dio un vuelco a Brasil","datePublished":"2026-08-31T00:11:16+00:00","mainEntityOfPage":{"@id":"https:\/\/sarmiento24h.com\/?p=405718"},"wordCount":2396,"publisher":{"@id":"https:\/\/sarmiento24h.com\/#organization"},"image":{"@id":"https:\/\/sarmiento24h.com\/?p=405718#primaryimage"},"thumbnailUrl":"https:\/\/sarmiento24h.com\/wp-content\/uploads\/2026\/08\/dilma-rousseff-diez-anos-del-impeachment-que-le-dio-un-vuelco-a-brasil.jpg","articleSection":["Internacionales"],"inLanguage":"es"},{"@type":"WebPage","@id":"https:\/\/sarmiento24h.com\/?p=405718","url":"https:\/\/sarmiento24h.com\/?p=405718","name":"Dilma Rousseff: diez a\u00f1os del\u00a0'impeachment' que le dio un vuelco a Brasil - Sarmiento24h","isPartOf":{"@id":"https:\/\/sarmiento24h.com\/#website"},"primaryImageOfPage":{"@id":"https:\/\/sarmiento24h.com\/?p=405718#primaryimage"},"image":{"@id":"https:\/\/sarmiento24h.com\/?p=405718#primaryimage"},"thumbnailUrl":"https:\/\/sarmiento24h.com\/wp-content\/uploads\/2026\/08\/dilma-rousseff-diez-anos-del-impeachment-que-le-dio-un-vuelco-a-brasil.jpg","datePublished":"2026-08-31T00:11:16+00:00","breadcrumb":{"@id":"https:\/\/sarmiento24h.com\/?p=405718#breadcrumb"},"inLanguage":"es","potentialAction":[{"@type":"ReadAction","target":["https:\/\/sarmiento24h.com\/?p=405718"]}]},{"@type":"ImageObject","inLanguage":"es","@id":"https:\/\/sarmiento24h.com\/?p=405718#primaryimage","url":"https:\/\/sarmiento24h.com\/wp-content\/uploads\/2026\/08\/dilma-rousseff-diez-anos-del-impeachment-que-le-dio-un-vuelco-a-brasil.jpg","contentUrl":"https:\/\/sarmiento24h.com\/wp-content\/uploads\/2026\/08\/dilma-rousseff-diez-anos-del-impeachment-que-le-dio-un-vuelco-a-brasil.jpg","width":980,"height":653},{"@type":"BreadcrumbList","@id":"https:\/\/sarmiento24h.com\/?p=405718#breadcrumb","itemListElement":[{"@type":"ListItem","position":1,"name":"Home","item":"https:\/\/sarmiento24h.com\/"},{"@type":"ListItem","position":2,"name":"Dilma Rousseff: diez a\u00f1os del\u00a0&#8216;impeachment&#8217; que le dio un vuelco a Brasil"}]},{"@type":"WebSite","@id":"https:\/\/sarmiento24h.com\/#website","url":"https:\/\/sarmiento24h.com\/","name":"Sarmiento24h","description":"","publisher":{"@id":"https:\/\/sarmiento24h.com\/#organization"},"potentialAction":[{"@type":"SearchAction","target":{"@type":"EntryPoint","urlTemplate":"https:\/\/sarmiento24h.com\/?s={search_term_string}"},"query-input":{"@type":"PropertyValueSpecification","valueRequired":true,"valueName":"search_term_string"}}],"inLanguage":"es"},{"@type":"Organization","@id":"https:\/\/sarmiento24h.com\/#organization","name":"Sarmiento24h","url":"https:\/\/sarmiento24h.com\/","logo":{"@type":"ImageObject","inLanguage":"es","@id":"https:\/\/sarmiento24h.com\/#\/schema\/logo\/image\/","url":"https:\/\/sarmiento24h.com\/wp-content\/uploads\/2025\/12\/AddText_12-16-10.30.52.jpg","contentUrl":"https:\/\/sarmiento24h.com\/wp-content\/uploads\/2025\/12\/AddText_12-16-10.30.52.jpg","width":1220,"height":324,"caption":"Sarmiento24h"},"image":{"@id":"https:\/\/sarmiento24h.com\/#\/schema\/logo\/image\/"},"sameAs":["https:\/\/facebook.com\/s24hnoticias","https:\/\/x.com\/sarmiento24h"]},{"@type":"Person","@id":"https:\/\/sarmiento24h.com\/#\/schema\/person\/d653a59725ad629a7e0429af7b939d4d","name":"sarmiento24h@gmail.com","image":{"@type":"ImageObject","inLanguage":"es","@id":"https:\/\/sarmiento24h.com\/wp-content\/litespeed\/avatar\/d02cbc4e23c747e6659cd45907173c8f.jpg?ver=1788047690","url":"https:\/\/sarmiento24h.com\/wp-content\/litespeed\/avatar\/d02cbc4e23c747e6659cd45907173c8f.jpg?ver=1788047690","contentUrl":"https:\/\/sarmiento24h.com\/wp-content\/litespeed\/avatar\/d02cbc4e23c747e6659cd45907173c8f.jpg?ver=1788047690","caption":"sarmiento24h@gmail.com"},"sameAs":["https:\/\/sarmiento24h.com"],"url":"https:\/\/sarmiento24h.com\/?author=1"}]}},"jetpack_publicize_connections":[],"jetpack_featured_media_url":"https:\/\/sarmiento24h.com\/wp-content\/uploads\/2026\/08\/dilma-rousseff-diez-anos-del-impeachment-que-le-dio-un-vuelco-a-brasil.jpg","jetpack_sharing_enabled":true,"_links":{"self":[{"href":"https:\/\/sarmiento24h.com\/index.php?rest_route=\/wp\/v2\/posts\/405718","targetHints":{"allow":["GET"]}}],"collection":[{"href":"https:\/\/sarmiento24h.com\/index.php?rest_route=\/wp\/v2\/posts"}],"about":[{"href":"https:\/\/sarmiento24h.com\/index.php?rest_route=\/wp\/v2\/types\/post"}],"author":[{"embeddable":true,"href":"https:\/\/sarmiento24h.com\/index.php?rest_route=\/wp\/v2\/users\/1"}],"replies":[{"embeddable":true,"href":"https:\/\/sarmiento24h.com\/index.php?rest_route=%2Fwp%2Fv2%2Fcomments&post=405718"}],"version-history":[{"count":0,"href":"https:\/\/sarmiento24h.com\/index.php?rest_route=\/wp\/v2\/posts\/405718\/revisions"}],"wp:featuredmedia":[{"embeddable":true,"href":"https:\/\/sarmiento24h.com\/index.php?rest_route=\/wp\/v2\/media\/405719"}],"wp:attachment":[{"href":"https:\/\/sarmiento24h.com\/index.php?rest_route=%2Fwp%2Fv2%2Fmedia&parent=405718"}],"wp:term":[{"taxonomy":"category","embeddable":true,"href":"https:\/\/sarmiento24h.com\/index.php?rest_route=%2Fwp%2Fv2%2Fcategories&post=405718"},{"taxonomy":"post_tag","embeddable":true,"href":"https:\/\/sarmiento24h.com\/index.php?rest_route=%2Fwp%2Fv2%2Ftags&post=405718"}],"curies":[{"name":"wp","href":"https:\/\/api.w.org\/{rel}","templated":true}]}}