{"id":406631,"date":"2026-08-31T13:27:04","date_gmt":"2026-08-31T13:27:04","guid":{"rendered":"http:\/\/5d7048ca-a536-11f1-9208-7f7d0767bf74"},"modified":"2026-08-31T13:27:04","modified_gmt":"2026-08-31T13:27:04","slug":"sanchez-niega-implicacion-de-marruecos-en-la-crisis-migratoria-de-ceuta-y-apunta-a-rusia-e-israel","status":"publish","type":"post","link":"https:\/\/sarmiento24h.com\/?p=406631","title":{"rendered":"S\u00e1nchez niega implicaci\u00f3n de Marruecos en la crisis migratoria de Ceuta y apunta a Rusia e Israel"},"content":{"rendered":"<p>El presidente del Gobierno espa\u00f1ol, Pedro S\u00e1nchez, neg\u00f3 de forma tajante que las autoridades de ese pa\u00eds africano hubieran promovido o facilitado la entrada masiva de migrantes que se produjo entre el 30 y el 31 de julio en Ceuta, una de las dos \u00fanicas fronteras terrestres de la Uni\u00f3n Europea con \u00c1frica.<\/p>\n<p>En una entrevista con la \u2018Cadena SER\u2019, el l\u00edder socialista asegur\u00f3 que no existe \u201cninguna informaci\u00f3n\u201d procedente de las Fuerzas de Seguridad, el Centro Nacional de Inteligencia (CNI) u otros servicios de inteligencia con los que coopera Madrid que apunte a una participaci\u00f3n de las autoridades marroqu\u00edes en la crisis.<\/p>\n<p>\u201cCuando se habla y se especula sobre la participaci\u00f3n de las autoridades marroqu\u00edes, lo niego rotundamente\u201d, afirm\u00f3.<\/p>\n<div id=\"em-WBMZ416487-F24-ES-20260831\" class=\"m-em-flash\" data-xtwitter-script>\n<div class=\"o-em-consent \" readability=\"7\">\n<div class=\"o-em-consent__content\" readability=\"34\">\n<p class=\"o-em-consent__content__text\">Para mostrar este contenido de X (Twitter), debe autorizar las cookies de medici\u00f3n de audiencia y publicidad.<\/p>\n<p> <button class=\"a-master-button a-master-button--dark\" data-action=\"accept\"> Aceptar <svg class=\"a-svg a-svg--icon-check\"> <use xlink:href=\"\/build\/images\/svg\/sprite.1af31c2f854b10d5fc5627a4f4fa61be.svg#icon-check\" href=\"\/build\/images\/svg\/sprite.1af31c2f854b10d5fc5627a4f4fa61be.svg#icon-check\" \/> <\/svg> <\/button> <button class=\"a-link\" data-action=\"manage\">Gestionar mis opciones <svg class=\"a-svg a-svg--icon-edit\"> <use xlink:href=\"\/build\/images\/svg\/sprite.1af31c2f854b10d5fc5627a4f4fa61be.svg#icon-edit\" href=\"\/build\/images\/svg\/sprite.1af31c2f854b10d5fc5627a4f4fa61be.svg#icon-edit\" \/> <\/svg><br \/>\n<\/button> <\/div>\n<\/div>\n<\/div>\n<p>Seg\u00fan S\u00e1nchez, los datos disponibles no plantean \u201cninguna duda\u201d sobre la actuaci\u00f3n de Marruecos, mientras que destac\u00f3 la cooperaci\u00f3n de las autoridades marroqu\u00edes para contener posteriormente los movimientos hacia Ceuta.<\/p>\n<p>El jefe del Ejecutivo espa\u00f1ol sostuvo que Rabat despleg\u00f3 fuerzas de seguridad en la zona fronteriza de Castillejos cuando comenz\u00f3 la crisis y que ambos gobiernos mantuvieron contactos constantes durante los momentos de mayor presi\u00f3n migratoria.<\/p>\n<p>\u201cSi no hay cooperaci\u00f3n con Marruecos, esta crisis no se soluciona; al contrario, se agravar\u00eda\u201d, se\u00f1al\u00f3 S\u00e1nchez, que defendi\u00f3 que la relaci\u00f3n bilateral con Rabat en materia migratoria es actualmente \u201cfrancamente positiva\u201d.<\/p>\n<p class=\"a-read-more\"><span class=\"a-read-more__label\">Leer tambi\u00e9n<\/span><a href=\"https:\/\/www.france24.com\/es\/europa\/20260828-siempre-tienes-miedo-16-mujeres-migrantes-entre-ellas-ni\u00f1as-denuncian-agresiones-sexuales-en-ceuta\" target=\"_self\" class=\"a-read-more__link\">\u00abSiempre tienes miedo\u00bb: 16 mujeres migrantes, entre ellas ni\u00f1as, denuncian agresiones sexuales en Ceuta<\/a><\/p>\n<h2><strong>Espa\u00f1a apunta a Rusia e Israel por una campa\u00f1a de desinformaci\u00f3n<\/strong><\/h2>\n<p>La acusaci\u00f3n m\u00e1s llamativa de S\u00e1nchez se dirigi\u00f3, sin embargo, hacia el exterior. <strong>El presidente del Gobierno afirm\u00f3 que redes sociales vinculadas a Rusia e Israel participaron en la difusi\u00f3n y amplificaci\u00f3n de informaci\u00f3n falsa sobre la pol\u00edtica migratoria espa\u00f1ola durante la crisis.<\/strong><\/p>\n<p>S\u00e1nchez asegur\u00f3 que esta conclusi\u00f3n se desprende de un an\u00e1lisis del Servicio Europeo de Acci\u00f3n Exterior (SEAE), el servicio diplom\u00e1tico de la Uni\u00f3n Europea, aunque no detall\u00f3 p\u00fablicamente las evidencias concretas que sustentan la atribuci\u00f3n.<\/p>\n<p><strong>\u201cTras el 30 y el 31 de julio, se difundieron rumores y desinformaci\u00f3n desde redes sociales vinculadas tanto a Rusia como a Israel, y a una internacional ultraderechista\u201d, <\/strong>afirm\u00f3.<\/p>\n<p>Seg\u00fan el presidente espa\u00f1ol, esas redes utilizaron la crisis migratoria para atacar al Gobierno de Madrid y alimentar divisiones tanto dentro de Espa\u00f1a como en el conjunto de la Uni\u00f3n Europea.<\/p>\n<p>S\u00e1nchez vincul\u00f3 adem\u00e1s la supuesta campa\u00f1a con las posiciones de pol\u00edtica exterior de su Ejecutivo. Espa\u00f1a ha mantenido una postura especialmente cr\u00edtica con la ofensiva rusa contra Ucrania y ha elevado sus cr\u00edticas a Israel por su actuaci\u00f3n militar en Gaza.<\/p>\n<p>\u00abEs evidente que si Rusia se mete a desinformar sobre esta cuesti\u00f3n o Israel tambi\u00e9n desinforma criticando al Gobierno de Espa\u00f1a, no ser\u00e1 porque les preocupa la migraci\u00f3n en Espa\u00f1a o en Europa\u00bb, sostuvo S\u00e1nchez.<\/p>\n<blockquote class=\"quote\" readability=\"5\">\n<p>\u00abEsto es una mentira descarada\u00bb<\/p>\n<\/blockquote>\n<p>Tras estas declaraciones, el ministro de Exteriores de Israel, Gideon Sa&#8217;ar, acus\u00f3 al presidente del Gobierno espa\u00f1ol de \u00abmentir descaradamente\u00bb.&nbsp;<\/p>\n<p><strong>\u00abEn su entrevista a la Cadena SER hoy, volvi\u00f3 a mentir, acusando sorprendentemente a Israel de difundir informaci\u00f3n falsa sobre los sucesos de Ceuta. Esto es una mentira descarada. Seguir difundiendo mentiras difamatorias no desviar\u00e1 la atenci\u00f3n del vergonzoso fracaso de S\u00e1nchez en la gesti\u00f3n de los asuntos de su pa\u00eds\u00bb,<\/strong> declar\u00f3 Sa&#8217;ar e sus redes sociales.<\/p>\n<div id=\"em-WBMZ416490-F24-ES-20260831\" class=\"m-em-flash\" data-xtwitter-script>\n<div class=\"o-em-consent \" readability=\"7\">\n<div class=\"o-em-consent__content\" readability=\"34\">\n<p class=\"o-em-consent__content__text\">Para mostrar este contenido de X (Twitter), debe autorizar las cookies de medici\u00f3n de audiencia y publicidad.<\/p>\n<p> <button class=\"a-master-button a-master-button--dark\" data-action=\"accept\"> Aceptar <svg class=\"a-svg a-svg--icon-check\"> <use xlink:href=\"\/build\/images\/svg\/sprite.1af31c2f854b10d5fc5627a4f4fa61be.svg#icon-check\" href=\"\/build\/images\/svg\/sprite.1af31c2f854b10d5fc5627a4f4fa61be.svg#icon-check\" \/> <\/svg> <\/button> <button class=\"a-link\" data-action=\"manage\">Gestionar mis opciones <svg class=\"a-svg a-svg--icon-edit\"> <use xlink:href=\"\/build\/images\/svg\/sprite.1af31c2f854b10d5fc5627a4f4fa61be.svg#icon-edit\" href=\"\/build\/images\/svg\/sprite.1af31c2f854b10d5fc5627a4f4fa61be.svg#icon-edit\" \/> <\/svg><br \/>\n<\/button> <\/div>\n<\/div>\n<\/div>\n<p class=\"a-read-more\"><span class=\"a-read-more__label\">Leer tambi\u00e9n<\/span><a href=\"https:\/\/www.france24.com\/es\/europa\/20260825-espa\u00f1a-aprueba-dos-anteproyectos-para-reformar-sus-leyes-de-asilo-y-extranjer\u00eda-en-plena-crisis-migratoria-en-ceuta\" target=\"_self\" class=\"a-read-more__link\">Espa\u00f1a aprueba dos anteproyectos para reformar sus leyes de asilo y extranjer\u00eda en plena crisis migratoria en Ceuta<\/a><\/p>\n<h2><strong>\u00bfQu\u00e9 se sabe de los bulos en redes sociales durante las llegadas masivas de migrantes?<\/strong><\/h2>\n<p>La crisis migratoria estuvo acompa\u00f1ada de una intensa circulaci\u00f3n de contenidos en redes sociales como Instagram y TikTok. Las autoridades espa\u00f1olas han denunciado la difusi\u00f3n de mensajes que presentaban de manera enga\u00f1osa las condiciones de entrada y permanencia en Ceuta.<\/p>\n<p>Entre los rumores identificados figuraba la afirmaci\u00f3n de que los migrantes que accedieran al territorio espa\u00f1ol por v\u00eda mar\u00edtima no pod\u00edan ser posteriormente devueltos. S\u00e1nchez calific\u00f3 esta informaci\u00f3n de falsa y se\u00f1al\u00f3 que tambi\u00e9n habr\u00eda sido difundida por redes relacionadas con organizaciones dedicadas a la trata de personas.<\/p>\n<p>\u201cSeguimos investigando\u201d, afirm\u00f3 el presidente al referirse al origen y la propagaci\u00f3n de estos contenidos.<\/p>\n<p>La dimensi\u00f3n digital de la crisis ha a\u00f1adido un nuevo elemento a un episodio en el que confluyen la presi\u00f3n migratoria, las relaciones entre Espa\u00f1a y Marruecos y la creciente preocupaci\u00f3n europea por las operaciones de desinformaci\u00f3n en internet.<\/p>\n<p>Las autoridades espa\u00f1olas estiman que entre 70.000 y 80.000 personas cruzaron irregularmente desde Marruecos hacia Ceuta durante los dos d\u00edas de m\u00e1xima presi\u00f3n migratoria. La gran mayor\u00eda regres\u00f3 posteriormente a Marruecos de forma voluntaria, mientras que miles permanecen todav\u00eda en el enclave.<\/p>\n<div class=\"m-em-image\">\n<figure class=\"m-item-image m-item-image--original m-item-image--has-caption\"> <picture class=\"a-picture a-picture--original\"><source type=\"image\/webp\" srcset=\"https:\/\/s.france24.com\/media\/display\/39d36620-9ca5-11f1-bd90-005056bfb2b6\/w:246\/2026-08-20T125422Z-225694207-RC292NA81F0I-RTRMADP-3-MIGRATION-EUROPE-SPAIN-CEUTA.webp 246w, https:\/\/s.france24.com\/media\/display\/39d36620-9ca5-11f1-bd90-005056bfb2b6\/w:388\/2026-08-20T125422Z-225694207-RC292NA81F0I-RTRMADP-3-MIGRATION-EUROPE-SPAIN-CEUTA.webp 388w, https:\/\/s.france24.com\/media\/display\/39d36620-9ca5-11f1-bd90-005056bfb2b6\/w:720\/2026-08-20T125422Z-225694207-RC292NA81F0I-RTRMADP-3-MIGRATION-EUROPE-SPAIN-CEUTA.webp 720w, https:\/\/s.france24.com\/media\/display\/39d36620-9ca5-11f1-bd90-005056bfb2b6\/w:980\/2026-08-20T125422Z-225694207-RC292NA81F0I-RTRMADP-3-MIGRATION-EUROPE-SPAIN-CEUTA.webp 980w\" sizes=\"(max-width: 1023px) calc(100vw - 32px), (min-width: 1024px) 850px\"><img fetchpriority=\"low\" decoding=\"async\" src=\"https:\/\/s.france24.com\/media\/display\/39d36620-9ca5-11f1-bd90-005056bfb2b6\/w:980\/2026-08-20T125422Z-225694207-RC292NA81F0I-RTRMADP-3-MIGRATION-EUROPE-SPAIN-CEUTA.jpg\" srcset=\"https:\/\/s.france24.com\/media\/display\/39d36620-9ca5-11f1-bd90-005056bfb2b6\/w:246\/2026-08-20T125422Z-225694207-RC292NA81F0I-RTRMADP-3-MIGRATION-EUROPE-SPAIN-CEUTA.jpg 246w, https:\/\/s.france24.com\/media\/display\/39d36620-9ca5-11f1-bd90-005056bfb2b6\/w:388\/2026-08-20T125422Z-225694207-RC292NA81F0I-RTRMADP-3-MIGRATION-EUROPE-SPAIN-CEUTA.jpg 388w, https:\/\/s.france24.com\/media\/display\/39d36620-9ca5-11f1-bd90-005056bfb2b6\/w:720\/2026-08-20T125422Z-225694207-RC292NA81F0I-RTRMADP-3-MIGRATION-EUROPE-SPAIN-CEUTA.jpg 720w, https:\/\/s.france24.com\/media\/display\/39d36620-9ca5-11f1-bd90-005056bfb2b6\/w:980\/2026-08-20T125422Z-225694207-RC292NA81F0I-RTRMADP-3-MIGRATION-EUROPE-SPAIN-CEUTA.jpg 980w\" sizes=\"(max-width: 1023px) calc(100vw - 32px), (min-width: 1024px) 850px\" alt=\"Migrantes son escoltados desde un campamento improvisado en la playa hasta refugios oficiales en toda la ciudad despu\u00e9s de que las autoridades desalojaran el lugar, tras un cruce masivo desde Marruecos, en el enclave espa\u00f1ol de Ceuta, en el norte de \u00c1frica, el 20 de agosto de 2026.\" loading=\"lazy\" class=\"a-img \">\n<\/picture><figcaption class=\"a-figcaption\"> Migrantes son escoltados desde un campamento improvisado en la playa hasta refugios oficiales en toda la ciudad despu\u00e9s de que las autoridades desalojaran el lugar, tras un cruce masivo desde Marruecos, en el enclave espa\u00f1ol de Ceuta, en el norte de \u00c1frica, el 20 de agosto de 2026. \u00a9 Reuters\/Violeta Santos Moura <\/figcaption><\/figure>\n<\/p><\/div>\n<p>Las cifras<strong> sobre quienes contin\u00faan en Ceuta var\u00edan. El Gobierno espa\u00f1ol sit\u00faa el n\u00famero en torno a 5.000 personas, aunque otras estimaciones elevan la cifra y dirigentes de la derecha local han sostenido que podr\u00eda superar las 10.000.<\/strong><\/p>\n<p>Entre quienes permanecen en el territorio hay menores no acompa\u00f1ados y personas que han solicitado protecci\u00f3n internacional. La permanencia de miles de migrantes ha generado una creciente presi\u00f3n sobre los servicios p\u00fablicos y ha provocado protestas de sectores de la poblaci\u00f3n local.<\/p>\n<p>Seg\u00fan informaciones policiales, durante los \u00faltimos d\u00edas tambi\u00e9n se han registrado incidentes violentos. El domingo 30 de agosto, tres ciudadanos marroqu\u00edes fueron detenidos despu\u00e9s de que, seg\u00fan fuentes policiales citadas por la agencia de noticias EFE, lanzaran botellas con l\u00edquidos corrosivos contra una patrulla del Ej\u00e9rcito en Ceuta. No se registraron heridos.<\/p>\n<p class=\"a-read-more\"><span class=\"a-read-more__label\">Leer tambi\u00e9n<\/span><a href=\"https:\/\/www.france24.com\/es\/europa\/20260822-marruecos-pone-condiciones-para-recibir-cad\u00e1veres-de-ceuta-informes-forenses-y-regreso-de-sobrevivientes\" target=\"_self\" class=\"a-read-more__link\">Marruecos pone condiciones para recibir cad\u00e1veres de Ceuta: informes forenses y regreso de sobrevivientes<\/a><\/p>\n<h2><strong>Tensi\u00f3n social y pol\u00edtica<\/strong><\/h2>\n<p>La crisis ha profundizado el debate pol\u00edtico espa\u00f1ol sobre la gesti\u00f3n de la inmigraci\u00f3n y sobre la relaci\u00f3n con Marruecos.<\/p>\n<p>Partidos de la oposici\u00f3n y organizaciones de derechos humanos han cuestionado la respuesta del Gobierno y han planteado dudas sobre el papel desempe\u00f1ado por Rabat durante la llegada masiva. Marruecos, por su parte, ha negado haber promovido deliberadamente el cruce de migrantes.<\/p>\n<p>En Ceuta, donde el impacto de la llegada masiva sigue siendo visible, se han sucedido las protestas ciudadanas y se han producido ataques espor\u00e1dicos contra espacios improvisados donde permanecen migrantes.<\/p>\n<p>El Gobierno central intenta contener la tensi\u00f3n mediante nuevas medidas econ\u00f3micas. <strong>S\u00e1nchez anunci\u00f3 este lunes 31 de agosto una partida adicional de 168 millones de euros para impulsar la recuperaci\u00f3n y reactivar la econom\u00eda de Ceuta,<\/strong> equivalente a alrededor del 8 % del Producto Interno Bruto del enclave. Esta cantidad se suma a los <strong>180 millones de euros<\/strong> anunciados la semana anterior para medidas de recuperaci\u00f3n a medio plazo.<\/p>\n<p class=\"a-read-more\"><span class=\"a-read-more__label\">Leer tambi\u00e9n<\/span><a href=\"https:\/\/www.france24.com\/es\/europa\/20260824-crisis-migratoria-en-ceuta-espa\u00f1a-anuncia-un-mando-\u00fanico-mientras-intenta-prevenir-potenciales-enfermedades\" target=\"_self\" class=\"a-read-more__link\">Crisis migratoria en Ceuta: Espa\u00f1a anuncia un mando \u00fanico, mientras intenta prevenir \u00abpotenciales enfermedades\u201d<\/a><\/p>\n<h2><strong>\u00abLa sumisi\u00f3n de este Gobierno a Marruecos es absolutamente lamentable\u00bb<\/strong><\/h2>\n<p>Pese a la magnitud de la crisis, Pedro S\u00e1nchez insisti\u00f3 en que Espa\u00f1a no puede abordar el problema migratorio sin la cooperaci\u00f3n de Marruecos.<\/p>\n<p>El presidente del Gobierno record\u00f3 que los pa\u00edses situados en la primera l\u00ednea de las fronteras exteriores de la Uni\u00f3n Europea (UE), como Espa\u00f1a e Italia, necesitan una mayor solidaridad del resto de los Estados miembros. Tambi\u00e9n defendi\u00f3 el papel desempe\u00f1ado por Espa\u00f1a en anteriores crisis migratorias que afectaron a otros pa\u00edses europeos.<\/p>\n<p>La posici\u00f3n de S\u00e1nchez busca as\u00ed preservar una relaci\u00f3n bilateral que Madrid considera estrat\u00e9gica, especialmente en materia de control migratorio y seguridad fronteriza.<\/p>\n<p>Las declaraciones de S\u00e1nchez en defensa de Marruecos y exonerando la responsabilidad de ese pa\u00eds ha caldeado los \u00e1nimos no solo en la oposici\u00f3n, sino tambi\u00e9n en otros partidos de izquierda. Pablo Fern\u00e1ndez, secretrio general del partido pol\u00edtico Podemos, recrimin\u00f3 la postura del jefe del Gobierno.&nbsp;<\/p>\n<p><strong>\u00abLa sumisi\u00f3n de este Gobierno a Marruecos es absolutamente lamentable. El ejecutivo de S\u00e1nchez est\u00e1 arrodillado ante la dictadura marroqu\u00ed, algo infame e inadmisible. La gran pregunta es qu\u00e9 le debe este Gobierno a Marruecos\u00bb,<\/strong> cuestion\u00f3 Fern\u00e1ndez.<\/p>\n<p><strong>\u00abHay que romper relaciones con Marruecos\u00bb,<\/strong> agreg\u00f3.<\/p>\n<div id=\"em-WBMZ416494-F24-ES-20260831\" class=\"m-em-flash\" data-xtwitter-script>\n<div class=\"o-em-consent \" readability=\"7\">\n<div class=\"o-em-consent__content\" readability=\"34\">\n<p class=\"o-em-consent__content__text\">Para mostrar este contenido de X (Twitter), debe autorizar las cookies de medici\u00f3n de audiencia y publicidad.<\/p>\n<p> <button class=\"a-master-button a-master-button--dark\" data-action=\"accept\"> Aceptar <svg class=\"a-svg a-svg--icon-check\"> <use xlink:href=\"\/build\/images\/svg\/sprite.1af31c2f854b10d5fc5627a4f4fa61be.svg#icon-check\" href=\"\/build\/images\/svg\/sprite.1af31c2f854b10d5fc5627a4f4fa61be.svg#icon-check\" \/> <\/svg> <\/button> <button class=\"a-link\" data-action=\"manage\">Gestionar mis opciones <svg class=\"a-svg a-svg--icon-edit\"> <use xlink:href=\"\/build\/images\/svg\/sprite.1af31c2f854b10d5fc5627a4f4fa61be.svg#icon-edit\" href=\"\/build\/images\/svg\/sprite.1af31c2f854b10d5fc5627a4f4fa61be.svg#icon-edit\" \/> <\/svg><br \/>\n<\/button> <\/div>\n<\/div>\n<\/div>\n<p>Mientras contin\u00faan las investigaciones sobre la crisis y la circulaci\u00f3n de contenidos falsos durante aquellos d\u00edas, el Gobierno espa\u00f1ol enfrenta ahora dos desaf\u00edos paralelos: gestionar las consecuencias sociales y econ\u00f3micas de la llegada masiva de migrantes y demostrar con evidencias las acusaciones sobre las redes extranjeras que, seg\u00fan S\u00e1nchez, trataron de explotar pol\u00edticamente la crisis.<\/p>\n<p class=\"a-read-more\"><span class=\"a-read-more__label\">Leer tambi\u00e9n<\/span><a href=\"https:\/\/www.france24.com\/es\/europa\/20260820-qu\u00e9-pasar\u00e1-con-los-migrantes-en-ceuta-espa\u00f1a-despeja-playa-del-trampol\u00edn-mientras-reubica-a-cientos\" target=\"_self\" class=\"a-read-more__link\">\u00bfQu\u00e9 pasar\u00e1 con los migrantes en Ceuta?: Espa\u00f1a despeja playa del Trampol\u00edn, mientras reubica a cientos<\/a><\/p>\n<p>Con Reuters, AFP y EFE<\/p>\n","protected":false},"excerpt":{"rendered":"<p>El presidente del Gobierno espa\u00f1ol, Pedro S\u00e1nchez,&#46;&#46;&#46;<\/p>\n","protected":false},"author":1,"featured_media":406632,"comment_status":"closed","ping_status":"closed","sticky":false,"template":"","format":"standard","meta":{"_jetpack_newsletter_access":"","_jetpack_dont_email_post_to_subs":false,"_jetpack_newsletter_tier_id":0,"_jetpack_memberships_contains_paywalled_content":false,"_jetpack_feature_clip_id":0,"_jetpack_memberships_contains_paid_content":false,"footnotes":"","jetpack_publicize_message":"","jetpack_publicize_feature_enabled":true,"jetpack_social_post_already_shared":true,"jetpack_social_options":{"image_generator_settings":{"template":"highway","default_image_id":0,"font":"","enabled":false},"version":2},"jetpack_post_was_ever_published":false},"categories":[43],"tags":[],"class_list":["post-406631","post","type-post","status-publish","format-standard","has-post-thumbnail","hentry","category-internacionales"],"yoast_head":"<!-- This site is optimized with the Yoast SEO plugin v28.1 - https:\/\/yoast.com\/product\/yoast-seo-wordpress\/ -->\n<title>S\u00e1nchez niega implicaci\u00f3n de Marruecos en la crisis migratoria de Ceuta y apunta a Rusia e Israel - Sarmiento24h<\/title>\n<meta name=\"robots\" content=\"index, follow, max-snippet:-1, max-image-preview:large, max-video-preview:-1\" \/>\n<link rel=\"canonical\" href=\"https:\/\/sarmiento24h.com\/?p=406631\" \/>\n<meta property=\"og:locale\" content=\"es_ES\" \/>\n<meta property=\"og:type\" content=\"article\" \/>\n<meta property=\"og:title\" content=\"S\u00e1nchez niega implicaci\u00f3n de Marruecos en la crisis migratoria de Ceuta y apunta a Rusia e Israel - Sarmiento24h\" \/>\n<meta property=\"og:description\" content=\"El presidente del Gobierno espa\u00f1ol, Pedro S\u00e1nchez,&#046;&#046;&#046;\" \/>\n<meta property=\"og:url\" content=\"https:\/\/sarmiento24h.com\/?p=406631\" \/>\n<meta property=\"og:site_name\" content=\"Sarmiento24h\" \/>\n<meta property=\"article:publisher\" content=\"https:\/\/facebook.com\/s24hnoticias\" \/>\n<meta property=\"article:published_time\" content=\"2026-08-31T13:27:04+00:00\" \/>\n<meta property=\"og:image\" content=\"https:\/\/s.france24.com\/media\/display\/39d36620-9ca5-11f1-bd90-005056bfb2b6\/w:980\/2026-08-20T125422Z-225694207-RC292NA81F0I-RTRMADP-3-MIGRATION-EUROPE-SPAIN-CEUTA.jpg\" \/>\n<meta name=\"author\" content=\"sarmiento24h@gmail.com\" \/>\n<meta name=\"twitter:card\" content=\"summary_large_image\" \/>\n<meta name=\"twitter:creator\" content=\"@sarmiento24h\" \/>\n<meta name=\"twitter:site\" content=\"@sarmiento24h\" \/>\n<meta name=\"twitter:label1\" content=\"Escrito por\" \/>\n\t<meta name=\"twitter:data1\" content=\"sarmiento24h@gmail.com\" \/>\n\t<meta name=\"twitter:label2\" content=\"Tiempo de lectura\" \/>\n\t<meta name=\"twitter:data2\" content=\"8 minutos\" \/>\n<script type=\"application\/ld+json\" class=\"yoast-schema-graph\">{\"@context\":\"https:\\\/\\\/schema.org\",\"@graph\":[{\"@type\":\"Article\",\"@id\":\"https:\\\/\\\/sarmiento24h.com\\\/?p=406631#article\",\"isPartOf\":{\"@id\":\"https:\\\/\\\/sarmiento24h.com\\\/?p=406631\"},\"author\":{\"name\":\"sarmiento24h@gmail.com\",\"@id\":\"https:\\\/\\\/sarmiento24h.com\\\/#\\\/schema\\\/person\\\/d653a59725ad629a7e0429af7b939d4d\"},\"headline\":\"S\u00e1nchez niega implicaci\u00f3n de Marruecos en la crisis migratoria de Ceuta y apunta a Rusia e Israel\",\"datePublished\":\"2026-08-31T13:27:04+00:00\",\"mainEntityOfPage\":{\"@id\":\"https:\\\/\\\/sarmiento24h.com\\\/?p=406631\"},\"wordCount\":1668,\"publisher\":{\"@id\":\"https:\\\/\\\/sarmiento24h.com\\\/#organization\"},\"image\":{\"@id\":\"https:\\\/\\\/sarmiento24h.com\\\/?p=406631#primaryimage\"},\"thumbnailUrl\":\"https:\\\/\\\/sarmiento24h.com\\\/wp-content\\\/uploads\\\/2026\\\/08\\\/sanchez-niega-implicacion-de-marruecos-en-la-crisis-migratoria-de-ceuta-y-apunta-a-rusia-e-israel.jpg\",\"articleSection\":[\"Internacionales\"],\"inLanguage\":\"es\"},{\"@type\":\"WebPage\",\"@id\":\"https:\\\/\\\/sarmiento24h.com\\\/?p=406631\",\"url\":\"https:\\\/\\\/sarmiento24h.com\\\/?p=406631\",\"name\":\"S\u00e1nchez niega implicaci\u00f3n de Marruecos en la crisis migratoria de Ceuta y apunta a Rusia e Israel - Sarmiento24h\",\"isPartOf\":{\"@id\":\"https:\\\/\\\/sarmiento24h.com\\\/#website\"},\"primaryImageOfPage\":{\"@id\":\"https:\\\/\\\/sarmiento24h.com\\\/?p=406631#primaryimage\"},\"image\":{\"@id\":\"https:\\\/\\\/sarmiento24h.com\\\/?p=406631#primaryimage\"},\"thumbnailUrl\":\"https:\\\/\\\/sarmiento24h.com\\\/wp-content\\\/uploads\\\/2026\\\/08\\\/sanchez-niega-implicacion-de-marruecos-en-la-crisis-migratoria-de-ceuta-y-apunta-a-rusia-e-israel.jpg\",\"datePublished\":\"2026-08-31T13:27:04+00:00\",\"breadcrumb\":{\"@id\":\"https:\\\/\\\/sarmiento24h.com\\\/?p=406631#breadcrumb\"},\"inLanguage\":\"es\",\"potentialAction\":[{\"@type\":\"ReadAction\",\"target\":[\"https:\\\/\\\/sarmiento24h.com\\\/?p=406631\"]}]},{\"@type\":\"ImageObject\",\"inLanguage\":\"es\",\"@id\":\"https:\\\/\\\/sarmiento24h.com\\\/?p=406631#primaryimage\",\"url\":\"https:\\\/\\\/sarmiento24h.com\\\/wp-content\\\/uploads\\\/2026\\\/08\\\/sanchez-niega-implicacion-de-marruecos-en-la-crisis-migratoria-de-ceuta-y-apunta-a-rusia-e-israel.jpg\",\"contentUrl\":\"https:\\\/\\\/sarmiento24h.com\\\/wp-content\\\/uploads\\\/2026\\\/08\\\/sanchez-niega-implicacion-de-marruecos-en-la-crisis-migratoria-de-ceuta-y-apunta-a-rusia-e-israel.jpg\",\"width\":980,\"height\":654},{\"@type\":\"BreadcrumbList\",\"@id\":\"https:\\\/\\\/sarmiento24h.com\\\/?p=406631#breadcrumb\",\"itemListElement\":[{\"@type\":\"ListItem\",\"position\":1,\"name\":\"Home\",\"item\":\"https:\\\/\\\/sarmiento24h.com\\\/\"},{\"@type\":\"ListItem\",\"position\":2,\"name\":\"S\u00e1nchez niega implicaci\u00f3n de Marruecos en la crisis migratoria de Ceuta y apunta a Rusia e Israel\"}]},{\"@type\":\"WebSite\",\"@id\":\"https:\\\/\\\/sarmiento24h.com\\\/#website\",\"url\":\"https:\\\/\\\/sarmiento24h.com\\\/\",\"name\":\"Sarmiento24h\",\"description\":\"\",\"publisher\":{\"@id\":\"https:\\\/\\\/sarmiento24h.com\\\/#organization\"},\"potentialAction\":[{\"@type\":\"SearchAction\",\"target\":{\"@type\":\"EntryPoint\",\"urlTemplate\":\"https:\\\/\\\/sarmiento24h.com\\\/?s={search_term_string}\"},\"query-input\":{\"@type\":\"PropertyValueSpecification\",\"valueRequired\":true,\"valueName\":\"search_term_string\"}}],\"inLanguage\":\"es\"},{\"@type\":\"Organization\",\"@id\":\"https:\\\/\\\/sarmiento24h.com\\\/#organization\",\"name\":\"Sarmiento24h\",\"url\":\"https:\\\/\\\/sarmiento24h.com\\\/\",\"logo\":{\"@type\":\"ImageObject\",\"inLanguage\":\"es\",\"@id\":\"https:\\\/\\\/sarmiento24h.com\\\/#\\\/schema\\\/logo\\\/image\\\/\",\"url\":\"https:\\\/\\\/sarmiento24h.com\\\/wp-content\\\/uploads\\\/2025\\\/12\\\/AddText_12-16-10.30.52.jpg\",\"contentUrl\":\"https:\\\/\\\/sarmiento24h.com\\\/wp-content\\\/uploads\\\/2025\\\/12\\\/AddText_12-16-10.30.52.jpg\",\"width\":1220,\"height\":324,\"caption\":\"Sarmiento24h\"},\"image\":{\"@id\":\"https:\\\/\\\/sarmiento24h.com\\\/#\\\/schema\\\/logo\\\/image\\\/\"},\"sameAs\":[\"https:\\\/\\\/facebook.com\\\/s24hnoticias\",\"https:\\\/\\\/x.com\\\/sarmiento24h\"]},{\"@type\":\"Person\",\"@id\":\"https:\\\/\\\/sarmiento24h.com\\\/#\\\/schema\\\/person\\\/d653a59725ad629a7e0429af7b939d4d\",\"name\":\"sarmiento24h@gmail.com\",\"image\":{\"@type\":\"ImageObject\",\"inLanguage\":\"es\",\"@id\":\"https:\\\/\\\/sarmiento24h.com\\\/wp-content\\\/litespeed\\\/avatar\\\/d02cbc4e23c747e6659cd45907173c8f.jpg?ver=1788047690\",\"url\":\"https:\\\/\\\/sarmiento24h.com\\\/wp-content\\\/litespeed\\\/avatar\\\/d02cbc4e23c747e6659cd45907173c8f.jpg?ver=1788047690\",\"contentUrl\":\"https:\\\/\\\/sarmiento24h.com\\\/wp-content\\\/litespeed\\\/avatar\\\/d02cbc4e23c747e6659cd45907173c8f.jpg?ver=1788047690\",\"caption\":\"sarmiento24h@gmail.com\"},\"sameAs\":[\"https:\\\/\\\/sarmiento24h.com\"],\"url\":\"https:\\\/\\\/sarmiento24h.com\\\/?author=1\"}]}<\/script>\n<!-- \/ Yoast SEO plugin. -->","yoast_head_json":{"title":"S\u00e1nchez niega implicaci\u00f3n de Marruecos en la crisis migratoria de Ceuta y apunta a Rusia e Israel - Sarmiento24h","robots":{"index":"index","follow":"follow","max-snippet":"max-snippet:-1","max-image-preview":"max-image-preview:large","max-video-preview":"max-video-preview:-1"},"canonical":"https:\/\/sarmiento24h.com\/?p=406631","og_locale":"es_ES","og_type":"article","og_title":"S\u00e1nchez niega implicaci\u00f3n de Marruecos en la crisis migratoria de Ceuta y apunta a Rusia e Israel - Sarmiento24h","og_description":"El presidente del Gobierno espa\u00f1ol, Pedro S\u00e1nchez,&#46;&#46;&#46;","og_url":"https:\/\/sarmiento24h.com\/?p=406631","og_site_name":"Sarmiento24h","article_publisher":"https:\/\/facebook.com\/s24hnoticias","article_published_time":"2026-08-31T13:27:04+00:00","og_image":[{"url":"https:\/\/s.france24.com\/media\/display\/39d36620-9ca5-11f1-bd90-005056bfb2b6\/w:980\/2026-08-20T125422Z-225694207-RC292NA81F0I-RTRMADP-3-MIGRATION-EUROPE-SPAIN-CEUTA.jpg","type":"","width":"","height":""}],"author":"sarmiento24h@gmail.com","twitter_card":"summary_large_image","twitter_creator":"@sarmiento24h","twitter_site":"@sarmiento24h","twitter_misc":{"Escrito por":"sarmiento24h@gmail.com","Tiempo de lectura":"8 minutos"},"schema":{"@context":"https:\/\/schema.org","@graph":[{"@type":"Article","@id":"https:\/\/sarmiento24h.com\/?p=406631#article","isPartOf":{"@id":"https:\/\/sarmiento24h.com\/?p=406631"},"author":{"name":"sarmiento24h@gmail.com","@id":"https:\/\/sarmiento24h.com\/#\/schema\/person\/d653a59725ad629a7e0429af7b939d4d"},"headline":"S\u00e1nchez niega implicaci\u00f3n de Marruecos en la crisis migratoria de Ceuta y apunta a Rusia e Israel","datePublished":"2026-08-31T13:27:04+00:00","mainEntityOfPage":{"@id":"https:\/\/sarmiento24h.com\/?p=406631"},"wordCount":1668,"publisher":{"@id":"https:\/\/sarmiento24h.com\/#organization"},"image":{"@id":"https:\/\/sarmiento24h.com\/?p=406631#primaryimage"},"thumbnailUrl":"https:\/\/sarmiento24h.com\/wp-content\/uploads\/2026\/08\/sanchez-niega-implicacion-de-marruecos-en-la-crisis-migratoria-de-ceuta-y-apunta-a-rusia-e-israel.jpg","articleSection":["Internacionales"],"inLanguage":"es"},{"@type":"WebPage","@id":"https:\/\/sarmiento24h.com\/?p=406631","url":"https:\/\/sarmiento24h.com\/?p=406631","name":"S\u00e1nchez niega implicaci\u00f3n de Marruecos en la crisis migratoria de Ceuta y apunta a Rusia e Israel - Sarmiento24h","isPartOf":{"@id":"https:\/\/sarmiento24h.com\/#website"},"primaryImageOfPage":{"@id":"https:\/\/sarmiento24h.com\/?p=406631#primaryimage"},"image":{"@id":"https:\/\/sarmiento24h.com\/?p=406631#primaryimage"},"thumbnailUrl":"https:\/\/sarmiento24h.com\/wp-content\/uploads\/2026\/08\/sanchez-niega-implicacion-de-marruecos-en-la-crisis-migratoria-de-ceuta-y-apunta-a-rusia-e-israel.jpg","datePublished":"2026-08-31T13:27:04+00:00","breadcrumb":{"@id":"https:\/\/sarmiento24h.com\/?p=406631#breadcrumb"},"inLanguage":"es","potentialAction":[{"@type":"ReadAction","target":["https:\/\/sarmiento24h.com\/?p=406631"]}]},{"@type":"ImageObject","inLanguage":"es","@id":"https:\/\/sarmiento24h.com\/?p=406631#primaryimage","url":"https:\/\/sarmiento24h.com\/wp-content\/uploads\/2026\/08\/sanchez-niega-implicacion-de-marruecos-en-la-crisis-migratoria-de-ceuta-y-apunta-a-rusia-e-israel.jpg","contentUrl":"https:\/\/sarmiento24h.com\/wp-content\/uploads\/2026\/08\/sanchez-niega-implicacion-de-marruecos-en-la-crisis-migratoria-de-ceuta-y-apunta-a-rusia-e-israel.jpg","width":980,"height":654},{"@type":"BreadcrumbList","@id":"https:\/\/sarmiento24h.com\/?p=406631#breadcrumb","itemListElement":[{"@type":"ListItem","position":1,"name":"Home","item":"https:\/\/sarmiento24h.com\/"},{"@type":"ListItem","position":2,"name":"S\u00e1nchez niega implicaci\u00f3n de Marruecos en la crisis migratoria de Ceuta y apunta a Rusia e Israel"}]},{"@type":"WebSite","@id":"https:\/\/sarmiento24h.com\/#website","url":"https:\/\/sarmiento24h.com\/","name":"Sarmiento24h","description":"","publisher":{"@id":"https:\/\/sarmiento24h.com\/#organization"},"potentialAction":[{"@type":"SearchAction","target":{"@type":"EntryPoint","urlTemplate":"https:\/\/sarmiento24h.com\/?s={search_term_string}"},"query-input":{"@type":"PropertyValueSpecification","valueRequired":true,"valueName":"search_term_string"}}],"inLanguage":"es"},{"@type":"Organization","@id":"https:\/\/sarmiento24h.com\/#organization","name":"Sarmiento24h","url":"https:\/\/sarmiento24h.com\/","logo":{"@type":"ImageObject","inLanguage":"es","@id":"https:\/\/sarmiento24h.com\/#\/schema\/logo\/image\/","url":"https:\/\/sarmiento24h.com\/wp-content\/uploads\/2025\/12\/AddText_12-16-10.30.52.jpg","contentUrl":"https:\/\/sarmiento24h.com\/wp-content\/uploads\/2025\/12\/AddText_12-16-10.30.52.jpg","width":1220,"height":324,"caption":"Sarmiento24h"},"image":{"@id":"https:\/\/sarmiento24h.com\/#\/schema\/logo\/image\/"},"sameAs":["https:\/\/facebook.com\/s24hnoticias","https:\/\/x.com\/sarmiento24h"]},{"@type":"Person","@id":"https:\/\/sarmiento24h.com\/#\/schema\/person\/d653a59725ad629a7e0429af7b939d4d","name":"sarmiento24h@gmail.com","image":{"@type":"ImageObject","inLanguage":"es","@id":"https:\/\/sarmiento24h.com\/wp-content\/litespeed\/avatar\/d02cbc4e23c747e6659cd45907173c8f.jpg?ver=1788047690","url":"https:\/\/sarmiento24h.com\/wp-content\/litespeed\/avatar\/d02cbc4e23c747e6659cd45907173c8f.jpg?ver=1788047690","contentUrl":"https:\/\/sarmiento24h.com\/wp-content\/litespeed\/avatar\/d02cbc4e23c747e6659cd45907173c8f.jpg?ver=1788047690","caption":"sarmiento24h@gmail.com"},"sameAs":["https:\/\/sarmiento24h.com"],"url":"https:\/\/sarmiento24h.com\/?author=1"}]}},"jetpack_publicize_connections":[],"jetpack_featured_media_url":"https:\/\/sarmiento24h.com\/wp-content\/uploads\/2026\/08\/sanchez-niega-implicacion-de-marruecos-en-la-crisis-migratoria-de-ceuta-y-apunta-a-rusia-e-israel.jpg","jetpack_sharing_enabled":true,"_links":{"self":[{"href":"https:\/\/sarmiento24h.com\/index.php?rest_route=\/wp\/v2\/posts\/406631","targetHints":{"allow":["GET"]}}],"collection":[{"href":"https:\/\/sarmiento24h.com\/index.php?rest_route=\/wp\/v2\/posts"}],"about":[{"href":"https:\/\/sarmiento24h.com\/index.php?rest_route=\/wp\/v2\/types\/post"}],"author":[{"embeddable":true,"href":"https:\/\/sarmiento24h.com\/index.php?rest_route=\/wp\/v2\/users\/1"}],"replies":[{"embeddable":true,"href":"https:\/\/sarmiento24h.com\/index.php?rest_route=%2Fwp%2Fv2%2Fcomments&post=406631"}],"version-history":[{"count":0,"href":"https:\/\/sarmiento24h.com\/index.php?rest_route=\/wp\/v2\/posts\/406631\/revisions"}],"wp:featuredmedia":[{"embeddable":true,"href":"https:\/\/sarmiento24h.com\/index.php?rest_route=\/wp\/v2\/media\/406632"}],"wp:attachment":[{"href":"https:\/\/sarmiento24h.com\/index.php?rest_route=%2Fwp%2Fv2%2Fmedia&parent=406631"}],"wp:term":[{"taxonomy":"category","embeddable":true,"href":"https:\/\/sarmiento24h.com\/index.php?rest_route=%2Fwp%2Fv2%2Fcategories&post=406631"},{"taxonomy":"post_tag","embeddable":true,"href":"https:\/\/sarmiento24h.com\/index.php?rest_route=%2Fwp%2Fv2%2Ftags&post=406631"}],"curies":[{"name":"wp","href":"https:\/\/api.w.org\/{rel}","templated":true}]}}