{"id":406785,"date":"2026-08-31T15:09:35","date_gmt":"2026-08-31T15:09:35","guid":{"rendered":"https:\/\/sarmiento24h.com\/?p=406785"},"modified":"2026-08-31T15:09:35","modified_gmt":"2026-08-31T15:09:35","slug":"fundacion-dona-fran-lleva-esperanza-por-sexto-ano-consecutivo-a-sectores-vulnerables-de-santo-domingo-norte-con-entrega-de-utiles-escolares","status":"publish","type":"post","link":"https:\/\/sarmiento24h.com\/?p=406785","title":{"rendered":"Fundaci\u00f3n Do\u00f1a Fran lleva esperanza por sexto a\u00f1o consecutivo a sectores vulnerables de Santo Domingo Norte con entrega de \u00fatiles escolares"},"content":{"rendered":"\n<figure class=\"wp-block-image size-large\"><img loading=\"lazy\" decoding=\"async\" width=\"1024\" height=\"497\" src=\"https:\/\/sarmiento24h.com\/wp-content\/uploads\/2026\/08\/image_editor_output_image1095908418-1788188933171741042299330299345-1024x497.jpg\" alt=\"\" class=\"wp-image-406782\" srcset=\"https:\/\/sarmiento24h.com\/wp-content\/uploads\/2026\/08\/image_editor_output_image1095908418-1788188933171741042299330299345-1024x497.jpg 1024w, https:\/\/sarmiento24h.com\/wp-content\/uploads\/2026\/08\/image_editor_output_image1095908418-1788188933171741042299330299345-300x146.jpg 300w, https:\/\/sarmiento24h.com\/wp-content\/uploads\/2026\/08\/image_editor_output_image1095908418-1788188933171741042299330299345-768x373.jpg 768w, https:\/\/sarmiento24h.com\/wp-content\/uploads\/2026\/08\/image_editor_output_image1095908418-1788188933171741042299330299345-1536x746.jpg 1536w, https:\/\/sarmiento24h.com\/wp-content\/uploads\/2026\/08\/image_editor_output_image1095908418-1788188933171741042299330299345.jpg 2000w\" sizes=\"auto, (max-width: 1024px) 100vw, 1024px\" \/><\/figure>\n\n\n\n<p class=\"wp-block-paragraph\"><\/p>\n\n\n\n<p class=\"wp-block-paragraph\"><strong><em>Bajo el lema \u201cUn \u00fatil hoy, un futuro ma\u00f1ana\u201d, la organizaci\u00f3n realiz\u00f3 una jornada solidaria para apoyar a ni\u00f1os y ni\u00f1as de comunidades vulnerables de Santo Domingo Norte<\/em><\/strong><br><br><strong><em>Santo Domingo Norte, R.D.<\/em><\/strong>\u2013 Con el firme prop\u00f3sito de contribuir al bienestar y la educaci\u00f3n de la ni\u00f1ez, la Fundaci\u00f3n Do\u00f1a Fran realiz\u00f3 una jornada de entrega de \u00fatiles escolares a ni\u00f1os y ni\u00f1as de sectores vulnerables de Santo Domingo Norte, como parte de su compromiso de apoyar a las familias de escasos recursos y aportar a la construcci\u00f3n de mejores oportunidades para las nuevas generaciones.<br><br>Bajo el lema \u201cUn \u00fatil hoy, un futuro ma\u00f1ana\u201d, la iniciativa representa mucho m\u00e1s que la entrega de mochilas, cuadernos, l\u00e1pices y otros materiales escolares. Para la Fundaci\u00f3n, cada \u00fatil entregado simboliza una oportunidad para que un ni\u00f1o pueda iniciar su jornada educativa con mayor entusiasmo y dignidad, al tiempo que se fortalece su motivaci\u00f3n para continuar estudiando.<br><br>La jornada estuvo marcada por la alegr\u00eda de los ni\u00f1os y sus familias, as\u00ed como por el esp\u00edritu de solidaridad de los colaboradores, voluntarios y donantes que hicieron posible esta iniciativa en comunidades donde este tipo de apoyo representa una ayuda significativa para los hogares.<\/p>\n\n\n\n<figure class=\"wp-block-image size-large\"><img loading=\"lazy\" decoding=\"async\" width=\"577\" height=\"1024\" src=\"https:\/\/sarmiento24h.com\/wp-content\/uploads\/2026\/08\/20260830_1356505073058805654953770-577x1024.jpg\" alt=\"\" class=\"wp-image-406783\" srcset=\"https:\/\/sarmiento24h.com\/wp-content\/uploads\/2026\/08\/20260830_1356505073058805654953770-577x1024.jpg 577w, https:\/\/sarmiento24h.com\/wp-content\/uploads\/2026\/08\/20260830_1356505073058805654953770-169x300.jpg 169w, https:\/\/sarmiento24h.com\/wp-content\/uploads\/2026\/08\/20260830_1356505073058805654953770-768x1364.jpg 768w, https:\/\/sarmiento24h.com\/wp-content\/uploads\/2026\/08\/20260830_1356505073058805654953770-865x1536.jpg 865w, https:\/\/sarmiento24h.com\/wp-content\/uploads\/2026\/08\/20260830_1356505073058805654953770.jpg 1126w\" sizes=\"auto, (max-width: 577px) 100vw, 577px\" \/><\/figure>\n\n\n\n<p class=\"wp-block-paragraph\">El presidente de la Fundaci\u00f3n Do\u00f1a Fran, Luis Medina \u201cRicky\u201d, destac\u00f3 que la organizaci\u00f3n mantiene su compromiso de trabajar por las comunidades y generar acciones que puedan impactar positivamente la vida de quienes m\u00e1s lo necesitan.<br><br>\u201cCuando entregamos un \u00fatil escolar, no estamos entregando solamente un cuaderno, una mochila o un l\u00e1piz; estamos entregando una herramienta para aprender, una motivaci\u00f3n para seguir adelante y, sobre todo, una esperanza. Por eso nuestro lema este a\u00f1o es \u2018Un \u00fatil hoy, un futuro ma\u00f1ana\u2019, porque creemos que cada peque\u00f1o aporte puede convertirse en una gran oportunidad para nuestros ni\u00f1os y ni\u00f1as\u201d, expres\u00f3 Medina.<br><br>Asimismo, el presidente de la Fundaci\u00f3n resalt\u00f3 el valor de la solidaridad y agradeci\u00f3 a todas las personas que se sumaron a la causa.<\/p>\n\n\n\n<figure class=\"wp-block-image size-large\"><img loading=\"lazy\" decoding=\"async\" width=\"1024\" height=\"855\" src=\"https:\/\/sarmiento24h.com\/wp-content\/uploads\/2026\/08\/image_editor_output_image-935619102-1788188960991856055408466876265-1024x855.jpg\" alt=\"\" class=\"wp-image-406784\" srcset=\"https:\/\/sarmiento24h.com\/wp-content\/uploads\/2026\/08\/image_editor_output_image-935619102-1788188960991856055408466876265-1024x855.jpg 1024w, https:\/\/sarmiento24h.com\/wp-content\/uploads\/2026\/08\/image_editor_output_image-935619102-1788188960991856055408466876265-300x251.jpg 300w, https:\/\/sarmiento24h.com\/wp-content\/uploads\/2026\/08\/image_editor_output_image-935619102-1788188960991856055408466876265-768x641.jpg 768w, https:\/\/sarmiento24h.com\/wp-content\/uploads\/2026\/08\/image_editor_output_image-935619102-1788188960991856055408466876265-1536x1283.jpg 1536w, https:\/\/sarmiento24h.com\/wp-content\/uploads\/2026\/08\/image_editor_output_image-935619102-1788188960991856055408466876265.jpg 2000w\" sizes=\"auto, (max-width: 1024px) 100vw, 1024px\" \/><\/figure>\n\n\n\n<p class=\"wp-block-paragraph\">\u201cQuiero agradecer profundamente a cada colaborador, donante y voluntario que hizo posible esta jornada. Cada aporte cuenta y cada persona que decidi\u00f3 sumarse nos ayud\u00f3 a llevar alegr\u00eda y esperanza a ni\u00f1os de sectores vulnerables de Santo Domingo Norte. Esta causa nos demuestra que cuando unimos voluntades con un mismo prop\u00f3sito, podemos generar cambios reales en nuestras comunidades\u201d, manifest\u00f3.<br><br>La Fundaci\u00f3n Do\u00f1a Fran extendi\u00f3 un especial agradecimiento a todos sus patrocinadores y aliados, quienes con sus donaciones y apoyo hicieron posible la recolecci\u00f3n y entrega de los \u00fatiles escolares.<br><br>La organizaci\u00f3n reafirm\u00f3 su compromiso de continuar impulsando iniciativas sociales dirigidas a las comunidades m\u00e1s vulnerables, especialmente aquellas que contribuyan al desarrollo integral de ni\u00f1os, ni\u00f1as y j\u00f3venes.<br><br>Con esta jornada, la Fundaci\u00f3n Do\u00f1a Fran reafirma que la solidaridad tambi\u00e9n educa, inspira y transforma. Porque detr\u00e1s de cada cuaderno hay una oportunidad para aprender; detr\u00e1s de cada mochila, un sue\u00f1o por alcanzar; y detr\u00e1s de cada donaci\u00f3n, una mano amiga que apuesta por el futuro de nuestros ni\u00f1os.<br><br><br>Equipo de Comunicaciones<br>Fundaci\u00f3n Do\u00f1a Fran<br>31 agosto 2026<\/p>\n\n\n\n<p class=\"wp-block-paragraph\"><\/p>\n","protected":false},"excerpt":{"rendered":"<p>Bajo el lema \u201cUn \u00fatil hoy, un&#46;&#46;&#46;<\/p>\n","protected":false},"author":1,"featured_media":406782,"comment_status":"open","ping_status":"open","sticky":false,"template":"","format":"standard","meta":{"_jetpack_newsletter_access":"","_jetpack_dont_email_post_to_subs":false,"_jetpack_newsletter_tier_id":0,"_jetpack_memberships_contains_paywalled_content":false,"_jetpack_feature_clip_id":0,"_jetpack_memberships_contains_paid_content":false,"footnotes":"","jetpack_publicize_message":"","jetpack_publicize_feature_enabled":true,"jetpack_social_post_already_shared":true,"jetpack_social_options":{"image_generator_settings":{"template":"highway","default_image_id":0,"font":"","enabled":false},"version":2},"jetpack_post_was_ever_published":false},"categories":[42],"tags":[],"class_list":["post-406785","post","type-post","status-publish","format-standard","has-post-thumbnail","hentry","category-nacionales"],"yoast_head":"<!-- This site is optimized with the Yoast SEO plugin v28.1 - https:\/\/yoast.com\/product\/yoast-seo-wordpress\/ -->\n<title>Fundaci\u00f3n Do\u00f1a Fran lleva esperanza por sexto a\u00f1o consecutivo a sectores vulnerables de Santo Domingo Norte con entrega de \u00fatiles escolares - Sarmiento24h<\/title>\n<meta name=\"robots\" content=\"index, follow, max-snippet:-1, max-image-preview:large, max-video-preview:-1\" \/>\n<link rel=\"canonical\" href=\"https:\/\/sarmiento24h.com\/?p=406785\" \/>\n<meta property=\"og:locale\" content=\"es_ES\" \/>\n<meta property=\"og:type\" content=\"article\" \/>\n<meta property=\"og:title\" content=\"Fundaci\u00f3n Do\u00f1a Fran lleva esperanza por sexto a\u00f1o consecutivo a sectores vulnerables de Santo Domingo Norte con entrega de \u00fatiles escolares - Sarmiento24h\" \/>\n<meta property=\"og:description\" content=\"Bajo el lema \u201cUn \u00fatil hoy, un&#046;&#046;&#046;\" \/>\n<meta property=\"og:url\" content=\"https:\/\/sarmiento24h.com\/?p=406785\" \/>\n<meta property=\"og:site_name\" content=\"Sarmiento24h\" \/>\n<meta property=\"article:publisher\" content=\"https:\/\/facebook.com\/s24hnoticias\" \/>\n<meta property=\"article:published_time\" content=\"2026-08-31T15:09:35+00:00\" \/>\n<meta property=\"og:image\" content=\"https:\/\/sarmiento24h.com\/wp-content\/uploads\/2026\/08\/image_editor_output_image1095908418-1788188933171741042299330299345.jpg\" \/>\n\t<meta property=\"og:image:width\" content=\"2000\" \/>\n\t<meta property=\"og:image:height\" content=\"971\" \/>\n\t<meta property=\"og:image:type\" content=\"image\/jpeg\" \/>\n<meta name=\"author\" content=\"sarmiento24h@gmail.com\" \/>\n<meta name=\"twitter:card\" content=\"summary_large_image\" \/>\n<meta name=\"twitter:creator\" content=\"@sarmiento24h\" \/>\n<meta name=\"twitter:site\" content=\"@sarmiento24h\" \/>\n<meta name=\"twitter:label1\" content=\"Escrito por\" \/>\n\t<meta name=\"twitter:data1\" content=\"sarmiento24h@gmail.com\" \/>\n\t<meta name=\"twitter:label2\" content=\"Tiempo de lectura\" \/>\n\t<meta name=\"twitter:data2\" content=\"3 minutos\" \/>\n<script type=\"application\/ld+json\" class=\"yoast-schema-graph\">{\"@context\":\"https:\\\/\\\/schema.org\",\"@graph\":[{\"@type\":\"Article\",\"@id\":\"https:\\\/\\\/sarmiento24h.com\\\/?p=406785#article\",\"isPartOf\":{\"@id\":\"https:\\\/\\\/sarmiento24h.com\\\/?p=406785\"},\"author\":{\"name\":\"sarmiento24h@gmail.com\",\"@id\":\"https:\\\/\\\/sarmiento24h.com\\\/#\\\/schema\\\/person\\\/d653a59725ad629a7e0429af7b939d4d\"},\"headline\":\"Fundaci\u00f3n Do\u00f1a Fran lleva esperanza por sexto a\u00f1o consecutivo a sectores vulnerables de Santo Domingo Norte con entrega de \u00fatiles escolares\",\"datePublished\":\"2026-08-31T15:09:35+00:00\",\"mainEntityOfPage\":{\"@id\":\"https:\\\/\\\/sarmiento24h.com\\\/?p=406785\"},\"wordCount\":574,\"commentCount\":0,\"publisher\":{\"@id\":\"https:\\\/\\\/sarmiento24h.com\\\/#organization\"},\"image\":{\"@id\":\"https:\\\/\\\/sarmiento24h.com\\\/?p=406785#primaryimage\"},\"thumbnailUrl\":\"https:\\\/\\\/sarmiento24h.com\\\/wp-content\\\/uploads\\\/2026\\\/08\\\/image_editor_output_image1095908418-1788188933171741042299330299345.jpg\",\"articleSection\":[\"Nacionales\"],\"inLanguage\":\"es\",\"potentialAction\":[{\"@type\":\"CommentAction\",\"name\":\"Comment\",\"target\":[\"https:\\\/\\\/sarmiento24h.com\\\/?p=406785#respond\"]}]},{\"@type\":\"WebPage\",\"@id\":\"https:\\\/\\\/sarmiento24h.com\\\/?p=406785\",\"url\":\"https:\\\/\\\/sarmiento24h.com\\\/?p=406785\",\"name\":\"Fundaci\u00f3n Do\u00f1a Fran lleva esperanza por sexto a\u00f1o consecutivo a sectores vulnerables de Santo Domingo Norte con entrega de \u00fatiles escolares - Sarmiento24h\",\"isPartOf\":{\"@id\":\"https:\\\/\\\/sarmiento24h.com\\\/#website\"},\"primaryImageOfPage\":{\"@id\":\"https:\\\/\\\/sarmiento24h.com\\\/?p=406785#primaryimage\"},\"image\":{\"@id\":\"https:\\\/\\\/sarmiento24h.com\\\/?p=406785#primaryimage\"},\"thumbnailUrl\":\"https:\\\/\\\/sarmiento24h.com\\\/wp-content\\\/uploads\\\/2026\\\/08\\\/image_editor_output_image1095908418-1788188933171741042299330299345.jpg\",\"datePublished\":\"2026-08-31T15:09:35+00:00\",\"breadcrumb\":{\"@id\":\"https:\\\/\\\/sarmiento24h.com\\\/?p=406785#breadcrumb\"},\"inLanguage\":\"es\",\"potentialAction\":[{\"@type\":\"ReadAction\",\"target\":[\"https:\\\/\\\/sarmiento24h.com\\\/?p=406785\"]}]},{\"@type\":\"ImageObject\",\"inLanguage\":\"es\",\"@id\":\"https:\\\/\\\/sarmiento24h.com\\\/?p=406785#primaryimage\",\"url\":\"https:\\\/\\\/sarmiento24h.com\\\/wp-content\\\/uploads\\\/2026\\\/08\\\/image_editor_output_image1095908418-1788188933171741042299330299345.jpg\",\"contentUrl\":\"https:\\\/\\\/sarmiento24h.com\\\/wp-content\\\/uploads\\\/2026\\\/08\\\/image_editor_output_image1095908418-1788188933171741042299330299345.jpg\",\"width\":2000,\"height\":971},{\"@type\":\"BreadcrumbList\",\"@id\":\"https:\\\/\\\/sarmiento24h.com\\\/?p=406785#breadcrumb\",\"itemListElement\":[{\"@type\":\"ListItem\",\"position\":1,\"name\":\"Home\",\"item\":\"https:\\\/\\\/sarmiento24h.com\\\/\"},{\"@type\":\"ListItem\",\"position\":2,\"name\":\"Fundaci\u00f3n Do\u00f1a Fran lleva esperanza por sexto a\u00f1o consecutivo a sectores vulnerables de Santo Domingo Norte con entrega de \u00fatiles escolares\"}]},{\"@type\":\"WebSite\",\"@id\":\"https:\\\/\\\/sarmiento24h.com\\\/#website\",\"url\":\"https:\\\/\\\/sarmiento24h.com\\\/\",\"name\":\"Sarmiento24h\",\"description\":\"\",\"publisher\":{\"@id\":\"https:\\\/\\\/sarmiento24h.com\\\/#organization\"},\"potentialAction\":[{\"@type\":\"SearchAction\",\"target\":{\"@type\":\"EntryPoint\",\"urlTemplate\":\"https:\\\/\\\/sarmiento24h.com\\\/?s={search_term_string}\"},\"query-input\":{\"@type\":\"PropertyValueSpecification\",\"valueRequired\":true,\"valueName\":\"search_term_string\"}}],\"inLanguage\":\"es\"},{\"@type\":\"Organization\",\"@id\":\"https:\\\/\\\/sarmiento24h.com\\\/#organization\",\"name\":\"Sarmiento24h\",\"url\":\"https:\\\/\\\/sarmiento24h.com\\\/\",\"logo\":{\"@type\":\"ImageObject\",\"inLanguage\":\"es\",\"@id\":\"https:\\\/\\\/sarmiento24h.com\\\/#\\\/schema\\\/logo\\\/image\\\/\",\"url\":\"https:\\\/\\\/sarmiento24h.com\\\/wp-content\\\/uploads\\\/2025\\\/12\\\/AddText_12-16-10.30.52.jpg\",\"contentUrl\":\"https:\\\/\\\/sarmiento24h.com\\\/wp-content\\\/uploads\\\/2025\\\/12\\\/AddText_12-16-10.30.52.jpg\",\"width\":1220,\"height\":324,\"caption\":\"Sarmiento24h\"},\"image\":{\"@id\":\"https:\\\/\\\/sarmiento24h.com\\\/#\\\/schema\\\/logo\\\/image\\\/\"},\"sameAs\":[\"https:\\\/\\\/facebook.com\\\/s24hnoticias\",\"https:\\\/\\\/x.com\\\/sarmiento24h\"]},{\"@type\":\"Person\",\"@id\":\"https:\\\/\\\/sarmiento24h.com\\\/#\\\/schema\\\/person\\\/d653a59725ad629a7e0429af7b939d4d\",\"name\":\"sarmiento24h@gmail.com\",\"image\":{\"@type\":\"ImageObject\",\"inLanguage\":\"es\",\"@id\":\"https:\\\/\\\/sarmiento24h.com\\\/wp-content\\\/litespeed\\\/avatar\\\/d02cbc4e23c747e6659cd45907173c8f.jpg?ver=1788047690\",\"url\":\"https:\\\/\\\/sarmiento24h.com\\\/wp-content\\\/litespeed\\\/avatar\\\/d02cbc4e23c747e6659cd45907173c8f.jpg?ver=1788047690\",\"contentUrl\":\"https:\\\/\\\/sarmiento24h.com\\\/wp-content\\\/litespeed\\\/avatar\\\/d02cbc4e23c747e6659cd45907173c8f.jpg?ver=1788047690\",\"caption\":\"sarmiento24h@gmail.com\"},\"sameAs\":[\"https:\\\/\\\/sarmiento24h.com\"],\"url\":\"https:\\\/\\\/sarmiento24h.com\\\/?author=1\"}]}<\/script>\n<!-- \/ Yoast SEO plugin. -->","yoast_head_json":{"title":"Fundaci\u00f3n Do\u00f1a Fran lleva esperanza por sexto a\u00f1o consecutivo a sectores vulnerables de Santo Domingo Norte con entrega de \u00fatiles escolares - Sarmiento24h","robots":{"index":"index","follow":"follow","max-snippet":"max-snippet:-1","max-image-preview":"max-image-preview:large","max-video-preview":"max-video-preview:-1"},"canonical":"https:\/\/sarmiento24h.com\/?p=406785","og_locale":"es_ES","og_type":"article","og_title":"Fundaci\u00f3n Do\u00f1a Fran lleva esperanza por sexto a\u00f1o consecutivo a sectores vulnerables de Santo Domingo Norte con entrega de \u00fatiles escolares - Sarmiento24h","og_description":"Bajo el lema \u201cUn \u00fatil hoy, un&#46;&#46;&#46;","og_url":"https:\/\/sarmiento24h.com\/?p=406785","og_site_name":"Sarmiento24h","article_publisher":"https:\/\/facebook.com\/s24hnoticias","article_published_time":"2026-08-31T15:09:35+00:00","og_image":[{"width":2000,"height":971,"url":"https:\/\/sarmiento24h.com\/wp-content\/uploads\/2026\/08\/image_editor_output_image1095908418-1788188933171741042299330299345.jpg","type":"image\/jpeg"}],"author":"sarmiento24h@gmail.com","twitter_card":"summary_large_image","twitter_creator":"@sarmiento24h","twitter_site":"@sarmiento24h","twitter_misc":{"Escrito por":"sarmiento24h@gmail.com","Tiempo de lectura":"3 minutos"},"schema":{"@context":"https:\/\/schema.org","@graph":[{"@type":"Article","@id":"https:\/\/sarmiento24h.com\/?p=406785#article","isPartOf":{"@id":"https:\/\/sarmiento24h.com\/?p=406785"},"author":{"name":"sarmiento24h@gmail.com","@id":"https:\/\/sarmiento24h.com\/#\/schema\/person\/d653a59725ad629a7e0429af7b939d4d"},"headline":"Fundaci\u00f3n Do\u00f1a Fran lleva esperanza por sexto a\u00f1o consecutivo a sectores vulnerables de Santo Domingo Norte con entrega de \u00fatiles escolares","datePublished":"2026-08-31T15:09:35+00:00","mainEntityOfPage":{"@id":"https:\/\/sarmiento24h.com\/?p=406785"},"wordCount":574,"commentCount":0,"publisher":{"@id":"https:\/\/sarmiento24h.com\/#organization"},"image":{"@id":"https:\/\/sarmiento24h.com\/?p=406785#primaryimage"},"thumbnailUrl":"https:\/\/sarmiento24h.com\/wp-content\/uploads\/2026\/08\/image_editor_output_image1095908418-1788188933171741042299330299345.jpg","articleSection":["Nacionales"],"inLanguage":"es","potentialAction":[{"@type":"CommentAction","name":"Comment","target":["https:\/\/sarmiento24h.com\/?p=406785#respond"]}]},{"@type":"WebPage","@id":"https:\/\/sarmiento24h.com\/?p=406785","url":"https:\/\/sarmiento24h.com\/?p=406785","name":"Fundaci\u00f3n Do\u00f1a Fran lleva esperanza por sexto a\u00f1o consecutivo a sectores vulnerables de Santo Domingo Norte con entrega de \u00fatiles escolares - Sarmiento24h","isPartOf":{"@id":"https:\/\/sarmiento24h.com\/#website"},"primaryImageOfPage":{"@id":"https:\/\/sarmiento24h.com\/?p=406785#primaryimage"},"image":{"@id":"https:\/\/sarmiento24h.com\/?p=406785#primaryimage"},"thumbnailUrl":"https:\/\/sarmiento24h.com\/wp-content\/uploads\/2026\/08\/image_editor_output_image1095908418-1788188933171741042299330299345.jpg","datePublished":"2026-08-31T15:09:35+00:00","breadcrumb":{"@id":"https:\/\/sarmiento24h.com\/?p=406785#breadcrumb"},"inLanguage":"es","potentialAction":[{"@type":"ReadAction","target":["https:\/\/sarmiento24h.com\/?p=406785"]}]},{"@type":"ImageObject","inLanguage":"es","@id":"https:\/\/sarmiento24h.com\/?p=406785#primaryimage","url":"https:\/\/sarmiento24h.com\/wp-content\/uploads\/2026\/08\/image_editor_output_image1095908418-1788188933171741042299330299345.jpg","contentUrl":"https:\/\/sarmiento24h.com\/wp-content\/uploads\/2026\/08\/image_editor_output_image1095908418-1788188933171741042299330299345.jpg","width":2000,"height":971},{"@type":"BreadcrumbList","@id":"https:\/\/sarmiento24h.com\/?p=406785#breadcrumb","itemListElement":[{"@type":"ListItem","position":1,"name":"Home","item":"https:\/\/sarmiento24h.com\/"},{"@type":"ListItem","position":2,"name":"Fundaci\u00f3n Do\u00f1a Fran lleva esperanza por sexto a\u00f1o consecutivo a sectores vulnerables de Santo Domingo Norte con entrega de \u00fatiles escolares"}]},{"@type":"WebSite","@id":"https:\/\/sarmiento24h.com\/#website","url":"https:\/\/sarmiento24h.com\/","name":"Sarmiento24h","description":"","publisher":{"@id":"https:\/\/sarmiento24h.com\/#organization"},"potentialAction":[{"@type":"SearchAction","target":{"@type":"EntryPoint","urlTemplate":"https:\/\/sarmiento24h.com\/?s={search_term_string}"},"query-input":{"@type":"PropertyValueSpecification","valueRequired":true,"valueName":"search_term_string"}}],"inLanguage":"es"},{"@type":"Organization","@id":"https:\/\/sarmiento24h.com\/#organization","name":"Sarmiento24h","url":"https:\/\/sarmiento24h.com\/","logo":{"@type":"ImageObject","inLanguage":"es","@id":"https:\/\/sarmiento24h.com\/#\/schema\/logo\/image\/","url":"https:\/\/sarmiento24h.com\/wp-content\/uploads\/2025\/12\/AddText_12-16-10.30.52.jpg","contentUrl":"https:\/\/sarmiento24h.com\/wp-content\/uploads\/2025\/12\/AddText_12-16-10.30.52.jpg","width":1220,"height":324,"caption":"Sarmiento24h"},"image":{"@id":"https:\/\/sarmiento24h.com\/#\/schema\/logo\/image\/"},"sameAs":["https:\/\/facebook.com\/s24hnoticias","https:\/\/x.com\/sarmiento24h"]},{"@type":"Person","@id":"https:\/\/sarmiento24h.com\/#\/schema\/person\/d653a59725ad629a7e0429af7b939d4d","name":"sarmiento24h@gmail.com","image":{"@type":"ImageObject","inLanguage":"es","@id":"https:\/\/sarmiento24h.com\/wp-content\/litespeed\/avatar\/d02cbc4e23c747e6659cd45907173c8f.jpg?ver=1788047690","url":"https:\/\/sarmiento24h.com\/wp-content\/litespeed\/avatar\/d02cbc4e23c747e6659cd45907173c8f.jpg?ver=1788047690","contentUrl":"https:\/\/sarmiento24h.com\/wp-content\/litespeed\/avatar\/d02cbc4e23c747e6659cd45907173c8f.jpg?ver=1788047690","caption":"sarmiento24h@gmail.com"},"sameAs":["https:\/\/sarmiento24h.com"],"url":"https:\/\/sarmiento24h.com\/?author=1"}]}},"jetpack_publicize_connections":[],"jetpack_featured_media_url":"https:\/\/sarmiento24h.com\/wp-content\/uploads\/2026\/08\/image_editor_output_image1095908418-1788188933171741042299330299345.jpg","jetpack_sharing_enabled":true,"_links":{"self":[{"href":"https:\/\/sarmiento24h.com\/index.php?rest_route=\/wp\/v2\/posts\/406785","targetHints":{"allow":["GET"]}}],"collection":[{"href":"https:\/\/sarmiento24h.com\/index.php?rest_route=\/wp\/v2\/posts"}],"about":[{"href":"https:\/\/sarmiento24h.com\/index.php?rest_route=\/wp\/v2\/types\/post"}],"author":[{"embeddable":true,"href":"https:\/\/sarmiento24h.com\/index.php?rest_route=\/wp\/v2\/users\/1"}],"replies":[{"embeddable":true,"href":"https:\/\/sarmiento24h.com\/index.php?rest_route=%2Fwp%2Fv2%2Fcomments&post=406785"}],"version-history":[{"count":0,"href":"https:\/\/sarmiento24h.com\/index.php?rest_route=\/wp\/v2\/posts\/406785\/revisions"}],"wp:featuredmedia":[{"embeddable":true,"href":"https:\/\/sarmiento24h.com\/index.php?rest_route=\/wp\/v2\/media\/406782"}],"wp:attachment":[{"href":"https:\/\/sarmiento24h.com\/index.php?rest_route=%2Fwp%2Fv2%2Fmedia&parent=406785"}],"wp:term":[{"taxonomy":"category","embeddable":true,"href":"https:\/\/sarmiento24h.com\/index.php?rest_route=%2Fwp%2Fv2%2Fcategories&post=406785"},{"taxonomy":"post_tag","embeddable":true,"href":"https:\/\/sarmiento24h.com\/index.php?rest_route=%2Fwp%2Fv2%2Ftags&post=406785"}],"curies":[{"name":"wp","href":"https:\/\/api.w.org\/{rel}","templated":true}]}}