{"id":407058,"date":"2026-08-31T19:16:49","date_gmt":"2026-08-31T19:16:49","guid":{"rendered":"http:\/\/cfed8fb2-a56c-11f1-b7e4-01902f20a226"},"modified":"2026-08-31T19:16:49","modified_gmt":"2026-08-31T19:16:49","slug":"lionel-messi-y-el-final-de-una-era-22-anos-que-transformaron-a-la-seleccion-de-argentina","status":"publish","type":"post","link":"https:\/\/sarmiento24h.com\/?p=407058","title":{"rendered":"Lionel Messi y el final de una era: 22 a\u00f1os que transformaron a la Selecci\u00f3n de Argentina"},"content":{"rendered":"<p>Ezequiel Lavezzi y Maxi Rodr\u00edguez. Dos nombres inolvidables en el imaginario albiceleste por lo que dieron a la selecci\u00f3n, pero sobre todo por la etapa a la que abrieron paso. <a href=\"https:\/\/www.france24.com\/es\/tag\/lionel-messi\/\" target=\"_self\" class=\"gtm-add-suggested-tag\">Lionel Messi<\/a> sustituy\u00f3 a Lavezzi en su primer partido oficial con la camiseta de su pa\u00eds, y a Rodr\u00edguez en su debut mundialista. Su llegada desat\u00f3 la era dorada del f\u00fatbol argentino.<\/p>\n<p>Messi ha puesto fin este 31 de agosto a 22 a\u00f1os dorados, durante los cuales jug\u00f3 207 partidos, convirti\u00f3 125 goles (m\u00e1s del doble que Gabriel Omar Batistuta, quien lo sigue en el listado) y dio 68 asistencias, m\u00e1s que cualquier otro jugador vestido con esos colores.<\/p>\n<p>La carta de despedida fue escrita dos d\u00edas despu\u00e9s de la derrota frente a <a href=\"https:\/\/www.france24.com\/es\/tag\/espa\u00f1a\/\" target=\"_self\" class=\"gtm-add-suggested-tag\">Espa\u00f1a<\/a> en a final del Mundial, pero fue publicada dos d\u00edas despu\u00e9s de una actuaci\u00f3n que demostraba que todav\u00eda hay fuego en los botines de Messi, los cuatro goles y una asistencia que firm\u00f3 en la victoria del <a href=\"https:\/\/www.france24.com\/es\/tag\/inter-miami\/\" target=\"_self\" class=\"gtm-add-suggested-tag\">Inter Miami<\/a> 7-1 sobre Montreal en la MLS.<\/p>\n<div id=\"em-WBMZ416609-F24-ES-20260831\" class=\"m-em-flash\" data-instagram-script>\n<div class=\"o-em-consent \" readability=\"7\">\n<div class=\"o-em-consent__content\" readability=\"34\">\n<p class=\"o-em-consent__content__text\">Para mostrar este contenido de Instagram, debe autorizar las cookies de medici\u00f3n de audiencia y publicidad.<\/p>\n<p> <button class=\"a-master-button a-master-button--dark\" data-action=\"accept\"> Aceptar <svg class=\"a-svg a-svg--icon-check\"> <use xlink:href=\"\/build\/images\/svg\/sprite.1af31c2f854b10d5fc5627a4f4fa61be.svg#icon-check\" href=\"\/build\/images\/svg\/sprite.1af31c2f854b10d5fc5627a4f4fa61be.svg#icon-check\" \/> <\/svg> <\/button> <button class=\"a-link\" data-action=\"manage\">Gestionar mis opciones <svg class=\"a-svg a-svg--icon-edit\"> <use xlink:href=\"\/build\/images\/svg\/sprite.1af31c2f854b10d5fc5627a4f4fa61be.svg#icon-edit\" href=\"\/build\/images\/svg\/sprite.1af31c2f854b10d5fc5627a4f4fa61be.svg#icon-edit\" \/> <\/svg><br \/>\n<\/button> <\/div>\n<\/div>\n<\/div>\n<p>En el periodo entre uno y otro momento, Messi perdi\u00f3 a su padre, Jorge, probablemente el hombre m\u00e1s decisivo en los inicios de su carrera como un canterano del <a href=\"https:\/\/www.france24.com\/es\/tag\/barcelona\/\" target=\"_self\" class=\"gtm-add-suggested-tag\">Barcelona<\/a>, apenas a los 13 a\u00f1os.<\/p>\n<p>\u201cHoy despu\u00e9s de lo de mi pap\u00e1, estoy m\u00e1s convencido que antes\u201d, explica el m\u00edtico delantero en la posdata de su publicaci\u00f3n en Instagram, la \u00fanica frase que no aparece en el manuscrito con el que acompa\u00f1\u00f3 su despedida.<\/p>\n<p class=\"a-read-more\"><span class=\"a-read-more__label\">Leer tambi\u00e9n<\/span><a href=\"https:\/\/www.france24.com\/es\/deportes\/20260831-me-vaci\u00e9-ya-no-tengo-m\u00e1s-para-dar-lionel-messi-se-retira-de-la-selecci\u00f3n-de-argentina\" target=\"_self\" class=\"a-read-more__link\">\u00abMe vaci\u00e9, ya no tengo m\u00e1s para dar\u00bb: Lionel Messi se retira de la Selecci\u00f3n de Argentina<\/a><\/p>\n<h2><strong>Un adi\u00f3s y un nuevo comienzo<\/strong><\/h2>\n<p>Es su segundo retiro del equipo, con el mismo escenario como tel\u00f3n de fondo: una derrota en la final de un torneo en el estadio MetLife de East Rutherford. El primero ocurri\u00f3 en 2016, cuando <a href=\"https:\/\/www.france24.com\/es\/tag\/argentina\/\" target=\"_self\" class=\"gtm-add-suggested-tag\">Argentina<\/a> cay\u00f3 ante <a href=\"https:\/\/www.france24.com\/es\/tag\/chile\/\" target=\"_self\" class=\"gtm-add-suggested-tag\">Chile<\/a> en la definici\u00f3n por penales del t\u00edtulo de la Copa Am\u00e9rica del Centenario.<\/p>\n<p>Messi ven\u00eda de la dolorosa derrota en la final del Mundial de <a href=\"https:\/\/www.france24.com\/es\/tag\/brasil\/\" target=\"_self\" class=\"gtm-add-suggested-tag\">Brasil<\/a> 2014 ante <a href=\"https:\/\/www.france24.com\/es\/tag\/alemania\/\" target=\"_self\" class=\"gtm-add-suggested-tag\">Alemania<\/a> en la final, y en la tanda desde los 12 pasos frente a los australes err\u00f3 su lanzamiento. Para ese momento, la presi\u00f3n por la incapacidad de ganar grandes t\u00edtulos como albiceleste parec\u00eda sobrepasarlo, y Messi sent\u00eda una demanda clara: hacer diferencia con su pa\u00eds como lo hac\u00eda para entonces con el Barcelona.<\/p>\n<blockquote class=\"quote\" readability=\"13\">\n<p>&nbsp;\u201cSon cuatro finales las que me toca perder, las que nos toca perder\u2026 No se da, lo intentamos, lo buscamos, pero ya est\u00e1. Se termin\u00f3 para m\u00ed la selecci\u00f3n\u201d, dijo a los medios apenas sali\u00f3 del vestuario, sin haberlo discutido con el equipo.<\/p>\n<\/blockquote>\n<p>Fueron apenas seis semanas de frustraci\u00f3n, porque el 12 de agosto de ese mismo a\u00f1o anunciaba en un comunicado su regreso para jugar las eliminatorias al Mundial de Rusia 2018. Ese torneo ser\u00eda su \u00faltimo mal momento vestido de albiceleste, con una eliminaci\u00f3n temprana por goleada ante Francia, porque despu\u00e9s de eso vendr\u00eda la \u00e9poca dorada, siempre con Messi como factor diferencial.<\/p>\n<p>Ese retorno le permiti\u00f3 convertirse en la bisagra que engranaba varias generaciones del equipo nacional y pasar a tomar el liderazgo que siempre se demand\u00f3 de \u00e9l. La carta de despedida de Enzio Fern\u00e1ndez en Instagram deja claro c\u00f3mo se vivi\u00f3 ese proceso.<\/p>\n<p>\u201cYo era un pibe y hac\u00eda cuentas con tu edad y la m\u00eda para ver si alg\u00fan d\u00eda llegaba a jugar con vos. Parece una boludez, pero lo hac\u00eda de verdad: pensaba cu\u00e1ntos a\u00f1os te pod\u00edan quedar, cu\u00e1ntos me faltaban para llegar a Primera y so\u00f1aba con que, aunque fuera una vez, pudi\u00e9ramos coincidir con la camiseta de Argentina. Por suerte volviste\u201d, escribi\u00f3 Fern\u00e1ndez, que acompa\u00f1\u00f3 a Messi entre los campeones de Qatar 2022.<\/p>\n<div id=\"em-WBMZ416610-F24-ES-20260831\" class=\"m-em-flash\" data-instagram-script>\n<div class=\"o-em-consent \" readability=\"7\">\n<div class=\"o-em-consent__content\" readability=\"34\">\n<p class=\"o-em-consent__content__text\">Para mostrar este contenido de Instagram, debe autorizar las cookies de medici\u00f3n de audiencia y publicidad.<\/p>\n<p> <button class=\"a-master-button a-master-button--dark\" data-action=\"accept\"> Aceptar <svg class=\"a-svg a-svg--icon-check\"> <use xlink:href=\"\/build\/images\/svg\/sprite.1af31c2f854b10d5fc5627a4f4fa61be.svg#icon-check\" href=\"\/build\/images\/svg\/sprite.1af31c2f854b10d5fc5627a4f4fa61be.svg#icon-check\" \/> <\/svg> <\/button> <button class=\"a-link\" data-action=\"manage\">Gestionar mis opciones <svg class=\"a-svg a-svg--icon-edit\"> <use xlink:href=\"\/build\/images\/svg\/sprite.1af31c2f854b10d5fc5627a4f4fa61be.svg#icon-edit\" href=\"\/build\/images\/svg\/sprite.1af31c2f854b10d5fc5627a4f4fa61be.svg#icon-edit\" \/> <\/svg><br \/>\n<\/button> <\/div>\n<\/div>\n<\/div>\n<h2><strong>La era dorada de Messi<\/strong><\/h2>\n<p>Despu\u00e9s del fracaso en Rusia, Argentina triunf\u00f3 en la <a href=\"https:\/\/www.france24.com\/es\/tag\/copa-am\u00e9rica-2021\/\" target=\"_self\" class=\"gtm-add-suggested-tag\">Copa Am\u00e9rica 2021<\/a>, derrotando en la final al archirrival regional, Brasil, en su casa, en un Maracan\u00e1 vac\u00edo por la pandemia del <a href=\"https:\/\/www.france24.com\/es\/tag\/covid-19\/\" target=\"_self\" class=\"gtm-add-suggested-tag\">Covid-19<\/a>.<\/p>\n<p>En ese torneo, Messi se convirti\u00f3 en el jugador activo con m\u00e1s goles de tiro libre (superando a <a href=\"https:\/\/www.france24.com\/es\/tag\/cristiano-ronaldo\/\" target=\"_self\" class=\"gtm-add-suggested-tag\">Cristiano Ronaldo<\/a>), el m\u00e1ximo goleador hist\u00f3rico de su selecci\u00f3n (rebasando a Batistuta) y el que m\u00e1s partidos hab\u00eda jugado con la selecci\u00f3n argentina (por delante de los 147 de Javier Mascherano).<\/p>\n<p>Era el primer triunfo de Argentina en el torneo desde 1993, 28 a\u00f1os de sequ\u00eda que terminaron gracias a \u00e9l: nueve de los 12 goles de la selecci\u00f3n en el torneo tuvieron alguna participaci\u00f3n de Messi, bien sea porque \u00e9l los convirti\u00f3 o porque asisti\u00f3 al autor.<\/p>\n<div class=\"m-em-image\">\n<figure class=\"m-item-image m-item-image--original m-item-image--has-caption\"> <picture class=\"a-picture a-picture--original\"><source type=\"image\/webp\" srcset=\"https:\/\/s.france24.com\/media\/display\/3388b9b4-a56a-11f1-87ed-005056a97e36\/w:246\/AP21192114635232.webp 246w, https:\/\/s.france24.com\/media\/display\/3388b9b4-a56a-11f1-87ed-005056a97e36\/w:388\/AP21192114635232.webp 388w, https:\/\/s.france24.com\/media\/display\/3388b9b4-a56a-11f1-87ed-005056a97e36\/w:720\/AP21192114635232.webp 720w, https:\/\/s.france24.com\/media\/display\/3388b9b4-a56a-11f1-87ed-005056a97e36\/w:980\/AP21192114635232.webp 980w\" sizes=\"(max-width: 1023px) calc(100vw - 32px), (min-width: 1024px) 850px\"><img fetchpriority=\"low\" decoding=\"async\" src=\"https:\/\/s.france24.com\/media\/display\/3388b9b4-a56a-11f1-87ed-005056a97e36\/w:980\/AP21192114635232.jpg\" srcset=\"https:\/\/s.france24.com\/media\/display\/3388b9b4-a56a-11f1-87ed-005056a97e36\/w:246\/AP21192114635232.jpg 246w, https:\/\/s.france24.com\/media\/display\/3388b9b4-a56a-11f1-87ed-005056a97e36\/w:388\/AP21192114635232.jpg 388w, https:\/\/s.france24.com\/media\/display\/3388b9b4-a56a-11f1-87ed-005056a97e36\/w:720\/AP21192114635232.jpg 720w, https:\/\/s.france24.com\/media\/display\/3388b9b4-a56a-11f1-87ed-005056a97e36\/w:980\/AP21192114635232.jpg 980w\" sizes=\"(max-width: 1023px) calc(100vw - 32px), (min-width: 1024px) 850px\" alt=\"Lionel Messi, de Argentina, celebra con el trofeo tras vencer a Brasil 1-0 en la final de la Copa Am\u00e9rica disputada en el estadio Maracan\u00e1 de R\u00edo de Janeiro, Brasil, el s\u00e1bado 10 de julio de 2021.\" loading=\"lazy\" class=\"a-img \">\n<\/picture><figcaption class=\"a-figcaption\"> Lionel Messi, de Argentina, celebra con el trofeo tras vencer a Brasil 1-0 en la final de la Copa Am\u00e9rica disputada en el estadio Maracan\u00e1 de R\u00edo de Janeiro, Brasil, el s\u00e1bado 10 de julio de 2021. AP &#8211; Bruna Prado <\/figcaption><\/figure>\n<\/p><\/div>\n<p>Luego vivi\u00f3 su gran momento: un Mundial 2022 en el que fue el mejor jugador, el segundo m\u00e1ximo goleador (con siete tantos, solo superado por los ocho de <a href=\"https:\/\/www.france24.com\/es\/tag\/kylian-mbapp\u00e9\/\" target=\"_self\" class=\"gtm-add-suggested-tag\">Kylian Mbapp\u00e9<\/a>) y se hizo merecedor de su octavo <a href=\"https:\/\/www.france24.com\/es\/tag\/bal\u00f3n-de-oro\/\" target=\"_self\" class=\"gtm-add-suggested-tag\">Bal\u00f3n de Oro<\/a>, uno de los r\u00e9cords m\u00e1s dif\u00edciles de romper que deja tras una carrera que casi los tiene todos.<\/p>\n<p>En ese torneo super\u00f3 a Maradona como el argentino que m\u00e1s veces llev\u00f3 la banda de capit\u00e1n, se convirti\u00f3 en el jugador de su pa\u00eds con m\u00e1s goles en mundiales, dejando atr\u00e1s los 10 de Batistuta y los ocho que compart\u00edan Guillermo St\u00e1bile y <a href=\"https:\/\/www.france24.com\/es\/tag\/diego-armando-maradona\/\" target=\"_self\" class=\"gtm-add-suggested-tag\">Diego Armando Maradona<\/a>.<\/p>\n<div class=\"m-em-image\">\n<figure class=\"m-item-image m-item-image--original m-item-image--has-caption\"> <picture class=\"a-picture a-picture--original\"><source type=\"image\/webp\" srcset=\"https:\/\/s.france24.com\/media\/display\/92590eee-a56a-11f1-8279-005056bfb2b6\/w:246\/AP23303785609364.webp 246w, https:\/\/s.france24.com\/media\/display\/92590eee-a56a-11f1-8279-005056bfb2b6\/w:388\/AP23303785609364.webp 388w, https:\/\/s.france24.com\/media\/display\/92590eee-a56a-11f1-8279-005056bfb2b6\/w:720\/AP23303785609364.webp 720w, https:\/\/s.france24.com\/media\/display\/92590eee-a56a-11f1-8279-005056bfb2b6\/w:980\/AP23303785609364.webp 980w\" sizes=\"(max-width: 1023px) calc(100vw - 32px), (min-width: 1024px) 850px\"><img fetchpriority=\"low\" decoding=\"async\" src=\"https:\/\/s.france24.com\/media\/display\/92590eee-a56a-11f1-8279-005056bfb2b6\/w:980\/AP23303785609364.jpg\" srcset=\"https:\/\/s.france24.com\/media\/display\/92590eee-a56a-11f1-8279-005056bfb2b6\/w:246\/AP23303785609364.jpg 246w, https:\/\/s.france24.com\/media\/display\/92590eee-a56a-11f1-8279-005056bfb2b6\/w:388\/AP23303785609364.jpg 388w, https:\/\/s.france24.com\/media\/display\/92590eee-a56a-11f1-8279-005056bfb2b6\/w:720\/AP23303785609364.jpg 720w, https:\/\/s.france24.com\/media\/display\/92590eee-a56a-11f1-8279-005056bfb2b6\/w:980\/AP23303785609364.jpg 980w\" sizes=\"(max-width: 1023px) calc(100vw - 32px), (min-width: 1024px) 850px\" alt=\"Lionel Messi, jugador de Argentina y del Inter Miami, recibe el Bal\u00f3n de Oro 2023 durante la 67\u00aa ceremonia de entrega del m\u00e1ximo galard\u00f3n del f\u00fatbol, en el Th\u00e9\u00e2tre du Ch\u00e2telet de Par\u00eds, Francia, el lunes 30 de octubre de 2023.\" loading=\"lazy\" class=\"a-img \">\n<\/picture><figcaption class=\"a-figcaption\"> Lionel Messi, jugador de Argentina y del Inter Miami, recibe el Bal\u00f3n de Oro 2023 durante la 67\u00aa ceremonia de entrega del m\u00e1ximo galard\u00f3n del f\u00fatbol, en el Th\u00e9\u00e2tre du Ch\u00e2telet de Par\u00eds, Francia, el lunes 30 de octubre de 2023. AP &#8211; Michel Euler <\/figcaption><\/figure>\n<\/p><\/div>\n<p>En 2024, volvi\u00f3 a llevar a Argentina a coronarse en la Copa Am\u00e9rica, superando a <a href=\"https:\/\/www.france24.com\/es\/tag\/colombia\/\" target=\"_self\" class=\"gtm-add-suggested-tag\">Colombia<\/a> en la final jugada en el estadio Hard Rock de Miami y pasando a ser el m\u00e1ximo asistidor hist\u00f3rico de cualquier selecci\u00f3n a nivel mundial.<\/p>\n<p>Pocos esperaban la sorpresa que Messi ten\u00eda reservada en el Mundial de 2026, a sus 39 a\u00f1os, convertido en uno de los tres jugadores con seis Copas del Mundo en su carrera, junto al portugu\u00e9s Cristiano Ronaldo y el mexicano Guillermo Ochoa.<\/p>\n<p>Con un triplete en su debut frente a Argelia, igual\u00f3 a Miroslav Klose como m\u00e1ximo goleador hist\u00f3rico de los mundiales. Un doblete frente a Austria le permiti\u00f3 superarlo provisionalmente y el tiro libre contra Jordania lo hizo el primero en ganar siete partidos consecutivos en la Copa del Mundo, superando al brasile\u00f1o Jairzinho y el franc\u00e9s Just Fontaine.<\/p>\n<div id=\"em-WBMZ416615-F24-ES-20260831\" class=\"m-em-flash\" data-xtwitter-script>\n<div class=\"o-em-consent \" readability=\"7\">\n<div class=\"o-em-consent__content\" readability=\"34\">\n<p class=\"o-em-consent__content__text\">Para mostrar este contenido de X (Twitter), debe autorizar las cookies de medici\u00f3n de audiencia y publicidad.<\/p>\n<p> <button class=\"a-master-button a-master-button--dark\" data-action=\"accept\"> Aceptar <svg class=\"a-svg a-svg--icon-check\"> <use xlink:href=\"\/build\/images\/svg\/sprite.1af31c2f854b10d5fc5627a4f4fa61be.svg#icon-check\" href=\"\/build\/images\/svg\/sprite.1af31c2f854b10d5fc5627a4f4fa61be.svg#icon-check\" \/> <\/svg> <\/button> <button class=\"a-link\" data-action=\"manage\">Gestionar mis opciones <svg class=\"a-svg a-svg--icon-edit\"> <use xlink:href=\"\/build\/images\/svg\/sprite.1af31c2f854b10d5fc5627a4f4fa61be.svg#icon-edit\" href=\"\/build\/images\/svg\/sprite.1af31c2f854b10d5fc5627a4f4fa61be.svg#icon-edit\" \/> <\/svg><br \/>\n<\/button> <\/div>\n<\/div>\n<\/div>\n<p>A la postre, fue superado por Kylian Mbapp\u00e9 tanto en la tabla de goleadores de Norteam\u00e9rica 2026 como en la clasificaci\u00f3n hist\u00f3rica de los Mundiales, pero en lo colectivo lleg\u00f3 m\u00e1s lejos de \u00e9l, alcanzando la final luego de remontadas \u00e9picas que llevaron su sello.<\/p>\n<h2><strong>Un comienzo cuesta arriba<\/strong><\/h2>\n<p>Salir de la selecci\u00f3n nacional ha sido tan dif\u00edcil para Messi como la result\u00f3 entrar a ella. Su partida a Barcelona apenas a los 13 a\u00f1os lo dej\u00f3 lejos del radar de varios seleccionadores nacionales.<\/p>\n<p>En 2003, su padre Jorge le envi\u00f3 al t\u00e9cnico de las divisiones inferiores de Argentina Hugo Tocalli un video con las mejores jugadas del jovencito durante sus primeros a\u00f1os en La Mas\u00eda, la prodigiosa academia de talentos del <a href=\"https:\/\/www.france24.com\/es\/tag\/fc-barcelona\/\" target=\"_self\" class=\"gtm-add-suggested-tag\">FC Barcelona<\/a>, pero Tocalli no lo tom\u00f3 en cuenta para el Mundial Sub-17 de Finlandia.<\/p>\n<p>Tampoco lo convoc\u00f3 para el Mundial Sub-20 de ese mismo a\u00f1o, que se disput\u00f3 en los Emiratos \u00c1rabes Unidos. Para entonces, ya la Federaci\u00f3n Espa\u00f1ola le hab\u00eda hecho varias ofertas para que aceptara defender los colores de la Roja, que Messi hab\u00eda rechazado.<\/p>\n<div class=\"m-em-image\">\n<figure class=\"m-item-image m-item-image--original m-item-image--has-caption\"> <picture class=\"a-picture a-picture--original\"><source type=\"image\/webp\" srcset=\"https:\/\/s.france24.com\/media\/display\/466edc88-a56b-11f1-bedd-005056bfb2b6\/w:246\/AP060625018126.webp 246w, https:\/\/s.france24.com\/media\/display\/466edc88-a56b-11f1-bedd-005056bfb2b6\/w:388\/AP060625018126.webp 388w, https:\/\/s.france24.com\/media\/display\/466edc88-a56b-11f1-bedd-005056bfb2b6\/w:720\/AP060625018126.webp 720w, https:\/\/s.france24.com\/media\/display\/466edc88-a56b-11f1-bedd-005056bfb2b6\/w:980\/AP060625018126.webp 980w\" sizes=\"(max-width: 1023px) calc(100vw - 32px), (min-width: 1024px) 850px\"><img fetchpriority=\"low\" decoding=\"async\" src=\"https:\/\/s.france24.com\/media\/display\/466edc88-a56b-11f1-bedd-005056bfb2b6\/w:980\/AP060625018126.jpg\" srcset=\"https:\/\/s.france24.com\/media\/display\/466edc88-a56b-11f1-bedd-005056bfb2b6\/w:246\/AP060625018126.jpg 246w, https:\/\/s.france24.com\/media\/display\/466edc88-a56b-11f1-bedd-005056bfb2b6\/w:388\/AP060625018126.jpg 388w, https:\/\/s.france24.com\/media\/display\/466edc88-a56b-11f1-bedd-005056bfb2b6\/w:720\/AP060625018126.jpg 720w, https:\/\/s.france24.com\/media\/display\/466edc88-a56b-11f1-bedd-005056bfb2b6\/w:980\/AP060625018126.jpg 980w\" sizes=\"(max-width: 1023px) calc(100vw - 32px), (min-width: 1024px) 850px\" alt=\"Foto de archivo que muestra a Messi controlando el bal\u00f3n junto al seleccionador argentino Jos\u00e9 Pekerman, durante un entrenamiento del Mundial de Alemania 2006 en Herzogenaurach, el 25 de junio de 2006.\" loading=\"lazy\" class=\"a-img \">\n<\/picture><figcaption class=\"a-figcaption\"> Foto de archivo que muestra a Messi controlando el bal\u00f3n junto al seleccionador argentino Jos\u00e9 Pekerman, durante un entrenamiento del Mundial de Alemania 2006 en Herzogenaurach, el 25 de junio de 2006. ASSOCIATED PRESS &#8211; ROBERTO CANDIA <\/figcaption><\/figure>\n<\/p><\/div>\n<p>Fue Jos\u00e9 Pekerman quien le abri\u00f3 las puertas de la selecci\u00f3n en 2004. En esa \u00e9poca se desempe\u00f1aba como coordinador de selecciones nacionales y propuso al entonces presidente de la AFA, Julio Grondona, convocar al joven prospecto rosarino a un amistoso, como una forma de ganarle la partida a Espa\u00f1a.<\/p>\n<p>Cinco d\u00edas despu\u00e9s de cumplir los 17 a\u00f1os, Messi sali\u00f3 al campo para sustituir a Lavezzi y sum\u00f3 un gol y dos asistencias en un partido que termin\u00f3 8-0 ante Paraguay.<\/p>\n<p>Su debut oficial fue seis meses despu\u00e9s con la selecci\u00f3n Sub-20 en el Sudamericano de la categor\u00eda, de nuevo entrando por Lavezzi. Ese mismo a\u00f1o, ganaba su primer t\u00edtulo con Argentina: la corona del Mundial Sub-20. Su pa\u00eds de origen descubr\u00eda as\u00ed al joven astro de La Mas\u00eda que ya deslumbraba en Espa\u00f1a.<\/p>\n<div class=\"m-em-image\">\n<figure class=\"m-item-image m-item-image--original m-item-image--has-caption\"> <picture class=\"a-picture a-picture--original\"><source type=\"image\/webp\" srcset=\"https:\/\/s.france24.com\/media\/display\/c09c842e-a56b-11f1-9032-005056bf30b7\/w:246\/AP08082303246.webp 246w, https:\/\/s.france24.com\/media\/display\/c09c842e-a56b-11f1-9032-005056bf30b7\/w:388\/AP08082303246.webp 388w, https:\/\/s.france24.com\/media\/display\/c09c842e-a56b-11f1-9032-005056bf30b7\/w:720\/AP08082303246.webp 720w, https:\/\/s.france24.com\/media\/display\/c09c842e-a56b-11f1-9032-005056bf30b7\/w:980\/AP08082303246.webp 980w\" sizes=\"(max-width: 1023px) calc(100vw - 32px), (min-width: 1024px) 850px\"><img fetchpriority=\"low\" decoding=\"async\" src=\"https:\/\/s.france24.com\/media\/display\/c09c842e-a56b-11f1-9032-005056bf30b7\/w:980\/AP08082303246.jpg\" srcset=\"https:\/\/s.france24.com\/media\/display\/c09c842e-a56b-11f1-9032-005056bf30b7\/w:246\/AP08082303246.jpg 246w, https:\/\/s.france24.com\/media\/display\/c09c842e-a56b-11f1-9032-005056bf30b7\/w:388\/AP08082303246.jpg 388w, https:\/\/s.france24.com\/media\/display\/c09c842e-a56b-11f1-9032-005056bf30b7\/w:720\/AP08082303246.jpg 720w, https:\/\/s.france24.com\/media\/display\/c09c842e-a56b-11f1-9032-005056bf30b7\/w:980\/AP08082303246.jpg 980w\" sizes=\"(max-width: 1023px) calc(100vw - 32px), (min-width: 1024px) 850px\" alt=\"Lionel Messi y Sergio &quot;Kun&quot; Ag\u00fcero celebran luego de haber obtenido la medalla de oro en los Juegos Ol\u00edmpicos de Beijing 2008. 23 de agosto de 2008.\" loading=\"lazy\" class=\"a-img \">\n<\/picture><figcaption class=\"a-figcaption\"> Lionel Messi y Sergio \u00abKun\u00bb Ag\u00fcero celebran luego de haber obtenido la medalla de oro en los Juegos Ol\u00edmpicos de Beijing 2008. 23 de agosto de 2008. AP &#8211; Roberto Candia <\/figcaption><\/figure>\n<\/p><\/div>\n<p>Tres a\u00f1os despu\u00e9s, tra\u00eda un nuevo bot\u00edn: la medalla de oro de los <a href=\"https:\/\/www.france24.com\/es\/tag\/juegos-ol\u00edmpicos\/\" target=\"_self\" class=\"gtm-add-suggested-tag\">Juegos Ol\u00edmpicos<\/a> de <a href=\"https:\/\/www.france24.com\/es\/tag\/beijing\/\" target=\"_self\" class=\"gtm-add-suggested-tag\">Beijing<\/a> 2008. La cita gener\u00f3 un litigio entre el FC Barcelona y la AFA ante el Tribunal de Arbitraje del Deporte, por la negativa del club a ceder a Messi para un torneo que no forma parte de las fechas oficiales de la <a href=\"https:\/\/www.france24.com\/es\/tag\/fifa\/\" target=\"_self\" class=\"gtm-add-suggested-tag\">FIFA<\/a>, y provoc\u00f3 la intervenci\u00f3n del presidente del <a href=\"https:\/\/www.france24.com\/es\/tag\/comit\u00e9-ol\u00edmpico-internacional\/\" target=\"_self\" class=\"gtm-add-suggested-tag\">Comit\u00e9 Ol\u00edmpico Internacional<\/a>, Jacques Rogge.<\/p>\n<p>Finalmente, aunque el TAS fall\u00f3 a favor del club, la directiva negoci\u00f3 la cesi\u00f3n con la AFA y Messi termin\u00f3 siendo la pieza clave de la victoria, con la asistencia a \u00c1ngel di Mar\u00eda para el gol de la diferencia sobre Nigeria.<\/p>\n<blockquote class=\"quote\" readability=\"9.253112033195\">\n<p>\u201cSolo s\u00e9 que nac\u00ed en el siglo correcto para poder verte, disfrutarte y encima poder compartir con vos todos estos a\u00f1os de selecci\u00f3n\u201d, escribi\u00f3 Di Mar\u00eda, que se retir\u00f3 de la selecci\u00f3n despu\u00e9s del triunfo en la <a href=\"https:\/\/www.france24.com\/es\/tag\/copa-am\u00e9rica-2024\/\" target=\"_self\" class=\"gtm-add-suggested-tag\">Copa Am\u00e9rica 2024<\/a>.<\/p>\n<\/blockquote>\n<p>El f\u00fatbol de selecciones seguramente comparte el sentimiento del \u2018Fideo\u2019, mientras baja el tel\u00f3n de un teatro en el que Messi fue estrella indiscutible.<\/p>\n","protected":false},"excerpt":{"rendered":"<p>Ezequiel Lavezzi y Maxi Rodr\u00edguez. Dos nombres&#46;&#46;&#46;<\/p>\n","protected":false},"author":1,"featured_media":407059,"comment_status":"closed","ping_status":"closed","sticky":false,"template":"","format":"standard","meta":{"_jetpack_newsletter_access":"","_jetpack_dont_email_post_to_subs":false,"_jetpack_newsletter_tier_id":0,"_jetpack_memberships_contains_paywalled_content":false,"_jetpack_feature_clip_id":0,"_jetpack_memberships_contains_paid_content":false,"footnotes":"","jetpack_publicize_message":"","jetpack_publicize_feature_enabled":true,"jetpack_social_post_already_shared":true,"jetpack_social_options":{"image_generator_settings":{"template":"highway","default_image_id":0,"font":"","enabled":false},"version":2},"jetpack_post_was_ever_published":false},"categories":[48,43],"tags":[],"class_list":["post-407058","post","type-post","status-publish","format-standard","has-post-thumbnail","hentry","category-deportes","category-internacionales"],"yoast_head":"<!-- This site is optimized with the Yoast SEO plugin v28.1 - https:\/\/yoast.com\/product\/yoast-seo-wordpress\/ -->\n<title>Lionel Messi y el final de una era: 22 a\u00f1os que transformaron a la Selecci\u00f3n de Argentina - Sarmiento24h<\/title>\n<meta name=\"robots\" content=\"index, follow, max-snippet:-1, max-image-preview:large, max-video-preview:-1\" \/>\n<link rel=\"canonical\" href=\"https:\/\/sarmiento24h.com\/?p=407058\" \/>\n<meta property=\"og:locale\" content=\"es_ES\" \/>\n<meta property=\"og:type\" content=\"article\" \/>\n<meta property=\"og:title\" content=\"Lionel Messi y el final de una era: 22 a\u00f1os que transformaron a la Selecci\u00f3n de Argentina - Sarmiento24h\" \/>\n<meta property=\"og:description\" content=\"Ezequiel Lavezzi y Maxi Rodr\u00edguez. Dos nombres&#046;&#046;&#046;\" \/>\n<meta property=\"og:url\" content=\"https:\/\/sarmiento24h.com\/?p=407058\" \/>\n<meta property=\"og:site_name\" content=\"Sarmiento24h\" \/>\n<meta property=\"article:publisher\" content=\"https:\/\/facebook.com\/s24hnoticias\" \/>\n<meta property=\"article:published_time\" content=\"2026-08-31T19:16:49+00:00\" \/>\n<meta property=\"og:image\" content=\"https:\/\/s.france24.com\/media\/display\/3388b9b4-a56a-11f1-87ed-005056a97e36\/w:980\/AP21192114635232.jpg\" \/>\n<meta name=\"author\" content=\"sarmiento24h@gmail.com\" \/>\n<meta name=\"twitter:card\" content=\"summary_large_image\" \/>\n<meta name=\"twitter:creator\" content=\"@sarmiento24h\" \/>\n<meta name=\"twitter:site\" content=\"@sarmiento24h\" \/>\n<meta name=\"twitter:label1\" content=\"Escrito por\" \/>\n\t<meta name=\"twitter:data1\" content=\"sarmiento24h@gmail.com\" \/>\n\t<meta name=\"twitter:label2\" content=\"Tiempo de lectura\" \/>\n\t<meta name=\"twitter:data2\" content=\"9 minutos\" \/>\n<script type=\"application\/ld+json\" class=\"yoast-schema-graph\">{\"@context\":\"https:\\\/\\\/schema.org\",\"@graph\":[{\"@type\":\"Article\",\"@id\":\"https:\\\/\\\/sarmiento24h.com\\\/?p=407058#article\",\"isPartOf\":{\"@id\":\"https:\\\/\\\/sarmiento24h.com\\\/?p=407058\"},\"author\":{\"name\":\"sarmiento24h@gmail.com\",\"@id\":\"https:\\\/\\\/sarmiento24h.com\\\/#\\\/schema\\\/person\\\/d653a59725ad629a7e0429af7b939d4d\"},\"headline\":\"Lionel Messi y el final de una era: 22 a\u00f1os que transformaron a la Selecci\u00f3n de Argentina\",\"datePublished\":\"2026-08-31T19:16:49+00:00\",\"mainEntityOfPage\":{\"@id\":\"https:\\\/\\\/sarmiento24h.com\\\/?p=407058\"},\"wordCount\":1832,\"publisher\":{\"@id\":\"https:\\\/\\\/sarmiento24h.com\\\/#organization\"},\"image\":{\"@id\":\"https:\\\/\\\/sarmiento24h.com\\\/?p=407058#primaryimage\"},\"thumbnailUrl\":\"https:\\\/\\\/sarmiento24h.com\\\/wp-content\\\/uploads\\\/2026\\\/08\\\/lionel-messi-y-el-final-de-una-era-22-anos-que-transformaron-a-la-seleccion-de-argentina.jpg\",\"articleSection\":[\"Deportes\",\"Internacionales\"],\"inLanguage\":\"es\"},{\"@type\":\"WebPage\",\"@id\":\"https:\\\/\\\/sarmiento24h.com\\\/?p=407058\",\"url\":\"https:\\\/\\\/sarmiento24h.com\\\/?p=407058\",\"name\":\"Lionel Messi y el final de una era: 22 a\u00f1os que transformaron a la Selecci\u00f3n de Argentina - Sarmiento24h\",\"isPartOf\":{\"@id\":\"https:\\\/\\\/sarmiento24h.com\\\/#website\"},\"primaryImageOfPage\":{\"@id\":\"https:\\\/\\\/sarmiento24h.com\\\/?p=407058#primaryimage\"},\"image\":{\"@id\":\"https:\\\/\\\/sarmiento24h.com\\\/?p=407058#primaryimage\"},\"thumbnailUrl\":\"https:\\\/\\\/sarmiento24h.com\\\/wp-content\\\/uploads\\\/2026\\\/08\\\/lionel-messi-y-el-final-de-una-era-22-anos-que-transformaron-a-la-seleccion-de-argentina.jpg\",\"datePublished\":\"2026-08-31T19:16:49+00:00\",\"breadcrumb\":{\"@id\":\"https:\\\/\\\/sarmiento24h.com\\\/?p=407058#breadcrumb\"},\"inLanguage\":\"es\",\"potentialAction\":[{\"@type\":\"ReadAction\",\"target\":[\"https:\\\/\\\/sarmiento24h.com\\\/?p=407058\"]}]},{\"@type\":\"ImageObject\",\"inLanguage\":\"es\",\"@id\":\"https:\\\/\\\/sarmiento24h.com\\\/?p=407058#primaryimage\",\"url\":\"https:\\\/\\\/sarmiento24h.com\\\/wp-content\\\/uploads\\\/2026\\\/08\\\/lionel-messi-y-el-final-de-una-era-22-anos-que-transformaron-a-la-seleccion-de-argentina.jpg\",\"contentUrl\":\"https:\\\/\\\/sarmiento24h.com\\\/wp-content\\\/uploads\\\/2026\\\/08\\\/lionel-messi-y-el-final-de-una-era-22-anos-que-transformaron-a-la-seleccion-de-argentina.jpg\",\"width\":980,\"height\":653},{\"@type\":\"BreadcrumbList\",\"@id\":\"https:\\\/\\\/sarmiento24h.com\\\/?p=407058#breadcrumb\",\"itemListElement\":[{\"@type\":\"ListItem\",\"position\":1,\"name\":\"Home\",\"item\":\"https:\\\/\\\/sarmiento24h.com\\\/\"},{\"@type\":\"ListItem\",\"position\":2,\"name\":\"Lionel Messi y el final de una era: 22 a\u00f1os que transformaron a la Selecci\u00f3n de Argentina\"}]},{\"@type\":\"WebSite\",\"@id\":\"https:\\\/\\\/sarmiento24h.com\\\/#website\",\"url\":\"https:\\\/\\\/sarmiento24h.com\\\/\",\"name\":\"Sarmiento24h\",\"description\":\"\",\"publisher\":{\"@id\":\"https:\\\/\\\/sarmiento24h.com\\\/#organization\"},\"potentialAction\":[{\"@type\":\"SearchAction\",\"target\":{\"@type\":\"EntryPoint\",\"urlTemplate\":\"https:\\\/\\\/sarmiento24h.com\\\/?s={search_term_string}\"},\"query-input\":{\"@type\":\"PropertyValueSpecification\",\"valueRequired\":true,\"valueName\":\"search_term_string\"}}],\"inLanguage\":\"es\"},{\"@type\":\"Organization\",\"@id\":\"https:\\\/\\\/sarmiento24h.com\\\/#organization\",\"name\":\"Sarmiento24h\",\"url\":\"https:\\\/\\\/sarmiento24h.com\\\/\",\"logo\":{\"@type\":\"ImageObject\",\"inLanguage\":\"es\",\"@id\":\"https:\\\/\\\/sarmiento24h.com\\\/#\\\/schema\\\/logo\\\/image\\\/\",\"url\":\"https:\\\/\\\/sarmiento24h.com\\\/wp-content\\\/uploads\\\/2025\\\/12\\\/AddText_12-16-10.30.52.jpg\",\"contentUrl\":\"https:\\\/\\\/sarmiento24h.com\\\/wp-content\\\/uploads\\\/2025\\\/12\\\/AddText_12-16-10.30.52.jpg\",\"width\":1220,\"height\":324,\"caption\":\"Sarmiento24h\"},\"image\":{\"@id\":\"https:\\\/\\\/sarmiento24h.com\\\/#\\\/schema\\\/logo\\\/image\\\/\"},\"sameAs\":[\"https:\\\/\\\/facebook.com\\\/s24hnoticias\",\"https:\\\/\\\/x.com\\\/sarmiento24h\"]},{\"@type\":\"Person\",\"@id\":\"https:\\\/\\\/sarmiento24h.com\\\/#\\\/schema\\\/person\\\/d653a59725ad629a7e0429af7b939d4d\",\"name\":\"sarmiento24h@gmail.com\",\"image\":{\"@type\":\"ImageObject\",\"inLanguage\":\"es\",\"@id\":\"https:\\\/\\\/sarmiento24h.com\\\/wp-content\\\/litespeed\\\/avatar\\\/d02cbc4e23c747e6659cd45907173c8f.jpg?ver=1788047690\",\"url\":\"https:\\\/\\\/sarmiento24h.com\\\/wp-content\\\/litespeed\\\/avatar\\\/d02cbc4e23c747e6659cd45907173c8f.jpg?ver=1788047690\",\"contentUrl\":\"https:\\\/\\\/sarmiento24h.com\\\/wp-content\\\/litespeed\\\/avatar\\\/d02cbc4e23c747e6659cd45907173c8f.jpg?ver=1788047690\",\"caption\":\"sarmiento24h@gmail.com\"},\"sameAs\":[\"https:\\\/\\\/sarmiento24h.com\"],\"url\":\"https:\\\/\\\/sarmiento24h.com\\\/?author=1\"}]}<\/script>\n<!-- \/ Yoast SEO plugin. -->","yoast_head_json":{"title":"Lionel Messi y el final de una era: 22 a\u00f1os que transformaron a la Selecci\u00f3n de Argentina - Sarmiento24h","robots":{"index":"index","follow":"follow","max-snippet":"max-snippet:-1","max-image-preview":"max-image-preview:large","max-video-preview":"max-video-preview:-1"},"canonical":"https:\/\/sarmiento24h.com\/?p=407058","og_locale":"es_ES","og_type":"article","og_title":"Lionel Messi y el final de una era: 22 a\u00f1os que transformaron a la Selecci\u00f3n de Argentina - Sarmiento24h","og_description":"Ezequiel Lavezzi y Maxi Rodr\u00edguez. Dos nombres&#46;&#46;&#46;","og_url":"https:\/\/sarmiento24h.com\/?p=407058","og_site_name":"Sarmiento24h","article_publisher":"https:\/\/facebook.com\/s24hnoticias","article_published_time":"2026-08-31T19:16:49+00:00","og_image":[{"url":"https:\/\/s.france24.com\/media\/display\/3388b9b4-a56a-11f1-87ed-005056a97e36\/w:980\/AP21192114635232.jpg","type":"","width":"","height":""}],"author":"sarmiento24h@gmail.com","twitter_card":"summary_large_image","twitter_creator":"@sarmiento24h","twitter_site":"@sarmiento24h","twitter_misc":{"Escrito por":"sarmiento24h@gmail.com","Tiempo de lectura":"9 minutos"},"schema":{"@context":"https:\/\/schema.org","@graph":[{"@type":"Article","@id":"https:\/\/sarmiento24h.com\/?p=407058#article","isPartOf":{"@id":"https:\/\/sarmiento24h.com\/?p=407058"},"author":{"name":"sarmiento24h@gmail.com","@id":"https:\/\/sarmiento24h.com\/#\/schema\/person\/d653a59725ad629a7e0429af7b939d4d"},"headline":"Lionel Messi y el final de una era: 22 a\u00f1os que transformaron a la Selecci\u00f3n de Argentina","datePublished":"2026-08-31T19:16:49+00:00","mainEntityOfPage":{"@id":"https:\/\/sarmiento24h.com\/?p=407058"},"wordCount":1832,"publisher":{"@id":"https:\/\/sarmiento24h.com\/#organization"},"image":{"@id":"https:\/\/sarmiento24h.com\/?p=407058#primaryimage"},"thumbnailUrl":"https:\/\/sarmiento24h.com\/wp-content\/uploads\/2026\/08\/lionel-messi-y-el-final-de-una-era-22-anos-que-transformaron-a-la-seleccion-de-argentina.jpg","articleSection":["Deportes","Internacionales"],"inLanguage":"es"},{"@type":"WebPage","@id":"https:\/\/sarmiento24h.com\/?p=407058","url":"https:\/\/sarmiento24h.com\/?p=407058","name":"Lionel Messi y el final de una era: 22 a\u00f1os que transformaron a la Selecci\u00f3n de Argentina - Sarmiento24h","isPartOf":{"@id":"https:\/\/sarmiento24h.com\/#website"},"primaryImageOfPage":{"@id":"https:\/\/sarmiento24h.com\/?p=407058#primaryimage"},"image":{"@id":"https:\/\/sarmiento24h.com\/?p=407058#primaryimage"},"thumbnailUrl":"https:\/\/sarmiento24h.com\/wp-content\/uploads\/2026\/08\/lionel-messi-y-el-final-de-una-era-22-anos-que-transformaron-a-la-seleccion-de-argentina.jpg","datePublished":"2026-08-31T19:16:49+00:00","breadcrumb":{"@id":"https:\/\/sarmiento24h.com\/?p=407058#breadcrumb"},"inLanguage":"es","potentialAction":[{"@type":"ReadAction","target":["https:\/\/sarmiento24h.com\/?p=407058"]}]},{"@type":"ImageObject","inLanguage":"es","@id":"https:\/\/sarmiento24h.com\/?p=407058#primaryimage","url":"https:\/\/sarmiento24h.com\/wp-content\/uploads\/2026\/08\/lionel-messi-y-el-final-de-una-era-22-anos-que-transformaron-a-la-seleccion-de-argentina.jpg","contentUrl":"https:\/\/sarmiento24h.com\/wp-content\/uploads\/2026\/08\/lionel-messi-y-el-final-de-una-era-22-anos-que-transformaron-a-la-seleccion-de-argentina.jpg","width":980,"height":653},{"@type":"BreadcrumbList","@id":"https:\/\/sarmiento24h.com\/?p=407058#breadcrumb","itemListElement":[{"@type":"ListItem","position":1,"name":"Home","item":"https:\/\/sarmiento24h.com\/"},{"@type":"ListItem","position":2,"name":"Lionel Messi y el final de una era: 22 a\u00f1os que transformaron a la Selecci\u00f3n de Argentina"}]},{"@type":"WebSite","@id":"https:\/\/sarmiento24h.com\/#website","url":"https:\/\/sarmiento24h.com\/","name":"Sarmiento24h","description":"","publisher":{"@id":"https:\/\/sarmiento24h.com\/#organization"},"potentialAction":[{"@type":"SearchAction","target":{"@type":"EntryPoint","urlTemplate":"https:\/\/sarmiento24h.com\/?s={search_term_string}"},"query-input":{"@type":"PropertyValueSpecification","valueRequired":true,"valueName":"search_term_string"}}],"inLanguage":"es"},{"@type":"Organization","@id":"https:\/\/sarmiento24h.com\/#organization","name":"Sarmiento24h","url":"https:\/\/sarmiento24h.com\/","logo":{"@type":"ImageObject","inLanguage":"es","@id":"https:\/\/sarmiento24h.com\/#\/schema\/logo\/image\/","url":"https:\/\/sarmiento24h.com\/wp-content\/uploads\/2025\/12\/AddText_12-16-10.30.52.jpg","contentUrl":"https:\/\/sarmiento24h.com\/wp-content\/uploads\/2025\/12\/AddText_12-16-10.30.52.jpg","width":1220,"height":324,"caption":"Sarmiento24h"},"image":{"@id":"https:\/\/sarmiento24h.com\/#\/schema\/logo\/image\/"},"sameAs":["https:\/\/facebook.com\/s24hnoticias","https:\/\/x.com\/sarmiento24h"]},{"@type":"Person","@id":"https:\/\/sarmiento24h.com\/#\/schema\/person\/d653a59725ad629a7e0429af7b939d4d","name":"sarmiento24h@gmail.com","image":{"@type":"ImageObject","inLanguage":"es","@id":"https:\/\/sarmiento24h.com\/wp-content\/litespeed\/avatar\/d02cbc4e23c747e6659cd45907173c8f.jpg?ver=1788047690","url":"https:\/\/sarmiento24h.com\/wp-content\/litespeed\/avatar\/d02cbc4e23c747e6659cd45907173c8f.jpg?ver=1788047690","contentUrl":"https:\/\/sarmiento24h.com\/wp-content\/litespeed\/avatar\/d02cbc4e23c747e6659cd45907173c8f.jpg?ver=1788047690","caption":"sarmiento24h@gmail.com"},"sameAs":["https:\/\/sarmiento24h.com"],"url":"https:\/\/sarmiento24h.com\/?author=1"}]}},"jetpack_publicize_connections":[],"jetpack_featured_media_url":"https:\/\/sarmiento24h.com\/wp-content\/uploads\/2026\/08\/lionel-messi-y-el-final-de-una-era-22-anos-que-transformaron-a-la-seleccion-de-argentina.jpg","jetpack_sharing_enabled":true,"_links":{"self":[{"href":"https:\/\/sarmiento24h.com\/index.php?rest_route=\/wp\/v2\/posts\/407058","targetHints":{"allow":["GET"]}}],"collection":[{"href":"https:\/\/sarmiento24h.com\/index.php?rest_route=\/wp\/v2\/posts"}],"about":[{"href":"https:\/\/sarmiento24h.com\/index.php?rest_route=\/wp\/v2\/types\/post"}],"author":[{"embeddable":true,"href":"https:\/\/sarmiento24h.com\/index.php?rest_route=\/wp\/v2\/users\/1"}],"replies":[{"embeddable":true,"href":"https:\/\/sarmiento24h.com\/index.php?rest_route=%2Fwp%2Fv2%2Fcomments&post=407058"}],"version-history":[{"count":0,"href":"https:\/\/sarmiento24h.com\/index.php?rest_route=\/wp\/v2\/posts\/407058\/revisions"}],"wp:featuredmedia":[{"embeddable":true,"href":"https:\/\/sarmiento24h.com\/index.php?rest_route=\/wp\/v2\/media\/407059"}],"wp:attachment":[{"href":"https:\/\/sarmiento24h.com\/index.php?rest_route=%2Fwp%2Fv2%2Fmedia&parent=407058"}],"wp:term":[{"taxonomy":"category","embeddable":true,"href":"https:\/\/sarmiento24h.com\/index.php?rest_route=%2Fwp%2Fv2%2Fcategories&post=407058"},{"taxonomy":"post_tag","embeddable":true,"href":"https:\/\/sarmiento24h.com\/index.php?rest_route=%2Fwp%2Fv2%2Ftags&post=407058"}],"curies":[{"name":"wp","href":"https:\/\/api.w.org\/{rel}","templated":true}]}}