{"id":407062,"date":"2026-08-31T19:16:52","date_gmt":"2026-08-31T19:16:52","guid":{"rendered":"https:\/\/pinceldigital.do\/?p=75843"},"modified":"2026-08-31T19:16:52","modified_gmt":"2026-08-31T19:16:52","slug":"carolina-activa-comite-de-prevencion-y-alcaldia-del-dn-refuerza-medidas-preventivas-ante-incidencia-de-lluvias","status":"publish","type":"post","link":"https:\/\/sarmiento24h.com\/?p=407062","title":{"rendered":"Carolina activa Comit\u00e9 de Prevenci\u00f3n y Alcald\u00eda del DN refuerza medidas preventivas ante incidencia de lluvias"},"content":{"rendered":"<div><img decoding=\"async\" src=\"https:\/\/pinceldigital.do\/wp-content\/uploads\/2026\/08\/e2282a8a-1997-414d-8c2d-c39c48f463f7.jpeg\" class=\"ff-og-image-inserted\"><\/div>\n<div class=\"tdb-block-inner td-fix-index\">\n<p class=\"wp-block-paragraph\">Santo Domingo, DN \u2013 Carolina Mej\u00eda activ\u00f3 y dej\u00f3 en sesi\u00f3n permanente el Comit\u00e9 de Prevenci\u00f3n, Mitigaci\u00f3n y Respuesta ante Desastres del Distrito Nacional, debido a las lluvias pronosticadas por la incidencia de una vaguada y una onda tropical.<\/p>\n<p class=\"wp-block-paragraph\">La iniciativa busca coordinar posibles acciones interinstitucionales para mitigar los efectos de las lluvias que se esperan que caigan en la capital dominicana.<\/p>\n<p class=\"wp-block-paragraph\">En ese sentido, la Alcald\u00eda del Distrito Nacional reforz\u00f3 sus acostumbradas labores de limpieza de filtrantes e imbornales ante los pron\u00f3sticos de precipitaciones.<\/p>\n<p class=\"wp-block-paragraph\">Bajo instrucciones de la aspirante presidencial Carolina Mej\u00eda, las brigadas del cabildo se han desplegado con camiones succionadores y personal de barrido y cuneteo.<\/p>\n<p class=\"wp-block-paragraph\">En ese sentido, las labores se mantienen de forma intensificada en las avenidas 27 de Febrero, John F. Kennedy, George Washington, Dr. Fernando Alberto Defill\u00f3 y en los sectores Ensanche Kennedy, Villa Juana, Don Bosco, Ensanche La Fe, Piantini, entre otros.<\/p>\n<p class=\"wp-block-paragraph\">Este lunes el Instituto Dominicano de Meteorolog\u00eda (Indomet) inform\u00f3 que una vaguada, en interacci\u00f3n con una onda tropical que se aleja sobre aguas del mar Caribe, generar\u00e1 durante la tarde aguaceros, tormentas el\u00e9ctricas y r\u00e1fagas de viento en distintas regiones del territorio nacional.<\/p>\n<p class=\"wp-block-paragraph\">La Alcald\u00eda del Distrito Nacional hizo un llamado a los ciudadanos a no sacar las bolsas de desechos a las aceras en momentos en los que llueve o se esperan fuertes lluvias, para evitar que estas sean arrastradas por el agua y terminen bloqueando los filtrantes.<\/p>\n<p class=\"wp-block-paragraph\">Asimismo, sugiri\u00f3 a mantenerse atentos a las redes de la alcald\u00eda y otros organismos oficiales, a los fines de enterarse sobre cualquier situaci\u00f3n generada por las lluvias.<\/p>\n<\/p><\/div>\n","protected":false},"excerpt":{"rendered":"<p>Santo Domingo, DN \u2013 Carolina Mej\u00eda activ\u00f3&#46;&#46;&#46;<\/p>\n","protected":false},"author":1,"featured_media":407063,"comment_status":"closed","ping_status":"closed","sticky":false,"template":"","format":"standard","meta":{"_jetpack_newsletter_access":"","_jetpack_dont_email_post_to_subs":false,"_jetpack_newsletter_tier_id":0,"_jetpack_memberships_contains_paywalled_content":false,"_jetpack_feature_clip_id":0,"_jetpack_memberships_contains_paid_content":false,"footnotes":"","jetpack_publicize_message":"","jetpack_publicize_feature_enabled":true,"jetpack_social_post_already_shared":true,"jetpack_social_options":{"image_generator_settings":{"template":"highway","default_image_id":0,"font":"","enabled":false},"version":2},"jetpack_post_was_ever_published":false},"categories":[42],"tags":[],"class_list":["post-407062","post","type-post","status-publish","format-standard","has-post-thumbnail","hentry","category-nacionales"],"yoast_head":"<!-- This site is optimized with the Yoast SEO plugin v28.1 - https:\/\/yoast.com\/product\/yoast-seo-wordpress\/ -->\n<title>Carolina activa Comit\u00e9 de Prevenci\u00f3n y Alcald\u00eda del DN refuerza medidas preventivas ante incidencia de lluvias - Sarmiento24h<\/title>\n<meta name=\"robots\" content=\"index, follow, max-snippet:-1, max-image-preview:large, max-video-preview:-1\" \/>\n<link rel=\"canonical\" href=\"https:\/\/sarmiento24h.com\/?p=407062\" \/>\n<meta property=\"og:locale\" content=\"es_ES\" \/>\n<meta property=\"og:type\" content=\"article\" \/>\n<meta property=\"og:title\" content=\"Carolina activa Comit\u00e9 de Prevenci\u00f3n y Alcald\u00eda del DN refuerza medidas preventivas ante incidencia de lluvias - Sarmiento24h\" \/>\n<meta property=\"og:description\" content=\"Santo Domingo, DN \u2013 Carolina Mej\u00eda activ\u00f3&#046;&#046;&#046;\" \/>\n<meta property=\"og:url\" content=\"https:\/\/sarmiento24h.com\/?p=407062\" \/>\n<meta property=\"og:site_name\" content=\"Sarmiento24h\" \/>\n<meta property=\"article:publisher\" content=\"https:\/\/facebook.com\/s24hnoticias\" \/>\n<meta property=\"article:published_time\" content=\"2026-08-31T19:16:52+00:00\" \/>\n<meta property=\"og:image\" content=\"https:\/\/pinceldigital.do\/wp-content\/uploads\/2026\/08\/e2282a8a-1997-414d-8c2d-c39c48f463f7.jpeg\" \/>\n<meta name=\"author\" content=\"sarmiento24h@gmail.com\" \/>\n<meta name=\"twitter:card\" content=\"summary_large_image\" \/>\n<meta name=\"twitter:creator\" content=\"@sarmiento24h\" \/>\n<meta name=\"twitter:site\" content=\"@sarmiento24h\" \/>\n<meta name=\"twitter:label1\" content=\"Escrito por\" \/>\n\t<meta name=\"twitter:data1\" content=\"sarmiento24h@gmail.com\" \/>\n\t<meta name=\"twitter:label2\" content=\"Tiempo de lectura\" \/>\n\t<meta name=\"twitter:data2\" content=\"1 minuto\" \/>\n<script type=\"application\/ld+json\" class=\"yoast-schema-graph\">{\"@context\":\"https:\\\/\\\/schema.org\",\"@graph\":[{\"@type\":\"Article\",\"@id\":\"https:\\\/\\\/sarmiento24h.com\\\/?p=407062#article\",\"isPartOf\":{\"@id\":\"https:\\\/\\\/sarmiento24h.com\\\/?p=407062\"},\"author\":{\"name\":\"sarmiento24h@gmail.com\",\"@id\":\"https:\\\/\\\/sarmiento24h.com\\\/#\\\/schema\\\/person\\\/d653a59725ad629a7e0429af7b939d4d\"},\"headline\":\"Carolina activa Comit\u00e9 de Prevenci\u00f3n y Alcald\u00eda del DN refuerza medidas preventivas ante incidencia de lluvias\",\"datePublished\":\"2026-08-31T19:16:52+00:00\",\"mainEntityOfPage\":{\"@id\":\"https:\\\/\\\/sarmiento24h.com\\\/?p=407062\"},\"wordCount\":296,\"publisher\":{\"@id\":\"https:\\\/\\\/sarmiento24h.com\\\/#organization\"},\"image\":{\"@id\":\"https:\\\/\\\/sarmiento24h.com\\\/?p=407062#primaryimage\"},\"thumbnailUrl\":\"https:\\\/\\\/sarmiento24h.com\\\/wp-content\\\/uploads\\\/2026\\\/08\\\/carolina-activa-comite-de-prevencion-y-alcaldia-del-dn-refuerza-medidas-preventivas-ante-incidencia-de-lluvias.jpg\",\"articleSection\":[\"Nacionales\"],\"inLanguage\":\"es\"},{\"@type\":\"WebPage\",\"@id\":\"https:\\\/\\\/sarmiento24h.com\\\/?p=407062\",\"url\":\"https:\\\/\\\/sarmiento24h.com\\\/?p=407062\",\"name\":\"Carolina activa Comit\u00e9 de Prevenci\u00f3n y Alcald\u00eda del DN refuerza medidas preventivas ante incidencia de lluvias - Sarmiento24h\",\"isPartOf\":{\"@id\":\"https:\\\/\\\/sarmiento24h.com\\\/#website\"},\"primaryImageOfPage\":{\"@id\":\"https:\\\/\\\/sarmiento24h.com\\\/?p=407062#primaryimage\"},\"image\":{\"@id\":\"https:\\\/\\\/sarmiento24h.com\\\/?p=407062#primaryimage\"},\"thumbnailUrl\":\"https:\\\/\\\/sarmiento24h.com\\\/wp-content\\\/uploads\\\/2026\\\/08\\\/carolina-activa-comite-de-prevencion-y-alcaldia-del-dn-refuerza-medidas-preventivas-ante-incidencia-de-lluvias.jpg\",\"datePublished\":\"2026-08-31T19:16:52+00:00\",\"breadcrumb\":{\"@id\":\"https:\\\/\\\/sarmiento24h.com\\\/?p=407062#breadcrumb\"},\"inLanguage\":\"es\",\"potentialAction\":[{\"@type\":\"ReadAction\",\"target\":[\"https:\\\/\\\/sarmiento24h.com\\\/?p=407062\"]}]},{\"@type\":\"ImageObject\",\"inLanguage\":\"es\",\"@id\":\"https:\\\/\\\/sarmiento24h.com\\\/?p=407062#primaryimage\",\"url\":\"https:\\\/\\\/sarmiento24h.com\\\/wp-content\\\/uploads\\\/2026\\\/08\\\/carolina-activa-comite-de-prevencion-y-alcaldia-del-dn-refuerza-medidas-preventivas-ante-incidencia-de-lluvias.jpg\",\"contentUrl\":\"https:\\\/\\\/sarmiento24h.com\\\/wp-content\\\/uploads\\\/2026\\\/08\\\/carolina-activa-comite-de-prevencion-y-alcaldia-del-dn-refuerza-medidas-preventivas-ante-incidencia-de-lluvias.jpg\",\"width\":696,\"height\":464},{\"@type\":\"BreadcrumbList\",\"@id\":\"https:\\\/\\\/sarmiento24h.com\\\/?p=407062#breadcrumb\",\"itemListElement\":[{\"@type\":\"ListItem\",\"position\":1,\"name\":\"Home\",\"item\":\"https:\\\/\\\/sarmiento24h.com\\\/\"},{\"@type\":\"ListItem\",\"position\":2,\"name\":\"Carolina activa Comit\u00e9 de Prevenci\u00f3n y Alcald\u00eda del DN refuerza medidas preventivas ante incidencia de lluvias\"}]},{\"@type\":\"WebSite\",\"@id\":\"https:\\\/\\\/sarmiento24h.com\\\/#website\",\"url\":\"https:\\\/\\\/sarmiento24h.com\\\/\",\"name\":\"Sarmiento24h\",\"description\":\"\",\"publisher\":{\"@id\":\"https:\\\/\\\/sarmiento24h.com\\\/#organization\"},\"potentialAction\":[{\"@type\":\"SearchAction\",\"target\":{\"@type\":\"EntryPoint\",\"urlTemplate\":\"https:\\\/\\\/sarmiento24h.com\\\/?s={search_term_string}\"},\"query-input\":{\"@type\":\"PropertyValueSpecification\",\"valueRequired\":true,\"valueName\":\"search_term_string\"}}],\"inLanguage\":\"es\"},{\"@type\":\"Organization\",\"@id\":\"https:\\\/\\\/sarmiento24h.com\\\/#organization\",\"name\":\"Sarmiento24h\",\"url\":\"https:\\\/\\\/sarmiento24h.com\\\/\",\"logo\":{\"@type\":\"ImageObject\",\"inLanguage\":\"es\",\"@id\":\"https:\\\/\\\/sarmiento24h.com\\\/#\\\/schema\\\/logo\\\/image\\\/\",\"url\":\"https:\\\/\\\/sarmiento24h.com\\\/wp-content\\\/uploads\\\/2025\\\/12\\\/AddText_12-16-10.30.52.jpg\",\"contentUrl\":\"https:\\\/\\\/sarmiento24h.com\\\/wp-content\\\/uploads\\\/2025\\\/12\\\/AddText_12-16-10.30.52.jpg\",\"width\":1220,\"height\":324,\"caption\":\"Sarmiento24h\"},\"image\":{\"@id\":\"https:\\\/\\\/sarmiento24h.com\\\/#\\\/schema\\\/logo\\\/image\\\/\"},\"sameAs\":[\"https:\\\/\\\/facebook.com\\\/s24hnoticias\",\"https:\\\/\\\/x.com\\\/sarmiento24h\"]},{\"@type\":\"Person\",\"@id\":\"https:\\\/\\\/sarmiento24h.com\\\/#\\\/schema\\\/person\\\/d653a59725ad629a7e0429af7b939d4d\",\"name\":\"sarmiento24h@gmail.com\",\"image\":{\"@type\":\"ImageObject\",\"inLanguage\":\"es\",\"@id\":\"https:\\\/\\\/sarmiento24h.com\\\/wp-content\\\/litespeed\\\/avatar\\\/d02cbc4e23c747e6659cd45907173c8f.jpg?ver=1788047690\",\"url\":\"https:\\\/\\\/sarmiento24h.com\\\/wp-content\\\/litespeed\\\/avatar\\\/d02cbc4e23c747e6659cd45907173c8f.jpg?ver=1788047690\",\"contentUrl\":\"https:\\\/\\\/sarmiento24h.com\\\/wp-content\\\/litespeed\\\/avatar\\\/d02cbc4e23c747e6659cd45907173c8f.jpg?ver=1788047690\",\"caption\":\"sarmiento24h@gmail.com\"},\"sameAs\":[\"https:\\\/\\\/sarmiento24h.com\"],\"url\":\"https:\\\/\\\/sarmiento24h.com\\\/?author=1\"}]}<\/script>\n<!-- \/ Yoast SEO plugin. -->","yoast_head_json":{"title":"Carolina activa Comit\u00e9 de Prevenci\u00f3n y Alcald\u00eda del DN refuerza medidas preventivas ante incidencia de lluvias - Sarmiento24h","robots":{"index":"index","follow":"follow","max-snippet":"max-snippet:-1","max-image-preview":"max-image-preview:large","max-video-preview":"max-video-preview:-1"},"canonical":"https:\/\/sarmiento24h.com\/?p=407062","og_locale":"es_ES","og_type":"article","og_title":"Carolina activa Comit\u00e9 de Prevenci\u00f3n y Alcald\u00eda del DN refuerza medidas preventivas ante incidencia de lluvias - Sarmiento24h","og_description":"Santo Domingo, DN \u2013 Carolina Mej\u00eda activ\u00f3&#46;&#46;&#46;","og_url":"https:\/\/sarmiento24h.com\/?p=407062","og_site_name":"Sarmiento24h","article_publisher":"https:\/\/facebook.com\/s24hnoticias","article_published_time":"2026-08-31T19:16:52+00:00","og_image":[{"url":"https:\/\/pinceldigital.do\/wp-content\/uploads\/2026\/08\/e2282a8a-1997-414d-8c2d-c39c48f463f7.jpeg","type":"","width":"","height":""}],"author":"sarmiento24h@gmail.com","twitter_card":"summary_large_image","twitter_creator":"@sarmiento24h","twitter_site":"@sarmiento24h","twitter_misc":{"Escrito por":"sarmiento24h@gmail.com","Tiempo de lectura":"1 minuto"},"schema":{"@context":"https:\/\/schema.org","@graph":[{"@type":"Article","@id":"https:\/\/sarmiento24h.com\/?p=407062#article","isPartOf":{"@id":"https:\/\/sarmiento24h.com\/?p=407062"},"author":{"name":"sarmiento24h@gmail.com","@id":"https:\/\/sarmiento24h.com\/#\/schema\/person\/d653a59725ad629a7e0429af7b939d4d"},"headline":"Carolina activa Comit\u00e9 de Prevenci\u00f3n y Alcald\u00eda del DN refuerza medidas preventivas ante incidencia de lluvias","datePublished":"2026-08-31T19:16:52+00:00","mainEntityOfPage":{"@id":"https:\/\/sarmiento24h.com\/?p=407062"},"wordCount":296,"publisher":{"@id":"https:\/\/sarmiento24h.com\/#organization"},"image":{"@id":"https:\/\/sarmiento24h.com\/?p=407062#primaryimage"},"thumbnailUrl":"https:\/\/sarmiento24h.com\/wp-content\/uploads\/2026\/08\/carolina-activa-comite-de-prevencion-y-alcaldia-del-dn-refuerza-medidas-preventivas-ante-incidencia-de-lluvias.jpg","articleSection":["Nacionales"],"inLanguage":"es"},{"@type":"WebPage","@id":"https:\/\/sarmiento24h.com\/?p=407062","url":"https:\/\/sarmiento24h.com\/?p=407062","name":"Carolina activa Comit\u00e9 de Prevenci\u00f3n y Alcald\u00eda del DN refuerza medidas preventivas ante incidencia de lluvias - Sarmiento24h","isPartOf":{"@id":"https:\/\/sarmiento24h.com\/#website"},"primaryImageOfPage":{"@id":"https:\/\/sarmiento24h.com\/?p=407062#primaryimage"},"image":{"@id":"https:\/\/sarmiento24h.com\/?p=407062#primaryimage"},"thumbnailUrl":"https:\/\/sarmiento24h.com\/wp-content\/uploads\/2026\/08\/carolina-activa-comite-de-prevencion-y-alcaldia-del-dn-refuerza-medidas-preventivas-ante-incidencia-de-lluvias.jpg","datePublished":"2026-08-31T19:16:52+00:00","breadcrumb":{"@id":"https:\/\/sarmiento24h.com\/?p=407062#breadcrumb"},"inLanguage":"es","potentialAction":[{"@type":"ReadAction","target":["https:\/\/sarmiento24h.com\/?p=407062"]}]},{"@type":"ImageObject","inLanguage":"es","@id":"https:\/\/sarmiento24h.com\/?p=407062#primaryimage","url":"https:\/\/sarmiento24h.com\/wp-content\/uploads\/2026\/08\/carolina-activa-comite-de-prevencion-y-alcaldia-del-dn-refuerza-medidas-preventivas-ante-incidencia-de-lluvias.jpg","contentUrl":"https:\/\/sarmiento24h.com\/wp-content\/uploads\/2026\/08\/carolina-activa-comite-de-prevencion-y-alcaldia-del-dn-refuerza-medidas-preventivas-ante-incidencia-de-lluvias.jpg","width":696,"height":464},{"@type":"BreadcrumbList","@id":"https:\/\/sarmiento24h.com\/?p=407062#breadcrumb","itemListElement":[{"@type":"ListItem","position":1,"name":"Home","item":"https:\/\/sarmiento24h.com\/"},{"@type":"ListItem","position":2,"name":"Carolina activa Comit\u00e9 de Prevenci\u00f3n y Alcald\u00eda del DN refuerza medidas preventivas ante incidencia de lluvias"}]},{"@type":"WebSite","@id":"https:\/\/sarmiento24h.com\/#website","url":"https:\/\/sarmiento24h.com\/","name":"Sarmiento24h","description":"","publisher":{"@id":"https:\/\/sarmiento24h.com\/#organization"},"potentialAction":[{"@type":"SearchAction","target":{"@type":"EntryPoint","urlTemplate":"https:\/\/sarmiento24h.com\/?s={search_term_string}"},"query-input":{"@type":"PropertyValueSpecification","valueRequired":true,"valueName":"search_term_string"}}],"inLanguage":"es"},{"@type":"Organization","@id":"https:\/\/sarmiento24h.com\/#organization","name":"Sarmiento24h","url":"https:\/\/sarmiento24h.com\/","logo":{"@type":"ImageObject","inLanguage":"es","@id":"https:\/\/sarmiento24h.com\/#\/schema\/logo\/image\/","url":"https:\/\/sarmiento24h.com\/wp-content\/uploads\/2025\/12\/AddText_12-16-10.30.52.jpg","contentUrl":"https:\/\/sarmiento24h.com\/wp-content\/uploads\/2025\/12\/AddText_12-16-10.30.52.jpg","width":1220,"height":324,"caption":"Sarmiento24h"},"image":{"@id":"https:\/\/sarmiento24h.com\/#\/schema\/logo\/image\/"},"sameAs":["https:\/\/facebook.com\/s24hnoticias","https:\/\/x.com\/sarmiento24h"]},{"@type":"Person","@id":"https:\/\/sarmiento24h.com\/#\/schema\/person\/d653a59725ad629a7e0429af7b939d4d","name":"sarmiento24h@gmail.com","image":{"@type":"ImageObject","inLanguage":"es","@id":"https:\/\/sarmiento24h.com\/wp-content\/litespeed\/avatar\/d02cbc4e23c747e6659cd45907173c8f.jpg?ver=1788047690","url":"https:\/\/sarmiento24h.com\/wp-content\/litespeed\/avatar\/d02cbc4e23c747e6659cd45907173c8f.jpg?ver=1788047690","contentUrl":"https:\/\/sarmiento24h.com\/wp-content\/litespeed\/avatar\/d02cbc4e23c747e6659cd45907173c8f.jpg?ver=1788047690","caption":"sarmiento24h@gmail.com"},"sameAs":["https:\/\/sarmiento24h.com"],"url":"https:\/\/sarmiento24h.com\/?author=1"}]}},"jetpack_publicize_connections":[],"jetpack_featured_media_url":"https:\/\/sarmiento24h.com\/wp-content\/uploads\/2026\/08\/carolina-activa-comite-de-prevencion-y-alcaldia-del-dn-refuerza-medidas-preventivas-ante-incidencia-de-lluvias.jpg","jetpack_sharing_enabled":true,"_links":{"self":[{"href":"https:\/\/sarmiento24h.com\/index.php?rest_route=\/wp\/v2\/posts\/407062","targetHints":{"allow":["GET"]}}],"collection":[{"href":"https:\/\/sarmiento24h.com\/index.php?rest_route=\/wp\/v2\/posts"}],"about":[{"href":"https:\/\/sarmiento24h.com\/index.php?rest_route=\/wp\/v2\/types\/post"}],"author":[{"embeddable":true,"href":"https:\/\/sarmiento24h.com\/index.php?rest_route=\/wp\/v2\/users\/1"}],"replies":[{"embeddable":true,"href":"https:\/\/sarmiento24h.com\/index.php?rest_route=%2Fwp%2Fv2%2Fcomments&post=407062"}],"version-history":[{"count":0,"href":"https:\/\/sarmiento24h.com\/index.php?rest_route=\/wp\/v2\/posts\/407062\/revisions"}],"wp:featuredmedia":[{"embeddable":true,"href":"https:\/\/sarmiento24h.com\/index.php?rest_route=\/wp\/v2\/media\/407063"}],"wp:attachment":[{"href":"https:\/\/sarmiento24h.com\/index.php?rest_route=%2Fwp%2Fv2%2Fmedia&parent=407062"}],"wp:term":[{"taxonomy":"category","embeddable":true,"href":"https:\/\/sarmiento24h.com\/index.php?rest_route=%2Fwp%2Fv2%2Fcategories&post=407062"},{"taxonomy":"post_tag","embeddable":true,"href":"https:\/\/sarmiento24h.com\/index.php?rest_route=%2Fwp%2Fv2%2Ftags&post=407062"}],"curies":[{"name":"wp","href":"https:\/\/api.w.org\/{rel}","templated":true}]}}