{"id":407136,"date":"2026-08-31T20:17:08","date_gmt":"2026-08-31T20:17:08","guid":{"rendered":"http:\/\/877ca132-a571-11f1-afe9-3db0a493d827"},"modified":"2026-08-31T20:17:08","modified_gmt":"2026-08-31T20:17:08","slug":"muere-el-ex-primer-ministro-frances-edouard-balladur-a-los-97-anos","status":"publish","type":"post","link":"https:\/\/sarmiento24h.com\/?p=407136","title":{"rendered":"Muere el ex primer ministro franc\u00e9s \u00c9douard Balladur a los 97 a\u00f1os"},"content":{"rendered":"<p>El ex primer ministro franc\u00e9s <strong>\u00c9douard Balladur muri\u00f3<\/strong> este lunes 31 de agosto en <a href=\"https:\/\/www.france24.com\/es\/tag\/par\u00eds\/\" target=\"_self\">Par\u00eds<\/a> a los 97 a\u00f1os, inform\u00f3 su familia a la agencia AFP.<\/p>\n<p>Balladur, nacido en <a href=\"https:\/\/www.france24.com\/es\/tag\/turqu\u00eda\/\" target=\"_self\">Turqu\u00eda<\/a>, fue el \u00faltimo primer ministro del presidente <a href=\"https:\/\/www.france24.com\/es\/tag\/fran\u00e7ois-mitterrand\/\" target=\"_self\">Fran\u00e7ois Mitterrand<\/a>, entre marzo de 1993 y mayo de 1995. Durante su mandato llev\u00f3 adelante varias importantes <strong>privatizaciones de empresas estatales<\/strong> y, en 1995, se present\u00f3 sin \u00e9xito a las elecciones presidenciales.<\/p>\n<p>Tras una dura campa\u00f1a, fue derrotado por su antiguo aliado pol\u00edtico y luego rival, <a href=\"https:\/\/www.france24.com\/es\/tag\/jacques-chirac\/\" target=\"_self\">Jacques Chirac<\/a>, quien se mantendr\u00eda en la Presidencia de <a href=\"https:\/\/www.france24.com\/es\/francia\/\" target=\"_self\">Francia<\/a> hasta 2007.<\/p>\n<p>La familia de Balladur inform\u00f3 a la agencia AFP que se celebrar\u00e1 una misa privada en su memoria, sin brindar m\u00e1s detalles.<\/p>\n<div class=\"m-em-image\">\n<figure class=\"m-item-image m-item-image--original m-item-image--has-caption\"> <picture class=\"a-picture a-picture--original\"><source type=\"image\/webp\" srcset=\"https:\/\/s.france24.com\/media\/display\/6cf0963a-a570-11f1-82fa-005056a90284\/w:246\/000-C6XR8G7.webp 246w, https:\/\/s.france24.com\/media\/display\/6cf0963a-a570-11f1-82fa-005056a90284\/w:388\/000-C6XR8G7.webp 388w, https:\/\/s.france24.com\/media\/display\/6cf0963a-a570-11f1-82fa-005056a90284\/w:720\/000-C6XR8G7.webp 720w, https:\/\/s.france24.com\/media\/display\/6cf0963a-a570-11f1-82fa-005056a90284\/w:980\/000-C6XR8G7.webp 980w\" sizes=\"(max-width: 1023px) calc(100vw - 32px), (min-width: 1024px) 850px\"><img fetchpriority=\"low\" decoding=\"async\" src=\"https:\/\/s.france24.com\/media\/display\/6cf0963a-a570-11f1-82fa-005056a90284\/w:980\/000-C6XR8G7.jpg\" srcset=\"https:\/\/s.france24.com\/media\/display\/6cf0963a-a570-11f1-82fa-005056a90284\/w:246\/000-C6XR8G7.jpg 246w, https:\/\/s.france24.com\/media\/display\/6cf0963a-a570-11f1-82fa-005056a90284\/w:388\/000-C6XR8G7.jpg 388w, https:\/\/s.france24.com\/media\/display\/6cf0963a-a570-11f1-82fa-005056a90284\/w:720\/000-C6XR8G7.jpg 720w, https:\/\/s.france24.com\/media\/display\/6cf0963a-a570-11f1-82fa-005056a90284\/w:980\/000-C6XR8G7.jpg 980w\" sizes=\"(max-width: 1023px) calc(100vw - 32px), (min-width: 1024px) 850px\" alt=\"\u00c9douard Balladur junto a Jacques Chirac en el H\u00f4tel de Matignon, en Par\u00eds, el 20 de abril de 1993.\" loading=\"lazy\" class=\"a-img \">\n<\/picture><figcaption class=\"a-figcaption\"> \u00c9douard Balladur sits next to Jacques Chirac at the Hotel de Matignon in Paris on April 20, 1993. \u00a9 Pascal Pavani, AFP <\/figcaption><\/figure>\n<\/p><\/div>\n<p>\u00abEste fiel colaborador del presidente Pompidou, a quien acompa\u00f1\u00f3 durante su mandato, llevaba a Francia en el coraz\u00f3n. Fue un servidor exigente, mesurado y dedicado de Francia\u201d, destac\u00f3 <a href=\"https:\/\/www.france24.com\/es\/tag\/emmanuel-macron\/\" target=\"_self\">Emmanuel Macron<\/a> en X.<\/p>\n<p>\u201cFue un hombre de Estado, de esp\u00edritu reformista, y seguir\u00e1 siendo una referencia para muchos hombres y mujeres de su familia pol\u00edtica\u201d, reaccion\u00f3 en X el primer ministro,&nbsp;<a href=\"https:\/\/www.france24.com\/es\/tag\/s\u00e9bastien-lecornu\/\" target=\"_self\">S\u00e9bastien Lecornu<\/a>.<\/p>\n<p>\u201cBuscando convencer y nunca seducir, era uno de esos pol\u00edticos que tienen una alta opini\u00f3n de los electores porque tienen una noble idea de Francia\u201d, destac\u00f3 por su parte el l\u00edder de Los Republicanos, <a href=\"https:\/\/www.france24.com\/es\/tag\/bruno-retailleau\/\" target=\"_self\">Bruno Retailleau<\/a>.<\/p>\n<div id=\"em-WBMZ416632-F24-ES-20260831\" class=\"m-em-flash\" data-xtwitter-script>\n<div class=\"o-em-consent \" readability=\"7\">\n<div class=\"o-em-consent__content\" readability=\"34\">\n<p class=\"o-em-consent__content__text\">Para mostrar este contenido de X (Twitter), debe autorizar las cookies de medici\u00f3n de audiencia y publicidad.<\/p>\n<p> <button class=\"a-master-button a-master-button--dark\" data-action=\"accept\"> Aceptar <svg class=\"a-svg a-svg--icon-check\"> <use xlink:href=\"\/build\/images\/svg\/sprite.1af31c2f854b10d5fc5627a4f4fa61be.svg#icon-check\" href=\"\/build\/images\/svg\/sprite.1af31c2f854b10d5fc5627a4f4fa61be.svg#icon-check\" \/> <\/svg> <\/button> <button class=\"a-link\" data-action=\"manage\">Gestionar mis opciones <svg class=\"a-svg a-svg--icon-edit\"> <use xlink:href=\"\/build\/images\/svg\/sprite.1af31c2f854b10d5fc5627a4f4fa61be.svg#icon-edit\" href=\"\/build\/images\/svg\/sprite.1af31c2f854b10d5fc5627a4f4fa61be.svg#icon-edit\" \/> <\/svg><br \/>\n<\/button> <\/div>\n<\/div>\n<\/div>\n<p>\u00c9douard Balladur ingres\u00f3 a los 35 a\u00f1os al gabinete de Georges Pompidou, entonces primer ministro del general <a href=\"https:\/\/www.france24.com\/es\/tag\/charles-de-gaulle\/\" target=\"_self\">Charles de Gaulle<\/a>, y particip\u00f3 en 1968, junto a Jacques Chirac, en los Acuerdos de Grenelle.<\/p>\n<p>\u201cNo comprend\u00ed bien los acontecimientos de <a href=\"https:\/\/www.france24.com\/es\/tag\/mayo-de-1968\/\" target=\"_self\">Mayo del 68<\/a>\u201d, reconoc\u00eda este conservador en una tribuna testamentaria publicada a finales de abril de 2026 en Le Figaro, admitiendo no haber advertido que se trataba de <strong>\u201cuna crisis de civilizaci\u00f3n\u201d<\/strong>.<\/p>\n<p>Sigui\u00f3 a su mentor al El\u00edseo como secretario general adjunto y luego como secretario general de la Presidencia. Despu\u00e9s, Jacques Chirac, convertido en presidente de la Agrupaci\u00f3n por la Rep\u00fablica (RPR), lo convoc\u00f3 para que regresara a la pol\u00edtica en los a\u00f1os 80.<\/p>\n<p class=\"a-read-more\"><span class=\"a-read-more__label\">Leer tambi\u00e9n<\/span><a href=\"https:\/\/www.france24.com\/es\/francia\/20260827-primer-debate-de-las-presidenciales-de-francia-de-2027-las-principales-propuestas-de-los-candidatos\" target=\"_self\" class=\"a-read-more__link\">Primer debate de las presidenciales de Francia de 2027: las principales propuestas de los candidatos<\/a><\/p>\n<h2><strong>\u201cMostr\u00e9 demasiada distancia y frialdad\u201d<\/strong><\/h2>\n<p>En 1988, Fran\u00e7ois Mitterrand fue reelegido para su segundo mandato y la derecha perdi\u00f3 las elecciones legislativas. Se tomaron revancha cinco a\u00f1os m\u00e1s tarde, en las legislativas de 1993, obligando al presidente socialista a una nueva cohabitaci\u00f3n.<\/p>\n<p>Como l\u00edder de la derecha, Jacques Chirac no ten\u00eda ninguna intenci\u00f3n de regresar a Matignon y dej\u00f3 que \u00c9douard Balladur asumiera como primer ministro.<\/p>\n<p>Este \u00faltimo se convirti\u00f3 en un primer ministro popular. Con el apoyo de una mayor\u00eda de la opini\u00f3n p\u00fablica y del clan Pasqua, del que formaba parte <a href=\"https:\/\/www.france24.com\/es\/tag\/nicolas-sarkozy\/\" target=\"_self\">Nicolas Sarkozy<\/a>, joven ministro de Presupuesto, se declar\u00f3 en enero de 1995 candidato a la Presidencia.<\/p>\n<div class=\"m-em-image\">\n<figure class=\"m-item-image m-item-image--original m-item-image--has-caption\"> <picture class=\"a-picture a-picture--original\"><source type=\"image\/webp\" srcset=\"https:\/\/s.france24.com\/media\/display\/9b0cbef6-a56e-11f1-9b62-005056a90284\/w:246\/5e7b9ef60420a49e306a809c1e1ad73770613b09.webp 246w, https:\/\/s.france24.com\/media\/display\/9b0cbef6-a56e-11f1-9b62-005056a90284\/w:388\/5e7b9ef60420a49e306a809c1e1ad73770613b09.webp 388w, https:\/\/s.france24.com\/media\/display\/9b0cbef6-a56e-11f1-9b62-005056a90284\/w:720\/5e7b9ef60420a49e306a809c1e1ad73770613b09.webp 720w, https:\/\/s.france24.com\/media\/display\/9b0cbef6-a56e-11f1-9b62-005056a90284\/w:980\/5e7b9ef60420a49e306a809c1e1ad73770613b09.webp 980w\" sizes=\"(max-width: 1023px) calc(100vw - 32px), (min-width: 1024px) 850px\"><img fetchpriority=\"low\" decoding=\"async\" src=\"https:\/\/s.france24.com\/media\/display\/9b0cbef6-a56e-11f1-9b62-005056a90284\/w:980\/5e7b9ef60420a49e306a809c1e1ad73770613b09.jpg\" srcset=\"https:\/\/s.france24.com\/media\/display\/9b0cbef6-a56e-11f1-9b62-005056a90284\/w:246\/5e7b9ef60420a49e306a809c1e1ad73770613b09.jpg 246w, https:\/\/s.france24.com\/media\/display\/9b0cbef6-a56e-11f1-9b62-005056a90284\/w:388\/5e7b9ef60420a49e306a809c1e1ad73770613b09.jpg 388w, https:\/\/s.france24.com\/media\/display\/9b0cbef6-a56e-11f1-9b62-005056a90284\/w:720\/5e7b9ef60420a49e306a809c1e1ad73770613b09.jpg 720w, https:\/\/s.france24.com\/media\/display\/9b0cbef6-a56e-11f1-9b62-005056a90284\/w:980\/5e7b9ef60420a49e306a809c1e1ad73770613b09.jpg 980w\" sizes=\"(max-width: 1023px) calc(100vw - 32px), (min-width: 1024px) 850px\" alt=\"Nicolas Sarkozy et Edouard Balladur le 26 avril 1999 \u00e0 Paris\" loading=\"lazy\" class=\"a-img \">\n<\/picture><figcaption class=\"a-figcaption\"> Nicolas Sarkozy et Edouard Balladur le 26 avril 1999 \u00e0 Paris \u00a9 MANOOCHER DEGHATI \/ AFP\/Archives <\/figcaption><\/figure>\n<\/p><\/div>\n<p>Durante mucho tiempo, los sondeos lo dieron como amplio favorito en la primera vuelta, pero vio c\u00f3mo su ventaja se desvanec\u00eda con el paso de las semanas. Su imagen termin\u00f3 asociada a las caricaturas del dibujante Plantu, que lo representaba en Le Monde con una peluca de Luis XV sobre una silla de manos.<\/p>\n<p>\u201cA lo largo de los a\u00f1os, mostr\u00e9 <strong>demasiada distancia y frialdad<\/strong> en el papel p\u00fablico que ten\u00eda que desempe\u00f1ar, de modo que la pol\u00edtica que inspir\u00e9 o llev\u00e9 adelante yo mismo pareci\u00f3 al pueblo franc\u00e9s carecer de calidez y proyecci\u00f3n\u201d, admit\u00eda en la misma tribuna.<\/p>\n<p class=\"a-read-more\"><span class=\"a-read-more__label\">Leer tambi\u00e9n<\/span><a href=\"https:\/\/www.france24.com\/es\/programas\/francia-en-foco\/20260806-francia-en-la-encrucijada-rumbo-a-las-elecciones-presidenciales-de-2027\" target=\"_self\" class=\"a-read-more__link\">Francia: en la encrucijada rumbo a las elecciones presidenciales de 2027<\/a><\/p>\n<p>Este fracaso marcar\u00eda el fin de sus ambiciones nacionales y esta batalla fratricida entre los dos amigos \u201cde treinta a\u00f1os\u201d \u2014la expresi\u00f3n es de Chirac\u2014 provocar\u00eda una divisi\u00f3n duradera en la derecha.<\/p>\n<p>Retirado de la vida pol\u00edtica, \u00c9douard Balladur qued\u00f3 posteriormente bajo sospecha por la presunta financiaci\u00f3n oculta de su campa\u00f1a presidencial, gracias a retrocomisiones sobre contratos de armamento con <a href=\"https:\/\/www.france24.com\/es\/tag\/pakist\u00e1n\/\" target=\"_self\">Pakist\u00e1n<\/a>.<\/p>\n<p>Fue absuelto por la Corte de Justicia de la Rep\u00fablica en 2021, pero no su exministro de Defensa Fran\u00e7ois L\u00e9otard, hoy fallecido, quien fue condenado a dos a\u00f1os de prisi\u00f3n en suspenso.<\/p>\n<p>Con AFP<\/p>\n","protected":false},"excerpt":{"rendered":"<p>El ex primer ministro franc\u00e9s \u00c9douard Balladur&#46;&#46;&#46;<\/p>\n","protected":false},"author":1,"featured_media":407137,"comment_status":"closed","ping_status":"closed","sticky":false,"template":"","format":"standard","meta":{"_jetpack_newsletter_access":"","_jetpack_dont_email_post_to_subs":false,"_jetpack_newsletter_tier_id":0,"_jetpack_memberships_contains_paywalled_content":false,"_jetpack_feature_clip_id":0,"_jetpack_memberships_contains_paid_content":false,"footnotes":"","jetpack_publicize_message":"","jetpack_publicize_feature_enabled":true,"jetpack_social_post_already_shared":true,"jetpack_social_options":{"image_generator_settings":{"template":"highway","default_image_id":0,"font":"","enabled":false},"version":2},"jetpack_post_was_ever_published":false},"categories":[43],"tags":[],"class_list":["post-407136","post","type-post","status-publish","format-standard","has-post-thumbnail","hentry","category-internacionales"],"yoast_head":"<!-- This site is optimized with the Yoast SEO plugin v28.1 - https:\/\/yoast.com\/product\/yoast-seo-wordpress\/ -->\n<title>Muere el ex primer ministro franc\u00e9s \u00c9douard Balladur a los 97 a\u00f1os - Sarmiento24h<\/title>\n<meta name=\"robots\" content=\"index, follow, max-snippet:-1, max-image-preview:large, max-video-preview:-1\" \/>\n<link rel=\"canonical\" href=\"https:\/\/sarmiento24h.com\/?p=407136\" \/>\n<meta property=\"og:locale\" content=\"es_ES\" \/>\n<meta property=\"og:type\" content=\"article\" \/>\n<meta property=\"og:title\" content=\"Muere el ex primer ministro franc\u00e9s \u00c9douard Balladur a los 97 a\u00f1os - Sarmiento24h\" \/>\n<meta property=\"og:description\" content=\"El ex primer ministro franc\u00e9s \u00c9douard Balladur&#046;&#046;&#046;\" \/>\n<meta property=\"og:url\" content=\"https:\/\/sarmiento24h.com\/?p=407136\" \/>\n<meta property=\"og:site_name\" content=\"Sarmiento24h\" \/>\n<meta property=\"article:publisher\" content=\"https:\/\/facebook.com\/s24hnoticias\" \/>\n<meta property=\"article:published_time\" content=\"2026-08-31T20:17:08+00:00\" \/>\n<meta property=\"og:image\" content=\"https:\/\/s.france24.com\/media\/display\/6cf0963a-a570-11f1-82fa-005056a90284\/w:980\/000-C6XR8G7.jpg\" \/>\n<meta name=\"author\" content=\"sarmiento24h@gmail.com\" \/>\n<meta name=\"twitter:card\" content=\"summary_large_image\" \/>\n<meta name=\"twitter:creator\" content=\"@sarmiento24h\" \/>\n<meta name=\"twitter:site\" content=\"@sarmiento24h\" \/>\n<meta name=\"twitter:label1\" content=\"Escrito por\" \/>\n\t<meta name=\"twitter:data1\" content=\"sarmiento24h@gmail.com\" \/>\n\t<meta name=\"twitter:label2\" content=\"Tiempo de lectura\" \/>\n\t<meta name=\"twitter:data2\" content=\"4 minutos\" \/>\n<script type=\"application\/ld+json\" class=\"yoast-schema-graph\">{\"@context\":\"https:\\\/\\\/schema.org\",\"@graph\":[{\"@type\":\"Article\",\"@id\":\"https:\\\/\\\/sarmiento24h.com\\\/?p=407136#article\",\"isPartOf\":{\"@id\":\"https:\\\/\\\/sarmiento24h.com\\\/?p=407136\"},\"author\":{\"name\":\"sarmiento24h@gmail.com\",\"@id\":\"https:\\\/\\\/sarmiento24h.com\\\/#\\\/schema\\\/person\\\/d653a59725ad629a7e0429af7b939d4d\"},\"headline\":\"Muere el ex primer ministro franc\u00e9s \u00c9douard Balladur a los 97 a\u00f1os\",\"datePublished\":\"2026-08-31T20:17:08+00:00\",\"mainEntityOfPage\":{\"@id\":\"https:\\\/\\\/sarmiento24h.com\\\/?p=407136\"},\"wordCount\":773,\"publisher\":{\"@id\":\"https:\\\/\\\/sarmiento24h.com\\\/#organization\"},\"image\":{\"@id\":\"https:\\\/\\\/sarmiento24h.com\\\/?p=407136#primaryimage\"},\"thumbnailUrl\":\"https:\\\/\\\/sarmiento24h.com\\\/wp-content\\\/uploads\\\/2026\\\/08\\\/muere-el-ex-primer-ministro-frances-edouard-balladur-a-los-97-anos.jpg\",\"articleSection\":[\"Internacionales\"],\"inLanguage\":\"es\"},{\"@type\":\"WebPage\",\"@id\":\"https:\\\/\\\/sarmiento24h.com\\\/?p=407136\",\"url\":\"https:\\\/\\\/sarmiento24h.com\\\/?p=407136\",\"name\":\"Muere el ex primer ministro franc\u00e9s \u00c9douard Balladur a los 97 a\u00f1os - Sarmiento24h\",\"isPartOf\":{\"@id\":\"https:\\\/\\\/sarmiento24h.com\\\/#website\"},\"primaryImageOfPage\":{\"@id\":\"https:\\\/\\\/sarmiento24h.com\\\/?p=407136#primaryimage\"},\"image\":{\"@id\":\"https:\\\/\\\/sarmiento24h.com\\\/?p=407136#primaryimage\"},\"thumbnailUrl\":\"https:\\\/\\\/sarmiento24h.com\\\/wp-content\\\/uploads\\\/2026\\\/08\\\/muere-el-ex-primer-ministro-frances-edouard-balladur-a-los-97-anos.jpg\",\"datePublished\":\"2026-08-31T20:17:08+00:00\",\"breadcrumb\":{\"@id\":\"https:\\\/\\\/sarmiento24h.com\\\/?p=407136#breadcrumb\"},\"inLanguage\":\"es\",\"potentialAction\":[{\"@type\":\"ReadAction\",\"target\":[\"https:\\\/\\\/sarmiento24h.com\\\/?p=407136\"]}]},{\"@type\":\"ImageObject\",\"inLanguage\":\"es\",\"@id\":\"https:\\\/\\\/sarmiento24h.com\\\/?p=407136#primaryimage\",\"url\":\"https:\\\/\\\/sarmiento24h.com\\\/wp-content\\\/uploads\\\/2026\\\/08\\\/muere-el-ex-primer-ministro-frances-edouard-balladur-a-los-97-anos.jpg\",\"contentUrl\":\"https:\\\/\\\/sarmiento24h.com\\\/wp-content\\\/uploads\\\/2026\\\/08\\\/muere-el-ex-primer-ministro-frances-edouard-balladur-a-los-97-anos.jpg\",\"width\":980,\"height\":656},{\"@type\":\"BreadcrumbList\",\"@id\":\"https:\\\/\\\/sarmiento24h.com\\\/?p=407136#breadcrumb\",\"itemListElement\":[{\"@type\":\"ListItem\",\"position\":1,\"name\":\"Home\",\"item\":\"https:\\\/\\\/sarmiento24h.com\\\/\"},{\"@type\":\"ListItem\",\"position\":2,\"name\":\"Muere el ex primer ministro franc\u00e9s \u00c9douard Balladur a los 97 a\u00f1os\"}]},{\"@type\":\"WebSite\",\"@id\":\"https:\\\/\\\/sarmiento24h.com\\\/#website\",\"url\":\"https:\\\/\\\/sarmiento24h.com\\\/\",\"name\":\"Sarmiento24h\",\"description\":\"\",\"publisher\":{\"@id\":\"https:\\\/\\\/sarmiento24h.com\\\/#organization\"},\"potentialAction\":[{\"@type\":\"SearchAction\",\"target\":{\"@type\":\"EntryPoint\",\"urlTemplate\":\"https:\\\/\\\/sarmiento24h.com\\\/?s={search_term_string}\"},\"query-input\":{\"@type\":\"PropertyValueSpecification\",\"valueRequired\":true,\"valueName\":\"search_term_string\"}}],\"inLanguage\":\"es\"},{\"@type\":\"Organization\",\"@id\":\"https:\\\/\\\/sarmiento24h.com\\\/#organization\",\"name\":\"Sarmiento24h\",\"url\":\"https:\\\/\\\/sarmiento24h.com\\\/\",\"logo\":{\"@type\":\"ImageObject\",\"inLanguage\":\"es\",\"@id\":\"https:\\\/\\\/sarmiento24h.com\\\/#\\\/schema\\\/logo\\\/image\\\/\",\"url\":\"https:\\\/\\\/sarmiento24h.com\\\/wp-content\\\/uploads\\\/2025\\\/12\\\/AddText_12-16-10.30.52.jpg\",\"contentUrl\":\"https:\\\/\\\/sarmiento24h.com\\\/wp-content\\\/uploads\\\/2025\\\/12\\\/AddText_12-16-10.30.52.jpg\",\"width\":1220,\"height\":324,\"caption\":\"Sarmiento24h\"},\"image\":{\"@id\":\"https:\\\/\\\/sarmiento24h.com\\\/#\\\/schema\\\/logo\\\/image\\\/\"},\"sameAs\":[\"https:\\\/\\\/facebook.com\\\/s24hnoticias\",\"https:\\\/\\\/x.com\\\/sarmiento24h\"]},{\"@type\":\"Person\",\"@id\":\"https:\\\/\\\/sarmiento24h.com\\\/#\\\/schema\\\/person\\\/d653a59725ad629a7e0429af7b939d4d\",\"name\":\"sarmiento24h@gmail.com\",\"image\":{\"@type\":\"ImageObject\",\"inLanguage\":\"es\",\"@id\":\"https:\\\/\\\/sarmiento24h.com\\\/wp-content\\\/litespeed\\\/avatar\\\/d02cbc4e23c747e6659cd45907173c8f.jpg?ver=1788047690\",\"url\":\"https:\\\/\\\/sarmiento24h.com\\\/wp-content\\\/litespeed\\\/avatar\\\/d02cbc4e23c747e6659cd45907173c8f.jpg?ver=1788047690\",\"contentUrl\":\"https:\\\/\\\/sarmiento24h.com\\\/wp-content\\\/litespeed\\\/avatar\\\/d02cbc4e23c747e6659cd45907173c8f.jpg?ver=1788047690\",\"caption\":\"sarmiento24h@gmail.com\"},\"sameAs\":[\"https:\\\/\\\/sarmiento24h.com\"],\"url\":\"https:\\\/\\\/sarmiento24h.com\\\/?author=1\"}]}<\/script>\n<!-- \/ Yoast SEO plugin. -->","yoast_head_json":{"title":"Muere el ex primer ministro franc\u00e9s \u00c9douard Balladur a los 97 a\u00f1os - Sarmiento24h","robots":{"index":"index","follow":"follow","max-snippet":"max-snippet:-1","max-image-preview":"max-image-preview:large","max-video-preview":"max-video-preview:-1"},"canonical":"https:\/\/sarmiento24h.com\/?p=407136","og_locale":"es_ES","og_type":"article","og_title":"Muere el ex primer ministro franc\u00e9s \u00c9douard Balladur a los 97 a\u00f1os - Sarmiento24h","og_description":"El ex primer ministro franc\u00e9s \u00c9douard Balladur&#46;&#46;&#46;","og_url":"https:\/\/sarmiento24h.com\/?p=407136","og_site_name":"Sarmiento24h","article_publisher":"https:\/\/facebook.com\/s24hnoticias","article_published_time":"2026-08-31T20:17:08+00:00","og_image":[{"url":"https:\/\/s.france24.com\/media\/display\/6cf0963a-a570-11f1-82fa-005056a90284\/w:980\/000-C6XR8G7.jpg","type":"","width":"","height":""}],"author":"sarmiento24h@gmail.com","twitter_card":"summary_large_image","twitter_creator":"@sarmiento24h","twitter_site":"@sarmiento24h","twitter_misc":{"Escrito por":"sarmiento24h@gmail.com","Tiempo de lectura":"4 minutos"},"schema":{"@context":"https:\/\/schema.org","@graph":[{"@type":"Article","@id":"https:\/\/sarmiento24h.com\/?p=407136#article","isPartOf":{"@id":"https:\/\/sarmiento24h.com\/?p=407136"},"author":{"name":"sarmiento24h@gmail.com","@id":"https:\/\/sarmiento24h.com\/#\/schema\/person\/d653a59725ad629a7e0429af7b939d4d"},"headline":"Muere el ex primer ministro franc\u00e9s \u00c9douard Balladur a los 97 a\u00f1os","datePublished":"2026-08-31T20:17:08+00:00","mainEntityOfPage":{"@id":"https:\/\/sarmiento24h.com\/?p=407136"},"wordCount":773,"publisher":{"@id":"https:\/\/sarmiento24h.com\/#organization"},"image":{"@id":"https:\/\/sarmiento24h.com\/?p=407136#primaryimage"},"thumbnailUrl":"https:\/\/sarmiento24h.com\/wp-content\/uploads\/2026\/08\/muere-el-ex-primer-ministro-frances-edouard-balladur-a-los-97-anos.jpg","articleSection":["Internacionales"],"inLanguage":"es"},{"@type":"WebPage","@id":"https:\/\/sarmiento24h.com\/?p=407136","url":"https:\/\/sarmiento24h.com\/?p=407136","name":"Muere el ex primer ministro franc\u00e9s \u00c9douard Balladur a los 97 a\u00f1os - Sarmiento24h","isPartOf":{"@id":"https:\/\/sarmiento24h.com\/#website"},"primaryImageOfPage":{"@id":"https:\/\/sarmiento24h.com\/?p=407136#primaryimage"},"image":{"@id":"https:\/\/sarmiento24h.com\/?p=407136#primaryimage"},"thumbnailUrl":"https:\/\/sarmiento24h.com\/wp-content\/uploads\/2026\/08\/muere-el-ex-primer-ministro-frances-edouard-balladur-a-los-97-anos.jpg","datePublished":"2026-08-31T20:17:08+00:00","breadcrumb":{"@id":"https:\/\/sarmiento24h.com\/?p=407136#breadcrumb"},"inLanguage":"es","potentialAction":[{"@type":"ReadAction","target":["https:\/\/sarmiento24h.com\/?p=407136"]}]},{"@type":"ImageObject","inLanguage":"es","@id":"https:\/\/sarmiento24h.com\/?p=407136#primaryimage","url":"https:\/\/sarmiento24h.com\/wp-content\/uploads\/2026\/08\/muere-el-ex-primer-ministro-frances-edouard-balladur-a-los-97-anos.jpg","contentUrl":"https:\/\/sarmiento24h.com\/wp-content\/uploads\/2026\/08\/muere-el-ex-primer-ministro-frances-edouard-balladur-a-los-97-anos.jpg","width":980,"height":656},{"@type":"BreadcrumbList","@id":"https:\/\/sarmiento24h.com\/?p=407136#breadcrumb","itemListElement":[{"@type":"ListItem","position":1,"name":"Home","item":"https:\/\/sarmiento24h.com\/"},{"@type":"ListItem","position":2,"name":"Muere el ex primer ministro franc\u00e9s \u00c9douard Balladur a los 97 a\u00f1os"}]},{"@type":"WebSite","@id":"https:\/\/sarmiento24h.com\/#website","url":"https:\/\/sarmiento24h.com\/","name":"Sarmiento24h","description":"","publisher":{"@id":"https:\/\/sarmiento24h.com\/#organization"},"potentialAction":[{"@type":"SearchAction","target":{"@type":"EntryPoint","urlTemplate":"https:\/\/sarmiento24h.com\/?s={search_term_string}"},"query-input":{"@type":"PropertyValueSpecification","valueRequired":true,"valueName":"search_term_string"}}],"inLanguage":"es"},{"@type":"Organization","@id":"https:\/\/sarmiento24h.com\/#organization","name":"Sarmiento24h","url":"https:\/\/sarmiento24h.com\/","logo":{"@type":"ImageObject","inLanguage":"es","@id":"https:\/\/sarmiento24h.com\/#\/schema\/logo\/image\/","url":"https:\/\/sarmiento24h.com\/wp-content\/uploads\/2025\/12\/AddText_12-16-10.30.52.jpg","contentUrl":"https:\/\/sarmiento24h.com\/wp-content\/uploads\/2025\/12\/AddText_12-16-10.30.52.jpg","width":1220,"height":324,"caption":"Sarmiento24h"},"image":{"@id":"https:\/\/sarmiento24h.com\/#\/schema\/logo\/image\/"},"sameAs":["https:\/\/facebook.com\/s24hnoticias","https:\/\/x.com\/sarmiento24h"]},{"@type":"Person","@id":"https:\/\/sarmiento24h.com\/#\/schema\/person\/d653a59725ad629a7e0429af7b939d4d","name":"sarmiento24h@gmail.com","image":{"@type":"ImageObject","inLanguage":"es","@id":"https:\/\/sarmiento24h.com\/wp-content\/litespeed\/avatar\/d02cbc4e23c747e6659cd45907173c8f.jpg?ver=1788047690","url":"https:\/\/sarmiento24h.com\/wp-content\/litespeed\/avatar\/d02cbc4e23c747e6659cd45907173c8f.jpg?ver=1788047690","contentUrl":"https:\/\/sarmiento24h.com\/wp-content\/litespeed\/avatar\/d02cbc4e23c747e6659cd45907173c8f.jpg?ver=1788047690","caption":"sarmiento24h@gmail.com"},"sameAs":["https:\/\/sarmiento24h.com"],"url":"https:\/\/sarmiento24h.com\/?author=1"}]}},"jetpack_publicize_connections":[],"jetpack_featured_media_url":"https:\/\/sarmiento24h.com\/wp-content\/uploads\/2026\/08\/muere-el-ex-primer-ministro-frances-edouard-balladur-a-los-97-anos.jpg","jetpack_sharing_enabled":true,"_links":{"self":[{"href":"https:\/\/sarmiento24h.com\/index.php?rest_route=\/wp\/v2\/posts\/407136","targetHints":{"allow":["GET"]}}],"collection":[{"href":"https:\/\/sarmiento24h.com\/index.php?rest_route=\/wp\/v2\/posts"}],"about":[{"href":"https:\/\/sarmiento24h.com\/index.php?rest_route=\/wp\/v2\/types\/post"}],"author":[{"embeddable":true,"href":"https:\/\/sarmiento24h.com\/index.php?rest_route=\/wp\/v2\/users\/1"}],"replies":[{"embeddable":true,"href":"https:\/\/sarmiento24h.com\/index.php?rest_route=%2Fwp%2Fv2%2Fcomments&post=407136"}],"version-history":[{"count":0,"href":"https:\/\/sarmiento24h.com\/index.php?rest_route=\/wp\/v2\/posts\/407136\/revisions"}],"wp:featuredmedia":[{"embeddable":true,"href":"https:\/\/sarmiento24h.com\/index.php?rest_route=\/wp\/v2\/media\/407137"}],"wp:attachment":[{"href":"https:\/\/sarmiento24h.com\/index.php?rest_route=%2Fwp%2Fv2%2Fmedia&parent=407136"}],"wp:term":[{"taxonomy":"category","embeddable":true,"href":"https:\/\/sarmiento24h.com\/index.php?rest_route=%2Fwp%2Fv2%2Fcategories&post=407136"},{"taxonomy":"post_tag","embeddable":true,"href":"https:\/\/sarmiento24h.com\/index.php?rest_route=%2Fwp%2Fv2%2Ftags&post=407136"}],"curies":[{"name":"wp","href":"https:\/\/api.w.org\/{rel}","templated":true}]}}