{"id":407292,"date":"2026-08-31T22:37:57","date_gmt":"2026-08-31T22:37:57","guid":{"rendered":"http:\/\/5e980746-a582-11f1-850d-dbb5f19d2de6"},"modified":"2026-08-31T22:37:57","modified_gmt":"2026-08-31T22:37:57","slug":"drones-propulsados-a-reaccion-la-nueva-amenaza-rusa-que-siembra-el-terror-en-ucrania","status":"publish","type":"post","link":"https:\/\/sarmiento24h.com\/?p=407292","title":{"rendered":"Drones propulsados a reacci\u00f3n: la nueva amenaza rusa que siembra el terror en Ucrania"},"content":{"rendered":"<p><a href=\"https:\/\/www.france24.com\/es\/tag\/ucrania\/\" target=\"_self\" class=\"gtm-add-suggested-tag\">Ucrania<\/a> vivi\u00f3 un quinto d\u00eda consecutivo de ataques a\u00e9reos rusos, esta vez a plena luz del d\u00eda y con los almacenes como objetivo, una ofensiva que est\u00e1 afectando los inventarios de los supermercados en <a href=\"https:\/\/www.france24.com\/es\/tag\/kiev\/\" target=\"_self\" class=\"gtm-add-suggested-tag\">Kiev<\/a> y en muchas otras ciudades del pa\u00eds.<\/p>\n<p>Los bombardeos se producen un d\u00eda antes del proyectado regreso a las aulas y arroja dudas sobre la disposici\u00f3n de los padres a enviar a sus hijos a clases, a pesar de que las escuelas disponen de refugios antia\u00e9reos, adem\u00e1s de la opci\u00f3n de clases remotas.<\/p>\n<p>Cerca de un mill\u00f3n de libros de texto han sido destruidos por fuego ruso en ataques contra editoriales, lo que podr\u00eda ocasionar retraso en las entregas de este material, de acuerdo con el Ministerio de Educaci\u00f3n.<\/p>\n<blockquote class=\"quote\" readability=\"8.695652173913\">\n<p>\u00abAhora mismo, la t\u00e1ctica de <a href=\"https:\/\/www.france24.com\/es\/tag\/rusia\/\" target=\"_self\" class=\"gtm-add-suggested-tag\">Rusia<\/a> es desgastar a Ucrania y a los ucranianos, ante todo, a nuestro pueblo\u00bb, afirm\u00f3 el presidente <a href=\"https:\/\/www.france24.com\/es\/tag\/volod\u00edmir-zelenski\/\" target=\"_self\" class=\"gtm-add-suggested-tag\">Volod\u00edmir Zelenski<\/a> en redes sociales el 30 de agosto.<\/p>\n<\/blockquote>\n<p>La nueva estrategia rusa replica la que Ucrania ha desplegado en los \u00faltimos meses, cuando ha enfocado sus ofensivas con drones contra minoristas en l\u00ednea e instalaciones energ\u00e9ticas, en un esfuerzo por afectar la vida cotidiana de la poblaci\u00f3n civil.<\/p>\n<p>A pesar de ello, Sergu\u00e9i Beskrestnov, asesor de Zelenski, descart\u00f3 en una publicaci\u00f3n en redes sociales que haya riesgo de que la ofensiva tenga capacidad de provocar hambre e inst\u00f3 a la poblaci\u00f3n a no ceder ante rumores o campa\u00f1as de desinformaci\u00f3n dirigidas a afectar las cadenas de suministro.<\/p>\n<div class=\"m-em-image\">\n<figure class=\"m-item-image m-item-image--original m-item-image--has-caption\"> <picture class=\"a-picture a-picture--original\"><source type=\"image\/webp\" srcset=\"https:\/\/s.france24.com\/media\/display\/82663db6-a580-11f1-971f-005056a90284\/w:246\/AP26243324396398.webp 246w, https:\/\/s.france24.com\/media\/display\/82663db6-a580-11f1-971f-005056a90284\/w:388\/AP26243324396398.webp 388w, https:\/\/s.france24.com\/media\/display\/82663db6-a580-11f1-971f-005056a90284\/w:720\/AP26243324396398.webp 720w, https:\/\/s.france24.com\/media\/display\/82663db6-a580-11f1-971f-005056a90284\/w:980\/AP26243324396398.webp 980w\" sizes=\"(max-width: 1023px) calc(100vw - 32px), (min-width: 1024px) 850px\"><img fetchpriority=\"low\" decoding=\"async\" src=\"https:\/\/s.france24.com\/media\/display\/82663db6-a580-11f1-971f-005056a90284\/w:980\/AP26243324396398.jpg\" srcset=\"https:\/\/s.france24.com\/media\/display\/82663db6-a580-11f1-971f-005056a90284\/w:246\/AP26243324396398.jpg 246w, https:\/\/s.france24.com\/media\/display\/82663db6-a580-11f1-971f-005056a90284\/w:388\/AP26243324396398.jpg 388w, https:\/\/s.france24.com\/media\/display\/82663db6-a580-11f1-971f-005056a90284\/w:720\/AP26243324396398.jpg 720w, https:\/\/s.france24.com\/media\/display\/82663db6-a580-11f1-971f-005056a90284\/w:980\/AP26243324396398.jpg 980w\" sizes=\"(max-width: 1023px) calc(100vw - 32px), (min-width: 1024px) 850px\" alt=\"En esta foto proporcionada por el Servicio de Emergencia Ucraniano, una mujer observa un edificio residencial da\u00f1ado por un ataque a\u00e9reo ruso en Sloviansk, regi\u00f3n de Donetsk, Ucrania. 31 de agosto de 2026.\" loading=\"lazy\" class=\"a-img \">\n<\/picture><figcaption class=\"a-figcaption\"> En esta foto proporcionada por el Servicio de Emergencia Ucraniano, una mujer observa un edificio residencial da\u00f1ado por un ataque a\u00e9reo ruso en Sloviansk, regi\u00f3n de Donetsk, Ucrania. 31 de agosto de 2026. Ukrainian Emergency Service via <\/figcaption><\/figure>\n<\/p><\/div>\n<p>En esta ocasi\u00f3n, Rusia ha apelado a la nueva tecnolog\u00eda de drones propulsados a reacci\u00f3n, que utiliza cada vez m\u00e1s y ante la que Ucrania todav\u00eda intenta conseguir formas de responder.<\/p>\n<p>De los 1.500 drones que ha disparado entre el jueves 27 y el domingo 30; 800 son propulsados por jets, seg\u00fan revel\u00f3 Zelenski.<\/p>\n<p>La ofensiva en Brovary y Boryspil, ambas ciudades de la regi\u00f3n de Kiev, que provoc\u00f3 densas nubles de humo la ma\u00f1ana del lunes, dej\u00f3 tambi\u00e9n cuatro heridos, de acuerdo con el jefe de la administraci\u00f3n militar regional, Tymur Tkachenko.<\/p>\n<p>Ucrania ha apelado hasta ahora a aviones de combate para tratar de contrarrestar la nueva ofensiva, pero Zelenski inform\u00f3 que \u00abcuatro empresas han desarrollado los drones interceptores relevantes y una empresa tiene la tecnolog\u00eda m\u00e1s exitosa\u201d.<\/p>\n<h2><strong>Las consecuencias de cinco d\u00edas de asedio<\/strong><\/h2>\n<p>Oleksandr Kamishin, asesor clave de Zelenski en industrias estrat\u00e9gicas y armamento, fue cesado de su cargo por el presidente, luego de que un ataque ruso a un dep\u00f3sito de municiones ubicado en una zona habitada en los alrededores de Kiev dejara 38 muertos y avergonzara a las fuerzas ucranianas por la grave imprevisi\u00f3n.<\/p>\n<p>El presidente hab\u00eda prometido establecer responsabilidades en la decisi\u00f3n de emplazar una instalaci\u00f3n como esa en un \u00e1rea fundamentalmente civil, que inclu\u00eda una residencia de ancianos, en la que se produjo la mayor parte de las v\u00edctimas.<\/p>\n<div class=\"m-em-video\">\n<div class=\"o-video-player o-video-player--16x9\" data-media-video-wbmz416660-f24-es-20260831 data-show-hidden-video-player=\"WBMZ416660-F24-ES-20260831\" data-wrapper-video-player data-youtube-script>\n<div class=\"o-em-consent \" readability=\"7\">\n<div class=\"o-em-consent__content\" readability=\"34\">\n<p class=\"o-em-consent__content__text\">Para mostrar este contenido de YouTube, debe autorizar las cookies de medici\u00f3n de audiencia y publicidad.<\/p>\n<p> <button class=\"a-master-button a-master-button--dark\" data-action=\"accept\"> Aceptar <svg class=\"a-svg a-svg--icon-check\"> <use xlink:href=\"\/build\/images\/svg\/sprite.1af31c2f854b10d5fc5627a4f4fa61be.svg#icon-check\" href=\"\/build\/images\/svg\/sprite.1af31c2f854b10d5fc5627a4f4fa61be.svg#icon-check\" \/> <\/svg> <\/button> <button class=\"a-link\" data-action=\"manage\">Gestionar mis opciones <svg class=\"a-svg a-svg--icon-edit\"> <use xlink:href=\"\/build\/images\/svg\/sprite.1af31c2f854b10d5fc5627a4f4fa61be.svg#icon-edit\" href=\"\/build\/images\/svg\/sprite.1af31c2f854b10d5fc5627a4f4fa61be.svg#icon-edit\" \/> <\/svg><br \/>\n<\/button> <\/div>\n<\/div>\n<div class=\"o-em-adblock\" data-adblock-content readability=\"7\">\n<div class=\"o-em-adblock__content\" readability=\"34\">\n<p class=\"o-em-adblock__content__text\">Una extensi\u00f3n de tu navegador parece estar bloqueando la carga del reproductor de video. Para poder ver este contenido, debes desactivarla en este sitio.<\/p>\n<p> <button class=\"a-master-button a-master-button--dark\" data-action=\"reload\">Reintentar<\/button> <\/div>\n<\/div>\n<figure class=\"m-item-image m-item-image--16x9 m-item-image--has-caption\"> <picture class=\"a-picture a-picture--16x9\"><source type=\"image\/webp\" srcset=\"https:\/\/s.france24.com\/media\/display\/5a5c16f8-a4c5-11f1-bb66-005056bfb2b6\/w:388\/p:16x9\/ES-20260830-150727-150902-CS.webp 388w, https:\/\/s.france24.com\/media\/display\/5a5c16f8-a4c5-11f1-bb66-005056bfb2b6\/w:720\/p:16x9\/ES-20260830-150727-150902-CS.webp 720w, https:\/\/s.france24.com\/media\/display\/5a5c16f8-a4c5-11f1-bb66-005056bfb2b6\/w:1024\/p:16x9\/ES-20260830-150727-150902-CS.webp 1024w\" sizes=\"(max-width: 639px) calc(100vw - 32px), (max-width: 1076px) calc(100vw - 44px), 850px\"><img fetchpriority=\"high\" decoding=\"auto\" src=\"https:\/\/s.france24.com\/media\/display\/5a5c16f8-a4c5-11f1-bb66-005056bfb2b6\/w:1024\/p:16x9\/ES-20260830-150727-150902-CS.jpg\" srcset=\"https:\/\/s.france24.com\/media\/display\/5a5c16f8-a4c5-11f1-bb66-005056bfb2b6\/w:388\/p:16x9\/ES-20260830-150727-150902-CS.jpg 388w, https:\/\/s.france24.com\/media\/display\/5a5c16f8-a4c5-11f1-bb66-005056bfb2b6\/w:720\/p:16x9\/ES-20260830-150727-150902-CS.jpg 720w, https:\/\/s.france24.com\/media\/display\/5a5c16f8-a4c5-11f1-bb66-005056bfb2b6\/w:1024\/p:16x9\/ES-20260830-150727-150902-CS.jpg 1024w\" sizes=\"(max-width: 639px) calc(100vw - 32px), (max-width: 1076px) calc(100vw - 44px), 850px\" width=\"1024\" height=\"576\" alt loading=\"eager\" class=\"a-img \">\n<\/picture><figcaption class=\"a-figcaption\"> Imagen de portada: \u00a9 France 24 <\/figcaption><\/figure>\n<\/p><\/div>\n<\/div>\n<p>Kamishin ten\u00eda una amplia experiencia en el gabinete de Zelenski, con responsabilidades como el Ministerio de Industrias Energ\u00e9ticas, en el que fue clave en la producci\u00f3n armament\u00edstica y la gesti\u00f3n de la empresa p\u00fablica de ferrocarriles, Ukrzaliznytsia.<\/p>\n<p>Su despido se suma a las represalias contra dirigentes de la principal empresa p\u00fablica de armamento, que ya hab\u00edan sido responsabilizados de una falta similar, luego de que 10 personas murieran el 6 de julio por la explosi\u00f3n de un almac\u00e9n de municiones en un \u00e1rea residencial cerca de Kiev.<\/p>\n<h2><strong>Retomando los esfuerzos diplom\u00e1ticos<\/strong><\/h2>\n<p>Volod\u00edmir Zelenski volvi\u00f3 a tener contactos este 31 de agosto con los enviados especiales de <a href=\"https:\/\/www.france24.com\/es\/tag\/estados-unidos\/\" target=\"_self\" class=\"gtm-add-suggested-tag\">Estados Unidos<\/a> <a href=\"https:\/\/www.france24.com\/es\/tag\/steve-witkoff\/\" target=\"_self\" class=\"gtm-add-suggested-tag\">Steve Witkoff<\/a> y <a href=\"https:\/\/www.france24.com\/es\/tag\/jared-kushner\/\" target=\"_self\" class=\"gtm-add-suggested-tag\">Jared Kushner<\/a>, seg\u00fan confirm\u00f3 \u00e9l mismo, calificando el intercambio como una llamada \u201cdetallada y constructiva\u201d.<\/p>\n<p>\u00abTambi\u00e9n les inform\u00e9 sobre la situaci\u00f3n en el campo de batalla, donde los avances de Rusia han sido escasos y a costa de enormes p\u00e9rdidas, y sobre los ataques\u00bb, inform\u00f3 el presidente en una publicaci\u00f3n en Telegram.<\/p>\n<div id=\"em-WBMZ416661-F24-ES-20260831\" class=\"m-em-flash\" data-xtwitter-script>\n<div class=\"o-em-consent \" readability=\"7\">\n<div class=\"o-em-consent__content\" readability=\"34\">\n<p class=\"o-em-consent__content__text\">Para mostrar este contenido de X (Twitter), debe autorizar las cookies de medici\u00f3n de audiencia y publicidad.<\/p>\n<p> <button class=\"a-master-button a-master-button--dark\" data-action=\"accept\"> Aceptar <svg class=\"a-svg a-svg--icon-check\"> <use xlink:href=\"\/build\/images\/svg\/sprite.1af31c2f854b10d5fc5627a4f4fa61be.svg#icon-check\" href=\"\/build\/images\/svg\/sprite.1af31c2f854b10d5fc5627a4f4fa61be.svg#icon-check\" \/> <\/svg> <\/button> <button class=\"a-link\" data-action=\"manage\">Gestionar mis opciones <svg class=\"a-svg a-svg--icon-edit\"> <use xlink:href=\"\/build\/images\/svg\/sprite.1af31c2f854b10d5fc5627a4f4fa61be.svg#icon-edit\" href=\"\/build\/images\/svg\/sprite.1af31c2f854b10d5fc5627a4f4fa61be.svg#icon-edit\" \/> <\/svg><br \/>\n<\/button> <\/div>\n<\/div>\n<\/div>\n<p>\u00abVeremos qu\u00e9 logran los representantes del presidente de Estados Unidos. Septiembre podr\u00eda traer muchos cambios. Y nosotros, junto con nuestros socios, debemos hacer todo lo posible para proteger a las personas\u00bb, agreg\u00f3.<\/p>\n<p>Es uno de los varios esfuerzos diplom\u00e1ticos que se reactivaron este lunes y que incluyeron una conversaci\u00f3n del primer ministro indio,&nbsp;<a href=\"https:\/\/www.france24.com\/es\/tag\/narendra-modi\/\" target=\"_self\" class=\"gtm-add-suggested-tag\">Narendra Modi<\/a>, con el mandatario ruso, en una cumbre en Kirguist\u00e1n, en la que insisti\u00f3 a su \u00abamigo Vladimir Putin\u201d en que la guerra en Ucrania debe terminar, \u201cpor el bien de la humanidad\u201d.<\/p>\n<p>\u00abCada d\u00eda que la guerra contin\u00faa, la humanidad, en efecto, retrocede un paso, mientras que cada paso hacia la paz da a toda la humanidad una esperanza real de paz\u201d, asegur\u00f3 Modi, a lo que Putin respondi\u00f3: \u201cMuchas gracias, primer ministro. Avanzamos por este camino\u201d.<\/p>\n<div class=\"m-em-image\">\n<figure class=\"m-item-image m-item-image--original m-item-image--has-caption\"> <picture class=\"a-picture a-picture--original\"><source type=\"image\/webp\" srcset=\"https:\/\/s.france24.com\/media\/display\/d9434286-a581-11f1-8b7c-005056a90284\/w:246\/2026-08-31T162130Z-1317987133-RC2S9NAM4NTE-RTRMADP-3-G20-FINANCE.webp 246w, https:\/\/s.france24.com\/media\/display\/d9434286-a581-11f1-8b7c-005056a90284\/w:388\/2026-08-31T162130Z-1317987133-RC2S9NAM4NTE-RTRMADP-3-G20-FINANCE.webp 388w, https:\/\/s.france24.com\/media\/display\/d9434286-a581-11f1-8b7c-005056a90284\/w:720\/2026-08-31T162130Z-1317987133-RC2S9NAM4NTE-RTRMADP-3-G20-FINANCE.webp 720w, https:\/\/s.france24.com\/media\/display\/d9434286-a581-11f1-8b7c-005056a90284\/w:980\/2026-08-31T162130Z-1317987133-RC2S9NAM4NTE-RTRMADP-3-G20-FINANCE.webp 980w\" sizes=\"(max-width: 1023px) calc(100vw - 32px), (min-width: 1024px) 850px\"><img fetchpriority=\"low\" decoding=\"async\" src=\"https:\/\/s.france24.com\/media\/display\/d9434286-a581-11f1-8b7c-005056a90284\/w:980\/2026-08-31T162130Z-1317987133-RC2S9NAM4NTE-RTRMADP-3-G20-FINANCE.jpg\" srcset=\"https:\/\/s.france24.com\/media\/display\/d9434286-a581-11f1-8b7c-005056a90284\/w:246\/2026-08-31T162130Z-1317987133-RC2S9NAM4NTE-RTRMADP-3-G20-FINANCE.jpg 246w, https:\/\/s.france24.com\/media\/display\/d9434286-a581-11f1-8b7c-005056a90284\/w:388\/2026-08-31T162130Z-1317987133-RC2S9NAM4NTE-RTRMADP-3-G20-FINANCE.jpg 388w, https:\/\/s.france24.com\/media\/display\/d9434286-a581-11f1-8b7c-005056a90284\/w:720\/2026-08-31T162130Z-1317987133-RC2S9NAM4NTE-RTRMADP-3-G20-FINANCE.jpg 720w, https:\/\/s.france24.com\/media\/display\/d9434286-a581-11f1-8b7c-005056a90284\/w:980\/2026-08-31T162130Z-1317987133-RC2S9NAM4NTE-RTRMADP-3-G20-FINANCE.jpg 980w\" sizes=\"(max-width: 1023px) calc(100vw - 32px), (min-width: 1024px) 850px\" alt=\"El secretario del Tesoro de EE. UU., Scott Bessent, el presidente de la Reserva Federal Kevin Warsh, el director ejecutivo de JPMorgan Chase Jamie Dimon y el CEO de Goldman Sachs, David M. Solomon, asisten a una sesi\u00f3n plenaria mientras los ministros de finanzas y gobernadores de bancos centrales de los pa\u00edses del G20 se re\u00fanen en Asheville, Carolina del Norte, EE. UU., el 31 de agosto de 2026.\" loading=\"lazy\" class=\"a-img \">\n<\/picture><figcaption class=\"a-figcaption\"> El secretario del Tesoro de EE. UU., Scott Bessent, el presidente de la Reserva Federal Kevin Warsh, el director ejecutivo de JPMorgan Chase Jamie Dimon y el CEO de Goldman Sachs, David M. Solomon, asisten a una sesi\u00f3n plenaria mientras los ministros de finanzas y gobernadores de bancos centrales de los pa\u00edses del G20 se re\u00fanen en Asheville, Carolina del Norte, EE. UU., el 31 de agosto de 2026. REUTERS &#8211; Sam Wolfe <\/figcaption><\/figure>\n<\/p><\/div>\n<p>Mientras tanto, en Asheville, Carolina del Norte, varios ministros de Finanzas del G20 mostraron su disgusto por la participaci\u00f3n de Rusia en ese foro, con el de <a href=\"https:\/\/www.france24.com\/es\/tag\/alemania\/\" target=\"_self\" class=\"gtm-add-suggested-tag\">Alemania<\/a>, <a href=\"https:\/\/www.france24.com\/es\/tag\/lars-klingbeil\/\" target=\"_self\" class=\"gtm-add-suggested-tag\">Lars Klingbeil<\/a>, reclamando \u201cun enfoque conjunto\u201d a los organizadores estadounidenses.<\/p>\n<p>\u00abHabr\u00eda querido mayor claridad de la parte estadounidense de que no deb\u00eda ser recibido aqu\u00ed como un invitado normal\u201d, se quej\u00f3 Klingbeil, quien agreg\u00f3: \u00abNo puedes simplemente volver a la normalidad\u201d en la relaci\u00f3n con Rusia.<\/p>\n<p>El ministro de Finanzas ruso, Anton Siluanov, mantuvo conversaciones&nbsp;al margen de la reuni\u00f3n con el secretario del Tesoro estadounidense anfitri\u00f3n, <a href=\"https:\/\/www.france24.com\/es\/tag\/scott-bessent\/\" target=\"_self\" class=\"gtm-add-suggested-tag\">Scott Bessent<\/a>.<\/p>\n<p>Con AP, Reuters y EFE<\/p>\n","protected":false},"excerpt":{"rendered":"<p>Ucrania vivi\u00f3 un quinto d\u00eda consecutivo de&#46;&#46;&#46;<\/p>\n","protected":false},"author":1,"featured_media":407293,"comment_status":"closed","ping_status":"closed","sticky":false,"template":"","format":"standard","meta":{"_jetpack_newsletter_access":"","_jetpack_dont_email_post_to_subs":false,"_jetpack_newsletter_tier_id":0,"_jetpack_memberships_contains_paywalled_content":false,"_jetpack_feature_clip_id":0,"_jetpack_memberships_contains_paid_content":false,"footnotes":"","jetpack_publicize_message":"","jetpack_publicize_feature_enabled":true,"jetpack_social_post_already_shared":true,"jetpack_social_options":{"image_generator_settings":{"template":"highway","default_image_id":0,"font":"","enabled":false},"version":2},"jetpack_post_was_ever_published":false},"categories":[43],"tags":[],"class_list":["post-407292","post","type-post","status-publish","format-standard","has-post-thumbnail","hentry","category-internacionales"],"yoast_head":"<!-- This site is optimized with the Yoast SEO plugin v28.1 - https:\/\/yoast.com\/product\/yoast-seo-wordpress\/ -->\n<title>Drones propulsados a reacci\u00f3n: la nueva amenaza rusa que siembra el terror en Ucrania - Sarmiento24h<\/title>\n<meta name=\"robots\" content=\"index, follow, max-snippet:-1, max-image-preview:large, max-video-preview:-1\" \/>\n<link rel=\"canonical\" href=\"https:\/\/sarmiento24h.com\/?p=407292\" \/>\n<meta property=\"og:locale\" content=\"es_ES\" \/>\n<meta property=\"og:type\" content=\"article\" \/>\n<meta property=\"og:title\" content=\"Drones propulsados a reacci\u00f3n: la nueva amenaza rusa que siembra el terror en Ucrania - Sarmiento24h\" \/>\n<meta property=\"og:description\" content=\"Ucrania vivi\u00f3 un quinto d\u00eda consecutivo de&#046;&#046;&#046;\" \/>\n<meta property=\"og:url\" content=\"https:\/\/sarmiento24h.com\/?p=407292\" \/>\n<meta property=\"og:site_name\" content=\"Sarmiento24h\" \/>\n<meta property=\"article:publisher\" content=\"https:\/\/facebook.com\/s24hnoticias\" \/>\n<meta property=\"article:published_time\" content=\"2026-08-31T22:37:57+00:00\" \/>\n<meta property=\"og:image\" content=\"https:\/\/s.france24.com\/media\/display\/82663db6-a580-11f1-971f-005056a90284\/w:980\/AP26243324396398.jpg\" \/>\n<meta name=\"author\" content=\"sarmiento24h@gmail.com\" \/>\n<meta name=\"twitter:card\" content=\"summary_large_image\" \/>\n<meta name=\"twitter:creator\" content=\"@sarmiento24h\" \/>\n<meta name=\"twitter:site\" content=\"@sarmiento24h\" \/>\n<meta name=\"twitter:label1\" content=\"Escrito por\" \/>\n\t<meta name=\"twitter:data1\" content=\"sarmiento24h@gmail.com\" \/>\n\t<meta name=\"twitter:label2\" content=\"Tiempo de lectura\" \/>\n\t<meta name=\"twitter:data2\" content=\"6 minutos\" \/>\n<script type=\"application\/ld+json\" class=\"yoast-schema-graph\">{\"@context\":\"https:\\\/\\\/schema.org\",\"@graph\":[{\"@type\":\"Article\",\"@id\":\"https:\\\/\\\/sarmiento24h.com\\\/?p=407292#article\",\"isPartOf\":{\"@id\":\"https:\\\/\\\/sarmiento24h.com\\\/?p=407292\"},\"author\":{\"name\":\"sarmiento24h@gmail.com\",\"@id\":\"https:\\\/\\\/sarmiento24h.com\\\/#\\\/schema\\\/person\\\/d653a59725ad629a7e0429af7b939d4d\"},\"headline\":\"Drones propulsados a reacci\u00f3n: la nueva amenaza rusa que siembra el terror en Ucrania\",\"datePublished\":\"2026-08-31T22:37:57+00:00\",\"mainEntityOfPage\":{\"@id\":\"https:\\\/\\\/sarmiento24h.com\\\/?p=407292\"},\"wordCount\":1132,\"publisher\":{\"@id\":\"https:\\\/\\\/sarmiento24h.com\\\/#organization\"},\"image\":{\"@id\":\"https:\\\/\\\/sarmiento24h.com\\\/?p=407292#primaryimage\"},\"thumbnailUrl\":\"https:\\\/\\\/sarmiento24h.com\\\/wp-content\\\/uploads\\\/2026\\\/08\\\/drones-propulsados-a-reaccion-la-nueva-amenaza-rusa-que-siembra-el-terror-en-ucrania.jpg\",\"articleSection\":[\"Internacionales\"],\"inLanguage\":\"es\"},{\"@type\":\"WebPage\",\"@id\":\"https:\\\/\\\/sarmiento24h.com\\\/?p=407292\",\"url\":\"https:\\\/\\\/sarmiento24h.com\\\/?p=407292\",\"name\":\"Drones propulsados a reacci\u00f3n: la nueva amenaza rusa que siembra el terror en Ucrania - Sarmiento24h\",\"isPartOf\":{\"@id\":\"https:\\\/\\\/sarmiento24h.com\\\/#website\"},\"primaryImageOfPage\":{\"@id\":\"https:\\\/\\\/sarmiento24h.com\\\/?p=407292#primaryimage\"},\"image\":{\"@id\":\"https:\\\/\\\/sarmiento24h.com\\\/?p=407292#primaryimage\"},\"thumbnailUrl\":\"https:\\\/\\\/sarmiento24h.com\\\/wp-content\\\/uploads\\\/2026\\\/08\\\/drones-propulsados-a-reaccion-la-nueva-amenaza-rusa-que-siembra-el-terror-en-ucrania.jpg\",\"datePublished\":\"2026-08-31T22:37:57+00:00\",\"breadcrumb\":{\"@id\":\"https:\\\/\\\/sarmiento24h.com\\\/?p=407292#breadcrumb\"},\"inLanguage\":\"es\",\"potentialAction\":[{\"@type\":\"ReadAction\",\"target\":[\"https:\\\/\\\/sarmiento24h.com\\\/?p=407292\"]}]},{\"@type\":\"ImageObject\",\"inLanguage\":\"es\",\"@id\":\"https:\\\/\\\/sarmiento24h.com\\\/?p=407292#primaryimage\",\"url\":\"https:\\\/\\\/sarmiento24h.com\\\/wp-content\\\/uploads\\\/2026\\\/08\\\/drones-propulsados-a-reaccion-la-nueva-amenaza-rusa-que-siembra-el-terror-en-ucrania.jpg\",\"contentUrl\":\"https:\\\/\\\/sarmiento24h.com\\\/wp-content\\\/uploads\\\/2026\\\/08\\\/drones-propulsados-a-reaccion-la-nueva-amenaza-rusa-que-siembra-el-terror-en-ucrania.jpg\",\"width\":980,\"height\":735},{\"@type\":\"BreadcrumbList\",\"@id\":\"https:\\\/\\\/sarmiento24h.com\\\/?p=407292#breadcrumb\",\"itemListElement\":[{\"@type\":\"ListItem\",\"position\":1,\"name\":\"Home\",\"item\":\"https:\\\/\\\/sarmiento24h.com\\\/\"},{\"@type\":\"ListItem\",\"position\":2,\"name\":\"Drones propulsados a reacci\u00f3n: la nueva amenaza rusa que siembra el terror en Ucrania\"}]},{\"@type\":\"WebSite\",\"@id\":\"https:\\\/\\\/sarmiento24h.com\\\/#website\",\"url\":\"https:\\\/\\\/sarmiento24h.com\\\/\",\"name\":\"Sarmiento24h\",\"description\":\"\",\"publisher\":{\"@id\":\"https:\\\/\\\/sarmiento24h.com\\\/#organization\"},\"potentialAction\":[{\"@type\":\"SearchAction\",\"target\":{\"@type\":\"EntryPoint\",\"urlTemplate\":\"https:\\\/\\\/sarmiento24h.com\\\/?s={search_term_string}\"},\"query-input\":{\"@type\":\"PropertyValueSpecification\",\"valueRequired\":true,\"valueName\":\"search_term_string\"}}],\"inLanguage\":\"es\"},{\"@type\":\"Organization\",\"@id\":\"https:\\\/\\\/sarmiento24h.com\\\/#organization\",\"name\":\"Sarmiento24h\",\"url\":\"https:\\\/\\\/sarmiento24h.com\\\/\",\"logo\":{\"@type\":\"ImageObject\",\"inLanguage\":\"es\",\"@id\":\"https:\\\/\\\/sarmiento24h.com\\\/#\\\/schema\\\/logo\\\/image\\\/\",\"url\":\"https:\\\/\\\/sarmiento24h.com\\\/wp-content\\\/uploads\\\/2025\\\/12\\\/AddText_12-16-10.30.52.jpg\",\"contentUrl\":\"https:\\\/\\\/sarmiento24h.com\\\/wp-content\\\/uploads\\\/2025\\\/12\\\/AddText_12-16-10.30.52.jpg\",\"width\":1220,\"height\":324,\"caption\":\"Sarmiento24h\"},\"image\":{\"@id\":\"https:\\\/\\\/sarmiento24h.com\\\/#\\\/schema\\\/logo\\\/image\\\/\"},\"sameAs\":[\"https:\\\/\\\/facebook.com\\\/s24hnoticias\",\"https:\\\/\\\/x.com\\\/sarmiento24h\"]},{\"@type\":\"Person\",\"@id\":\"https:\\\/\\\/sarmiento24h.com\\\/#\\\/schema\\\/person\\\/d653a59725ad629a7e0429af7b939d4d\",\"name\":\"sarmiento24h@gmail.com\",\"image\":{\"@type\":\"ImageObject\",\"inLanguage\":\"es\",\"@id\":\"https:\\\/\\\/sarmiento24h.com\\\/wp-content\\\/litespeed\\\/avatar\\\/d02cbc4e23c747e6659cd45907173c8f.jpg?ver=1788047690\",\"url\":\"https:\\\/\\\/sarmiento24h.com\\\/wp-content\\\/litespeed\\\/avatar\\\/d02cbc4e23c747e6659cd45907173c8f.jpg?ver=1788047690\",\"contentUrl\":\"https:\\\/\\\/sarmiento24h.com\\\/wp-content\\\/litespeed\\\/avatar\\\/d02cbc4e23c747e6659cd45907173c8f.jpg?ver=1788047690\",\"caption\":\"sarmiento24h@gmail.com\"},\"sameAs\":[\"https:\\\/\\\/sarmiento24h.com\"],\"url\":\"https:\\\/\\\/sarmiento24h.com\\\/?author=1\"}]}<\/script>\n<!-- \/ Yoast SEO plugin. -->","yoast_head_json":{"title":"Drones propulsados a reacci\u00f3n: la nueva amenaza rusa que siembra el terror en Ucrania - Sarmiento24h","robots":{"index":"index","follow":"follow","max-snippet":"max-snippet:-1","max-image-preview":"max-image-preview:large","max-video-preview":"max-video-preview:-1"},"canonical":"https:\/\/sarmiento24h.com\/?p=407292","og_locale":"es_ES","og_type":"article","og_title":"Drones propulsados a reacci\u00f3n: la nueva amenaza rusa que siembra el terror en Ucrania - Sarmiento24h","og_description":"Ucrania vivi\u00f3 un quinto d\u00eda consecutivo de&#46;&#46;&#46;","og_url":"https:\/\/sarmiento24h.com\/?p=407292","og_site_name":"Sarmiento24h","article_publisher":"https:\/\/facebook.com\/s24hnoticias","article_published_time":"2026-08-31T22:37:57+00:00","og_image":[{"url":"https:\/\/s.france24.com\/media\/display\/82663db6-a580-11f1-971f-005056a90284\/w:980\/AP26243324396398.jpg","type":"","width":"","height":""}],"author":"sarmiento24h@gmail.com","twitter_card":"summary_large_image","twitter_creator":"@sarmiento24h","twitter_site":"@sarmiento24h","twitter_misc":{"Escrito por":"sarmiento24h@gmail.com","Tiempo de lectura":"6 minutos"},"schema":{"@context":"https:\/\/schema.org","@graph":[{"@type":"Article","@id":"https:\/\/sarmiento24h.com\/?p=407292#article","isPartOf":{"@id":"https:\/\/sarmiento24h.com\/?p=407292"},"author":{"name":"sarmiento24h@gmail.com","@id":"https:\/\/sarmiento24h.com\/#\/schema\/person\/d653a59725ad629a7e0429af7b939d4d"},"headline":"Drones propulsados a reacci\u00f3n: la nueva amenaza rusa que siembra el terror en Ucrania","datePublished":"2026-08-31T22:37:57+00:00","mainEntityOfPage":{"@id":"https:\/\/sarmiento24h.com\/?p=407292"},"wordCount":1132,"publisher":{"@id":"https:\/\/sarmiento24h.com\/#organization"},"image":{"@id":"https:\/\/sarmiento24h.com\/?p=407292#primaryimage"},"thumbnailUrl":"https:\/\/sarmiento24h.com\/wp-content\/uploads\/2026\/08\/drones-propulsados-a-reaccion-la-nueva-amenaza-rusa-que-siembra-el-terror-en-ucrania.jpg","articleSection":["Internacionales"],"inLanguage":"es"},{"@type":"WebPage","@id":"https:\/\/sarmiento24h.com\/?p=407292","url":"https:\/\/sarmiento24h.com\/?p=407292","name":"Drones propulsados a reacci\u00f3n: la nueva amenaza rusa que siembra el terror en Ucrania - Sarmiento24h","isPartOf":{"@id":"https:\/\/sarmiento24h.com\/#website"},"primaryImageOfPage":{"@id":"https:\/\/sarmiento24h.com\/?p=407292#primaryimage"},"image":{"@id":"https:\/\/sarmiento24h.com\/?p=407292#primaryimage"},"thumbnailUrl":"https:\/\/sarmiento24h.com\/wp-content\/uploads\/2026\/08\/drones-propulsados-a-reaccion-la-nueva-amenaza-rusa-que-siembra-el-terror-en-ucrania.jpg","datePublished":"2026-08-31T22:37:57+00:00","breadcrumb":{"@id":"https:\/\/sarmiento24h.com\/?p=407292#breadcrumb"},"inLanguage":"es","potentialAction":[{"@type":"ReadAction","target":["https:\/\/sarmiento24h.com\/?p=407292"]}]},{"@type":"ImageObject","inLanguage":"es","@id":"https:\/\/sarmiento24h.com\/?p=407292#primaryimage","url":"https:\/\/sarmiento24h.com\/wp-content\/uploads\/2026\/08\/drones-propulsados-a-reaccion-la-nueva-amenaza-rusa-que-siembra-el-terror-en-ucrania.jpg","contentUrl":"https:\/\/sarmiento24h.com\/wp-content\/uploads\/2026\/08\/drones-propulsados-a-reaccion-la-nueva-amenaza-rusa-que-siembra-el-terror-en-ucrania.jpg","width":980,"height":735},{"@type":"BreadcrumbList","@id":"https:\/\/sarmiento24h.com\/?p=407292#breadcrumb","itemListElement":[{"@type":"ListItem","position":1,"name":"Home","item":"https:\/\/sarmiento24h.com\/"},{"@type":"ListItem","position":2,"name":"Drones propulsados a reacci\u00f3n: la nueva amenaza rusa que siembra el terror en Ucrania"}]},{"@type":"WebSite","@id":"https:\/\/sarmiento24h.com\/#website","url":"https:\/\/sarmiento24h.com\/","name":"Sarmiento24h","description":"","publisher":{"@id":"https:\/\/sarmiento24h.com\/#organization"},"potentialAction":[{"@type":"SearchAction","target":{"@type":"EntryPoint","urlTemplate":"https:\/\/sarmiento24h.com\/?s={search_term_string}"},"query-input":{"@type":"PropertyValueSpecification","valueRequired":true,"valueName":"search_term_string"}}],"inLanguage":"es"},{"@type":"Organization","@id":"https:\/\/sarmiento24h.com\/#organization","name":"Sarmiento24h","url":"https:\/\/sarmiento24h.com\/","logo":{"@type":"ImageObject","inLanguage":"es","@id":"https:\/\/sarmiento24h.com\/#\/schema\/logo\/image\/","url":"https:\/\/sarmiento24h.com\/wp-content\/uploads\/2025\/12\/AddText_12-16-10.30.52.jpg","contentUrl":"https:\/\/sarmiento24h.com\/wp-content\/uploads\/2025\/12\/AddText_12-16-10.30.52.jpg","width":1220,"height":324,"caption":"Sarmiento24h"},"image":{"@id":"https:\/\/sarmiento24h.com\/#\/schema\/logo\/image\/"},"sameAs":["https:\/\/facebook.com\/s24hnoticias","https:\/\/x.com\/sarmiento24h"]},{"@type":"Person","@id":"https:\/\/sarmiento24h.com\/#\/schema\/person\/d653a59725ad629a7e0429af7b939d4d","name":"sarmiento24h@gmail.com","image":{"@type":"ImageObject","inLanguage":"es","@id":"https:\/\/sarmiento24h.com\/wp-content\/litespeed\/avatar\/d02cbc4e23c747e6659cd45907173c8f.jpg?ver=1788047690","url":"https:\/\/sarmiento24h.com\/wp-content\/litespeed\/avatar\/d02cbc4e23c747e6659cd45907173c8f.jpg?ver=1788047690","contentUrl":"https:\/\/sarmiento24h.com\/wp-content\/litespeed\/avatar\/d02cbc4e23c747e6659cd45907173c8f.jpg?ver=1788047690","caption":"sarmiento24h@gmail.com"},"sameAs":["https:\/\/sarmiento24h.com"],"url":"https:\/\/sarmiento24h.com\/?author=1"}]}},"jetpack_publicize_connections":[],"jetpack_featured_media_url":"https:\/\/sarmiento24h.com\/wp-content\/uploads\/2026\/08\/drones-propulsados-a-reaccion-la-nueva-amenaza-rusa-que-siembra-el-terror-en-ucrania.jpg","jetpack_sharing_enabled":true,"_links":{"self":[{"href":"https:\/\/sarmiento24h.com\/index.php?rest_route=\/wp\/v2\/posts\/407292","targetHints":{"allow":["GET"]}}],"collection":[{"href":"https:\/\/sarmiento24h.com\/index.php?rest_route=\/wp\/v2\/posts"}],"about":[{"href":"https:\/\/sarmiento24h.com\/index.php?rest_route=\/wp\/v2\/types\/post"}],"author":[{"embeddable":true,"href":"https:\/\/sarmiento24h.com\/index.php?rest_route=\/wp\/v2\/users\/1"}],"replies":[{"embeddable":true,"href":"https:\/\/sarmiento24h.com\/index.php?rest_route=%2Fwp%2Fv2%2Fcomments&post=407292"}],"version-history":[{"count":0,"href":"https:\/\/sarmiento24h.com\/index.php?rest_route=\/wp\/v2\/posts\/407292\/revisions"}],"wp:featuredmedia":[{"embeddable":true,"href":"https:\/\/sarmiento24h.com\/index.php?rest_route=\/wp\/v2\/media\/407293"}],"wp:attachment":[{"href":"https:\/\/sarmiento24h.com\/index.php?rest_route=%2Fwp%2Fv2%2Fmedia&parent=407292"}],"wp:term":[{"taxonomy":"category","embeddable":true,"href":"https:\/\/sarmiento24h.com\/index.php?rest_route=%2Fwp%2Fv2%2Fcategories&post=407292"},{"taxonomy":"post_tag","embeddable":true,"href":"https:\/\/sarmiento24h.com\/index.php?rest_route=%2Fwp%2Fv2%2Ftags&post=407292"}],"curies":[{"name":"wp","href":"https:\/\/api.w.org\/{rel}","templated":true}]}}