{"id":40735,"date":"2026-03-04T05:17:21","date_gmt":"2026-03-04T05:17:21","guid":{"rendered":"http:\/\/almomento.net\/?p=1102719"},"modified":"2026-03-04T05:17:21","modified_gmt":"2026-03-04T05:17:21","slug":"bcrd-inaugura-exposicion-en-homenaje-a-juan-pablo-duarte","status":"publish","type":"post","link":"https:\/\/sarmiento24h.com\/?p=40735","title":{"rendered":"BCRD inaugura exposici\u00f3n en homenaje a Juan Pablo Duarte"},"content":{"rendered":"<p><!-- .entry-header --> <\/p>\n<div class=\"img_center\"> <a href=\"https:\/\/sarmiento24h.com\/wp-content\/uploads\/2026\/03\/bcrd-inaugura-exposicion-en-homenaje-a-juan-pablo-duarte.jpg\" title=\"BCRD inaugura exposici\u00f3n en homenaje a Juan Pablo Duarte\" data-toggle=\"lightbox\" class=\"thickbox\"><img decoding=\"async\" src=\"https:\/\/sarmiento24h.com\/wp-content\/uploads\/2026\/03\/bcrd-inaugura-exposicion-en-homenaje-a-juan-pablo-duarte.jpg\" class=\"attachment-post-thumbnail size-post-thumbnail wp-post-image\" alt=\"imagen\" title=\"BCRD inaugura exposici\u00f3n en homenaje a Juan Pablo Duarte\" data-toggle data-title=\"BCRD inaugura exposici\u00f3n en homenaje a Juan Pablo Duarte\"><\/a><\/p>\n<p>Washington de Pe\u00f1a, Jos\u00e9 Pil\u00eda Moreno, Jacinto Pichardo Vicioso, Danitza Feliz, Wils\u00f3n<br \/>\nG\u00f3mez Ram\u00edrez, H\u00e9ctor Valdez Albizu, Juan Pablo Uribe, Rafaela Mesa, Arturo M\u00e1rtinez<br \/>\nMoya, Jos\u00e9 Manuel Mall\u065e\u00e9n, Ervin Novas y Jos\u00e9 Alc\u00e1ntara Almanzar.<\/p>\n<\/p><\/div>\n<p>SANTO DOMINGO. \u2013 El gobernador del Banco Central de la Rep\u00fablica Dominicana (BCRD), H\u00e9ctor Valdez Albizu, presidi\u00f3 el acto de inauguraci\u00f3n de la exposici\u00f3n \u201cHomenaje a Juan Pablo Duarte en el sesquicentenario de su fallecimiento (1813-1876), con motivo del 182 aniversario de la Independencia Nacional\u201d.<\/p>\n<p>Durante la ceremonia de apertura, en el Museo Numism\u00e1tico y Filat\u00e9lico de la instituci\u00f3n, el gobernador destac\u00f3 el legado del patricio, quien sacrific\u00f3 vida, familia, salud y bienes en aras de una naci\u00f3n soberana, libre de ataduras y yugos de cualquier \u00edndole.<\/p>\n<p>Record\u00f3 su compromiso con la causa independentista, resumido en su c\u00e9lebre expresi\u00f3n: \u201cDios ha de concederme bastante fortaleza para no descender a la tumba sin dejar a mi Patria libre, independiente y triunfante.\u201d<\/p>\n<p><strong>LA MUESTRA<\/strong><\/p>\n<p>Valdez Albizu afirm\u00f3 que entre las piezas exhibidas figuran las monedas conmemorativas al centenario del fallecimiento de Duarte, acu\u00f1adas en 1976, as\u00ed como emisiones posteriores de 1977, 1979 y 1981.<\/p>\n<p>Tambi\u00e9n se presentan billetes de un peso de la primera emisi\u00f3n de 1947, con la efigie del pr\u00f3cer en el anverso; ejemplares de la segunda emisi\u00f3n (1961-1963), impresos en tono rojizo; as\u00ed como billetes correspondientes a la tercera (1964-1978) y cuarta emisi\u00f3n (1977-1998).<\/p>\n<p>El gobernador del BCRD agreg\u00f3 que&nbsp; \u201cel p\u00fablico puede apreciar el billete de 100 pesos de la quinta familia, encabezado por Duarte junto a Francisco del Rosario S\u00e1nchez y Mat\u00edas Ram\u00f3n Mella, compa\u00f1eros entra\u00f1ables en la gesta independentista\u201d.<\/p>\n<p>En el \u00e1mbito filat\u00e9lico, se exponen sellos postales emitidos en honor a Duarte, entre ellos los dedicados al centenario de su nacimiento, a su casa natal y a su viaje a Hamburgo (Alemania).<\/p>\n<p>La exposici\u00f3n estar\u00e1 abierta al p\u00fablico hasta el 27 de marzo, en horario de 9:00 a. m. a 4:00 p. m.<\/p>\n<p>agl\/of-am<\/p>\n<div class=\"heateor_sss_sharing_container heateor_sss_horizontal_sharing\" data-heateor-sss-href=\"https:\/\/almomento.net\/bcrd-inaugura-exposicion-en-homenaje-a-juan-pablo-duarte\/\">\n<p>Comp\u00e1rtelo en tus redes:<\/p>\n<\/div>\n<p> <!-- 468x60 --><br \/>\n<ins class=\"adsbygoogle\" data-ad-client=\"ca-pub-3511341636159665\" data-ad-slot=\"3538255450\"><\/ins> <!-- .entry-content --> <\/p>\n","protected":false},"excerpt":{"rendered":"<p>Washington de Pe\u00f1a, Jos\u00e9 Pil\u00eda Moreno, Jacinto&#46;&#46;&#46;<\/p>\n","protected":false},"author":1,"featured_media":40736,"comment_status":"closed","ping_status":"closed","sticky":false,"template":"","format":"standard","meta":{"_jetpack_memberships_contains_paid_content":false,"footnotes":"","jetpack_publicize_message":"","jetpack_publicize_feature_enabled":true,"jetpack_social_post_already_shared":true,"jetpack_social_options":{"image_generator_settings":{"template":"highway","default_image_id":0,"font":"","enabled":false},"version":2}},"categories":[45],"tags":[],"class_list":["post-40735","post","type-post","status-publish","format-standard","has-post-thumbnail","hentry","category-variedades"],"yoast_head":"<!-- This site is optimized with the Yoast SEO plugin v27.3 - https:\/\/yoast.com\/product\/yoast-seo-wordpress\/ -->\n<title>BCRD inaugura exposici\u00f3n en homenaje a Juan Pablo Duarte - Sarmiento24h<\/title>\n<meta name=\"robots\" content=\"index, follow, max-snippet:-1, max-image-preview:large, max-video-preview:-1\" \/>\n<link rel=\"canonical\" href=\"https:\/\/sarmiento24h.com\/?p=40735\" \/>\n<meta property=\"og:locale\" content=\"es_ES\" \/>\n<meta property=\"og:type\" content=\"article\" \/>\n<meta property=\"og:title\" content=\"BCRD inaugura exposici\u00f3n en homenaje a Juan Pablo Duarte - Sarmiento24h\" \/>\n<meta property=\"og:description\" content=\"Washington de Pe\u00f1a, Jos\u00e9 Pil\u00eda Moreno, Jacinto&#046;&#046;&#046;\" \/>\n<meta property=\"og:url\" content=\"https:\/\/sarmiento24h.com\/?p=40735\" \/>\n<meta property=\"og:site_name\" content=\"Sarmiento24h\" \/>\n<meta property=\"article:publisher\" content=\"https:\/\/facebook.com\/s24hnoticias\" \/>\n<meta property=\"article:published_time\" content=\"2026-03-04T05:17:21+00:00\" \/>\n<meta property=\"og:image\" content=\"https:\/\/sarmiento24h.com\/wp-content\/uploads\/2026\/03\/bcrd-inaugura-exposicion-en-homenaje-a-juan-pablo-duarte.jpg\" \/>\n\t<meta property=\"og:image:width\" content=\"800\" \/>\n\t<meta property=\"og:image:height\" content=\"533\" \/>\n\t<meta property=\"og:image:type\" content=\"image\/jpeg\" \/>\n<meta name=\"author\" content=\"sarmiento24h@gmail.com\" \/>\n<meta name=\"twitter:card\" content=\"summary_large_image\" \/>\n<meta name=\"twitter:creator\" content=\"@sarmiento24h\" \/>\n<meta name=\"twitter:site\" content=\"@sarmiento24h\" \/>\n<meta name=\"twitter:label1\" content=\"Escrito por\" \/>\n\t<meta name=\"twitter:data1\" content=\"sarmiento24h@gmail.com\" \/>\n\t<meta name=\"twitter:label2\" content=\"Tiempo de lectura\" \/>\n\t<meta name=\"twitter:data2\" content=\"2 minutos\" \/>\n<script type=\"application\/ld+json\" class=\"yoast-schema-graph\">{\"@context\":\"https:\\\/\\\/schema.org\",\"@graph\":[{\"@type\":\"Article\",\"@id\":\"https:\\\/\\\/sarmiento24h.com\\\/?p=40735#article\",\"isPartOf\":{\"@id\":\"https:\\\/\\\/sarmiento24h.com\\\/?p=40735\"},\"author\":{\"name\":\"sarmiento24h@gmail.com\",\"@id\":\"https:\\\/\\\/sarmiento24h.com\\\/#\\\/schema\\\/person\\\/d653a59725ad629a7e0429af7b939d4d\"},\"headline\":\"BCRD inaugura exposici\u00f3n en homenaje a Juan Pablo Duarte\",\"datePublished\":\"2026-03-04T05:17:21+00:00\",\"mainEntityOfPage\":{\"@id\":\"https:\\\/\\\/sarmiento24h.com\\\/?p=40735\"},\"wordCount\":362,\"publisher\":{\"@id\":\"https:\\\/\\\/sarmiento24h.com\\\/#organization\"},\"image\":{\"@id\":\"https:\\\/\\\/sarmiento24h.com\\\/?p=40735#primaryimage\"},\"thumbnailUrl\":\"https:\\\/\\\/sarmiento24h.com\\\/wp-content\\\/uploads\\\/2026\\\/03\\\/bcrd-inaugura-exposicion-en-homenaje-a-juan-pablo-duarte.jpg\",\"articleSection\":[\"Variedades\"],\"inLanguage\":\"es\"},{\"@type\":\"WebPage\",\"@id\":\"https:\\\/\\\/sarmiento24h.com\\\/?p=40735\",\"url\":\"https:\\\/\\\/sarmiento24h.com\\\/?p=40735\",\"name\":\"BCRD inaugura exposici\u00f3n en homenaje a Juan Pablo Duarte - Sarmiento24h\",\"isPartOf\":{\"@id\":\"https:\\\/\\\/sarmiento24h.com\\\/#website\"},\"primaryImageOfPage\":{\"@id\":\"https:\\\/\\\/sarmiento24h.com\\\/?p=40735#primaryimage\"},\"image\":{\"@id\":\"https:\\\/\\\/sarmiento24h.com\\\/?p=40735#primaryimage\"},\"thumbnailUrl\":\"https:\\\/\\\/sarmiento24h.com\\\/wp-content\\\/uploads\\\/2026\\\/03\\\/bcrd-inaugura-exposicion-en-homenaje-a-juan-pablo-duarte.jpg\",\"datePublished\":\"2026-03-04T05:17:21+00:00\",\"breadcrumb\":{\"@id\":\"https:\\\/\\\/sarmiento24h.com\\\/?p=40735#breadcrumb\"},\"inLanguage\":\"es\",\"potentialAction\":[{\"@type\":\"ReadAction\",\"target\":[\"https:\\\/\\\/sarmiento24h.com\\\/?p=40735\"]}]},{\"@type\":\"ImageObject\",\"inLanguage\":\"es\",\"@id\":\"https:\\\/\\\/sarmiento24h.com\\\/?p=40735#primaryimage\",\"url\":\"https:\\\/\\\/sarmiento24h.com\\\/wp-content\\\/uploads\\\/2026\\\/03\\\/bcrd-inaugura-exposicion-en-homenaje-a-juan-pablo-duarte.jpg\",\"contentUrl\":\"https:\\\/\\\/sarmiento24h.com\\\/wp-content\\\/uploads\\\/2026\\\/03\\\/bcrd-inaugura-exposicion-en-homenaje-a-juan-pablo-duarte.jpg\",\"width\":800,\"height\":533},{\"@type\":\"BreadcrumbList\",\"@id\":\"https:\\\/\\\/sarmiento24h.com\\\/?p=40735#breadcrumb\",\"itemListElement\":[{\"@type\":\"ListItem\",\"position\":1,\"name\":\"Home\",\"item\":\"https:\\\/\\\/sarmiento24h.com\\\/\"},{\"@type\":\"ListItem\",\"position\":2,\"name\":\"BCRD inaugura exposici\u00f3n en homenaje a Juan Pablo Duarte\"}]},{\"@type\":\"WebSite\",\"@id\":\"https:\\\/\\\/sarmiento24h.com\\\/#website\",\"url\":\"https:\\\/\\\/sarmiento24h.com\\\/\",\"name\":\"Sarmiento24h\",\"description\":\"\",\"publisher\":{\"@id\":\"https:\\\/\\\/sarmiento24h.com\\\/#organization\"},\"potentialAction\":[{\"@type\":\"SearchAction\",\"target\":{\"@type\":\"EntryPoint\",\"urlTemplate\":\"https:\\\/\\\/sarmiento24h.com\\\/?s={search_term_string}\"},\"query-input\":{\"@type\":\"PropertyValueSpecification\",\"valueRequired\":true,\"valueName\":\"search_term_string\"}}],\"inLanguage\":\"es\"},{\"@type\":\"Organization\",\"@id\":\"https:\\\/\\\/sarmiento24h.com\\\/#organization\",\"name\":\"Sarmiento24h\",\"url\":\"https:\\\/\\\/sarmiento24h.com\\\/\",\"logo\":{\"@type\":\"ImageObject\",\"inLanguage\":\"es\",\"@id\":\"https:\\\/\\\/sarmiento24h.com\\\/#\\\/schema\\\/logo\\\/image\\\/\",\"url\":\"https:\\\/\\\/sarmiento24h.com\\\/wp-content\\\/uploads\\\/2025\\\/12\\\/AddText_12-16-10.30.52.jpg\",\"contentUrl\":\"https:\\\/\\\/sarmiento24h.com\\\/wp-content\\\/uploads\\\/2025\\\/12\\\/AddText_12-16-10.30.52.jpg\",\"width\":1220,\"height\":324,\"caption\":\"Sarmiento24h\"},\"image\":{\"@id\":\"https:\\\/\\\/sarmiento24h.com\\\/#\\\/schema\\\/logo\\\/image\\\/\"},\"sameAs\":[\"https:\\\/\\\/facebook.com\\\/s24hnoticias\",\"https:\\\/\\\/x.com\\\/sarmiento24h\"]},{\"@type\":\"Person\",\"@id\":\"https:\\\/\\\/sarmiento24h.com\\\/#\\\/schema\\\/person\\\/d653a59725ad629a7e0429af7b939d4d\",\"name\":\"sarmiento24h@gmail.com\",\"image\":{\"@type\":\"ImageObject\",\"inLanguage\":\"es\",\"@id\":\"https:\\\/\\\/sarmiento24h.com\\\/wp-content\\\/litespeed\\\/avatar\\\/d02cbc4e23c747e6659cd45907173c8f.jpg?ver=1777157796\",\"url\":\"https:\\\/\\\/sarmiento24h.com\\\/wp-content\\\/litespeed\\\/avatar\\\/d02cbc4e23c747e6659cd45907173c8f.jpg?ver=1777157796\",\"contentUrl\":\"https:\\\/\\\/sarmiento24h.com\\\/wp-content\\\/litespeed\\\/avatar\\\/d02cbc4e23c747e6659cd45907173c8f.jpg?ver=1777157796\",\"caption\":\"sarmiento24h@gmail.com\"},\"sameAs\":[\"https:\\\/\\\/sarmiento24h.com\"],\"url\":\"https:\\\/\\\/sarmiento24h.com\\\/?author=1\"}]}<\/script>\n<!-- \/ Yoast SEO plugin. -->","yoast_head_json":{"title":"BCRD inaugura exposici\u00f3n en homenaje a Juan Pablo Duarte - Sarmiento24h","robots":{"index":"index","follow":"follow","max-snippet":"max-snippet:-1","max-image-preview":"max-image-preview:large","max-video-preview":"max-video-preview:-1"},"canonical":"https:\/\/sarmiento24h.com\/?p=40735","og_locale":"es_ES","og_type":"article","og_title":"BCRD inaugura exposici\u00f3n en homenaje a Juan Pablo Duarte - Sarmiento24h","og_description":"Washington de Pe\u00f1a, Jos\u00e9 Pil\u00eda Moreno, Jacinto&#46;&#46;&#46;","og_url":"https:\/\/sarmiento24h.com\/?p=40735","og_site_name":"Sarmiento24h","article_publisher":"https:\/\/facebook.com\/s24hnoticias","article_published_time":"2026-03-04T05:17:21+00:00","og_image":[{"width":800,"height":533,"url":"https:\/\/sarmiento24h.com\/wp-content\/uploads\/2026\/03\/bcrd-inaugura-exposicion-en-homenaje-a-juan-pablo-duarte.jpg","type":"image\/jpeg"}],"author":"sarmiento24h@gmail.com","twitter_card":"summary_large_image","twitter_creator":"@sarmiento24h","twitter_site":"@sarmiento24h","twitter_misc":{"Escrito por":"sarmiento24h@gmail.com","Tiempo de lectura":"2 minutos"},"schema":{"@context":"https:\/\/schema.org","@graph":[{"@type":"Article","@id":"https:\/\/sarmiento24h.com\/?p=40735#article","isPartOf":{"@id":"https:\/\/sarmiento24h.com\/?p=40735"},"author":{"name":"sarmiento24h@gmail.com","@id":"https:\/\/sarmiento24h.com\/#\/schema\/person\/d653a59725ad629a7e0429af7b939d4d"},"headline":"BCRD inaugura exposici\u00f3n en homenaje a Juan Pablo Duarte","datePublished":"2026-03-04T05:17:21+00:00","mainEntityOfPage":{"@id":"https:\/\/sarmiento24h.com\/?p=40735"},"wordCount":362,"publisher":{"@id":"https:\/\/sarmiento24h.com\/#organization"},"image":{"@id":"https:\/\/sarmiento24h.com\/?p=40735#primaryimage"},"thumbnailUrl":"https:\/\/sarmiento24h.com\/wp-content\/uploads\/2026\/03\/bcrd-inaugura-exposicion-en-homenaje-a-juan-pablo-duarte.jpg","articleSection":["Variedades"],"inLanguage":"es"},{"@type":"WebPage","@id":"https:\/\/sarmiento24h.com\/?p=40735","url":"https:\/\/sarmiento24h.com\/?p=40735","name":"BCRD inaugura exposici\u00f3n en homenaje a Juan Pablo Duarte - Sarmiento24h","isPartOf":{"@id":"https:\/\/sarmiento24h.com\/#website"},"primaryImageOfPage":{"@id":"https:\/\/sarmiento24h.com\/?p=40735#primaryimage"},"image":{"@id":"https:\/\/sarmiento24h.com\/?p=40735#primaryimage"},"thumbnailUrl":"https:\/\/sarmiento24h.com\/wp-content\/uploads\/2026\/03\/bcrd-inaugura-exposicion-en-homenaje-a-juan-pablo-duarte.jpg","datePublished":"2026-03-04T05:17:21+00:00","breadcrumb":{"@id":"https:\/\/sarmiento24h.com\/?p=40735#breadcrumb"},"inLanguage":"es","potentialAction":[{"@type":"ReadAction","target":["https:\/\/sarmiento24h.com\/?p=40735"]}]},{"@type":"ImageObject","inLanguage":"es","@id":"https:\/\/sarmiento24h.com\/?p=40735#primaryimage","url":"https:\/\/sarmiento24h.com\/wp-content\/uploads\/2026\/03\/bcrd-inaugura-exposicion-en-homenaje-a-juan-pablo-duarte.jpg","contentUrl":"https:\/\/sarmiento24h.com\/wp-content\/uploads\/2026\/03\/bcrd-inaugura-exposicion-en-homenaje-a-juan-pablo-duarte.jpg","width":800,"height":533},{"@type":"BreadcrumbList","@id":"https:\/\/sarmiento24h.com\/?p=40735#breadcrumb","itemListElement":[{"@type":"ListItem","position":1,"name":"Home","item":"https:\/\/sarmiento24h.com\/"},{"@type":"ListItem","position":2,"name":"BCRD inaugura exposici\u00f3n en homenaje a Juan Pablo Duarte"}]},{"@type":"WebSite","@id":"https:\/\/sarmiento24h.com\/#website","url":"https:\/\/sarmiento24h.com\/","name":"Sarmiento24h","description":"","publisher":{"@id":"https:\/\/sarmiento24h.com\/#organization"},"potentialAction":[{"@type":"SearchAction","target":{"@type":"EntryPoint","urlTemplate":"https:\/\/sarmiento24h.com\/?s={search_term_string}"},"query-input":{"@type":"PropertyValueSpecification","valueRequired":true,"valueName":"search_term_string"}}],"inLanguage":"es"},{"@type":"Organization","@id":"https:\/\/sarmiento24h.com\/#organization","name":"Sarmiento24h","url":"https:\/\/sarmiento24h.com\/","logo":{"@type":"ImageObject","inLanguage":"es","@id":"https:\/\/sarmiento24h.com\/#\/schema\/logo\/image\/","url":"https:\/\/sarmiento24h.com\/wp-content\/uploads\/2025\/12\/AddText_12-16-10.30.52.jpg","contentUrl":"https:\/\/sarmiento24h.com\/wp-content\/uploads\/2025\/12\/AddText_12-16-10.30.52.jpg","width":1220,"height":324,"caption":"Sarmiento24h"},"image":{"@id":"https:\/\/sarmiento24h.com\/#\/schema\/logo\/image\/"},"sameAs":["https:\/\/facebook.com\/s24hnoticias","https:\/\/x.com\/sarmiento24h"]},{"@type":"Person","@id":"https:\/\/sarmiento24h.com\/#\/schema\/person\/d653a59725ad629a7e0429af7b939d4d","name":"sarmiento24h@gmail.com","image":{"@type":"ImageObject","inLanguage":"es","@id":"https:\/\/sarmiento24h.com\/wp-content\/litespeed\/avatar\/d02cbc4e23c747e6659cd45907173c8f.jpg?ver=1777157796","url":"https:\/\/sarmiento24h.com\/wp-content\/litespeed\/avatar\/d02cbc4e23c747e6659cd45907173c8f.jpg?ver=1777157796","contentUrl":"https:\/\/sarmiento24h.com\/wp-content\/litespeed\/avatar\/d02cbc4e23c747e6659cd45907173c8f.jpg?ver=1777157796","caption":"sarmiento24h@gmail.com"},"sameAs":["https:\/\/sarmiento24h.com"],"url":"https:\/\/sarmiento24h.com\/?author=1"}]}},"jetpack_publicize_connections":[],"jetpack_featured_media_url":"https:\/\/sarmiento24h.com\/wp-content\/uploads\/2026\/03\/bcrd-inaugura-exposicion-en-homenaje-a-juan-pablo-duarte.jpg","jetpack_sharing_enabled":true,"_links":{"self":[{"href":"https:\/\/sarmiento24h.com\/index.php?rest_route=\/wp\/v2\/posts\/40735","targetHints":{"allow":["GET"]}}],"collection":[{"href":"https:\/\/sarmiento24h.com\/index.php?rest_route=\/wp\/v2\/posts"}],"about":[{"href":"https:\/\/sarmiento24h.com\/index.php?rest_route=\/wp\/v2\/types\/post"}],"author":[{"embeddable":true,"href":"https:\/\/sarmiento24h.com\/index.php?rest_route=\/wp\/v2\/users\/1"}],"replies":[{"embeddable":true,"href":"https:\/\/sarmiento24h.com\/index.php?rest_route=%2Fwp%2Fv2%2Fcomments&post=40735"}],"version-history":[{"count":0,"href":"https:\/\/sarmiento24h.com\/index.php?rest_route=\/wp\/v2\/posts\/40735\/revisions"}],"wp:featuredmedia":[{"embeddable":true,"href":"https:\/\/sarmiento24h.com\/index.php?rest_route=\/wp\/v2\/media\/40736"}],"wp:attachment":[{"href":"https:\/\/sarmiento24h.com\/index.php?rest_route=%2Fwp%2Fv2%2Fmedia&parent=40735"}],"wp:term":[{"taxonomy":"category","embeddable":true,"href":"https:\/\/sarmiento24h.com\/index.php?rest_route=%2Fwp%2Fv2%2Fcategories&post=40735"},{"taxonomy":"post_tag","embeddable":true,"href":"https:\/\/sarmiento24h.com\/index.php?rest_route=%2Fwp%2Fv2%2Ftags&post=40735"}],"curies":[{"name":"wp","href":"https:\/\/api.w.org\/{rel}","templated":true}]}}