{"id":40737,"date":"2026-03-04T05:17:23","date_gmt":"2026-03-04T05:17:23","guid":{"rendered":"http:\/\/almomento.net\/?p=1102749"},"modified":"2026-03-04T05:17:23","modified_gmt":"2026-03-04T05:17:23","slug":"revitalizan-parque-emblematico-en-la-ciudad-colonial-de-sd","status":"publish","type":"post","link":"https:\/\/sarmiento24h.com\/?p=40737","title":{"rendered":"Revitalizan parque emblem\u00e1tico en la Ciudad Colonial de SD"},"content":{"rendered":"<p><!-- .entry-header --> <\/p>\n<div class=\"img_center\"> <a href=\"https:\/\/sarmiento24h.com\/wp-content\/uploads\/2026\/03\/revitalizan-parque-emblematico-en-la-ciudad-colonial-de-sd.jpg\" title=\"Revitalizan parque emblem\u00e1tico en la Ciudad Colonial de SD\" data-toggle=\"lightbox\" class=\"thickbox\"><img decoding=\"async\" src=\"https:\/\/sarmiento24h.com\/wp-content\/uploads\/2026\/03\/revitalizan-parque-emblematico-en-la-ciudad-colonial-de-sd.jpg\" class=\"attachment-post-thumbnail size-post-thumbnail wp-post-image\" alt=\"imagen\" title=\"Revitalizan parque emblem\u00e1tico en la Ciudad Colonial de SD\" data-toggle data-title=\"Revitalizan parque emblem\u00e1tico en la Ciudad Colonial de SD\"><\/a><\/p>\n<p>Las obras que se ejecutar\u00e1n abarcan el parque de San Miguel, la Plaza Iglesia San Miguel, el callej\u00f3n Sal Si Puedes y las calles que lo rodean, incluyen un tramo de la Jos\u00e9 Reyes y la Juan Isidro P\u00e9rez.<\/p>\n<\/p><\/div>\n<p>SANTO DOMINGO. \u2013 El ministro dominicano de Turismo, David Collado, dej\u00f3 iniciados los trabajos de revitalizaci\u00f3n en el emblem\u00e1tico parque de San Miguel y su entorno, en la Ciudad Colonial, en esta capital.<\/p>\n<p>Las obras que se ejecutar\u00e1n abarcan el parque de San Miguel, la Plaza Iglesia San Miguel, el callej\u00f3n Sal Si Puedes y las calles que lo rodean, incluyen un tramo de la Jos\u00e9 Reyes y la Juan Isidro P\u00e9rez.<\/p>\n<p>El ministro Collado dijo que esta nueva intervenci\u00f3n es parte del Proyecto de Revitalizaci\u00f3n de los Espacios P\u00fablicos Comunitarios y Patrimoniales que ejecutan el MITUR y el Banco Interamericano de&nbsp;Desarrollo (BID).<\/p>\n<p>Las obras buscan la recuperaci\u00f3n de emblem\u00e1ticos parques y plazas del centro hist\u00f3rico.<\/p>\n<p><strong>RESCATE DE LA CIUDAD COLONIAL<\/strong><\/p>\n<p>Hoy estamos nuevamente aqu\u00ed, en ese gran esfuerzo de continuar rescatando y embelleciendo nuestra Ciudad Colonial y todo su entorno, dijo Collado.<\/p>\n<p>El funcionario dijo que gracias a la transformaci\u00f3n que registra actualmente la Ciudad Colonial, el 8% de los turistas que llegan al pa\u00eds visitan ese destino, declarado Patrimonio de la Humanidad.<\/p>\n<p>Este proyecto prev\u00e9 embellecer estos espacios, ponerlos en valor, convertirlos en \u00e1reas m\u00e1s inclusivas y resilientes ante los efectos del cambio clim\u00e1tico y ofrecer mayor comodidad y seguridad para la comunidad.<\/p>\n<p>Los trabajos incluyen colocaci\u00f3n de nuevo pavimento, aceras m\u00e1s amplias, plataforma \u00fanica en los tramos de calles circundantes.<\/p>\n<p>Adem\u00e1s, la rehabilitaci\u00f3n de las redes de agua, alcantarillado y electricidad, nueva iluminaci\u00f3n y nuevos \u00e1rboles, en adici\u00f3n a los que existen.<\/p>\n<p>Tambi\u00e9n se\u00f1alizaci\u00f3n y nuevo mobiliario urbanos, como bancos, pergolados, esculturas y papeleras.<\/p>\n<p>Este proyecto se fundamenta en tres ejes fundamentales que son: la accesibilidad, la seguridad y la belleza.<\/p>\n<p>Con la accesibilidad se busca garantizar la movilidad de las personas de edad avanzada y quienes tienen limitaciones f\u00edsicas, colocando rampas y elementos afines.<\/p>\n<p>agl\/of-am<\/p>\n<div class=\"heateor_sss_sharing_container heateor_sss_horizontal_sharing\" data-heateor-sss-href=\"https:\/\/almomento.net\/revitalizan-parque-emblematico-en-la-ciudad-colonial-de-sd\/\">\n<p>Comp\u00e1rtelo en tus redes:<\/p>\n<\/div>\n<p> <!-- 468x60 --><br \/>\n<ins class=\"adsbygoogle\" data-ad-client=\"ca-pub-3511341636159665\" data-ad-slot=\"3538255450\"><\/ins> <!-- .entry-content --> <\/p>\n","protected":false},"excerpt":{"rendered":"<p>Las obras que se ejecutar\u00e1n abarcan el&#46;&#46;&#46;<\/p>\n","protected":false},"author":1,"featured_media":40738,"comment_status":"closed","ping_status":"closed","sticky":false,"template":"","format":"standard","meta":{"_jetpack_memberships_contains_paid_content":false,"footnotes":"","jetpack_publicize_message":"","jetpack_publicize_feature_enabled":true,"jetpack_social_post_already_shared":true,"jetpack_social_options":{"image_generator_settings":{"template":"highway","default_image_id":0,"font":"","enabled":false},"version":2}},"categories":[45],"tags":[],"class_list":["post-40737","post","type-post","status-publish","format-standard","has-post-thumbnail","hentry","category-variedades"],"yoast_head":"<!-- This site is optimized with the Yoast SEO plugin v27.3 - https:\/\/yoast.com\/product\/yoast-seo-wordpress\/ -->\n<title>Revitalizan parque emblem\u00e1tico en la Ciudad Colonial de SD - Sarmiento24h<\/title>\n<meta name=\"robots\" content=\"index, follow, max-snippet:-1, max-image-preview:large, max-video-preview:-1\" \/>\n<link rel=\"canonical\" href=\"https:\/\/sarmiento24h.com\/?p=40737\" \/>\n<meta property=\"og:locale\" content=\"es_ES\" \/>\n<meta property=\"og:type\" content=\"article\" \/>\n<meta property=\"og:title\" content=\"Revitalizan parque emblem\u00e1tico en la Ciudad Colonial de SD - Sarmiento24h\" \/>\n<meta property=\"og:description\" content=\"Las obras que se ejecutar\u00e1n abarcan el&#046;&#046;&#046;\" \/>\n<meta property=\"og:url\" content=\"https:\/\/sarmiento24h.com\/?p=40737\" \/>\n<meta property=\"og:site_name\" content=\"Sarmiento24h\" \/>\n<meta property=\"article:publisher\" content=\"https:\/\/facebook.com\/s24hnoticias\" \/>\n<meta property=\"article:published_time\" content=\"2026-03-04T05:17:23+00:00\" \/>\n<meta property=\"og:image\" content=\"https:\/\/sarmiento24h.com\/wp-content\/uploads\/2026\/03\/revitalizan-parque-emblematico-en-la-ciudad-colonial-de-sd.jpg\" \/>\n\t<meta property=\"og:image:width\" content=\"540\" \/>\n\t<meta property=\"og:image:height\" content=\"296\" \/>\n\t<meta property=\"og:image:type\" content=\"image\/jpeg\" \/>\n<meta name=\"author\" content=\"sarmiento24h@gmail.com\" \/>\n<meta name=\"twitter:card\" content=\"summary_large_image\" \/>\n<meta name=\"twitter:creator\" content=\"@sarmiento24h\" \/>\n<meta name=\"twitter:site\" content=\"@sarmiento24h\" \/>\n<meta name=\"twitter:label1\" content=\"Escrito por\" \/>\n\t<meta name=\"twitter:data1\" content=\"sarmiento24h@gmail.com\" \/>\n\t<meta name=\"twitter:label2\" content=\"Tiempo de lectura\" \/>\n\t<meta name=\"twitter:data2\" content=\"2 minutos\" \/>\n<script type=\"application\/ld+json\" class=\"yoast-schema-graph\">{\"@context\":\"https:\\\/\\\/schema.org\",\"@graph\":[{\"@type\":\"Article\",\"@id\":\"https:\\\/\\\/sarmiento24h.com\\\/?p=40737#article\",\"isPartOf\":{\"@id\":\"https:\\\/\\\/sarmiento24h.com\\\/?p=40737\"},\"author\":{\"name\":\"sarmiento24h@gmail.com\",\"@id\":\"https:\\\/\\\/sarmiento24h.com\\\/#\\\/schema\\\/person\\\/d653a59725ad629a7e0429af7b939d4d\"},\"headline\":\"Revitalizan parque emblem\u00e1tico en la Ciudad Colonial de SD\",\"datePublished\":\"2026-03-04T05:17:23+00:00\",\"mainEntityOfPage\":{\"@id\":\"https:\\\/\\\/sarmiento24h.com\\\/?p=40737\"},\"wordCount\":382,\"publisher\":{\"@id\":\"https:\\\/\\\/sarmiento24h.com\\\/#organization\"},\"image\":{\"@id\":\"https:\\\/\\\/sarmiento24h.com\\\/?p=40737#primaryimage\"},\"thumbnailUrl\":\"https:\\\/\\\/sarmiento24h.com\\\/wp-content\\\/uploads\\\/2026\\\/03\\\/revitalizan-parque-emblematico-en-la-ciudad-colonial-de-sd.jpg\",\"articleSection\":[\"Variedades\"],\"inLanguage\":\"es\"},{\"@type\":\"WebPage\",\"@id\":\"https:\\\/\\\/sarmiento24h.com\\\/?p=40737\",\"url\":\"https:\\\/\\\/sarmiento24h.com\\\/?p=40737\",\"name\":\"Revitalizan parque emblem\u00e1tico en la Ciudad Colonial de SD - Sarmiento24h\",\"isPartOf\":{\"@id\":\"https:\\\/\\\/sarmiento24h.com\\\/#website\"},\"primaryImageOfPage\":{\"@id\":\"https:\\\/\\\/sarmiento24h.com\\\/?p=40737#primaryimage\"},\"image\":{\"@id\":\"https:\\\/\\\/sarmiento24h.com\\\/?p=40737#primaryimage\"},\"thumbnailUrl\":\"https:\\\/\\\/sarmiento24h.com\\\/wp-content\\\/uploads\\\/2026\\\/03\\\/revitalizan-parque-emblematico-en-la-ciudad-colonial-de-sd.jpg\",\"datePublished\":\"2026-03-04T05:17:23+00:00\",\"breadcrumb\":{\"@id\":\"https:\\\/\\\/sarmiento24h.com\\\/?p=40737#breadcrumb\"},\"inLanguage\":\"es\",\"potentialAction\":[{\"@type\":\"ReadAction\",\"target\":[\"https:\\\/\\\/sarmiento24h.com\\\/?p=40737\"]}]},{\"@type\":\"ImageObject\",\"inLanguage\":\"es\",\"@id\":\"https:\\\/\\\/sarmiento24h.com\\\/?p=40737#primaryimage\",\"url\":\"https:\\\/\\\/sarmiento24h.com\\\/wp-content\\\/uploads\\\/2026\\\/03\\\/revitalizan-parque-emblematico-en-la-ciudad-colonial-de-sd.jpg\",\"contentUrl\":\"https:\\\/\\\/sarmiento24h.com\\\/wp-content\\\/uploads\\\/2026\\\/03\\\/revitalizan-parque-emblematico-en-la-ciudad-colonial-de-sd.jpg\",\"width\":540,\"height\":296},{\"@type\":\"BreadcrumbList\",\"@id\":\"https:\\\/\\\/sarmiento24h.com\\\/?p=40737#breadcrumb\",\"itemListElement\":[{\"@type\":\"ListItem\",\"position\":1,\"name\":\"Home\",\"item\":\"https:\\\/\\\/sarmiento24h.com\\\/\"},{\"@type\":\"ListItem\",\"position\":2,\"name\":\"Revitalizan parque emblem\u00e1tico en la Ciudad Colonial de SD\"}]},{\"@type\":\"WebSite\",\"@id\":\"https:\\\/\\\/sarmiento24h.com\\\/#website\",\"url\":\"https:\\\/\\\/sarmiento24h.com\\\/\",\"name\":\"Sarmiento24h\",\"description\":\"\",\"publisher\":{\"@id\":\"https:\\\/\\\/sarmiento24h.com\\\/#organization\"},\"potentialAction\":[{\"@type\":\"SearchAction\",\"target\":{\"@type\":\"EntryPoint\",\"urlTemplate\":\"https:\\\/\\\/sarmiento24h.com\\\/?s={search_term_string}\"},\"query-input\":{\"@type\":\"PropertyValueSpecification\",\"valueRequired\":true,\"valueName\":\"search_term_string\"}}],\"inLanguage\":\"es\"},{\"@type\":\"Organization\",\"@id\":\"https:\\\/\\\/sarmiento24h.com\\\/#organization\",\"name\":\"Sarmiento24h\",\"url\":\"https:\\\/\\\/sarmiento24h.com\\\/\",\"logo\":{\"@type\":\"ImageObject\",\"inLanguage\":\"es\",\"@id\":\"https:\\\/\\\/sarmiento24h.com\\\/#\\\/schema\\\/logo\\\/image\\\/\",\"url\":\"https:\\\/\\\/sarmiento24h.com\\\/wp-content\\\/uploads\\\/2025\\\/12\\\/AddText_12-16-10.30.52.jpg\",\"contentUrl\":\"https:\\\/\\\/sarmiento24h.com\\\/wp-content\\\/uploads\\\/2025\\\/12\\\/AddText_12-16-10.30.52.jpg\",\"width\":1220,\"height\":324,\"caption\":\"Sarmiento24h\"},\"image\":{\"@id\":\"https:\\\/\\\/sarmiento24h.com\\\/#\\\/schema\\\/logo\\\/image\\\/\"},\"sameAs\":[\"https:\\\/\\\/facebook.com\\\/s24hnoticias\",\"https:\\\/\\\/x.com\\\/sarmiento24h\"]},{\"@type\":\"Person\",\"@id\":\"https:\\\/\\\/sarmiento24h.com\\\/#\\\/schema\\\/person\\\/d653a59725ad629a7e0429af7b939d4d\",\"name\":\"sarmiento24h@gmail.com\",\"image\":{\"@type\":\"ImageObject\",\"inLanguage\":\"es\",\"@id\":\"https:\\\/\\\/sarmiento24h.com\\\/wp-content\\\/litespeed\\\/avatar\\\/d02cbc4e23c747e6659cd45907173c8f.jpg?ver=1777157796\",\"url\":\"https:\\\/\\\/sarmiento24h.com\\\/wp-content\\\/litespeed\\\/avatar\\\/d02cbc4e23c747e6659cd45907173c8f.jpg?ver=1777157796\",\"contentUrl\":\"https:\\\/\\\/sarmiento24h.com\\\/wp-content\\\/litespeed\\\/avatar\\\/d02cbc4e23c747e6659cd45907173c8f.jpg?ver=1777157796\",\"caption\":\"sarmiento24h@gmail.com\"},\"sameAs\":[\"https:\\\/\\\/sarmiento24h.com\"],\"url\":\"https:\\\/\\\/sarmiento24h.com\\\/?author=1\"}]}<\/script>\n<!-- \/ Yoast SEO plugin. -->","yoast_head_json":{"title":"Revitalizan parque emblem\u00e1tico en la Ciudad Colonial de SD - Sarmiento24h","robots":{"index":"index","follow":"follow","max-snippet":"max-snippet:-1","max-image-preview":"max-image-preview:large","max-video-preview":"max-video-preview:-1"},"canonical":"https:\/\/sarmiento24h.com\/?p=40737","og_locale":"es_ES","og_type":"article","og_title":"Revitalizan parque emblem\u00e1tico en la Ciudad Colonial de SD - Sarmiento24h","og_description":"Las obras que se ejecutar\u00e1n abarcan el&#46;&#46;&#46;","og_url":"https:\/\/sarmiento24h.com\/?p=40737","og_site_name":"Sarmiento24h","article_publisher":"https:\/\/facebook.com\/s24hnoticias","article_published_time":"2026-03-04T05:17:23+00:00","og_image":[{"width":540,"height":296,"url":"https:\/\/sarmiento24h.com\/wp-content\/uploads\/2026\/03\/revitalizan-parque-emblematico-en-la-ciudad-colonial-de-sd.jpg","type":"image\/jpeg"}],"author":"sarmiento24h@gmail.com","twitter_card":"summary_large_image","twitter_creator":"@sarmiento24h","twitter_site":"@sarmiento24h","twitter_misc":{"Escrito por":"sarmiento24h@gmail.com","Tiempo de lectura":"2 minutos"},"schema":{"@context":"https:\/\/schema.org","@graph":[{"@type":"Article","@id":"https:\/\/sarmiento24h.com\/?p=40737#article","isPartOf":{"@id":"https:\/\/sarmiento24h.com\/?p=40737"},"author":{"name":"sarmiento24h@gmail.com","@id":"https:\/\/sarmiento24h.com\/#\/schema\/person\/d653a59725ad629a7e0429af7b939d4d"},"headline":"Revitalizan parque emblem\u00e1tico en la Ciudad Colonial de SD","datePublished":"2026-03-04T05:17:23+00:00","mainEntityOfPage":{"@id":"https:\/\/sarmiento24h.com\/?p=40737"},"wordCount":382,"publisher":{"@id":"https:\/\/sarmiento24h.com\/#organization"},"image":{"@id":"https:\/\/sarmiento24h.com\/?p=40737#primaryimage"},"thumbnailUrl":"https:\/\/sarmiento24h.com\/wp-content\/uploads\/2026\/03\/revitalizan-parque-emblematico-en-la-ciudad-colonial-de-sd.jpg","articleSection":["Variedades"],"inLanguage":"es"},{"@type":"WebPage","@id":"https:\/\/sarmiento24h.com\/?p=40737","url":"https:\/\/sarmiento24h.com\/?p=40737","name":"Revitalizan parque emblem\u00e1tico en la Ciudad Colonial de SD - Sarmiento24h","isPartOf":{"@id":"https:\/\/sarmiento24h.com\/#website"},"primaryImageOfPage":{"@id":"https:\/\/sarmiento24h.com\/?p=40737#primaryimage"},"image":{"@id":"https:\/\/sarmiento24h.com\/?p=40737#primaryimage"},"thumbnailUrl":"https:\/\/sarmiento24h.com\/wp-content\/uploads\/2026\/03\/revitalizan-parque-emblematico-en-la-ciudad-colonial-de-sd.jpg","datePublished":"2026-03-04T05:17:23+00:00","breadcrumb":{"@id":"https:\/\/sarmiento24h.com\/?p=40737#breadcrumb"},"inLanguage":"es","potentialAction":[{"@type":"ReadAction","target":["https:\/\/sarmiento24h.com\/?p=40737"]}]},{"@type":"ImageObject","inLanguage":"es","@id":"https:\/\/sarmiento24h.com\/?p=40737#primaryimage","url":"https:\/\/sarmiento24h.com\/wp-content\/uploads\/2026\/03\/revitalizan-parque-emblematico-en-la-ciudad-colonial-de-sd.jpg","contentUrl":"https:\/\/sarmiento24h.com\/wp-content\/uploads\/2026\/03\/revitalizan-parque-emblematico-en-la-ciudad-colonial-de-sd.jpg","width":540,"height":296},{"@type":"BreadcrumbList","@id":"https:\/\/sarmiento24h.com\/?p=40737#breadcrumb","itemListElement":[{"@type":"ListItem","position":1,"name":"Home","item":"https:\/\/sarmiento24h.com\/"},{"@type":"ListItem","position":2,"name":"Revitalizan parque emblem\u00e1tico en la Ciudad Colonial de SD"}]},{"@type":"WebSite","@id":"https:\/\/sarmiento24h.com\/#website","url":"https:\/\/sarmiento24h.com\/","name":"Sarmiento24h","description":"","publisher":{"@id":"https:\/\/sarmiento24h.com\/#organization"},"potentialAction":[{"@type":"SearchAction","target":{"@type":"EntryPoint","urlTemplate":"https:\/\/sarmiento24h.com\/?s={search_term_string}"},"query-input":{"@type":"PropertyValueSpecification","valueRequired":true,"valueName":"search_term_string"}}],"inLanguage":"es"},{"@type":"Organization","@id":"https:\/\/sarmiento24h.com\/#organization","name":"Sarmiento24h","url":"https:\/\/sarmiento24h.com\/","logo":{"@type":"ImageObject","inLanguage":"es","@id":"https:\/\/sarmiento24h.com\/#\/schema\/logo\/image\/","url":"https:\/\/sarmiento24h.com\/wp-content\/uploads\/2025\/12\/AddText_12-16-10.30.52.jpg","contentUrl":"https:\/\/sarmiento24h.com\/wp-content\/uploads\/2025\/12\/AddText_12-16-10.30.52.jpg","width":1220,"height":324,"caption":"Sarmiento24h"},"image":{"@id":"https:\/\/sarmiento24h.com\/#\/schema\/logo\/image\/"},"sameAs":["https:\/\/facebook.com\/s24hnoticias","https:\/\/x.com\/sarmiento24h"]},{"@type":"Person","@id":"https:\/\/sarmiento24h.com\/#\/schema\/person\/d653a59725ad629a7e0429af7b939d4d","name":"sarmiento24h@gmail.com","image":{"@type":"ImageObject","inLanguage":"es","@id":"https:\/\/sarmiento24h.com\/wp-content\/litespeed\/avatar\/d02cbc4e23c747e6659cd45907173c8f.jpg?ver=1777157796","url":"https:\/\/sarmiento24h.com\/wp-content\/litespeed\/avatar\/d02cbc4e23c747e6659cd45907173c8f.jpg?ver=1777157796","contentUrl":"https:\/\/sarmiento24h.com\/wp-content\/litespeed\/avatar\/d02cbc4e23c747e6659cd45907173c8f.jpg?ver=1777157796","caption":"sarmiento24h@gmail.com"},"sameAs":["https:\/\/sarmiento24h.com"],"url":"https:\/\/sarmiento24h.com\/?author=1"}]}},"jetpack_publicize_connections":[],"jetpack_featured_media_url":"https:\/\/sarmiento24h.com\/wp-content\/uploads\/2026\/03\/revitalizan-parque-emblematico-en-la-ciudad-colonial-de-sd.jpg","jetpack_sharing_enabled":true,"_links":{"self":[{"href":"https:\/\/sarmiento24h.com\/index.php?rest_route=\/wp\/v2\/posts\/40737","targetHints":{"allow":["GET"]}}],"collection":[{"href":"https:\/\/sarmiento24h.com\/index.php?rest_route=\/wp\/v2\/posts"}],"about":[{"href":"https:\/\/sarmiento24h.com\/index.php?rest_route=\/wp\/v2\/types\/post"}],"author":[{"embeddable":true,"href":"https:\/\/sarmiento24h.com\/index.php?rest_route=\/wp\/v2\/users\/1"}],"replies":[{"embeddable":true,"href":"https:\/\/sarmiento24h.com\/index.php?rest_route=%2Fwp%2Fv2%2Fcomments&post=40737"}],"version-history":[{"count":0,"href":"https:\/\/sarmiento24h.com\/index.php?rest_route=\/wp\/v2\/posts\/40737\/revisions"}],"wp:featuredmedia":[{"embeddable":true,"href":"https:\/\/sarmiento24h.com\/index.php?rest_route=\/wp\/v2\/media\/40738"}],"wp:attachment":[{"href":"https:\/\/sarmiento24h.com\/index.php?rest_route=%2Fwp%2Fv2%2Fmedia&parent=40737"}],"wp:term":[{"taxonomy":"category","embeddable":true,"href":"https:\/\/sarmiento24h.com\/index.php?rest_route=%2Fwp%2Fv2%2Fcategories&post=40737"},{"taxonomy":"post_tag","embeddable":true,"href":"https:\/\/sarmiento24h.com\/index.php?rest_route=%2Fwp%2Fv2%2Ftags&post=40737"}],"curies":[{"name":"wp","href":"https:\/\/api.w.org\/{rel}","templated":true}]}}