{"id":407413,"date":"2026-08-31T23:47:41","date_gmt":"2026-08-31T23:47:41","guid":{"rendered":"http:\/\/6a95f7289ffabc1c556726d5"},"modified":"2026-08-31T23:47:41","modified_gmt":"2026-08-31T23:47:41","slug":"los-adolescentes-de-mexico-tendran-clases-semanales-sobre-emociones-y-salud-mental","status":"publish","type":"post","link":"https:\/\/sarmiento24h.com\/?p=407413","title":{"rendered":"Los adolescentes de M\u00e9xico tendr\u00e1n clases semanales sobre emociones y salud mental"},"content":{"rendered":"<p>Claudia Sheinbaum, presidenta de M\u00e9xico, encabez\u00f3 el arranque de la estrategia nacional \u201cEl ABC de las emociones\u201d, un programa que pretende atender la salud mental y el bienestar socioemocional de j\u00f3venes de entre 14 y 18 a\u00f1os por medio de un enfoque preventivo.<\/p>\n<p>Durante su conferencia de prensa matutina, la mandataria explic\u00f3 que la iniciativa busca que, en las escuelas secundarias y planteles de educaci\u00f3n media superior, docentes, padres de familia y estudiantes trabajen de manera conjunta sobre una misma plataforma para atender posibles trastornos o complicaciones de <a href=\"https:\/\/es.wired.com\/articulos\/redes-sociales-y-salud-mental-lo-que-la-ciencia-sabe-sobre-su-impacto-en-ninas-ninos-y-adolescentes\">salud mental<\/a> entre la poblaci\u00f3n estudiantil, como depresi\u00f3n, ansiedad, aislamiento, acoso escolar y estr\u00e9s.<\/p>\n<hr>\n<div class=\"ContentCardEmbedWrapper-hkvhYu kMYDit content-card-embed content-card-embed--stacked\" data-testid=\"ContentCardEmbedWrapper\" readability=\"22.34375\">\n<div class=\"ContentCardEmbedImage-bqahne fjmzkP content-card-embed__image\" data-testid=\"ContentCardEmbedImage\"><span class=\"SpanWrapper-kFnjvc eKnjjD responsive-asset\"><picture class=\"ResponsiveImagePicture-jKunQM gjCCFj responsive-image\"><img decoding=\"async\" alt=\"Salud mental estrategia M\u00e9xico\" loading=\"lazy\" class=\"ResponsiveImageContainer-dkeESL cQPiWi responsive-image__image\" srcset=\"https:\/\/media.es.wired.com\/photos\/69e947e44cd18780874c0d26\/master\/w_120,c_limit\/SAlud%20mental%20estrategia%20M%C3%A9xico%20ok.jpg 120w, https:\/\/media.es.wired.com\/photos\/69e947e44cd18780874c0d26\/master\/w_240,c_limit\/SAlud%20mental%20estrategia%20M%C3%A9xico%20ok.jpg 240w, https:\/\/media.es.wired.com\/photos\/69e947e44cd18780874c0d26\/master\/w_320,c_limit\/SAlud%20mental%20estrategia%20M%C3%A9xico%20ok.jpg 320w, https:\/\/media.es.wired.com\/photos\/69e947e44cd18780874c0d26\/master\/w_640,c_limit\/SAlud%20mental%20estrategia%20M%C3%A9xico%20ok.jpg 640w, https:\/\/media.es.wired.com\/photos\/69e947e44cd18780874c0d26\/master\/w_768,c_limit\/SAlud%20mental%20estrategia%20M%C3%A9xico%20ok.jpg 768w\" sizes=\"100vw\" src=\"https:\/\/media.es.wired.com\/photos\/69e947e44cd18780874c0d26\/master\/w_775%2Cc_limit\/SAlud%2520mental%2520estrategia%2520M%25C3%25A9xico%2520ok.jpg\"><\/picture><\/span><\/div>\n<div class=\"ContentCardEmbedInfo-buyHWH gWLOee\" readability=\"24.0625\">\n<div class=\"BaseText-fEwdHD ContentCardEmbedHed-kDKGDs iUENtL dlHXUJ content-card-embed__hed\" data-testid=\"ContentCardEmbedHed\"><a class=\"BaseLink-haTOKm ContentCardEmbedHedLink-iBZsco ILkR hhUFQU content-card-embed__hed-link link\" href=\"https:\/\/es.wired.com\/articulos\/mexico-apuesta-por-la-prevencion-para-rescatar-la-salud-mental-de-sus-jovenes\" data-testid=\"ContentCardEmbedHedLink\">M\u00e9xico apuesta por la prevenci\u00f3n para rescatar la salud mental de sus j\u00f3venes<\/a><\/div>\n<p>Durante 2024, el Sistema Nacional de Salud en M\u00e9xico registr\u00f3 m\u00e1s de 144,890 casos de j\u00f3venes de entre 5 y 19 a\u00f1os que solicitaron atenci\u00f3n por problemas de salud mental.<\/p>\n<\/div>\n<\/div>\n<hr>\n<p><strong>La estrategia busca beneficiar a 6.8 millones de estudiantes.<\/strong> Contempla la entrega de 16 millones de gu\u00edas dirigidas a padres de familia, j\u00f3venes y docentes, dise\u00f1adas para orientar sobre el reconocimiento y manejo adecuado de las emociones, con informaci\u00f3n especializada para cada segmento. En las aulas de tercero de secundaria y escuelas de educaci\u00f3n media superior se dedicar\u00e1 una hora a la semana a debatir el contenido de estos materiales.<\/p>\n<p>El programa tambi\u00e9n contempla la participaci\u00f3n de brigadas m\u00e9dicas, especialistas de la salud y funcionarios p\u00fablicos en sesiones que abordar\u00e1n temas relacionados con el bienestar mental, las cuales se llevar\u00e1n a cabo en m\u00e1s de 100 espacios comunitarios p\u00fablicos.<\/p>\n<p>Tania Rodr\u00edguez, subsecretaria de Educaci\u00f3n Media Superior, precis\u00f3 que <strong>este ciclo escolar ser\u00e1 el primero en el que se instrumentar\u00e1 la estrategia<\/strong> con \u201cun enfoque preventivo comunitario y que llegue a todo el pa\u00eds\u201d.<\/p>\n<p>La funcionaria <a data-offer-url=\"https:\/\/www.gob.mx\/sep\/prensa\/boletin-280-2026-2027-primer-ciclo-escolar-en-el-que-ya-se-cuenta-con-cobertura-universal-de-becas-para-educacion-basica-y-media-superior?idiom=es\" class=\"external-link\" data-event-click=\"{&quot;element&quot;:&quot;ExternalLink&quot;,&quot;outgoingURL&quot;:&quot;https:\/\/www.gob.mx\/sep\/prensa\/boletin-280-2026-2027-primer-ciclo-escolar-en-el-que-ya-se-cuenta-con-cobertura-universal-de-becas-para-educacion-basica-y-media-superior?idiom=es&quot;}\" href=\"https:\/\/www.gob.mx\/sep\/prensa\/boletin-280-2026-2027-primer-ciclo-escolar-en-el-que-ya-se-cuenta-con-cobertura-universal-de-becas-para-educacion-basica-y-media-superior?idiom=es\" rel=\"nofollow noopener\" target=\"_blank\">se\u00f1al\u00f3<\/a> que el programa se complementa con la atenci\u00f3n permanente que cualquier persona puede recibir a trav\u00e9s de la \u201cL\u00ednea de la Vida\u201d , un servicio p\u00fablico de la Secretar\u00eda de Salud que ofrece atenci\u00f3n psicol\u00f3gica, apoyo emocional y orientaci\u00f3n a distancia las 24 horas, los siete d\u00edas de la semana atrav\u00e9s del n\u00famero telef\u00f3nico 800 911 2000.<\/p>\n<div data-testid=\"external-link-embed--inline\" class=\"ExternalLinkEmbedWrapper-fuxWaS fPafbg\" readability=\"7.3391521197007\">\n<div class=\"ExternalLinkEmbedText-cURPmc fgjPbX\" readability=\"30.98753117207\">\n<p>Ver m\u00e1s<\/p>\n<p><a aria-label=\"La generaci\u00f3n algoritmo: \u00bfDebemos prohibir las redes para las infancias?\" class=\"external-link external-link-embed__hed-link button\" data-event-click=\"{&quot;element&quot;:&quot;ExternalLink&quot;,&quot;outgoingURL&quot;:&quot;https:\/\/es.wired.com\/la-generacion-algoritmos-debemos-prohibir-las-redes-para-las-infancias&quot;}\" href=\"https:\/\/es.wired.com\/la-generacion-algoritmos-debemos-prohibir-las-redes-para-las-infancias\" rel=\"nofollow noopener\" target=\"_blank\"><span class=\"BaseText-fEwdHD ExternalLinkEmbedHed-gWWDFA hSrxeX catFoh\">La generaci\u00f3n algoritmo: \u00bfDebemos prohibir las redes para las infancias?<\/span><\/a><\/p>\n<p class=\"BaseText-fEwdHD ExternalLinkEmbedDek-KGahj hZwQgz evzMdD\">En esta entrega especial, WIRED en Espa\u00f1ol re\u00fane evidencia cient\u00edfica, experiencias de familias, debates sobre regulaci\u00f3n y perspectivas de especialistas para entender c\u00f3mo las plataformas digitales est\u00e1n transformando la infancia y qu\u00e9 alternativas existen para protegerla sin perder de vista sus derechos.<\/p>\n<p><svg class=\"ExternalLinkEmbedArrowIcon-deUewv jeJGnH icon icon-arrow\" focusable=\"false\" width=\"16\" height=\"16\" viewBox=\"0 0 16 16\"><title>Arrow<\/title><g clip-path=\"url(#a)\"><path fill-rule=\"evenodd\" clip-rule=\"evenodd\" d=\"M14.707 8 8.354 1.646l-.708.708L12.793 7.5H1v1h11.793l-5.147 5.146.708.708L14.707 8Z\" \/><\/g><defs><clipPath id=\"a\"><path d=\"M0 0h16v16H0z\" \/><\/clipPath><\/defs><\/svg><\/div>\n<p><a aria-label=\"La generaci\u00f3n algoritmo: \u00bfDebemos prohibir las redes para las infancias?\" class=\"external-link external-link-embed__image-link\" data-event-click=\"{&quot;element&quot;:&quot;ExternalLink&quot;,&quot;outgoingURL&quot;:&quot;https:\/\/es.wired.com\/la-generacion-algoritmos-debemos-prohibir-las-redes-para-las-infancias&quot;}\" href=\"https:\/\/es.wired.com\/la-generacion-algoritmos-debemos-prohibir-las-redes-para-las-infancias\" rel=\"nofollow noopener\" target=\"_blank\"><picture class=\"ResponsiveImagePicture-jKunQM gjCCFj ExternalLinkEmbedResponsiveImage-hweMti gueJPZ responsive-image\"><img decoding=\"async\" alt loading=\"lazy\" class=\"ResponsiveImageContainer-dkeESL cQPiWi responsive-image__image\" srcset=\"https:\/\/media.es.wired.com\/photos\/6a4672cadcc50195bebb8b31\/1:1\/w_120,c_limit\/WR-Nin%CC%83os%20(1).jpg 120w\" sizes=\"100vw\" src=\"https:\/\/media.es.wired.com\/photos\/6a4672cadcc50195bebb8b31\/1:1\/w_200%2Cc_limit\/WR-Nin%25CC%2583os%2520(1).jpg\"><\/picture><\/a><\/div>\n<p>Sheinbaum destac\u00f3 que la adolescencia es una etapa de cambios f\u00edsicos, emocionales y sociales que demanda un cuidado especial de la salud mental, sobre todo ante la influencia que el <a href=\"https:\/\/es.wired.com\/articulos\/el-uso-excesivo-de-redes-sociales-podria-influir-en-el-desarrollo-cerebral-de-los-adolescentes\">entorno digital<\/a> puede tener en dicho proceso de crecimiento.<\/p>\n<p>\u201cLa adolescencia es un periodo en donde cambian muchas cosas. Cambia nuestro cuerpo, cambia nuestra mente, cambia nuestra relaci\u00f3n con las personas y todo eso debemos platicarlo. Adem\u00e1s ahora con las redes sociales y el tel\u00e9fono celular, pues tiene un impacto todav\u00eda mayor en la forma en que nos relacionamos con las personas. Entonces entre todos vamos a apoyar a las y los adolescentes de nuestro pa\u00eds para que puedan seguir creciendo de manera sana y siempre salir adelante\u201d, sostuvo.<\/p>\n<h2>Maestros a favor de regular el uso de las nuevas tecnolog\u00edas en las aulas<\/h2>\n<p>En su intervenci\u00f3n, Mario Delgado, titular de la Secretar\u00eda de Educaci\u00f3n P\u00fablica (SEP), inform\u00f3 que la dependencia realiz\u00f3 una consulta nacional sobre el uso y <a href=\"https:\/\/es.wired.com\/articulos\/estos-son-los-estados-de-mexico-que-ya-se-adelantaron-a-sheinbaum-en-la-regulacion-de-celulares-en-las-escuelas\">regulaci\u00f3n de dispositivos electr\u00f3nicos<\/a> en educaci\u00f3n b\u00e1sica.<\/p>\n<p>El ejercicio se realiz\u00f3 durante el \u00faltimo Consejo T\u00e9cnico Escolar, Fase Intensiva, para conocer la opini\u00f3n de los docentes sobre la presencia de pantallas, celulares y otros dispositivos electr\u00f3nicos en las escuelas primarias y secundarias.<\/p>\n<p>Delgado se\u00f1al\u00f3 que en la consulta participaron 565,396 profesores, de los cuales m\u00e1s del 80% se manifestaron a favor de establecer lineamientos y normas que garanticen el uso seguro y con fines pedag\u00f3gicos de las nuevas tecnolog\u00edas.<\/p>\n<p>De los participantes, el 40% asegur\u00f3 que los tel\u00e9fonos m\u00f3viles favorecen la desatenci\u00f3n de los alumnos, mientras que el 34% sostuvo que este tipo de dispositivos promueven el abandono de espacios de convivencia f\u00edsica y <strong>m\u00e1s del 38% advirti\u00f3 que los conflictos originados en redes sociales se trasladan al aula y a la escuela.<\/strong><\/p>\n","protected":false},"excerpt":{"rendered":"<p>Claudia Sheinbaum, presidenta de M\u00e9xico, encabez\u00f3 el&#46;&#46;&#46;<\/p>\n","protected":false},"author":1,"featured_media":407414,"comment_status":"closed","ping_status":"closed","sticky":false,"template":"","format":"standard","meta":{"_jetpack_newsletter_access":"","_jetpack_dont_email_post_to_subs":false,"_jetpack_newsletter_tier_id":0,"_jetpack_memberships_contains_paywalled_content":false,"_jetpack_feature_clip_id":0,"_jetpack_memberships_contains_paid_content":false,"footnotes":"","jetpack_publicize_message":"","jetpack_publicize_feature_enabled":true,"jetpack_social_post_already_shared":true,"jetpack_social_options":{"image_generator_settings":{"template":"highway","default_image_id":0,"font":"","enabled":false},"version":2},"jetpack_post_was_ever_published":false},"categories":[46],"tags":[],"class_list":["post-407413","post","type-post","status-publish","format-standard","has-post-thumbnail","hentry","category-tecnologia"],"yoast_head":"<!-- This site is optimized with the Yoast SEO plugin v28.1 - https:\/\/yoast.com\/product\/yoast-seo-wordpress\/ -->\n<title>Los adolescentes de M\u00e9xico tendr\u00e1n clases semanales sobre emociones y salud mental - Sarmiento24h<\/title>\n<meta name=\"robots\" content=\"index, follow, max-snippet:-1, max-image-preview:large, max-video-preview:-1\" \/>\n<link rel=\"canonical\" href=\"https:\/\/sarmiento24h.com\/?p=407413\" \/>\n<meta property=\"og:locale\" content=\"es_ES\" \/>\n<meta property=\"og:type\" content=\"article\" \/>\n<meta property=\"og:title\" content=\"Los adolescentes de M\u00e9xico tendr\u00e1n clases semanales sobre emociones y salud mental - Sarmiento24h\" \/>\n<meta property=\"og:description\" content=\"Claudia Sheinbaum, presidenta de M\u00e9xico, encabez\u00f3 el&#046;&#046;&#046;\" \/>\n<meta property=\"og:url\" content=\"https:\/\/sarmiento24h.com\/?p=407413\" \/>\n<meta property=\"og:site_name\" content=\"Sarmiento24h\" \/>\n<meta property=\"article:publisher\" content=\"https:\/\/facebook.com\/s24hnoticias\" \/>\n<meta property=\"article:published_time\" content=\"2026-08-31T23:47:41+00:00\" \/>\n<meta property=\"og:image\" content=\"https:\/\/media.es.wired.com\/photos\/69e947e44cd18780874c0d26\/master\/w_775%2Cc_limit\/SAlud%2520mental%2520estrategia%2520M%25C3%25A9xico%2520ok.jpg\" \/>\n<meta name=\"author\" content=\"sarmiento24h@gmail.com\" \/>\n<meta name=\"twitter:card\" content=\"summary_large_image\" \/>\n<meta name=\"twitter:creator\" content=\"@sarmiento24h\" \/>\n<meta name=\"twitter:site\" content=\"@sarmiento24h\" \/>\n<meta name=\"twitter:label1\" content=\"Escrito por\" \/>\n\t<meta name=\"twitter:data1\" content=\"sarmiento24h@gmail.com\" \/>\n\t<meta name=\"twitter:label2\" content=\"Tiempo de lectura\" \/>\n\t<meta name=\"twitter:data2\" content=\"4 minutos\" \/>\n<script type=\"application\/ld+json\" class=\"yoast-schema-graph\">{\"@context\":\"https:\\\/\\\/schema.org\",\"@graph\":[{\"@type\":\"Article\",\"@id\":\"https:\\\/\\\/sarmiento24h.com\\\/?p=407413#article\",\"isPartOf\":{\"@id\":\"https:\\\/\\\/sarmiento24h.com\\\/?p=407413\"},\"author\":{\"name\":\"sarmiento24h@gmail.com\",\"@id\":\"https:\\\/\\\/sarmiento24h.com\\\/#\\\/schema\\\/person\\\/d653a59725ad629a7e0429af7b939d4d\"},\"headline\":\"Los adolescentes de M\u00e9xico tendr\u00e1n clases semanales sobre emociones y salud mental\",\"datePublished\":\"2026-08-31T23:47:41+00:00\",\"mainEntityOfPage\":{\"@id\":\"https:\\\/\\\/sarmiento24h.com\\\/?p=407413\"},\"wordCount\":768,\"publisher\":{\"@id\":\"https:\\\/\\\/sarmiento24h.com\\\/#organization\"},\"image\":{\"@id\":\"https:\\\/\\\/sarmiento24h.com\\\/?p=407413#primaryimage\"},\"thumbnailUrl\":\"https:\\\/\\\/sarmiento24h.com\\\/wp-content\\\/uploads\\\/2026\\\/08\\\/los-adolescentes-de-mexico-tendran-clases-semanales-sobre-emociones-y-salud-mental.jpg\",\"articleSection\":[\"Tecnologia\"],\"inLanguage\":\"es\"},{\"@type\":\"WebPage\",\"@id\":\"https:\\\/\\\/sarmiento24h.com\\\/?p=407413\",\"url\":\"https:\\\/\\\/sarmiento24h.com\\\/?p=407413\",\"name\":\"Los adolescentes de M\u00e9xico tendr\u00e1n clases semanales sobre emociones y salud mental - Sarmiento24h\",\"isPartOf\":{\"@id\":\"https:\\\/\\\/sarmiento24h.com\\\/#website\"},\"primaryImageOfPage\":{\"@id\":\"https:\\\/\\\/sarmiento24h.com\\\/?p=407413#primaryimage\"},\"image\":{\"@id\":\"https:\\\/\\\/sarmiento24h.com\\\/?p=407413#primaryimage\"},\"thumbnailUrl\":\"https:\\\/\\\/sarmiento24h.com\\\/wp-content\\\/uploads\\\/2026\\\/08\\\/los-adolescentes-de-mexico-tendran-clases-semanales-sobre-emociones-y-salud-mental.jpg\",\"datePublished\":\"2026-08-31T23:47:41+00:00\",\"breadcrumb\":{\"@id\":\"https:\\\/\\\/sarmiento24h.com\\\/?p=407413#breadcrumb\"},\"inLanguage\":\"es\",\"potentialAction\":[{\"@type\":\"ReadAction\",\"target\":[\"https:\\\/\\\/sarmiento24h.com\\\/?p=407413\"]}]},{\"@type\":\"ImageObject\",\"inLanguage\":\"es\",\"@id\":\"https:\\\/\\\/sarmiento24h.com\\\/?p=407413#primaryimage\",\"url\":\"https:\\\/\\\/sarmiento24h.com\\\/wp-content\\\/uploads\\\/2026\\\/08\\\/los-adolescentes-de-mexico-tendran-clases-semanales-sobre-emociones-y-salud-mental.jpg\",\"contentUrl\":\"https:\\\/\\\/sarmiento24h.com\\\/wp-content\\\/uploads\\\/2026\\\/08\\\/los-adolescentes-de-mexico-tendran-clases-semanales-sobre-emociones-y-salud-mental.jpg\",\"width\":775,\"height\":516},{\"@type\":\"BreadcrumbList\",\"@id\":\"https:\\\/\\\/sarmiento24h.com\\\/?p=407413#breadcrumb\",\"itemListElement\":[{\"@type\":\"ListItem\",\"position\":1,\"name\":\"Home\",\"item\":\"https:\\\/\\\/sarmiento24h.com\\\/\"},{\"@type\":\"ListItem\",\"position\":2,\"name\":\"Los adolescentes de M\u00e9xico tendr\u00e1n clases semanales sobre emociones y salud mental\"}]},{\"@type\":\"WebSite\",\"@id\":\"https:\\\/\\\/sarmiento24h.com\\\/#website\",\"url\":\"https:\\\/\\\/sarmiento24h.com\\\/\",\"name\":\"Sarmiento24h\",\"description\":\"\",\"publisher\":{\"@id\":\"https:\\\/\\\/sarmiento24h.com\\\/#organization\"},\"potentialAction\":[{\"@type\":\"SearchAction\",\"target\":{\"@type\":\"EntryPoint\",\"urlTemplate\":\"https:\\\/\\\/sarmiento24h.com\\\/?s={search_term_string}\"},\"query-input\":{\"@type\":\"PropertyValueSpecification\",\"valueRequired\":true,\"valueName\":\"search_term_string\"}}],\"inLanguage\":\"es\"},{\"@type\":\"Organization\",\"@id\":\"https:\\\/\\\/sarmiento24h.com\\\/#organization\",\"name\":\"Sarmiento24h\",\"url\":\"https:\\\/\\\/sarmiento24h.com\\\/\",\"logo\":{\"@type\":\"ImageObject\",\"inLanguage\":\"es\",\"@id\":\"https:\\\/\\\/sarmiento24h.com\\\/#\\\/schema\\\/logo\\\/image\\\/\",\"url\":\"https:\\\/\\\/sarmiento24h.com\\\/wp-content\\\/uploads\\\/2025\\\/12\\\/AddText_12-16-10.30.52.jpg\",\"contentUrl\":\"https:\\\/\\\/sarmiento24h.com\\\/wp-content\\\/uploads\\\/2025\\\/12\\\/AddText_12-16-10.30.52.jpg\",\"width\":1220,\"height\":324,\"caption\":\"Sarmiento24h\"},\"image\":{\"@id\":\"https:\\\/\\\/sarmiento24h.com\\\/#\\\/schema\\\/logo\\\/image\\\/\"},\"sameAs\":[\"https:\\\/\\\/facebook.com\\\/s24hnoticias\",\"https:\\\/\\\/x.com\\\/sarmiento24h\"]},{\"@type\":\"Person\",\"@id\":\"https:\\\/\\\/sarmiento24h.com\\\/#\\\/schema\\\/person\\\/d653a59725ad629a7e0429af7b939d4d\",\"name\":\"sarmiento24h@gmail.com\",\"image\":{\"@type\":\"ImageObject\",\"inLanguage\":\"es\",\"@id\":\"https:\\\/\\\/sarmiento24h.com\\\/wp-content\\\/litespeed\\\/avatar\\\/d02cbc4e23c747e6659cd45907173c8f.jpg?ver=1788047690\",\"url\":\"https:\\\/\\\/sarmiento24h.com\\\/wp-content\\\/litespeed\\\/avatar\\\/d02cbc4e23c747e6659cd45907173c8f.jpg?ver=1788047690\",\"contentUrl\":\"https:\\\/\\\/sarmiento24h.com\\\/wp-content\\\/litespeed\\\/avatar\\\/d02cbc4e23c747e6659cd45907173c8f.jpg?ver=1788047690\",\"caption\":\"sarmiento24h@gmail.com\"},\"sameAs\":[\"https:\\\/\\\/sarmiento24h.com\"],\"url\":\"https:\\\/\\\/sarmiento24h.com\\\/?author=1\"}]}<\/script>\n<!-- \/ Yoast SEO plugin. -->","yoast_head_json":{"title":"Los adolescentes de M\u00e9xico tendr\u00e1n clases semanales sobre emociones y salud mental - Sarmiento24h","robots":{"index":"index","follow":"follow","max-snippet":"max-snippet:-1","max-image-preview":"max-image-preview:large","max-video-preview":"max-video-preview:-1"},"canonical":"https:\/\/sarmiento24h.com\/?p=407413","og_locale":"es_ES","og_type":"article","og_title":"Los adolescentes de M\u00e9xico tendr\u00e1n clases semanales sobre emociones y salud mental - Sarmiento24h","og_description":"Claudia Sheinbaum, presidenta de M\u00e9xico, encabez\u00f3 el&#46;&#46;&#46;","og_url":"https:\/\/sarmiento24h.com\/?p=407413","og_site_name":"Sarmiento24h","article_publisher":"https:\/\/facebook.com\/s24hnoticias","article_published_time":"2026-08-31T23:47:41+00:00","og_image":[{"url":"https:\/\/media.es.wired.com\/photos\/69e947e44cd18780874c0d26\/master\/w_775%2Cc_limit\/SAlud%2520mental%2520estrategia%2520M%25C3%25A9xico%2520ok.jpg","type":"","width":"","height":""}],"author":"sarmiento24h@gmail.com","twitter_card":"summary_large_image","twitter_creator":"@sarmiento24h","twitter_site":"@sarmiento24h","twitter_misc":{"Escrito por":"sarmiento24h@gmail.com","Tiempo de lectura":"4 minutos"},"schema":{"@context":"https:\/\/schema.org","@graph":[{"@type":"Article","@id":"https:\/\/sarmiento24h.com\/?p=407413#article","isPartOf":{"@id":"https:\/\/sarmiento24h.com\/?p=407413"},"author":{"name":"sarmiento24h@gmail.com","@id":"https:\/\/sarmiento24h.com\/#\/schema\/person\/d653a59725ad629a7e0429af7b939d4d"},"headline":"Los adolescentes de M\u00e9xico tendr\u00e1n clases semanales sobre emociones y salud mental","datePublished":"2026-08-31T23:47:41+00:00","mainEntityOfPage":{"@id":"https:\/\/sarmiento24h.com\/?p=407413"},"wordCount":768,"publisher":{"@id":"https:\/\/sarmiento24h.com\/#organization"},"image":{"@id":"https:\/\/sarmiento24h.com\/?p=407413#primaryimage"},"thumbnailUrl":"https:\/\/sarmiento24h.com\/wp-content\/uploads\/2026\/08\/los-adolescentes-de-mexico-tendran-clases-semanales-sobre-emociones-y-salud-mental.jpg","articleSection":["Tecnologia"],"inLanguage":"es"},{"@type":"WebPage","@id":"https:\/\/sarmiento24h.com\/?p=407413","url":"https:\/\/sarmiento24h.com\/?p=407413","name":"Los adolescentes de M\u00e9xico tendr\u00e1n clases semanales sobre emociones y salud mental - Sarmiento24h","isPartOf":{"@id":"https:\/\/sarmiento24h.com\/#website"},"primaryImageOfPage":{"@id":"https:\/\/sarmiento24h.com\/?p=407413#primaryimage"},"image":{"@id":"https:\/\/sarmiento24h.com\/?p=407413#primaryimage"},"thumbnailUrl":"https:\/\/sarmiento24h.com\/wp-content\/uploads\/2026\/08\/los-adolescentes-de-mexico-tendran-clases-semanales-sobre-emociones-y-salud-mental.jpg","datePublished":"2026-08-31T23:47:41+00:00","breadcrumb":{"@id":"https:\/\/sarmiento24h.com\/?p=407413#breadcrumb"},"inLanguage":"es","potentialAction":[{"@type":"ReadAction","target":["https:\/\/sarmiento24h.com\/?p=407413"]}]},{"@type":"ImageObject","inLanguage":"es","@id":"https:\/\/sarmiento24h.com\/?p=407413#primaryimage","url":"https:\/\/sarmiento24h.com\/wp-content\/uploads\/2026\/08\/los-adolescentes-de-mexico-tendran-clases-semanales-sobre-emociones-y-salud-mental.jpg","contentUrl":"https:\/\/sarmiento24h.com\/wp-content\/uploads\/2026\/08\/los-adolescentes-de-mexico-tendran-clases-semanales-sobre-emociones-y-salud-mental.jpg","width":775,"height":516},{"@type":"BreadcrumbList","@id":"https:\/\/sarmiento24h.com\/?p=407413#breadcrumb","itemListElement":[{"@type":"ListItem","position":1,"name":"Home","item":"https:\/\/sarmiento24h.com\/"},{"@type":"ListItem","position":2,"name":"Los adolescentes de M\u00e9xico tendr\u00e1n clases semanales sobre emociones y salud mental"}]},{"@type":"WebSite","@id":"https:\/\/sarmiento24h.com\/#website","url":"https:\/\/sarmiento24h.com\/","name":"Sarmiento24h","description":"","publisher":{"@id":"https:\/\/sarmiento24h.com\/#organization"},"potentialAction":[{"@type":"SearchAction","target":{"@type":"EntryPoint","urlTemplate":"https:\/\/sarmiento24h.com\/?s={search_term_string}"},"query-input":{"@type":"PropertyValueSpecification","valueRequired":true,"valueName":"search_term_string"}}],"inLanguage":"es"},{"@type":"Organization","@id":"https:\/\/sarmiento24h.com\/#organization","name":"Sarmiento24h","url":"https:\/\/sarmiento24h.com\/","logo":{"@type":"ImageObject","inLanguage":"es","@id":"https:\/\/sarmiento24h.com\/#\/schema\/logo\/image\/","url":"https:\/\/sarmiento24h.com\/wp-content\/uploads\/2025\/12\/AddText_12-16-10.30.52.jpg","contentUrl":"https:\/\/sarmiento24h.com\/wp-content\/uploads\/2025\/12\/AddText_12-16-10.30.52.jpg","width":1220,"height":324,"caption":"Sarmiento24h"},"image":{"@id":"https:\/\/sarmiento24h.com\/#\/schema\/logo\/image\/"},"sameAs":["https:\/\/facebook.com\/s24hnoticias","https:\/\/x.com\/sarmiento24h"]},{"@type":"Person","@id":"https:\/\/sarmiento24h.com\/#\/schema\/person\/d653a59725ad629a7e0429af7b939d4d","name":"sarmiento24h@gmail.com","image":{"@type":"ImageObject","inLanguage":"es","@id":"https:\/\/sarmiento24h.com\/wp-content\/litespeed\/avatar\/d02cbc4e23c747e6659cd45907173c8f.jpg?ver=1788047690","url":"https:\/\/sarmiento24h.com\/wp-content\/litespeed\/avatar\/d02cbc4e23c747e6659cd45907173c8f.jpg?ver=1788047690","contentUrl":"https:\/\/sarmiento24h.com\/wp-content\/litespeed\/avatar\/d02cbc4e23c747e6659cd45907173c8f.jpg?ver=1788047690","caption":"sarmiento24h@gmail.com"},"sameAs":["https:\/\/sarmiento24h.com"],"url":"https:\/\/sarmiento24h.com\/?author=1"}]}},"jetpack_publicize_connections":[],"jetpack_featured_media_url":"https:\/\/sarmiento24h.com\/wp-content\/uploads\/2026\/08\/los-adolescentes-de-mexico-tendran-clases-semanales-sobre-emociones-y-salud-mental.jpg","jetpack_sharing_enabled":true,"_links":{"self":[{"href":"https:\/\/sarmiento24h.com\/index.php?rest_route=\/wp\/v2\/posts\/407413","targetHints":{"allow":["GET"]}}],"collection":[{"href":"https:\/\/sarmiento24h.com\/index.php?rest_route=\/wp\/v2\/posts"}],"about":[{"href":"https:\/\/sarmiento24h.com\/index.php?rest_route=\/wp\/v2\/types\/post"}],"author":[{"embeddable":true,"href":"https:\/\/sarmiento24h.com\/index.php?rest_route=\/wp\/v2\/users\/1"}],"replies":[{"embeddable":true,"href":"https:\/\/sarmiento24h.com\/index.php?rest_route=%2Fwp%2Fv2%2Fcomments&post=407413"}],"version-history":[{"count":0,"href":"https:\/\/sarmiento24h.com\/index.php?rest_route=\/wp\/v2\/posts\/407413\/revisions"}],"wp:featuredmedia":[{"embeddable":true,"href":"https:\/\/sarmiento24h.com\/index.php?rest_route=\/wp\/v2\/media\/407414"}],"wp:attachment":[{"href":"https:\/\/sarmiento24h.com\/index.php?rest_route=%2Fwp%2Fv2%2Fmedia&parent=407413"}],"wp:term":[{"taxonomy":"category","embeddable":true,"href":"https:\/\/sarmiento24h.com\/index.php?rest_route=%2Fwp%2Fv2%2Fcategories&post=407413"},{"taxonomy":"post_tag","embeddable":true,"href":"https:\/\/sarmiento24h.com\/index.php?rest_route=%2Fwp%2Fv2%2Ftags&post=407413"}],"curies":[{"name":"wp","href":"https:\/\/api.w.org\/{rel}","templated":true}]}}